{"id":48867,"date":"2026-02-08T08:00:00","date_gmt":"2026-02-08T07:00:00","guid":{"rendered":"https:\/\/filles-de-la-charite.org\/si-nuestro-testimonio-ayuda-aunque-sea-a-una-sola-mujer-seremos-felices\/"},"modified":"2026-02-10T18:38:45","modified_gmt":"2026-02-10T17:38:45","slug":"si-nuestro-testimonio-ayuda-aunque-sea-a-una-sola-mujer-seremos-felices","status":"publish","type":"post","link":"https:\/\/filles-de-la-charite.org\/fr\/si-nuestro-testimonio-ayuda-aunque-sea-a-una-sola-mujer-seremos-felices\/","title":{"rendered":"T\u00e9moigner pour aider les autres"},"content":{"rendered":"\n<p>En lien avec la Journ\u00e9e internationale de pri\u00e8re et de r\u00e9flexion contre la traite des personnes, j\u2019ai d\u00e9cid\u00e9 de parler \u00e0 des femmes accueillies au Centre de jour pour femmes sans domicile et en situation de grande vuln\u00e9rabilit\u00e9, g\u00e9r\u00e9 par la Fondation Mi\u0142osierdzie. J\u2019ai \u00e9t\u00e9 profond\u00e9ment marqu\u00e9e par leur r\u00e9ponse enthousiaste et leur grande ouverture.<\/p>\n\n\n\n<figure class=\"wp-block-image size-large\"><img loading=\"lazy\" decoding=\"async\" width=\"900\" height=\"675\" src=\"https:\/\/filles-de-la-charite.org\/wp-content\/uploads\/2026\/02\/WhatsApp-Image-2026-01-29-at-16.07.44-1-edited.jpeg\" alt=\"\" class=\"wp-image-48758\" srcset=\"https:\/\/filles-de-la-charite.org\/wp-content\/uploads\/2026\/02\/WhatsApp-Image-2026-01-29-at-16.07.44-1-edited.jpeg 900w, https:\/\/filles-de-la-charite.org\/wp-content\/uploads\/2026\/02\/WhatsApp-Image-2026-01-29-at-16.07.44-1-edited-480x360.jpeg 480w\" sizes=\"(min-width: 0px) and (max-width: 480px) 480px, (min-width: 481px) 900px, 100vw\" \/><\/figure>\n\n\n\n<p>Elles n\u2019ont cess\u00e9 de r\u00e9p\u00e9ter que ces dangers doivent \u00eatre abord\u00e9s ouvertement, afin que les jeunes filles et les femmes sachent reconna\u00eetre les signaux d\u2019alerte, identifier les situations \u00e0 risque et v\u00e9rifier avec soin les conditions de toute offre d\u2019emploi. Dans les espaces publics \u2014 gares, parcs \u2014 elles ont souvent crois\u00e9 des recruteurs li\u00e9s \u00e0 des r\u00e9seaux criminels. Il ne s\u2019agissait pas seulement d\u2019hommes, mais aussi de femmes, ou encore de couples se faisant passer pour mari et femme, proposant du travail.La pr\u00e9carit\u00e9 extr\u00eame, la faim et l\u2019absence de logement poussent certaines femmes \u00e0 accepter des offres de travail incertaines, voire \u00e0 tomber dans la prostitution. La peur, la confusion et la tristesse deviennent des failles dont profitent les criminels. Elles ont mis en garde contre les dangers de la rue, rappelant qu\u2019il faut \u00eatre tr\u00e8s prudentes m\u00eame lorsqu\u2019on accepte de la nourriture ou une boisson de personnes inconnues, car certaines femmes ont \u00e9t\u00e9 drogu\u00e9es de cette mani\u00e8re. D\u2019autres personnes proposaient des drogues gratuitement, dans le but de rendre leurs victimes d\u00e9pendantes.<\/p>\n\n\n\n<figure class=\"wp-block-image size-full\"><img loading=\"lazy\" decoding=\"async\" width=\"900\" height=\"675\" src=\"https:\/\/filles-de-la-charite.org\/wp-content\/uploads\/2026\/02\/thumbnail.jpeg\" alt=\"\" class=\"wp-image-48768\" srcset=\"https:\/\/filles-de-la-charite.org\/wp-content\/uploads\/2026\/02\/thumbnail.jpeg 900w, https:\/\/filles-de-la-charite.org\/wp-content\/uploads\/2026\/02\/thumbnail-480x360.jpeg 480w\" sizes=\"(min-width: 0px) and (max-width: 480px) 480px, (min-width: 481px) 900px, 100vw\" \/><\/figure>\n\n\n\n<p>Mme Marianna :<\/p>\n\n\n\n<p>\u00ab Tout a commenc\u00e9 par la danse. J\u2019\u00e9tais danseuse professionnelle, invit\u00e9e \u00e0 des \u00e9v\u00e9nements et \u00e0 des galas. Peu \u00e0 peu, mes employeurs ont exerc\u00e9 sur moi une pression croissante, jusqu\u2019\u00e0 me contraindre \u00e0 la prostitution. Quand j\u2019ai c\u00e9d\u00e9 une premi\u00e8re fois, il n\u2019y eut plus de retour en arri\u00e8re. J\u2019ai tent\u00e9 de me lib\u00e9rer en acceptant une offre de travail en Allemagne, mais c\u2019\u00e9tait un pi\u00e8ge : j\u2019y ai \u00e9t\u00e9 retenue prisonni\u00e8re. Un polonais m\u2019a aid\u00e9e \u00e0 m\u2019\u00e9chapper. Je suis rentr\u00e9e dans un \u00e9tat physique et psychique catastrophique. Un membre de ma famille m\u2019a alors sauv\u00e9e, en organisant une th\u00e9rapie dans une autre ville et en m\u2019aidant \u00e0 y trouver un travail et un logement. \u00bb<\/p>\n\n\n\n<p>Mme Alicja :<\/p>\n\n\n\n<p>\u00ab Un jour, alors que je faisais de l\u2019auto-stop, j\u2019ai \u00e9t\u00e9 enlev\u00e9e par un groupe de Bulgares. Lors d\u2019un arr\u00eat, j\u2019ai r\u00e9ussi \u00e0 me lib\u00e9rer. J\u2019ai lutt\u00e9 pour ma dignit\u00e9, j\u2019ai lutt\u00e9 pour ma vie. J\u2019ai r\u00e9ussi \u00e0 m\u2019\u00e9chapper. Je ne ferai plus jamais de stop. \u00bb<\/p>\n\n\n\n<figure class=\"wp-block-image size-large\"><img loading=\"lazy\" decoding=\"async\" width=\"900\" height=\"675\" src=\"https:\/\/filles-de-la-charite.org\/wp-content\/uploads\/2026\/02\/WhatsApp-Image-2026-01-29-at-16.10.07-edited.jpeg\" alt=\"\" class=\"wp-image-48760\" srcset=\"https:\/\/filles-de-la-charite.org\/wp-content\/uploads\/2026\/02\/WhatsApp-Image-2026-01-29-at-16.10.07-edited.jpeg 900w, https:\/\/filles-de-la-charite.org\/wp-content\/uploads\/2026\/02\/WhatsApp-Image-2026-01-29-at-16.10.07-edited-480x360.jpeg 480w\" sizes=\"(min-width: 0px) and (max-width: 480px) 480px, (min-width: 481px) 900px, 100vw\" \/><\/figure>\n\n\n\n<p>Mme Anna :<\/p>\n\n\n\n<p>\u00ab J\u2019ai \u00e9t\u00e9 kidnapp\u00e9e en faisant de l\u2019auto-stop. Mon ravisseur a point\u00e9 une arme sur ma t\u00eate. Je l\u2019ai suppli\u00e9 de me laisser partir et je lui ai montr\u00e9, sur mon t\u00e9l\u00e9phone, une vid\u00e9o de mon enfant. En entendant les pleurs de l\u2019enfant, il a ouvert la porti\u00e8re et m\u2019a jet\u00e9e hors de la voiture en marche. J\u2019ai surv\u00e9cu. \u00bb<\/p>\n\n\n\n<p>Mme Eleonora :<\/p>\n\n\n\n<p>\u00ab Je travaillais ill\u00e9galement comme femme de m\u00e9nage dans la villa d\u2019une famille. Un homme m\u2019y conduisait et me ramenait apr\u00e8s le travail, mais un jour il a commenc\u00e9 \u00e0 me menacer et \u00e0 me faire des propositions immorales\u2026 J\u2019ai pri\u00e9 comme jamais je ne l\u2019avais fait\u2026 J\u2019ai demand\u00e9 de l\u2019aide \u00e0 mon Ange gardien tout au long du trajet. Lors d\u2019un arr\u00eat, j\u2019ai r\u00e9ussi \u00e0 m\u2019enfuir et je n\u2019y suis jamais retourn\u00e9e. Mon Ange gardien m\u2019a sauv\u00e9e\u2026 \u00bb<\/p>\n\n\n\n<figure class=\"wp-block-image size-large\"><img loading=\"lazy\" decoding=\"async\" width=\"900\" height=\"675\" src=\"https:\/\/filles-de-la-charite.org\/wp-content\/uploads\/2026\/02\/WhatsApp-Image-2026-01-29-at-16.11.13-edited.jpeg\" alt=\"\" class=\"wp-image-48761\" srcset=\"https:\/\/filles-de-la-charite.org\/wp-content\/uploads\/2026\/02\/WhatsApp-Image-2026-01-29-at-16.11.13-edited.jpeg 900w, https:\/\/filles-de-la-charite.org\/wp-content\/uploads\/2026\/02\/WhatsApp-Image-2026-01-29-at-16.11.13-edited-480x360.jpeg 480w\" sizes=\"(min-width: 0px) and (max-width: 480px) 480px, (min-width: 481px) 900px, 100vw\" \/><\/figure>\n\n\n\n<p>Toutes ces femmes s\u2019accordent pour dire qu\u2019apr\u00e8s de telles exp\u00e9riences si traumatisantes, il est tr\u00e8s difficile de faire confiance \u00e0 nouveau, de construire une relation affective ; le traumatisme ressurgit sans cesse. Bien souvent, une th\u00e9rapie de longue dur\u00e9e et un suivi psychiatrique sont n\u00e9cessaires. Elles soulignent l\u2019importance de trouver un lieu s\u00fbr, d\u2019\u00eatre entour\u00e9es de personnes bienveillantes, et de pouvoir vivre dans un espace r\u00e9serv\u00e9 aux femmes. Elles expriment une profonde reconnaissance tant pour l\u2019aide re\u00e7ue dans la recherche d\u2019un travail digne et s\u00fbr que dans la possibilit\u00e9 de t\u00e9moigner. <\/p>\n\n\n\n<figure class=\"wp-block-image size-large\"><img loading=\"lazy\" decoding=\"async\" width=\"900\" height=\"675\" src=\"https:\/\/filles-de-la-charite.org\/wp-content\/uploads\/2026\/02\/WhatsApp-Image-2026-01-29-at-16.11.00-edited-1.jpeg\" alt=\"\" class=\"wp-image-48771\" srcset=\"https:\/\/filles-de-la-charite.org\/wp-content\/uploads\/2026\/02\/WhatsApp-Image-2026-01-29-at-16.11.00-edited-1.jpeg 900w, https:\/\/filles-de-la-charite.org\/wp-content\/uploads\/2026\/02\/WhatsApp-Image-2026-01-29-at-16.11.00-edited-1-480x360.jpeg 480w\" sizes=\"(min-width: 0px) and (max-width: 480px) 480px, (min-width: 481px) 900px, 100vw\" \/><\/figure>\n\n\n\n<p>Elles affirment enfin que si leur t\u00e9moignage peut aider ne serait-ce qu\u2019une seule femme, elles en seront profond\u00e9ment heureuses.<\/p>\n","protected":false},"excerpt":{"rendered":"<p>En lien avec la Journ\u00e9e internationale de pri\u00e8re et de r\u00e9flexion contre la traite des personnes, j\u2019ai d\u00e9cid\u00e9 de parler \u00e0 des femmes accueillies au Centre de jour pour femmes sans domicile et en situation de grande vuln\u00e9rabilit\u00e9, g\u00e9r\u00e9 par la Fondation Mi\u0142osierdzie. J\u2019ai \u00e9t\u00e9 profond\u00e9ment marqu\u00e9e par leur r\u00e9ponse enthousiaste et leur grande ouverture. [&hellip;]<\/p>\n","protected":false},"author":5,"featured_media":48868,"comment_status":"closed","ping_status":"closed","sticky":false,"template":"","format":"standard","meta":{"_acf_changed":false,"_et_pb_use_builder":"","_et_pb_old_content":"","_et_gb_content_width":"","footnotes":"","_links_to":"","_links_to_target":""},"categories":[914],"tags":[],"class_list":["post-48867","post","type-post","status-publish","format-standard","has-post-thumbnail","hentry","category-pologne"],"acf":[],"yoast_head":"<!-- This site is optimized with the Yoast SEO plugin v27.5 - https:\/\/yoast.com\/product\/yoast-seo-wordpress\/ -->\n<title>T\u00e9moigner pour aider les autres - Filles de la Charit\u00e9<\/title>\n<meta name=\"robots\" content=\"index, follow, max-snippet:-1, max-image-preview:large, max-video-preview:-1\" \/>\n<link rel=\"canonical\" href=\"https:\/\/filles-de-la-charite.org\/fr\/si-nuestro-testimonio-ayuda-aunque-sea-a-una-sola-mujer-seremos-felices\/\" \/>\n<meta property=\"og:locale\" content=\"fr_FR\" \/>\n<meta property=\"og:type\" content=\"article\" \/>\n<meta property=\"og:title\" content=\"T\u00e9moigner pour aider les autres - Filles de la Charit\u00e9\" \/>\n<meta property=\"og:description\" content=\"En lien avec la Journ\u00e9e internationale de pri\u00e8re et de r\u00e9flexion contre la traite des personnes, j\u2019ai d\u00e9cid\u00e9 de parler \u00e0 des femmes accueillies au Centre de jour pour femmes sans domicile et en situation de grande vuln\u00e9rabilit\u00e9, g\u00e9r\u00e9 par la Fondation Mi\u0142osierdzie. J\u2019ai \u00e9t\u00e9 profond\u00e9ment marqu\u00e9e par leur r\u00e9ponse enthousiaste et leur grande ouverture. [&hellip;]\" \/>\n<meta property=\"og:url\" content=\"https:\/\/filles-de-la-charite.org\/fr\/si-nuestro-testimonio-ayuda-aunque-sea-a-una-sola-mujer-seremos-felices\/\" \/>\n<meta property=\"og:site_name\" content=\"Filles de la Charit\u00e9\" \/>\n<meta property=\"article:published_time\" content=\"2026-02-08T07:00:00+00:00\" \/>\n<meta property=\"article:modified_time\" content=\"2026-02-10T17:38:45+00:00\" \/>\n<meta property=\"og:image\" content=\"https:\/\/filles-de-la-charite.org\/wp-content\/uploads\/2026\/02\/WhatsApp-Image-2026-01-29-at-16.07.54.jpeg\" \/>\n\t<meta property=\"og:image:width\" content=\"1600\" \/>\n\t<meta property=\"og:image:height\" content=\"900\" \/>\n\t<meta property=\"og:image:type\" content=\"image\/jpeg\" \/>\n<meta name=\"author\" content=\"SOR MARTA\" \/>\n<meta name=\"twitter:card\" content=\"summary_large_image\" \/>\n<meta name=\"twitter:label1\" content=\"\u00c9crit par\" \/>\n\t<meta name=\"twitter:data1\" content=\"SOR MARTA\" \/>\n\t<meta name=\"twitter:label2\" content=\"Dur\u00e9e de lecture estim\u00e9e\" \/>\n\t<meta name=\"twitter:data2\" content=\"4 minutes\" \/>\n<script type=\"application\/ld+json\" class=\"yoast-schema-graph\">{\"@context\":\"https:\\\/\\\/schema.org\",\"@graph\":[{\"@type\":\"Article\",\"@id\":\"https:\\\/\\\/filles-de-la-charite.org\\\/fr\\\/si-nuestro-testimonio-ayuda-aunque-sea-a-una-sola-mujer-seremos-felices\\\/#article\",\"isPartOf\":{\"@id\":\"https:\\\/\\\/filles-de-la-charite.org\\\/fr\\\/si-nuestro-testimonio-ayuda-aunque-sea-a-una-sola-mujer-seremos-felices\\\/\"},\"author\":{\"name\":\"SOR MARTA\",\"@id\":\"https:\\\/\\\/filles-de-la-charite.org\\\/fr\\\/#\\\/schema\\\/person\\\/0c922b6ca71280639858d297b3a7209f\"},\"headline\":\"T\u00e9moigner pour aider les autres\",\"datePublished\":\"2026-02-08T07:00:00+00:00\",\"dateModified\":\"2026-02-10T17:38:45+00:00\",\"mainEntityOfPage\":{\"@id\":\"https:\\\/\\\/filles-de-la-charite.org\\\/fr\\\/si-nuestro-testimonio-ayuda-aunque-sea-a-una-sola-mujer-seremos-felices\\\/\"},\"wordCount\":749,\"publisher\":{\"@id\":\"https:\\\/\\\/filles-de-la-charite.org\\\/fr\\\/#organization\"},\"image\":{\"@id\":\"https:\\\/\\\/filles-de-la-charite.org\\\/fr\\\/si-nuestro-testimonio-ayuda-aunque-sea-a-una-sola-mujer-seremos-felices\\\/#primaryimage\"},\"thumbnailUrl\":\"https:\\\/\\\/filles-de-la-charite.org\\\/wp-content\\\/uploads\\\/2026\\\/02\\\/WhatsApp-Image-2026-01-29-at-16.07.54.jpeg\",\"articleSection\":[\"Pologne\"],\"inLanguage\":\"fr-FR\"},{\"@type\":\"WebPage\",\"@id\":\"https:\\\/\\\/filles-de-la-charite.org\\\/fr\\\/si-nuestro-testimonio-ayuda-aunque-sea-a-una-sola-mujer-seremos-felices\\\/\",\"url\":\"https:\\\/\\\/filles-de-la-charite.org\\\/fr\\\/si-nuestro-testimonio-ayuda-aunque-sea-a-una-sola-mujer-seremos-felices\\\/\",\"name\":\"T\u00e9moigner pour aider les autres - Filles de la Charit\u00e9\",\"isPartOf\":{\"@id\":\"https:\\\/\\\/filles-de-la-charite.org\\\/fr\\\/#website\"},\"primaryImageOfPage\":{\"@id\":\"https:\\\/\\\/filles-de-la-charite.org\\\/fr\\\/si-nuestro-testimonio-ayuda-aunque-sea-a-una-sola-mujer-seremos-felices\\\/#primaryimage\"},\"image\":{\"@id\":\"https:\\\/\\\/filles-de-la-charite.org\\\/fr\\\/si-nuestro-testimonio-ayuda-aunque-sea-a-una-sola-mujer-seremos-felices\\\/#primaryimage\"},\"thumbnailUrl\":\"https:\\\/\\\/filles-de-la-charite.org\\\/wp-content\\\/uploads\\\/2026\\\/02\\\/WhatsApp-Image-2026-01-29-at-16.07.54.jpeg\",\"datePublished\":\"2026-02-08T07:00:00+00:00\",\"dateModified\":\"2026-02-10T17:38:45+00:00\",\"breadcrumb\":{\"@id\":\"https:\\\/\\\/filles-de-la-charite.org\\\/fr\\\/si-nuestro-testimonio-ayuda-aunque-sea-a-una-sola-mujer-seremos-felices\\\/#breadcrumb\"},\"inLanguage\":\"fr-FR\",\"potentialAction\":[{\"@type\":\"ReadAction\",\"target\":[\"https:\\\/\\\/filles-de-la-charite.org\\\/fr\\\/si-nuestro-testimonio-ayuda-aunque-sea-a-una-sola-mujer-seremos-felices\\\/\"]}]},{\"@type\":\"ImageObject\",\"inLanguage\":\"fr-FR\",\"@id\":\"https:\\\/\\\/filles-de-la-charite.org\\\/fr\\\/si-nuestro-testimonio-ayuda-aunque-sea-a-una-sola-mujer-seremos-felices\\\/#primaryimage\",\"url\":\"https:\\\/\\\/filles-de-la-charite.org\\\/wp-content\\\/uploads\\\/2026\\\/02\\\/WhatsApp-Image-2026-01-29-at-16.07.54.jpeg\",\"contentUrl\":\"https:\\\/\\\/filles-de-la-charite.org\\\/wp-content\\\/uploads\\\/2026\\\/02\\\/WhatsApp-Image-2026-01-29-at-16.07.54.jpeg\",\"width\":1600,\"height\":900},{\"@type\":\"BreadcrumbList\",\"@id\":\"https:\\\/\\\/filles-de-la-charite.org\\\/fr\\\/si-nuestro-testimonio-ayuda-aunque-sea-a-una-sola-mujer-seremos-felices\\\/#breadcrumb\",\"itemListElement\":[{\"@type\":\"ListItem\",\"position\":1,\"name\":\"Pologne\",\"item\":\"https:\\\/\\\/filles-de-la-charite.org\\\/fr\\\/category\\\/pologne\\\/\"},{\"@type\":\"ListItem\",\"position\":2,\"name\":\"T\u00e9moigner pour aider les autres\"}]},{\"@type\":\"WebSite\",\"@id\":\"https:\\\/\\\/filles-de-la-charite.org\\\/fr\\\/#website\",\"url\":\"https:\\\/\\\/filles-de-la-charite.org\\\/fr\\\/\",\"name\":\"Hijas de la Caridad\",\"description\":\"L\u2019amour de J\u00e9sus nous presse \u00e0 prendre soin des personnes les plus d\u00e9munies\",\"publisher\":{\"@id\":\"https:\\\/\\\/filles-de-la-charite.org\\\/fr\\\/#organization\"},\"potentialAction\":[{\"@type\":\"SearchAction\",\"target\":{\"@type\":\"EntryPoint\",\"urlTemplate\":\"https:\\\/\\\/filles-de-la-charite.org\\\/fr\\\/?s={search_term_string}\"},\"query-input\":{\"@type\":\"PropertyValueSpecification\",\"valueRequired\":true,\"valueName\":\"search_term_string\"}}],\"inLanguage\":\"fr-FR\"},{\"@type\":\"Organization\",\"@id\":\"https:\\\/\\\/filles-de-la-charite.org\\\/fr\\\/#organization\",\"name\":\"Hijas de la Caridad\",\"url\":\"https:\\\/\\\/filles-de-la-charite.org\\\/fr\\\/\",\"logo\":{\"@type\":\"ImageObject\",\"inLanguage\":\"fr-FR\",\"@id\":\"https:\\\/\\\/filles-de-la-charite.org\\\/fr\\\/#\\\/schema\\\/logo\\\/image\\\/\",\"url\":\"https:\\\/\\\/filles-de-la-charite.org\\\/wp-content\\\/uploads\\\/2023\\\/03\\\/isotipo-Hijas-de-la-Caridad.png\",\"contentUrl\":\"https:\\\/\\\/filles-de-la-charite.org\\\/wp-content\\\/uploads\\\/2023\\\/03\\\/isotipo-Hijas-de-la-Caridad.png\",\"width\":1417,\"height\":1417,\"caption\":\"Hijas de la Caridad\"},\"image\":{\"@id\":\"https:\\\/\\\/filles-de-la-charite.org\\\/fr\\\/#\\\/schema\\\/logo\\\/image\\\/\"}},{\"@type\":\"Person\",\"@id\":\"https:\\\/\\\/filles-de-la-charite.org\\\/fr\\\/#\\\/schema\\\/person\\\/0c922b6ca71280639858d297b3a7209f\",\"name\":\"SOR MARTA\",\"image\":{\"@type\":\"ImageObject\",\"inLanguage\":\"fr-FR\",\"@id\":\"https:\\\/\\\/secure.gravatar.com\\\/avatar\\\/d2c45b0fd6bf2d3e2670ab3d112257c24ac80fa960360bba1bdc0676485d1d09?s=96&d=mm&r=g\",\"url\":\"https:\\\/\\\/secure.gravatar.com\\\/avatar\\\/d2c45b0fd6bf2d3e2670ab3d112257c24ac80fa960360bba1bdc0676485d1d09?s=96&d=mm&r=g\",\"contentUrl\":\"https:\\\/\\\/secure.gravatar.com\\\/avatar\\\/d2c45b0fd6bf2d3e2670ab3d112257c24ac80fa960360bba1bdc0676485d1d09?s=96&d=mm&r=g\",\"caption\":\"SOR MARTA\"},\"url\":\"https:\\\/\\\/filles-de-la-charite.org\\\/fr\\\/author\\\/martaemn\\\/\"}]}<\/script>\n<!-- \/ Yoast SEO plugin. -->","yoast_head_json":{"title":"T\u00e9moigner pour aider les autres - Filles de la Charit\u00e9","robots":{"index":"index","follow":"follow","max-snippet":"max-snippet:-1","max-image-preview":"max-image-preview:large","max-video-preview":"max-video-preview:-1"},"canonical":"https:\/\/filles-de-la-charite.org\/fr\/si-nuestro-testimonio-ayuda-aunque-sea-a-una-sola-mujer-seremos-felices\/","og_locale":"fr_FR","og_type":"article","og_title":"T\u00e9moigner pour aider les autres - Filles de la Charit\u00e9","og_description":"En lien avec la Journ\u00e9e internationale de pri\u00e8re et de r\u00e9flexion contre la traite des personnes, j\u2019ai d\u00e9cid\u00e9 de parler \u00e0 des femmes accueillies au Centre de jour pour femmes sans domicile et en situation de grande vuln\u00e9rabilit\u00e9, g\u00e9r\u00e9 par la Fondation Mi\u0142osierdzie. J\u2019ai \u00e9t\u00e9 profond\u00e9ment marqu\u00e9e par leur r\u00e9ponse enthousiaste et leur grande ouverture. [&hellip;]","og_url":"https:\/\/filles-de-la-charite.org\/fr\/si-nuestro-testimonio-ayuda-aunque-sea-a-una-sola-mujer-seremos-felices\/","og_site_name":"Filles de la Charit\u00e9","article_published_time":"2026-02-08T07:00:00+00:00","article_modified_time":"2026-02-10T17:38:45+00:00","og_image":[{"width":1600,"height":900,"url":"https:\/\/filles-de-la-charite.org\/wp-content\/uploads\/2026\/02\/WhatsApp-Image-2026-01-29-at-16.07.54.jpeg","type":"image\/jpeg"}],"author":"SOR MARTA","twitter_card":"summary_large_image","twitter_misc":{"\u00c9crit par":"SOR MARTA","Dur\u00e9e de lecture estim\u00e9e":"4 minutes"},"schema":{"@context":"https:\/\/schema.org","@graph":[{"@type":"Article","@id":"https:\/\/filles-de-la-charite.org\/fr\/si-nuestro-testimonio-ayuda-aunque-sea-a-una-sola-mujer-seremos-felices\/#article","isPartOf":{"@id":"https:\/\/filles-de-la-charite.org\/fr\/si-nuestro-testimonio-ayuda-aunque-sea-a-una-sola-mujer-seremos-felices\/"},"author":{"name":"SOR MARTA","@id":"https:\/\/filles-de-la-charite.org\/fr\/#\/schema\/person\/0c922b6ca71280639858d297b3a7209f"},"headline":"T\u00e9moigner pour aider les autres","datePublished":"2026-02-08T07:00:00+00:00","dateModified":"2026-02-10T17:38:45+00:00","mainEntityOfPage":{"@id":"https:\/\/filles-de-la-charite.org\/fr\/si-nuestro-testimonio-ayuda-aunque-sea-a-una-sola-mujer-seremos-felices\/"},"wordCount":749,"publisher":{"@id":"https:\/\/filles-de-la-charite.org\/fr\/#organization"},"image":{"@id":"https:\/\/filles-de-la-charite.org\/fr\/si-nuestro-testimonio-ayuda-aunque-sea-a-una-sola-mujer-seremos-felices\/#primaryimage"},"thumbnailUrl":"https:\/\/filles-de-la-charite.org\/wp-content\/uploads\/2026\/02\/WhatsApp-Image-2026-01-29-at-16.07.54.jpeg","articleSection":["Pologne"],"inLanguage":"fr-FR"},{"@type":"WebPage","@id":"https:\/\/filles-de-la-charite.org\/fr\/si-nuestro-testimonio-ayuda-aunque-sea-a-una-sola-mujer-seremos-felices\/","url":"https:\/\/filles-de-la-charite.org\/fr\/si-nuestro-testimonio-ayuda-aunque-sea-a-una-sola-mujer-seremos-felices\/","name":"T\u00e9moigner pour aider les autres - Filles de la Charit\u00e9","isPartOf":{"@id":"https:\/\/filles-de-la-charite.org\/fr\/#website"},"primaryImageOfPage":{"@id":"https:\/\/filles-de-la-charite.org\/fr\/si-nuestro-testimonio-ayuda-aunque-sea-a-una-sola-mujer-seremos-felices\/#primaryimage"},"image":{"@id":"https:\/\/filles-de-la-charite.org\/fr\/si-nuestro-testimonio-ayuda-aunque-sea-a-una-sola-mujer-seremos-felices\/#primaryimage"},"thumbnailUrl":"https:\/\/filles-de-la-charite.org\/wp-content\/uploads\/2026\/02\/WhatsApp-Image-2026-01-29-at-16.07.54.jpeg","datePublished":"2026-02-08T07:00:00+00:00","dateModified":"2026-02-10T17:38:45+00:00","breadcrumb":{"@id":"https:\/\/filles-de-la-charite.org\/fr\/si-nuestro-testimonio-ayuda-aunque-sea-a-una-sola-mujer-seremos-felices\/#breadcrumb"},"inLanguage":"fr-FR","potentialAction":[{"@type":"ReadAction","target":["https:\/\/filles-de-la-charite.org\/fr\/si-nuestro-testimonio-ayuda-aunque-sea-a-una-sola-mujer-seremos-felices\/"]}]},{"@type":"ImageObject","inLanguage":"fr-FR","@id":"https:\/\/filles-de-la-charite.org\/fr\/si-nuestro-testimonio-ayuda-aunque-sea-a-una-sola-mujer-seremos-felices\/#primaryimage","url":"https:\/\/filles-de-la-charite.org\/wp-content\/uploads\/2026\/02\/WhatsApp-Image-2026-01-29-at-16.07.54.jpeg","contentUrl":"https:\/\/filles-de-la-charite.org\/wp-content\/uploads\/2026\/02\/WhatsApp-Image-2026-01-29-at-16.07.54.jpeg","width":1600,"height":900},{"@type":"BreadcrumbList","@id":"https:\/\/filles-de-la-charite.org\/fr\/si-nuestro-testimonio-ayuda-aunque-sea-a-una-sola-mujer-seremos-felices\/#breadcrumb","itemListElement":[{"@type":"ListItem","position":1,"name":"Pologne","item":"https:\/\/filles-de-la-charite.org\/fr\/category\/pologne\/"},{"@type":"ListItem","position":2,"name":"T\u00e9moigner pour aider les autres"}]},{"@type":"WebSite","@id":"https:\/\/filles-de-la-charite.org\/fr\/#website","url":"https:\/\/filles-de-la-charite.org\/fr\/","name":"Hijas de la Caridad","description":"L\u2019amour de J\u00e9sus nous presse \u00e0 prendre soin des personnes les plus d\u00e9munies","publisher":{"@id":"https:\/\/filles-de-la-charite.org\/fr\/#organization"},"potentialAction":[{"@type":"SearchAction","target":{"@type":"EntryPoint","urlTemplate":"https:\/\/filles-de-la-charite.org\/fr\/?s={search_term_string}"},"query-input":{"@type":"PropertyValueSpecification","valueRequired":true,"valueName":"search_term_string"}}],"inLanguage":"fr-FR"},{"@type":"Organization","@id":"https:\/\/filles-de-la-charite.org\/fr\/#organization","name":"Hijas de la Caridad","url":"https:\/\/filles-de-la-charite.org\/fr\/","logo":{"@type":"ImageObject","inLanguage":"fr-FR","@id":"https:\/\/filles-de-la-charite.org\/fr\/#\/schema\/logo\/image\/","url":"https:\/\/filles-de-la-charite.org\/wp-content\/uploads\/2023\/03\/isotipo-Hijas-de-la-Caridad.png","contentUrl":"https:\/\/filles-de-la-charite.org\/wp-content\/uploads\/2023\/03\/isotipo-Hijas-de-la-Caridad.png","width":1417,"height":1417,"caption":"Hijas de la Caridad"},"image":{"@id":"https:\/\/filles-de-la-charite.org\/fr\/#\/schema\/logo\/image\/"}},{"@type":"Person","@id":"https:\/\/filles-de-la-charite.org\/fr\/#\/schema\/person\/0c922b6ca71280639858d297b3a7209f","name":"SOR MARTA","image":{"@type":"ImageObject","inLanguage":"fr-FR","@id":"https:\/\/secure.gravatar.com\/avatar\/d2c45b0fd6bf2d3e2670ab3d112257c24ac80fa960360bba1bdc0676485d1d09?s=96&d=mm&r=g","url":"https:\/\/secure.gravatar.com\/avatar\/d2c45b0fd6bf2d3e2670ab3d112257c24ac80fa960360bba1bdc0676485d1d09?s=96&d=mm&r=g","contentUrl":"https:\/\/secure.gravatar.com\/avatar\/d2c45b0fd6bf2d3e2670ab3d112257c24ac80fa960360bba1bdc0676485d1d09?s=96&d=mm&r=g","caption":"SOR MARTA"},"url":"https:\/\/filles-de-la-charite.org\/fr\/author\/martaemn\/"}]}},"_links":{"self":[{"href":"https:\/\/filles-de-la-charite.org\/fr\/wp-json\/wp\/v2\/posts\/48867","targetHints":{"allow":["GET"]}}],"collection":[{"href":"https:\/\/filles-de-la-charite.org\/fr\/wp-json\/wp\/v2\/posts"}],"about":[{"href":"https:\/\/filles-de-la-charite.org\/fr\/wp-json\/wp\/v2\/types\/post"}],"author":[{"embeddable":true,"href":"https:\/\/filles-de-la-charite.org\/fr\/wp-json\/wp\/v2\/users\/5"}],"replies":[{"embeddable":true,"href":"https:\/\/filles-de-la-charite.org\/fr\/wp-json\/wp\/v2\/comments?post=48867"}],"version-history":[{"count":1,"href":"https:\/\/filles-de-la-charite.org\/fr\/wp-json\/wp\/v2\/posts\/48867\/revisions"}],"predecessor-version":[{"id":48875,"href":"https:\/\/filles-de-la-charite.org\/fr\/wp-json\/wp\/v2\/posts\/48867\/revisions\/48875"}],"wp:featuredmedia":[{"embeddable":true,"href":"https:\/\/filles-de-la-charite.org\/fr\/wp-json\/wp\/v2\/media\/48868"}],"wp:attachment":[{"href":"https:\/\/filles-de-la-charite.org\/fr\/wp-json\/wp\/v2\/media?parent=48867"}],"wp:term":[{"taxonomy":"category","embeddable":true,"href":"https:\/\/filles-de-la-charite.org\/fr\/wp-json\/wp\/v2\/categories?post=48867"},{"taxonomy":"post_tag","embeddable":true,"href":"https:\/\/filles-de-la-charite.org\/fr\/wp-json\/wp\/v2\/tags?post=48867"}],"curies":[{"name":"wp","href":"https:\/\/api.w.org\/{rel}","templated":true}]}}