{"id":48904,"date":"2026-02-12T14:00:00","date_gmt":"2026-02-12T13:00:00","guid":{"rendered":"https:\/\/filles-de-la-charite.org\/?p=48904"},"modified":"2026-02-11T20:29:47","modified_gmt":"2026-02-11T19:29:47","slug":"esperanza-que-abraza-la-casa-de-acogida-sor-rosalia-rendu","status":"publish","type":"post","link":"https:\/\/filles-de-la-charite.org\/fr\/esperanza-que-abraza-la-casa-de-acogida-sor-rosalia-rendu\/","title":{"rendered":"Une esp\u00e9rance qui embrasse"},"content":{"rendered":"\n<h4 class=\"wp-block-heading\">La Maison d&rsquo;accueil S\u0153ur Rosalie Rendu au P\u00e9rou<\/h4>\n\n\n\n<p>\u00ab<strong><em>\u202fLa traite des \u00eatres humains est une plaie sur le corps de l&rsquo;humanit\u00e9 contemporaine, une plaie sur la chair du Christ<\/em><\/strong>\u202f\u00bb (Pape Fran\u00e7ois).<\/p>\n\n\n\n<p>Depuis mars 2023, ann\u00e9e jubilaire des 400 ans de la Lumi\u00e8re de la Pentec\u00f4te, le Seigneur nous a providentiellement plac\u00e9es devant un service risqu\u00e9 et audacieux. Nous avons relev\u00e9 ce d\u00e9fi, convaincues que la vie consacr\u00e9e doit \u00eatre \u00ab\u202fl\u00e0 o\u00f9 la vie crie\u202f\u00bb et que nous devons \u00eatre \u00ab\u202fdes femmes samaritaines au bord du chemin, attentives \u00e0 \u00e9couter et \u00e0 soigner les blessures\u202f\u00bb.<\/p>\n\n\n\n<p>Nous avons commenc\u00e9 cette aventure de service en accueillant une maman v\u00e9n\u00e9zu\u00e9lienne enceinte, \u00e2g\u00e9e de 22 ans, victime de la traite \u00e0 des fins d&rsquo;exploitation sexuelle, dont le b\u00e9b\u00e9 avait d\u00e9j\u00e0 \u00e9t\u00e9 vendu par l&rsquo;organisation criminelle. Elle avait v\u00e9cu des exp\u00e9riences indescriptibles et avait assist\u00e9 \u00e0 la mort d&rsquo;une amie qui, ne pouvant supporter une telle pression, s&rsquo;\u00e9tait pendue dans la salle de bain. Son immense douleur et sa culpabilit\u00e9 venaient du fait qu&rsquo;elle n&rsquo;avait rien pu faire pour sauver son amie. Apr\u00e8s trois mois pass\u00e9s dans notre maison, elle a heureusement pu retourner dans son pays. Nous avons pu coordonner son retour avec nos S\u0153urs du Venezuela, qui ont accueilli et pris soin de cette femme et de sa famille.<\/p>\n\n\n\n<p>Nous accueillons et accompagnons de nombreuses histoires douloureuses. Nous sommes convaincues que Dieu compte sur nous pour soulager la douleur de ces femmes dont la dignit\u00e9 a \u00e9t\u00e9 totalement bafou\u00e9e. Ici, elles retrouvent un peu d&rsquo;espoir apr\u00e8s tant de souffrances. C&rsquo;est J\u00e9sus-Christ, notre mod\u00e8le de compassion et de mis\u00e9ricorde, qui nous inspire et nous pousse \u00e0 embrasser ce service.<\/p>\n\n\n\n<figure class=\"wp-block-image size-large\"><img loading=\"lazy\" decoding=\"async\" width=\"1024\" height=\"773\" src=\"https:\/\/filles-de-la-charite.org\/wp-content\/uploads\/2026\/02\/WhatsApp-Image-2026-02-10-at-12.06.45-1024x773.jpeg\" alt=\"\" class=\"wp-image-48899\" srcset=\"https:\/\/filles-de-la-charite.org\/wp-content\/uploads\/2026\/02\/WhatsApp-Image-2026-02-10-at-12.06.45-1024x773.jpeg 1024w, https:\/\/filles-de-la-charite.org\/wp-content\/uploads\/2026\/02\/WhatsApp-Image-2026-02-10-at-12.06.45-980x740.jpeg 980w, https:\/\/filles-de-la-charite.org\/wp-content\/uploads\/2026\/02\/WhatsApp-Image-2026-02-10-at-12.06.45-480x362.jpeg 480w\" sizes=\"(min-width: 0px) and (max-width: 480px) 480px, (min-width: 481px) and (max-width: 980px) 980px, (min-width: 981px) 1024px, 100vw\" \/><\/figure>\n\n\n\n<p><strong>Accueillir \u2013 Accompagner \u2013 Autonomiser<\/strong> : redonner \u00e0 nos s\u0153urs, dont la dignit\u00e9 a \u00e9t\u00e9 bafou\u00e9e, les moyens de reprendre leur vie en main, telle est notre mission, tout en \u00e9tant conscientes qu&rsquo;il s&rsquo;agit d&rsquo;un service qui exige \u00e0 la fois prudence et audace. Nous accueillons les personnes qui nous sont confi\u00e9es par les services publics. Comme l&rsquo;aubergiste de la parabole du Bon Samaritain, nous avons pour mission de \u00ab\u202fprendre soin de la vie bless\u00e9e\u202f\u00bb de nos s\u0153urs qui ont tant souffert, comme cette jeune Colombienne de 22 ans, arriv\u00e9e chez nous avec douze blessures par balle sur le corps : \u00ab\u202fPrendre soin et accompagner, telle est notre mission.\u202f\u00bb<\/p>\n\n\n\n<p>Chaque femme est une image vivante du Christ souffrant parmi nous. Le foyer est une oasis d\u2019esp\u00e9rance, un espace de gu\u00e9rison o\u00f9, gr\u00e2ce \u00e0 une prise en charge holistique, les femmes apprennent \u00e0 croire en elles-m\u00eames, \u00e0 s\u2019aimer et \u00e0 s\u2019appr\u00e9cier en tant que cr\u00e9atures aim\u00e9es de Dieu. Nous le faisons avec un profond respect, dans l\u2019\u00e9coute et avec mis\u00e9ricorde. Elles sont de v\u00e9ritables t\u00e9moins de r\u00e9silience, car m\u00eame dans la douleur la plus profonde, elles ne cessent jamais de sourire.<\/p>\n\n\n\n<figure class=\"wp-block-image size-large\"><img loading=\"lazy\" decoding=\"async\" width=\"1024\" height=\"681\" src=\"https:\/\/filles-de-la-charite.org\/wp-content\/uploads\/2026\/02\/WhatsApp-Image-2026-02-10-at-12.06.47-1-1024x681.jpeg\" alt=\"\" class=\"wp-image-48898\" srcset=\"https:\/\/filles-de-la-charite.org\/wp-content\/uploads\/2026\/02\/WhatsApp-Image-2026-02-10-at-12.06.47-1-1024x681.jpeg 1024w, https:\/\/filles-de-la-charite.org\/wp-content\/uploads\/2026\/02\/WhatsApp-Image-2026-02-10-at-12.06.47-1-980x652.jpeg 980w, https:\/\/filles-de-la-charite.org\/wp-content\/uploads\/2026\/02\/WhatsApp-Image-2026-02-10-at-12.06.47-1-480x319.jpeg 480w\" sizes=\"(min-width: 0px) and (max-width: 480px) 480px, (min-width: 481px) and (max-width: 980px) 980px, (min-width: 981px) 1024px, 100vw\" \/><\/figure>\n\n\n\n<p>Ce service est rendu possible gr\u00e2ce \u00e0 la collaboration de nombreuses organisations qui, de diff\u00e9rentes mani\u00e8res, ont soutenu et continuent de soutenir cette initiative : <strong>RED KAWSAY<\/strong> (R\u00e9seau de la vie consacr\u00e9e pour une soci\u00e9t\u00e9 sans traite \u2013 P\u00e9rou) \u2013 <strong>R\u00e9seau international Talitha Kum<\/strong> \u2013 <strong>Congr\u00e9gation de la Mission<\/strong> \u2013 <strong>OIM<\/strong> \u2013 <strong>HCR<\/strong> \u2013 <strong>OUR RESCUE<\/strong> \u2013 <strong>Minist\u00e8re public<\/strong>.<\/p>\n\n\n\n<p>Je vous invite \u00e0 garder ces femmes dans vos c\u0153urs et vos pri\u00e8res, et \u00e0 marcher avec nous, o\u00f9 que vous soyez, dans cette mission commune de gu\u00e9rison, de justice et d\u2019esp\u00e9rance.<\/p>\n\n\n\n<p>Que sainte Jos\u00e9phine Bakhita nous donne la force de continuer \u00e0 lutter pour une soci\u00e9t\u00e9 sans traite des \u00eatres humains. Nous lui confions chacune des femmes qui ont surv\u00e9cu \u00e0 ce fl\u00e9au, ainsi que celles qui sont encore victimes de l&rsquo;esclavage.<\/p>\n","protected":false},"excerpt":{"rendered":"<p>La Maison d&rsquo;accueil S\u0153ur Rosalie Rendu au P\u00e9rou \u00ab\u202fLa traite des \u00eatres humains est une plaie sur le corps de l&rsquo;humanit\u00e9 contemporaine, une plaie sur la chair du Christ\u202f\u00bb (Pape Fran\u00e7ois). Depuis mars 2023, ann\u00e9e jubilaire des 400 ans de la Lumi\u00e8re de la Pentec\u00f4te, le Seigneur nous a providentiellement plac\u00e9es devant un service risqu\u00e9 [&hellip;]<\/p>\n","protected":false},"author":5,"featured_media":48905,"comment_status":"closed","ping_status":"closed","sticky":false,"template":"","format":"standard","meta":{"_acf_changed":false,"_et_pb_use_builder":"","_et_pb_old_content":"","_et_gb_content_width":"","footnotes":"","_links_to":"","_links_to_target":""},"categories":[927],"tags":[],"class_list":["post-48904","post","type-post","status-publish","format-standard","has-post-thumbnail","hentry","category-perou"],"acf":[],"yoast_head":"<!-- This site is optimized with the Yoast SEO plugin v27.5 - https:\/\/yoast.com\/product\/yoast-seo-wordpress\/ -->\n<title>Une esp\u00e9rance qui embrasse - Filles de la Charit\u00e9<\/title>\n<meta name=\"robots\" content=\"index, follow, max-snippet:-1, max-image-preview:large, max-video-preview:-1\" \/>\n<link rel=\"canonical\" href=\"https:\/\/filles-de-la-charite.org\/fr\/esperanza-que-abraza-la-casa-de-acogida-sor-rosalia-rendu\/\" \/>\n<meta property=\"og:locale\" content=\"fr_FR\" \/>\n<meta property=\"og:type\" content=\"article\" \/>\n<meta property=\"og:title\" content=\"Une esp\u00e9rance qui embrasse - Filles de la Charit\u00e9\" \/>\n<meta property=\"og:description\" content=\"La Maison d&rsquo;accueil S\u0153ur Rosalie Rendu au P\u00e9rou \u00ab\u202fLa traite des \u00eatres humains est une plaie sur le corps de l&rsquo;humanit\u00e9 contemporaine, une plaie sur la chair du Christ\u202f\u00bb (Pape Fran\u00e7ois). Depuis mars 2023, ann\u00e9e jubilaire des 400 ans de la Lumi\u00e8re de la Pentec\u00f4te, le Seigneur nous a providentiellement plac\u00e9es devant un service risqu\u00e9 [&hellip;]\" \/>\n<meta property=\"og:url\" content=\"https:\/\/filles-de-la-charite.org\/fr\/esperanza-que-abraza-la-casa-de-acogida-sor-rosalia-rendu\/\" \/>\n<meta property=\"og:site_name\" content=\"Filles de la Charit\u00e9\" \/>\n<meta property=\"article:published_time\" content=\"2026-02-12T13:00:00+00:00\" \/>\n<meta property=\"og:image\" content=\"https:\/\/filles-de-la-charite.org\/wp-content\/uploads\/2026\/02\/WhatsApp-Image-2026-02-10-at-12.06.46.jpeg\" \/>\n\t<meta property=\"og:image:width\" content=\"960\" \/>\n\t<meta property=\"og:image:height\" content=\"1280\" \/>\n\t<meta property=\"og:image:type\" content=\"image\/jpeg\" \/>\n<meta name=\"author\" content=\"SOR MARTA\" \/>\n<meta name=\"twitter:card\" content=\"summary_large_image\" \/>\n<meta name=\"twitter:label1\" content=\"\u00c9crit par\" \/>\n\t<meta name=\"twitter:data1\" content=\"SOR MARTA\" \/>\n\t<meta name=\"twitter:label2\" content=\"Dur\u00e9e de lecture estim\u00e9e\" \/>\n\t<meta name=\"twitter:data2\" content=\"4 minutes\" \/>\n<script type=\"application\/ld+json\" class=\"yoast-schema-graph\">{\"@context\":\"https:\\\/\\\/schema.org\",\"@graph\":[{\"@type\":\"Article\",\"@id\":\"https:\\\/\\\/filles-de-la-charite.org\\\/fr\\\/esperanza-que-abraza-la-casa-de-acogida-sor-rosalia-rendu\\\/#article\",\"isPartOf\":{\"@id\":\"https:\\\/\\\/filles-de-la-charite.org\\\/fr\\\/esperanza-que-abraza-la-casa-de-acogida-sor-rosalia-rendu\\\/\"},\"author\":{\"name\":\"SOR MARTA\",\"@id\":\"https:\\\/\\\/filles-de-la-charite.org\\\/fr\\\/#\\\/schema\\\/person\\\/0c922b6ca71280639858d297b3a7209f\"},\"headline\":\"Une esp\u00e9rance qui embrasse\",\"datePublished\":\"2026-02-12T13:00:00+00:00\",\"mainEntityOfPage\":{\"@id\":\"https:\\\/\\\/filles-de-la-charite.org\\\/fr\\\/esperanza-que-abraza-la-casa-de-acogida-sor-rosalia-rendu\\\/\"},\"wordCount\":650,\"publisher\":{\"@id\":\"https:\\\/\\\/filles-de-la-charite.org\\\/fr\\\/#organization\"},\"image\":{\"@id\":\"https:\\\/\\\/filles-de-la-charite.org\\\/fr\\\/esperanza-que-abraza-la-casa-de-acogida-sor-rosalia-rendu\\\/#primaryimage\"},\"thumbnailUrl\":\"https:\\\/\\\/filles-de-la-charite.org\\\/wp-content\\\/uploads\\\/2026\\\/02\\\/WhatsApp-Image-2026-02-10-at-12.06.46.jpeg\",\"articleSection\":[\"P\u00e9rou\"],\"inLanguage\":\"fr-FR\"},{\"@type\":\"WebPage\",\"@id\":\"https:\\\/\\\/filles-de-la-charite.org\\\/fr\\\/esperanza-que-abraza-la-casa-de-acogida-sor-rosalia-rendu\\\/\",\"url\":\"https:\\\/\\\/filles-de-la-charite.org\\\/fr\\\/esperanza-que-abraza-la-casa-de-acogida-sor-rosalia-rendu\\\/\",\"name\":\"Une esp\u00e9rance qui embrasse - Filles de la Charit\u00e9\",\"isPartOf\":{\"@id\":\"https:\\\/\\\/filles-de-la-charite.org\\\/fr\\\/#website\"},\"primaryImageOfPage\":{\"@id\":\"https:\\\/\\\/filles-de-la-charite.org\\\/fr\\\/esperanza-que-abraza-la-casa-de-acogida-sor-rosalia-rendu\\\/#primaryimage\"},\"image\":{\"@id\":\"https:\\\/\\\/filles-de-la-charite.org\\\/fr\\\/esperanza-que-abraza-la-casa-de-acogida-sor-rosalia-rendu\\\/#primaryimage\"},\"thumbnailUrl\":\"https:\\\/\\\/filles-de-la-charite.org\\\/wp-content\\\/uploads\\\/2026\\\/02\\\/WhatsApp-Image-2026-02-10-at-12.06.46.jpeg\",\"datePublished\":\"2026-02-12T13:00:00+00:00\",\"breadcrumb\":{\"@id\":\"https:\\\/\\\/filles-de-la-charite.org\\\/fr\\\/esperanza-que-abraza-la-casa-de-acogida-sor-rosalia-rendu\\\/#breadcrumb\"},\"inLanguage\":\"fr-FR\",\"potentialAction\":[{\"@type\":\"ReadAction\",\"target\":[\"https:\\\/\\\/filles-de-la-charite.org\\\/fr\\\/esperanza-que-abraza-la-casa-de-acogida-sor-rosalia-rendu\\\/\"]}]},{\"@type\":\"ImageObject\",\"inLanguage\":\"fr-FR\",\"@id\":\"https:\\\/\\\/filles-de-la-charite.org\\\/fr\\\/esperanza-que-abraza-la-casa-de-acogida-sor-rosalia-rendu\\\/#primaryimage\",\"url\":\"https:\\\/\\\/filles-de-la-charite.org\\\/wp-content\\\/uploads\\\/2026\\\/02\\\/WhatsApp-Image-2026-02-10-at-12.06.46.jpeg\",\"contentUrl\":\"https:\\\/\\\/filles-de-la-charite.org\\\/wp-content\\\/uploads\\\/2026\\\/02\\\/WhatsApp-Image-2026-02-10-at-12.06.46.jpeg\",\"width\":960,\"height\":1280},{\"@type\":\"BreadcrumbList\",\"@id\":\"https:\\\/\\\/filles-de-la-charite.org\\\/fr\\\/esperanza-que-abraza-la-casa-de-acogida-sor-rosalia-rendu\\\/#breadcrumb\",\"itemListElement\":[{\"@type\":\"ListItem\",\"position\":1,\"name\":\"P\u00e9rou\",\"item\":\"https:\\\/\\\/filles-de-la-charite.org\\\/fr\\\/category\\\/perou\\\/\"},{\"@type\":\"ListItem\",\"position\":2,\"name\":\"Une esp\u00e9rance qui embrasse\"}]},{\"@type\":\"WebSite\",\"@id\":\"https:\\\/\\\/filles-de-la-charite.org\\\/fr\\\/#website\",\"url\":\"https:\\\/\\\/filles-de-la-charite.org\\\/fr\\\/\",\"name\":\"Hijas de la Caridad\",\"description\":\"L\u2019amour de J\u00e9sus nous presse \u00e0 prendre soin des personnes les plus d\u00e9munies\",\"publisher\":{\"@id\":\"https:\\\/\\\/filles-de-la-charite.org\\\/fr\\\/#organization\"},\"potentialAction\":[{\"@type\":\"SearchAction\",\"target\":{\"@type\":\"EntryPoint\",\"urlTemplate\":\"https:\\\/\\\/filles-de-la-charite.org\\\/fr\\\/?s={search_term_string}\"},\"query-input\":{\"@type\":\"PropertyValueSpecification\",\"valueRequired\":true,\"valueName\":\"search_term_string\"}}],\"inLanguage\":\"fr-FR\"},{\"@type\":\"Organization\",\"@id\":\"https:\\\/\\\/filles-de-la-charite.org\\\/fr\\\/#organization\",\"name\":\"Hijas de la Caridad\",\"url\":\"https:\\\/\\\/filles-de-la-charite.org\\\/fr\\\/\",\"logo\":{\"@type\":\"ImageObject\",\"inLanguage\":\"fr-FR\",\"@id\":\"https:\\\/\\\/filles-de-la-charite.org\\\/fr\\\/#\\\/schema\\\/logo\\\/image\\\/\",\"url\":\"https:\\\/\\\/filles-de-la-charite.org\\\/wp-content\\\/uploads\\\/2023\\\/03\\\/isotipo-Hijas-de-la-Caridad.png\",\"contentUrl\":\"https:\\\/\\\/filles-de-la-charite.org\\\/wp-content\\\/uploads\\\/2023\\\/03\\\/isotipo-Hijas-de-la-Caridad.png\",\"width\":1417,\"height\":1417,\"caption\":\"Hijas de la Caridad\"},\"image\":{\"@id\":\"https:\\\/\\\/filles-de-la-charite.org\\\/fr\\\/#\\\/schema\\\/logo\\\/image\\\/\"}},{\"@type\":\"Person\",\"@id\":\"https:\\\/\\\/filles-de-la-charite.org\\\/fr\\\/#\\\/schema\\\/person\\\/0c922b6ca71280639858d297b3a7209f\",\"name\":\"SOR MARTA\",\"image\":{\"@type\":\"ImageObject\",\"inLanguage\":\"fr-FR\",\"@id\":\"https:\\\/\\\/secure.gravatar.com\\\/avatar\\\/d2c45b0fd6bf2d3e2670ab3d112257c24ac80fa960360bba1bdc0676485d1d09?s=96&d=mm&r=g\",\"url\":\"https:\\\/\\\/secure.gravatar.com\\\/avatar\\\/d2c45b0fd6bf2d3e2670ab3d112257c24ac80fa960360bba1bdc0676485d1d09?s=96&d=mm&r=g\",\"contentUrl\":\"https:\\\/\\\/secure.gravatar.com\\\/avatar\\\/d2c45b0fd6bf2d3e2670ab3d112257c24ac80fa960360bba1bdc0676485d1d09?s=96&d=mm&r=g\",\"caption\":\"SOR MARTA\"},\"url\":\"https:\\\/\\\/filles-de-la-charite.org\\\/fr\\\/author\\\/martaemn\\\/\"}]}<\/script>\n<!-- \/ Yoast SEO plugin. -->","yoast_head_json":{"title":"Une esp\u00e9rance qui embrasse - Filles de la Charit\u00e9","robots":{"index":"index","follow":"follow","max-snippet":"max-snippet:-1","max-image-preview":"max-image-preview:large","max-video-preview":"max-video-preview:-1"},"canonical":"https:\/\/filles-de-la-charite.org\/fr\/esperanza-que-abraza-la-casa-de-acogida-sor-rosalia-rendu\/","og_locale":"fr_FR","og_type":"article","og_title":"Une esp\u00e9rance qui embrasse - Filles de la Charit\u00e9","og_description":"La Maison d&rsquo;accueil S\u0153ur Rosalie Rendu au P\u00e9rou \u00ab\u202fLa traite des \u00eatres humains est une plaie sur le corps de l&rsquo;humanit\u00e9 contemporaine, une plaie sur la chair du Christ\u202f\u00bb (Pape Fran\u00e7ois). Depuis mars 2023, ann\u00e9e jubilaire des 400 ans de la Lumi\u00e8re de la Pentec\u00f4te, le Seigneur nous a providentiellement plac\u00e9es devant un service risqu\u00e9 [&hellip;]","og_url":"https:\/\/filles-de-la-charite.org\/fr\/esperanza-que-abraza-la-casa-de-acogida-sor-rosalia-rendu\/","og_site_name":"Filles de la Charit\u00e9","article_published_time":"2026-02-12T13:00:00+00:00","og_image":[{"width":960,"height":1280,"url":"https:\/\/filles-de-la-charite.org\/wp-content\/uploads\/2026\/02\/WhatsApp-Image-2026-02-10-at-12.06.46.jpeg","type":"image\/jpeg"}],"author":"SOR MARTA","twitter_card":"summary_large_image","twitter_misc":{"\u00c9crit par":"SOR MARTA","Dur\u00e9e de lecture estim\u00e9e":"4 minutes"},"schema":{"@context":"https:\/\/schema.org","@graph":[{"@type":"Article","@id":"https:\/\/filles-de-la-charite.org\/fr\/esperanza-que-abraza-la-casa-de-acogida-sor-rosalia-rendu\/#article","isPartOf":{"@id":"https:\/\/filles-de-la-charite.org\/fr\/esperanza-que-abraza-la-casa-de-acogida-sor-rosalia-rendu\/"},"author":{"name":"SOR MARTA","@id":"https:\/\/filles-de-la-charite.org\/fr\/#\/schema\/person\/0c922b6ca71280639858d297b3a7209f"},"headline":"Une esp\u00e9rance qui embrasse","datePublished":"2026-02-12T13:00:00+00:00","mainEntityOfPage":{"@id":"https:\/\/filles-de-la-charite.org\/fr\/esperanza-que-abraza-la-casa-de-acogida-sor-rosalia-rendu\/"},"wordCount":650,"publisher":{"@id":"https:\/\/filles-de-la-charite.org\/fr\/#organization"},"image":{"@id":"https:\/\/filles-de-la-charite.org\/fr\/esperanza-que-abraza-la-casa-de-acogida-sor-rosalia-rendu\/#primaryimage"},"thumbnailUrl":"https:\/\/filles-de-la-charite.org\/wp-content\/uploads\/2026\/02\/WhatsApp-Image-2026-02-10-at-12.06.46.jpeg","articleSection":["P\u00e9rou"],"inLanguage":"fr-FR"},{"@type":"WebPage","@id":"https:\/\/filles-de-la-charite.org\/fr\/esperanza-que-abraza-la-casa-de-acogida-sor-rosalia-rendu\/","url":"https:\/\/filles-de-la-charite.org\/fr\/esperanza-que-abraza-la-casa-de-acogida-sor-rosalia-rendu\/","name":"Une esp\u00e9rance qui embrasse - Filles de la Charit\u00e9","isPartOf":{"@id":"https:\/\/filles-de-la-charite.org\/fr\/#website"},"primaryImageOfPage":{"@id":"https:\/\/filles-de-la-charite.org\/fr\/esperanza-que-abraza-la-casa-de-acogida-sor-rosalia-rendu\/#primaryimage"},"image":{"@id":"https:\/\/filles-de-la-charite.org\/fr\/esperanza-que-abraza-la-casa-de-acogida-sor-rosalia-rendu\/#primaryimage"},"thumbnailUrl":"https:\/\/filles-de-la-charite.org\/wp-content\/uploads\/2026\/02\/WhatsApp-Image-2026-02-10-at-12.06.46.jpeg","datePublished":"2026-02-12T13:00:00+00:00","breadcrumb":{"@id":"https:\/\/filles-de-la-charite.org\/fr\/esperanza-que-abraza-la-casa-de-acogida-sor-rosalia-rendu\/#breadcrumb"},"inLanguage":"fr-FR","potentialAction":[{"@type":"ReadAction","target":["https:\/\/filles-de-la-charite.org\/fr\/esperanza-que-abraza-la-casa-de-acogida-sor-rosalia-rendu\/"]}]},{"@type":"ImageObject","inLanguage":"fr-FR","@id":"https:\/\/filles-de-la-charite.org\/fr\/esperanza-que-abraza-la-casa-de-acogida-sor-rosalia-rendu\/#primaryimage","url":"https:\/\/filles-de-la-charite.org\/wp-content\/uploads\/2026\/02\/WhatsApp-Image-2026-02-10-at-12.06.46.jpeg","contentUrl":"https:\/\/filles-de-la-charite.org\/wp-content\/uploads\/2026\/02\/WhatsApp-Image-2026-02-10-at-12.06.46.jpeg","width":960,"height":1280},{"@type":"BreadcrumbList","@id":"https:\/\/filles-de-la-charite.org\/fr\/esperanza-que-abraza-la-casa-de-acogida-sor-rosalia-rendu\/#breadcrumb","itemListElement":[{"@type":"ListItem","position":1,"name":"P\u00e9rou","item":"https:\/\/filles-de-la-charite.org\/fr\/category\/perou\/"},{"@type":"ListItem","position":2,"name":"Une esp\u00e9rance qui embrasse"}]},{"@type":"WebSite","@id":"https:\/\/filles-de-la-charite.org\/fr\/#website","url":"https:\/\/filles-de-la-charite.org\/fr\/","name":"Hijas de la Caridad","description":"L\u2019amour de J\u00e9sus nous presse \u00e0 prendre soin des personnes les plus d\u00e9munies","publisher":{"@id":"https:\/\/filles-de-la-charite.org\/fr\/#organization"},"potentialAction":[{"@type":"SearchAction","target":{"@type":"EntryPoint","urlTemplate":"https:\/\/filles-de-la-charite.org\/fr\/?s={search_term_string}"},"query-input":{"@type":"PropertyValueSpecification","valueRequired":true,"valueName":"search_term_string"}}],"inLanguage":"fr-FR"},{"@type":"Organization","@id":"https:\/\/filles-de-la-charite.org\/fr\/#organization","name":"Hijas de la Caridad","url":"https:\/\/filles-de-la-charite.org\/fr\/","logo":{"@type":"ImageObject","inLanguage":"fr-FR","@id":"https:\/\/filles-de-la-charite.org\/fr\/#\/schema\/logo\/image\/","url":"https:\/\/filles-de-la-charite.org\/wp-content\/uploads\/2023\/03\/isotipo-Hijas-de-la-Caridad.png","contentUrl":"https:\/\/filles-de-la-charite.org\/wp-content\/uploads\/2023\/03\/isotipo-Hijas-de-la-Caridad.png","width":1417,"height":1417,"caption":"Hijas de la Caridad"},"image":{"@id":"https:\/\/filles-de-la-charite.org\/fr\/#\/schema\/logo\/image\/"}},{"@type":"Person","@id":"https:\/\/filles-de-la-charite.org\/fr\/#\/schema\/person\/0c922b6ca71280639858d297b3a7209f","name":"SOR MARTA","image":{"@type":"ImageObject","inLanguage":"fr-FR","@id":"https:\/\/secure.gravatar.com\/avatar\/d2c45b0fd6bf2d3e2670ab3d112257c24ac80fa960360bba1bdc0676485d1d09?s=96&d=mm&r=g","url":"https:\/\/secure.gravatar.com\/avatar\/d2c45b0fd6bf2d3e2670ab3d112257c24ac80fa960360bba1bdc0676485d1d09?s=96&d=mm&r=g","contentUrl":"https:\/\/secure.gravatar.com\/avatar\/d2c45b0fd6bf2d3e2670ab3d112257c24ac80fa960360bba1bdc0676485d1d09?s=96&d=mm&r=g","caption":"SOR MARTA"},"url":"https:\/\/filles-de-la-charite.org\/fr\/author\/martaemn\/"}]}},"_links":{"self":[{"href":"https:\/\/filles-de-la-charite.org\/fr\/wp-json\/wp\/v2\/posts\/48904","targetHints":{"allow":["GET"]}}],"collection":[{"href":"https:\/\/filles-de-la-charite.org\/fr\/wp-json\/wp\/v2\/posts"}],"about":[{"href":"https:\/\/filles-de-la-charite.org\/fr\/wp-json\/wp\/v2\/types\/post"}],"author":[{"embeddable":true,"href":"https:\/\/filles-de-la-charite.org\/fr\/wp-json\/wp\/v2\/users\/5"}],"replies":[{"embeddable":true,"href":"https:\/\/filles-de-la-charite.org\/fr\/wp-json\/wp\/v2\/comments?post=48904"}],"version-history":[{"count":4,"href":"https:\/\/filles-de-la-charite.org\/fr\/wp-json\/wp\/v2\/posts\/48904\/revisions"}],"predecessor-version":[{"id":48940,"href":"https:\/\/filles-de-la-charite.org\/fr\/wp-json\/wp\/v2\/posts\/48904\/revisions\/48940"}],"wp:featuredmedia":[{"embeddable":true,"href":"https:\/\/filles-de-la-charite.org\/fr\/wp-json\/wp\/v2\/media\/48905"}],"wp:attachment":[{"href":"https:\/\/filles-de-la-charite.org\/fr\/wp-json\/wp\/v2\/media?parent=48904"}],"wp:term":[{"taxonomy":"category","embeddable":true,"href":"https:\/\/filles-de-la-charite.org\/fr\/wp-json\/wp\/v2\/categories?post=48904"},{"taxonomy":"post_tag","embeddable":true,"href":"https:\/\/filles-de-la-charite.org\/fr\/wp-json\/wp\/v2\/tags?post=48904"}],"curies":[{"name":"wp","href":"https:\/\/api.w.org\/{rel}","templated":true}]}}