{"id":48960,"date":"2026-02-15T12:00:00","date_gmt":"2026-02-15T11:00:00","guid":{"rendered":"https:\/\/filles-de-la-charite.org\/?p=48960"},"modified":"2026-03-25T14:57:50","modified_gmt":"2026-03-25T13:57:50","slug":"oasis-de-esperanza","status":"publish","type":"post","link":"https:\/\/filles-de-la-charite.org\/fr\/oasis-de-esperanza\/","title":{"rendered":"Oasis d\u2019esp\u00e9rance"},"content":{"rendered":"\n<h3 class=\"wp-block-heading\">Trente ans de soins, de courage et d&rsquo;engagement dans le service VIH\/SIDA \u00e0 la maison Saint-Vincent, Muringoor, Kerala.<\/h3>\n\n\n\n<p>Il y a trente ans, le VIH\/SIDA \u00e9tait une maladie redoutable. Le cri silencieux des personnes touch\u00e9es par cette maladie n&rsquo;\u00e9tait pas entendu par leurs amis et leur famille. Voici l&rsquo;histoire des p\u00e8res vincentiens (VC, une congr\u00e9gation fond\u00e9e en Inde sous le patronage de saint Vincent) et des Filles de la Charit\u00e9 qui sont devenus une oasis d\u2019esp\u00e9rance et ont donn\u00e9 un sens \u00e0 la vie des victimes de cette terrible maladie.<\/p>\n\n\n\n<p>Le foyer St. Vincent pour les malades du SIDA a \u00e9t\u00e9 fond\u00e9 en 1996 par le P\u00e8re George Panakal VC. Ce magnifique service continue \u00e0 Muringoor, au Kerala. Depuis 30 ans, les Filles de la Charit\u00e9 de Vincent de Paul collaborent avec les P\u00e8res pour venir en aide aux personnes infect\u00e9es par le VIH. Elles ont aid\u00e9 plus de trois mille patients ; des centaines d&rsquo;entre eux ont connu une mort paisible. \u00c0 une \u00e9poque, nous avions 107 patients avec leurs enfants. Certains enfants ont \u00e9t\u00e9 amen\u00e9s de l&rsquo;h\u00f4pital juste apr\u00e8s leur naissance. Nous disposons \u00e9galement d&rsquo;installations pour l&rsquo;\u00e9ducation des enfants.<\/p>\n\n\n\n<figure class=\"wp-block-image aligncenter size-full\"><img loading=\"lazy\" decoding=\"async\" width=\"721\" height=\"970\" src=\"https:\/\/filles-de-la-charite.org\/wp-content\/uploads\/2026\/02\/Sr-Soniya-K-Chacko_page3_image2.jpg\" alt=\"\" class=\"wp-image-48951\" srcset=\"https:\/\/filles-de-la-charite.org\/wp-content\/uploads\/2026\/02\/Sr-Soniya-K-Chacko_page3_image2.jpg 721w, https:\/\/filles-de-la-charite.org\/wp-content\/uploads\/2026\/02\/Sr-Soniya-K-Chacko_page3_image2-480x646.jpg 480w\" sizes=\"(min-width: 0px) and (max-width: 480px) 480px, (min-width: 481px) 721px, 100vw\" \/><\/figure>\n\n\n\n<h2 class=\"wp-block-heading\"><strong>Un v\u00e9ritable t\u00e9moignage d&rsquo;esp\u00e9rance<\/strong><\/h2>\n\n\n\n<p>S\u0153ur Jaya Mary qui a travaill\u00e9 l\u00e0-bas pendant sept ans \u00e0 partir de 1996, a d\u00e9clar\u00e9 : \u00ab C&rsquo;\u00e9tait l&rsquo;un des plus beaux services que je n\u2019ai jamais rendus. Quand on m&rsquo;a demand\u00e9 de m&rsquo;occuper des patients, la maladie \u00e9tait terrible et il n&rsquo;y avait pas de m\u00e9dicaments \u00e0 l&rsquo;\u00e9poque. En six ans, pr\u00e8s d&rsquo;une centaine de patients sont morts l\u00e0-bas. J&rsquo;\u00e9tais confront\u00e9e \u00e0 la mort tous les jours, mais je n&rsquo;avais pas peur. \u00bb<\/p>\n\n\n\n<p>La plupart d&rsquo;entre eux avaient contract\u00e9 la maladie en raison de leur mode de vie dissolue. Personne ne les aidait lorsqu&rsquo;ils contractaient cette maladie. Certains arrivaient \u00e0 l&rsquo;institution avec l&rsquo;intention de se suicider. S\u0153ur Jaya a ajout\u00e9 : \u00ab Une fois, un beau jeune homme d&rsquo;une vingtaine d&rsquo;ann\u00e9es est venu \u00e0 la maison. Apr\u00e8s la deuxi\u00e8me \u00e9tape du traitement, il est venu me parler et m&rsquo;a dit : \u00ab&nbsp;Regardez mon sac, j&rsquo;ai deux enveloppes dedans. L&rsquo;une contient 2 000 roupies ; tant que j&rsquo;aurai de l&rsquo;argent, je participerai au traitement ; la deuxi\u00e8me enveloppe contient un sachet de poison. Je n&rsquo;ai rien d&rsquo;autre, et personne ne veut de moi. \u00bb<\/p>\n\n\n\n<p>&nbsp;Apr\u00e8s la troisi\u00e8me \u00e9tape du traitement, il est all\u00e9 voir S\u0153ur Jaya Mary en larmes et lui a dit : \u00ab Ma S\u0153ur, gardez cela avec vous, je ne veux pas me suicider. Je veux vivre avec le Christ et pour le Christ autant de jours que possible. \u00bb Habituellement, les personnes atteintes du SIDA\/VIH s&rsquo;affaiblissent de jour en jour, mais lui devenait de plus en plus fort et \u00e9nergique. Un jour, je lui ai dit de refaire le test VIH. Il ne voulait pas le faire ; il m&rsquo;a montr\u00e9 son r\u00e9sultat positif. Cependant, le lendemain, le test a \u00e9t\u00e9 refait et le r\u00e9sultat \u00e9tait n\u00e9gatif. En quelques secondes, sa vie a chang\u00e9 ; il ne pouvait retenir ses larmes.<\/p>\n\n\n\n<p>Beaucoup de femmes ont contract\u00e9 la maladie \u00e0 cause de l&rsquo;infid\u00e9lit\u00e9 de leur mari. Elles \u00e9taient am\u00e8res et en col\u00e8re contre lui, mais gr\u00e2ce aux efforts constants des S\u0153urs, elles sont toutes mortes apr\u00e8s leur avoir pardonn\u00e9. Lorsqu&rsquo;elles ont \u00e9t\u00e9 capables de pardonner \u00e0 ceux qui leur avaient transmis la maladie, beaucoup d&rsquo;entre elles ont pu mener une vie paisible. S\u0153ur Sheeba a d\u00e9clar\u00e9 : \u00ab C&rsquo;\u00e9tait le plus beau service que j&rsquo;ai jamais rendu. Je me sens tr\u00e8s \u00e9panouie dans ma vocation \u00bb.<\/p>\n\n\n\n<figure class=\"wp-block-image aligncenter size-full\"><img loading=\"lazy\" decoding=\"async\" width=\"721\" height=\"406\" src=\"https:\/\/filles-de-la-charite.org\/wp-content\/uploads\/2026\/02\/Sr-Soniya-K-Chacko_page3_image4.jpg\" alt=\"\" class=\"wp-image-48953\" srcset=\"https:\/\/filles-de-la-charite.org\/wp-content\/uploads\/2026\/02\/Sr-Soniya-K-Chacko_page3_image4.jpg 721w, https:\/\/filles-de-la-charite.org\/wp-content\/uploads\/2026\/02\/Sr-Soniya-K-Chacko_page3_image4-480x270.jpg 480w\" sizes=\"(min-width: 0px) and (max-width: 480px) 480px, (min-width: 481px) 721px, 100vw\" \/><\/figure>\n\n\n\n<h2 class=\"wp-block-heading\"><strong>Une meilleure sant\u00e9 et une plus grande esp\u00e9rance de vie<\/strong><\/h2>\n\n\n\n<p>Jusqu&rsquo;en 2003, nous nous contentions de prendre soin d&rsquo;elles et de les pr\u00e9parer \u00e0 une mort paisible. Jusqu&rsquo;alors, 832 d\u00e9c\u00e8s avaient \u00e9t\u00e9 enregistr\u00e9s dans notre foyer. Le traitement des patientes a commenc\u00e9 \u00e0 partir de 2003. Nous avons mis en place des examens r\u00e9guliers et une th\u00e9rapie antir\u00e9trovirale (TAR) afin de renforcer leur immunit\u00e9. Le taux de mortalit\u00e9 a alors commenc\u00e9 \u00e0 baisser. S\u0153ur Rose Panathara d\u00e9clare : \u00ab J&rsquo;ai 10 ans d&rsquo;exp\u00e9rience. Je pourrais \u00eatre une m\u00e8re pour ceux qui n&rsquo;en ont pas et une s\u0153ur pour beaucoup. Dans la plupart des cas, les r\u00e9sidents n&rsquo;avaient aucun contact avec leur famille. Gr\u00e2ce \u00e0 l\u2019aide des s\u0153urs, beaucoup sont d\u00e9sormais en contact avec leur famille. Certains rentrent chez eux pour quelques jours. Le stress mental est donc beaucoup moins important aujourd&rsquo;hui.<\/p>\n\n\n\n<figure class=\"wp-block-image aligncenter size-full\"><img loading=\"lazy\" decoding=\"async\" width=\"690\" height=\"388\" src=\"https:\/\/filles-de-la-charite.org\/wp-content\/uploads\/2026\/02\/Sr-Soniya-K-Chacko_page3_image5.jpg\" alt=\"\" class=\"wp-image-48954\" srcset=\"https:\/\/filles-de-la-charite.org\/wp-content\/uploads\/2026\/02\/Sr-Soniya-K-Chacko_page3_image5.jpg 690w, https:\/\/filles-de-la-charite.org\/wp-content\/uploads\/2026\/02\/Sr-Soniya-K-Chacko_page3_image5-480x270.jpg 480w\" sizes=\"(min-width: 0px) and (max-width: 480px) 480px, (min-width: 481px) 690px, 100vw\" \/><\/figure>\n\n\n\n<h2 class=\"wp-block-heading\"><strong>Une journ\u00e9e \u00e0 la Maison Saint-Vincent<\/strong><\/h2>\n\n\n\n<p>La journ\u00e9e commence par la pri\u00e8re du matin (Sapra), la c\u00e9l\u00e9bration eucharistique, l&rsquo;adoration et la pri\u00e8re personnelle. Elles effectuent certaines t\u00e2ches&nbsp;: s&rsquo;occuper des animaux, fabriquer des chapelets, pr\u00e9parer les chambres, \u00e9crire des adresses postales, confectionner des couvertures, jardiner, etc. Elles regardent la t\u00e9l\u00e9vision. Nous leur donnons \u00e9galement des cours sur la foi et la morale. Elles sont heureuses et unies comme une seule famille. Nous leur organisons \u00e9galement des programmes de divertissement, comme des sorties au cin\u00e9ma.<\/p>\n\n\n\n<p>Les patientes disent que Dieu envoie des anges d\u00e9guis\u00e9s en humains : des anges de l&rsquo;esp\u00e9rance, et nous sommes avec eux. Il y a beaucoup d&rsquo;esp\u00e9rance au foyer St Vincent ; elles se tiennent au bord de la mort en souriant soutenues par l\u2019esp\u00e9rance.<\/p>\n\n\n\n<p>Sr Soniya K Chacko fdlc<\/p>\n\n\n\n<figure class=\"wp-block-image aligncenter size-full\"><img loading=\"lazy\" decoding=\"async\" width=\"721\" height=\"406\" src=\"https:\/\/filles-de-la-charite.org\/wp-content\/uploads\/2026\/02\/Sr-Soniya-K-Chacko_page3_image7.jpg\" alt=\"\" class=\"wp-image-48950\" srcset=\"https:\/\/filles-de-la-charite.org\/wp-content\/uploads\/2026\/02\/Sr-Soniya-K-Chacko_page3_image7.jpg 721w, https:\/\/filles-de-la-charite.org\/wp-content\/uploads\/2026\/02\/Sr-Soniya-K-Chacko_page3_image7-480x270.jpg 480w\" sizes=\"(min-width: 0px) and (max-width: 480px) 480px, (min-width: 481px) 721px, 100vw\" \/><\/figure>\n","protected":false},"excerpt":{"rendered":"<p>Trente ans de soins, de courage et d&rsquo;engagement dans le service VIH\/SIDA \u00e0 la maison Saint-Vincent, Muringoor, Kerala. Il y a trente ans, le VIH\/SIDA \u00e9tait une maladie redoutable. Le cri silencieux des personnes touch\u00e9es par cette maladie n&rsquo;\u00e9tait pas entendu par leurs amis et leur famille. Voici l&rsquo;histoire des p\u00e8res vincentiens (VC, une congr\u00e9gation [&hellip;]<\/p>\n","protected":false},"author":5,"featured_media":48961,"comment_status":"closed","ping_status":"closed","sticky":false,"template":"","format":"standard","meta":{"_acf_changed":false,"_et_pb_use_builder":"","_et_pb_old_content":"","_et_gb_content_width":"","footnotes":"","_links_to":"","_links_to_target":""},"categories":[750],"tags":[],"class_list":["post-48960","post","type-post","status-publish","format-standard","has-post-thumbnail","hentry","category-india-del-sur-fr"],"acf":[],"yoast_head":"<!-- This site is optimized with the Yoast SEO plugin v27.5 - https:\/\/yoast.com\/product\/yoast-seo-wordpress\/ -->\n<title>Oasis d\u2019esp\u00e9rance - Filles de la Charit\u00e9<\/title>\n<meta name=\"robots\" content=\"index, follow, max-snippet:-1, max-image-preview:large, max-video-preview:-1\" \/>\n<link rel=\"canonical\" href=\"https:\/\/filles-de-la-charite.org\/fr\/oasis-de-esperanza\/\" \/>\n<meta property=\"og:locale\" content=\"fr_FR\" \/>\n<meta property=\"og:type\" content=\"article\" \/>\n<meta property=\"og:title\" content=\"Oasis d\u2019esp\u00e9rance - Filles de la Charit\u00e9\" \/>\n<meta property=\"og:description\" content=\"Trente ans de soins, de courage et d&rsquo;engagement dans le service VIH\/SIDA \u00e0 la maison Saint-Vincent, Muringoor, Kerala. Il y a trente ans, le VIH\/SIDA \u00e9tait une maladie redoutable. Le cri silencieux des personnes touch\u00e9es par cette maladie n&rsquo;\u00e9tait pas entendu par leurs amis et leur famille. Voici l&rsquo;histoire des p\u00e8res vincentiens (VC, une congr\u00e9gation [&hellip;]\" \/>\n<meta property=\"og:url\" content=\"https:\/\/filles-de-la-charite.org\/fr\/oasis-de-esperanza\/\" \/>\n<meta property=\"og:site_name\" content=\"Filles de la Charit\u00e9\" \/>\n<meta property=\"article:published_time\" content=\"2026-02-15T11:00:00+00:00\" \/>\n<meta property=\"article:modified_time\" content=\"2026-03-25T13:57:50+00:00\" \/>\n<meta property=\"og:image\" content=\"https:\/\/filles-de-la-charite.org\/wp-content\/uploads\/2026\/02\/Sr-Soniya-K-Chacko_page3_image3.jpg\" \/>\n\t<meta property=\"og:image:width\" content=\"724\" \/>\n\t<meta property=\"og:image:height\" content=\"407\" \/>\n\t<meta property=\"og:image:type\" content=\"image\/jpeg\" \/>\n<meta name=\"author\" content=\"SOR MARTA\" \/>\n<meta name=\"twitter:card\" content=\"summary_large_image\" \/>\n<meta name=\"twitter:label1\" content=\"\u00c9crit par\" \/>\n\t<meta name=\"twitter:data1\" content=\"SOR MARTA\" \/>\n\t<meta name=\"twitter:label2\" content=\"Dur\u00e9e de lecture estim\u00e9e\" \/>\n\t<meta name=\"twitter:data2\" content=\"5 minutes\" \/>\n<script type=\"application\/ld+json\" class=\"yoast-schema-graph\">{\"@context\":\"https:\\\/\\\/schema.org\",\"@graph\":[{\"@type\":\"Article\",\"@id\":\"https:\\\/\\\/filles-de-la-charite.org\\\/fr\\\/oasis-de-esperanza\\\/#article\",\"isPartOf\":{\"@id\":\"https:\\\/\\\/filles-de-la-charite.org\\\/fr\\\/oasis-de-esperanza\\\/\"},\"author\":{\"name\":\"SOR MARTA\",\"@id\":\"https:\\\/\\\/filles-de-la-charite.org\\\/fr\\\/#\\\/schema\\\/person\\\/0c922b6ca71280639858d297b3a7209f\"},\"headline\":\"Oasis d\u2019esp\u00e9rance\",\"datePublished\":\"2026-02-15T11:00:00+00:00\",\"dateModified\":\"2026-03-25T13:57:50+00:00\",\"mainEntityOfPage\":{\"@id\":\"https:\\\/\\\/filles-de-la-charite.org\\\/fr\\\/oasis-de-esperanza\\\/\"},\"wordCount\":948,\"publisher\":{\"@id\":\"https:\\\/\\\/filles-de-la-charite.org\\\/fr\\\/#organization\"},\"image\":{\"@id\":\"https:\\\/\\\/filles-de-la-charite.org\\\/fr\\\/oasis-de-esperanza\\\/#primaryimage\"},\"thumbnailUrl\":\"https:\\\/\\\/filles-de-la-charite.org\\\/wp-content\\\/uploads\\\/2026\\\/02\\\/Sr-Soniya-K-Chacko_page3_image3.jpg\",\"articleSection\":[\"Inde du Sud\"],\"inLanguage\":\"fr-FR\"},{\"@type\":\"WebPage\",\"@id\":\"https:\\\/\\\/filles-de-la-charite.org\\\/fr\\\/oasis-de-esperanza\\\/\",\"url\":\"https:\\\/\\\/filles-de-la-charite.org\\\/fr\\\/oasis-de-esperanza\\\/\",\"name\":\"Oasis d\u2019esp\u00e9rance - Filles de la Charit\u00e9\",\"isPartOf\":{\"@id\":\"https:\\\/\\\/filles-de-la-charite.org\\\/fr\\\/#website\"},\"primaryImageOfPage\":{\"@id\":\"https:\\\/\\\/filles-de-la-charite.org\\\/fr\\\/oasis-de-esperanza\\\/#primaryimage\"},\"image\":{\"@id\":\"https:\\\/\\\/filles-de-la-charite.org\\\/fr\\\/oasis-de-esperanza\\\/#primaryimage\"},\"thumbnailUrl\":\"https:\\\/\\\/filles-de-la-charite.org\\\/wp-content\\\/uploads\\\/2026\\\/02\\\/Sr-Soniya-K-Chacko_page3_image3.jpg\",\"datePublished\":\"2026-02-15T11:00:00+00:00\",\"dateModified\":\"2026-03-25T13:57:50+00:00\",\"breadcrumb\":{\"@id\":\"https:\\\/\\\/filles-de-la-charite.org\\\/fr\\\/oasis-de-esperanza\\\/#breadcrumb\"},\"inLanguage\":\"fr-FR\",\"potentialAction\":[{\"@type\":\"ReadAction\",\"target\":[\"https:\\\/\\\/filles-de-la-charite.org\\\/fr\\\/oasis-de-esperanza\\\/\"]}]},{\"@type\":\"ImageObject\",\"inLanguage\":\"fr-FR\",\"@id\":\"https:\\\/\\\/filles-de-la-charite.org\\\/fr\\\/oasis-de-esperanza\\\/#primaryimage\",\"url\":\"https:\\\/\\\/filles-de-la-charite.org\\\/wp-content\\\/uploads\\\/2026\\\/02\\\/Sr-Soniya-K-Chacko_page3_image3.jpg\",\"contentUrl\":\"https:\\\/\\\/filles-de-la-charite.org\\\/wp-content\\\/uploads\\\/2026\\\/02\\\/Sr-Soniya-K-Chacko_page3_image3.jpg\",\"width\":724,\"height\":407},{\"@type\":\"BreadcrumbList\",\"@id\":\"https:\\\/\\\/filles-de-la-charite.org\\\/fr\\\/oasis-de-esperanza\\\/#breadcrumb\",\"itemListElement\":[{\"@type\":\"ListItem\",\"position\":1,\"name\":\"Inde du Sud\",\"item\":\"https:\\\/\\\/filles-de-la-charite.org\\\/fr\\\/category\\\/india-del-sur-fr\\\/\"},{\"@type\":\"ListItem\",\"position\":2,\"name\":\"Oasis d\u2019esp\u00e9rance\"}]},{\"@type\":\"WebSite\",\"@id\":\"https:\\\/\\\/filles-de-la-charite.org\\\/fr\\\/#website\",\"url\":\"https:\\\/\\\/filles-de-la-charite.org\\\/fr\\\/\",\"name\":\"Hijas de la Caridad\",\"description\":\"L\u2019amour de J\u00e9sus nous presse \u00e0 prendre soin des personnes les plus d\u00e9munies\",\"publisher\":{\"@id\":\"https:\\\/\\\/filles-de-la-charite.org\\\/fr\\\/#organization\"},\"potentialAction\":[{\"@type\":\"SearchAction\",\"target\":{\"@type\":\"EntryPoint\",\"urlTemplate\":\"https:\\\/\\\/filles-de-la-charite.org\\\/fr\\\/?s={search_term_string}\"},\"query-input\":{\"@type\":\"PropertyValueSpecification\",\"valueRequired\":true,\"valueName\":\"search_term_string\"}}],\"inLanguage\":\"fr-FR\"},{\"@type\":\"Organization\",\"@id\":\"https:\\\/\\\/filles-de-la-charite.org\\\/fr\\\/#organization\",\"name\":\"Hijas de la Caridad\",\"url\":\"https:\\\/\\\/filles-de-la-charite.org\\\/fr\\\/\",\"logo\":{\"@type\":\"ImageObject\",\"inLanguage\":\"fr-FR\",\"@id\":\"https:\\\/\\\/filles-de-la-charite.org\\\/fr\\\/#\\\/schema\\\/logo\\\/image\\\/\",\"url\":\"https:\\\/\\\/filles-de-la-charite.org\\\/wp-content\\\/uploads\\\/2023\\\/03\\\/isotipo-Hijas-de-la-Caridad.png\",\"contentUrl\":\"https:\\\/\\\/filles-de-la-charite.org\\\/wp-content\\\/uploads\\\/2023\\\/03\\\/isotipo-Hijas-de-la-Caridad.png\",\"width\":1417,\"height\":1417,\"caption\":\"Hijas de la Caridad\"},\"image\":{\"@id\":\"https:\\\/\\\/filles-de-la-charite.org\\\/fr\\\/#\\\/schema\\\/logo\\\/image\\\/\"}},{\"@type\":\"Person\",\"@id\":\"https:\\\/\\\/filles-de-la-charite.org\\\/fr\\\/#\\\/schema\\\/person\\\/0c922b6ca71280639858d297b3a7209f\",\"name\":\"SOR MARTA\",\"image\":{\"@type\":\"ImageObject\",\"inLanguage\":\"fr-FR\",\"@id\":\"https:\\\/\\\/secure.gravatar.com\\\/avatar\\\/d2c45b0fd6bf2d3e2670ab3d112257c24ac80fa960360bba1bdc0676485d1d09?s=96&d=mm&r=g\",\"url\":\"https:\\\/\\\/secure.gravatar.com\\\/avatar\\\/d2c45b0fd6bf2d3e2670ab3d112257c24ac80fa960360bba1bdc0676485d1d09?s=96&d=mm&r=g\",\"contentUrl\":\"https:\\\/\\\/secure.gravatar.com\\\/avatar\\\/d2c45b0fd6bf2d3e2670ab3d112257c24ac80fa960360bba1bdc0676485d1d09?s=96&d=mm&r=g\",\"caption\":\"SOR MARTA\"},\"url\":\"https:\\\/\\\/filles-de-la-charite.org\\\/fr\\\/author\\\/martaemn\\\/\"}]}<\/script>\n<!-- \/ Yoast SEO plugin. -->","yoast_head_json":{"title":"Oasis d\u2019esp\u00e9rance - Filles de la Charit\u00e9","robots":{"index":"index","follow":"follow","max-snippet":"max-snippet:-1","max-image-preview":"max-image-preview:large","max-video-preview":"max-video-preview:-1"},"canonical":"https:\/\/filles-de-la-charite.org\/fr\/oasis-de-esperanza\/","og_locale":"fr_FR","og_type":"article","og_title":"Oasis d\u2019esp\u00e9rance - Filles de la Charit\u00e9","og_description":"Trente ans de soins, de courage et d&rsquo;engagement dans le service VIH\/SIDA \u00e0 la maison Saint-Vincent, Muringoor, Kerala. Il y a trente ans, le VIH\/SIDA \u00e9tait une maladie redoutable. Le cri silencieux des personnes touch\u00e9es par cette maladie n&rsquo;\u00e9tait pas entendu par leurs amis et leur famille. Voici l&rsquo;histoire des p\u00e8res vincentiens (VC, une congr\u00e9gation [&hellip;]","og_url":"https:\/\/filles-de-la-charite.org\/fr\/oasis-de-esperanza\/","og_site_name":"Filles de la Charit\u00e9","article_published_time":"2026-02-15T11:00:00+00:00","article_modified_time":"2026-03-25T13:57:50+00:00","og_image":[{"width":724,"height":407,"url":"https:\/\/filles-de-la-charite.org\/wp-content\/uploads\/2026\/02\/Sr-Soniya-K-Chacko_page3_image3.jpg","type":"image\/jpeg"}],"author":"SOR MARTA","twitter_card":"summary_large_image","twitter_misc":{"\u00c9crit par":"SOR MARTA","Dur\u00e9e de lecture estim\u00e9e":"5 minutes"},"schema":{"@context":"https:\/\/schema.org","@graph":[{"@type":"Article","@id":"https:\/\/filles-de-la-charite.org\/fr\/oasis-de-esperanza\/#article","isPartOf":{"@id":"https:\/\/filles-de-la-charite.org\/fr\/oasis-de-esperanza\/"},"author":{"name":"SOR MARTA","@id":"https:\/\/filles-de-la-charite.org\/fr\/#\/schema\/person\/0c922b6ca71280639858d297b3a7209f"},"headline":"Oasis d\u2019esp\u00e9rance","datePublished":"2026-02-15T11:00:00+00:00","dateModified":"2026-03-25T13:57:50+00:00","mainEntityOfPage":{"@id":"https:\/\/filles-de-la-charite.org\/fr\/oasis-de-esperanza\/"},"wordCount":948,"publisher":{"@id":"https:\/\/filles-de-la-charite.org\/fr\/#organization"},"image":{"@id":"https:\/\/filles-de-la-charite.org\/fr\/oasis-de-esperanza\/#primaryimage"},"thumbnailUrl":"https:\/\/filles-de-la-charite.org\/wp-content\/uploads\/2026\/02\/Sr-Soniya-K-Chacko_page3_image3.jpg","articleSection":["Inde du Sud"],"inLanguage":"fr-FR"},{"@type":"WebPage","@id":"https:\/\/filles-de-la-charite.org\/fr\/oasis-de-esperanza\/","url":"https:\/\/filles-de-la-charite.org\/fr\/oasis-de-esperanza\/","name":"Oasis d\u2019esp\u00e9rance - Filles de la Charit\u00e9","isPartOf":{"@id":"https:\/\/filles-de-la-charite.org\/fr\/#website"},"primaryImageOfPage":{"@id":"https:\/\/filles-de-la-charite.org\/fr\/oasis-de-esperanza\/#primaryimage"},"image":{"@id":"https:\/\/filles-de-la-charite.org\/fr\/oasis-de-esperanza\/#primaryimage"},"thumbnailUrl":"https:\/\/filles-de-la-charite.org\/wp-content\/uploads\/2026\/02\/Sr-Soniya-K-Chacko_page3_image3.jpg","datePublished":"2026-02-15T11:00:00+00:00","dateModified":"2026-03-25T13:57:50+00:00","breadcrumb":{"@id":"https:\/\/filles-de-la-charite.org\/fr\/oasis-de-esperanza\/#breadcrumb"},"inLanguage":"fr-FR","potentialAction":[{"@type":"ReadAction","target":["https:\/\/filles-de-la-charite.org\/fr\/oasis-de-esperanza\/"]}]},{"@type":"ImageObject","inLanguage":"fr-FR","@id":"https:\/\/filles-de-la-charite.org\/fr\/oasis-de-esperanza\/#primaryimage","url":"https:\/\/filles-de-la-charite.org\/wp-content\/uploads\/2026\/02\/Sr-Soniya-K-Chacko_page3_image3.jpg","contentUrl":"https:\/\/filles-de-la-charite.org\/wp-content\/uploads\/2026\/02\/Sr-Soniya-K-Chacko_page3_image3.jpg","width":724,"height":407},{"@type":"BreadcrumbList","@id":"https:\/\/filles-de-la-charite.org\/fr\/oasis-de-esperanza\/#breadcrumb","itemListElement":[{"@type":"ListItem","position":1,"name":"Inde du Sud","item":"https:\/\/filles-de-la-charite.org\/fr\/category\/india-del-sur-fr\/"},{"@type":"ListItem","position":2,"name":"Oasis d\u2019esp\u00e9rance"}]},{"@type":"WebSite","@id":"https:\/\/filles-de-la-charite.org\/fr\/#website","url":"https:\/\/filles-de-la-charite.org\/fr\/","name":"Hijas de la Caridad","description":"L\u2019amour de J\u00e9sus nous presse \u00e0 prendre soin des personnes les plus d\u00e9munies","publisher":{"@id":"https:\/\/filles-de-la-charite.org\/fr\/#organization"},"potentialAction":[{"@type":"SearchAction","target":{"@type":"EntryPoint","urlTemplate":"https:\/\/filles-de-la-charite.org\/fr\/?s={search_term_string}"},"query-input":{"@type":"PropertyValueSpecification","valueRequired":true,"valueName":"search_term_string"}}],"inLanguage":"fr-FR"},{"@type":"Organization","@id":"https:\/\/filles-de-la-charite.org\/fr\/#organization","name":"Hijas de la Caridad","url":"https:\/\/filles-de-la-charite.org\/fr\/","logo":{"@type":"ImageObject","inLanguage":"fr-FR","@id":"https:\/\/filles-de-la-charite.org\/fr\/#\/schema\/logo\/image\/","url":"https:\/\/filles-de-la-charite.org\/wp-content\/uploads\/2023\/03\/isotipo-Hijas-de-la-Caridad.png","contentUrl":"https:\/\/filles-de-la-charite.org\/wp-content\/uploads\/2023\/03\/isotipo-Hijas-de-la-Caridad.png","width":1417,"height":1417,"caption":"Hijas de la Caridad"},"image":{"@id":"https:\/\/filles-de-la-charite.org\/fr\/#\/schema\/logo\/image\/"}},{"@type":"Person","@id":"https:\/\/filles-de-la-charite.org\/fr\/#\/schema\/person\/0c922b6ca71280639858d297b3a7209f","name":"SOR MARTA","image":{"@type":"ImageObject","inLanguage":"fr-FR","@id":"https:\/\/secure.gravatar.com\/avatar\/d2c45b0fd6bf2d3e2670ab3d112257c24ac80fa960360bba1bdc0676485d1d09?s=96&d=mm&r=g","url":"https:\/\/secure.gravatar.com\/avatar\/d2c45b0fd6bf2d3e2670ab3d112257c24ac80fa960360bba1bdc0676485d1d09?s=96&d=mm&r=g","contentUrl":"https:\/\/secure.gravatar.com\/avatar\/d2c45b0fd6bf2d3e2670ab3d112257c24ac80fa960360bba1bdc0676485d1d09?s=96&d=mm&r=g","caption":"SOR MARTA"},"url":"https:\/\/filles-de-la-charite.org\/fr\/author\/martaemn\/"}]}},"_links":{"self":[{"href":"https:\/\/filles-de-la-charite.org\/fr\/wp-json\/wp\/v2\/posts\/48960","targetHints":{"allow":["GET"]}}],"collection":[{"href":"https:\/\/filles-de-la-charite.org\/fr\/wp-json\/wp\/v2\/posts"}],"about":[{"href":"https:\/\/filles-de-la-charite.org\/fr\/wp-json\/wp\/v2\/types\/post"}],"author":[{"embeddable":true,"href":"https:\/\/filles-de-la-charite.org\/fr\/wp-json\/wp\/v2\/users\/5"}],"replies":[{"embeddable":true,"href":"https:\/\/filles-de-la-charite.org\/fr\/wp-json\/wp\/v2\/comments?post=48960"}],"version-history":[{"count":1,"href":"https:\/\/filles-de-la-charite.org\/fr\/wp-json\/wp\/v2\/posts\/48960\/revisions"}],"predecessor-version":[{"id":48979,"href":"https:\/\/filles-de-la-charite.org\/fr\/wp-json\/wp\/v2\/posts\/48960\/revisions\/48979"}],"wp:featuredmedia":[{"embeddable":true,"href":"https:\/\/filles-de-la-charite.org\/fr\/wp-json\/wp\/v2\/media\/48961"}],"wp:attachment":[{"href":"https:\/\/filles-de-la-charite.org\/fr\/wp-json\/wp\/v2\/media?parent=48960"}],"wp:term":[{"taxonomy":"category","embeddable":true,"href":"https:\/\/filles-de-la-charite.org\/fr\/wp-json\/wp\/v2\/categories?post=48960"},{"taxonomy":"post_tag","embeddable":true,"href":"https:\/\/filles-de-la-charite.org\/fr\/wp-json\/wp\/v2\/tags?post=48960"}],"curies":[{"name":"wp","href":"https:\/\/api.w.org\/{rel}","templated":true}]}}