{"id":49199,"date":"2026-03-27T00:08:23","date_gmt":"2026-03-26T23:08:23","guid":{"rendered":"https:\/\/filles-de-la-charite.org\/?p=49199"},"modified":"2026-03-26T23:58:33","modified_gmt":"2026-03-26T22:58:33","slug":"cien-anos-al-servicio-de-la-comunion-en-la-compania","status":"publish","type":"post","link":"https:\/\/filles-de-la-charite.org\/fr\/cien-anos-al-servicio-de-la-comunion-en-la-compania\/","title":{"rendered":"Cent ans au service de la communion dans la Compagnie"},"content":{"rendered":"\n<p>En 2026, la Compagnie des Filles de la Charit\u00e9 rend gr\u00e2ce au Seigneur pour le centenaire de la parution de l\u2019<em>Echo de la Maison-M\u00e8re<\/em> (devenu en 1976 <em>Echos de la Compagnie<\/em>)&nbsp;: une publication qui a accompagn\u00e9 la vie de g\u00e9n\u00e9rations de S\u0153urs \u00e0 travers le monde. N\u00e9e en 1926 du d\u00e9sir de rapprocher la Maison-M\u00e8re des Communaut\u00e9s les plus \u00e9loign\u00e9es, cette initiative s\u2019est d\u00e9velopp\u00e9e au fil du temps jusqu\u2019\u00e0 devenir un v\u00e9ritable espace de communion, de formation et d\u2019information pour toute la Compagnie.<\/p>\n\n\n\n<p>Durant ces cent ans, ses pages ont contribu\u00e9 \u00e0 nourrir le sentiment d\u2019appartenance \u00e0 une m\u00eame famille spirituelle et favoris\u00e9 la croissance de l\u2019unit\u00e9 au c\u0153ur de la diversit\u00e9 des cultures, des langues et des r\u00e9alit\u00e9s apostoliques. Elles ont accueilli la r\u00e9flexion spirituelle, la formation vincentienne et eccl\u00e9siale, la m\u00e9moire des grands moments de la Compagnie et, d\u2019une mani\u00e8re toute particuli\u00e8re, l\u2019\u00e9cho de la mission v\u00e9cue chaque jour au service des personnes pauvres.<\/p>\n\n\n\n<p>Cette publication a progressivement \u00e9largi son horizon. D\u2019un moyen d\u2019information centr\u00e9 avant tout sur la vie de la Maison-M\u00e8re, elle est devenue un espace o\u00f9 s\u2019incarne toujours davantage la richesse des Provinces et des Communaut\u00e9s pr\u00e9sentes dans le monde. Elle s\u2019est ainsi transform\u00e9e en une fen\u00eatre ouverte sur le dynamisme missionnaire de la Compagnie, la cr\u00e9ativit\u00e9 de la charit\u00e9 et le t\u00e9moignage humble et concret de tant de S\u0153urs qui donnent leur vie dans les diff\u00e9rents lieux de mission.<\/p>\n\n\n\n<p>Aujourd\u2019hui, dans un contexte o\u00f9 les moyens de communication se sont multipli\u00e9s et o\u00f9 les liens se tissent aussi \u00e0 travers de nouveaux canaux, cette publication garde toute sa valeur. Elle demeure une source d\u2019approfondissement, une m\u00e9moire partag\u00e9e et un soutien pour renouveler la fid\u00e9lit\u00e9 \u00e0 la vocation, fortifier la communion fraternelle et raviver la flamme du charisme.<\/p>\n\n\n\n<p>C\u00e9l\u00e9brer ce centenaire, c\u2019est accueillir avec reconnaissance une histoire tiss\u00e9e d\u2019\u00e9coute, de transmission et de communion. C\u2019est aussi demander \u00e0 l\u2019Esprit Saint de continuer \u00e0 soutenir la Compagnie pour qu\u2019elle chemine unie, se laisse sans cesse renouveler par l\u2019\u00c9vangile et stimule, dans le c\u0153ur de chaque S\u0153ur, la joie de servir le Christ dans les pauvres. <\/p>\n\n\n\n<figure class=\"wp-block-embed is-type-video is-provider-youtube wp-block-embed-youtube wp-embed-aspect-16-9 wp-has-aspect-ratio\"><div class=\"wp-block-embed__wrapper\">\n<iframe loading=\"lazy\" title=\"FR New 100 ans des \u00c9CHOS de la Compagnie\" width=\"1080\" height=\"608\" src=\"https:\/\/www.youtube.com\/embed\/OBf07unnUvU?feature=oembed\"  allow=\"accelerometer; autoplay; clipboard-write; encrypted-media; gyroscope; picture-in-picture; web-share\" referrerpolicy=\"strict-origin-when-cross-origin\" allowfullscreen><\/iframe>\n<\/div><\/figure>\n","protected":false},"excerpt":{"rendered":"<p>En 2026, la Compagnie des Filles de la Charit\u00e9 rend gr\u00e2ce au Seigneur pour le centenaire de la parution de l\u2019Echo de la Maison-M\u00e8re (devenu en 1976 Echos de la Compagnie)&nbsp;: une publication qui a accompagn\u00e9 la vie de g\u00e9n\u00e9rations de S\u0153urs \u00e0 travers le monde. N\u00e9e en 1926 du d\u00e9sir de rapprocher la Maison-M\u00e8re [&hellip;]<\/p>\n","protected":false},"author":5,"featured_media":49209,"comment_status":"closed","ping_status":"closed","sticky":false,"template":"","format":"standard","meta":{"_acf_changed":false,"_et_pb_use_builder":"","_et_pb_old_content":"","_et_gb_content_width":"","footnotes":"","_links_to":"","_links_to_target":""},"categories":[843,558],"tags":[],"class_list":["post-49199","post","type-post","status-publish","format-standard","has-post-thumbnail","hentry","category-international-fr","category-maison-mere-fr"],"acf":[],"yoast_head":"<!-- This site is optimized with the Yoast SEO plugin v27.5 - https:\/\/yoast.com\/product\/yoast-seo-wordpress\/ -->\n<title>Cent ans au service de la communion dans la Compagnie - Filles de la Charit\u00e9<\/title>\n<meta name=\"robots\" content=\"index, follow, max-snippet:-1, max-image-preview:large, max-video-preview:-1\" \/>\n<link rel=\"canonical\" href=\"https:\/\/filles-de-la-charite.org\/fr\/cien-anos-al-servicio-de-la-comunion-en-la-compania\/\" \/>\n<meta property=\"og:locale\" content=\"fr_FR\" \/>\n<meta property=\"og:type\" content=\"article\" \/>\n<meta property=\"og:title\" content=\"Cent ans au service de la communion dans la Compagnie - Filles de la Charit\u00e9\" \/>\n<meta property=\"og:description\" content=\"En 2026, la Compagnie des Filles de la Charit\u00e9 rend gr\u00e2ce au Seigneur pour le centenaire de la parution de l\u2019Echo de la Maison-M\u00e8re (devenu en 1976 Echos de la Compagnie)&nbsp;: une publication qui a accompagn\u00e9 la vie de g\u00e9n\u00e9rations de S\u0153urs \u00e0 travers le monde. N\u00e9e en 1926 du d\u00e9sir de rapprocher la Maison-M\u00e8re [&hellip;]\" \/>\n<meta property=\"og:url\" content=\"https:\/\/filles-de-la-charite.org\/fr\/cien-anos-al-servicio-de-la-comunion-en-la-compania\/\" \/>\n<meta property=\"og:site_name\" content=\"Filles de la Charit\u00e9\" \/>\n<meta property=\"article:published_time\" content=\"2026-03-26T23:08:23+00:00\" \/>\n<meta property=\"og:image\" content=\"https:\/\/filles-de-la-charite.org\/wp-content\/uploads\/2026\/03\/thumbnail-1-1024x683.png\" \/>\n\t<meta property=\"og:image:width\" content=\"1024\" \/>\n\t<meta property=\"og:image:height\" content=\"683\" \/>\n\t<meta property=\"og:image:type\" content=\"image\/png\" \/>\n<meta name=\"author\" content=\"SOR MARTA\" \/>\n<meta name=\"twitter:card\" content=\"summary_large_image\" \/>\n<meta name=\"twitter:label1\" content=\"\u00c9crit par\" \/>\n\t<meta name=\"twitter:data1\" content=\"SOR MARTA\" \/>\n\t<meta name=\"twitter:label2\" content=\"Dur\u00e9e de lecture estim\u00e9e\" \/>\n\t<meta name=\"twitter:data2\" content=\"2 minutes\" \/>\n<script type=\"application\/ld+json\" class=\"yoast-schema-graph\">{\"@context\":\"https:\\\/\\\/schema.org\",\"@graph\":[{\"@type\":\"Article\",\"@id\":\"https:\\\/\\\/filles-de-la-charite.org\\\/fr\\\/cien-anos-al-servicio-de-la-comunion-en-la-compania\\\/#article\",\"isPartOf\":{\"@id\":\"https:\\\/\\\/filles-de-la-charite.org\\\/fr\\\/cien-anos-al-servicio-de-la-comunion-en-la-compania\\\/\"},\"author\":{\"name\":\"SOR MARTA\",\"@id\":\"https:\\\/\\\/filles-de-la-charite.org\\\/fr\\\/#\\\/schema\\\/person\\\/0c922b6ca71280639858d297b3a7209f\"},\"headline\":\"Cent ans au service de la communion dans la Compagnie\",\"datePublished\":\"2026-03-26T23:08:23+00:00\",\"mainEntityOfPage\":{\"@id\":\"https:\\\/\\\/filles-de-la-charite.org\\\/fr\\\/cien-anos-al-servicio-de-la-comunion-en-la-compania\\\/\"},\"wordCount\":415,\"publisher\":{\"@id\":\"https:\\\/\\\/filles-de-la-charite.org\\\/fr\\\/#organization\"},\"image\":{\"@id\":\"https:\\\/\\\/filles-de-la-charite.org\\\/fr\\\/cien-anos-al-servicio-de-la-comunion-en-la-compania\\\/#primaryimage\"},\"thumbnailUrl\":\"https:\\\/\\\/filles-de-la-charite.org\\\/wp-content\\\/uploads\\\/2026\\\/03\\\/thumbnail-1.png\",\"articleSection\":[\"International\",\"Maison-M\u00e8re\"],\"inLanguage\":\"fr-FR\"},{\"@type\":\"WebPage\",\"@id\":\"https:\\\/\\\/filles-de-la-charite.org\\\/fr\\\/cien-anos-al-servicio-de-la-comunion-en-la-compania\\\/\",\"url\":\"https:\\\/\\\/filles-de-la-charite.org\\\/fr\\\/cien-anos-al-servicio-de-la-comunion-en-la-compania\\\/\",\"name\":\"Cent ans au service de la communion dans la Compagnie - Filles de la Charit\u00e9\",\"isPartOf\":{\"@id\":\"https:\\\/\\\/filles-de-la-charite.org\\\/fr\\\/#website\"},\"primaryImageOfPage\":{\"@id\":\"https:\\\/\\\/filles-de-la-charite.org\\\/fr\\\/cien-anos-al-servicio-de-la-comunion-en-la-compania\\\/#primaryimage\"},\"image\":{\"@id\":\"https:\\\/\\\/filles-de-la-charite.org\\\/fr\\\/cien-anos-al-servicio-de-la-comunion-en-la-compania\\\/#primaryimage\"},\"thumbnailUrl\":\"https:\\\/\\\/filles-de-la-charite.org\\\/wp-content\\\/uploads\\\/2026\\\/03\\\/thumbnail-1.png\",\"datePublished\":\"2026-03-26T23:08:23+00:00\",\"breadcrumb\":{\"@id\":\"https:\\\/\\\/filles-de-la-charite.org\\\/fr\\\/cien-anos-al-servicio-de-la-comunion-en-la-compania\\\/#breadcrumb\"},\"inLanguage\":\"fr-FR\",\"potentialAction\":[{\"@type\":\"ReadAction\",\"target\":[\"https:\\\/\\\/filles-de-la-charite.org\\\/fr\\\/cien-anos-al-servicio-de-la-comunion-en-la-compania\\\/\"]}]},{\"@type\":\"ImageObject\",\"inLanguage\":\"fr-FR\",\"@id\":\"https:\\\/\\\/filles-de-la-charite.org\\\/fr\\\/cien-anos-al-servicio-de-la-comunion-en-la-compania\\\/#primaryimage\",\"url\":\"https:\\\/\\\/filles-de-la-charite.org\\\/wp-content\\\/uploads\\\/2026\\\/03\\\/thumbnail-1.png\",\"contentUrl\":\"https:\\\/\\\/filles-de-la-charite.org\\\/wp-content\\\/uploads\\\/2026\\\/03\\\/thumbnail-1.png\",\"width\":1536,\"height\":1024},{\"@type\":\"BreadcrumbList\",\"@id\":\"https:\\\/\\\/filles-de-la-charite.org\\\/fr\\\/cien-anos-al-servicio-de-la-comunion-en-la-compania\\\/#breadcrumb\",\"itemListElement\":[{\"@type\":\"ListItem\",\"position\":1,\"name\":\"Maison-M\u00e8re\",\"item\":\"https:\\\/\\\/filles-de-la-charite.org\\\/fr\\\/category\\\/maison-mere-fr\\\/\"},{\"@type\":\"ListItem\",\"position\":2,\"name\":\"Cent ans au service de la communion dans la Compagnie\"}]},{\"@type\":\"WebSite\",\"@id\":\"https:\\\/\\\/filles-de-la-charite.org\\\/fr\\\/#website\",\"url\":\"https:\\\/\\\/filles-de-la-charite.org\\\/fr\\\/\",\"name\":\"Hijas de la Caridad\",\"description\":\"L\u2019amour de J\u00e9sus nous presse \u00e0 prendre soin des personnes les plus d\u00e9munies\",\"publisher\":{\"@id\":\"https:\\\/\\\/filles-de-la-charite.org\\\/fr\\\/#organization\"},\"potentialAction\":[{\"@type\":\"SearchAction\",\"target\":{\"@type\":\"EntryPoint\",\"urlTemplate\":\"https:\\\/\\\/filles-de-la-charite.org\\\/fr\\\/?s={search_term_string}\"},\"query-input\":{\"@type\":\"PropertyValueSpecification\",\"valueRequired\":true,\"valueName\":\"search_term_string\"}}],\"inLanguage\":\"fr-FR\"},{\"@type\":\"Organization\",\"@id\":\"https:\\\/\\\/filles-de-la-charite.org\\\/fr\\\/#organization\",\"name\":\"Hijas de la Caridad\",\"url\":\"https:\\\/\\\/filles-de-la-charite.org\\\/fr\\\/\",\"logo\":{\"@type\":\"ImageObject\",\"inLanguage\":\"fr-FR\",\"@id\":\"https:\\\/\\\/filles-de-la-charite.org\\\/fr\\\/#\\\/schema\\\/logo\\\/image\\\/\",\"url\":\"https:\\\/\\\/filles-de-la-charite.org\\\/wp-content\\\/uploads\\\/2023\\\/03\\\/isotipo-Hijas-de-la-Caridad.png\",\"contentUrl\":\"https:\\\/\\\/filles-de-la-charite.org\\\/wp-content\\\/uploads\\\/2023\\\/03\\\/isotipo-Hijas-de-la-Caridad.png\",\"width\":1417,\"height\":1417,\"caption\":\"Hijas de la Caridad\"},\"image\":{\"@id\":\"https:\\\/\\\/filles-de-la-charite.org\\\/fr\\\/#\\\/schema\\\/logo\\\/image\\\/\"}},{\"@type\":\"Person\",\"@id\":\"https:\\\/\\\/filles-de-la-charite.org\\\/fr\\\/#\\\/schema\\\/person\\\/0c922b6ca71280639858d297b3a7209f\",\"name\":\"SOR MARTA\",\"image\":{\"@type\":\"ImageObject\",\"inLanguage\":\"fr-FR\",\"@id\":\"https:\\\/\\\/secure.gravatar.com\\\/avatar\\\/d2c45b0fd6bf2d3e2670ab3d112257c24ac80fa960360bba1bdc0676485d1d09?s=96&d=mm&r=g\",\"url\":\"https:\\\/\\\/secure.gravatar.com\\\/avatar\\\/d2c45b0fd6bf2d3e2670ab3d112257c24ac80fa960360bba1bdc0676485d1d09?s=96&d=mm&r=g\",\"contentUrl\":\"https:\\\/\\\/secure.gravatar.com\\\/avatar\\\/d2c45b0fd6bf2d3e2670ab3d112257c24ac80fa960360bba1bdc0676485d1d09?s=96&d=mm&r=g\",\"caption\":\"SOR MARTA\"},\"url\":\"https:\\\/\\\/filles-de-la-charite.org\\\/fr\\\/author\\\/martaemn\\\/\"}]}<\/script>\n<!-- \/ Yoast SEO plugin. -->","yoast_head_json":{"title":"Cent ans au service de la communion dans la Compagnie - Filles de la Charit\u00e9","robots":{"index":"index","follow":"follow","max-snippet":"max-snippet:-1","max-image-preview":"max-image-preview:large","max-video-preview":"max-video-preview:-1"},"canonical":"https:\/\/filles-de-la-charite.org\/fr\/cien-anos-al-servicio-de-la-comunion-en-la-compania\/","og_locale":"fr_FR","og_type":"article","og_title":"Cent ans au service de la communion dans la Compagnie - Filles de la Charit\u00e9","og_description":"En 2026, la Compagnie des Filles de la Charit\u00e9 rend gr\u00e2ce au Seigneur pour le centenaire de la parution de l\u2019Echo de la Maison-M\u00e8re (devenu en 1976 Echos de la Compagnie)&nbsp;: une publication qui a accompagn\u00e9 la vie de g\u00e9n\u00e9rations de S\u0153urs \u00e0 travers le monde. N\u00e9e en 1926 du d\u00e9sir de rapprocher la Maison-M\u00e8re [&hellip;]","og_url":"https:\/\/filles-de-la-charite.org\/fr\/cien-anos-al-servicio-de-la-comunion-en-la-compania\/","og_site_name":"Filles de la Charit\u00e9","article_published_time":"2026-03-26T23:08:23+00:00","og_image":[{"width":1024,"height":683,"url":"https:\/\/filles-de-la-charite.org\/wp-content\/uploads\/2026\/03\/thumbnail-1-1024x683.png","type":"image\/png"}],"author":"SOR MARTA","twitter_card":"summary_large_image","twitter_misc":{"\u00c9crit par":"SOR MARTA","Dur\u00e9e de lecture estim\u00e9e":"2 minutes"},"schema":{"@context":"https:\/\/schema.org","@graph":[{"@type":"Article","@id":"https:\/\/filles-de-la-charite.org\/fr\/cien-anos-al-servicio-de-la-comunion-en-la-compania\/#article","isPartOf":{"@id":"https:\/\/filles-de-la-charite.org\/fr\/cien-anos-al-servicio-de-la-comunion-en-la-compania\/"},"author":{"name":"SOR MARTA","@id":"https:\/\/filles-de-la-charite.org\/fr\/#\/schema\/person\/0c922b6ca71280639858d297b3a7209f"},"headline":"Cent ans au service de la communion dans la Compagnie","datePublished":"2026-03-26T23:08:23+00:00","mainEntityOfPage":{"@id":"https:\/\/filles-de-la-charite.org\/fr\/cien-anos-al-servicio-de-la-comunion-en-la-compania\/"},"wordCount":415,"publisher":{"@id":"https:\/\/filles-de-la-charite.org\/fr\/#organization"},"image":{"@id":"https:\/\/filles-de-la-charite.org\/fr\/cien-anos-al-servicio-de-la-comunion-en-la-compania\/#primaryimage"},"thumbnailUrl":"https:\/\/filles-de-la-charite.org\/wp-content\/uploads\/2026\/03\/thumbnail-1.png","articleSection":["International","Maison-M\u00e8re"],"inLanguage":"fr-FR"},{"@type":"WebPage","@id":"https:\/\/filles-de-la-charite.org\/fr\/cien-anos-al-servicio-de-la-comunion-en-la-compania\/","url":"https:\/\/filles-de-la-charite.org\/fr\/cien-anos-al-servicio-de-la-comunion-en-la-compania\/","name":"Cent ans au service de la communion dans la Compagnie - Filles de la Charit\u00e9","isPartOf":{"@id":"https:\/\/filles-de-la-charite.org\/fr\/#website"},"primaryImageOfPage":{"@id":"https:\/\/filles-de-la-charite.org\/fr\/cien-anos-al-servicio-de-la-comunion-en-la-compania\/#primaryimage"},"image":{"@id":"https:\/\/filles-de-la-charite.org\/fr\/cien-anos-al-servicio-de-la-comunion-en-la-compania\/#primaryimage"},"thumbnailUrl":"https:\/\/filles-de-la-charite.org\/wp-content\/uploads\/2026\/03\/thumbnail-1.png","datePublished":"2026-03-26T23:08:23+00:00","breadcrumb":{"@id":"https:\/\/filles-de-la-charite.org\/fr\/cien-anos-al-servicio-de-la-comunion-en-la-compania\/#breadcrumb"},"inLanguage":"fr-FR","potentialAction":[{"@type":"ReadAction","target":["https:\/\/filles-de-la-charite.org\/fr\/cien-anos-al-servicio-de-la-comunion-en-la-compania\/"]}]},{"@type":"ImageObject","inLanguage":"fr-FR","@id":"https:\/\/filles-de-la-charite.org\/fr\/cien-anos-al-servicio-de-la-comunion-en-la-compania\/#primaryimage","url":"https:\/\/filles-de-la-charite.org\/wp-content\/uploads\/2026\/03\/thumbnail-1.png","contentUrl":"https:\/\/filles-de-la-charite.org\/wp-content\/uploads\/2026\/03\/thumbnail-1.png","width":1536,"height":1024},{"@type":"BreadcrumbList","@id":"https:\/\/filles-de-la-charite.org\/fr\/cien-anos-al-servicio-de-la-comunion-en-la-compania\/#breadcrumb","itemListElement":[{"@type":"ListItem","position":1,"name":"Maison-M\u00e8re","item":"https:\/\/filles-de-la-charite.org\/fr\/category\/maison-mere-fr\/"},{"@type":"ListItem","position":2,"name":"Cent ans au service de la communion dans la Compagnie"}]},{"@type":"WebSite","@id":"https:\/\/filles-de-la-charite.org\/fr\/#website","url":"https:\/\/filles-de-la-charite.org\/fr\/","name":"Hijas de la Caridad","description":"L\u2019amour de J\u00e9sus nous presse \u00e0 prendre soin des personnes les plus d\u00e9munies","publisher":{"@id":"https:\/\/filles-de-la-charite.org\/fr\/#organization"},"potentialAction":[{"@type":"SearchAction","target":{"@type":"EntryPoint","urlTemplate":"https:\/\/filles-de-la-charite.org\/fr\/?s={search_term_string}"},"query-input":{"@type":"PropertyValueSpecification","valueRequired":true,"valueName":"search_term_string"}}],"inLanguage":"fr-FR"},{"@type":"Organization","@id":"https:\/\/filles-de-la-charite.org\/fr\/#organization","name":"Hijas de la Caridad","url":"https:\/\/filles-de-la-charite.org\/fr\/","logo":{"@type":"ImageObject","inLanguage":"fr-FR","@id":"https:\/\/filles-de-la-charite.org\/fr\/#\/schema\/logo\/image\/","url":"https:\/\/filles-de-la-charite.org\/wp-content\/uploads\/2023\/03\/isotipo-Hijas-de-la-Caridad.png","contentUrl":"https:\/\/filles-de-la-charite.org\/wp-content\/uploads\/2023\/03\/isotipo-Hijas-de-la-Caridad.png","width":1417,"height":1417,"caption":"Hijas de la Caridad"},"image":{"@id":"https:\/\/filles-de-la-charite.org\/fr\/#\/schema\/logo\/image\/"}},{"@type":"Person","@id":"https:\/\/filles-de-la-charite.org\/fr\/#\/schema\/person\/0c922b6ca71280639858d297b3a7209f","name":"SOR MARTA","image":{"@type":"ImageObject","inLanguage":"fr-FR","@id":"https:\/\/secure.gravatar.com\/avatar\/d2c45b0fd6bf2d3e2670ab3d112257c24ac80fa960360bba1bdc0676485d1d09?s=96&d=mm&r=g","url":"https:\/\/secure.gravatar.com\/avatar\/d2c45b0fd6bf2d3e2670ab3d112257c24ac80fa960360bba1bdc0676485d1d09?s=96&d=mm&r=g","contentUrl":"https:\/\/secure.gravatar.com\/avatar\/d2c45b0fd6bf2d3e2670ab3d112257c24ac80fa960360bba1bdc0676485d1d09?s=96&d=mm&r=g","caption":"SOR MARTA"},"url":"https:\/\/filles-de-la-charite.org\/fr\/author\/martaemn\/"}]}},"_links":{"self":[{"href":"https:\/\/filles-de-la-charite.org\/fr\/wp-json\/wp\/v2\/posts\/49199","targetHints":{"allow":["GET"]}}],"collection":[{"href":"https:\/\/filles-de-la-charite.org\/fr\/wp-json\/wp\/v2\/posts"}],"about":[{"href":"https:\/\/filles-de-la-charite.org\/fr\/wp-json\/wp\/v2\/types\/post"}],"author":[{"embeddable":true,"href":"https:\/\/filles-de-la-charite.org\/fr\/wp-json\/wp\/v2\/users\/5"}],"replies":[{"embeddable":true,"href":"https:\/\/filles-de-la-charite.org\/fr\/wp-json\/wp\/v2\/comments?post=49199"}],"version-history":[{"count":8,"href":"https:\/\/filles-de-la-charite.org\/fr\/wp-json\/wp\/v2\/posts\/49199\/revisions"}],"predecessor-version":[{"id":49279,"href":"https:\/\/filles-de-la-charite.org\/fr\/wp-json\/wp\/v2\/posts\/49199\/revisions\/49279"}],"wp:featuredmedia":[{"embeddable":true,"href":"https:\/\/filles-de-la-charite.org\/fr\/wp-json\/wp\/v2\/media\/49209"}],"wp:attachment":[{"href":"https:\/\/filles-de-la-charite.org\/fr\/wp-json\/wp\/v2\/media?parent=49199"}],"wp:term":[{"taxonomy":"category","embeddable":true,"href":"https:\/\/filles-de-la-charite.org\/fr\/wp-json\/wp\/v2\/categories?post=49199"},{"taxonomy":"post_tag","embeddable":true,"href":"https:\/\/filles-de-la-charite.org\/fr\/wp-json\/wp\/v2\/tags?post=49199"}],"curies":[{"name":"wp","href":"https:\/\/api.w.org\/{rel}","templated":true}]}}