{"id":49247,"date":"2026-03-26T22:42:00","date_gmt":"2026-03-26T21:42:00","guid":{"rendered":"https:\/\/filles-de-la-charite.org\/?p=49247"},"modified":"2026-03-26T22:37:43","modified_gmt":"2026-03-26T21:37:43","slug":"message-of-father-tomaz-mavric-to-the-daughters-of-charity","status":"publish","type":"post","link":"https:\/\/filles-de-la-charite.org\/fr\/message-of-father-tomaz-mavric-to-the-daughters-of-charity\/","title":{"rendered":"Message du P\u00e8re Toma\u017e Mavri\u010d aux Filles de la Charit\u00e9"},"content":{"rendered":"\n<p>Tous les ans, le 25 mars, en la f\u00eate de l\u2019Annonciation, les Filles de la Charit\u00e9 du monde entier renouvellent les v\u0153ux de chastet\u00e9, de pauvret\u00e9, d\u2019ob\u00e9issance et du service des pauvres. A cette occasion, le P\u00e8re Toma\u017e Mavri\u010d, Sup\u00e9rieur g\u00e9n\u00e9ral, est venu \u00e0 leur Maison-M\u00e8re \u00e0 Paris et a c\u00e9l\u00e9br\u00e9 l\u2019Eucharistie \u00e0 la Chapelle Notre Dame de la M\u00e9daille Miraculeuse, au cours de laquelle les S\u0153urs ont renouvel\u00e9 leur engagement.<\/p>\n\n\n\n<figure class=\"wp-block-embed is-type-video is-provider-youtube wp-block-embed-youtube wp-embed-aspect-4-3 wp-has-aspect-ratio\"><div class=\"wp-block-embed__wrapper\">\n<iframe loading=\"lazy\" title=\"FR_Message of Father Toma\u017e Mavri\u010d to the Daughters of Charity\" width=\"1080\" height=\"810\" src=\"https:\/\/www.youtube.com\/embed\/J0OETDgA0Ig?feature=oembed\"  allow=\"accelerometer; autoplay; clipboard-write; encrypted-media; gyroscope; picture-in-picture; web-share\" referrerpolicy=\"strict-origin-when-cross-origin\" allowfullscreen><\/iframe>\n<\/div><\/figure>\n","protected":false},"excerpt":{"rendered":"<p>Tous les ans, le 25 mars, en la f\u00eate de l\u2019Annonciation, les Filles de la Charit\u00e9 du monde entier renouvellent les v\u0153ux de chastet\u00e9, de pauvret\u00e9, d\u2019ob\u00e9issance et du service des pauvres. A cette occasion, le P\u00e8re Toma\u017e Mavri\u010d, Sup\u00e9rieur g\u00e9n\u00e9ral, est venu \u00e0 leur Maison-M\u00e8re \u00e0 Paris et a c\u00e9l\u00e9br\u00e9 l\u2019Eucharistie \u00e0 la Chapelle [&hellip;]<\/p>\n","protected":false},"author":5,"featured_media":49248,"comment_status":"closed","ping_status":"closed","sticky":false,"template":"","format":"standard","meta":{"_acf_changed":false,"_et_pb_use_builder":"","_et_pb_old_content":"","_et_gb_content_width":"","footnotes":"","_links_to":"","_links_to_target":""},"categories":[843,558],"tags":[],"class_list":["post-49247","post","type-post","status-publish","format-standard","has-post-thumbnail","hentry","category-international-fr","category-maison-mere-fr"],"acf":[],"yoast_head":"<!-- This site is optimized with the Yoast SEO plugin v27.5 - https:\/\/yoast.com\/product\/yoast-seo-wordpress\/ -->\n<title>Message du P\u00e8re Toma\u017e Mavri\u010d aux Filles de la Charit\u00e9 - Filles de la Charit\u00e9<\/title>\n<meta name=\"robots\" content=\"index, follow, max-snippet:-1, max-image-preview:large, max-video-preview:-1\" \/>\n<link rel=\"canonical\" href=\"https:\/\/filles-de-la-charite.org\/fr\/message-of-father-tomaz-mavric-to-the-daughters-of-charity\/\" \/>\n<meta property=\"og:locale\" content=\"fr_FR\" \/>\n<meta property=\"og:type\" content=\"article\" \/>\n<meta property=\"og:title\" content=\"Message du P\u00e8re Toma\u017e Mavri\u010d aux Filles de la Charit\u00e9 - Filles de la Charit\u00e9\" \/>\n<meta property=\"og:description\" content=\"Tous les ans, le 25 mars, en la f\u00eate de l\u2019Annonciation, les Filles de la Charit\u00e9 du monde entier renouvellent les v\u0153ux de chastet\u00e9, de pauvret\u00e9, d\u2019ob\u00e9issance et du service des pauvres. A cette occasion, le P\u00e8re Toma\u017e Mavri\u010d, Sup\u00e9rieur g\u00e9n\u00e9ral, est venu \u00e0 leur Maison-M\u00e8re \u00e0 Paris et a c\u00e9l\u00e9br\u00e9 l\u2019Eucharistie \u00e0 la Chapelle [&hellip;]\" \/>\n<meta property=\"og:url\" content=\"https:\/\/filles-de-la-charite.org\/fr\/message-of-father-tomaz-mavric-to-the-daughters-of-charity\/\" \/>\n<meta property=\"og:site_name\" content=\"Filles de la Charit\u00e9\" \/>\n<meta property=\"article:published_time\" content=\"2026-03-26T21:42:00+00:00\" \/>\n<meta property=\"og:image\" content=\"https:\/\/filles-de-la-charite.org\/wp-content\/uploads\/2026\/03\/WhatsApp-Image-2026-03-26-at-22.24.23.jpeg\" \/>\n\t<meta property=\"og:image:width\" content=\"1600\" \/>\n\t<meta property=\"og:image:height\" content=\"1063\" \/>\n\t<meta property=\"og:image:type\" content=\"image\/jpeg\" \/>\n<meta name=\"author\" content=\"SOR MARTA\" \/>\n<meta name=\"twitter:card\" content=\"summary_large_image\" \/>\n<meta name=\"twitter:label1\" content=\"\u00c9crit par\" \/>\n\t<meta name=\"twitter:data1\" content=\"SOR MARTA\" \/>\n\t<meta name=\"twitter:label2\" content=\"Dur\u00e9e de lecture estim\u00e9e\" \/>\n\t<meta name=\"twitter:data2\" content=\"1 minute\" \/>\n<script type=\"application\/ld+json\" class=\"yoast-schema-graph\">{\"@context\":\"https:\\\/\\\/schema.org\",\"@graph\":[{\"@type\":\"Article\",\"@id\":\"https:\\\/\\\/filles-de-la-charite.org\\\/fr\\\/message-of-father-tomaz-mavric-to-the-daughters-of-charity\\\/#article\",\"isPartOf\":{\"@id\":\"https:\\\/\\\/filles-de-la-charite.org\\\/fr\\\/message-of-father-tomaz-mavric-to-the-daughters-of-charity\\\/\"},\"author\":{\"name\":\"SOR MARTA\",\"@id\":\"https:\\\/\\\/filles-de-la-charite.org\\\/fr\\\/#\\\/schema\\\/person\\\/0c922b6ca71280639858d297b3a7209f\"},\"headline\":\"Message du P\u00e8re Toma\u017e Mavri\u010d aux Filles de la Charit\u00e9\",\"datePublished\":\"2026-03-26T21:42:00+00:00\",\"mainEntityOfPage\":{\"@id\":\"https:\\\/\\\/filles-de-la-charite.org\\\/fr\\\/message-of-father-tomaz-mavric-to-the-daughters-of-charity\\\/\"},\"wordCount\":99,\"publisher\":{\"@id\":\"https:\\\/\\\/filles-de-la-charite.org\\\/fr\\\/#organization\"},\"image\":{\"@id\":\"https:\\\/\\\/filles-de-la-charite.org\\\/fr\\\/message-of-father-tomaz-mavric-to-the-daughters-of-charity\\\/#primaryimage\"},\"thumbnailUrl\":\"https:\\\/\\\/filles-de-la-charite.org\\\/wp-content\\\/uploads\\\/2026\\\/03\\\/WhatsApp-Image-2026-03-26-at-22.24.23.jpeg\",\"articleSection\":[\"International\",\"Maison-M\u00e8re\"],\"inLanguage\":\"fr-FR\"},{\"@type\":\"WebPage\",\"@id\":\"https:\\\/\\\/filles-de-la-charite.org\\\/fr\\\/message-of-father-tomaz-mavric-to-the-daughters-of-charity\\\/\",\"url\":\"https:\\\/\\\/filles-de-la-charite.org\\\/fr\\\/message-of-father-tomaz-mavric-to-the-daughters-of-charity\\\/\",\"name\":\"Message du P\u00e8re Toma\u017e Mavri\u010d aux Filles de la Charit\u00e9 - Filles de la Charit\u00e9\",\"isPartOf\":{\"@id\":\"https:\\\/\\\/filles-de-la-charite.org\\\/fr\\\/#website\"},\"primaryImageOfPage\":{\"@id\":\"https:\\\/\\\/filles-de-la-charite.org\\\/fr\\\/message-of-father-tomaz-mavric-to-the-daughters-of-charity\\\/#primaryimage\"},\"image\":{\"@id\":\"https:\\\/\\\/filles-de-la-charite.org\\\/fr\\\/message-of-father-tomaz-mavric-to-the-daughters-of-charity\\\/#primaryimage\"},\"thumbnailUrl\":\"https:\\\/\\\/filles-de-la-charite.org\\\/wp-content\\\/uploads\\\/2026\\\/03\\\/WhatsApp-Image-2026-03-26-at-22.24.23.jpeg\",\"datePublished\":\"2026-03-26T21:42:00+00:00\",\"breadcrumb\":{\"@id\":\"https:\\\/\\\/filles-de-la-charite.org\\\/fr\\\/message-of-father-tomaz-mavric-to-the-daughters-of-charity\\\/#breadcrumb\"},\"inLanguage\":\"fr-FR\",\"potentialAction\":[{\"@type\":\"ReadAction\",\"target\":[\"https:\\\/\\\/filles-de-la-charite.org\\\/fr\\\/message-of-father-tomaz-mavric-to-the-daughters-of-charity\\\/\"]}]},{\"@type\":\"ImageObject\",\"inLanguage\":\"fr-FR\",\"@id\":\"https:\\\/\\\/filles-de-la-charite.org\\\/fr\\\/message-of-father-tomaz-mavric-to-the-daughters-of-charity\\\/#primaryimage\",\"url\":\"https:\\\/\\\/filles-de-la-charite.org\\\/wp-content\\\/uploads\\\/2026\\\/03\\\/WhatsApp-Image-2026-03-26-at-22.24.23.jpeg\",\"contentUrl\":\"https:\\\/\\\/filles-de-la-charite.org\\\/wp-content\\\/uploads\\\/2026\\\/03\\\/WhatsApp-Image-2026-03-26-at-22.24.23.jpeg\",\"width\":1600,\"height\":1063},{\"@type\":\"BreadcrumbList\",\"@id\":\"https:\\\/\\\/filles-de-la-charite.org\\\/fr\\\/message-of-father-tomaz-mavric-to-the-daughters-of-charity\\\/#breadcrumb\",\"itemListElement\":[{\"@type\":\"ListItem\",\"position\":1,\"name\":\"International\",\"item\":\"https:\\\/\\\/filles-de-la-charite.org\\\/fr\\\/category\\\/international-fr\\\/\"},{\"@type\":\"ListItem\",\"position\":2,\"name\":\"Message du P\u00e8re Toma\u017e Mavri\u010d aux Filles de la Charit\u00e9\"}]},{\"@type\":\"WebSite\",\"@id\":\"https:\\\/\\\/filles-de-la-charite.org\\\/fr\\\/#website\",\"url\":\"https:\\\/\\\/filles-de-la-charite.org\\\/fr\\\/\",\"name\":\"Hijas de la Caridad\",\"description\":\"L\u2019amour de J\u00e9sus nous presse \u00e0 prendre soin des personnes les plus d\u00e9munies\",\"publisher\":{\"@id\":\"https:\\\/\\\/filles-de-la-charite.org\\\/fr\\\/#organization\"},\"potentialAction\":[{\"@type\":\"SearchAction\",\"target\":{\"@type\":\"EntryPoint\",\"urlTemplate\":\"https:\\\/\\\/filles-de-la-charite.org\\\/fr\\\/?s={search_term_string}\"},\"query-input\":{\"@type\":\"PropertyValueSpecification\",\"valueRequired\":true,\"valueName\":\"search_term_string\"}}],\"inLanguage\":\"fr-FR\"},{\"@type\":\"Organization\",\"@id\":\"https:\\\/\\\/filles-de-la-charite.org\\\/fr\\\/#organization\",\"name\":\"Hijas de la Caridad\",\"url\":\"https:\\\/\\\/filles-de-la-charite.org\\\/fr\\\/\",\"logo\":{\"@type\":\"ImageObject\",\"inLanguage\":\"fr-FR\",\"@id\":\"https:\\\/\\\/filles-de-la-charite.org\\\/fr\\\/#\\\/schema\\\/logo\\\/image\\\/\",\"url\":\"https:\\\/\\\/filles-de-la-charite.org\\\/wp-content\\\/uploads\\\/2023\\\/03\\\/isotipo-Hijas-de-la-Caridad.png\",\"contentUrl\":\"https:\\\/\\\/filles-de-la-charite.org\\\/wp-content\\\/uploads\\\/2023\\\/03\\\/isotipo-Hijas-de-la-Caridad.png\",\"width\":1417,\"height\":1417,\"caption\":\"Hijas de la Caridad\"},\"image\":{\"@id\":\"https:\\\/\\\/filles-de-la-charite.org\\\/fr\\\/#\\\/schema\\\/logo\\\/image\\\/\"}},{\"@type\":\"Person\",\"@id\":\"https:\\\/\\\/filles-de-la-charite.org\\\/fr\\\/#\\\/schema\\\/person\\\/0c922b6ca71280639858d297b3a7209f\",\"name\":\"SOR MARTA\",\"image\":{\"@type\":\"ImageObject\",\"inLanguage\":\"fr-FR\",\"@id\":\"https:\\\/\\\/secure.gravatar.com\\\/avatar\\\/d2c45b0fd6bf2d3e2670ab3d112257c24ac80fa960360bba1bdc0676485d1d09?s=96&d=mm&r=g\",\"url\":\"https:\\\/\\\/secure.gravatar.com\\\/avatar\\\/d2c45b0fd6bf2d3e2670ab3d112257c24ac80fa960360bba1bdc0676485d1d09?s=96&d=mm&r=g\",\"contentUrl\":\"https:\\\/\\\/secure.gravatar.com\\\/avatar\\\/d2c45b0fd6bf2d3e2670ab3d112257c24ac80fa960360bba1bdc0676485d1d09?s=96&d=mm&r=g\",\"caption\":\"SOR MARTA\"},\"url\":\"https:\\\/\\\/filles-de-la-charite.org\\\/fr\\\/author\\\/martaemn\\\/\"}]}<\/script>\n<!-- \/ Yoast SEO plugin. -->","yoast_head_json":{"title":"Message du P\u00e8re Toma\u017e Mavri\u010d aux Filles de la Charit\u00e9 - Filles de la Charit\u00e9","robots":{"index":"index","follow":"follow","max-snippet":"max-snippet:-1","max-image-preview":"max-image-preview:large","max-video-preview":"max-video-preview:-1"},"canonical":"https:\/\/filles-de-la-charite.org\/fr\/message-of-father-tomaz-mavric-to-the-daughters-of-charity\/","og_locale":"fr_FR","og_type":"article","og_title":"Message du P\u00e8re Toma\u017e Mavri\u010d aux Filles de la Charit\u00e9 - Filles de la Charit\u00e9","og_description":"Tous les ans, le 25 mars, en la f\u00eate de l\u2019Annonciation, les Filles de la Charit\u00e9 du monde entier renouvellent les v\u0153ux de chastet\u00e9, de pauvret\u00e9, d\u2019ob\u00e9issance et du service des pauvres. A cette occasion, le P\u00e8re Toma\u017e Mavri\u010d, Sup\u00e9rieur g\u00e9n\u00e9ral, est venu \u00e0 leur Maison-M\u00e8re \u00e0 Paris et a c\u00e9l\u00e9br\u00e9 l\u2019Eucharistie \u00e0 la Chapelle [&hellip;]","og_url":"https:\/\/filles-de-la-charite.org\/fr\/message-of-father-tomaz-mavric-to-the-daughters-of-charity\/","og_site_name":"Filles de la Charit\u00e9","article_published_time":"2026-03-26T21:42:00+00:00","og_image":[{"width":1600,"height":1063,"url":"https:\/\/filles-de-la-charite.org\/wp-content\/uploads\/2026\/03\/WhatsApp-Image-2026-03-26-at-22.24.23.jpeg","type":"image\/jpeg"}],"author":"SOR MARTA","twitter_card":"summary_large_image","twitter_misc":{"\u00c9crit par":"SOR MARTA","Dur\u00e9e de lecture estim\u00e9e":"1 minute"},"schema":{"@context":"https:\/\/schema.org","@graph":[{"@type":"Article","@id":"https:\/\/filles-de-la-charite.org\/fr\/message-of-father-tomaz-mavric-to-the-daughters-of-charity\/#article","isPartOf":{"@id":"https:\/\/filles-de-la-charite.org\/fr\/message-of-father-tomaz-mavric-to-the-daughters-of-charity\/"},"author":{"name":"SOR MARTA","@id":"https:\/\/filles-de-la-charite.org\/fr\/#\/schema\/person\/0c922b6ca71280639858d297b3a7209f"},"headline":"Message du P\u00e8re Toma\u017e Mavri\u010d aux Filles de la Charit\u00e9","datePublished":"2026-03-26T21:42:00+00:00","mainEntityOfPage":{"@id":"https:\/\/filles-de-la-charite.org\/fr\/message-of-father-tomaz-mavric-to-the-daughters-of-charity\/"},"wordCount":99,"publisher":{"@id":"https:\/\/filles-de-la-charite.org\/fr\/#organization"},"image":{"@id":"https:\/\/filles-de-la-charite.org\/fr\/message-of-father-tomaz-mavric-to-the-daughters-of-charity\/#primaryimage"},"thumbnailUrl":"https:\/\/filles-de-la-charite.org\/wp-content\/uploads\/2026\/03\/WhatsApp-Image-2026-03-26-at-22.24.23.jpeg","articleSection":["International","Maison-M\u00e8re"],"inLanguage":"fr-FR"},{"@type":"WebPage","@id":"https:\/\/filles-de-la-charite.org\/fr\/message-of-father-tomaz-mavric-to-the-daughters-of-charity\/","url":"https:\/\/filles-de-la-charite.org\/fr\/message-of-father-tomaz-mavric-to-the-daughters-of-charity\/","name":"Message du P\u00e8re Toma\u017e Mavri\u010d aux Filles de la Charit\u00e9 - Filles de la Charit\u00e9","isPartOf":{"@id":"https:\/\/filles-de-la-charite.org\/fr\/#website"},"primaryImageOfPage":{"@id":"https:\/\/filles-de-la-charite.org\/fr\/message-of-father-tomaz-mavric-to-the-daughters-of-charity\/#primaryimage"},"image":{"@id":"https:\/\/filles-de-la-charite.org\/fr\/message-of-father-tomaz-mavric-to-the-daughters-of-charity\/#primaryimage"},"thumbnailUrl":"https:\/\/filles-de-la-charite.org\/wp-content\/uploads\/2026\/03\/WhatsApp-Image-2026-03-26-at-22.24.23.jpeg","datePublished":"2026-03-26T21:42:00+00:00","breadcrumb":{"@id":"https:\/\/filles-de-la-charite.org\/fr\/message-of-father-tomaz-mavric-to-the-daughters-of-charity\/#breadcrumb"},"inLanguage":"fr-FR","potentialAction":[{"@type":"ReadAction","target":["https:\/\/filles-de-la-charite.org\/fr\/message-of-father-tomaz-mavric-to-the-daughters-of-charity\/"]}]},{"@type":"ImageObject","inLanguage":"fr-FR","@id":"https:\/\/filles-de-la-charite.org\/fr\/message-of-father-tomaz-mavric-to-the-daughters-of-charity\/#primaryimage","url":"https:\/\/filles-de-la-charite.org\/wp-content\/uploads\/2026\/03\/WhatsApp-Image-2026-03-26-at-22.24.23.jpeg","contentUrl":"https:\/\/filles-de-la-charite.org\/wp-content\/uploads\/2026\/03\/WhatsApp-Image-2026-03-26-at-22.24.23.jpeg","width":1600,"height":1063},{"@type":"BreadcrumbList","@id":"https:\/\/filles-de-la-charite.org\/fr\/message-of-father-tomaz-mavric-to-the-daughters-of-charity\/#breadcrumb","itemListElement":[{"@type":"ListItem","position":1,"name":"International","item":"https:\/\/filles-de-la-charite.org\/fr\/category\/international-fr\/"},{"@type":"ListItem","position":2,"name":"Message du P\u00e8re Toma\u017e Mavri\u010d aux Filles de la Charit\u00e9"}]},{"@type":"WebSite","@id":"https:\/\/filles-de-la-charite.org\/fr\/#website","url":"https:\/\/filles-de-la-charite.org\/fr\/","name":"Hijas de la Caridad","description":"L\u2019amour de J\u00e9sus nous presse \u00e0 prendre soin des personnes les plus d\u00e9munies","publisher":{"@id":"https:\/\/filles-de-la-charite.org\/fr\/#organization"},"potentialAction":[{"@type":"SearchAction","target":{"@type":"EntryPoint","urlTemplate":"https:\/\/filles-de-la-charite.org\/fr\/?s={search_term_string}"},"query-input":{"@type":"PropertyValueSpecification","valueRequired":true,"valueName":"search_term_string"}}],"inLanguage":"fr-FR"},{"@type":"Organization","@id":"https:\/\/filles-de-la-charite.org\/fr\/#organization","name":"Hijas de la Caridad","url":"https:\/\/filles-de-la-charite.org\/fr\/","logo":{"@type":"ImageObject","inLanguage":"fr-FR","@id":"https:\/\/filles-de-la-charite.org\/fr\/#\/schema\/logo\/image\/","url":"https:\/\/filles-de-la-charite.org\/wp-content\/uploads\/2023\/03\/isotipo-Hijas-de-la-Caridad.png","contentUrl":"https:\/\/filles-de-la-charite.org\/wp-content\/uploads\/2023\/03\/isotipo-Hijas-de-la-Caridad.png","width":1417,"height":1417,"caption":"Hijas de la Caridad"},"image":{"@id":"https:\/\/filles-de-la-charite.org\/fr\/#\/schema\/logo\/image\/"}},{"@type":"Person","@id":"https:\/\/filles-de-la-charite.org\/fr\/#\/schema\/person\/0c922b6ca71280639858d297b3a7209f","name":"SOR MARTA","image":{"@type":"ImageObject","inLanguage":"fr-FR","@id":"https:\/\/secure.gravatar.com\/avatar\/d2c45b0fd6bf2d3e2670ab3d112257c24ac80fa960360bba1bdc0676485d1d09?s=96&d=mm&r=g","url":"https:\/\/secure.gravatar.com\/avatar\/d2c45b0fd6bf2d3e2670ab3d112257c24ac80fa960360bba1bdc0676485d1d09?s=96&d=mm&r=g","contentUrl":"https:\/\/secure.gravatar.com\/avatar\/d2c45b0fd6bf2d3e2670ab3d112257c24ac80fa960360bba1bdc0676485d1d09?s=96&d=mm&r=g","caption":"SOR MARTA"},"url":"https:\/\/filles-de-la-charite.org\/fr\/author\/martaemn\/"}]}},"_links":{"self":[{"href":"https:\/\/filles-de-la-charite.org\/fr\/wp-json\/wp\/v2\/posts\/49247","targetHints":{"allow":["GET"]}}],"collection":[{"href":"https:\/\/filles-de-la-charite.org\/fr\/wp-json\/wp\/v2\/posts"}],"about":[{"href":"https:\/\/filles-de-la-charite.org\/fr\/wp-json\/wp\/v2\/types\/post"}],"author":[{"embeddable":true,"href":"https:\/\/filles-de-la-charite.org\/fr\/wp-json\/wp\/v2\/users\/5"}],"replies":[{"embeddable":true,"href":"https:\/\/filles-de-la-charite.org\/fr\/wp-json\/wp\/v2\/comments?post=49247"}],"version-history":[{"count":2,"href":"https:\/\/filles-de-la-charite.org\/fr\/wp-json\/wp\/v2\/posts\/49247\/revisions"}],"predecessor-version":[{"id":49251,"href":"https:\/\/filles-de-la-charite.org\/fr\/wp-json\/wp\/v2\/posts\/49247\/revisions\/49251"}],"wp:featuredmedia":[{"embeddable":true,"href":"https:\/\/filles-de-la-charite.org\/fr\/wp-json\/wp\/v2\/media\/49248"}],"wp:attachment":[{"href":"https:\/\/filles-de-la-charite.org\/fr\/wp-json\/wp\/v2\/media?parent=49247"}],"wp:term":[{"taxonomy":"category","embeddable":true,"href":"https:\/\/filles-de-la-charite.org\/fr\/wp-json\/wp\/v2\/categories?post=49247"},{"taxonomy":"post_tag","embeddable":true,"href":"https:\/\/filles-de-la-charite.org\/fr\/wp-json\/wp\/v2\/tags?post=49247"}],"curies":[{"name":"wp","href":"https:\/\/api.w.org\/{rel}","templated":true}]}}