{"id":49673,"date":"2026-04-10T00:00:00","date_gmt":"2026-04-09T22:00:00","guid":{"rendered":"https:\/\/filles-de-la-charite.org\/bajo-la-proteccion-del-sagrado-corazon\/"},"modified":"2026-04-30T11:10:47","modified_gmt":"2026-04-30T09:10:47","slug":"bajo-la-proteccion-del-sagrado-corazon","status":"publish","type":"post","link":"https:\/\/filles-de-la-charite.org\/fr\/bajo-la-proteccion-del-sagrado-corazon\/","title":{"rendered":"Sous la protection du Sacr\u00e9-C\u0153ur"},"content":{"rendered":"\n<p>En 2026, l\u2019\u00c9glise catholique latine en Ukraine se rassemble autour du myst\u00e8re du Sacr\u00e9-C\u0153ur de J\u00e9sus pour contempler son amour, r\u00e9parer les p\u00e9ch\u00e9s et implorer le don de la paix, ainsi qu\u2019un renouveau spirituel pour notre patrie.<\/p>\n\n\n\n<p>Dans chaque paroisse, une image du Sacr\u00e9-C\u0153ur de J\u00e9sus a \u00e9t\u00e9 confi\u00e9e aux familles, qui l\u2019accueillent dans leurs foyers pour prier ensemble, afin que le Sacr\u00e9-C\u0153ur soit glorifi\u00e9 dans chaque maison.<\/p>\n\n\n\n<figure class=\"wp-block-image size-large\"><img loading=\"lazy\" decoding=\"async\" width=\"768\" height=\"1024\" src=\"https:\/\/filles-de-la-charite.org\/wp-content\/uploads\/2026\/04\/WhatsApp-Image-2026-03-31-at-04.55.24-768x1024.jpeg\" alt=\"\" class=\"wp-image-49472\"\/><\/figure>\n\n\n\n<p>Notre communaut\u00e9 d\u2019Odessa a elle aussi re\u00e7u une image du Sacr\u00e9-C\u0153ur, plac\u00e9e dans notre chapelle. Apr\u00e8s chaque nuit agit\u00e9e, lorsque les roquettes ou les drones se font entendre pr\u00e8s de chez nous, ou lorsque la d\u00e9fense a\u00e9rienne est en action, nous venons dans la chapelle et, levant les yeux vers le Sacr\u00e9-C\u0153ur de J\u00e9sus, nous disons : Seigneur, Dieu Tout-Puissant, toi qui nous as permis de voir ce jour\u2026<br>Ces paroles deviennent, chaque matin, une expression profonde de gratitude envers Dieu qui veille sur nous.<br>La Providence nous prot\u00e8ge lors des alertes aux missiles ; jusqu\u2019\u00e0 pr\u00e9sent, personne n\u2019a \u00e9t\u00e9 bless\u00e9.<br>Elle nous soutient aussi dans l\u2019obscurit\u00e9 provoqu\u00e9e par les coupures d\u2019\u00e9lectricit\u00e9 : gr\u00e2ce \u00e0 un g\u00e9n\u00e9rateur offert par notre \u00e9v\u00eaque, nous avons un peu de lumi\u00e8re.<br><br>Nous faisons \u00e9galement l\u2019exp\u00e9rience de cette sollicitude \u00e0 travers la pr\u00e9sence et le service du P\u00e8re Anatol Towkan, CM, qui nous accompagne spirituellement et apporte une aide humanitaire, ainsi qu\u2019\u00e0 travers tant de personnes que Dieu met sur notre route pour soutenir les pauvres.<br>Nous pensons, par exemple, au P\u00e8re Michael, venu des \u00c9tats-Unis pour visiter et soutenir notre mission, ou encore \u00e0 M. Eugeniusz d\u2019Odessa, qui a rempli le r\u00e9servoir de notre voiture lorsque le prix du carburant avait augment\u00e9, nous assurant son aide afin que nous puissions continuer \u00e0 rejoindre les pauvres.<br><br>En ce temps difficile, Dieu met sur notre route des personnes g\u00e9n\u00e9reuses avec lesquelles nous collaborons. Elles d\u00e9sirent conna\u00eetre notre charisme, l\u2019incarner dans leur propre vie et le partager avec les pauvres.<br>C\u2019est avec admiration que nous contemplons cette Providence qui veille sur nous, cherchant \u00e0 lui rendre gr\u00e2ce et \u00e0 demeurer fid\u00e8les.<br><br>Comme un \u00e9cho de la spiritualit\u00e9 de sainte Louise de Marillac, cette conviction peut nous accompagner :<br>Ne craignons pas l\u2019avenir ; fortifions-nous par le saint amour, source de notre confiance en la Providence de Dieu.<br>Sous la protection du Sacr\u00e9-C\u0153ur, m\u00eame au milieu de la guerre, grandit une confiance qui ne nie pas l\u2019\u00e9preuve, mais la traverse avec esp\u00e9rance.<\/p>\n\n\n\n<p>Le t\u00e9moignage de nos S\u0153urs d\u2019Ukraine rappelle que la Providence se manifeste non seulement dans les grands \u00e9v\u00e9nements, mais aussi dans ces signes humbles et quotidiens par lesquels Dieu continue de prendre soin de son peuple.<br>Sous le regard du Sacr\u00e9-C\u0153ur, la souffrance n\u2019a pas le dernier mot ; l\u2019esp\u00e9rance demeure, et la charit\u00e9 poursuit son chemin.<\/p>\n\n\n\n<div class=\"wp-block-responsive-lightbox-gallery\"><div class=\"et_pb_slider et_pb_slider_fullwidth_off et_pb_gallery_post_type\">\n\t\t\t\t<div class=\"et_pb_slides\">\n\t\t\t\t\t<div class=\"et_pb_slide\" style=\"background: url(https:\/\/filles-de-la-charite.org\/wp-content\/uploads\/2026\/04\/IMG-9421a44cc42aa3352b2c884f97ff927f-V.jpg);\"><\/div><div class=\"et_pb_slide\" style=\"background: url(https:\/\/filles-de-la-charite.org\/wp-content\/uploads\/2026\/04\/IMG-20250211-WA0026.jpg);\"><\/div><div class=\"et_pb_slide\" style=\"background: url(https:\/\/filles-de-la-charite.org\/wp-content\/uploads\/2026\/04\/PHOTO_20230427_123104-scaled.jpg);\"><\/div><div class=\"et_pb_slide\" style=\"background: url(https:\/\/filles-de-la-charite.org\/wp-content\/uploads\/2026\/04\/FB_IMG_1773156489723.jpg);\"><\/div><div class=\"et_pb_slide\" style=\"background: url(https:\/\/filles-de-la-charite.org\/wp-content\/uploads\/2026\/04\/IMG_20241230_121725-scaled.jpg);\"><\/div><div class=\"et_pb_slide\" style=\"background: url(https:\/\/filles-de-la-charite.org\/wp-content\/uploads\/2026\/04\/IMG_20251204_132555-scaled.jpg);\"><\/div><div class=\"et_pb_slide\" style=\"background: url(https:\/\/filles-de-la-charite.org\/wp-content\/uploads\/2026\/04\/IMG-9e834dcb37b1fe5eeab1fef7e1ec51be-V.jpg);\"><\/div><div class=\"et_pb_slide\" style=\"background: url(https:\/\/filles-de-la-charite.org\/wp-content\/uploads\/2026\/04\/WhatsApp-Image-2026-03-31-at-04.55.24.jpeg);\"><\/div>\n\t\t\t\t<\/div>\n\t\t\t<\/div><\/div>\n","protected":false},"excerpt":{"rendered":"<p>En 2026, l\u2019\u00c9glise catholique latine en Ukraine se rassemble autour du myst\u00e8re du Sacr\u00e9-C\u0153ur de J\u00e9sus pour contempler son amour, r\u00e9parer les p\u00e9ch\u00e9s et implorer le don de la paix, ainsi qu\u2019un renouveau spirituel pour notre patrie. Dans chaque paroisse, une image du Sacr\u00e9-C\u0153ur de J\u00e9sus a \u00e9t\u00e9 confi\u00e9e aux familles, qui l\u2019accueillent dans leurs [&hellip;]<\/p>\n","protected":false},"author":5,"featured_media":49674,"comment_status":"closed","ping_status":"closed","sticky":false,"template":"","format":"standard","meta":{"_acf_changed":false,"footnotes":"","_links_to":"","_links_to_target":""},"categories":[735],"tags":[],"class_list":["post-49673","post","type-post","status-publish","format-standard","has-post-thumbnail","hentry","category-cracovia-fr"],"acf":[],"yoast_head":"<!-- This site is optimized with the Yoast SEO plugin v27.5 - https:\/\/yoast.com\/product\/yoast-seo-wordpress\/ -->\n<title>Sous la protection du Sacr\u00e9-C\u0153ur - Filles de la Charit\u00e9<\/title>\n<meta name=\"robots\" content=\"index, follow, max-snippet:-1, max-image-preview:large, max-video-preview:-1\" \/>\n<link rel=\"canonical\" href=\"https:\/\/filles-de-la-charite.org\/fr\/bajo-la-proteccion-del-sagrado-corazon\/\" \/>\n<meta property=\"og:locale\" content=\"fr_FR\" \/>\n<meta property=\"og:type\" content=\"article\" \/>\n<meta property=\"og:title\" content=\"Sous la protection du Sacr\u00e9-C\u0153ur - Filles de la Charit\u00e9\" \/>\n<meta property=\"og:description\" content=\"En 2026, l\u2019\u00c9glise catholique latine en Ukraine se rassemble autour du myst\u00e8re du Sacr\u00e9-C\u0153ur de J\u00e9sus pour contempler son amour, r\u00e9parer les p\u00e9ch\u00e9s et implorer le don de la paix, ainsi qu\u2019un renouveau spirituel pour notre patrie. Dans chaque paroisse, une image du Sacr\u00e9-C\u0153ur de J\u00e9sus a \u00e9t\u00e9 confi\u00e9e aux familles, qui l\u2019accueillent dans leurs [&hellip;]\" \/>\n<meta property=\"og:url\" content=\"https:\/\/filles-de-la-charite.org\/fr\/bajo-la-proteccion-del-sagrado-corazon\/\" \/>\n<meta property=\"og:site_name\" content=\"Filles de la Charit\u00e9\" \/>\n<meta property=\"article:published_time\" content=\"2026-04-09T22:00:00+00:00\" \/>\n<meta property=\"article:modified_time\" content=\"2026-04-30T09:10:47+00:00\" \/>\n<meta property=\"og:image\" content=\"https:\/\/filles-de-la-charite.org\/wp-content\/uploads\/2026\/04\/IMG-20250211-WA0026-6.jpg\" \/>\n\t<meta property=\"og:image:width\" content=\"1600\" \/>\n\t<meta property=\"og:image:height\" content=\"900\" \/>\n\t<meta property=\"og:image:type\" content=\"image\/jpeg\" \/>\n<meta name=\"author\" content=\"SOR MARTA\" \/>\n<meta name=\"twitter:card\" content=\"summary_large_image\" \/>\n<meta name=\"twitter:label1\" content=\"\u00c9crit par\" \/>\n\t<meta name=\"twitter:data1\" content=\"SOR MARTA\" \/>\n\t<meta name=\"twitter:label2\" content=\"Dur\u00e9e de lecture estim\u00e9e\" \/>\n\t<meta name=\"twitter:data2\" content=\"3 minutes\" \/>\n<script type=\"application\/ld+json\" class=\"yoast-schema-graph\">{\"@context\":\"https:\\\/\\\/schema.org\",\"@graph\":[{\"@type\":\"Article\",\"@id\":\"https:\\\/\\\/filles-de-la-charite.org\\\/fr\\\/bajo-la-proteccion-del-sagrado-corazon\\\/#article\",\"isPartOf\":{\"@id\":\"https:\\\/\\\/filles-de-la-charite.org\\\/fr\\\/bajo-la-proteccion-del-sagrado-corazon\\\/\"},\"author\":{\"name\":\"SOR MARTA\",\"@id\":\"https:\\\/\\\/filles-de-la-charite.org\\\/fr\\\/#\\\/schema\\\/person\\\/0c922b6ca71280639858d297b3a7209f\"},\"headline\":\"Sous la protection du Sacr\u00e9-C\u0153ur\",\"datePublished\":\"2026-04-09T22:00:00+00:00\",\"dateModified\":\"2026-04-30T09:10:47+00:00\",\"mainEntityOfPage\":{\"@id\":\"https:\\\/\\\/filles-de-la-charite.org\\\/fr\\\/bajo-la-proteccion-del-sagrado-corazon\\\/\"},\"wordCount\":526,\"publisher\":{\"@id\":\"https:\\\/\\\/filles-de-la-charite.org\\\/fr\\\/#organization\"},\"image\":{\"@id\":\"https:\\\/\\\/filles-de-la-charite.org\\\/fr\\\/bajo-la-proteccion-del-sagrado-corazon\\\/#primaryimage\"},\"thumbnailUrl\":\"https:\\\/\\\/filles-de-la-charite.org\\\/wp-content\\\/uploads\\\/2026\\\/04\\\/IMG-20250211-WA0026-6.jpg\",\"articleSection\":[\"Cracovie\"],\"inLanguage\":\"fr-FR\"},{\"@type\":\"WebPage\",\"@id\":\"https:\\\/\\\/filles-de-la-charite.org\\\/fr\\\/bajo-la-proteccion-del-sagrado-corazon\\\/\",\"url\":\"https:\\\/\\\/filles-de-la-charite.org\\\/fr\\\/bajo-la-proteccion-del-sagrado-corazon\\\/\",\"name\":\"Sous la protection du Sacr\u00e9-C\u0153ur - Filles de la Charit\u00e9\",\"isPartOf\":{\"@id\":\"https:\\\/\\\/filles-de-la-charite.org\\\/fr\\\/#website\"},\"primaryImageOfPage\":{\"@id\":\"https:\\\/\\\/filles-de-la-charite.org\\\/fr\\\/bajo-la-proteccion-del-sagrado-corazon\\\/#primaryimage\"},\"image\":{\"@id\":\"https:\\\/\\\/filles-de-la-charite.org\\\/fr\\\/bajo-la-proteccion-del-sagrado-corazon\\\/#primaryimage\"},\"thumbnailUrl\":\"https:\\\/\\\/filles-de-la-charite.org\\\/wp-content\\\/uploads\\\/2026\\\/04\\\/IMG-20250211-WA0026-6.jpg\",\"datePublished\":\"2026-04-09T22:00:00+00:00\",\"dateModified\":\"2026-04-30T09:10:47+00:00\",\"breadcrumb\":{\"@id\":\"https:\\\/\\\/filles-de-la-charite.org\\\/fr\\\/bajo-la-proteccion-del-sagrado-corazon\\\/#breadcrumb\"},\"inLanguage\":\"fr-FR\",\"potentialAction\":[{\"@type\":\"ReadAction\",\"target\":[\"https:\\\/\\\/filles-de-la-charite.org\\\/fr\\\/bajo-la-proteccion-del-sagrado-corazon\\\/\"]}]},{\"@type\":\"ImageObject\",\"inLanguage\":\"fr-FR\",\"@id\":\"https:\\\/\\\/filles-de-la-charite.org\\\/fr\\\/bajo-la-proteccion-del-sagrado-corazon\\\/#primaryimage\",\"url\":\"https:\\\/\\\/filles-de-la-charite.org\\\/wp-content\\\/uploads\\\/2026\\\/04\\\/IMG-20250211-WA0026-6.jpg\",\"contentUrl\":\"https:\\\/\\\/filles-de-la-charite.org\\\/wp-content\\\/uploads\\\/2026\\\/04\\\/IMG-20250211-WA0026-6.jpg\",\"width\":1600,\"height\":900},{\"@type\":\"BreadcrumbList\",\"@id\":\"https:\\\/\\\/filles-de-la-charite.org\\\/fr\\\/bajo-la-proteccion-del-sagrado-corazon\\\/#breadcrumb\",\"itemListElement\":[{\"@type\":\"ListItem\",\"position\":1,\"name\":\"Province de Slovaquie\",\"item\":\"https:\\\/\\\/filles-de-la-charite.org\\\/fr\\\/category\\\/provincia-de-eslovaquia-fr\\\/\"},{\"@type\":\"ListItem\",\"position\":2,\"name\":\"Sous la protection du Sacr\u00e9-C\u0153ur\"}]},{\"@type\":\"WebSite\",\"@id\":\"https:\\\/\\\/filles-de-la-charite.org\\\/fr\\\/#website\",\"url\":\"https:\\\/\\\/filles-de-la-charite.org\\\/fr\\\/\",\"name\":\"Hijas de la Caridad\",\"description\":\"L\u2019amour de J\u00e9sus nous presse \u00e0 prendre soin des personnes les plus d\u00e9munies\",\"publisher\":{\"@id\":\"https:\\\/\\\/filles-de-la-charite.org\\\/fr\\\/#organization\"},\"potentialAction\":[{\"@type\":\"SearchAction\",\"target\":{\"@type\":\"EntryPoint\",\"urlTemplate\":\"https:\\\/\\\/filles-de-la-charite.org\\\/fr\\\/?s={search_term_string}\"},\"query-input\":{\"@type\":\"PropertyValueSpecification\",\"valueRequired\":true,\"valueName\":\"search_term_string\"}}],\"inLanguage\":\"fr-FR\"},{\"@type\":\"Organization\",\"@id\":\"https:\\\/\\\/filles-de-la-charite.org\\\/fr\\\/#organization\",\"name\":\"Hijas de la Caridad\",\"url\":\"https:\\\/\\\/filles-de-la-charite.org\\\/fr\\\/\",\"logo\":{\"@type\":\"ImageObject\",\"inLanguage\":\"fr-FR\",\"@id\":\"https:\\\/\\\/filles-de-la-charite.org\\\/fr\\\/#\\\/schema\\\/logo\\\/image\\\/\",\"url\":\"https:\\\/\\\/filles-de-la-charite.org\\\/wp-content\\\/uploads\\\/2023\\\/03\\\/isotipo-Hijas-de-la-Caridad.png\",\"contentUrl\":\"https:\\\/\\\/filles-de-la-charite.org\\\/wp-content\\\/uploads\\\/2023\\\/03\\\/isotipo-Hijas-de-la-Caridad.png\",\"width\":1417,\"height\":1417,\"caption\":\"Hijas de la Caridad\"},\"image\":{\"@id\":\"https:\\\/\\\/filles-de-la-charite.org\\\/fr\\\/#\\\/schema\\\/logo\\\/image\\\/\"}},{\"@type\":\"Person\",\"@id\":\"https:\\\/\\\/filles-de-la-charite.org\\\/fr\\\/#\\\/schema\\\/person\\\/0c922b6ca71280639858d297b3a7209f\",\"name\":\"SOR MARTA\",\"image\":{\"@type\":\"ImageObject\",\"inLanguage\":\"fr-FR\",\"@id\":\"https:\\\/\\\/secure.gravatar.com\\\/avatar\\\/d2c45b0fd6bf2d3e2670ab3d112257c24ac80fa960360bba1bdc0676485d1d09?s=96&d=mm&r=g\",\"url\":\"https:\\\/\\\/secure.gravatar.com\\\/avatar\\\/d2c45b0fd6bf2d3e2670ab3d112257c24ac80fa960360bba1bdc0676485d1d09?s=96&d=mm&r=g\",\"contentUrl\":\"https:\\\/\\\/secure.gravatar.com\\\/avatar\\\/d2c45b0fd6bf2d3e2670ab3d112257c24ac80fa960360bba1bdc0676485d1d09?s=96&d=mm&r=g\",\"caption\":\"SOR MARTA\"},\"url\":\"https:\\\/\\\/filles-de-la-charite.org\\\/fr\\\/author\\\/martaemn\\\/\"}]}<\/script>\n<!-- \/ Yoast SEO plugin. -->","yoast_head_json":{"title":"Sous la protection du Sacr\u00e9-C\u0153ur - Filles de la Charit\u00e9","robots":{"index":"index","follow":"follow","max-snippet":"max-snippet:-1","max-image-preview":"max-image-preview:large","max-video-preview":"max-video-preview:-1"},"canonical":"https:\/\/filles-de-la-charite.org\/fr\/bajo-la-proteccion-del-sagrado-corazon\/","og_locale":"fr_FR","og_type":"article","og_title":"Sous la protection du Sacr\u00e9-C\u0153ur - Filles de la Charit\u00e9","og_description":"En 2026, l\u2019\u00c9glise catholique latine en Ukraine se rassemble autour du myst\u00e8re du Sacr\u00e9-C\u0153ur de J\u00e9sus pour contempler son amour, r\u00e9parer les p\u00e9ch\u00e9s et implorer le don de la paix, ainsi qu\u2019un renouveau spirituel pour notre patrie. Dans chaque paroisse, une image du Sacr\u00e9-C\u0153ur de J\u00e9sus a \u00e9t\u00e9 confi\u00e9e aux familles, qui l\u2019accueillent dans leurs [&hellip;]","og_url":"https:\/\/filles-de-la-charite.org\/fr\/bajo-la-proteccion-del-sagrado-corazon\/","og_site_name":"Filles de la Charit\u00e9","article_published_time":"2026-04-09T22:00:00+00:00","article_modified_time":"2026-04-30T09:10:47+00:00","og_image":[{"width":1600,"height":900,"url":"https:\/\/filles-de-la-charite.org\/wp-content\/uploads\/2026\/04\/IMG-20250211-WA0026-6.jpg","type":"image\/jpeg"}],"author":"SOR MARTA","twitter_card":"summary_large_image","twitter_misc":{"\u00c9crit par":"SOR MARTA","Dur\u00e9e de lecture estim\u00e9e":"3 minutes"},"schema":{"@context":"https:\/\/schema.org","@graph":[{"@type":"Article","@id":"https:\/\/filles-de-la-charite.org\/fr\/bajo-la-proteccion-del-sagrado-corazon\/#article","isPartOf":{"@id":"https:\/\/filles-de-la-charite.org\/fr\/bajo-la-proteccion-del-sagrado-corazon\/"},"author":{"name":"SOR MARTA","@id":"https:\/\/filles-de-la-charite.org\/fr\/#\/schema\/person\/0c922b6ca71280639858d297b3a7209f"},"headline":"Sous la protection du Sacr\u00e9-C\u0153ur","datePublished":"2026-04-09T22:00:00+00:00","dateModified":"2026-04-30T09:10:47+00:00","mainEntityOfPage":{"@id":"https:\/\/filles-de-la-charite.org\/fr\/bajo-la-proteccion-del-sagrado-corazon\/"},"wordCount":526,"publisher":{"@id":"https:\/\/filles-de-la-charite.org\/fr\/#organization"},"image":{"@id":"https:\/\/filles-de-la-charite.org\/fr\/bajo-la-proteccion-del-sagrado-corazon\/#primaryimage"},"thumbnailUrl":"https:\/\/filles-de-la-charite.org\/wp-content\/uploads\/2026\/04\/IMG-20250211-WA0026-6.jpg","articleSection":["Cracovie"],"inLanguage":"fr-FR"},{"@type":"WebPage","@id":"https:\/\/filles-de-la-charite.org\/fr\/bajo-la-proteccion-del-sagrado-corazon\/","url":"https:\/\/filles-de-la-charite.org\/fr\/bajo-la-proteccion-del-sagrado-corazon\/","name":"Sous la protection du Sacr\u00e9-C\u0153ur - Filles de la Charit\u00e9","isPartOf":{"@id":"https:\/\/filles-de-la-charite.org\/fr\/#website"},"primaryImageOfPage":{"@id":"https:\/\/filles-de-la-charite.org\/fr\/bajo-la-proteccion-del-sagrado-corazon\/#primaryimage"},"image":{"@id":"https:\/\/filles-de-la-charite.org\/fr\/bajo-la-proteccion-del-sagrado-corazon\/#primaryimage"},"thumbnailUrl":"https:\/\/filles-de-la-charite.org\/wp-content\/uploads\/2026\/04\/IMG-20250211-WA0026-6.jpg","datePublished":"2026-04-09T22:00:00+00:00","dateModified":"2026-04-30T09:10:47+00:00","breadcrumb":{"@id":"https:\/\/filles-de-la-charite.org\/fr\/bajo-la-proteccion-del-sagrado-corazon\/#breadcrumb"},"inLanguage":"fr-FR","potentialAction":[{"@type":"ReadAction","target":["https:\/\/filles-de-la-charite.org\/fr\/bajo-la-proteccion-del-sagrado-corazon\/"]}]},{"@type":"ImageObject","inLanguage":"fr-FR","@id":"https:\/\/filles-de-la-charite.org\/fr\/bajo-la-proteccion-del-sagrado-corazon\/#primaryimage","url":"https:\/\/filles-de-la-charite.org\/wp-content\/uploads\/2026\/04\/IMG-20250211-WA0026-6.jpg","contentUrl":"https:\/\/filles-de-la-charite.org\/wp-content\/uploads\/2026\/04\/IMG-20250211-WA0026-6.jpg","width":1600,"height":900},{"@type":"BreadcrumbList","@id":"https:\/\/filles-de-la-charite.org\/fr\/bajo-la-proteccion-del-sagrado-corazon\/#breadcrumb","itemListElement":[{"@type":"ListItem","position":1,"name":"Province de Slovaquie","item":"https:\/\/filles-de-la-charite.org\/fr\/category\/provincia-de-eslovaquia-fr\/"},{"@type":"ListItem","position":2,"name":"Sous la protection du Sacr\u00e9-C\u0153ur"}]},{"@type":"WebSite","@id":"https:\/\/filles-de-la-charite.org\/fr\/#website","url":"https:\/\/filles-de-la-charite.org\/fr\/","name":"Hijas de la Caridad","description":"L\u2019amour de J\u00e9sus nous presse \u00e0 prendre soin des personnes les plus d\u00e9munies","publisher":{"@id":"https:\/\/filles-de-la-charite.org\/fr\/#organization"},"potentialAction":[{"@type":"SearchAction","target":{"@type":"EntryPoint","urlTemplate":"https:\/\/filles-de-la-charite.org\/fr\/?s={search_term_string}"},"query-input":{"@type":"PropertyValueSpecification","valueRequired":true,"valueName":"search_term_string"}}],"inLanguage":"fr-FR"},{"@type":"Organization","@id":"https:\/\/filles-de-la-charite.org\/fr\/#organization","name":"Hijas de la Caridad","url":"https:\/\/filles-de-la-charite.org\/fr\/","logo":{"@type":"ImageObject","inLanguage":"fr-FR","@id":"https:\/\/filles-de-la-charite.org\/fr\/#\/schema\/logo\/image\/","url":"https:\/\/filles-de-la-charite.org\/wp-content\/uploads\/2023\/03\/isotipo-Hijas-de-la-Caridad.png","contentUrl":"https:\/\/filles-de-la-charite.org\/wp-content\/uploads\/2023\/03\/isotipo-Hijas-de-la-Caridad.png","width":1417,"height":1417,"caption":"Hijas de la Caridad"},"image":{"@id":"https:\/\/filles-de-la-charite.org\/fr\/#\/schema\/logo\/image\/"}},{"@type":"Person","@id":"https:\/\/filles-de-la-charite.org\/fr\/#\/schema\/person\/0c922b6ca71280639858d297b3a7209f","name":"SOR MARTA","image":{"@type":"ImageObject","inLanguage":"fr-FR","@id":"https:\/\/secure.gravatar.com\/avatar\/d2c45b0fd6bf2d3e2670ab3d112257c24ac80fa960360bba1bdc0676485d1d09?s=96&d=mm&r=g","url":"https:\/\/secure.gravatar.com\/avatar\/d2c45b0fd6bf2d3e2670ab3d112257c24ac80fa960360bba1bdc0676485d1d09?s=96&d=mm&r=g","contentUrl":"https:\/\/secure.gravatar.com\/avatar\/d2c45b0fd6bf2d3e2670ab3d112257c24ac80fa960360bba1bdc0676485d1d09?s=96&d=mm&r=g","caption":"SOR MARTA"},"url":"https:\/\/filles-de-la-charite.org\/fr\/author\/martaemn\/"}]}},"_links":{"self":[{"href":"https:\/\/filles-de-la-charite.org\/fr\/wp-json\/wp\/v2\/posts\/49673","targetHints":{"allow":["GET"]}}],"collection":[{"href":"https:\/\/filles-de-la-charite.org\/fr\/wp-json\/wp\/v2\/posts"}],"about":[{"href":"https:\/\/filles-de-la-charite.org\/fr\/wp-json\/wp\/v2\/types\/post"}],"author":[{"embeddable":true,"href":"https:\/\/filles-de-la-charite.org\/fr\/wp-json\/wp\/v2\/users\/5"}],"replies":[{"embeddable":true,"href":"https:\/\/filles-de-la-charite.org\/fr\/wp-json\/wp\/v2\/comments?post=49673"}],"version-history":[{"count":1,"href":"https:\/\/filles-de-la-charite.org\/fr\/wp-json\/wp\/v2\/posts\/49673\/revisions"}],"predecessor-version":[{"id":49677,"href":"https:\/\/filles-de-la-charite.org\/fr\/wp-json\/wp\/v2\/posts\/49673\/revisions\/49677"}],"wp:featuredmedia":[{"embeddable":true,"href":"https:\/\/filles-de-la-charite.org\/fr\/wp-json\/wp\/v2\/media\/49674"}],"wp:attachment":[{"href":"https:\/\/filles-de-la-charite.org\/fr\/wp-json\/wp\/v2\/media?parent=49673"}],"wp:term":[{"taxonomy":"category","embeddable":true,"href":"https:\/\/filles-de-la-charite.org\/fr\/wp-json\/wp\/v2\/categories?post=49673"},{"taxonomy":"post_tag","embeddable":true,"href":"https:\/\/filles-de-la-charite.org\/fr\/wp-json\/wp\/v2\/tags?post=49673"}],"curies":[{"name":"wp","href":"https:\/\/api.w.org\/{rel}","templated":true}]}}