{"id":49680,"date":"2026-04-12T23:27:50","date_gmt":"2026-04-12T21:27:50","guid":{"rendered":"https:\/\/filles-de-la-charite.org\/decreto-sobre-la-heroicidad-de-las-virtudes-de-sor-samulowska\/"},"modified":"2026-04-30T11:36:16","modified_gmt":"2026-04-30T09:36:16","slug":"decreto-sobre-la-heroicidad-de-las-virtudes-de-sor-samulowska","status":"publish","type":"post","link":"https:\/\/filles-de-la-charite.org\/fr\/decreto-sobre-la-heroicidad-de-las-virtudes-de-sor-samulowska\/","title":{"rendered":"D\u00e9cret sur l\u2019h\u00e9ro\u00efcit\u00e9 des vertus de S\u0153ur Samulowska"},"content":{"rendered":"\n<p>Le 23 mars 2026 s\u2019est achev\u00e9e une \u00e9tape particuli\u00e8rement significative dans la cause de la Servante de Dieu, S\u0153ur Stanis\u0142awa Barbara Samulowska. En reconnaissance des vertus qu\u2019elle a pratiqu\u00e9es de mani\u00e8re h\u00e9ro\u00efque, le Saint-P\u00e8re L\u00e9on XIV a autoris\u00e9 la promulgation du d\u00e9cret reconnaissant l\u2019h\u00e9ro\u00efcit\u00e9 de ses vertus, par lequel elle est d\u00e9sormais reconnue comme V\u00e9n\u00e9rable S\u0153ur Barbara Stanis\u0142awa Samulowska, Fille de la Charit\u00e9 de Saint Vincent de Paul.<\/p>\n\n\n\n<figure class=\"wp-block-image size-large\"><img loading=\"lazy\" decoding=\"async\" width=\"719\" height=\"1024\" src=\"https:\/\/filles-de-la-charite.org\/wp-content\/uploads\/2026\/04\/atentyczne-zdjecie-i-podpis_page-0001-719x1024.jpg\" alt=\"\" class=\"wp-image-49521\" srcset=\"https:\/\/filles-de-la-charite.org\/wp-content\/uploads\/2026\/04\/atentyczne-zdjecie-i-podpis_page-0001-719x1024.jpg 719w, https:\/\/filles-de-la-charite.org\/wp-content\/uploads\/2026\/04\/atentyczne-zdjecie-i-podpis_page-0001-480x684.jpg 480w\" sizes=\"(min-width: 0px) and (max-width: 480px) 480px, (min-width: 481px) 719px, 100vw\" \/><\/figure>\n\n\n\n<p>Cette reconnaissance est une gr\u00e2ce pour l\u2019\u00c9glise et pour toute la Compagnie, ainsi qu\u2019une invitation renouvel\u00e9e \u00e0 contempler, dans une vie humble et fid\u00e8le, la force transformatrice de l\u2019\u00c9vangile v\u00e9cu au quotidien.<br><br>\u00c0 la veille du Renouvellement des Saints V\u0153ux, S\u0153ur Anna Wojciechowska, Visitatrice, a soulign\u00e9 dans une interview \u00e0 Radio Vatican ce qui caract\u00e9rise profond\u00e9ment le t\u00e9moignage de S\u0153ur Samulowska :<br><br>\u00ab C\u2019\u00e9tait une S\u0153ur fid\u00e8le dans sa vie quotidienne. Elle n\u2019a pas accompli des choses grandes et extraordinaires, mais elle s\u2019est distingu\u00e9e par la fid\u00e9lit\u00e9 de chaque jour, par sa d\u00e9votion quotidienne \u00e0 Dieu, en Lui donnant sa vie, reconnaissant J\u00e9sus dans les pauvres et dans ceux vers lesquels elle \u00e9tait envoy\u00e9e. \u00bb<br><br>Et elle a rappel\u00e9 ces paroles souvent cit\u00e9es \u00e0 son sujet :<br><br>\u00ab M\u00eame si toutes les r\u00e8gles de la Compagnie des Filles de la Charit\u00e9 venaient \u00e0 dispara\u00eetre, en regardant la vie de S\u0153ur Barbara Samulowska, on pourrait les r\u00e9\u00e9diter. \u00bb<br><br>En contemplant sa fid\u00e9lit\u00e9 pers\u00e9v\u00e9rante, son amour pour la Vierge Immacul\u00e9e et sa simplicit\u00e9 de servante, nous recevons un appel \u00e0 demeurer proches de Dieu et des autres dans l\u2019amour, et \u00e0 faire de notre vie un humble chemin de bien.<br><br>Nous continuons \u00e0 prier afin que la Positio super miraculo, actuellement en pr\u00e9paration, puisse conduire \u00e0 la reconnaissance d\u2019un miracle obtenu par l\u2019intercession de la V\u00e9n\u00e9rable Servante de Dieu, ouvrant ainsi le chemin vers sa b\u00e9atification.<br><br>Que le t\u00e9moignage de la V\u00e9n\u00e9rable S\u0153ur Barbara Stanis\u0142awa Samulowska continue d\u2019inspirer toute la Compagnie et d\u2019encourager chacun \u00e0 marcher, avec simplicit\u00e9 et esp\u00e9rance, sur les chemins de la saintet\u00e9.<\/p>\n\n\n\n<figure class=\"wp-block-image size-large\"><img loading=\"lazy\" decoding=\"async\" width=\"702\" height=\"1024\" src=\"https:\/\/filles-de-la-charite.org\/wp-content\/uploads\/2026\/04\/ROZANIEC-702x1024.jpg\" alt=\"\" class=\"wp-image-49522\" srcset=\"https:\/\/filles-de-la-charite.org\/wp-content\/uploads\/2026\/04\/ROZANIEC-702x1024.jpg 702w, https:\/\/filles-de-la-charite.org\/wp-content\/uploads\/2026\/04\/ROZANIEC-480x701.jpg 480w\" sizes=\"(min-width: 0px) and (max-width: 480px) 480px, (min-width: 481px) 702px, 100vw\" \/><\/figure>\n\n\n\n<p><strong>S\u0153ur<\/strong> <strong>Ma\u0142gorzata Pranga, fdlc<\/strong>.<\/p>\n","protected":false},"excerpt":{"rendered":"<p>Le 23 mars 2026 s\u2019est achev\u00e9e une \u00e9tape particuli\u00e8rement significative dans la cause de la Servante de Dieu, S\u0153ur Stanis\u0142awa Barbara Samulowska. En reconnaissance des vertus qu\u2019elle a pratiqu\u00e9es de mani\u00e8re h\u00e9ro\u00efque, le Saint-P\u00e8re L\u00e9on XIV a autoris\u00e9 la promulgation du d\u00e9cret reconnaissant l\u2019h\u00e9ro\u00efcit\u00e9 de ses vertus, par lequel elle est d\u00e9sormais reconnue comme V\u00e9n\u00e9rable [&hellip;]<\/p>\n","protected":false},"author":5,"featured_media":49682,"comment_status":"closed","ping_status":"closed","sticky":false,"template":"","format":"standard","meta":{"_acf_changed":false,"footnotes":"","_links_to":"","_links_to_target":""},"categories":[843],"tags":[],"class_list":["post-49680","post","type-post","status-publish","format-standard","has-post-thumbnail","hentry","category-international-fr"],"acf":[],"yoast_head":"<!-- This site is optimized with the Yoast SEO plugin v27.5 - https:\/\/yoast.com\/product\/yoast-seo-wordpress\/ -->\n<title>D\u00e9cret sur l\u2019h\u00e9ro\u00efcit\u00e9 des vertus de S\u0153ur Samulowska - Filles de la Charit\u00e9<\/title>\n<meta name=\"robots\" content=\"index, follow, max-snippet:-1, max-image-preview:large, max-video-preview:-1\" \/>\n<link rel=\"canonical\" href=\"https:\/\/filles-de-la-charite.org\/fr\/decreto-sobre-la-heroicidad-de-las-virtudes-de-sor-samulowska\/\" \/>\n<meta property=\"og:locale\" content=\"fr_FR\" \/>\n<meta property=\"og:type\" content=\"article\" \/>\n<meta property=\"og:title\" content=\"D\u00e9cret sur l\u2019h\u00e9ro\u00efcit\u00e9 des vertus de S\u0153ur Samulowska - Filles de la Charit\u00e9\" \/>\n<meta property=\"og:description\" content=\"Le 23 mars 2026 s\u2019est achev\u00e9e une \u00e9tape particuli\u00e8rement significative dans la cause de la Servante de Dieu, S\u0153ur Stanis\u0142awa Barbara Samulowska. En reconnaissance des vertus qu\u2019elle a pratiqu\u00e9es de mani\u00e8re h\u00e9ro\u00efque, le Saint-P\u00e8re L\u00e9on XIV a autoris\u00e9 la promulgation du d\u00e9cret reconnaissant l\u2019h\u00e9ro\u00efcit\u00e9 de ses vertus, par lequel elle est d\u00e9sormais reconnue comme V\u00e9n\u00e9rable [&hellip;]\" \/>\n<meta property=\"og:url\" content=\"https:\/\/filles-de-la-charite.org\/fr\/decreto-sobre-la-heroicidad-de-las-virtudes-de-sor-samulowska\/\" \/>\n<meta property=\"og:site_name\" content=\"Filles de la Charit\u00e9\" \/>\n<meta property=\"article:published_time\" content=\"2026-04-12T21:27:50+00:00\" \/>\n<meta property=\"article:modified_time\" content=\"2026-04-30T09:36:16+00:00\" \/>\n<meta property=\"og:image\" content=\"https:\/\/filles-de-la-charite.org\/wp-content\/uploads\/2026\/04\/Diseno-sin-titulo-17-6-1024x576.png\" \/>\n\t<meta property=\"og:image:width\" content=\"1024\" \/>\n\t<meta property=\"og:image:height\" content=\"576\" \/>\n\t<meta property=\"og:image:type\" content=\"image\/png\" \/>\n<meta name=\"author\" content=\"SOR MARTA\" \/>\n<meta name=\"twitter:card\" content=\"summary_large_image\" \/>\n<meta name=\"twitter:label1\" content=\"\u00c9crit par\" \/>\n\t<meta name=\"twitter:data1\" content=\"SOR MARTA\" \/>\n\t<meta name=\"twitter:label2\" content=\"Dur\u00e9e de lecture estim\u00e9e\" \/>\n\t<meta name=\"twitter:data2\" content=\"3 minutes\" \/>\n<script type=\"application\/ld+json\" class=\"yoast-schema-graph\">{\"@context\":\"https:\\\/\\\/schema.org\",\"@graph\":[{\"@type\":\"Article\",\"@id\":\"https:\\\/\\\/filles-de-la-charite.org\\\/fr\\\/decreto-sobre-la-heroicidad-de-las-virtudes-de-sor-samulowska\\\/#article\",\"isPartOf\":{\"@id\":\"https:\\\/\\\/filles-de-la-charite.org\\\/fr\\\/decreto-sobre-la-heroicidad-de-las-virtudes-de-sor-samulowska\\\/\"},\"author\":{\"name\":\"SOR MARTA\",\"@id\":\"https:\\\/\\\/filles-de-la-charite.org\\\/fr\\\/#\\\/schema\\\/person\\\/0c922b6ca71280639858d297b3a7209f\"},\"headline\":\"D\u00e9cret sur l\u2019h\u00e9ro\u00efcit\u00e9 des vertus de S\u0153ur Samulowska\",\"datePublished\":\"2026-04-12T21:27:50+00:00\",\"dateModified\":\"2026-04-30T09:36:16+00:00\",\"mainEntityOfPage\":{\"@id\":\"https:\\\/\\\/filles-de-la-charite.org\\\/fr\\\/decreto-sobre-la-heroicidad-de-las-virtudes-de-sor-samulowska\\\/\"},\"wordCount\":401,\"publisher\":{\"@id\":\"https:\\\/\\\/filles-de-la-charite.org\\\/fr\\\/#organization\"},\"image\":{\"@id\":\"https:\\\/\\\/filles-de-la-charite.org\\\/fr\\\/decreto-sobre-la-heroicidad-de-las-virtudes-de-sor-samulowska\\\/#primaryimage\"},\"thumbnailUrl\":\"https:\\\/\\\/filles-de-la-charite.org\\\/wp-content\\\/uploads\\\/2026\\\/04\\\/Diseno-sin-titulo-17-6.png\",\"articleSection\":[\"International\"],\"inLanguage\":\"fr-FR\"},{\"@type\":\"WebPage\",\"@id\":\"https:\\\/\\\/filles-de-la-charite.org\\\/fr\\\/decreto-sobre-la-heroicidad-de-las-virtudes-de-sor-samulowska\\\/\",\"url\":\"https:\\\/\\\/filles-de-la-charite.org\\\/fr\\\/decreto-sobre-la-heroicidad-de-las-virtudes-de-sor-samulowska\\\/\",\"name\":\"D\u00e9cret sur l\u2019h\u00e9ro\u00efcit\u00e9 des vertus de S\u0153ur Samulowska - Filles de la Charit\u00e9\",\"isPartOf\":{\"@id\":\"https:\\\/\\\/filles-de-la-charite.org\\\/fr\\\/#website\"},\"primaryImageOfPage\":{\"@id\":\"https:\\\/\\\/filles-de-la-charite.org\\\/fr\\\/decreto-sobre-la-heroicidad-de-las-virtudes-de-sor-samulowska\\\/#primaryimage\"},\"image\":{\"@id\":\"https:\\\/\\\/filles-de-la-charite.org\\\/fr\\\/decreto-sobre-la-heroicidad-de-las-virtudes-de-sor-samulowska\\\/#primaryimage\"},\"thumbnailUrl\":\"https:\\\/\\\/filles-de-la-charite.org\\\/wp-content\\\/uploads\\\/2026\\\/04\\\/Diseno-sin-titulo-17-6.png\",\"datePublished\":\"2026-04-12T21:27:50+00:00\",\"dateModified\":\"2026-04-30T09:36:16+00:00\",\"breadcrumb\":{\"@id\":\"https:\\\/\\\/filles-de-la-charite.org\\\/fr\\\/decreto-sobre-la-heroicidad-de-las-virtudes-de-sor-samulowska\\\/#breadcrumb\"},\"inLanguage\":\"fr-FR\",\"potentialAction\":[{\"@type\":\"ReadAction\",\"target\":[\"https:\\\/\\\/filles-de-la-charite.org\\\/fr\\\/decreto-sobre-la-heroicidad-de-las-virtudes-de-sor-samulowska\\\/\"]}]},{\"@type\":\"ImageObject\",\"inLanguage\":\"fr-FR\",\"@id\":\"https:\\\/\\\/filles-de-la-charite.org\\\/fr\\\/decreto-sobre-la-heroicidad-de-las-virtudes-de-sor-samulowska\\\/#primaryimage\",\"url\":\"https:\\\/\\\/filles-de-la-charite.org\\\/wp-content\\\/uploads\\\/2026\\\/04\\\/Diseno-sin-titulo-17-6.png\",\"contentUrl\":\"https:\\\/\\\/filles-de-la-charite.org\\\/wp-content\\\/uploads\\\/2026\\\/04\\\/Diseno-sin-titulo-17-6.png\",\"width\":2000,\"height\":1125},{\"@type\":\"BreadcrumbList\",\"@id\":\"https:\\\/\\\/filles-de-la-charite.org\\\/fr\\\/decreto-sobre-la-heroicidad-de-las-virtudes-de-sor-samulowska\\\/#breadcrumb\",\"itemListElement\":[{\"@type\":\"ListItem\",\"position\":1,\"name\":\"International\",\"item\":\"https:\\\/\\\/filles-de-la-charite.org\\\/fr\\\/category\\\/international-fr\\\/\"},{\"@type\":\"ListItem\",\"position\":2,\"name\":\"D\u00e9cret sur l\u2019h\u00e9ro\u00efcit\u00e9 des vertus de S\u0153ur Samulowska\"}]},{\"@type\":\"WebSite\",\"@id\":\"https:\\\/\\\/filles-de-la-charite.org\\\/fr\\\/#website\",\"url\":\"https:\\\/\\\/filles-de-la-charite.org\\\/fr\\\/\",\"name\":\"Hijas de la Caridad\",\"description\":\"L\u2019amour de J\u00e9sus nous presse \u00e0 prendre soin des personnes les plus d\u00e9munies\",\"publisher\":{\"@id\":\"https:\\\/\\\/filles-de-la-charite.org\\\/fr\\\/#organization\"},\"potentialAction\":[{\"@type\":\"SearchAction\",\"target\":{\"@type\":\"EntryPoint\",\"urlTemplate\":\"https:\\\/\\\/filles-de-la-charite.org\\\/fr\\\/?s={search_term_string}\"},\"query-input\":{\"@type\":\"PropertyValueSpecification\",\"valueRequired\":true,\"valueName\":\"search_term_string\"}}],\"inLanguage\":\"fr-FR\"},{\"@type\":\"Organization\",\"@id\":\"https:\\\/\\\/filles-de-la-charite.org\\\/fr\\\/#organization\",\"name\":\"Hijas de la Caridad\",\"url\":\"https:\\\/\\\/filles-de-la-charite.org\\\/fr\\\/\",\"logo\":{\"@type\":\"ImageObject\",\"inLanguage\":\"fr-FR\",\"@id\":\"https:\\\/\\\/filles-de-la-charite.org\\\/fr\\\/#\\\/schema\\\/logo\\\/image\\\/\",\"url\":\"https:\\\/\\\/filles-de-la-charite.org\\\/wp-content\\\/uploads\\\/2023\\\/03\\\/isotipo-Hijas-de-la-Caridad.png\",\"contentUrl\":\"https:\\\/\\\/filles-de-la-charite.org\\\/wp-content\\\/uploads\\\/2023\\\/03\\\/isotipo-Hijas-de-la-Caridad.png\",\"width\":1417,\"height\":1417,\"caption\":\"Hijas de la Caridad\"},\"image\":{\"@id\":\"https:\\\/\\\/filles-de-la-charite.org\\\/fr\\\/#\\\/schema\\\/logo\\\/image\\\/\"}},{\"@type\":\"Person\",\"@id\":\"https:\\\/\\\/filles-de-la-charite.org\\\/fr\\\/#\\\/schema\\\/person\\\/0c922b6ca71280639858d297b3a7209f\",\"name\":\"SOR MARTA\",\"image\":{\"@type\":\"ImageObject\",\"inLanguage\":\"fr-FR\",\"@id\":\"https:\\\/\\\/secure.gravatar.com\\\/avatar\\\/d2c45b0fd6bf2d3e2670ab3d112257c24ac80fa960360bba1bdc0676485d1d09?s=96&d=mm&r=g\",\"url\":\"https:\\\/\\\/secure.gravatar.com\\\/avatar\\\/d2c45b0fd6bf2d3e2670ab3d112257c24ac80fa960360bba1bdc0676485d1d09?s=96&d=mm&r=g\",\"contentUrl\":\"https:\\\/\\\/secure.gravatar.com\\\/avatar\\\/d2c45b0fd6bf2d3e2670ab3d112257c24ac80fa960360bba1bdc0676485d1d09?s=96&d=mm&r=g\",\"caption\":\"SOR MARTA\"},\"url\":\"https:\\\/\\\/filles-de-la-charite.org\\\/fr\\\/author\\\/martaemn\\\/\"}]}<\/script>\n<!-- \/ Yoast SEO plugin. -->","yoast_head_json":{"title":"D\u00e9cret sur l\u2019h\u00e9ro\u00efcit\u00e9 des vertus de S\u0153ur Samulowska - Filles de la Charit\u00e9","robots":{"index":"index","follow":"follow","max-snippet":"max-snippet:-1","max-image-preview":"max-image-preview:large","max-video-preview":"max-video-preview:-1"},"canonical":"https:\/\/filles-de-la-charite.org\/fr\/decreto-sobre-la-heroicidad-de-las-virtudes-de-sor-samulowska\/","og_locale":"fr_FR","og_type":"article","og_title":"D\u00e9cret sur l\u2019h\u00e9ro\u00efcit\u00e9 des vertus de S\u0153ur Samulowska - Filles de la Charit\u00e9","og_description":"Le 23 mars 2026 s\u2019est achev\u00e9e une \u00e9tape particuli\u00e8rement significative dans la cause de la Servante de Dieu, S\u0153ur Stanis\u0142awa Barbara Samulowska. En reconnaissance des vertus qu\u2019elle a pratiqu\u00e9es de mani\u00e8re h\u00e9ro\u00efque, le Saint-P\u00e8re L\u00e9on XIV a autoris\u00e9 la promulgation du d\u00e9cret reconnaissant l\u2019h\u00e9ro\u00efcit\u00e9 de ses vertus, par lequel elle est d\u00e9sormais reconnue comme V\u00e9n\u00e9rable [&hellip;]","og_url":"https:\/\/filles-de-la-charite.org\/fr\/decreto-sobre-la-heroicidad-de-las-virtudes-de-sor-samulowska\/","og_site_name":"Filles de la Charit\u00e9","article_published_time":"2026-04-12T21:27:50+00:00","article_modified_time":"2026-04-30T09:36:16+00:00","og_image":[{"width":1024,"height":576,"url":"https:\/\/filles-de-la-charite.org\/wp-content\/uploads\/2026\/04\/Diseno-sin-titulo-17-6-1024x576.png","type":"image\/png"}],"author":"SOR MARTA","twitter_card":"summary_large_image","twitter_misc":{"\u00c9crit par":"SOR MARTA","Dur\u00e9e de lecture estim\u00e9e":"3 minutes"},"schema":{"@context":"https:\/\/schema.org","@graph":[{"@type":"Article","@id":"https:\/\/filles-de-la-charite.org\/fr\/decreto-sobre-la-heroicidad-de-las-virtudes-de-sor-samulowska\/#article","isPartOf":{"@id":"https:\/\/filles-de-la-charite.org\/fr\/decreto-sobre-la-heroicidad-de-las-virtudes-de-sor-samulowska\/"},"author":{"name":"SOR MARTA","@id":"https:\/\/filles-de-la-charite.org\/fr\/#\/schema\/person\/0c922b6ca71280639858d297b3a7209f"},"headline":"D\u00e9cret sur l\u2019h\u00e9ro\u00efcit\u00e9 des vertus de S\u0153ur Samulowska","datePublished":"2026-04-12T21:27:50+00:00","dateModified":"2026-04-30T09:36:16+00:00","mainEntityOfPage":{"@id":"https:\/\/filles-de-la-charite.org\/fr\/decreto-sobre-la-heroicidad-de-las-virtudes-de-sor-samulowska\/"},"wordCount":401,"publisher":{"@id":"https:\/\/filles-de-la-charite.org\/fr\/#organization"},"image":{"@id":"https:\/\/filles-de-la-charite.org\/fr\/decreto-sobre-la-heroicidad-de-las-virtudes-de-sor-samulowska\/#primaryimage"},"thumbnailUrl":"https:\/\/filles-de-la-charite.org\/wp-content\/uploads\/2026\/04\/Diseno-sin-titulo-17-6.png","articleSection":["International"],"inLanguage":"fr-FR"},{"@type":"WebPage","@id":"https:\/\/filles-de-la-charite.org\/fr\/decreto-sobre-la-heroicidad-de-las-virtudes-de-sor-samulowska\/","url":"https:\/\/filles-de-la-charite.org\/fr\/decreto-sobre-la-heroicidad-de-las-virtudes-de-sor-samulowska\/","name":"D\u00e9cret sur l\u2019h\u00e9ro\u00efcit\u00e9 des vertus de S\u0153ur Samulowska - Filles de la Charit\u00e9","isPartOf":{"@id":"https:\/\/filles-de-la-charite.org\/fr\/#website"},"primaryImageOfPage":{"@id":"https:\/\/filles-de-la-charite.org\/fr\/decreto-sobre-la-heroicidad-de-las-virtudes-de-sor-samulowska\/#primaryimage"},"image":{"@id":"https:\/\/filles-de-la-charite.org\/fr\/decreto-sobre-la-heroicidad-de-las-virtudes-de-sor-samulowska\/#primaryimage"},"thumbnailUrl":"https:\/\/filles-de-la-charite.org\/wp-content\/uploads\/2026\/04\/Diseno-sin-titulo-17-6.png","datePublished":"2026-04-12T21:27:50+00:00","dateModified":"2026-04-30T09:36:16+00:00","breadcrumb":{"@id":"https:\/\/filles-de-la-charite.org\/fr\/decreto-sobre-la-heroicidad-de-las-virtudes-de-sor-samulowska\/#breadcrumb"},"inLanguage":"fr-FR","potentialAction":[{"@type":"ReadAction","target":["https:\/\/filles-de-la-charite.org\/fr\/decreto-sobre-la-heroicidad-de-las-virtudes-de-sor-samulowska\/"]}]},{"@type":"ImageObject","inLanguage":"fr-FR","@id":"https:\/\/filles-de-la-charite.org\/fr\/decreto-sobre-la-heroicidad-de-las-virtudes-de-sor-samulowska\/#primaryimage","url":"https:\/\/filles-de-la-charite.org\/wp-content\/uploads\/2026\/04\/Diseno-sin-titulo-17-6.png","contentUrl":"https:\/\/filles-de-la-charite.org\/wp-content\/uploads\/2026\/04\/Diseno-sin-titulo-17-6.png","width":2000,"height":1125},{"@type":"BreadcrumbList","@id":"https:\/\/filles-de-la-charite.org\/fr\/decreto-sobre-la-heroicidad-de-las-virtudes-de-sor-samulowska\/#breadcrumb","itemListElement":[{"@type":"ListItem","position":1,"name":"International","item":"https:\/\/filles-de-la-charite.org\/fr\/category\/international-fr\/"},{"@type":"ListItem","position":2,"name":"D\u00e9cret sur l\u2019h\u00e9ro\u00efcit\u00e9 des vertus de S\u0153ur Samulowska"}]},{"@type":"WebSite","@id":"https:\/\/filles-de-la-charite.org\/fr\/#website","url":"https:\/\/filles-de-la-charite.org\/fr\/","name":"Hijas de la Caridad","description":"L\u2019amour de J\u00e9sus nous presse \u00e0 prendre soin des personnes les plus d\u00e9munies","publisher":{"@id":"https:\/\/filles-de-la-charite.org\/fr\/#organization"},"potentialAction":[{"@type":"SearchAction","target":{"@type":"EntryPoint","urlTemplate":"https:\/\/filles-de-la-charite.org\/fr\/?s={search_term_string}"},"query-input":{"@type":"PropertyValueSpecification","valueRequired":true,"valueName":"search_term_string"}}],"inLanguage":"fr-FR"},{"@type":"Organization","@id":"https:\/\/filles-de-la-charite.org\/fr\/#organization","name":"Hijas de la Caridad","url":"https:\/\/filles-de-la-charite.org\/fr\/","logo":{"@type":"ImageObject","inLanguage":"fr-FR","@id":"https:\/\/filles-de-la-charite.org\/fr\/#\/schema\/logo\/image\/","url":"https:\/\/filles-de-la-charite.org\/wp-content\/uploads\/2023\/03\/isotipo-Hijas-de-la-Caridad.png","contentUrl":"https:\/\/filles-de-la-charite.org\/wp-content\/uploads\/2023\/03\/isotipo-Hijas-de-la-Caridad.png","width":1417,"height":1417,"caption":"Hijas de la Caridad"},"image":{"@id":"https:\/\/filles-de-la-charite.org\/fr\/#\/schema\/logo\/image\/"}},{"@type":"Person","@id":"https:\/\/filles-de-la-charite.org\/fr\/#\/schema\/person\/0c922b6ca71280639858d297b3a7209f","name":"SOR MARTA","image":{"@type":"ImageObject","inLanguage":"fr-FR","@id":"https:\/\/secure.gravatar.com\/avatar\/d2c45b0fd6bf2d3e2670ab3d112257c24ac80fa960360bba1bdc0676485d1d09?s=96&d=mm&r=g","url":"https:\/\/secure.gravatar.com\/avatar\/d2c45b0fd6bf2d3e2670ab3d112257c24ac80fa960360bba1bdc0676485d1d09?s=96&d=mm&r=g","contentUrl":"https:\/\/secure.gravatar.com\/avatar\/d2c45b0fd6bf2d3e2670ab3d112257c24ac80fa960360bba1bdc0676485d1d09?s=96&d=mm&r=g","caption":"SOR MARTA"},"url":"https:\/\/filles-de-la-charite.org\/fr\/author\/martaemn\/"}]}},"_links":{"self":[{"href":"https:\/\/filles-de-la-charite.org\/fr\/wp-json\/wp\/v2\/posts\/49680","targetHints":{"allow":["GET"]}}],"collection":[{"href":"https:\/\/filles-de-la-charite.org\/fr\/wp-json\/wp\/v2\/posts"}],"about":[{"href":"https:\/\/filles-de-la-charite.org\/fr\/wp-json\/wp\/v2\/types\/post"}],"author":[{"embeddable":true,"href":"https:\/\/filles-de-la-charite.org\/fr\/wp-json\/wp\/v2\/users\/5"}],"replies":[{"embeddable":true,"href":"https:\/\/filles-de-la-charite.org\/fr\/wp-json\/wp\/v2\/comments?post=49680"}],"version-history":[{"count":2,"href":"https:\/\/filles-de-la-charite.org\/fr\/wp-json\/wp\/v2\/posts\/49680\/revisions"}],"predecessor-version":[{"id":49686,"href":"https:\/\/filles-de-la-charite.org\/fr\/wp-json\/wp\/v2\/posts\/49680\/revisions\/49686"}],"wp:featuredmedia":[{"embeddable":true,"href":"https:\/\/filles-de-la-charite.org\/fr\/wp-json\/wp\/v2\/media\/49682"}],"wp:attachment":[{"href":"https:\/\/filles-de-la-charite.org\/fr\/wp-json\/wp\/v2\/media?parent=49680"}],"wp:term":[{"taxonomy":"category","embeddable":true,"href":"https:\/\/filles-de-la-charite.org\/fr\/wp-json\/wp\/v2\/categories?post=49680"},{"taxonomy":"post_tag","embeddable":true,"href":"https:\/\/filles-de-la-charite.org\/fr\/wp-json\/wp\/v2\/tags?post=49680"}],"curies":[{"name":"wp","href":"https:\/\/api.w.org\/{rel}","templated":true}]}}