{"id":8506,"date":"2020-04-01T17:03:44","date_gmt":"2020-04-01T15:03:44","guid":{"rendered":"https:\/\/hijascaridad.sjdigitaldemo.ovh\/50eme-journee-annuelle-de-la-terre\/"},"modified":"2024-03-17T18:46:22","modified_gmt":"2024-03-17T17:46:22","slug":"50eme-journee-annuelle-de-la-terre","status":"publish","type":"post","link":"https:\/\/filles-de-la-charite.org\/fr\/50eme-journee-annuelle-de-la-terre\/","title":{"rendered":"50\u00e8me journ\u00e9e annuelle de la Terre"},"content":{"rendered":"\n<h3 class=\"wp-block-heading\">Le myst\u00e8re de l'Univers<\/h3>\n\n\n\n<div class=\"wp-block-media-text alignwide has-media-on-the-right is-stacked-on-mobile\"><figure class=\"wp-block-media-text__media\"><img decoding=\"async\" src=\"https:\/\/filles-de-la-charite.org\/wp-content\/uploads\/2023\/05\/page2-1-1.jpg\" alt=\"\" class=\"wp-image-43358\"\/><\/figure><div class=\"wp-block-media-text__content\">\n<p>Le 22 avril : journ\u00e9e de la Terre 2020 sera plus qu\u2019une journ\u00e9e. Cela doit \u00eatre un moment historique quand les citoyens du monde se l\u00e8vent dans un appel uni pour la cr\u00e9ativit\u00e9, l\u2019innovation, l\u2019ambition et le courage n\u00e9cessaire pour affronter notre crise climatique et profiter des immenses opportunit\u00e9s d\u2019un futur sans carbone.<\/p>\n\n\n\n<div class=\"wp-block-group is-layout-flow wp-block-group-is-layout-flow\"><div class=\"wp-block-group__inner-container\"><\/div><\/div>\n<\/div><\/div>\n\n\n\n<div class=\"wp-block-media-text alignwide is-stacked-on-mobile\"><figure class=\"wp-block-media-text__media\"><img decoding=\"async\" src=\"https:\/\/filles-de-la-charite.org\/wp-content\/uploads\/2023\/05\/Sans-titre-2.jpg\" alt=\"\" class=\"wp-image-43360\"\/><\/figure><div class=\"wp-block-media-text__content\">\n<figure class=\"wp-block-pullquote\" style=\"border-color:#0d80a0\"><blockquote class=\"has-text-color has-accent-color\"><p><strong>Tout l\u2019univers mat\u00e9riel est un langage de l\u2019amour de Dieu, de son immense tendresse envers nous. Le sol, l\u2019eau, les montagnes, tout est caresse de Dieu&nbsp;<\/strong><\/p><cite><strong>LaudatoSi\u2019 84<\/strong><\/cite><\/blockquote><\/figure>\n<\/div><\/div>\n\n\n\n<div class=\"wp-block-cover has-background-dim\" style=\"background-image:url(https:\/\/www.filles-de-la-charite.org\/wp-content\/uploads\/page3-3.jpg)\"><div class=\"wp-block-cover__inner-container is-layout-flow wp-block-cover-is-layout-flow\">\n<figure class=\"wp-block-pullquote\" style=\"border-color:#ffffff\"><blockquote><p><strong><strong>Des vues panoramiques les plus larges \u00e0 la forme de vie la plus infime, la nature est une source constante d\u2019\u00e9merveillement et de crainte. Elle est, en outre, une r\u00e9v\u00e9lation continue du divin&nbsp;<\/strong><\/strong><\/p><cite>Conf\u00e9rence des \u00e9v\u00eaques catholiques du Canada 2003, Laudato&nbsp;Si'n\u00b0. 85<\/cite><\/blockquote><\/figure>\n<\/div><\/div>\n\n\n\n<figure class=\"wp-block-image alignfull\"><img decoding=\"async\" src=\"https:\/\/filles-de-la-charite.org\/wp-content\/uploads\/2023\/05\/page4-2-1.jpg\" alt=\"\" class=\"wp-image-43363\"\/><\/figure>\n\n\n\n<div class=\"wp-block-cover has-background-dim\" style=\"background-image:url(https:\/\/www.filles-de-la-charite.org\/wp-content\/uploads\/page4-1.jpg);min-height:300px;aspect-ratio:unset;\"><div class=\"wp-block-cover__inner-container is-layout-flow wp-block-cover-is-layout-flow\">\n<figure class=\"wp-block-pullquote\"><blockquote><p><strong><strong>Le Seigneur a fait les cieux par sa parole, l'univers, par le souffle de sa bouche.&nbsp;<\/strong><\/strong><\/p><cite><strong>Ps 32, 6<\/strong><\/cite><\/blockquote><\/figure>\n<\/div><\/div>\n\n\n\n<div class=\"wp-block-cover aligncenter has-background-dim\" style=\"background-image:url(https:\/\/www.filles-de-la-charite.org\/wp-content\/uploads\/page4-3.jpg);min-height:432px;aspect-ratio:unset;\"><div class=\"wp-block-cover__inner-container is-layout-flow wp-block-cover-is-layout-flow\">\n<figure class=\"wp-block-pullquote is-style-default\"><blockquote><p><strong>Toutes les choses que Dieu a faites sont bonnes en leur temps<\/strong>.<\/p><cite><strong>Ec. 3,11<\/strong><\/cite><\/blockquote><\/figure>\n<\/div><\/div>\n\n\n\n<h2 class=\"wp-block-heading\">Pri\u00e8re<\/h2>\n\n\n\n<div class=\"wp-block-cover alignfull has-background-dim\" style=\"background-image:url(https:\/\/www.filles-de-la-charite.org\/wp-content\/uploads\/page5-1.jpg)\"><div class=\"wp-block-cover__inner-container is-layout-flow wp-block-cover-is-layout-flow\">\n<figure class=\"wp-block-pullquote\"><blockquote class=\"has-text-color has-background-color\"><p>Enseigne \u00e0 tes enfants ce que nous avons enseign\u00e9 \u00e0 nos enfants : - que la Terre est notre M\u00e8re. Ce qui arrive \u00e0 la Terre arrive aux fils et aux filles de la Terre. Aide-nous \u00e0 prendre soin de notre M\u00e8re. Amen.<\/p><cite>Du Chef Seattle<\/cite><\/blockquote><\/figure>\n\n\n\n<p><\/p>\n<\/div><\/div>\n\n\n\n<figure class=\"wp-block-image alignfull\"><img decoding=\"async\" src=\"https:\/\/filles-de-la-charite.org\/wp-content\/uploads\/2023\/05\/page6-1-1.jpg\" alt=\"\" class=\"wp-image-43367\"\/><\/figure>\n\n\n\n<div class=\"wp-block-media-text alignwide is-stacked-on-mobile\" style=\"grid-template-columns:26% auto\"><figure class=\"wp-block-media-text__media\"><img decoding=\"async\" src=\"https:\/\/filles-de-la-charite.org\/wp-content\/uploads\/2023\/05\/page6-2-1.png\" alt=\"\" class=\"wp-image-43366\"\/><\/figure><div class=\"wp-block-media-text__content\">\n<figure class=\"wp-block-pullquote\" style=\"border-color:#6d6d6d\"><blockquote class=\"has-text-color has-accent-color\"><p><strong>La Journ\u00e9e Internationale de la Terre M\u00e8re, est c\u00e9l\u00e9br\u00e9e pour que nous nous rappelions tous que la Terre et tous ses \u00e9cosyst\u00e8mes nous apportent la vie et de quoi vivre. Cette journ\u00e9e reconnait \u00e9galement une responsabilit\u00e9 collective, comme cela est \u00e9nonc\u00e9 dans la D\u00e9claration de Rio de 1992, pour promouvoir l\u2019harmonie avec la nature et la Terre afin d\u2019atteindre un juste \u00e9quilibre entre les besoins \u00e9conomiques, sociales et environnementales des g\u00e9n\u00e9rations actuelles et futures de l\u2019humanit\u00e9.&nbsp;<\/strong><\/p><cite><strong>Nations Unies<\/strong><\/cite><\/blockquote><\/figure>\n<\/div><\/div>\n\n\n\n<p><\/p>\n","protected":false},"excerpt":{"rendered":"<p>Le myst\u00e8re de l&rsquo;Univers Tout l\u2019univers mat\u00e9riel est un langage de l\u2019amour de Dieu, de son immense tendresse envers nous. Le sol, l\u2019eau, les montagnes, tout est caresse de Dieu&nbsp; LaudatoSi\u2019 84 Pri\u00e8re La Journ\u00e9e Internationale de la Terre M\u00e8re, est c\u00e9l\u00e9br\u00e9e pour que nous nous rappelions tous que la Terre et tous ses \u00e9cosyst\u00e8mes [&hellip;]<\/p>\n","protected":false},"author":1,"featured_media":8019,"comment_status":"closed","ping_status":"closed","sticky":false,"template":"","format":"standard","meta":{"_acf_changed":false,"footnotes":"","_links_to":"","_links_to_target":""},"categories":[633],"tags":[],"class_list":["post-8506","post","type-post","status-publish","format-standard","has-post-thumbnail","hentry","category-onu-fr"],"acf":[],"yoast_head":"<!-- This site is optimized with the Yoast SEO plugin v27.5 - https:\/\/yoast.com\/product\/yoast-seo-wordpress\/ -->\n<title>50\u00e8me journ\u00e9e annuelle de la Terre - Filles de la Charit\u00e9<\/title>\n<meta name=\"robots\" content=\"index, follow, max-snippet:-1, max-image-preview:large, max-video-preview:-1\" \/>\n<link rel=\"canonical\" href=\"https:\/\/filles-de-la-charite.org\/fr\/50eme-journee-annuelle-de-la-terre\/\" \/>\n<meta property=\"og:locale\" content=\"fr_FR\" \/>\n<meta property=\"og:type\" content=\"article\" \/>\n<meta property=\"og:title\" content=\"50\u00e8me journ\u00e9e annuelle de la Terre - Filles de la Charit\u00e9\" \/>\n<meta property=\"og:description\" content=\"Le myst\u00e8re de l&rsquo;Univers Tout l\u2019univers mat\u00e9riel est un langage de l\u2019amour de Dieu, de son immense tendresse envers nous. Le sol, l\u2019eau, les montagnes, tout est caresse de Dieu&nbsp; LaudatoSi\u2019 84 Pri\u00e8re La Journ\u00e9e Internationale de la Terre M\u00e8re, est c\u00e9l\u00e9br\u00e9e pour que nous nous rappelions tous que la Terre et tous ses \u00e9cosyst\u00e8mes [&hellip;]\" \/>\n<meta property=\"og:url\" content=\"https:\/\/filles-de-la-charite.org\/fr\/50eme-journee-annuelle-de-la-terre\/\" \/>\n<meta property=\"og:site_name\" content=\"Filles de la Charit\u00e9\" \/>\n<meta property=\"article:published_time\" content=\"2020-04-01T15:03:44+00:00\" \/>\n<meta property=\"article:modified_time\" content=\"2024-03-17T17:46:22+00:00\" \/>\n<meta property=\"og:image\" content=\"https:\/\/filles-de-la-charite.org\/wp-content\/uploads\/2023\/05\/page2-1-1.jpg\" \/>\n\t<meta property=\"og:image:width\" content=\"564\" \/>\n\t<meta property=\"og:image:height\" content=\"374\" \/>\n\t<meta property=\"og:image:type\" content=\"image\/jpeg\" \/>\n<meta name=\"author\" content=\"admin\" \/>\n<meta name=\"twitter:card\" content=\"summary_large_image\" \/>\n<meta name=\"twitter:label1\" content=\"\u00c9crit par\" \/>\n\t<meta name=\"twitter:data1\" content=\"admin\" \/>\n\t<meta name=\"twitter:label2\" content=\"Dur\u00e9e de lecture estim\u00e9e\" \/>\n\t<meta name=\"twitter:data2\" content=\"2 minutes\" \/>\n<script type=\"application\/ld+json\" class=\"yoast-schema-graph\">{\"@context\":\"https:\\\/\\\/schema.org\",\"@graph\":[{\"@type\":\"Article\",\"@id\":\"https:\\\/\\\/filles-de-la-charite.org\\\/fr\\\/50eme-journee-annuelle-de-la-terre\\\/#article\",\"isPartOf\":{\"@id\":\"https:\\\/\\\/filles-de-la-charite.org\\\/fr\\\/50eme-journee-annuelle-de-la-terre\\\/\"},\"author\":{\"name\":\"admin\",\"@id\":\"https:\\\/\\\/filles-de-la-charite.org\\\/fr\\\/#\\\/schema\\\/person\\\/427567b2eccfc2dd7d206da186a1f438\"},\"headline\":\"50\u00e8me journ\u00e9e annuelle de la Terre\",\"datePublished\":\"2020-04-01T15:03:44+00:00\",\"dateModified\":\"2024-03-17T17:46:22+00:00\",\"mainEntityOfPage\":{\"@id\":\"https:\\\/\\\/filles-de-la-charite.org\\\/fr\\\/50eme-journee-annuelle-de-la-terre\\\/\"},\"wordCount\":321,\"publisher\":{\"@id\":\"https:\\\/\\\/filles-de-la-charite.org\\\/fr\\\/#organization\"},\"image\":{\"@id\":\"https:\\\/\\\/filles-de-la-charite.org\\\/fr\\\/50eme-journee-annuelle-de-la-terre\\\/#primaryimage\"},\"thumbnailUrl\":\"https:\\\/\\\/filles-de-la-charite.org\\\/wp-content\\\/uploads\\\/2023\\\/05\\\/page2-1-1.jpg\",\"articleSection\":[\"ONU\"],\"inLanguage\":\"fr-FR\"},{\"@type\":\"WebPage\",\"@id\":\"https:\\\/\\\/filles-de-la-charite.org\\\/fr\\\/50eme-journee-annuelle-de-la-terre\\\/\",\"url\":\"https:\\\/\\\/filles-de-la-charite.org\\\/fr\\\/50eme-journee-annuelle-de-la-terre\\\/\",\"name\":\"50\u00e8me journ\u00e9e annuelle de la Terre - Filles de la Charit\u00e9\",\"isPartOf\":{\"@id\":\"https:\\\/\\\/filles-de-la-charite.org\\\/fr\\\/#website\"},\"primaryImageOfPage\":{\"@id\":\"https:\\\/\\\/filles-de-la-charite.org\\\/fr\\\/50eme-journee-annuelle-de-la-terre\\\/#primaryimage\"},\"image\":{\"@id\":\"https:\\\/\\\/filles-de-la-charite.org\\\/fr\\\/50eme-journee-annuelle-de-la-terre\\\/#primaryimage\"},\"thumbnailUrl\":\"https:\\\/\\\/filles-de-la-charite.org\\\/wp-content\\\/uploads\\\/2023\\\/05\\\/page2-1-1.jpg\",\"datePublished\":\"2020-04-01T15:03:44+00:00\",\"dateModified\":\"2024-03-17T17:46:22+00:00\",\"breadcrumb\":{\"@id\":\"https:\\\/\\\/filles-de-la-charite.org\\\/fr\\\/50eme-journee-annuelle-de-la-terre\\\/#breadcrumb\"},\"inLanguage\":\"fr-FR\",\"potentialAction\":[{\"@type\":\"ReadAction\",\"target\":[\"https:\\\/\\\/filles-de-la-charite.org\\\/fr\\\/50eme-journee-annuelle-de-la-terre\\\/\"]}]},{\"@type\":\"ImageObject\",\"inLanguage\":\"fr-FR\",\"@id\":\"https:\\\/\\\/filles-de-la-charite.org\\\/fr\\\/50eme-journee-annuelle-de-la-terre\\\/#primaryimage\",\"url\":\"https:\\\/\\\/filles-de-la-charite.org\\\/wp-content\\\/uploads\\\/2023\\\/05\\\/page2-1-1.jpg\",\"contentUrl\":\"https:\\\/\\\/filles-de-la-charite.org\\\/wp-content\\\/uploads\\\/2023\\\/05\\\/page2-1-1.jpg\",\"width\":564,\"height\":374},{\"@type\":\"BreadcrumbList\",\"@id\":\"https:\\\/\\\/filles-de-la-charite.org\\\/fr\\\/50eme-journee-annuelle-de-la-terre\\\/#breadcrumb\",\"itemListElement\":[{\"@type\":\"ListItem\",\"position\":1,\"name\":\"ONU\",\"item\":\"https:\\\/\\\/filles-de-la-charite.org\\\/fr\\\/category\\\/onu-fr\\\/\"},{\"@type\":\"ListItem\",\"position\":2,\"name\":\"50\u00e8me journ\u00e9e annuelle de la Terre\"}]},{\"@type\":\"WebSite\",\"@id\":\"https:\\\/\\\/filles-de-la-charite.org\\\/fr\\\/#website\",\"url\":\"https:\\\/\\\/filles-de-la-charite.org\\\/fr\\\/\",\"name\":\"Hijas de la Caridad\",\"description\":\"L\u2019amour de J\u00e9sus nous presse \u00e0 prendre soin des personnes les plus d\u00e9munies\",\"publisher\":{\"@id\":\"https:\\\/\\\/filles-de-la-charite.org\\\/fr\\\/#organization\"},\"potentialAction\":[{\"@type\":\"SearchAction\",\"target\":{\"@type\":\"EntryPoint\",\"urlTemplate\":\"https:\\\/\\\/filles-de-la-charite.org\\\/fr\\\/?s={search_term_string}\"},\"query-input\":{\"@type\":\"PropertyValueSpecification\",\"valueRequired\":true,\"valueName\":\"search_term_string\"}}],\"inLanguage\":\"fr-FR\"},{\"@type\":\"Organization\",\"@id\":\"https:\\\/\\\/filles-de-la-charite.org\\\/fr\\\/#organization\",\"name\":\"Hijas de la Caridad\",\"url\":\"https:\\\/\\\/filles-de-la-charite.org\\\/fr\\\/\",\"logo\":{\"@type\":\"ImageObject\",\"inLanguage\":\"fr-FR\",\"@id\":\"https:\\\/\\\/filles-de-la-charite.org\\\/fr\\\/#\\\/schema\\\/logo\\\/image\\\/\",\"url\":\"https:\\\/\\\/filles-de-la-charite.org\\\/wp-content\\\/uploads\\\/2023\\\/03\\\/isotipo-Hijas-de-la-Caridad.png\",\"contentUrl\":\"https:\\\/\\\/filles-de-la-charite.org\\\/wp-content\\\/uploads\\\/2023\\\/03\\\/isotipo-Hijas-de-la-Caridad.png\",\"width\":1417,\"height\":1417,\"caption\":\"Hijas de la Caridad\"},\"image\":{\"@id\":\"https:\\\/\\\/filles-de-la-charite.org\\\/fr\\\/#\\\/schema\\\/logo\\\/image\\\/\"}},{\"@type\":\"Person\",\"@id\":\"https:\\\/\\\/filles-de-la-charite.org\\\/fr\\\/#\\\/schema\\\/person\\\/427567b2eccfc2dd7d206da186a1f438\",\"name\":\"admin\",\"image\":{\"@type\":\"ImageObject\",\"inLanguage\":\"fr-FR\",\"@id\":\"https:\\\/\\\/secure.gravatar.com\\\/avatar\\\/948b492cce32b586ac2db0eaa926ee87024f7afe218d73b397ea5ddfc5f43ea1?s=96&d=mm&r=g\",\"url\":\"https:\\\/\\\/secure.gravatar.com\\\/avatar\\\/948b492cce32b586ac2db0eaa926ee87024f7afe218d73b397ea5ddfc5f43ea1?s=96&d=mm&r=g\",\"contentUrl\":\"https:\\\/\\\/secure.gravatar.com\\\/avatar\\\/948b492cce32b586ac2db0eaa926ee87024f7afe218d73b397ea5ddfc5f43ea1?s=96&d=mm&r=g\",\"caption\":\"admin\"},\"sameAs\":[\"https:\\\/\\\/filles-de-la-charite.org\"],\"url\":\"https:\\\/\\\/filles-de-la-charite.org\\\/fr\\\/author\\\/caridad\\\/\"}]}<\/script>\n<!-- \/ Yoast SEO plugin. -->","yoast_head_json":{"title":"50\u00e8me journ\u00e9e annuelle de la Terre - Filles de la Charit\u00e9","robots":{"index":"index","follow":"follow","max-snippet":"max-snippet:-1","max-image-preview":"max-image-preview:large","max-video-preview":"max-video-preview:-1"},"canonical":"https:\/\/filles-de-la-charite.org\/fr\/50eme-journee-annuelle-de-la-terre\/","og_locale":"fr_FR","og_type":"article","og_title":"50\u00e8me journ\u00e9e annuelle de la Terre - Filles de la Charit\u00e9","og_description":"Le myst\u00e8re de l&rsquo;Univers Tout l\u2019univers mat\u00e9riel est un langage de l\u2019amour de Dieu, de son immense tendresse envers nous. Le sol, l\u2019eau, les montagnes, tout est caresse de Dieu&nbsp; LaudatoSi\u2019 84 Pri\u00e8re La Journ\u00e9e Internationale de la Terre M\u00e8re, est c\u00e9l\u00e9br\u00e9e pour que nous nous rappelions tous que la Terre et tous ses \u00e9cosyst\u00e8mes [&hellip;]","og_url":"https:\/\/filles-de-la-charite.org\/fr\/50eme-journee-annuelle-de-la-terre\/","og_site_name":"Filles de la Charit\u00e9","article_published_time":"2020-04-01T15:03:44+00:00","article_modified_time":"2024-03-17T17:46:22+00:00","og_image":[{"width":564,"height":374,"url":"https:\/\/filles-de-la-charite.org\/wp-content\/uploads\/2023\/05\/page2-1-1.jpg","type":"image\/jpeg"}],"author":"admin","twitter_card":"summary_large_image","twitter_misc":{"\u00c9crit par":"admin","Dur\u00e9e de lecture estim\u00e9e":"2 minutes"},"schema":{"@context":"https:\/\/schema.org","@graph":[{"@type":"Article","@id":"https:\/\/filles-de-la-charite.org\/fr\/50eme-journee-annuelle-de-la-terre\/#article","isPartOf":{"@id":"https:\/\/filles-de-la-charite.org\/fr\/50eme-journee-annuelle-de-la-terre\/"},"author":{"name":"admin","@id":"https:\/\/filles-de-la-charite.org\/fr\/#\/schema\/person\/427567b2eccfc2dd7d206da186a1f438"},"headline":"50\u00e8me journ\u00e9e annuelle de la Terre","datePublished":"2020-04-01T15:03:44+00:00","dateModified":"2024-03-17T17:46:22+00:00","mainEntityOfPage":{"@id":"https:\/\/filles-de-la-charite.org\/fr\/50eme-journee-annuelle-de-la-terre\/"},"wordCount":321,"publisher":{"@id":"https:\/\/filles-de-la-charite.org\/fr\/#organization"},"image":{"@id":"https:\/\/filles-de-la-charite.org\/fr\/50eme-journee-annuelle-de-la-terre\/#primaryimage"},"thumbnailUrl":"https:\/\/filles-de-la-charite.org\/wp-content\/uploads\/2023\/05\/page2-1-1.jpg","articleSection":["ONU"],"inLanguage":"fr-FR"},{"@type":"WebPage","@id":"https:\/\/filles-de-la-charite.org\/fr\/50eme-journee-annuelle-de-la-terre\/","url":"https:\/\/filles-de-la-charite.org\/fr\/50eme-journee-annuelle-de-la-terre\/","name":"50\u00e8me journ\u00e9e annuelle de la Terre - Filles de la Charit\u00e9","isPartOf":{"@id":"https:\/\/filles-de-la-charite.org\/fr\/#website"},"primaryImageOfPage":{"@id":"https:\/\/filles-de-la-charite.org\/fr\/50eme-journee-annuelle-de-la-terre\/#primaryimage"},"image":{"@id":"https:\/\/filles-de-la-charite.org\/fr\/50eme-journee-annuelle-de-la-terre\/#primaryimage"},"thumbnailUrl":"https:\/\/filles-de-la-charite.org\/wp-content\/uploads\/2023\/05\/page2-1-1.jpg","datePublished":"2020-04-01T15:03:44+00:00","dateModified":"2024-03-17T17:46:22+00:00","breadcrumb":{"@id":"https:\/\/filles-de-la-charite.org\/fr\/50eme-journee-annuelle-de-la-terre\/#breadcrumb"},"inLanguage":"fr-FR","potentialAction":[{"@type":"ReadAction","target":["https:\/\/filles-de-la-charite.org\/fr\/50eme-journee-annuelle-de-la-terre\/"]}]},{"@type":"ImageObject","inLanguage":"fr-FR","@id":"https:\/\/filles-de-la-charite.org\/fr\/50eme-journee-annuelle-de-la-terre\/#primaryimage","url":"https:\/\/filles-de-la-charite.org\/wp-content\/uploads\/2023\/05\/page2-1-1.jpg","contentUrl":"https:\/\/filles-de-la-charite.org\/wp-content\/uploads\/2023\/05\/page2-1-1.jpg","width":564,"height":374},{"@type":"BreadcrumbList","@id":"https:\/\/filles-de-la-charite.org\/fr\/50eme-journee-annuelle-de-la-terre\/#breadcrumb","itemListElement":[{"@type":"ListItem","position":1,"name":"ONU","item":"https:\/\/filles-de-la-charite.org\/fr\/category\/onu-fr\/"},{"@type":"ListItem","position":2,"name":"50\u00e8me journ\u00e9e annuelle de la Terre"}]},{"@type":"WebSite","@id":"https:\/\/filles-de-la-charite.org\/fr\/#website","url":"https:\/\/filles-de-la-charite.org\/fr\/","name":"Hijas de la Caridad","description":"L\u2019amour de J\u00e9sus nous presse \u00e0 prendre soin des personnes les plus d\u00e9munies","publisher":{"@id":"https:\/\/filles-de-la-charite.org\/fr\/#organization"},"potentialAction":[{"@type":"SearchAction","target":{"@type":"EntryPoint","urlTemplate":"https:\/\/filles-de-la-charite.org\/fr\/?s={search_term_string}"},"query-input":{"@type":"PropertyValueSpecification","valueRequired":true,"valueName":"search_term_string"}}],"inLanguage":"fr-FR"},{"@type":"Organization","@id":"https:\/\/filles-de-la-charite.org\/fr\/#organization","name":"Hijas de la Caridad","url":"https:\/\/filles-de-la-charite.org\/fr\/","logo":{"@type":"ImageObject","inLanguage":"fr-FR","@id":"https:\/\/filles-de-la-charite.org\/fr\/#\/schema\/logo\/image\/","url":"https:\/\/filles-de-la-charite.org\/wp-content\/uploads\/2023\/03\/isotipo-Hijas-de-la-Caridad.png","contentUrl":"https:\/\/filles-de-la-charite.org\/wp-content\/uploads\/2023\/03\/isotipo-Hijas-de-la-Caridad.png","width":1417,"height":1417,"caption":"Hijas de la Caridad"},"image":{"@id":"https:\/\/filles-de-la-charite.org\/fr\/#\/schema\/logo\/image\/"}},{"@type":"Person","@id":"https:\/\/filles-de-la-charite.org\/fr\/#\/schema\/person\/427567b2eccfc2dd7d206da186a1f438","name":"admin","image":{"@type":"ImageObject","inLanguage":"fr-FR","@id":"https:\/\/secure.gravatar.com\/avatar\/948b492cce32b586ac2db0eaa926ee87024f7afe218d73b397ea5ddfc5f43ea1?s=96&d=mm&r=g","url":"https:\/\/secure.gravatar.com\/avatar\/948b492cce32b586ac2db0eaa926ee87024f7afe218d73b397ea5ddfc5f43ea1?s=96&d=mm&r=g","contentUrl":"https:\/\/secure.gravatar.com\/avatar\/948b492cce32b586ac2db0eaa926ee87024f7afe218d73b397ea5ddfc5f43ea1?s=96&d=mm&r=g","caption":"admin"},"sameAs":["https:\/\/filles-de-la-charite.org"],"url":"https:\/\/filles-de-la-charite.org\/fr\/author\/caridad\/"}]}},"_links":{"self":[{"href":"https:\/\/filles-de-la-charite.org\/fr\/wp-json\/wp\/v2\/posts\/8506","targetHints":{"allow":["GET"]}}],"collection":[{"href":"https:\/\/filles-de-la-charite.org\/fr\/wp-json\/wp\/v2\/posts"}],"about":[{"href":"https:\/\/filles-de-la-charite.org\/fr\/wp-json\/wp\/v2\/types\/post"}],"author":[{"embeddable":true,"href":"https:\/\/filles-de-la-charite.org\/fr\/wp-json\/wp\/v2\/users\/1"}],"replies":[{"embeddable":true,"href":"https:\/\/filles-de-la-charite.org\/fr\/wp-json\/wp\/v2\/comments?post=8506"}],"version-history":[{"count":1,"href":"https:\/\/filles-de-la-charite.org\/fr\/wp-json\/wp\/v2\/posts\/8506\/revisions"}],"predecessor-version":[{"id":8507,"href":"https:\/\/filles-de-la-charite.org\/fr\/wp-json\/wp\/v2\/posts\/8506\/revisions\/8507"}],"wp:featuredmedia":[{"embeddable":true,"href":"https:\/\/filles-de-la-charite.org\/fr\/wp-json\/wp\/v2\/media\/8019"}],"wp:attachment":[{"href":"https:\/\/filles-de-la-charite.org\/fr\/wp-json\/wp\/v2\/media?parent=8506"}],"wp:term":[{"taxonomy":"category","embeddable":true,"href":"https:\/\/filles-de-la-charite.org\/fr\/wp-json\/wp\/v2\/categories?post=8506"},{"taxonomy":"post_tag","embeddable":true,"href":"https:\/\/filles-de-la-charite.org\/fr\/wp-json\/wp\/v2\/tags?post=8506"}],"curies":[{"name":"wp","href":"https:\/\/api.w.org\/{rel}","templated":true}]}}