{"id":8512,"date":"2020-11-20T08:50:10","date_gmt":"2020-11-20T07:50:10","guid":{"rendered":"https:\/\/hijascaridad.sjdigitaldemo.ovh\/75-anniversaire-de-lorganisation-des-nations-unies\/"},"modified":"2024-03-17T18:19:34","modified_gmt":"2024-03-17T17:19:34","slug":"75-anniversaire-de-lorganisation-des-nations-unies","status":"publish","type":"post","link":"https:\/\/filles-de-la-charite.org\/fr\/75-anniversaire-de-lorganisation-des-nations-unies\/","title":{"rendered":"75 Anniversaire de l\u2019ORGANISATION DES NATIONS UNIES"},"content":{"rendered":"\n<figure class=\"wp-block-pullquote is-style-default\"><blockquote><p><strong><strong>Ne laisser personne en arri\u00e8re<\/strong><\/strong><\/p><\/blockquote><\/figure>\n\n\n\n<div class=\"wp-block-media-text alignwide has-media-on-the-right is-stacked-on-mobile\"><figure class=\"wp-block-media-text__media\"><img decoding=\"async\" src=\"https:\/\/filles-de-la-charite.org\/wp-content\/uploads\/2023\/05\/Imagen1-4.jpg\" alt=\"\" class=\"wp-image-55641\" \/><\/figure><div class=\"wp-block-media-text__content\">\n<p><strong>L\u2019int\u00e9r\u00eat du Vatican pour l\u2019ONU remonte au tout d\u00e9but, le Saint-Si\u00e8ge ayant eu des repr\u00e9sentants sur place lorsque la Charte pour une institution plan\u00e9taire a \u00e9t\u00e9 sign\u00e9e \u00e0 San Francisco le 24 octobre 1945. Depuis lors, ind\u00e9pendamment des diff\u00e9rends, la relation du Vatican avec l\u2019ONU a \u00e9t\u00e9 majoritairement collaborative, cherchant \u00e0 s\u2019engager avec les nations dans les domaines cl\u00e9s de l\u2019int\u00e9r\u00eat de l\u2019Homme. (Elise Harris, correspondante S\u00e9nior de cruxnow.com, le 11 janvier 2019)<\/strong><\/p>\n\n\n\n<div class=\"wp-block-group is-layout-flow wp-block-group-is-layout-flow\"><div class=\"wp-block-group__inner-container\"><\/div><\/div>\n<\/div><\/div>\n\n\n\n<div class=\"wp-block-cover has-background-dim\" style=\"background-image:url(https:\/\/www.filles-de-la-charite.org\/wp-content\/uploads\/UN\/OCTUBRE\/Imagen3.jpg);background-position:58% 12%\"><div class=\"wp-block-cover__inner-container is-layout-flow wp-block-cover-is-layout-flow\">\n<h5 class=\"wp-block-heading\"><strong><strong><strong>Tr\u00e8s Saint-P\u00e8re, votre voix morale claire transpara\u00eet lorsque vous vous exprimez sur le sort des plus vuln\u00e9rables, y compris les R\u00e9fugi\u00e9s et les Migrants, pour faire face \u00e0 la pauvret\u00e9 et aux in\u00e9galit\u00e9s, lorsque vous appelez au d\u00e9sarmement, \u00e0 construire des ponts entre les communaut\u00e9s et, bien s\u00fbr, quand vous soulignez l\u2019urgence climatique par le biais de votre encyclique historique \u00ab&nbsp;Laudato Si&nbsp;\u00bb, et tant d\u2019autres efforts vitaux\u2026<\/strong><\/strong><\/strong><\/h5>\n<\/div><\/div>\n\n\n\n<div class=\"wp-block-media-text alignwide is-stacked-on-mobile is-image-fill\" style=\"grid-template-columns:38% auto\"><figure class=\"wp-block-media-text__media\" style=\"background-image:url(https:\/\/filles-de-la-charite.org\/wp-content\/uploads\/2023\/05\/Imagen8-1.jpg);background-position:70% 51%\"><img decoding=\"async\" src=\"https:\/\/filles-de-la-charite.org\/wp-content\/uploads\/2023\/05\/Imagen8-1.jpg\" alt=\"\" class=\"wp-image-55640\" \/><\/figure><div class=\"wp-block-media-text__content\">\n<figure class=\"wp-block-pullquote is-style-default\" style=\"border-color:#0d80a0\"><blockquote class=\"has-text-color has-accent-color\"><p>Ces messages co\u00efncident avec les valeurs fondamentales de la Charte de l\u2019ONU, \u00e0 savoir la r\u00e9affirmation de la dignit\u00e9 et de la valeur de la Personne humaine, promouvoir l\u2019amour de l\u2019Homme et le souci de notre plan\u00e8te, d\u00e9fendre notre humanit\u00e9 commune et prot\u00e9ger notre maison commune. Notre monde en a plus que jamais besoin.&nbsp;<\/p><cite><strong><strong>Antonio Guterre, Secr\u00e9taire G\u00e9n\u00e9ral de l\u2019ONU, <\/strong><\/strong><br><strong><strong>apr\u00e8s le message du Pape Fran\u00e7ois, le 20 d\u00e9cembre 2019<\/strong><\/strong><\/cite><\/blockquote><\/figure>\n<\/div><\/div>\n\n\n\n<div class=\"wp-block-cover alignfull has-background-dim\" style=\"background-image:url(https:\/\/www.filles-de-la-charite.org\/wp-content\/uploads\/UN\/OCTUBRE\/Imagen5.jpg)\"><div class=\"wp-block-cover__inner-container is-layout-flow wp-block-cover-is-layout-flow\">\n<h2 class=\"has-text-align-center wp-block-heading\">PRI\u00c8RE<\/h2>\n\n\n\n<h4 class=\"wp-block-heading\">Seigneur, fais que chaque Personne, chaque nation soit un instrument de Ta paix ; l\u00e0 o\u00f9 il y a la haine, que nous mettions l\u2019amour ; l\u00e0 o\u00f9 il y a l\u2019offense, que nous mettions le pardon ; l\u00e0 o\u00f9 est le doute, que nous mettions la foi ; l\u00e0 o\u00f9 il y a le d\u00e9sespoir, que nous mettions l\u2019esp\u00e9rance ; l\u00e0 o\u00f9 il y a les t\u00e9n\u00e8bres, que nous mettions la lumi\u00e8re ; l\u00e0 o\u00f9 il y a la tristesse, que nous mettions la joie.<\/h4>\n\n\n\n<h6 class=\"wp-block-heading\"><strong>Adaptation de la pri\u00e8re de Saint Fran\u00e7ois d\u2019Assise<\/strong><\/h6>\n<\/div><\/div>\n\n\n\n<div class=\"wp-block-media-text alignwide is-stacked-on-mobile is-image-fill\" style=\"grid-template-columns:29% auto\"><figure class=\"wp-block-media-text__media\" style=\"background-image:url(https:\/\/filles-de-la-charite.org\/wp-content\/uploads\/2023\/05\/pya-1-1024x595.png);background-position:45% 48%\"><img decoding=\"async\" src=\"https:\/\/filles-de-la-charite.org\/wp-content\/uploads\/2023\/05\/pya-1-1024x595.png\" alt=\"\" class=\"wp-image-55974\" \/><\/figure><div class=\"wp-block-media-text__content\">\n<figure class=\"wp-block-pullquote\" style=\"border-color:#6d6d6d\"><blockquote class=\"has-text-color has-accent-color\"><p><strong><strong>La confiance dans le dialogue entre les Personnes et entre les nations, dans le multilat\u00e9ralisme, dans le r\u00f4le des organisations internationales, dans la diplomatie comme instrument pour la compr\u00e9hension et l\u2019entente, est indispensable pour construire un monde pacifique.&nbsp; <\/strong><\/strong><\/p><cite><strong><strong><strong>Pape Fran\u00e7ois dans un message vid\u00e9o en commun <\/strong><\/strong><\/strong><br><strong><strong><strong>avec Antonio Guterres, secr\u00e9taire g\u00e9n\u00e9ral de l\u2019ONU (20 d\u00e9cembre 2019)<\/strong><\/strong><\/strong><\/cite><\/blockquote><\/figure>\n<\/div><\/div>\n\n\n\n<p>Images retrieved from:<br>https:\/\/globalsolutions.org\/un2020-landing-pad-or-launch-pad\/<br>https:\/\/eeas.europa.eu\/headquarters\/headquarters-homepage\/81494\/eu-commemorates-75-years-un_en<br>Google \u2013 royalty free<br>www.daughtersofcharityunngo<br>Patrick Royer. Liturgie Mille images d&rsquo;Eglise<br>Ms. Natividad de los Santos. Original photos.<\/p>\n","protected":false},"excerpt":{"rendered":"<p>Ne laisser personne en arri\u00e8re Ces messages co\u00efncident avec les valeurs fondamentales de la Charte de l\u2019ONU, \u00e0 savoir la r\u00e9affirmation de la dignit\u00e9 et de la valeur de la Personne humaine, promouvoir l\u2019amour de l\u2019Homme et le souci de notre plan\u00e8te, d\u00e9fendre notre humanit\u00e9 commune et prot\u00e9ger notre maison commune. Notre monde en a [&hellip;]<\/p>\n","protected":false},"author":1,"featured_media":8083,"comment_status":"closed","ping_status":"closed","sticky":false,"template":"","format":"standard","meta":{"_acf_changed":false,"_et_pb_use_builder":"","_et_pb_old_content":"","_et_gb_content_width":"","footnotes":"","_links_to":"","_links_to_target":""},"categories":[633],"tags":[],"class_list":["post-8512","post","type-post","status-publish","format-standard","has-post-thumbnail","hentry","category-onu-fr"],"acf":[],"yoast_head":"<!-- This site is optimized with the Yoast SEO plugin v27.5 - https:\/\/yoast.com\/product\/yoast-seo-wordpress\/ -->\n<title>75 Anniversaire de l\u2019ORGANISATION DES NATIONS UNIES - Filles de la Charit\u00e9<\/title>\n<meta name=\"robots\" content=\"index, follow, max-snippet:-1, max-image-preview:large, max-video-preview:-1\" \/>\n<link rel=\"canonical\" href=\"https:\/\/filles-de-la-charite.org\/fr\/75-anniversaire-de-lorganisation-des-nations-unies\/\" \/>\n<meta property=\"og:locale\" content=\"fr_FR\" \/>\n<meta property=\"og:type\" content=\"article\" \/>\n<meta property=\"og:title\" content=\"75 Anniversaire de l\u2019ORGANISATION DES NATIONS UNIES - Filles de la Charit\u00e9\" \/>\n<meta property=\"og:description\" content=\"Ne laisser personne en arri\u00e8re Ces messages co\u00efncident avec les valeurs fondamentales de la Charte de l\u2019ONU, \u00e0 savoir la r\u00e9affirmation de la dignit\u00e9 et de la valeur de la Personne humaine, promouvoir l\u2019amour de l\u2019Homme et le souci de notre plan\u00e8te, d\u00e9fendre notre humanit\u00e9 commune et prot\u00e9ger notre maison commune. Notre monde en a [&hellip;]\" \/>\n<meta property=\"og:url\" content=\"https:\/\/filles-de-la-charite.org\/fr\/75-anniversaire-de-lorganisation-des-nations-unies\/\" \/>\n<meta property=\"og:site_name\" content=\"Filles de la Charit\u00e9\" \/>\n<meta property=\"article:published_time\" content=\"2020-11-20T07:50:10+00:00\" \/>\n<meta property=\"article:modified_time\" content=\"2024-03-17T17:19:34+00:00\" \/>\n<meta property=\"og:image\" content=\"https:\/\/filles-de-la-charite.org\/wp-content\/uploads\/2023\/05\/Imagen1-4.jpg\" \/>\n\t<meta property=\"og:image:width\" content=\"700\" \/>\n\t<meta property=\"og:image:height\" content=\"445\" \/>\n\t<meta property=\"og:image:type\" content=\"image\/jpeg\" \/>\n<meta name=\"author\" content=\"admin\" \/>\n<meta name=\"twitter:card\" content=\"summary_large_image\" \/>\n<meta name=\"twitter:label1\" content=\"\u00c9crit par\" \/>\n\t<meta name=\"twitter:data1\" content=\"admin\" \/>\n\t<meta name=\"twitter:label2\" content=\"Dur\u00e9e de lecture estim\u00e9e\" \/>\n\t<meta name=\"twitter:data2\" content=\"2 minutes\" \/>\n<script type=\"application\/ld+json\" class=\"yoast-schema-graph\">{\"@context\":\"https:\\\/\\\/schema.org\",\"@graph\":[{\"@type\":\"Article\",\"@id\":\"https:\\\/\\\/filles-de-la-charite.org\\\/fr\\\/75-anniversaire-de-lorganisation-des-nations-unies\\\/#article\",\"isPartOf\":{\"@id\":\"https:\\\/\\\/filles-de-la-charite.org\\\/fr\\\/75-anniversaire-de-lorganisation-des-nations-unies\\\/\"},\"author\":{\"name\":\"admin\",\"@id\":\"https:\\\/\\\/filles-de-la-charite.org\\\/fr\\\/#\\\/schema\\\/person\\\/427567b2eccfc2dd7d206da186a1f438\"},\"headline\":\"75 Anniversaire de l\u2019ORGANISATION DES NATIONS UNIES\",\"datePublished\":\"2020-11-20T07:50:10+00:00\",\"dateModified\":\"2024-03-17T17:19:34+00:00\",\"mainEntityOfPage\":{\"@id\":\"https:\\\/\\\/filles-de-la-charite.org\\\/fr\\\/75-anniversaire-de-lorganisation-des-nations-unies\\\/\"},\"wordCount\":462,\"publisher\":{\"@id\":\"https:\\\/\\\/filles-de-la-charite.org\\\/fr\\\/#organization\"},\"image\":{\"@id\":\"https:\\\/\\\/filles-de-la-charite.org\\\/fr\\\/75-anniversaire-de-lorganisation-des-nations-unies\\\/#primaryimage\"},\"thumbnailUrl\":\"https:\\\/\\\/filles-de-la-charite.org\\\/wp-content\\\/uploads\\\/2023\\\/05\\\/Imagen1-4.jpg\",\"articleSection\":[\"ONU\"],\"inLanguage\":\"fr-FR\"},{\"@type\":\"WebPage\",\"@id\":\"https:\\\/\\\/filles-de-la-charite.org\\\/fr\\\/75-anniversaire-de-lorganisation-des-nations-unies\\\/\",\"url\":\"https:\\\/\\\/filles-de-la-charite.org\\\/fr\\\/75-anniversaire-de-lorganisation-des-nations-unies\\\/\",\"name\":\"75 Anniversaire de l\u2019ORGANISATION DES NATIONS UNIES - Filles de la Charit\u00e9\",\"isPartOf\":{\"@id\":\"https:\\\/\\\/filles-de-la-charite.org\\\/fr\\\/#website\"},\"primaryImageOfPage\":{\"@id\":\"https:\\\/\\\/filles-de-la-charite.org\\\/fr\\\/75-anniversaire-de-lorganisation-des-nations-unies\\\/#primaryimage\"},\"image\":{\"@id\":\"https:\\\/\\\/filles-de-la-charite.org\\\/fr\\\/75-anniversaire-de-lorganisation-des-nations-unies\\\/#primaryimage\"},\"thumbnailUrl\":\"https:\\\/\\\/filles-de-la-charite.org\\\/wp-content\\\/uploads\\\/2023\\\/05\\\/Imagen1-4.jpg\",\"datePublished\":\"2020-11-20T07:50:10+00:00\",\"dateModified\":\"2024-03-17T17:19:34+00:00\",\"breadcrumb\":{\"@id\":\"https:\\\/\\\/filles-de-la-charite.org\\\/fr\\\/75-anniversaire-de-lorganisation-des-nations-unies\\\/#breadcrumb\"},\"inLanguage\":\"fr-FR\",\"potentialAction\":[{\"@type\":\"ReadAction\",\"target\":[\"https:\\\/\\\/filles-de-la-charite.org\\\/fr\\\/75-anniversaire-de-lorganisation-des-nations-unies\\\/\"]}]},{\"@type\":\"ImageObject\",\"inLanguage\":\"fr-FR\",\"@id\":\"https:\\\/\\\/filles-de-la-charite.org\\\/fr\\\/75-anniversaire-de-lorganisation-des-nations-unies\\\/#primaryimage\",\"url\":\"https:\\\/\\\/filles-de-la-charite.org\\\/wp-content\\\/uploads\\\/2023\\\/05\\\/Imagen1-4.jpg\",\"contentUrl\":\"https:\\\/\\\/filles-de-la-charite.org\\\/wp-content\\\/uploads\\\/2023\\\/05\\\/Imagen1-4.jpg\",\"width\":700,\"height\":445},{\"@type\":\"BreadcrumbList\",\"@id\":\"https:\\\/\\\/filles-de-la-charite.org\\\/fr\\\/75-anniversaire-de-lorganisation-des-nations-unies\\\/#breadcrumb\",\"itemListElement\":[{\"@type\":\"ListItem\",\"position\":1,\"name\":\"ONU\",\"item\":\"https:\\\/\\\/filles-de-la-charite.org\\\/fr\\\/category\\\/onu-fr\\\/\"},{\"@type\":\"ListItem\",\"position\":2,\"name\":\"75 Anniversaire de l\u2019ORGANISATION DES NATIONS UNIES\"}]},{\"@type\":\"WebSite\",\"@id\":\"https:\\\/\\\/filles-de-la-charite.org\\\/fr\\\/#website\",\"url\":\"https:\\\/\\\/filles-de-la-charite.org\\\/fr\\\/\",\"name\":\"Hijas de la Caridad\",\"description\":\"L\u2019amour de J\u00e9sus nous presse \u00e0 prendre soin des personnes les plus d\u00e9munies\",\"publisher\":{\"@id\":\"https:\\\/\\\/filles-de-la-charite.org\\\/fr\\\/#organization\"},\"potentialAction\":[{\"@type\":\"SearchAction\",\"target\":{\"@type\":\"EntryPoint\",\"urlTemplate\":\"https:\\\/\\\/filles-de-la-charite.org\\\/fr\\\/?s={search_term_string}\"},\"query-input\":{\"@type\":\"PropertyValueSpecification\",\"valueRequired\":true,\"valueName\":\"search_term_string\"}}],\"inLanguage\":\"fr-FR\"},{\"@type\":\"Organization\",\"@id\":\"https:\\\/\\\/filles-de-la-charite.org\\\/fr\\\/#organization\",\"name\":\"Hijas de la Caridad\",\"url\":\"https:\\\/\\\/filles-de-la-charite.org\\\/fr\\\/\",\"logo\":{\"@type\":\"ImageObject\",\"inLanguage\":\"fr-FR\",\"@id\":\"https:\\\/\\\/filles-de-la-charite.org\\\/fr\\\/#\\\/schema\\\/logo\\\/image\\\/\",\"url\":\"https:\\\/\\\/filles-de-la-charite.org\\\/wp-content\\\/uploads\\\/2023\\\/03\\\/isotipo-Hijas-de-la-Caridad.png\",\"contentUrl\":\"https:\\\/\\\/filles-de-la-charite.org\\\/wp-content\\\/uploads\\\/2023\\\/03\\\/isotipo-Hijas-de-la-Caridad.png\",\"width\":1417,\"height\":1417,\"caption\":\"Hijas de la Caridad\"},\"image\":{\"@id\":\"https:\\\/\\\/filles-de-la-charite.org\\\/fr\\\/#\\\/schema\\\/logo\\\/image\\\/\"}},{\"@type\":\"Person\",\"@id\":\"https:\\\/\\\/filles-de-la-charite.org\\\/fr\\\/#\\\/schema\\\/person\\\/427567b2eccfc2dd7d206da186a1f438\",\"name\":\"admin\",\"image\":{\"@type\":\"ImageObject\",\"inLanguage\":\"fr-FR\",\"@id\":\"https:\\\/\\\/secure.gravatar.com\\\/avatar\\\/948b492cce32b586ac2db0eaa926ee87024f7afe218d73b397ea5ddfc5f43ea1?s=96&d=mm&r=g\",\"url\":\"https:\\\/\\\/secure.gravatar.com\\\/avatar\\\/948b492cce32b586ac2db0eaa926ee87024f7afe218d73b397ea5ddfc5f43ea1?s=96&d=mm&r=g\",\"contentUrl\":\"https:\\\/\\\/secure.gravatar.com\\\/avatar\\\/948b492cce32b586ac2db0eaa926ee87024f7afe218d73b397ea5ddfc5f43ea1?s=96&d=mm&r=g\",\"caption\":\"admin\"},\"sameAs\":[\"https:\\\/\\\/filles-de-la-charite.org\"],\"url\":\"https:\\\/\\\/filles-de-la-charite.org\\\/fr\\\/author\\\/caridad\\\/\"}]}<\/script>\n<!-- \/ Yoast SEO plugin. -->","yoast_head_json":{"title":"75 Anniversaire de l\u2019ORGANISATION DES NATIONS UNIES - Filles de la Charit\u00e9","robots":{"index":"index","follow":"follow","max-snippet":"max-snippet:-1","max-image-preview":"max-image-preview:large","max-video-preview":"max-video-preview:-1"},"canonical":"https:\/\/filles-de-la-charite.org\/fr\/75-anniversaire-de-lorganisation-des-nations-unies\/","og_locale":"fr_FR","og_type":"article","og_title":"75 Anniversaire de l\u2019ORGANISATION DES NATIONS UNIES - Filles de la Charit\u00e9","og_description":"Ne laisser personne en arri\u00e8re Ces messages co\u00efncident avec les valeurs fondamentales de la Charte de l\u2019ONU, \u00e0 savoir la r\u00e9affirmation de la dignit\u00e9 et de la valeur de la Personne humaine, promouvoir l\u2019amour de l\u2019Homme et le souci de notre plan\u00e8te, d\u00e9fendre notre humanit\u00e9 commune et prot\u00e9ger notre maison commune. Notre monde en a [&hellip;]","og_url":"https:\/\/filles-de-la-charite.org\/fr\/75-anniversaire-de-lorganisation-des-nations-unies\/","og_site_name":"Filles de la Charit\u00e9","article_published_time":"2020-11-20T07:50:10+00:00","article_modified_time":"2024-03-17T17:19:34+00:00","og_image":[{"width":700,"height":445,"url":"https:\/\/filles-de-la-charite.org\/wp-content\/uploads\/2023\/05\/Imagen1-4.jpg","type":"image\/jpeg"}],"author":"admin","twitter_card":"summary_large_image","twitter_misc":{"\u00c9crit par":"admin","Dur\u00e9e de lecture estim\u00e9e":"2 minutes"},"schema":{"@context":"https:\/\/schema.org","@graph":[{"@type":"Article","@id":"https:\/\/filles-de-la-charite.org\/fr\/75-anniversaire-de-lorganisation-des-nations-unies\/#article","isPartOf":{"@id":"https:\/\/filles-de-la-charite.org\/fr\/75-anniversaire-de-lorganisation-des-nations-unies\/"},"author":{"name":"admin","@id":"https:\/\/filles-de-la-charite.org\/fr\/#\/schema\/person\/427567b2eccfc2dd7d206da186a1f438"},"headline":"75 Anniversaire de l\u2019ORGANISATION DES NATIONS UNIES","datePublished":"2020-11-20T07:50:10+00:00","dateModified":"2024-03-17T17:19:34+00:00","mainEntityOfPage":{"@id":"https:\/\/filles-de-la-charite.org\/fr\/75-anniversaire-de-lorganisation-des-nations-unies\/"},"wordCount":462,"publisher":{"@id":"https:\/\/filles-de-la-charite.org\/fr\/#organization"},"image":{"@id":"https:\/\/filles-de-la-charite.org\/fr\/75-anniversaire-de-lorganisation-des-nations-unies\/#primaryimage"},"thumbnailUrl":"https:\/\/filles-de-la-charite.org\/wp-content\/uploads\/2023\/05\/Imagen1-4.jpg","articleSection":["ONU"],"inLanguage":"fr-FR"},{"@type":"WebPage","@id":"https:\/\/filles-de-la-charite.org\/fr\/75-anniversaire-de-lorganisation-des-nations-unies\/","url":"https:\/\/filles-de-la-charite.org\/fr\/75-anniversaire-de-lorganisation-des-nations-unies\/","name":"75 Anniversaire de l\u2019ORGANISATION DES NATIONS UNIES - Filles de la Charit\u00e9","isPartOf":{"@id":"https:\/\/filles-de-la-charite.org\/fr\/#website"},"primaryImageOfPage":{"@id":"https:\/\/filles-de-la-charite.org\/fr\/75-anniversaire-de-lorganisation-des-nations-unies\/#primaryimage"},"image":{"@id":"https:\/\/filles-de-la-charite.org\/fr\/75-anniversaire-de-lorganisation-des-nations-unies\/#primaryimage"},"thumbnailUrl":"https:\/\/filles-de-la-charite.org\/wp-content\/uploads\/2023\/05\/Imagen1-4.jpg","datePublished":"2020-11-20T07:50:10+00:00","dateModified":"2024-03-17T17:19:34+00:00","breadcrumb":{"@id":"https:\/\/filles-de-la-charite.org\/fr\/75-anniversaire-de-lorganisation-des-nations-unies\/#breadcrumb"},"inLanguage":"fr-FR","potentialAction":[{"@type":"ReadAction","target":["https:\/\/filles-de-la-charite.org\/fr\/75-anniversaire-de-lorganisation-des-nations-unies\/"]}]},{"@type":"ImageObject","inLanguage":"fr-FR","@id":"https:\/\/filles-de-la-charite.org\/fr\/75-anniversaire-de-lorganisation-des-nations-unies\/#primaryimage","url":"https:\/\/filles-de-la-charite.org\/wp-content\/uploads\/2023\/05\/Imagen1-4.jpg","contentUrl":"https:\/\/filles-de-la-charite.org\/wp-content\/uploads\/2023\/05\/Imagen1-4.jpg","width":700,"height":445},{"@type":"BreadcrumbList","@id":"https:\/\/filles-de-la-charite.org\/fr\/75-anniversaire-de-lorganisation-des-nations-unies\/#breadcrumb","itemListElement":[{"@type":"ListItem","position":1,"name":"ONU","item":"https:\/\/filles-de-la-charite.org\/fr\/category\/onu-fr\/"},{"@type":"ListItem","position":2,"name":"75 Anniversaire de l\u2019ORGANISATION DES NATIONS UNIES"}]},{"@type":"WebSite","@id":"https:\/\/filles-de-la-charite.org\/fr\/#website","url":"https:\/\/filles-de-la-charite.org\/fr\/","name":"Hijas de la Caridad","description":"L\u2019amour de J\u00e9sus nous presse \u00e0 prendre soin des personnes les plus d\u00e9munies","publisher":{"@id":"https:\/\/filles-de-la-charite.org\/fr\/#organization"},"potentialAction":[{"@type":"SearchAction","target":{"@type":"EntryPoint","urlTemplate":"https:\/\/filles-de-la-charite.org\/fr\/?s={search_term_string}"},"query-input":{"@type":"PropertyValueSpecification","valueRequired":true,"valueName":"search_term_string"}}],"inLanguage":"fr-FR"},{"@type":"Organization","@id":"https:\/\/filles-de-la-charite.org\/fr\/#organization","name":"Hijas de la Caridad","url":"https:\/\/filles-de-la-charite.org\/fr\/","logo":{"@type":"ImageObject","inLanguage":"fr-FR","@id":"https:\/\/filles-de-la-charite.org\/fr\/#\/schema\/logo\/image\/","url":"https:\/\/filles-de-la-charite.org\/wp-content\/uploads\/2023\/03\/isotipo-Hijas-de-la-Caridad.png","contentUrl":"https:\/\/filles-de-la-charite.org\/wp-content\/uploads\/2023\/03\/isotipo-Hijas-de-la-Caridad.png","width":1417,"height":1417,"caption":"Hijas de la Caridad"},"image":{"@id":"https:\/\/filles-de-la-charite.org\/fr\/#\/schema\/logo\/image\/"}},{"@type":"Person","@id":"https:\/\/filles-de-la-charite.org\/fr\/#\/schema\/person\/427567b2eccfc2dd7d206da186a1f438","name":"admin","image":{"@type":"ImageObject","inLanguage":"fr-FR","@id":"https:\/\/secure.gravatar.com\/avatar\/948b492cce32b586ac2db0eaa926ee87024f7afe218d73b397ea5ddfc5f43ea1?s=96&d=mm&r=g","url":"https:\/\/secure.gravatar.com\/avatar\/948b492cce32b586ac2db0eaa926ee87024f7afe218d73b397ea5ddfc5f43ea1?s=96&d=mm&r=g","contentUrl":"https:\/\/secure.gravatar.com\/avatar\/948b492cce32b586ac2db0eaa926ee87024f7afe218d73b397ea5ddfc5f43ea1?s=96&d=mm&r=g","caption":"admin"},"sameAs":["https:\/\/filles-de-la-charite.org"],"url":"https:\/\/filles-de-la-charite.org\/fr\/author\/caridad\/"}]}},"_links":{"self":[{"href":"https:\/\/filles-de-la-charite.org\/fr\/wp-json\/wp\/v2\/posts\/8512","targetHints":{"allow":["GET"]}}],"collection":[{"href":"https:\/\/filles-de-la-charite.org\/fr\/wp-json\/wp\/v2\/posts"}],"about":[{"href":"https:\/\/filles-de-la-charite.org\/fr\/wp-json\/wp\/v2\/types\/post"}],"author":[{"embeddable":true,"href":"https:\/\/filles-de-la-charite.org\/fr\/wp-json\/wp\/v2\/users\/1"}],"replies":[{"embeddable":true,"href":"https:\/\/filles-de-la-charite.org\/fr\/wp-json\/wp\/v2\/comments?post=8512"}],"version-history":[{"count":1,"href":"https:\/\/filles-de-la-charite.org\/fr\/wp-json\/wp\/v2\/posts\/8512\/revisions"}],"predecessor-version":[{"id":8513,"href":"https:\/\/filles-de-la-charite.org\/fr\/wp-json\/wp\/v2\/posts\/8512\/revisions\/8513"}],"wp:featuredmedia":[{"embeddable":true,"href":"https:\/\/filles-de-la-charite.org\/fr\/wp-json\/wp\/v2\/media\/8083"}],"wp:attachment":[{"href":"https:\/\/filles-de-la-charite.org\/fr\/wp-json\/wp\/v2\/media?parent=8512"}],"wp:term":[{"taxonomy":"category","embeddable":true,"href":"https:\/\/filles-de-la-charite.org\/fr\/wp-json\/wp\/v2\/categories?post=8512"},{"taxonomy":"post_tag","embeddable":true,"href":"https:\/\/filles-de-la-charite.org\/fr\/wp-json\/wp\/v2\/tags?post=8512"}],"curies":[{"name":"wp","href":"https:\/\/api.w.org\/{rel}","templated":true}]}}