{"id":8514,"date":"2020-11-20T19:58:01","date_gmt":"2020-11-20T18:58:01","guid":{"rendered":"https:\/\/hijascaridad.sjdigitaldemo.ovh\/ne-laisser-personne-en-arriere\/"},"modified":"2024-03-17T18:19:25","modified_gmt":"2024-03-17T17:19:25","slug":"ne-laisser-personne-en-arriere","status":"publish","type":"post","link":"https:\/\/filles-de-la-charite.org\/fr\/ne-laisser-personne-en-arriere\/","title":{"rendered":"Ne laisser personne en arri\u00e8re"},"content":{"rendered":"\n<p><\/p>\n\n\n\n<div class=\"wp-block-cover aligncenter has-background-dim has-custom-content-position is-position-top-center\" style=\"background-image:url(https:\/\/www.filles-de-la-charite.org\/wp-content\/uploads\/UN\/NOVEMBER\/Imagen-2.jpg);background-position:49% 18%;min-height:300px;aspect-ratio:unset;\"><div class=\"wp-block-cover__inner-container is-layout-flow wp-block-cover-is-layout-flow\">\n<figure class=\"wp-block-pullquote\"><blockquote><p><strong><em><em>\u201c Si ton fr\u00e8re qui vit avec toi tombe dans la g\u00eane et s\u2019av\u00e8re d\u00e9faillant dans ses rapports avec toi, tu le soutiendras, f\u00fbt-il r\u00e9sident ou h\u00f4te, pour qu\u2019il vive pr\u00e8s de toi.\u201d<\/em><\/em><\/strong><\/p><cite><strong><strong><em><strong><em>Lv 25, 35.<\/em><\/strong><\/em><\/strong><\/strong><\/cite><\/blockquote><\/figure>\n<\/div><\/div>\n\n\n\n<div class=\"wp-block-media-text alignwide is-stacked-on-mobile\"><figure class=\"wp-block-media-text__media\"><img decoding=\"async\" src=\"https:\/\/filles-de-la-charite.org\/wp-content\/uploads\/2023\/05\/Imagen-3-1.jpg\" alt=\"\" class=\"wp-image-55655\" \/><\/figure><div class=\"wp-block-media-text__content\">\n<figure class=\"wp-block-pullquote\" style=\"border-color:#0d80a0\"><blockquote class=\"has-text-color has-accent-color\"><p><strong><strong><em><em>\u201cNe savez-vous pas quel est le je\u00fbne qui me pla\u00eet ? Rompre les cha\u00eenes injustes, d\u00e9lier les liens du joug, renvoyer libres les prisonniers, briser tous les jougs ? N\u2019est-ce point partager ton pain avec l\u2019affam\u00e9, h\u00e9berger les pauvres sans abri\u2026 ?<\/em><\/em><\/strong><\/strong><\/p><cite><strong><strong><strong><em><strong><strong><em>Is 58, 6-7\u00a0\u00a0\u00a0\u00a0\u00a0\u00a0\u00a0\u00a0\u00a0\u00a0<\/em><\/strong><\/strong><\/em><\/strong><\/strong><\/strong><\/cite><\/blockquote><\/figure>\n<\/div><\/div>\n\n\n\n<div class=\"wp-block-cover has-background-dim\" style=\"background-image:url(https:\/\/www.filles-de-la-charite.org\/wp-content\/uploads\/UN\/NOVEMBER\/Imagen-4.jpg);background-position:40% 0%\"><div class=\"wp-block-cover__inner-container is-layout-flow wp-block-cover-is-layout-flow\">\n<figure class=\"wp-block-pullquote\" style=\"border-color:#ffffff\"><blockquote><p><strong><strong><strong><em><em>J\u00e9sus leur dit : \u201cles renards ont des tani\u00e8res et les oiseaux du ciel ont des nids ; le Fils de l\u2019Homme, lui, n\u2019a pas o\u00f9 reposer la t\u00eate.\u201d<\/em><\/em><\/strong><\/strong><\/strong><\/p><cite><strong><strong><em><strong><strong><em>Lc 9, 58<\/em><\/strong><\/strong><\/em><\/strong><\/strong><\/cite><\/blockquote><\/figure>\n<\/div><\/div>\n\n\n\n<div class=\"wp-block-media-text alignwide has-media-on-the-right is-stacked-on-mobile\"><figure class=\"wp-block-media-text__media\"><img decoding=\"async\" src=\"https:\/\/filles-de-la-charite.org\/wp-content\/uploads\/2023\/05\/Imagen-1.png\" alt=\"\" class=\"wp-image-55652\" \/><\/figure><div class=\"wp-block-media-text__content\">\n<p><\/p>\n\n\n\n<div class=\"wp-block-group\"><div class=\"wp-block-group__inner-container is-layout-flow wp-block-group-is-layout-flow\">\n<p>Le service des Personnes sans-abri n\u2019est pas une nouveaut\u00e9 pour les diff\u00e9rentes branches de la Famille Vincentienne. L\u2019Alliance Famvin avec les Sans-abri (La FHA), vise \u00e0 associer les 150 branches de la Famille Vincentienne dans la lutte contre le sans-abrisme, cherchant \u00e0 apprendre les uns des autres, \u00e0 s\u2019entraider et \u00e0 agir ensemble pour apporter une aide directe aux Sans-abri, ainsi qu\u2019\u00e0 collaborer au plaidoyer&#8230; <\/p>\n\n\n\n<p><em>(<\/em><em>P\u00e8re<\/em><em> <\/em><em>Toma\u017e<\/em><em> <\/em><em>Mavric<\/em><em>, Rome, le 12 <\/em><em>ao\u00fbt<\/em><em> 2019).<\/em><\/p>\n<\/div><\/div>\n<\/div><\/div>\n\n\n\n<div class=\"wp-block-media-text alignwide is-stacked-on-mobile\" style=\"grid-template-columns:26% auto\"><figure class=\"wp-block-media-text__media\"><img decoding=\"async\" src=\"https:\/\/filles-de-la-charite.org\/wp-content\/uploads\/2023\/05\/Imagen-5-1.jpg\" alt=\"\" class=\"wp-image-55657\" \/><\/figure><div class=\"wp-block-media-text__content\">\n<h4 class=\"wp-block-heading\">Le Pape Fran\u00e7ois a transform\u00e9 un palais du Vatican en \u201cPalace du Pauvre\u201d pour les Personnes sans-abri.\u00a0\u00a0 Silvano, Romain, a v\u00e9cucomme Sans-abripendant 8 ans\u2026<\/h4>\n\n\n\n<p><\/p>\n<\/div><\/div>\n\n\n\n<div class=\"wp-block-media-text alignwide has-media-on-the-right is-stacked-on-mobile\" style=\"grid-template-columns:auto 26%\"><figure class=\"wp-block-media-text__media\"><img decoding=\"async\" src=\"https:\/\/filles-de-la-charite.org\/wp-content\/uploads\/2023\/05\/Imagen-6-1.jpg\" alt=\"\" class=\"wp-image-55650\" \/><\/figure><div class=\"wp-block-media-text__content\">\n<h4 class=\"wp-block-heading\">\u00ab\u00a0Si vous dormez sur le sol recouvert d\u2019un carton, que vous devez vous lever \u00e0 5h du matin avant que la police ne vous chasse,\u201d dit-il, \u201cet qu\u2019ensuite vous trouviez une place comme celle-ci, o\u00f9 vous avez un petit-d\u00e9jeuner, des douches, un lit et un d\u00eener, que pouvez-vous d\u00e9sirer de plus ?\u00a0\u00bb (7 f\u00e9vrier 2020).<\/h4>\n<\/div><\/div>\n\n\n\n<h2 class=\"wp-block-heading\">Pri\u00e8re<\/h2>\n\n\n\n<div class=\"wp-block-cover alignfull has-background-dim\" style=\"background-image:url(https:\/\/www.filles-de-la-charite.org\/wp-content\/uploads\/UN\/NOVEMBER\/Imagen-7.jpg)\"><div class=\"wp-block-cover__inner-container is-layout-flow wp-block-cover-is-layout-flow\">\n<figure class=\"wp-block-pullquote\"><blockquote class=\"has-text-color has-background-color\"><p><em><em>\u00d4 mon Dieu, tu es un Dieu de justice, de mis\u00e9ricorde et de compassion.<\/em><\/em><\/p><p><em><em>Aide-nous, serviteurs des Personnes vivant la pauvret\u00e9, afin que nous puissions offrir Ton amour et Ta compassion \u00e0 toutes les Personnes sans-abri qui ont besoin de Ton amour.<\/em><\/em><\/p><p><em><em>Nous te demandons, notre Dieu tout-aimant, de pouvoir Te voir en chaque Sans-abri que nous rencontrons, au service de ceux qui sont dans le besoin.<\/em><\/em><\/p><p><em><em>Donne-nous la volont\u00e9 de tout faire pour aider chaque personne \u00e0 atteindre son potentiel, afin qu\u2019elle puisse vivre en pl\u00e9nitude. Nous te le demandons par J\u00e9sus Christ, notre Seigneur.\u00a0 Amen.\u00a0<\/em><\/em><\/p><cite><em><em><em>Adaptation de la Pri\u00e8re pour les Personnes sans-abri de la Famvin australienne<\/em><\/em><\/em><\/cite><\/blockquote><\/figure>\n<\/div><\/div>\n\n\n\n<p><\/p>\n","protected":false},"excerpt":{"rendered":"<p>\u201cNe savez-vous pas quel est le je\u00fbne qui me pla\u00eet ? Rompre les cha\u00eenes injustes, d\u00e9lier les liens du joug, renvoyer libres les prisonniers, briser tous les jougs ? N\u2019est-ce point partager ton pain avec l\u2019affam\u00e9, h\u00e9berger les pauvres sans abri\u2026 ? Is 58, 6-7\u00a0\u00a0\u00a0\u00a0\u00a0\u00a0\u00a0\u00a0\u00a0\u00a0 Le Pape Fran\u00e7ois a transform\u00e9 un palais du Vatican en [&hellip;]<\/p>\n","protected":false},"author":1,"featured_media":8128,"comment_status":"closed","ping_status":"closed","sticky":false,"template":"","format":"standard","meta":{"_acf_changed":false,"_et_pb_use_builder":"","_et_pb_old_content":"","_et_gb_content_width":"","footnotes":"","_links_to":"","_links_to_target":""},"categories":[633],"tags":[],"class_list":["post-8514","post","type-post","status-publish","format-standard","has-post-thumbnail","hentry","category-onu-fr"],"acf":[],"yoast_head":"<!-- This site is optimized with the Yoast SEO plugin v27.5 - https:\/\/yoast.com\/product\/yoast-seo-wordpress\/ -->\n<title>Ne laisser personne en arri\u00e8re - Filles de la Charit\u00e9<\/title>\n<meta name=\"robots\" content=\"index, follow, max-snippet:-1, max-image-preview:large, max-video-preview:-1\" \/>\n<link rel=\"canonical\" href=\"https:\/\/filles-de-la-charite.org\/fr\/ne-laisser-personne-en-arriere\/\" \/>\n<meta property=\"og:locale\" content=\"fr_FR\" \/>\n<meta property=\"og:type\" content=\"article\" \/>\n<meta property=\"og:title\" content=\"Ne laisser personne en arri\u00e8re - Filles de la Charit\u00e9\" \/>\n<meta property=\"og:description\" content=\"\u201cNe savez-vous pas quel est le je\u00fbne qui me pla\u00eet ? Rompre les cha\u00eenes injustes, d\u00e9lier les liens du joug, renvoyer libres les prisonniers, briser tous les jougs ? N\u2019est-ce point partager ton pain avec l\u2019affam\u00e9, h\u00e9berger les pauvres sans abri\u2026 ? Is 58, 6-7\u00a0\u00a0\u00a0\u00a0\u00a0\u00a0\u00a0\u00a0\u00a0\u00a0 Le Pape Fran\u00e7ois a transform\u00e9 un palais du Vatican en [&hellip;]\" \/>\n<meta property=\"og:url\" content=\"https:\/\/filles-de-la-charite.org\/fr\/ne-laisser-personne-en-arriere\/\" \/>\n<meta property=\"og:site_name\" content=\"Filles de la Charit\u00e9\" \/>\n<meta property=\"article:published_time\" content=\"2020-11-20T18:58:01+00:00\" \/>\n<meta property=\"article:modified_time\" content=\"2024-03-17T17:19:25+00:00\" \/>\n<meta property=\"og:image\" content=\"https:\/\/filles-de-la-charite.org\/wp-content\/uploads\/2023\/05\/Imagen-7-1.jpg\" \/>\n\t<meta property=\"og:image:width\" content=\"497\" \/>\n\t<meta property=\"og:image:height\" content=\"367\" \/>\n\t<meta property=\"og:image:type\" content=\"image\/jpeg\" \/>\n<meta name=\"author\" content=\"admin\" \/>\n<meta name=\"twitter:card\" content=\"summary_large_image\" \/>\n<meta name=\"twitter:label1\" content=\"\u00c9crit par\" \/>\n\t<meta name=\"twitter:data1\" content=\"admin\" \/>\n\t<meta name=\"twitter:label2\" content=\"Dur\u00e9e de lecture estim\u00e9e\" \/>\n\t<meta name=\"twitter:data2\" content=\"2 minutes\" \/>\n<script type=\"application\/ld+json\" class=\"yoast-schema-graph\">{\"@context\":\"https:\\\/\\\/schema.org\",\"@graph\":[{\"@type\":\"Article\",\"@id\":\"https:\\\/\\\/filles-de-la-charite.org\\\/fr\\\/ne-laisser-personne-en-arriere\\\/#article\",\"isPartOf\":{\"@id\":\"https:\\\/\\\/filles-de-la-charite.org\\\/fr\\\/ne-laisser-personne-en-arriere\\\/\"},\"author\":{\"name\":\"admin\",\"@id\":\"https:\\\/\\\/filles-de-la-charite.org\\\/fr\\\/#\\\/schema\\\/person\\\/427567b2eccfc2dd7d206da186a1f438\"},\"headline\":\"Ne laisser personne en arri\u00e8re\",\"datePublished\":\"2020-11-20T18:58:01+00:00\",\"dateModified\":\"2024-03-17T17:19:25+00:00\",\"mainEntityOfPage\":{\"@id\":\"https:\\\/\\\/filles-de-la-charite.org\\\/fr\\\/ne-laisser-personne-en-arriere\\\/\"},\"wordCount\":397,\"publisher\":{\"@id\":\"https:\\\/\\\/filles-de-la-charite.org\\\/fr\\\/#organization\"},\"image\":{\"@id\":\"https:\\\/\\\/filles-de-la-charite.org\\\/fr\\\/ne-laisser-personne-en-arriere\\\/#primaryimage\"},\"thumbnailUrl\":\"https:\\\/\\\/filles-de-la-charite.org\\\/wp-content\\\/uploads\\\/2023\\\/05\\\/Imagen-7-1.jpg\",\"articleSection\":[\"ONU\"],\"inLanguage\":\"fr-FR\"},{\"@type\":\"WebPage\",\"@id\":\"https:\\\/\\\/filles-de-la-charite.org\\\/fr\\\/ne-laisser-personne-en-arriere\\\/\",\"url\":\"https:\\\/\\\/filles-de-la-charite.org\\\/fr\\\/ne-laisser-personne-en-arriere\\\/\",\"name\":\"Ne laisser personne en arri\u00e8re - Filles de la Charit\u00e9\",\"isPartOf\":{\"@id\":\"https:\\\/\\\/filles-de-la-charite.org\\\/fr\\\/#website\"},\"primaryImageOfPage\":{\"@id\":\"https:\\\/\\\/filles-de-la-charite.org\\\/fr\\\/ne-laisser-personne-en-arriere\\\/#primaryimage\"},\"image\":{\"@id\":\"https:\\\/\\\/filles-de-la-charite.org\\\/fr\\\/ne-laisser-personne-en-arriere\\\/#primaryimage\"},\"thumbnailUrl\":\"https:\\\/\\\/filles-de-la-charite.org\\\/wp-content\\\/uploads\\\/2023\\\/05\\\/Imagen-7-1.jpg\",\"datePublished\":\"2020-11-20T18:58:01+00:00\",\"dateModified\":\"2024-03-17T17:19:25+00:00\",\"breadcrumb\":{\"@id\":\"https:\\\/\\\/filles-de-la-charite.org\\\/fr\\\/ne-laisser-personne-en-arriere\\\/#breadcrumb\"},\"inLanguage\":\"fr-FR\",\"potentialAction\":[{\"@type\":\"ReadAction\",\"target\":[\"https:\\\/\\\/filles-de-la-charite.org\\\/fr\\\/ne-laisser-personne-en-arriere\\\/\"]}]},{\"@type\":\"ImageObject\",\"inLanguage\":\"fr-FR\",\"@id\":\"https:\\\/\\\/filles-de-la-charite.org\\\/fr\\\/ne-laisser-personne-en-arriere\\\/#primaryimage\",\"url\":\"https:\\\/\\\/filles-de-la-charite.org\\\/wp-content\\\/uploads\\\/2023\\\/05\\\/Imagen-7-1.jpg\",\"contentUrl\":\"https:\\\/\\\/filles-de-la-charite.org\\\/wp-content\\\/uploads\\\/2023\\\/05\\\/Imagen-7-1.jpg\",\"width\":497,\"height\":367},{\"@type\":\"BreadcrumbList\",\"@id\":\"https:\\\/\\\/filles-de-la-charite.org\\\/fr\\\/ne-laisser-personne-en-arriere\\\/#breadcrumb\",\"itemListElement\":[{\"@type\":\"ListItem\",\"position\":1,\"name\":\"ONU\",\"item\":\"https:\\\/\\\/filles-de-la-charite.org\\\/fr\\\/category\\\/onu-fr\\\/\"},{\"@type\":\"ListItem\",\"position\":2,\"name\":\"Ne laisser personne en arri\u00e8re\"}]},{\"@type\":\"WebSite\",\"@id\":\"https:\\\/\\\/filles-de-la-charite.org\\\/fr\\\/#website\",\"url\":\"https:\\\/\\\/filles-de-la-charite.org\\\/fr\\\/\",\"name\":\"Hijas de la Caridad\",\"description\":\"L\u2019amour de J\u00e9sus nous presse \u00e0 prendre soin des personnes les plus d\u00e9munies\",\"publisher\":{\"@id\":\"https:\\\/\\\/filles-de-la-charite.org\\\/fr\\\/#organization\"},\"potentialAction\":[{\"@type\":\"SearchAction\",\"target\":{\"@type\":\"EntryPoint\",\"urlTemplate\":\"https:\\\/\\\/filles-de-la-charite.org\\\/fr\\\/?s={search_term_string}\"},\"query-input\":{\"@type\":\"PropertyValueSpecification\",\"valueRequired\":true,\"valueName\":\"search_term_string\"}}],\"inLanguage\":\"fr-FR\"},{\"@type\":\"Organization\",\"@id\":\"https:\\\/\\\/filles-de-la-charite.org\\\/fr\\\/#organization\",\"name\":\"Hijas de la Caridad\",\"url\":\"https:\\\/\\\/filles-de-la-charite.org\\\/fr\\\/\",\"logo\":{\"@type\":\"ImageObject\",\"inLanguage\":\"fr-FR\",\"@id\":\"https:\\\/\\\/filles-de-la-charite.org\\\/fr\\\/#\\\/schema\\\/logo\\\/image\\\/\",\"url\":\"https:\\\/\\\/filles-de-la-charite.org\\\/wp-content\\\/uploads\\\/2023\\\/03\\\/isotipo-Hijas-de-la-Caridad.png\",\"contentUrl\":\"https:\\\/\\\/filles-de-la-charite.org\\\/wp-content\\\/uploads\\\/2023\\\/03\\\/isotipo-Hijas-de-la-Caridad.png\",\"width\":1417,\"height\":1417,\"caption\":\"Hijas de la Caridad\"},\"image\":{\"@id\":\"https:\\\/\\\/filles-de-la-charite.org\\\/fr\\\/#\\\/schema\\\/logo\\\/image\\\/\"}},{\"@type\":\"Person\",\"@id\":\"https:\\\/\\\/filles-de-la-charite.org\\\/fr\\\/#\\\/schema\\\/person\\\/427567b2eccfc2dd7d206da186a1f438\",\"name\":\"admin\",\"image\":{\"@type\":\"ImageObject\",\"inLanguage\":\"fr-FR\",\"@id\":\"https:\\\/\\\/secure.gravatar.com\\\/avatar\\\/948b492cce32b586ac2db0eaa926ee87024f7afe218d73b397ea5ddfc5f43ea1?s=96&d=mm&r=g\",\"url\":\"https:\\\/\\\/secure.gravatar.com\\\/avatar\\\/948b492cce32b586ac2db0eaa926ee87024f7afe218d73b397ea5ddfc5f43ea1?s=96&d=mm&r=g\",\"contentUrl\":\"https:\\\/\\\/secure.gravatar.com\\\/avatar\\\/948b492cce32b586ac2db0eaa926ee87024f7afe218d73b397ea5ddfc5f43ea1?s=96&d=mm&r=g\",\"caption\":\"admin\"},\"sameAs\":[\"https:\\\/\\\/filles-de-la-charite.org\"],\"url\":\"https:\\\/\\\/filles-de-la-charite.org\\\/fr\\\/author\\\/caridad\\\/\"}]}<\/script>\n<!-- \/ Yoast SEO plugin. -->","yoast_head_json":{"title":"Ne laisser personne en arri\u00e8re - Filles de la Charit\u00e9","robots":{"index":"index","follow":"follow","max-snippet":"max-snippet:-1","max-image-preview":"max-image-preview:large","max-video-preview":"max-video-preview:-1"},"canonical":"https:\/\/filles-de-la-charite.org\/fr\/ne-laisser-personne-en-arriere\/","og_locale":"fr_FR","og_type":"article","og_title":"Ne laisser personne en arri\u00e8re - Filles de la Charit\u00e9","og_description":"\u201cNe savez-vous pas quel est le je\u00fbne qui me pla\u00eet ? Rompre les cha\u00eenes injustes, d\u00e9lier les liens du joug, renvoyer libres les prisonniers, briser tous les jougs ? N\u2019est-ce point partager ton pain avec l\u2019affam\u00e9, h\u00e9berger les pauvres sans abri\u2026 ? Is 58, 6-7\u00a0\u00a0\u00a0\u00a0\u00a0\u00a0\u00a0\u00a0\u00a0\u00a0 Le Pape Fran\u00e7ois a transform\u00e9 un palais du Vatican en [&hellip;]","og_url":"https:\/\/filles-de-la-charite.org\/fr\/ne-laisser-personne-en-arriere\/","og_site_name":"Filles de la Charit\u00e9","article_published_time":"2020-11-20T18:58:01+00:00","article_modified_time":"2024-03-17T17:19:25+00:00","og_image":[{"width":497,"height":367,"url":"https:\/\/filles-de-la-charite.org\/wp-content\/uploads\/2023\/05\/Imagen-7-1.jpg","type":"image\/jpeg"}],"author":"admin","twitter_card":"summary_large_image","twitter_misc":{"\u00c9crit par":"admin","Dur\u00e9e de lecture estim\u00e9e":"2 minutes"},"schema":{"@context":"https:\/\/schema.org","@graph":[{"@type":"Article","@id":"https:\/\/filles-de-la-charite.org\/fr\/ne-laisser-personne-en-arriere\/#article","isPartOf":{"@id":"https:\/\/filles-de-la-charite.org\/fr\/ne-laisser-personne-en-arriere\/"},"author":{"name":"admin","@id":"https:\/\/filles-de-la-charite.org\/fr\/#\/schema\/person\/427567b2eccfc2dd7d206da186a1f438"},"headline":"Ne laisser personne en arri\u00e8re","datePublished":"2020-11-20T18:58:01+00:00","dateModified":"2024-03-17T17:19:25+00:00","mainEntityOfPage":{"@id":"https:\/\/filles-de-la-charite.org\/fr\/ne-laisser-personne-en-arriere\/"},"wordCount":397,"publisher":{"@id":"https:\/\/filles-de-la-charite.org\/fr\/#organization"},"image":{"@id":"https:\/\/filles-de-la-charite.org\/fr\/ne-laisser-personne-en-arriere\/#primaryimage"},"thumbnailUrl":"https:\/\/filles-de-la-charite.org\/wp-content\/uploads\/2023\/05\/Imagen-7-1.jpg","articleSection":["ONU"],"inLanguage":"fr-FR"},{"@type":"WebPage","@id":"https:\/\/filles-de-la-charite.org\/fr\/ne-laisser-personne-en-arriere\/","url":"https:\/\/filles-de-la-charite.org\/fr\/ne-laisser-personne-en-arriere\/","name":"Ne laisser personne en arri\u00e8re - Filles de la Charit\u00e9","isPartOf":{"@id":"https:\/\/filles-de-la-charite.org\/fr\/#website"},"primaryImageOfPage":{"@id":"https:\/\/filles-de-la-charite.org\/fr\/ne-laisser-personne-en-arriere\/#primaryimage"},"image":{"@id":"https:\/\/filles-de-la-charite.org\/fr\/ne-laisser-personne-en-arriere\/#primaryimage"},"thumbnailUrl":"https:\/\/filles-de-la-charite.org\/wp-content\/uploads\/2023\/05\/Imagen-7-1.jpg","datePublished":"2020-11-20T18:58:01+00:00","dateModified":"2024-03-17T17:19:25+00:00","breadcrumb":{"@id":"https:\/\/filles-de-la-charite.org\/fr\/ne-laisser-personne-en-arriere\/#breadcrumb"},"inLanguage":"fr-FR","potentialAction":[{"@type":"ReadAction","target":["https:\/\/filles-de-la-charite.org\/fr\/ne-laisser-personne-en-arriere\/"]}]},{"@type":"ImageObject","inLanguage":"fr-FR","@id":"https:\/\/filles-de-la-charite.org\/fr\/ne-laisser-personne-en-arriere\/#primaryimage","url":"https:\/\/filles-de-la-charite.org\/wp-content\/uploads\/2023\/05\/Imagen-7-1.jpg","contentUrl":"https:\/\/filles-de-la-charite.org\/wp-content\/uploads\/2023\/05\/Imagen-7-1.jpg","width":497,"height":367},{"@type":"BreadcrumbList","@id":"https:\/\/filles-de-la-charite.org\/fr\/ne-laisser-personne-en-arriere\/#breadcrumb","itemListElement":[{"@type":"ListItem","position":1,"name":"ONU","item":"https:\/\/filles-de-la-charite.org\/fr\/category\/onu-fr\/"},{"@type":"ListItem","position":2,"name":"Ne laisser personne en arri\u00e8re"}]},{"@type":"WebSite","@id":"https:\/\/filles-de-la-charite.org\/fr\/#website","url":"https:\/\/filles-de-la-charite.org\/fr\/","name":"Hijas de la Caridad","description":"L\u2019amour de J\u00e9sus nous presse \u00e0 prendre soin des personnes les plus d\u00e9munies","publisher":{"@id":"https:\/\/filles-de-la-charite.org\/fr\/#organization"},"potentialAction":[{"@type":"SearchAction","target":{"@type":"EntryPoint","urlTemplate":"https:\/\/filles-de-la-charite.org\/fr\/?s={search_term_string}"},"query-input":{"@type":"PropertyValueSpecification","valueRequired":true,"valueName":"search_term_string"}}],"inLanguage":"fr-FR"},{"@type":"Organization","@id":"https:\/\/filles-de-la-charite.org\/fr\/#organization","name":"Hijas de la Caridad","url":"https:\/\/filles-de-la-charite.org\/fr\/","logo":{"@type":"ImageObject","inLanguage":"fr-FR","@id":"https:\/\/filles-de-la-charite.org\/fr\/#\/schema\/logo\/image\/","url":"https:\/\/filles-de-la-charite.org\/wp-content\/uploads\/2023\/03\/isotipo-Hijas-de-la-Caridad.png","contentUrl":"https:\/\/filles-de-la-charite.org\/wp-content\/uploads\/2023\/03\/isotipo-Hijas-de-la-Caridad.png","width":1417,"height":1417,"caption":"Hijas de la Caridad"},"image":{"@id":"https:\/\/filles-de-la-charite.org\/fr\/#\/schema\/logo\/image\/"}},{"@type":"Person","@id":"https:\/\/filles-de-la-charite.org\/fr\/#\/schema\/person\/427567b2eccfc2dd7d206da186a1f438","name":"admin","image":{"@type":"ImageObject","inLanguage":"fr-FR","@id":"https:\/\/secure.gravatar.com\/avatar\/948b492cce32b586ac2db0eaa926ee87024f7afe218d73b397ea5ddfc5f43ea1?s=96&d=mm&r=g","url":"https:\/\/secure.gravatar.com\/avatar\/948b492cce32b586ac2db0eaa926ee87024f7afe218d73b397ea5ddfc5f43ea1?s=96&d=mm&r=g","contentUrl":"https:\/\/secure.gravatar.com\/avatar\/948b492cce32b586ac2db0eaa926ee87024f7afe218d73b397ea5ddfc5f43ea1?s=96&d=mm&r=g","caption":"admin"},"sameAs":["https:\/\/filles-de-la-charite.org"],"url":"https:\/\/filles-de-la-charite.org\/fr\/author\/caridad\/"}]}},"_links":{"self":[{"href":"https:\/\/filles-de-la-charite.org\/fr\/wp-json\/wp\/v2\/posts\/8514","targetHints":{"allow":["GET"]}}],"collection":[{"href":"https:\/\/filles-de-la-charite.org\/fr\/wp-json\/wp\/v2\/posts"}],"about":[{"href":"https:\/\/filles-de-la-charite.org\/fr\/wp-json\/wp\/v2\/types\/post"}],"author":[{"embeddable":true,"href":"https:\/\/filles-de-la-charite.org\/fr\/wp-json\/wp\/v2\/users\/1"}],"replies":[{"embeddable":true,"href":"https:\/\/filles-de-la-charite.org\/fr\/wp-json\/wp\/v2\/comments?post=8514"}],"version-history":[{"count":1,"href":"https:\/\/filles-de-la-charite.org\/fr\/wp-json\/wp\/v2\/posts\/8514\/revisions"}],"predecessor-version":[{"id":8515,"href":"https:\/\/filles-de-la-charite.org\/fr\/wp-json\/wp\/v2\/posts\/8514\/revisions\/8515"}],"wp:featuredmedia":[{"embeddable":true,"href":"https:\/\/filles-de-la-charite.org\/fr\/wp-json\/wp\/v2\/media\/8128"}],"wp:attachment":[{"href":"https:\/\/filles-de-la-charite.org\/fr\/wp-json\/wp\/v2\/media?parent=8514"}],"wp:term":[{"taxonomy":"category","embeddable":true,"href":"https:\/\/filles-de-la-charite.org\/fr\/wp-json\/wp\/v2\/categories?post=8514"},{"taxonomy":"post_tag","embeddable":true,"href":"https:\/\/filles-de-la-charite.org\/fr\/wp-json\/wp\/v2\/tags?post=8514"}],"curies":[{"name":"wp","href":"https:\/\/api.w.org\/{rel}","templated":true}]}}