{"id":8522,"date":"2021-02-28T23:00:00","date_gmt":"2021-02-28T22:00:00","guid":{"rendered":"https:\/\/hijascaridad.sjdigitaldemo.ovh\/61240\/"},"modified":"2024-03-17T17:48:37","modified_gmt":"2024-03-17T16:48:37","slug":"61240","status":"publish","type":"post","link":"https:\/\/filles-de-la-charite.org\/fr\/61240\/","title":{"rendered":"\u00c9radication de la violence contre les femmes."},"content":{"rendered":"\n<p><\/p>\n\n\n\n<h4 class=\"wp-block-heading\">La Commission Onusienne de la Femme: participation et prise de d\u00e9cisions dans la sph\u00e8re publique.<\/h4>\n\n\n\n<p><\/p>\n\n\n\n<p>En mars, le si\u00e8ge de l\u2019O.N.U. \u00e0 New York est habituellement anim\u00e9 de milliers de personnes participant \u00e0 la Commission annuelle de la Condition de la Femme (C.S.W.). Cette ann\u00e9e, la 65<sup>e<\/sup> session de cette Commission se tiendra virtuellement et se d\u00e9roulera du 15 au 26 mars.<\/p>\n\n\n\n<p><strong>Le th\u00e8me de cette ann\u00e9e est le suivant:<\/strong><\/p>\n\n\n\n<p><strong> \u00ab&nbsp;Participation pleine et effective des femmes \u00e0 la prise de d\u00e9cisions dans la sph\u00e8re publique, \u00e9limination de la violence, r\u00e9alisation de l\u2019\u00e9galit\u00e9 des sexes et autonomisation de toutes les femmes et de toutes les jeunes filles.&nbsp;\u00bb <\/strong>Le sujet rejoint le th\u00e8me de la Journ\u00e9e Internationale de la Femme du 8 mars&nbsp;<strong>: \u201cLeadership f\u00e9minin : pour un futur \u00e9galitaire dans le monde de la Covid-19.&nbsp;\u00bb<\/strong><\/p>\n\n\n\n<figure class=\"wp-block-image alignwide size-large\"><img decoding=\"async\" src=\"https:\/\/filles-de-la-charite.org\/wp-content\/uploads\/2023\/05\/fig-1-1.png\" alt=\"\" class=\"wp-image-61189\" \/><figcaption><span class=\"has-inline-color has-accent-color\">Photo 1: Affiche de la 65e Session de la Commission de la Condition de la femme (O.N.U.)<\/span><\/figcaption><\/figure>\n\n\n\n<p><\/p>\n\n\n\n<p>De nombreux pays dirig\u00e9s par des femmes ont eu des r\u00e9ponses fortes lors de la pand\u00e9mie de la Covid-19. Par exemple, les Dirigeantes du Danemark, de l\u2019\u00c9thiopie, de la Finlande, de l\u2019Allemagne, de l\u2019Islande, de la Nouvelle-Z\u00e9lande et de la Slovaquie se sont distingu\u00e9es par leur rapidit\u00e9, leur d\u00e9termination et l\u2019efficacit\u00e9 de leurs r\u00e9ponses nationales \u00e0 la Covid-19.<\/p>\n\n\n\n<p>Malheureusement, au 8 novembre 2020, on ne comptabilisait dans le monde que 20 femmes \u00e0 la t\u00eate de gouvernements.<\/p>\n\n\n\n<p><strong>LA PARTICIPATION DES FILLES DE LA CHARIT\u00c9<\/strong><\/p>\n\n\n\n<p>Les Filles de la Charit\u00e9 se mobiliseront sur le th\u00e8me de la Commission concernant l\u2019\u00e9radication des violences faites aux femmes. Elles co-parraineront le th\u00e8me intitul\u00e9&nbsp;: \u00ab&nbsp;<strong>Le Sans-abrisme Cach\u00e9 : Transformer le Traumatisme en Autonomisation\u00bb, <\/strong>avec d\u2019autres O.N.G. de la Famille Vincentienne et UNANIMA (O.N.G. qui s\u2019occupe de femmes et d\u2019enfants en situation de grande pauvret\u00e9). La date et l\u2019heure n\u2019ont pas encore \u00e9t\u00e9 fix\u00e9es.<\/p>\n\n\n\n<p>Elles co-parraineront aussi l\u2019Association Internationale de la Pr\u00e9sentation (R\u00e9seau des S\u0153urs de la Pr\u00e9sentation de la Ste Vierge, amis, et associ\u00e9s), et d\u2019autres, avec un choix d\u2019intervenants sur le th\u00e8me&nbsp;: \u00ab&nbsp;<strong>Transformer les St\u00e9r\u00e9otypes du \u00ab&nbsp;Genre&nbsp;\u00bb : Faire que la Discussion inconfortable devienne Confortable.\u00a0\u00bb<\/strong> Pour la rencontre, la date du 16 mars a \u00e9t\u00e9 propos\u00e9e, mais on attend qu\u2019elle soit confirm\u00e9e par la Commission.<\/p>\n\n\n\n<div class=\"wp-block-image\"><figure class=\"alignright size-large\"><img decoding=\"async\" src=\"https:\/\/filles-de-la-charite.org\/wp-content\/uploads\/2023\/05\/fig-2-1.png\" alt=\"\" class=\"wp-image-61188\" \/><figcaption><span class=\"has-inline-color has-accent-color\">Photo 2: Repr\u00e9sentation d\u2019une femme en lien avec le th\u00e8me de l\u2019ann\u00e9e (O.N.U.)<\/span><\/figcaption><\/figure><\/div>\n\n\n\n<p>Les statistiques concernant les violences faites aux femmes sont pr\u00e9occupantes et de nombreuses sources indiquent que cette violence a augment\u00e9 pendant la pand\u00e9mie de la Covid-19 \u00e0 cause du stress financier, de l\u2019isolement et du confinement. Les appels aux services d\u2019assistance t\u00e9l\u00e9phonique ont \u00e9t\u00e9 multipli\u00e9s par cinq dans certains territoires, selon \u00ab&nbsp;O.N.U. Femmes&nbsp;\u00bb. Les donn\u00e9es hors pand\u00e9mie indiquent, globalement, 35 pour cent de femmes souffrant de violences physiques et\/ou sexuelles de leur conjoint, ou des violences sexuelles d\u2019un non partenaire. Pr\u00e8s de la moiti\u00e9 (49 pour cent) des victimes de la traite humaine sont des femmes adultes. Dans les pays de l\u2019Union Europ\u00e9enne, une femme sur 10 d\u00e9clare avoir subi des harc\u00e8lements via Internet d\u00e8s l\u2019\u00e2ge de 15 ans. Au Moyen-Orient et en Afrique du Nord, 40 \u00e0 60 pour cent des femmes ont souffert de harc\u00e8lements sexuels dans la rue. Au moins 200 millions de femmes et de jeunes filles, entre 15 et 49 ans, ont subi des mutilations g\u00e9nitales dans 31 pays o\u00f9 cette pratique est r\u00e9pandue selon \u00ab&nbsp;O.N.U. Femmes&nbsp;\u00bb.<\/p>\n","protected":false},"excerpt":{"rendered":"<p>La Commission Onusienne de la Femme: participation et prise de d\u00e9cisions dans la sph\u00e8re publique. En mars, le si\u00e8ge de l\u2019O.N.U. \u00e0 New York est habituellement anim\u00e9 de milliers de personnes participant \u00e0 la Commission annuelle de la Condition de la Femme (C.S.W.). Cette ann\u00e9e, la 65e session de cette Commission se tiendra virtuellement et [&hellip;]<\/p>\n","protected":false},"author":1,"featured_media":8201,"comment_status":"closed","ping_status":"closed","sticky":false,"template":"","format":"standard","meta":{"_acf_changed":false,"_et_pb_use_builder":"","_et_pb_old_content":"","_et_gb_content_width":"","footnotes":"","_links_to":"","_links_to_target":""},"categories":[633],"tags":[],"class_list":["post-8522","post","type-post","status-publish","format-standard","has-post-thumbnail","hentry","category-onu-fr"],"acf":[],"yoast_head":"<!-- This site is optimized with the Yoast SEO plugin v27.5 - https:\/\/yoast.com\/product\/yoast-seo-wordpress\/ -->\n<title>\u00c9radication de la violence contre les femmes. - Filles de la Charit\u00e9<\/title>\n<meta name=\"robots\" content=\"index, follow, max-snippet:-1, max-image-preview:large, max-video-preview:-1\" \/>\n<link rel=\"canonical\" href=\"https:\/\/filles-de-la-charite.org\/fr\/61240\/\" \/>\n<meta property=\"og:locale\" content=\"fr_FR\" \/>\n<meta property=\"og:type\" content=\"article\" \/>\n<meta property=\"og:title\" content=\"\u00c9radication de la violence contre les femmes. - Filles de la Charit\u00e9\" \/>\n<meta property=\"og:description\" content=\"La Commission Onusienne de la Femme: participation et prise de d\u00e9cisions dans la sph\u00e8re publique. En mars, le si\u00e8ge de l\u2019O.N.U. \u00e0 New York est habituellement anim\u00e9 de milliers de personnes participant \u00e0 la Commission annuelle de la Condition de la Femme (C.S.W.). Cette ann\u00e9e, la 65e session de cette Commission se tiendra virtuellement et [&hellip;]\" \/>\n<meta property=\"og:url\" content=\"https:\/\/filles-de-la-charite.org\/fr\/61240\/\" \/>\n<meta property=\"og:site_name\" content=\"Filles de la Charit\u00e9\" \/>\n<meta property=\"article:published_time\" content=\"2021-02-28T22:00:00+00:00\" \/>\n<meta property=\"article:modified_time\" content=\"2024-03-17T16:48:37+00:00\" \/>\n<meta property=\"og:image\" content=\"https:\/\/filles-de-la-charite.org\/wp-content\/uploads\/2023\/05\/fig-2-1.png\" \/>\n\t<meta property=\"og:image:width\" content=\"644\" \/>\n\t<meta property=\"og:image:height\" content=\"338\" \/>\n\t<meta property=\"og:image:type\" content=\"image\/png\" \/>\n<meta name=\"author\" content=\"admin\" \/>\n<meta name=\"twitter:card\" content=\"summary_large_image\" \/>\n<meta name=\"twitter:label1\" content=\"\u00c9crit par\" \/>\n\t<meta name=\"twitter:data1\" content=\"admin\" \/>\n\t<meta name=\"twitter:label2\" content=\"Dur\u00e9e de lecture estim\u00e9e\" \/>\n\t<meta name=\"twitter:data2\" content=\"3 minutes\" \/>\n<script type=\"application\/ld+json\" class=\"yoast-schema-graph\">{\"@context\":\"https:\\\/\\\/schema.org\",\"@graph\":[{\"@type\":\"Article\",\"@id\":\"https:\\\/\\\/filles-de-la-charite.org\\\/fr\\\/61240\\\/#article\",\"isPartOf\":{\"@id\":\"https:\\\/\\\/filles-de-la-charite.org\\\/fr\\\/61240\\\/\"},\"author\":{\"name\":\"admin\",\"@id\":\"https:\\\/\\\/filles-de-la-charite.org\\\/fr\\\/#\\\/schema\\\/person\\\/427567b2eccfc2dd7d206da186a1f438\"},\"headline\":\"\u00c9radication de la violence contre les femmes.\",\"datePublished\":\"2021-02-28T22:00:00+00:00\",\"dateModified\":\"2024-03-17T16:48:37+00:00\",\"mainEntityOfPage\":{\"@id\":\"https:\\\/\\\/filles-de-la-charite.org\\\/fr\\\/61240\\\/\"},\"wordCount\":631,\"publisher\":{\"@id\":\"https:\\\/\\\/filles-de-la-charite.org\\\/fr\\\/#organization\"},\"image\":{\"@id\":\"https:\\\/\\\/filles-de-la-charite.org\\\/fr\\\/61240\\\/#primaryimage\"},\"thumbnailUrl\":\"https:\\\/\\\/filles-de-la-charite.org\\\/wp-content\\\/uploads\\\/2023\\\/05\\\/fig-2-1.png\",\"articleSection\":[\"ONU\"],\"inLanguage\":\"fr-FR\"},{\"@type\":\"WebPage\",\"@id\":\"https:\\\/\\\/filles-de-la-charite.org\\\/fr\\\/61240\\\/\",\"url\":\"https:\\\/\\\/filles-de-la-charite.org\\\/fr\\\/61240\\\/\",\"name\":\"\u00c9radication de la violence contre les femmes. - Filles de la Charit\u00e9\",\"isPartOf\":{\"@id\":\"https:\\\/\\\/filles-de-la-charite.org\\\/fr\\\/#website\"},\"primaryImageOfPage\":{\"@id\":\"https:\\\/\\\/filles-de-la-charite.org\\\/fr\\\/61240\\\/#primaryimage\"},\"image\":{\"@id\":\"https:\\\/\\\/filles-de-la-charite.org\\\/fr\\\/61240\\\/#primaryimage\"},\"thumbnailUrl\":\"https:\\\/\\\/filles-de-la-charite.org\\\/wp-content\\\/uploads\\\/2023\\\/05\\\/fig-2-1.png\",\"datePublished\":\"2021-02-28T22:00:00+00:00\",\"dateModified\":\"2024-03-17T16:48:37+00:00\",\"breadcrumb\":{\"@id\":\"https:\\\/\\\/filles-de-la-charite.org\\\/fr\\\/61240\\\/#breadcrumb\"},\"inLanguage\":\"fr-FR\",\"potentialAction\":[{\"@type\":\"ReadAction\",\"target\":[\"https:\\\/\\\/filles-de-la-charite.org\\\/fr\\\/61240\\\/\"]}]},{\"@type\":\"ImageObject\",\"inLanguage\":\"fr-FR\",\"@id\":\"https:\\\/\\\/filles-de-la-charite.org\\\/fr\\\/61240\\\/#primaryimage\",\"url\":\"https:\\\/\\\/filles-de-la-charite.org\\\/wp-content\\\/uploads\\\/2023\\\/05\\\/fig-2-1.png\",\"contentUrl\":\"https:\\\/\\\/filles-de-la-charite.org\\\/wp-content\\\/uploads\\\/2023\\\/05\\\/fig-2-1.png\",\"width\":644,\"height\":338},{\"@type\":\"BreadcrumbList\",\"@id\":\"https:\\\/\\\/filles-de-la-charite.org\\\/fr\\\/61240\\\/#breadcrumb\",\"itemListElement\":[{\"@type\":\"ListItem\",\"position\":1,\"name\":\"ONU\",\"item\":\"https:\\\/\\\/filles-de-la-charite.org\\\/fr\\\/category\\\/onu-fr\\\/\"},{\"@type\":\"ListItem\",\"position\":2,\"name\":\"\u00c9radication de la violence contre les femmes.\"}]},{\"@type\":\"WebSite\",\"@id\":\"https:\\\/\\\/filles-de-la-charite.org\\\/fr\\\/#website\",\"url\":\"https:\\\/\\\/filles-de-la-charite.org\\\/fr\\\/\",\"name\":\"Hijas de la Caridad\",\"description\":\"L\u2019amour de J\u00e9sus nous presse \u00e0 prendre soin des personnes les plus d\u00e9munies\",\"publisher\":{\"@id\":\"https:\\\/\\\/filles-de-la-charite.org\\\/fr\\\/#organization\"},\"potentialAction\":[{\"@type\":\"SearchAction\",\"target\":{\"@type\":\"EntryPoint\",\"urlTemplate\":\"https:\\\/\\\/filles-de-la-charite.org\\\/fr\\\/?s={search_term_string}\"},\"query-input\":{\"@type\":\"PropertyValueSpecification\",\"valueRequired\":true,\"valueName\":\"search_term_string\"}}],\"inLanguage\":\"fr-FR\"},{\"@type\":\"Organization\",\"@id\":\"https:\\\/\\\/filles-de-la-charite.org\\\/fr\\\/#organization\",\"name\":\"Hijas de la Caridad\",\"url\":\"https:\\\/\\\/filles-de-la-charite.org\\\/fr\\\/\",\"logo\":{\"@type\":\"ImageObject\",\"inLanguage\":\"fr-FR\",\"@id\":\"https:\\\/\\\/filles-de-la-charite.org\\\/fr\\\/#\\\/schema\\\/logo\\\/image\\\/\",\"url\":\"https:\\\/\\\/filles-de-la-charite.org\\\/wp-content\\\/uploads\\\/2023\\\/03\\\/isotipo-Hijas-de-la-Caridad.png\",\"contentUrl\":\"https:\\\/\\\/filles-de-la-charite.org\\\/wp-content\\\/uploads\\\/2023\\\/03\\\/isotipo-Hijas-de-la-Caridad.png\",\"width\":1417,\"height\":1417,\"caption\":\"Hijas de la Caridad\"},\"image\":{\"@id\":\"https:\\\/\\\/filles-de-la-charite.org\\\/fr\\\/#\\\/schema\\\/logo\\\/image\\\/\"}},{\"@type\":\"Person\",\"@id\":\"https:\\\/\\\/filles-de-la-charite.org\\\/fr\\\/#\\\/schema\\\/person\\\/427567b2eccfc2dd7d206da186a1f438\",\"name\":\"admin\",\"image\":{\"@type\":\"ImageObject\",\"inLanguage\":\"fr-FR\",\"@id\":\"https:\\\/\\\/secure.gravatar.com\\\/avatar\\\/948b492cce32b586ac2db0eaa926ee87024f7afe218d73b397ea5ddfc5f43ea1?s=96&d=mm&r=g\",\"url\":\"https:\\\/\\\/secure.gravatar.com\\\/avatar\\\/948b492cce32b586ac2db0eaa926ee87024f7afe218d73b397ea5ddfc5f43ea1?s=96&d=mm&r=g\",\"contentUrl\":\"https:\\\/\\\/secure.gravatar.com\\\/avatar\\\/948b492cce32b586ac2db0eaa926ee87024f7afe218d73b397ea5ddfc5f43ea1?s=96&d=mm&r=g\",\"caption\":\"admin\"},\"sameAs\":[\"https:\\\/\\\/filles-de-la-charite.org\"],\"url\":\"https:\\\/\\\/filles-de-la-charite.org\\\/fr\\\/author\\\/caridad\\\/\"}]}<\/script>\n<!-- \/ Yoast SEO plugin. -->","yoast_head_json":{"title":"\u00c9radication de la violence contre les femmes. - Filles de la Charit\u00e9","robots":{"index":"index","follow":"follow","max-snippet":"max-snippet:-1","max-image-preview":"max-image-preview:large","max-video-preview":"max-video-preview:-1"},"canonical":"https:\/\/filles-de-la-charite.org\/fr\/61240\/","og_locale":"fr_FR","og_type":"article","og_title":"\u00c9radication de la violence contre les femmes. - Filles de la Charit\u00e9","og_description":"La Commission Onusienne de la Femme: participation et prise de d\u00e9cisions dans la sph\u00e8re publique. En mars, le si\u00e8ge de l\u2019O.N.U. \u00e0 New York est habituellement anim\u00e9 de milliers de personnes participant \u00e0 la Commission annuelle de la Condition de la Femme (C.S.W.). Cette ann\u00e9e, la 65e session de cette Commission se tiendra virtuellement et [&hellip;]","og_url":"https:\/\/filles-de-la-charite.org\/fr\/61240\/","og_site_name":"Filles de la Charit\u00e9","article_published_time":"2021-02-28T22:00:00+00:00","article_modified_time":"2024-03-17T16:48:37+00:00","og_image":[{"width":644,"height":338,"url":"https:\/\/filles-de-la-charite.org\/wp-content\/uploads\/2023\/05\/fig-2-1.png","type":"image\/png"}],"author":"admin","twitter_card":"summary_large_image","twitter_misc":{"\u00c9crit par":"admin","Dur\u00e9e de lecture estim\u00e9e":"3 minutes"},"schema":{"@context":"https:\/\/schema.org","@graph":[{"@type":"Article","@id":"https:\/\/filles-de-la-charite.org\/fr\/61240\/#article","isPartOf":{"@id":"https:\/\/filles-de-la-charite.org\/fr\/61240\/"},"author":{"name":"admin","@id":"https:\/\/filles-de-la-charite.org\/fr\/#\/schema\/person\/427567b2eccfc2dd7d206da186a1f438"},"headline":"\u00c9radication de la violence contre les femmes.","datePublished":"2021-02-28T22:00:00+00:00","dateModified":"2024-03-17T16:48:37+00:00","mainEntityOfPage":{"@id":"https:\/\/filles-de-la-charite.org\/fr\/61240\/"},"wordCount":631,"publisher":{"@id":"https:\/\/filles-de-la-charite.org\/fr\/#organization"},"image":{"@id":"https:\/\/filles-de-la-charite.org\/fr\/61240\/#primaryimage"},"thumbnailUrl":"https:\/\/filles-de-la-charite.org\/wp-content\/uploads\/2023\/05\/fig-2-1.png","articleSection":["ONU"],"inLanguage":"fr-FR"},{"@type":"WebPage","@id":"https:\/\/filles-de-la-charite.org\/fr\/61240\/","url":"https:\/\/filles-de-la-charite.org\/fr\/61240\/","name":"\u00c9radication de la violence contre les femmes. - Filles de la Charit\u00e9","isPartOf":{"@id":"https:\/\/filles-de-la-charite.org\/fr\/#website"},"primaryImageOfPage":{"@id":"https:\/\/filles-de-la-charite.org\/fr\/61240\/#primaryimage"},"image":{"@id":"https:\/\/filles-de-la-charite.org\/fr\/61240\/#primaryimage"},"thumbnailUrl":"https:\/\/filles-de-la-charite.org\/wp-content\/uploads\/2023\/05\/fig-2-1.png","datePublished":"2021-02-28T22:00:00+00:00","dateModified":"2024-03-17T16:48:37+00:00","breadcrumb":{"@id":"https:\/\/filles-de-la-charite.org\/fr\/61240\/#breadcrumb"},"inLanguage":"fr-FR","potentialAction":[{"@type":"ReadAction","target":["https:\/\/filles-de-la-charite.org\/fr\/61240\/"]}]},{"@type":"ImageObject","inLanguage":"fr-FR","@id":"https:\/\/filles-de-la-charite.org\/fr\/61240\/#primaryimage","url":"https:\/\/filles-de-la-charite.org\/wp-content\/uploads\/2023\/05\/fig-2-1.png","contentUrl":"https:\/\/filles-de-la-charite.org\/wp-content\/uploads\/2023\/05\/fig-2-1.png","width":644,"height":338},{"@type":"BreadcrumbList","@id":"https:\/\/filles-de-la-charite.org\/fr\/61240\/#breadcrumb","itemListElement":[{"@type":"ListItem","position":1,"name":"ONU","item":"https:\/\/filles-de-la-charite.org\/fr\/category\/onu-fr\/"},{"@type":"ListItem","position":2,"name":"\u00c9radication de la violence contre les femmes."}]},{"@type":"WebSite","@id":"https:\/\/filles-de-la-charite.org\/fr\/#website","url":"https:\/\/filles-de-la-charite.org\/fr\/","name":"Hijas de la Caridad","description":"L\u2019amour de J\u00e9sus nous presse \u00e0 prendre soin des personnes les plus d\u00e9munies","publisher":{"@id":"https:\/\/filles-de-la-charite.org\/fr\/#organization"},"potentialAction":[{"@type":"SearchAction","target":{"@type":"EntryPoint","urlTemplate":"https:\/\/filles-de-la-charite.org\/fr\/?s={search_term_string}"},"query-input":{"@type":"PropertyValueSpecification","valueRequired":true,"valueName":"search_term_string"}}],"inLanguage":"fr-FR"},{"@type":"Organization","@id":"https:\/\/filles-de-la-charite.org\/fr\/#organization","name":"Hijas de la Caridad","url":"https:\/\/filles-de-la-charite.org\/fr\/","logo":{"@type":"ImageObject","inLanguage":"fr-FR","@id":"https:\/\/filles-de-la-charite.org\/fr\/#\/schema\/logo\/image\/","url":"https:\/\/filles-de-la-charite.org\/wp-content\/uploads\/2023\/03\/isotipo-Hijas-de-la-Caridad.png","contentUrl":"https:\/\/filles-de-la-charite.org\/wp-content\/uploads\/2023\/03\/isotipo-Hijas-de-la-Caridad.png","width":1417,"height":1417,"caption":"Hijas de la Caridad"},"image":{"@id":"https:\/\/filles-de-la-charite.org\/fr\/#\/schema\/logo\/image\/"}},{"@type":"Person","@id":"https:\/\/filles-de-la-charite.org\/fr\/#\/schema\/person\/427567b2eccfc2dd7d206da186a1f438","name":"admin","image":{"@type":"ImageObject","inLanguage":"fr-FR","@id":"https:\/\/secure.gravatar.com\/avatar\/948b492cce32b586ac2db0eaa926ee87024f7afe218d73b397ea5ddfc5f43ea1?s=96&d=mm&r=g","url":"https:\/\/secure.gravatar.com\/avatar\/948b492cce32b586ac2db0eaa926ee87024f7afe218d73b397ea5ddfc5f43ea1?s=96&d=mm&r=g","contentUrl":"https:\/\/secure.gravatar.com\/avatar\/948b492cce32b586ac2db0eaa926ee87024f7afe218d73b397ea5ddfc5f43ea1?s=96&d=mm&r=g","caption":"admin"},"sameAs":["https:\/\/filles-de-la-charite.org"],"url":"https:\/\/filles-de-la-charite.org\/fr\/author\/caridad\/"}]}},"_links":{"self":[{"href":"https:\/\/filles-de-la-charite.org\/fr\/wp-json\/wp\/v2\/posts\/8522","targetHints":{"allow":["GET"]}}],"collection":[{"href":"https:\/\/filles-de-la-charite.org\/fr\/wp-json\/wp\/v2\/posts"}],"about":[{"href":"https:\/\/filles-de-la-charite.org\/fr\/wp-json\/wp\/v2\/types\/post"}],"author":[{"embeddable":true,"href":"https:\/\/filles-de-la-charite.org\/fr\/wp-json\/wp\/v2\/users\/1"}],"replies":[{"embeddable":true,"href":"https:\/\/filles-de-la-charite.org\/fr\/wp-json\/wp\/v2\/comments?post=8522"}],"version-history":[{"count":1,"href":"https:\/\/filles-de-la-charite.org\/fr\/wp-json\/wp\/v2\/posts\/8522\/revisions"}],"predecessor-version":[{"id":8523,"href":"https:\/\/filles-de-la-charite.org\/fr\/wp-json\/wp\/v2\/posts\/8522\/revisions\/8523"}],"wp:featuredmedia":[{"embeddable":true,"href":"https:\/\/filles-de-la-charite.org\/fr\/wp-json\/wp\/v2\/media\/8201"}],"wp:attachment":[{"href":"https:\/\/filles-de-la-charite.org\/fr\/wp-json\/wp\/v2\/media?parent=8522"}],"wp:term":[{"taxonomy":"category","embeddable":true,"href":"https:\/\/filles-de-la-charite.org\/fr\/wp-json\/wp\/v2\/categories?post=8522"},{"taxonomy":"post_tag","embeddable":true,"href":"https:\/\/filles-de-la-charite.org\/fr\/wp-json\/wp\/v2\/tags?post=8522"}],"curies":[{"name":"wp","href":"https:\/\/api.w.org\/{rel}","templated":true}]}}