{"id":8524,"date":"2021-03-31T22:00:00","date_gmt":"2021-03-31T20:00:00","guid":{"rendered":"https:\/\/hijascaridad.sjdigitaldemo.ovh\/61826\/"},"modified":"2024-03-17T17:46:27","modified_gmt":"2024-03-17T16:46:27","slug":"61826","status":"publish","type":"post","link":"https:\/\/filles-de-la-charite.org\/fr\/61826\/","title":{"rendered":"Le Forum Permanent des Nations Unies sur les questions relatives aux Autochtones"},"content":{"rendered":"\n<div class=\"wp-block-image\"><figure class=\"alignleft size-large\"><img decoding=\"async\" src=\"https:\/\/filles-de-la-charite.org\/wp-content\/uploads\/2023\/05\/02-1.png\" alt=\"\" class=\"wp-image-61810\"\/><\/figure><\/div>\n\n\n\n<p>Du 19 au 30 avril 2020 se tiendra la 20<sup>e<\/sup> Session du Forum des Peuples Autochtones avec le th\u00e8me: <strong><em>\u00ab\u00a0Paix, justice et institutions solides\u00a0: r\u00f4le des Peuples autochtones dans la r\u00e9alisation de l\u2019objectif de d\u00e9veloppement durable n\u00b0 16<\/em>\u00ab\u00a0, <\/strong>\u00e0 la lumi\u00e8re de l\u2019\u00e9volution de la situation d\u00fbe \u00e0 la Covid-19. L\u2019objectif n\u00b016 constitue la base de la r\u00e9alisation de nombreux droits consacr\u00e9s \u00e0 la D\u00e9claration Onusienne des Droits des Peuples Autochtones, comme l\u2019acc\u00e8s \u00e0 une justice non discriminatoire et inclusive, la reconnaissance des institutions autochtones, le principe du consentement pr\u00e9alable, libre et \u00e9clair\u00e9 ainsi que le droit \u00e0 la terre, aux territoires et aux ressources.<\/p>\n\n\n\n<p>Le Forum a \u00e9t\u00e9 cr\u00e9\u00e9 en juillet 2000 traite des questions des Autochtones li\u00e9es au d\u00e9veloppement \u00e9conomique et social, \u00e0 la culture, \u00e0 l\u2019environnement, \u00e0 l\u2019\u00e9ducation et aux droits de l\u2019homme. Le Forum sensibilise, promeut l\u2019int\u00e9gration et la coordination des activit\u00e9s des Autochtones au sein du syst\u00e8me des Nations Unies&nbsp;; il promeut en outre le respect et la pleine application des dispositions de la D\u00e9claration des Nations Unies sur les Droits des Peuples Autochtones.<\/p>\n\n\n\n<p>La Compagnie des Filles de la Charit\u00e9 de St. Vincent de Paul s\u2019engage activement chaque ann\u00e9e au Forum des Peuples autochtones de l\u2019O.N.U., en particulier avec le R.E.P.A.M. et d\u2019autres groupes de la r\u00e9gion amazonienne.<\/p>\n\n\n\n<figure class=\"wp-block-gallery aligncenter columns-2 is-cropped wp-block-gallery-1 is-layout-flex wp-block-gallery-is-layout-flex\"><ul class=\"blocks-gallery-grid\"><li class=\"blocks-gallery-item\"><figure><img decoding=\"async\" src=\"https:\/\/filles-de-la-charite.org\/wp-content\/uploads\/2023\/05\/01-1024x657-2.jpg\" alt=\"\" data-id=\"61809\" data-full-url=\"https:\/\/www.filles-de-la-charite.org\/wp-content\/uploads\/UN\/04. APRIL\/01.jpg\" data-link=\"https:\/\/www.filles-de-la-charite.org\/01\/\" class=\"wp-image-61809\"\/><\/figure><\/li><li class=\"blocks-gallery-item\"><figure><img decoding=\"async\" src=\"https:\/\/filles-de-la-charite.org\/wp-content\/uploads\/2023\/05\/03-1024x768-2.jpg\" alt=\"\" data-id=\"61807\" data-full-url=\"https:\/\/www.filles-de-la-charite.org\/wp-content\/uploads\/UN\/04. APRIL\/03-scaled.jpg\" data-link=\"https:\/\/www.filles-de-la-charite.org\/03\/\" class=\"wp-image-61807\"\/><\/figure><\/li><\/ul><\/figure>\n\n\n\n<p>La pand\u00e9mie de la Covid-19, crise sanitaire, \u00e9conomique et sociale sans pr\u00e9c\u00e9dent, a eu un impact n\u00e9gatif sur la mise en \u0153uvre de l\u2019Agenda 2030, tout particuli\u00e8rement pour les Peuples autochtones. De nombreux gouvernements ne sont pas parvenus \u00e0 fournir de fa\u00e7on ad\u00e9quate pendant la pand\u00e9mie des soins de sant\u00e9 et un soutien, incitant les Peuples autochtones \u00e0 compter sur leurs plantes m\u00e9dicinales ancestrales et traditionnelles. La mani\u00e8re dont cette crise et ses cons\u00e9quences socio-\u00e9conomiques persistantes sont abord\u00e9es servira de test d\u00e9cisif pour l\u2019engagement \u00e0 ne laisser personne de c\u00f4t\u00e9.<\/p>\n\n\n\n<div class=\"wp-block-image\"><figure class=\"alignright size-large\"><img decoding=\"async\" src=\"https:\/\/filles-de-la-charite.org\/wp-content\/uploads\/2023\/05\/04-768x1024-2.jpg\" alt=\"\" class=\"wp-image-61818\"\/><\/figure><\/div>\n\n\n\n<p>La pand\u00e9mie a \u00e9galement attir\u00e9 l\u2019attention de la communaut\u00e9 internationale sur les pratiques traditionnelles des peuples autochtones concernant leurs syst\u00e8mes alimentaires, la biodiversit\u00e9 et les changements climatiques. Bien que ces derniers affectent tous les \u00e9cosyst\u00e8mes de la plan\u00e8te, en raison de leur forte d\u00e9pendance vis-\u00e0-vis des \u00e9cosyst\u00e8mes, les Peuples autochtones sont touch\u00e9s de mani\u00e8re disproportionn\u00e9e dans ce domaine. Les incendies de for\u00eat, la fonte des oc\u00e9ans, la d\u00e9sertification, l\u2019acidification des oc\u00e9ans et le blanchissement des coraux privent les communaut\u00e9s autochtones de leurs ressources. En tant que gardiens de 80 pour cent de la biodiversit\u00e9 mondiale, les Peuples autochtones peuvent contribuer aux efforts mondiaux visant \u00e0 r\u00e9duire les \u00e9missions de gaz \u00e0 effet de serre et \u00e0 promouvoir le captage du carbone par l\u2019\u00e9cosyst\u00e8me. Ils peuvent \u00e9galement aider \u00e0 l\u2019\u00e9laboration d\u2019initiatives d\u2019att\u00e9nuation et d\u2019adaptation. Pour tirer un profit de leurs connaissances, toutes les parties prenantes devraient encourager la participation des Peuples autochtones \u00e0 l\u2019\u00e9laboration de politiques et d\u2019initiatives \u00e0 tous les niveaux.<\/p>\n\n\n\n<p>C\u2019est encourageant de voir les institutions de l\u2019Organisation des Nations Unies prendre ou planifier des mesures pour mettre en \u0153uvre les recommandations du Forum Permanent. L\u2019Organisation des Nations Unies pour l\u2019Alimentation et l\u2019Agriculture fournit des services de secr\u00e9tariat au Groupe des Amis des Peuples Autochtones et dirige la \u00ab&nbsp;Campagne Mondiale pour l\u2019Autonomisation des Femmes Autochtones pour \u00c9liminer la Faim&nbsp;\u00bb. L\u2019Office du Haut-Commissariat des Nations Unies pour les Droits Humains a intensifi\u00e9 ses efforts pour faciliter le dialogue entre les Peuples Autochtones et les autorit\u00e9s de l\u2019\u00c9tat, compte tenu de la difficult\u00e9 structurelle des Peuples autochtones&nbsp;\u00bb \u00e0 prendre des d\u00e9cisions et de la violence croissante exerc\u00e9e contre les d\u00e9fenseurs des droits humains des Autochtones dans le monde.<\/p>\n","protected":false},"excerpt":{"rendered":"<p>Du 19 au 30 avril 2020 se tiendra la 20e Session du Forum des Peuples Autochtones avec le th\u00e8me: \u00ab\u00a0Paix, justice et institutions solides\u00a0: r\u00f4le des Peuples autochtones dans la r\u00e9alisation de l\u2019objectif de d\u00e9veloppement durable n\u00b0 16\u00ab\u00a0, \u00e0 la lumi\u00e8re de l\u2019\u00e9volution de la situation d\u00fbe \u00e0 la Covid-19. L\u2019objectif n\u00b016 constitue la base [&hellip;]<\/p>\n","protected":false},"author":1,"featured_media":8234,"comment_status":"closed","ping_status":"closed","sticky":false,"template":"","format":"standard","meta":{"_acf_changed":false,"_et_pb_use_builder":"","_et_pb_old_content":"","_et_gb_content_width":"","footnotes":"","_links_to":"","_links_to_target":""},"categories":[633],"tags":[],"class_list":["post-8524","post","type-post","status-publish","format-standard","has-post-thumbnail","hentry","category-onu-fr"],"acf":[],"yoast_head":"<!-- This site is optimized with the Yoast SEO plugin v27.5 - https:\/\/yoast.com\/product\/yoast-seo-wordpress\/ -->\n<title>Le Forum Permanent des Nations Unies sur les questions relatives aux Autochtones - Filles de la Charit\u00e9<\/title>\n<meta name=\"robots\" content=\"index, follow, max-snippet:-1, max-image-preview:large, max-video-preview:-1\" \/>\n<link rel=\"canonical\" href=\"https:\/\/filles-de-la-charite.org\/fr\/61826\/\" \/>\n<meta property=\"og:locale\" content=\"fr_FR\" \/>\n<meta property=\"og:type\" content=\"article\" \/>\n<meta property=\"og:title\" content=\"Le Forum Permanent des Nations Unies sur les questions relatives aux Autochtones - Filles de la Charit\u00e9\" \/>\n<meta property=\"og:description\" content=\"Du 19 au 30 avril 2020 se tiendra la 20e Session du Forum des Peuples Autochtones avec le th\u00e8me: \u00ab\u00a0Paix, justice et institutions solides\u00a0: r\u00f4le des Peuples autochtones dans la r\u00e9alisation de l\u2019objectif de d\u00e9veloppement durable n\u00b0 16\u00ab\u00a0, \u00e0 la lumi\u00e8re de l\u2019\u00e9volution de la situation d\u00fbe \u00e0 la Covid-19. L\u2019objectif n\u00b016 constitue la base [&hellip;]\" \/>\n<meta property=\"og:url\" content=\"https:\/\/filles-de-la-charite.org\/fr\/61826\/\" \/>\n<meta property=\"og:site_name\" content=\"Filles de la Charit\u00e9\" \/>\n<meta property=\"article:published_time\" content=\"2021-03-31T20:00:00+00:00\" \/>\n<meta property=\"article:modified_time\" content=\"2024-03-17T16:46:27+00:00\" \/>\n<meta property=\"og:image\" content=\"https:\/\/filles-de-la-charite.org\/wp-content\/uploads\/2023\/05\/indigenous-3436787-scaled-2.jpg\" \/>\n\t<meta property=\"og:image:width\" content=\"2560\" \/>\n\t<meta property=\"og:image:height\" content=\"1696\" \/>\n\t<meta property=\"og:image:type\" content=\"image\/jpeg\" \/>\n<meta name=\"author\" content=\"admin\" \/>\n<meta name=\"twitter:card\" content=\"summary_large_image\" \/>\n<meta name=\"twitter:label1\" content=\"\u00c9crit par\" \/>\n\t<meta name=\"twitter:data1\" content=\"admin\" \/>\n\t<meta name=\"twitter:label2\" content=\"Dur\u00e9e de lecture estim\u00e9e\" \/>\n\t<meta name=\"twitter:data2\" content=\"4 minutes\" \/>\n<script type=\"application\/ld+json\" class=\"yoast-schema-graph\">{\"@context\":\"https:\\\/\\\/schema.org\",\"@graph\":[{\"@type\":\"Article\",\"@id\":\"https:\\\/\\\/filles-de-la-charite.org\\\/fr\\\/61826\\\/#article\",\"isPartOf\":{\"@id\":\"https:\\\/\\\/filles-de-la-charite.org\\\/fr\\\/61826\\\/\"},\"author\":{\"name\":\"admin\",\"@id\":\"https:\\\/\\\/filles-de-la-charite.org\\\/fr\\\/#\\\/schema\\\/person\\\/427567b2eccfc2dd7d206da186a1f438\"},\"headline\":\"Le Forum Permanent des Nations Unies sur les questions relatives aux Autochtones\",\"datePublished\":\"2021-03-31T20:00:00+00:00\",\"dateModified\":\"2024-03-17T16:46:27+00:00\",\"mainEntityOfPage\":{\"@id\":\"https:\\\/\\\/filles-de-la-charite.org\\\/fr\\\/61826\\\/\"},\"wordCount\":665,\"publisher\":{\"@id\":\"https:\\\/\\\/filles-de-la-charite.org\\\/fr\\\/#organization\"},\"image\":{\"@id\":\"https:\\\/\\\/filles-de-la-charite.org\\\/fr\\\/61826\\\/#primaryimage\"},\"thumbnailUrl\":\"https:\\\/\\\/filles-de-la-charite.org\\\/wp-content\\\/uploads\\\/2023\\\/05\\\/indigenous-3436787-scaled-2.jpg\",\"articleSection\":[\"ONU\"],\"inLanguage\":\"fr-FR\"},{\"@type\":\"WebPage\",\"@id\":\"https:\\\/\\\/filles-de-la-charite.org\\\/fr\\\/61826\\\/\",\"url\":\"https:\\\/\\\/filles-de-la-charite.org\\\/fr\\\/61826\\\/\",\"name\":\"Le Forum Permanent des Nations Unies sur les questions relatives aux Autochtones - Filles de la Charit\u00e9\",\"isPartOf\":{\"@id\":\"https:\\\/\\\/filles-de-la-charite.org\\\/fr\\\/#website\"},\"primaryImageOfPage\":{\"@id\":\"https:\\\/\\\/filles-de-la-charite.org\\\/fr\\\/61826\\\/#primaryimage\"},\"image\":{\"@id\":\"https:\\\/\\\/filles-de-la-charite.org\\\/fr\\\/61826\\\/#primaryimage\"},\"thumbnailUrl\":\"https:\\\/\\\/filles-de-la-charite.org\\\/wp-content\\\/uploads\\\/2023\\\/05\\\/indigenous-3436787-scaled-2.jpg\",\"datePublished\":\"2021-03-31T20:00:00+00:00\",\"dateModified\":\"2024-03-17T16:46:27+00:00\",\"breadcrumb\":{\"@id\":\"https:\\\/\\\/filles-de-la-charite.org\\\/fr\\\/61826\\\/#breadcrumb\"},\"inLanguage\":\"fr-FR\",\"potentialAction\":[{\"@type\":\"ReadAction\",\"target\":[\"https:\\\/\\\/filles-de-la-charite.org\\\/fr\\\/61826\\\/\"]}]},{\"@type\":\"ImageObject\",\"inLanguage\":\"fr-FR\",\"@id\":\"https:\\\/\\\/filles-de-la-charite.org\\\/fr\\\/61826\\\/#primaryimage\",\"url\":\"https:\\\/\\\/filles-de-la-charite.org\\\/wp-content\\\/uploads\\\/2023\\\/05\\\/indigenous-3436787-scaled-2.jpg\",\"contentUrl\":\"https:\\\/\\\/filles-de-la-charite.org\\\/wp-content\\\/uploads\\\/2023\\\/05\\\/indigenous-3436787-scaled-2.jpg\",\"width\":2560,\"height\":1696},{\"@type\":\"BreadcrumbList\",\"@id\":\"https:\\\/\\\/filles-de-la-charite.org\\\/fr\\\/61826\\\/#breadcrumb\",\"itemListElement\":[{\"@type\":\"ListItem\",\"position\":1,\"name\":\"ONU\",\"item\":\"https:\\\/\\\/filles-de-la-charite.org\\\/fr\\\/category\\\/onu-fr\\\/\"},{\"@type\":\"ListItem\",\"position\":2,\"name\":\"Le Forum Permanent des Nations Unies sur les questions relatives aux Autochtones\"}]},{\"@type\":\"WebSite\",\"@id\":\"https:\\\/\\\/filles-de-la-charite.org\\\/fr\\\/#website\",\"url\":\"https:\\\/\\\/filles-de-la-charite.org\\\/fr\\\/\",\"name\":\"Hijas de la Caridad\",\"description\":\"L\u2019amour de J\u00e9sus nous presse \u00e0 prendre soin des personnes les plus d\u00e9munies\",\"publisher\":{\"@id\":\"https:\\\/\\\/filles-de-la-charite.org\\\/fr\\\/#organization\"},\"potentialAction\":[{\"@type\":\"SearchAction\",\"target\":{\"@type\":\"EntryPoint\",\"urlTemplate\":\"https:\\\/\\\/filles-de-la-charite.org\\\/fr\\\/?s={search_term_string}\"},\"query-input\":{\"@type\":\"PropertyValueSpecification\",\"valueRequired\":true,\"valueName\":\"search_term_string\"}}],\"inLanguage\":\"fr-FR\"},{\"@type\":\"Organization\",\"@id\":\"https:\\\/\\\/filles-de-la-charite.org\\\/fr\\\/#organization\",\"name\":\"Hijas de la Caridad\",\"url\":\"https:\\\/\\\/filles-de-la-charite.org\\\/fr\\\/\",\"logo\":{\"@type\":\"ImageObject\",\"inLanguage\":\"fr-FR\",\"@id\":\"https:\\\/\\\/filles-de-la-charite.org\\\/fr\\\/#\\\/schema\\\/logo\\\/image\\\/\",\"url\":\"https:\\\/\\\/filles-de-la-charite.org\\\/wp-content\\\/uploads\\\/2023\\\/03\\\/isotipo-Hijas-de-la-Caridad.png\",\"contentUrl\":\"https:\\\/\\\/filles-de-la-charite.org\\\/wp-content\\\/uploads\\\/2023\\\/03\\\/isotipo-Hijas-de-la-Caridad.png\",\"width\":1417,\"height\":1417,\"caption\":\"Hijas de la Caridad\"},\"image\":{\"@id\":\"https:\\\/\\\/filles-de-la-charite.org\\\/fr\\\/#\\\/schema\\\/logo\\\/image\\\/\"}},{\"@type\":\"Person\",\"@id\":\"https:\\\/\\\/filles-de-la-charite.org\\\/fr\\\/#\\\/schema\\\/person\\\/427567b2eccfc2dd7d206da186a1f438\",\"name\":\"admin\",\"image\":{\"@type\":\"ImageObject\",\"inLanguage\":\"fr-FR\",\"@id\":\"https:\\\/\\\/secure.gravatar.com\\\/avatar\\\/948b492cce32b586ac2db0eaa926ee87024f7afe218d73b397ea5ddfc5f43ea1?s=96&d=mm&r=g\",\"url\":\"https:\\\/\\\/secure.gravatar.com\\\/avatar\\\/948b492cce32b586ac2db0eaa926ee87024f7afe218d73b397ea5ddfc5f43ea1?s=96&d=mm&r=g\",\"contentUrl\":\"https:\\\/\\\/secure.gravatar.com\\\/avatar\\\/948b492cce32b586ac2db0eaa926ee87024f7afe218d73b397ea5ddfc5f43ea1?s=96&d=mm&r=g\",\"caption\":\"admin\"},\"sameAs\":[\"https:\\\/\\\/filles-de-la-charite.org\"],\"url\":\"https:\\\/\\\/filles-de-la-charite.org\\\/fr\\\/author\\\/caridad\\\/\"}]}<\/script>\n<!-- \/ Yoast SEO plugin. -->","yoast_head_json":{"title":"Le Forum Permanent des Nations Unies sur les questions relatives aux Autochtones - Filles de la Charit\u00e9","robots":{"index":"index","follow":"follow","max-snippet":"max-snippet:-1","max-image-preview":"max-image-preview:large","max-video-preview":"max-video-preview:-1"},"canonical":"https:\/\/filles-de-la-charite.org\/fr\/61826\/","og_locale":"fr_FR","og_type":"article","og_title":"Le Forum Permanent des Nations Unies sur les questions relatives aux Autochtones - Filles de la Charit\u00e9","og_description":"Du 19 au 30 avril 2020 se tiendra la 20e Session du Forum des Peuples Autochtones avec le th\u00e8me: \u00ab\u00a0Paix, justice et institutions solides\u00a0: r\u00f4le des Peuples autochtones dans la r\u00e9alisation de l\u2019objectif de d\u00e9veloppement durable n\u00b0 16\u00ab\u00a0, \u00e0 la lumi\u00e8re de l\u2019\u00e9volution de la situation d\u00fbe \u00e0 la Covid-19. L\u2019objectif n\u00b016 constitue la base [&hellip;]","og_url":"https:\/\/filles-de-la-charite.org\/fr\/61826\/","og_site_name":"Filles de la Charit\u00e9","article_published_time":"2021-03-31T20:00:00+00:00","article_modified_time":"2024-03-17T16:46:27+00:00","og_image":[{"width":2560,"height":1696,"url":"https:\/\/filles-de-la-charite.org\/wp-content\/uploads\/2023\/05\/indigenous-3436787-scaled-2.jpg","type":"image\/jpeg"}],"author":"admin","twitter_card":"summary_large_image","twitter_misc":{"\u00c9crit par":"admin","Dur\u00e9e de lecture estim\u00e9e":"4 minutes"},"schema":{"@context":"https:\/\/schema.org","@graph":[{"@type":"Article","@id":"https:\/\/filles-de-la-charite.org\/fr\/61826\/#article","isPartOf":{"@id":"https:\/\/filles-de-la-charite.org\/fr\/61826\/"},"author":{"name":"admin","@id":"https:\/\/filles-de-la-charite.org\/fr\/#\/schema\/person\/427567b2eccfc2dd7d206da186a1f438"},"headline":"Le Forum Permanent des Nations Unies sur les questions relatives aux Autochtones","datePublished":"2021-03-31T20:00:00+00:00","dateModified":"2024-03-17T16:46:27+00:00","mainEntityOfPage":{"@id":"https:\/\/filles-de-la-charite.org\/fr\/61826\/"},"wordCount":665,"publisher":{"@id":"https:\/\/filles-de-la-charite.org\/fr\/#organization"},"image":{"@id":"https:\/\/filles-de-la-charite.org\/fr\/61826\/#primaryimage"},"thumbnailUrl":"https:\/\/filles-de-la-charite.org\/wp-content\/uploads\/2023\/05\/indigenous-3436787-scaled-2.jpg","articleSection":["ONU"],"inLanguage":"fr-FR"},{"@type":"WebPage","@id":"https:\/\/filles-de-la-charite.org\/fr\/61826\/","url":"https:\/\/filles-de-la-charite.org\/fr\/61826\/","name":"Le Forum Permanent des Nations Unies sur les questions relatives aux Autochtones - Filles de la Charit\u00e9","isPartOf":{"@id":"https:\/\/filles-de-la-charite.org\/fr\/#website"},"primaryImageOfPage":{"@id":"https:\/\/filles-de-la-charite.org\/fr\/61826\/#primaryimage"},"image":{"@id":"https:\/\/filles-de-la-charite.org\/fr\/61826\/#primaryimage"},"thumbnailUrl":"https:\/\/filles-de-la-charite.org\/wp-content\/uploads\/2023\/05\/indigenous-3436787-scaled-2.jpg","datePublished":"2021-03-31T20:00:00+00:00","dateModified":"2024-03-17T16:46:27+00:00","breadcrumb":{"@id":"https:\/\/filles-de-la-charite.org\/fr\/61826\/#breadcrumb"},"inLanguage":"fr-FR","potentialAction":[{"@type":"ReadAction","target":["https:\/\/filles-de-la-charite.org\/fr\/61826\/"]}]},{"@type":"ImageObject","inLanguage":"fr-FR","@id":"https:\/\/filles-de-la-charite.org\/fr\/61826\/#primaryimage","url":"https:\/\/filles-de-la-charite.org\/wp-content\/uploads\/2023\/05\/indigenous-3436787-scaled-2.jpg","contentUrl":"https:\/\/filles-de-la-charite.org\/wp-content\/uploads\/2023\/05\/indigenous-3436787-scaled-2.jpg","width":2560,"height":1696},{"@type":"BreadcrumbList","@id":"https:\/\/filles-de-la-charite.org\/fr\/61826\/#breadcrumb","itemListElement":[{"@type":"ListItem","position":1,"name":"ONU","item":"https:\/\/filles-de-la-charite.org\/fr\/category\/onu-fr\/"},{"@type":"ListItem","position":2,"name":"Le Forum Permanent des Nations Unies sur les questions relatives aux Autochtones"}]},{"@type":"WebSite","@id":"https:\/\/filles-de-la-charite.org\/fr\/#website","url":"https:\/\/filles-de-la-charite.org\/fr\/","name":"Hijas de la Caridad","description":"L\u2019amour de J\u00e9sus nous presse \u00e0 prendre soin des personnes les plus d\u00e9munies","publisher":{"@id":"https:\/\/filles-de-la-charite.org\/fr\/#organization"},"potentialAction":[{"@type":"SearchAction","target":{"@type":"EntryPoint","urlTemplate":"https:\/\/filles-de-la-charite.org\/fr\/?s={search_term_string}"},"query-input":{"@type":"PropertyValueSpecification","valueRequired":true,"valueName":"search_term_string"}}],"inLanguage":"fr-FR"},{"@type":"Organization","@id":"https:\/\/filles-de-la-charite.org\/fr\/#organization","name":"Hijas de la Caridad","url":"https:\/\/filles-de-la-charite.org\/fr\/","logo":{"@type":"ImageObject","inLanguage":"fr-FR","@id":"https:\/\/filles-de-la-charite.org\/fr\/#\/schema\/logo\/image\/","url":"https:\/\/filles-de-la-charite.org\/wp-content\/uploads\/2023\/03\/isotipo-Hijas-de-la-Caridad.png","contentUrl":"https:\/\/filles-de-la-charite.org\/wp-content\/uploads\/2023\/03\/isotipo-Hijas-de-la-Caridad.png","width":1417,"height":1417,"caption":"Hijas de la Caridad"},"image":{"@id":"https:\/\/filles-de-la-charite.org\/fr\/#\/schema\/logo\/image\/"}},{"@type":"Person","@id":"https:\/\/filles-de-la-charite.org\/fr\/#\/schema\/person\/427567b2eccfc2dd7d206da186a1f438","name":"admin","image":{"@type":"ImageObject","inLanguage":"fr-FR","@id":"https:\/\/secure.gravatar.com\/avatar\/948b492cce32b586ac2db0eaa926ee87024f7afe218d73b397ea5ddfc5f43ea1?s=96&d=mm&r=g","url":"https:\/\/secure.gravatar.com\/avatar\/948b492cce32b586ac2db0eaa926ee87024f7afe218d73b397ea5ddfc5f43ea1?s=96&d=mm&r=g","contentUrl":"https:\/\/secure.gravatar.com\/avatar\/948b492cce32b586ac2db0eaa926ee87024f7afe218d73b397ea5ddfc5f43ea1?s=96&d=mm&r=g","caption":"admin"},"sameAs":["https:\/\/filles-de-la-charite.org"],"url":"https:\/\/filles-de-la-charite.org\/fr\/author\/caridad\/"}]}},"_links":{"self":[{"href":"https:\/\/filles-de-la-charite.org\/fr\/wp-json\/wp\/v2\/posts\/8524","targetHints":{"allow":["GET"]}}],"collection":[{"href":"https:\/\/filles-de-la-charite.org\/fr\/wp-json\/wp\/v2\/posts"}],"about":[{"href":"https:\/\/filles-de-la-charite.org\/fr\/wp-json\/wp\/v2\/types\/post"}],"author":[{"embeddable":true,"href":"https:\/\/filles-de-la-charite.org\/fr\/wp-json\/wp\/v2\/users\/1"}],"replies":[{"embeddable":true,"href":"https:\/\/filles-de-la-charite.org\/fr\/wp-json\/wp\/v2\/comments?post=8524"}],"version-history":[{"count":1,"href":"https:\/\/filles-de-la-charite.org\/fr\/wp-json\/wp\/v2\/posts\/8524\/revisions"}],"predecessor-version":[{"id":8525,"href":"https:\/\/filles-de-la-charite.org\/fr\/wp-json\/wp\/v2\/posts\/8524\/revisions\/8525"}],"wp:featuredmedia":[{"embeddable":true,"href":"https:\/\/filles-de-la-charite.org\/fr\/wp-json\/wp\/v2\/media\/8234"}],"wp:attachment":[{"href":"https:\/\/filles-de-la-charite.org\/fr\/wp-json\/wp\/v2\/media?parent=8524"}],"wp:term":[{"taxonomy":"category","embeddable":true,"href":"https:\/\/filles-de-la-charite.org\/fr\/wp-json\/wp\/v2\/categories?post=8524"},{"taxonomy":"post_tag","embeddable":true,"href":"https:\/\/filles-de-la-charite.org\/fr\/wp-json\/wp\/v2\/tags?post=8524"}],"curies":[{"name":"wp","href":"https:\/\/api.w.org\/{rel}","templated":true}]}}