{"id":8527,"date":"2021-05-31T22:00:00","date_gmt":"2021-05-31T20:00:00","guid":{"rendered":"https:\/\/hijascaridad.sjdigitaldemo.ovh\/62862\/"},"modified":"2024-03-17T17:44:57","modified_gmt":"2024-03-17T16:44:57","slug":"62862","status":"publish","type":"post","link":"https:\/\/filles-de-la-charite.org\/fr\/62862\/","title":{"rendered":"Nous ne pouvons pas nous taire. L\u2019 universalit\u00e9 de l\u2019appel."},"content":{"rendered":"\n<p><\/p>\n\n\n\n<h2 class=\"has-text-align-center wp-block-heading\"><strong>(<strong>1\u00e8re partie<\/strong>)<\/strong><\/h2>\n\n\n\n<p><\/p>\n\n\n\n<div class=\"wp-block-image\"><figure class=\"alignleft size-large\"><img decoding=\"async\" src=\"https:\/\/filles-de-la-charite.org\/wp-content\/uploads\/2023\/05\/We-Cannot-be-Silent-A5-Booklet-333-1.jpg\" alt=\"\" class=\"wp-image-62841\"\/><\/figure><\/div>\n\n\n\n<p>Cela fait plus de cinq ans que les dirigeants mondiaux se sont rendus aux Nations Unies \u00e0 New York pour concr\u00e9tiser un nouveau r\u00eave pour tous en signant les Objectifs de d\u00e9veloppement durable. Les 17 objectifs de d\u00e9veloppement durable ont reconnu que nous \u00e9tions\/sommes \u00e0 un grand moment de transformation.<\/p>\n\n\n\n<p>\u00c0 la base, il y a la reconnaissance que le monde a besoin de moyens de d\u00e9tecter les perturbations \u00e9mergentes qui encouragent la coop\u00e9ration, plut\u00f4t que la division. Le d\u00e9fi offert par le nouvel ensemble d&rsquo;objectifs \u00e9tait plus qu&rsquo;un simple nouvel ensemble de donn\u00e9es et d&rsquo;informations. Les donn\u00e9es sont l\u00e0, et les donn\u00e9es sont claires : nous faisons partie de la toile de la vie et nous impliquer dans ce qui se passe, n&rsquo;importe o\u00f9 dans le monde, signifie que la douleur humaine o\u00f9 qu&rsquo;elle se produise, et la d\u00e9tresse de la plan\u00e8te doivent nous concerner tous.<\/p>\n\n\n\n<p>De nombreux groupes de toutes confessions, y compris les congr\u00e9gations religieuses, ont investi des ressources pour avoir un repr\u00e9sentant aux Nations Unies et l&rsquo;un d&rsquo;entre eux est donc amen\u00e9 \u00e0 se demander : <strong><span class=\"has-inline-color has-accent-color\">quel a \u00e9t\u00e9 l&rsquo;impact des objectifs de d\u00e9veloppement durable et de leur mise en \u0153uvre sur nous, cinq ans plus tard, alors que nous l&rsquo;affaire de nos vies ?<\/span><\/strong><\/p>\n\n\n\n<p>Comment, par exemple, les congr\u00e9gations religieuses ont-elles int\u00e9gr\u00e9\/interpr\u00e9t\u00e9 les objectifs de d\u00e9veloppement durable dans la fa\u00e7on dont elles \u00e9crivent et vivent les d\u00e9clarations de mission ou de chapitre et, en fin de compte, leurs modes de vie ?<strong> <span class=\"has-inline-color has-accent-color\">Comment les \u00e9glises, les synagogues et les mosqu\u00e9es ont-elles utilis\u00e9 les Objectifs d&rsquo;instruction pour aider les peuples des bancs \u00e0 vivre une vie ax\u00e9e sur le bien commun ?<\/span><\/strong><\/p>\n\n\n\n<p>Alors que de nombreux gouvernements se sont donn\u00e9 beaucoup de mal pour diminuer le r\u00f4le de la foi et de la religion dans les affaires publiques, l&rsquo;ONU a d\u00e9velopp\u00e9 une interface tr\u00e8s constructive avec les leaders religieux. Les anciens secr\u00e9taires g\u00e9n\u00e9raux Kofi Annan et Ban Ki-moon ont toujours \u00e9t\u00e9 tr\u00e8s ouverts \u00e0 la pr\u00e9sence de femmes et d&rsquo;hommes religieux aux Nations Unies et ont souvent parl\u00e9 publiquement en soulignant le r\u00f4le important des groupes confessionnels.<\/p>\n\n\n\n<div class=\"wp-block-image\"><figure class=\"alignright size-large\"><img decoding=\"async\" src=\"https:\/\/filles-de-la-charite.org\/wp-content\/uploads\/2023\/05\/2021-06-25-photo-UN-2-1.jpg\" alt=\"\" class=\"wp-image-62843\"\/><\/figure><\/div>\n\n\n\n<p>Juste une semaine avant que les dirigeants du monde entier n&rsquo;arrivent \u00e0 New York pour lancer les objectifs de d\u00e9veloppement durable, le pape Fran\u00e7ois a publi\u00e9 l&rsquo;encyclique \u00ab&nbsp;Laudato Si&nbsp;\u00bb sur le lien entre dignit\u00e9, d\u00e9veloppement et \u00e9cologie humaine. Dans ce document, il invitait tous \u00e0 dialoguer sur notre maison commune et les crises environnementales auxquelles nous sommes confront\u00e9s. Il nous a demand\u00e9 de r\u00e9examiner nos relations les uns avec les autres, la plan\u00e8te et l&rsquo;\u00e9conomie.<\/p>\n\n\n\n<p>Le passage des objectifs du Mill\u00e9naire pour le d\u00e9veloppement aux objectifs de d\u00e9veloppement durable a galvanis\u00e9 des efforts sans pr\u00e9c\u00e9dent pour relever les d\u00e9fis du d\u00e9veloppement mondial d&rsquo;une mani\u00e8re plus holistique. Comme l&rsquo;ont d\u00e9clar\u00e9 les ambassadeurs de l&rsquo;ONU David Donoghue (Irlande) et Macharia Kamau (Kenya), qui ont co-anim\u00e9 les r\u00e9unions:<\/p>\n\n\n\n<p><em>\u00ab La soci\u00e9t\u00e9 civile et les grands groupes ont \u00e9t\u00e9 avec nous. Nous sommes toutefois pr\u00e9occup\u00e9s par le niveau de sensibilisation aux objectifs de d\u00e9veloppement durable et la soci\u00e9t\u00e9 civile a un r\u00f4le \u00e0 jouer dans la sensibilisation. \u00bb <\/em>(Notes fournies par l&rsquo;Ambassadeur Donoghue, (Irlande), 23 janvier 2015, ONU New York).<\/p>\n\n\n\n<p>La <em>dignit\u00e9 <\/em>est au c\u0153ur des nouveaux objectifs mondiaux. Ils sont universels et \u00e9galement applicables \u00e0 tous les pays ; et ils peuvent \u00eatre utilis\u00e9s pour plaider en faveur d&rsquo;un d\u00e9veloppement plus \u00e9quitable, bas\u00e9 sur la lutte contre les causes syst\u00e9miques et profondes de la pauvret\u00e9 et du d\u00e9veloppement non durable.<\/p>\n\n\n\n<p>Cette m\u00eame dignit\u00e9 et ce m\u00eame respect de la diff\u00e9rence sont au c\u0153ur de la rencontre de la Visitation lorsque Marie et Elisabeth se saluent et se rencontrent. Les deux femmes ont de nouveaux r\u00eaves pour elles-m\u00eames, l&rsquo;une pour l&rsquo;autre, pour le monde et l&rsquo;univers. La pr\u00e9sence m\u00eame de l&rsquo;adolescente Marie, enceinte et c\u00e9libataire, dans la maison d&rsquo;Elizabeth \u00e0 ce stade de l&rsquo;exp\u00e9rience de vie d&rsquo;Elizabeth parle de la primaut\u00e9 et de la dignit\u00e9 de la personne humaine. Il n&rsquo;y a pas de jugement s\u00e9v\u00e8re pr\u00e9sent.<\/p>\n\n\n\n<figure class=\"wp-block-image alignfull size-large\"><img decoding=\"async\" src=\"https:\/\/filles-de-la-charite.org\/wp-content\/uploads\/2023\/05\/We-Cannot-be-Silent-A5-Booklet-3-1.jpg\" alt=\"\" class=\"wp-image-62844\"\/><\/figure>\n\n\n\n<p>Cependant, en lisant le Magnificat ou po\u00e8me sur les l\u00e8vres de Marie, nous sommes invit\u00e9s \u00e0 la regarder avec un regard nouveau. Elle n&rsquo;est pas la douce et soumise si souvent d\u00e9peinte. Une r\u00e9flexion attentive sur les mots du Magnificat, et non sur la po\u00e9sie des mots, indique les cinq verbes importants qu&rsquo;il contient. On nous dit : Dieu <em>respecte <\/em>les pauvres ; <em>exalte <\/em>les pauvres; <em>nourrit <\/em>les pauvres; <em>aide <\/em>les pauvres; <em>se souvient<\/em> des pauvres. Et alors, on se demande : qui est cette jeune femme qui proclame un message si r\u00e9volutionnaire ? Dieu a choisi une servante d&rsquo;un pays pauvre pour d\u00e9livrer un message r\u00e9volutionnaire. Mary a chant\u00e9 sa chanson r\u00e9volutionnaire \u00e0 sa cousine Elizabeth. Son message est un pr\u00e9lude \u00e0 l&rsquo;\u00e9vangile et un appel \u00e0 renverser les syst\u00e8mes injustes en respectant les pauvres, en nourrissant les pauvres, en exaltant les pauvres, \u00e0 la fois dans nos c\u0153urs et par nos actions. Il ne suffit pas d&rsquo;\u00eatre compatissant.<\/p>\n\n\n\n<h4 class=\"has-text-align-center wp-block-heading\"><strong><span class=\"has-inline-color has-accent-color\"><strong>Nous devons AGIR.<\/strong><\/span><\/strong><\/h4>\n\n\n\n<p><\/p>\n\n\n\n<p><\/p>\n","protected":false},"excerpt":{"rendered":"<p>(1\u00e8re partie) Cela fait plus de cinq ans que les dirigeants mondiaux se sont rendus aux Nations Unies \u00e0 New York pour concr\u00e9tiser un nouveau r\u00eave pour tous en signant les Objectifs de d\u00e9veloppement durable. Les 17 objectifs de d\u00e9veloppement durable ont reconnu que nous \u00e9tions\/sommes \u00e0 un grand moment de transformation. \u00c0 la base, [&hellip;]<\/p>\n","protected":false},"author":1,"featured_media":8267,"comment_status":"closed","ping_status":"closed","sticky":false,"template":"","format":"standard","meta":{"_acf_changed":false,"_et_pb_use_builder":"","_et_pb_old_content":"","_et_gb_content_width":"","footnotes":"","_links_to":"","_links_to_target":""},"categories":[633],"tags":[],"class_list":["post-8527","post","type-post","status-publish","format-standard","has-post-thumbnail","hentry","category-onu-fr"],"acf":[],"yoast_head":"<!-- This site is optimized with the Yoast SEO plugin v27.5 - https:\/\/yoast.com\/product\/yoast-seo-wordpress\/ -->\n<title>Nous ne pouvons pas nous taire. L\u2019 universalit\u00e9 de l\u2019appel. - Filles de la Charit\u00e9<\/title>\n<meta name=\"robots\" content=\"index, follow, max-snippet:-1, max-image-preview:large, max-video-preview:-1\" \/>\n<link rel=\"canonical\" href=\"https:\/\/filles-de-la-charite.org\/fr\/62862\/\" \/>\n<meta property=\"og:locale\" content=\"fr_FR\" \/>\n<meta property=\"og:type\" content=\"article\" \/>\n<meta property=\"og:title\" content=\"Nous ne pouvons pas nous taire. L\u2019 universalit\u00e9 de l\u2019appel. - Filles de la Charit\u00e9\" \/>\n<meta property=\"og:description\" content=\"(1\u00e8re partie) Cela fait plus de cinq ans que les dirigeants mondiaux se sont rendus aux Nations Unies \u00e0 New York pour concr\u00e9tiser un nouveau r\u00eave pour tous en signant les Objectifs de d\u00e9veloppement durable. Les 17 objectifs de d\u00e9veloppement durable ont reconnu que nous \u00e9tions\/sommes \u00e0 un grand moment de transformation. \u00c0 la base, [&hellip;]\" \/>\n<meta property=\"og:url\" content=\"https:\/\/filles-de-la-charite.org\/fr\/62862\/\" \/>\n<meta property=\"og:site_name\" content=\"Filles de la Charit\u00e9\" \/>\n<meta property=\"article:published_time\" content=\"2021-05-31T20:00:00+00:00\" \/>\n<meta property=\"article:modified_time\" content=\"2024-03-17T16:44:57+00:00\" \/>\n<meta property=\"og:image\" content=\"https:\/\/filles-de-la-charite.org\/wp-content\/uploads\/2023\/05\/ES-scaled-3.jpg\" \/>\n\t<meta property=\"og:image:width\" content=\"2560\" \/>\n\t<meta property=\"og:image:height\" content=\"1440\" \/>\n\t<meta property=\"og:image:type\" content=\"image\/jpeg\" \/>\n<meta name=\"author\" content=\"admin\" \/>\n<meta name=\"twitter:card\" content=\"summary_large_image\" \/>\n<meta name=\"twitter:label1\" content=\"\u00c9crit par\" \/>\n\t<meta name=\"twitter:data1\" content=\"admin\" \/>\n\t<meta name=\"twitter:label2\" content=\"Dur\u00e9e de lecture estim\u00e9e\" \/>\n\t<meta name=\"twitter:data2\" content=\"5 minutes\" \/>\n<script type=\"application\/ld+json\" class=\"yoast-schema-graph\">{\"@context\":\"https:\\\/\\\/schema.org\",\"@graph\":[{\"@type\":\"Article\",\"@id\":\"https:\\\/\\\/filles-de-la-charite.org\\\/fr\\\/62862\\\/#article\",\"isPartOf\":{\"@id\":\"https:\\\/\\\/filles-de-la-charite.org\\\/fr\\\/62862\\\/\"},\"author\":{\"name\":\"admin\",\"@id\":\"https:\\\/\\\/filles-de-la-charite.org\\\/fr\\\/#\\\/schema\\\/person\\\/427567b2eccfc2dd7d206da186a1f438\"},\"headline\":\"Nous ne pouvons pas nous taire. L\u2019 universalit\u00e9 de l\u2019appel.\",\"datePublished\":\"2021-05-31T20:00:00+00:00\",\"dateModified\":\"2024-03-17T16:44:57+00:00\",\"mainEntityOfPage\":{\"@id\":\"https:\\\/\\\/filles-de-la-charite.org\\\/fr\\\/62862\\\/\"},\"wordCount\":932,\"publisher\":{\"@id\":\"https:\\\/\\\/filles-de-la-charite.org\\\/fr\\\/#organization\"},\"image\":{\"@id\":\"https:\\\/\\\/filles-de-la-charite.org\\\/fr\\\/62862\\\/#primaryimage\"},\"thumbnailUrl\":\"https:\\\/\\\/filles-de-la-charite.org\\\/wp-content\\\/uploads\\\/2023\\\/05\\\/ES-scaled-3.jpg\",\"articleSection\":[\"ONU\"],\"inLanguage\":\"fr-FR\"},{\"@type\":\"WebPage\",\"@id\":\"https:\\\/\\\/filles-de-la-charite.org\\\/fr\\\/62862\\\/\",\"url\":\"https:\\\/\\\/filles-de-la-charite.org\\\/fr\\\/62862\\\/\",\"name\":\"Nous ne pouvons pas nous taire. L\u2019 universalit\u00e9 de l\u2019appel. - Filles de la Charit\u00e9\",\"isPartOf\":{\"@id\":\"https:\\\/\\\/filles-de-la-charite.org\\\/fr\\\/#website\"},\"primaryImageOfPage\":{\"@id\":\"https:\\\/\\\/filles-de-la-charite.org\\\/fr\\\/62862\\\/#primaryimage\"},\"image\":{\"@id\":\"https:\\\/\\\/filles-de-la-charite.org\\\/fr\\\/62862\\\/#primaryimage\"},\"thumbnailUrl\":\"https:\\\/\\\/filles-de-la-charite.org\\\/wp-content\\\/uploads\\\/2023\\\/05\\\/ES-scaled-3.jpg\",\"datePublished\":\"2021-05-31T20:00:00+00:00\",\"dateModified\":\"2024-03-17T16:44:57+00:00\",\"breadcrumb\":{\"@id\":\"https:\\\/\\\/filles-de-la-charite.org\\\/fr\\\/62862\\\/#breadcrumb\"},\"inLanguage\":\"fr-FR\",\"potentialAction\":[{\"@type\":\"ReadAction\",\"target\":[\"https:\\\/\\\/filles-de-la-charite.org\\\/fr\\\/62862\\\/\"]}]},{\"@type\":\"ImageObject\",\"inLanguage\":\"fr-FR\",\"@id\":\"https:\\\/\\\/filles-de-la-charite.org\\\/fr\\\/62862\\\/#primaryimage\",\"url\":\"https:\\\/\\\/filles-de-la-charite.org\\\/wp-content\\\/uploads\\\/2023\\\/05\\\/ES-scaled-3.jpg\",\"contentUrl\":\"https:\\\/\\\/filles-de-la-charite.org\\\/wp-content\\\/uploads\\\/2023\\\/05\\\/ES-scaled-3.jpg\",\"width\":2560,\"height\":1440},{\"@type\":\"BreadcrumbList\",\"@id\":\"https:\\\/\\\/filles-de-la-charite.org\\\/fr\\\/62862\\\/#breadcrumb\",\"itemListElement\":[{\"@type\":\"ListItem\",\"position\":1,\"name\":\"ONU\",\"item\":\"https:\\\/\\\/filles-de-la-charite.org\\\/fr\\\/category\\\/onu-fr\\\/\"},{\"@type\":\"ListItem\",\"position\":2,\"name\":\"Nous ne pouvons pas nous taire. L\u2019 universalit\u00e9 de l\u2019appel.\"}]},{\"@type\":\"WebSite\",\"@id\":\"https:\\\/\\\/filles-de-la-charite.org\\\/fr\\\/#website\",\"url\":\"https:\\\/\\\/filles-de-la-charite.org\\\/fr\\\/\",\"name\":\"Hijas de la Caridad\",\"description\":\"L\u2019amour de J\u00e9sus nous presse \u00e0 prendre soin des personnes les plus d\u00e9munies\",\"publisher\":{\"@id\":\"https:\\\/\\\/filles-de-la-charite.org\\\/fr\\\/#organization\"},\"potentialAction\":[{\"@type\":\"SearchAction\",\"target\":{\"@type\":\"EntryPoint\",\"urlTemplate\":\"https:\\\/\\\/filles-de-la-charite.org\\\/fr\\\/?s={search_term_string}\"},\"query-input\":{\"@type\":\"PropertyValueSpecification\",\"valueRequired\":true,\"valueName\":\"search_term_string\"}}],\"inLanguage\":\"fr-FR\"},{\"@type\":\"Organization\",\"@id\":\"https:\\\/\\\/filles-de-la-charite.org\\\/fr\\\/#organization\",\"name\":\"Hijas de la Caridad\",\"url\":\"https:\\\/\\\/filles-de-la-charite.org\\\/fr\\\/\",\"logo\":{\"@type\":\"ImageObject\",\"inLanguage\":\"fr-FR\",\"@id\":\"https:\\\/\\\/filles-de-la-charite.org\\\/fr\\\/#\\\/schema\\\/logo\\\/image\\\/\",\"url\":\"https:\\\/\\\/filles-de-la-charite.org\\\/wp-content\\\/uploads\\\/2023\\\/03\\\/isotipo-Hijas-de-la-Caridad.png\",\"contentUrl\":\"https:\\\/\\\/filles-de-la-charite.org\\\/wp-content\\\/uploads\\\/2023\\\/03\\\/isotipo-Hijas-de-la-Caridad.png\",\"width\":1417,\"height\":1417,\"caption\":\"Hijas de la Caridad\"},\"image\":{\"@id\":\"https:\\\/\\\/filles-de-la-charite.org\\\/fr\\\/#\\\/schema\\\/logo\\\/image\\\/\"}},{\"@type\":\"Person\",\"@id\":\"https:\\\/\\\/filles-de-la-charite.org\\\/fr\\\/#\\\/schema\\\/person\\\/427567b2eccfc2dd7d206da186a1f438\",\"name\":\"admin\",\"image\":{\"@type\":\"ImageObject\",\"inLanguage\":\"fr-FR\",\"@id\":\"https:\\\/\\\/secure.gravatar.com\\\/avatar\\\/948b492cce32b586ac2db0eaa926ee87024f7afe218d73b397ea5ddfc5f43ea1?s=96&d=mm&r=g\",\"url\":\"https:\\\/\\\/secure.gravatar.com\\\/avatar\\\/948b492cce32b586ac2db0eaa926ee87024f7afe218d73b397ea5ddfc5f43ea1?s=96&d=mm&r=g\",\"contentUrl\":\"https:\\\/\\\/secure.gravatar.com\\\/avatar\\\/948b492cce32b586ac2db0eaa926ee87024f7afe218d73b397ea5ddfc5f43ea1?s=96&d=mm&r=g\",\"caption\":\"admin\"},\"sameAs\":[\"https:\\\/\\\/filles-de-la-charite.org\"],\"url\":\"https:\\\/\\\/filles-de-la-charite.org\\\/fr\\\/author\\\/caridad\\\/\"}]}<\/script>\n<!-- \/ Yoast SEO plugin. -->","yoast_head_json":{"title":"Nous ne pouvons pas nous taire. L\u2019 universalit\u00e9 de l\u2019appel. - Filles de la Charit\u00e9","robots":{"index":"index","follow":"follow","max-snippet":"max-snippet:-1","max-image-preview":"max-image-preview:large","max-video-preview":"max-video-preview:-1"},"canonical":"https:\/\/filles-de-la-charite.org\/fr\/62862\/","og_locale":"fr_FR","og_type":"article","og_title":"Nous ne pouvons pas nous taire. L\u2019 universalit\u00e9 de l\u2019appel. - Filles de la Charit\u00e9","og_description":"(1\u00e8re partie) Cela fait plus de cinq ans que les dirigeants mondiaux se sont rendus aux Nations Unies \u00e0 New York pour concr\u00e9tiser un nouveau r\u00eave pour tous en signant les Objectifs de d\u00e9veloppement durable. Les 17 objectifs de d\u00e9veloppement durable ont reconnu que nous \u00e9tions\/sommes \u00e0 un grand moment de transformation. \u00c0 la base, [&hellip;]","og_url":"https:\/\/filles-de-la-charite.org\/fr\/62862\/","og_site_name":"Filles de la Charit\u00e9","article_published_time":"2021-05-31T20:00:00+00:00","article_modified_time":"2024-03-17T16:44:57+00:00","og_image":[{"width":2560,"height":1440,"url":"https:\/\/filles-de-la-charite.org\/wp-content\/uploads\/2023\/05\/ES-scaled-3.jpg","type":"image\/jpeg"}],"author":"admin","twitter_card":"summary_large_image","twitter_misc":{"\u00c9crit par":"admin","Dur\u00e9e de lecture estim\u00e9e":"5 minutes"},"schema":{"@context":"https:\/\/schema.org","@graph":[{"@type":"Article","@id":"https:\/\/filles-de-la-charite.org\/fr\/62862\/#article","isPartOf":{"@id":"https:\/\/filles-de-la-charite.org\/fr\/62862\/"},"author":{"name":"admin","@id":"https:\/\/filles-de-la-charite.org\/fr\/#\/schema\/person\/427567b2eccfc2dd7d206da186a1f438"},"headline":"Nous ne pouvons pas nous taire. L\u2019 universalit\u00e9 de l\u2019appel.","datePublished":"2021-05-31T20:00:00+00:00","dateModified":"2024-03-17T16:44:57+00:00","mainEntityOfPage":{"@id":"https:\/\/filles-de-la-charite.org\/fr\/62862\/"},"wordCount":932,"publisher":{"@id":"https:\/\/filles-de-la-charite.org\/fr\/#organization"},"image":{"@id":"https:\/\/filles-de-la-charite.org\/fr\/62862\/#primaryimage"},"thumbnailUrl":"https:\/\/filles-de-la-charite.org\/wp-content\/uploads\/2023\/05\/ES-scaled-3.jpg","articleSection":["ONU"],"inLanguage":"fr-FR"},{"@type":"WebPage","@id":"https:\/\/filles-de-la-charite.org\/fr\/62862\/","url":"https:\/\/filles-de-la-charite.org\/fr\/62862\/","name":"Nous ne pouvons pas nous taire. L\u2019 universalit\u00e9 de l\u2019appel. - Filles de la Charit\u00e9","isPartOf":{"@id":"https:\/\/filles-de-la-charite.org\/fr\/#website"},"primaryImageOfPage":{"@id":"https:\/\/filles-de-la-charite.org\/fr\/62862\/#primaryimage"},"image":{"@id":"https:\/\/filles-de-la-charite.org\/fr\/62862\/#primaryimage"},"thumbnailUrl":"https:\/\/filles-de-la-charite.org\/wp-content\/uploads\/2023\/05\/ES-scaled-3.jpg","datePublished":"2021-05-31T20:00:00+00:00","dateModified":"2024-03-17T16:44:57+00:00","breadcrumb":{"@id":"https:\/\/filles-de-la-charite.org\/fr\/62862\/#breadcrumb"},"inLanguage":"fr-FR","potentialAction":[{"@type":"ReadAction","target":["https:\/\/filles-de-la-charite.org\/fr\/62862\/"]}]},{"@type":"ImageObject","inLanguage":"fr-FR","@id":"https:\/\/filles-de-la-charite.org\/fr\/62862\/#primaryimage","url":"https:\/\/filles-de-la-charite.org\/wp-content\/uploads\/2023\/05\/ES-scaled-3.jpg","contentUrl":"https:\/\/filles-de-la-charite.org\/wp-content\/uploads\/2023\/05\/ES-scaled-3.jpg","width":2560,"height":1440},{"@type":"BreadcrumbList","@id":"https:\/\/filles-de-la-charite.org\/fr\/62862\/#breadcrumb","itemListElement":[{"@type":"ListItem","position":1,"name":"ONU","item":"https:\/\/filles-de-la-charite.org\/fr\/category\/onu-fr\/"},{"@type":"ListItem","position":2,"name":"Nous ne pouvons pas nous taire. L\u2019 universalit\u00e9 de l\u2019appel."}]},{"@type":"WebSite","@id":"https:\/\/filles-de-la-charite.org\/fr\/#website","url":"https:\/\/filles-de-la-charite.org\/fr\/","name":"Hijas de la Caridad","description":"L\u2019amour de J\u00e9sus nous presse \u00e0 prendre soin des personnes les plus d\u00e9munies","publisher":{"@id":"https:\/\/filles-de-la-charite.org\/fr\/#organization"},"potentialAction":[{"@type":"SearchAction","target":{"@type":"EntryPoint","urlTemplate":"https:\/\/filles-de-la-charite.org\/fr\/?s={search_term_string}"},"query-input":{"@type":"PropertyValueSpecification","valueRequired":true,"valueName":"search_term_string"}}],"inLanguage":"fr-FR"},{"@type":"Organization","@id":"https:\/\/filles-de-la-charite.org\/fr\/#organization","name":"Hijas de la Caridad","url":"https:\/\/filles-de-la-charite.org\/fr\/","logo":{"@type":"ImageObject","inLanguage":"fr-FR","@id":"https:\/\/filles-de-la-charite.org\/fr\/#\/schema\/logo\/image\/","url":"https:\/\/filles-de-la-charite.org\/wp-content\/uploads\/2023\/03\/isotipo-Hijas-de-la-Caridad.png","contentUrl":"https:\/\/filles-de-la-charite.org\/wp-content\/uploads\/2023\/03\/isotipo-Hijas-de-la-Caridad.png","width":1417,"height":1417,"caption":"Hijas de la Caridad"},"image":{"@id":"https:\/\/filles-de-la-charite.org\/fr\/#\/schema\/logo\/image\/"}},{"@type":"Person","@id":"https:\/\/filles-de-la-charite.org\/fr\/#\/schema\/person\/427567b2eccfc2dd7d206da186a1f438","name":"admin","image":{"@type":"ImageObject","inLanguage":"fr-FR","@id":"https:\/\/secure.gravatar.com\/avatar\/948b492cce32b586ac2db0eaa926ee87024f7afe218d73b397ea5ddfc5f43ea1?s=96&d=mm&r=g","url":"https:\/\/secure.gravatar.com\/avatar\/948b492cce32b586ac2db0eaa926ee87024f7afe218d73b397ea5ddfc5f43ea1?s=96&d=mm&r=g","contentUrl":"https:\/\/secure.gravatar.com\/avatar\/948b492cce32b586ac2db0eaa926ee87024f7afe218d73b397ea5ddfc5f43ea1?s=96&d=mm&r=g","caption":"admin"},"sameAs":["https:\/\/filles-de-la-charite.org"],"url":"https:\/\/filles-de-la-charite.org\/fr\/author\/caridad\/"}]}},"_links":{"self":[{"href":"https:\/\/filles-de-la-charite.org\/fr\/wp-json\/wp\/v2\/posts\/8527","targetHints":{"allow":["GET"]}}],"collection":[{"href":"https:\/\/filles-de-la-charite.org\/fr\/wp-json\/wp\/v2\/posts"}],"about":[{"href":"https:\/\/filles-de-la-charite.org\/fr\/wp-json\/wp\/v2\/types\/post"}],"author":[{"embeddable":true,"href":"https:\/\/filles-de-la-charite.org\/fr\/wp-json\/wp\/v2\/users\/1"}],"replies":[{"embeddable":true,"href":"https:\/\/filles-de-la-charite.org\/fr\/wp-json\/wp\/v2\/comments?post=8527"}],"version-history":[{"count":1,"href":"https:\/\/filles-de-la-charite.org\/fr\/wp-json\/wp\/v2\/posts\/8527\/revisions"}],"predecessor-version":[{"id":8528,"href":"https:\/\/filles-de-la-charite.org\/fr\/wp-json\/wp\/v2\/posts\/8527\/revisions\/8528"}],"wp:featuredmedia":[{"embeddable":true,"href":"https:\/\/filles-de-la-charite.org\/fr\/wp-json\/wp\/v2\/media\/8267"}],"wp:attachment":[{"href":"https:\/\/filles-de-la-charite.org\/fr\/wp-json\/wp\/v2\/media?parent=8527"}],"wp:term":[{"taxonomy":"category","embeddable":true,"href":"https:\/\/filles-de-la-charite.org\/fr\/wp-json\/wp\/v2\/categories?post=8527"},{"taxonomy":"post_tag","embeddable":true,"href":"https:\/\/filles-de-la-charite.org\/fr\/wp-json\/wp\/v2\/tags?post=8527"}],"curies":[{"name":"wp","href":"https:\/\/api.w.org\/{rel}","templated":true}]}}