{"id":8565,"date":"2022-01-31T23:00:00","date_gmt":"2022-01-31T22:00:00","guid":{"rendered":"https:\/\/hijascaridad.sjdigitaldemo.ovh\/69530\/"},"modified":"2024-03-17T16:51:48","modified_gmt":"2024-03-17T15:51:48","slug":"69530","status":"publish","type":"post","link":"https:\/\/filles-de-la-charite.org\/fr\/69530\/","title":{"rendered":"Nous ne pouvons pas nous taire! Unit\u00e9 (1\u00e8re partie)"},"content":{"rendered":"\n<div class=\"wp-block-image\"><figure class=\"alignleft size-large\"><img decoding=\"async\" src=\"https:\/\/filles-de-la-charite.org\/wp-content\/uploads\/2023\/05\/group-of-kids-friends-arm-around-sitting-together-1-1024x683-2.jpg\" alt=\"\" class=\"wp-image-69510\"\/><\/figure><\/div>\n\n\n\n<p>En tant que famille humaine, nous voyons de plus en plus la diversit\u00e9 et le multiculturalisme partout. Comment apprend-on \u00e0 dialoguer et \u00e0 respecter la dignit\u00e9 des diff\u00e9rences ?<\/p>\n\n\n\n<p>La Visitation de Marie et Elisabeth nous invite \u00e0 favoriser l&rsquo;ouverture aux diff\u00e9rentes mani\u00e8res de penser, parler et agir. Il n&rsquo;y a pas d&rsquo;\u00e9trangers dans une rencontre de Visitation. Les femmes, dans un dialogue respectueux, vivent la vie divine, non pas isol\u00e9ment, mais comme d\u00e9couverte partag\u00e9e.<\/p>\n\n\n\n<p>La visite, initi\u00e9e par la jeune femme, leur permet de se dire leur v\u00e9rit\u00e9 dans la confiance et dans l&rsquo;amour. Il y a un sentiment d&rsquo;unit\u00e9 dans le discours, dans l&rsquo;interaction et dans l\u2019\u00e9coute. Une lecture patriarcale de cette rencontre pourrait sugg\u00e9rer qu&rsquo;une femme est plus importante que l&rsquo;autre, et que c&rsquo;est l&rsquo;acte de donner naissance \u00e0 leurs fils respectifs qui donne aux femmes leur statut. Cela pourrait m\u00eame sugg\u00e9rer qu&rsquo;elles perdront leur importance pour le plan divin perdues m\u00eame une fois que leurs fils commenceront le vrai travail !<\/p>\n\n\n\n<p>Interpr\u00e9ter de cette mani\u00e8re la rencontre des deux femmes, c&rsquo;est passer \u00e0 c\u00f4t\u00e9 de ce qui existe entre elles et ne pas arriver \u00e0 saisir l&rsquo;essentiel de leur discours. Ce qui nous attend est inexplor\u00e9, se d\u00e9roulant entre elles. Mais d&rsquo;une mani\u00e8re ou d&rsquo;une autre, elles savaient que la peur peut les maintenir attach\u00e9es tandis que la confiance et l&rsquo;espoir peuvent \u00e9clairer le chemin.<\/p>\n\n\n\n<figure class=\"wp-block-image alignwide size-large\"><img decoding=\"async\" src=\"https:\/\/filles-de-la-charite.org\/wp-content\/uploads\/2023\/05\/boy-1822614-1024x263-2.jpg\" alt=\"\" class=\"wp-image-69512\"\/><\/figure>\n\n\n\n<div class=\"wp-block-image\"><figure class=\"alignright size-full\"><img decoding=\"async\" src=\"https:\/\/filles-de-la-charite.org\/wp-content\/uploads\/2023\/05\/maria-e-isabel2-1-1.jpg\" alt=\"\" class=\"wp-image-69525\"\/><\/figure><\/div>\n\n\n\n<p><strong>Observez ce que font les femmes.<\/strong><\/p>\n\n\n\n<p>Elles parlent \u00e0 tour de r\u00f4le ; elles s&rsquo;appuient sur la r\u00e9v\u00e9lation, la perception et L\u2019interpr\u00e9tation. Elles cherchent ensemble le sens de ce qui s&rsquo;est pass\u00e9 et entrent en dialogue.<\/p>\n\n\n\n<p>Dans ce lieu de confiance, o\u00f9 leurs v\u00e9rit\u00e9s partielles et leurs id\u00e9es peuvent se dire, le sens se construit r\u00e9ciproquement. Le Magnificat de Marie est particuli\u00e8rement poignant pour les personnes marginalis\u00e9es et opprim\u00e9es lorsqu&rsquo;elle proclame un renversement des rapports de force, tels qu&rsquo;ils les connaissent.<\/p>\n\n\n\n<p>Tout comme Elizabeth a besoin de Marie, Marie a \u00e9galement besoin d&rsquo;Elizabeth. Ce que Dieu fait en chacune d\u2019elles ne peut \u00eatre compris qu&rsquo;au fur et \u00e0 mesure que le myst\u00e8re se d\u00e9voile. Le texte nous dit que : \u00ab Marie est rest\u00e9e trois mois avec Elizabeth puis est retourn\u00e9e chez elle. C&rsquo;est tout ce que nous savons de la rencontre. Le reste est laiss\u00e9 \u00e0 notre imagination.<\/p>\n\n\n\n<p>Qu&rsquo;est-ce qu\u2019elles ont partag\u00e9 d&rsquo;autre ?<\/p>\n\n\n\n<p>Elizabeth a-t-elle avou\u00e9 ses ann\u00e9es d&rsquo;anxi\u00e9t\u00e9 en tant que femme st\u00e9rile ?<\/p>\n\n\n\n<p>Marie a-t-elle confi\u00e9 la honte li\u00e9e \u00e0 son statut de femme c\u00e9libataire ?<\/p>\n\n\n\n<p>A-t-elle exprim\u00e9 sa peur du voyage de retour et s&rsquo;est-elle demand\u00e9 comment Joseph allait l\u2019accueillir&nbsp;?<\/p>\n","protected":false},"excerpt":{"rendered":"<p>En tant que famille humaine, nous voyons de plus en plus la diversit\u00e9 et le multiculturalisme partout. Comment apprend-on \u00e0 dialoguer et \u00e0 respecter la dignit\u00e9 des diff\u00e9rences ? La Visitation de Marie et Elisabeth nous invite \u00e0 favoriser l&rsquo;ouverture aux diff\u00e9rentes mani\u00e8res de penser, parler et agir. Il n&rsquo;y a pas d&rsquo;\u00e9trangers dans une [&hellip;]<\/p>\n","protected":false},"author":1,"featured_media":8383,"comment_status":"closed","ping_status":"closed","sticky":false,"template":"","format":"standard","meta":{"_acf_changed":false,"_et_pb_use_builder":"","_et_pb_old_content":"","_et_gb_content_width":"","footnotes":"","_links_to":"","_links_to_target":""},"categories":[633],"tags":[],"class_list":["post-8565","post","type-post","status-publish","format-standard","has-post-thumbnail","hentry","category-onu-fr"],"acf":[],"yoast_head":"<!-- This site is optimized with the Yoast SEO plugin v27.5 - https:\/\/yoast.com\/product\/yoast-seo-wordpress\/ -->\n<title>Nous ne pouvons pas nous taire! Unit\u00e9 (1\u00e8re partie) - Filles de la Charit\u00e9<\/title>\n<meta name=\"robots\" content=\"index, follow, max-snippet:-1, max-image-preview:large, max-video-preview:-1\" \/>\n<link rel=\"canonical\" href=\"https:\/\/filles-de-la-charite.org\/fr\/69530\/\" \/>\n<meta property=\"og:locale\" content=\"fr_FR\" \/>\n<meta property=\"og:type\" content=\"article\" \/>\n<meta property=\"og:title\" content=\"Nous ne pouvons pas nous taire! Unit\u00e9 (1\u00e8re partie) - Filles de la Charit\u00e9\" \/>\n<meta property=\"og:description\" content=\"En tant que famille humaine, nous voyons de plus en plus la diversit\u00e9 et le multiculturalisme partout. Comment apprend-on \u00e0 dialoguer et \u00e0 respecter la dignit\u00e9 des diff\u00e9rences ? La Visitation de Marie et Elisabeth nous invite \u00e0 favoriser l&rsquo;ouverture aux diff\u00e9rentes mani\u00e8res de penser, parler et agir. Il n&rsquo;y a pas d&rsquo;\u00e9trangers dans une [&hellip;]\" \/>\n<meta property=\"og:url\" content=\"https:\/\/filles-de-la-charite.org\/fr\/69530\/\" \/>\n<meta property=\"og:site_name\" content=\"Filles de la Charit\u00e9\" \/>\n<meta property=\"article:published_time\" content=\"2022-01-31T22:00:00+00:00\" \/>\n<meta property=\"article:modified_time\" content=\"2024-03-17T15:51:48+00:00\" \/>\n<meta property=\"og:image\" content=\"https:\/\/filles-de-la-charite.org\/wp-content\/uploads\/2023\/05\/Diapositiva3-scaled-4.jpg\" \/>\n\t<meta property=\"og:image:width\" content=\"2560\" \/>\n\t<meta property=\"og:image:height\" content=\"1440\" \/>\n\t<meta property=\"og:image:type\" content=\"image\/jpeg\" \/>\n<meta name=\"author\" content=\"admin\" \/>\n<meta name=\"twitter:card\" content=\"summary_large_image\" \/>\n<meta name=\"twitter:label1\" content=\"\u00c9crit par\" \/>\n\t<meta name=\"twitter:data1\" content=\"admin\" \/>\n\t<meta name=\"twitter:label2\" content=\"Dur\u00e9e de lecture estim\u00e9e\" \/>\n\t<meta name=\"twitter:data2\" content=\"3 minutes\" \/>\n<script type=\"application\/ld+json\" class=\"yoast-schema-graph\">{\"@context\":\"https:\\\/\\\/schema.org\",\"@graph\":[{\"@type\":\"Article\",\"@id\":\"https:\\\/\\\/filles-de-la-charite.org\\\/fr\\\/69530\\\/#article\",\"isPartOf\":{\"@id\":\"https:\\\/\\\/filles-de-la-charite.org\\\/fr\\\/69530\\\/\"},\"author\":{\"name\":\"admin\",\"@id\":\"https:\\\/\\\/filles-de-la-charite.org\\\/fr\\\/#\\\/schema\\\/person\\\/427567b2eccfc2dd7d206da186a1f438\"},\"headline\":\"Nous ne pouvons pas nous taire! Unit\u00e9 (1\u00e8re partie)\",\"datePublished\":\"2022-01-31T22:00:00+00:00\",\"dateModified\":\"2024-03-17T15:51:48+00:00\",\"mainEntityOfPage\":{\"@id\":\"https:\\\/\\\/filles-de-la-charite.org\\\/fr\\\/69530\\\/\"},\"wordCount\":486,\"publisher\":{\"@id\":\"https:\\\/\\\/filles-de-la-charite.org\\\/fr\\\/#organization\"},\"image\":{\"@id\":\"https:\\\/\\\/filles-de-la-charite.org\\\/fr\\\/69530\\\/#primaryimage\"},\"thumbnailUrl\":\"https:\\\/\\\/filles-de-la-charite.org\\\/wp-content\\\/uploads\\\/2023\\\/05\\\/Diapositiva3-scaled-4.jpg\",\"articleSection\":[\"ONU\"],\"inLanguage\":\"fr-FR\"},{\"@type\":\"WebPage\",\"@id\":\"https:\\\/\\\/filles-de-la-charite.org\\\/fr\\\/69530\\\/\",\"url\":\"https:\\\/\\\/filles-de-la-charite.org\\\/fr\\\/69530\\\/\",\"name\":\"Nous ne pouvons pas nous taire! Unit\u00e9 (1\u00e8re partie) - Filles de la Charit\u00e9\",\"isPartOf\":{\"@id\":\"https:\\\/\\\/filles-de-la-charite.org\\\/fr\\\/#website\"},\"primaryImageOfPage\":{\"@id\":\"https:\\\/\\\/filles-de-la-charite.org\\\/fr\\\/69530\\\/#primaryimage\"},\"image\":{\"@id\":\"https:\\\/\\\/filles-de-la-charite.org\\\/fr\\\/69530\\\/#primaryimage\"},\"thumbnailUrl\":\"https:\\\/\\\/filles-de-la-charite.org\\\/wp-content\\\/uploads\\\/2023\\\/05\\\/Diapositiva3-scaled-4.jpg\",\"datePublished\":\"2022-01-31T22:00:00+00:00\",\"dateModified\":\"2024-03-17T15:51:48+00:00\",\"breadcrumb\":{\"@id\":\"https:\\\/\\\/filles-de-la-charite.org\\\/fr\\\/69530\\\/#breadcrumb\"},\"inLanguage\":\"fr-FR\",\"potentialAction\":[{\"@type\":\"ReadAction\",\"target\":[\"https:\\\/\\\/filles-de-la-charite.org\\\/fr\\\/69530\\\/\"]}]},{\"@type\":\"ImageObject\",\"inLanguage\":\"fr-FR\",\"@id\":\"https:\\\/\\\/filles-de-la-charite.org\\\/fr\\\/69530\\\/#primaryimage\",\"url\":\"https:\\\/\\\/filles-de-la-charite.org\\\/wp-content\\\/uploads\\\/2023\\\/05\\\/Diapositiva3-scaled-4.jpg\",\"contentUrl\":\"https:\\\/\\\/filles-de-la-charite.org\\\/wp-content\\\/uploads\\\/2023\\\/05\\\/Diapositiva3-scaled-4.jpg\",\"width\":2560,\"height\":1440},{\"@type\":\"BreadcrumbList\",\"@id\":\"https:\\\/\\\/filles-de-la-charite.org\\\/fr\\\/69530\\\/#breadcrumb\",\"itemListElement\":[{\"@type\":\"ListItem\",\"position\":1,\"name\":\"ONU\",\"item\":\"https:\\\/\\\/filles-de-la-charite.org\\\/fr\\\/category\\\/onu-fr\\\/\"},{\"@type\":\"ListItem\",\"position\":2,\"name\":\"Nous ne pouvons pas nous taire! Unit\u00e9 (1\u00e8re partie)\"}]},{\"@type\":\"WebSite\",\"@id\":\"https:\\\/\\\/filles-de-la-charite.org\\\/fr\\\/#website\",\"url\":\"https:\\\/\\\/filles-de-la-charite.org\\\/fr\\\/\",\"name\":\"Hijas de la Caridad\",\"description\":\"L\u2019amour de J\u00e9sus nous presse \u00e0 prendre soin des personnes les plus d\u00e9munies\",\"publisher\":{\"@id\":\"https:\\\/\\\/filles-de-la-charite.org\\\/fr\\\/#organization\"},\"potentialAction\":[{\"@type\":\"SearchAction\",\"target\":{\"@type\":\"EntryPoint\",\"urlTemplate\":\"https:\\\/\\\/filles-de-la-charite.org\\\/fr\\\/?s={search_term_string}\"},\"query-input\":{\"@type\":\"PropertyValueSpecification\",\"valueRequired\":true,\"valueName\":\"search_term_string\"}}],\"inLanguage\":\"fr-FR\"},{\"@type\":\"Organization\",\"@id\":\"https:\\\/\\\/filles-de-la-charite.org\\\/fr\\\/#organization\",\"name\":\"Hijas de la Caridad\",\"url\":\"https:\\\/\\\/filles-de-la-charite.org\\\/fr\\\/\",\"logo\":{\"@type\":\"ImageObject\",\"inLanguage\":\"fr-FR\",\"@id\":\"https:\\\/\\\/filles-de-la-charite.org\\\/fr\\\/#\\\/schema\\\/logo\\\/image\\\/\",\"url\":\"https:\\\/\\\/filles-de-la-charite.org\\\/wp-content\\\/uploads\\\/2023\\\/03\\\/isotipo-Hijas-de-la-Caridad.png\",\"contentUrl\":\"https:\\\/\\\/filles-de-la-charite.org\\\/wp-content\\\/uploads\\\/2023\\\/03\\\/isotipo-Hijas-de-la-Caridad.png\",\"width\":1417,\"height\":1417,\"caption\":\"Hijas de la Caridad\"},\"image\":{\"@id\":\"https:\\\/\\\/filles-de-la-charite.org\\\/fr\\\/#\\\/schema\\\/logo\\\/image\\\/\"}},{\"@type\":\"Person\",\"@id\":\"https:\\\/\\\/filles-de-la-charite.org\\\/fr\\\/#\\\/schema\\\/person\\\/427567b2eccfc2dd7d206da186a1f438\",\"name\":\"admin\",\"image\":{\"@type\":\"ImageObject\",\"inLanguage\":\"fr-FR\",\"@id\":\"https:\\\/\\\/secure.gravatar.com\\\/avatar\\\/948b492cce32b586ac2db0eaa926ee87024f7afe218d73b397ea5ddfc5f43ea1?s=96&d=mm&r=g\",\"url\":\"https:\\\/\\\/secure.gravatar.com\\\/avatar\\\/948b492cce32b586ac2db0eaa926ee87024f7afe218d73b397ea5ddfc5f43ea1?s=96&d=mm&r=g\",\"contentUrl\":\"https:\\\/\\\/secure.gravatar.com\\\/avatar\\\/948b492cce32b586ac2db0eaa926ee87024f7afe218d73b397ea5ddfc5f43ea1?s=96&d=mm&r=g\",\"caption\":\"admin\"},\"sameAs\":[\"https:\\\/\\\/filles-de-la-charite.org\"],\"url\":\"https:\\\/\\\/filles-de-la-charite.org\\\/fr\\\/author\\\/caridad\\\/\"}]}<\/script>\n<!-- \/ Yoast SEO plugin. -->","yoast_head_json":{"title":"Nous ne pouvons pas nous taire! Unit\u00e9 (1\u00e8re partie) - Filles de la Charit\u00e9","robots":{"index":"index","follow":"follow","max-snippet":"max-snippet:-1","max-image-preview":"max-image-preview:large","max-video-preview":"max-video-preview:-1"},"canonical":"https:\/\/filles-de-la-charite.org\/fr\/69530\/","og_locale":"fr_FR","og_type":"article","og_title":"Nous ne pouvons pas nous taire! Unit\u00e9 (1\u00e8re partie) - Filles de la Charit\u00e9","og_description":"En tant que famille humaine, nous voyons de plus en plus la diversit\u00e9 et le multiculturalisme partout. Comment apprend-on \u00e0 dialoguer et \u00e0 respecter la dignit\u00e9 des diff\u00e9rences ? La Visitation de Marie et Elisabeth nous invite \u00e0 favoriser l&rsquo;ouverture aux diff\u00e9rentes mani\u00e8res de penser, parler et agir. Il n&rsquo;y a pas d&rsquo;\u00e9trangers dans une [&hellip;]","og_url":"https:\/\/filles-de-la-charite.org\/fr\/69530\/","og_site_name":"Filles de la Charit\u00e9","article_published_time":"2022-01-31T22:00:00+00:00","article_modified_time":"2024-03-17T15:51:48+00:00","og_image":[{"width":2560,"height":1440,"url":"https:\/\/filles-de-la-charite.org\/wp-content\/uploads\/2023\/05\/Diapositiva3-scaled-4.jpg","type":"image\/jpeg"}],"author":"admin","twitter_card":"summary_large_image","twitter_misc":{"\u00c9crit par":"admin","Dur\u00e9e de lecture estim\u00e9e":"3 minutes"},"schema":{"@context":"https:\/\/schema.org","@graph":[{"@type":"Article","@id":"https:\/\/filles-de-la-charite.org\/fr\/69530\/#article","isPartOf":{"@id":"https:\/\/filles-de-la-charite.org\/fr\/69530\/"},"author":{"name":"admin","@id":"https:\/\/filles-de-la-charite.org\/fr\/#\/schema\/person\/427567b2eccfc2dd7d206da186a1f438"},"headline":"Nous ne pouvons pas nous taire! Unit\u00e9 (1\u00e8re partie)","datePublished":"2022-01-31T22:00:00+00:00","dateModified":"2024-03-17T15:51:48+00:00","mainEntityOfPage":{"@id":"https:\/\/filles-de-la-charite.org\/fr\/69530\/"},"wordCount":486,"publisher":{"@id":"https:\/\/filles-de-la-charite.org\/fr\/#organization"},"image":{"@id":"https:\/\/filles-de-la-charite.org\/fr\/69530\/#primaryimage"},"thumbnailUrl":"https:\/\/filles-de-la-charite.org\/wp-content\/uploads\/2023\/05\/Diapositiva3-scaled-4.jpg","articleSection":["ONU"],"inLanguage":"fr-FR"},{"@type":"WebPage","@id":"https:\/\/filles-de-la-charite.org\/fr\/69530\/","url":"https:\/\/filles-de-la-charite.org\/fr\/69530\/","name":"Nous ne pouvons pas nous taire! Unit\u00e9 (1\u00e8re partie) - Filles de la Charit\u00e9","isPartOf":{"@id":"https:\/\/filles-de-la-charite.org\/fr\/#website"},"primaryImageOfPage":{"@id":"https:\/\/filles-de-la-charite.org\/fr\/69530\/#primaryimage"},"image":{"@id":"https:\/\/filles-de-la-charite.org\/fr\/69530\/#primaryimage"},"thumbnailUrl":"https:\/\/filles-de-la-charite.org\/wp-content\/uploads\/2023\/05\/Diapositiva3-scaled-4.jpg","datePublished":"2022-01-31T22:00:00+00:00","dateModified":"2024-03-17T15:51:48+00:00","breadcrumb":{"@id":"https:\/\/filles-de-la-charite.org\/fr\/69530\/#breadcrumb"},"inLanguage":"fr-FR","potentialAction":[{"@type":"ReadAction","target":["https:\/\/filles-de-la-charite.org\/fr\/69530\/"]}]},{"@type":"ImageObject","inLanguage":"fr-FR","@id":"https:\/\/filles-de-la-charite.org\/fr\/69530\/#primaryimage","url":"https:\/\/filles-de-la-charite.org\/wp-content\/uploads\/2023\/05\/Diapositiva3-scaled-4.jpg","contentUrl":"https:\/\/filles-de-la-charite.org\/wp-content\/uploads\/2023\/05\/Diapositiva3-scaled-4.jpg","width":2560,"height":1440},{"@type":"BreadcrumbList","@id":"https:\/\/filles-de-la-charite.org\/fr\/69530\/#breadcrumb","itemListElement":[{"@type":"ListItem","position":1,"name":"ONU","item":"https:\/\/filles-de-la-charite.org\/fr\/category\/onu-fr\/"},{"@type":"ListItem","position":2,"name":"Nous ne pouvons pas nous taire! Unit\u00e9 (1\u00e8re partie)"}]},{"@type":"WebSite","@id":"https:\/\/filles-de-la-charite.org\/fr\/#website","url":"https:\/\/filles-de-la-charite.org\/fr\/","name":"Hijas de la Caridad","description":"L\u2019amour de J\u00e9sus nous presse \u00e0 prendre soin des personnes les plus d\u00e9munies","publisher":{"@id":"https:\/\/filles-de-la-charite.org\/fr\/#organization"},"potentialAction":[{"@type":"SearchAction","target":{"@type":"EntryPoint","urlTemplate":"https:\/\/filles-de-la-charite.org\/fr\/?s={search_term_string}"},"query-input":{"@type":"PropertyValueSpecification","valueRequired":true,"valueName":"search_term_string"}}],"inLanguage":"fr-FR"},{"@type":"Organization","@id":"https:\/\/filles-de-la-charite.org\/fr\/#organization","name":"Hijas de la Caridad","url":"https:\/\/filles-de-la-charite.org\/fr\/","logo":{"@type":"ImageObject","inLanguage":"fr-FR","@id":"https:\/\/filles-de-la-charite.org\/fr\/#\/schema\/logo\/image\/","url":"https:\/\/filles-de-la-charite.org\/wp-content\/uploads\/2023\/03\/isotipo-Hijas-de-la-Caridad.png","contentUrl":"https:\/\/filles-de-la-charite.org\/wp-content\/uploads\/2023\/03\/isotipo-Hijas-de-la-Caridad.png","width":1417,"height":1417,"caption":"Hijas de la Caridad"},"image":{"@id":"https:\/\/filles-de-la-charite.org\/fr\/#\/schema\/logo\/image\/"}},{"@type":"Person","@id":"https:\/\/filles-de-la-charite.org\/fr\/#\/schema\/person\/427567b2eccfc2dd7d206da186a1f438","name":"admin","image":{"@type":"ImageObject","inLanguage":"fr-FR","@id":"https:\/\/secure.gravatar.com\/avatar\/948b492cce32b586ac2db0eaa926ee87024f7afe218d73b397ea5ddfc5f43ea1?s=96&d=mm&r=g","url":"https:\/\/secure.gravatar.com\/avatar\/948b492cce32b586ac2db0eaa926ee87024f7afe218d73b397ea5ddfc5f43ea1?s=96&d=mm&r=g","contentUrl":"https:\/\/secure.gravatar.com\/avatar\/948b492cce32b586ac2db0eaa926ee87024f7afe218d73b397ea5ddfc5f43ea1?s=96&d=mm&r=g","caption":"admin"},"sameAs":["https:\/\/filles-de-la-charite.org"],"url":"https:\/\/filles-de-la-charite.org\/fr\/author\/caridad\/"}]}},"_links":{"self":[{"href":"https:\/\/filles-de-la-charite.org\/fr\/wp-json\/wp\/v2\/posts\/8565","targetHints":{"allow":["GET"]}}],"collection":[{"href":"https:\/\/filles-de-la-charite.org\/fr\/wp-json\/wp\/v2\/posts"}],"about":[{"href":"https:\/\/filles-de-la-charite.org\/fr\/wp-json\/wp\/v2\/types\/post"}],"author":[{"embeddable":true,"href":"https:\/\/filles-de-la-charite.org\/fr\/wp-json\/wp\/v2\/users\/1"}],"replies":[{"embeddable":true,"href":"https:\/\/filles-de-la-charite.org\/fr\/wp-json\/wp\/v2\/comments?post=8565"}],"version-history":[{"count":1,"href":"https:\/\/filles-de-la-charite.org\/fr\/wp-json\/wp\/v2\/posts\/8565\/revisions"}],"predecessor-version":[{"id":8566,"href":"https:\/\/filles-de-la-charite.org\/fr\/wp-json\/wp\/v2\/posts\/8565\/revisions\/8566"}],"wp:featuredmedia":[{"embeddable":true,"href":"https:\/\/filles-de-la-charite.org\/fr\/wp-json\/wp\/v2\/media\/8383"}],"wp:attachment":[{"href":"https:\/\/filles-de-la-charite.org\/fr\/wp-json\/wp\/v2\/media?parent=8565"}],"wp:term":[{"taxonomy":"category","embeddable":true,"href":"https:\/\/filles-de-la-charite.org\/fr\/wp-json\/wp\/v2\/categories?post=8565"},{"taxonomy":"post_tag","embeddable":true,"href":"https:\/\/filles-de-la-charite.org\/fr\/wp-json\/wp\/v2\/tags?post=8565"}],"curies":[{"name":"wp","href":"https:\/\/api.w.org\/{rel}","templated":true}]}}