{"id":8573,"date":"2022-12-06T12:05:59","date_gmt":"2022-12-06T11:05:59","guid":{"rendered":"https:\/\/hijascaridad.sjdigitaldemo.ovh\/notre-planete-est-toujours-aux-urgences\/"},"modified":"2024-03-17T13:30:21","modified_gmt":"2024-03-17T12:30:21","slug":"notre-planete-est-toujours-aux-urgences","status":"publish","type":"post","link":"https:\/\/filles-de-la-charite.org\/fr\/notre-planete-est-toujours-aux-urgences\/","title":{"rendered":"Notre plan\u00e8te est toujours aux urgences"},"content":{"rendered":"\n<p>\u00c0 l&rsquo;ouverture du Sommet sur la mise en \u0153uvre des engagements climatiques de la COP27 \u00e0 Charm el-Cheikh, en \u00c9gypte, le secr\u00e9taire g\u00e9n\u00e9ral de l&rsquo;ONU, Ant\u00f3nio Guterres, a appel\u00e9 \u00e0 un pacte historique entre pays d\u00e9velopp\u00e9s et pays en d\u00e9veloppement pour combiner les capacit\u00e9s, et faire pivoter le monde vers la r\u00e9duction des \u00e9missions de carbone, la transformation des syst\u00e8mes \u00e9nerg\u00e9tiques et l&rsquo;\u00e9vitement d&rsquo;une catastrophe climatique.<\/p>\n\n\n\n<div class=\"wp-block-image\"><figure class=\"alignleft size-large\"><img decoding=\"async\" src=\"https:\/\/filles-de-la-charite.org\/wp-content\/uploads\/2023\/05\/image-3-768x1024-2.png\" alt=\"\" class=\"wp-image-72235\"\/><\/figure><\/div>\n\n\n\n<p>\u00ab\u00a0L&rsquo;humanit\u00e9 a le choix : coop\u00e9rer ou p\u00e9rir\u00a0\u00bb. Il s&rsquo;agit soit d&rsquo;un pacte de solidarit\u00e9 climatique, soit d&rsquo;un pacte de suicide collectif\u00a0\u00bb, a d\u00e9clar\u00e9 le secr\u00e9taire g\u00e9n\u00e9ral des Nations unies \u00e0 plus de 100 dirigeants mondiaux r\u00e9unis pour la premi\u00e8re s\u00e9ance pl\u00e9ni\u00e8re officielle de la conf\u00e9rence des Nations unies sur le changement climatique.<\/p>\n\n\n\n<p>Il y a 8 milliards de personnes sur Terre. Mais ce n&rsquo;est pas la cause du changement climatique, selon les scientifiques. Ce n&rsquo;est pas le nombre de personnes qui est en cause, mais \u00ab\u00a0notre fa\u00e7on de vivre\u00a0\u00bb, explique Katharine Hayhoe, de Nature United.<\/p>\n\n\n\n<p>Cette ann\u00e9e, avant la COP27, les Nations unies ont appel\u00e9 \u00e0 la cr\u00e9ation d&rsquo;espaces inclusifs pour la soci\u00e9t\u00e9 civile : \u00ab\u00a0Ils ont soulign\u00e9 le r\u00f4le essentiel que joue la soci\u00e9t\u00e9 civile pour faire avancer l&rsquo;action climatique et ont exhort\u00e9 l&rsquo;\u00c9gypte \u00e0 garantir une participation s\u00fbre et significative \u00e0 la conf\u00e9rence, notamment pour les groupes ind\u00e9pendants\u00a0\u00bb.<\/p>\n\n\n\n<p>Malgr\u00e9 les d\u00e9fis pr\u00e9sent\u00e9s, les religions ont fait en sorte que leurs voix soient entendues en organisant plus de 40 \u00e9v\u00e9nements parall\u00e8les, des m\u00e9ditations, des interventions et des actions afin de susciter l&rsquo;ambition et la prise de conscience pour notre maison commune. Les s\u0153urs catholiques \u00e9taient parmi les milliers d&rsquo;activistes faisant pression pour que les dirigeants mondiaux s&rsquo;engagent \u00e0 r\u00e9duire les \u00e9missions et \u00e0 financer les pertes et dommages r\u00e9sultant du changement climatique pour le Sud.<\/p>\n\n\n\n<p>Les jeunes \u00e9taient sous les feux de la rampe et ont \u00e9t\u00e9 mis en avant lors de la COP27.&nbsp; Le secr\u00e9taire ex\u00e9cutif de l&rsquo;ONU charg\u00e9 du changement climatique a promis d&rsquo;exhorter les gouvernements \u00e0 ne pas se contenter d&rsquo;\u00e9couter les solutions propos\u00e9es par les jeunes, mais \u00e0 int\u00e9grer ces solutions dans les d\u00e9cisions et les politiques. Les jeunes ont fait entendre leur voix gr\u00e2ce au pavillon des enfants et des jeunes, le premier du genre, et au tout premier Forum sur le climat dirig\u00e9 par des jeunes.<\/p>\n\n\n\n<div class=\"wp-block-image\"><figure class=\"alignright size-large\"><img decoding=\"async\" src=\"https:\/\/filles-de-la-charite.org\/wp-content\/uploads\/2023\/05\/image-2-768x1024-2.png\" alt=\"\" class=\"wp-image-72233\"\/><\/figure><\/div>\n\n\n\n<p>D&rsquo;ici \u00e0 2050, jusqu&rsquo;\u00e0 216 millions de personnes pourraient \u00eatre d\u00e9plac\u00e9es en raison du changement climatique. Les pays insulaires du Pacifique se battent pour assurer leur avenir avant que la mont\u00e9e du niveau des mers ne les engloutisse.&nbsp; Ils sont en premi\u00e8re ligne de la crise climatique, bien qu&rsquo;ils aient contribu\u00e9 \u00e0 moins de 0,03 % des \u00e9missions totales de carbone dans le monde. Et pour contourner les conditions calamiteuses engendr\u00e9es par le changement climatique, ils prennent des mesures d\u00e9sesp\u00e9r\u00e9es pour sauvegarder leur existence. Un pays est plus que sa terre, un pays est son peuple, sa nature, sa culture, ses traditions, son histoire et sa capacit\u00e9 \u00e0 s&rsquo;auto-gouverner en tant que nation. Mais sans territoire souverain sur lequel s&rsquo;appuyer, un pays peut-il continuer \u00e0 exister ?<\/p>\n\n\n\n<p>La conf\u00e9rence des parties \u00e0 la convention-cadre des Nations unies sur les changements climatiques (COP27) s&rsquo;est conclue par une d\u00e9cision historique visant \u00e0 \u00e9tablir et \u00e0 rendre op\u00e9rationnel un fonds pour les pertes et les dommages. Mais ni la migration ni la relocalisation n&rsquo;ont \u00e9t\u00e9 abord\u00e9es lors de la COP27. En outre, l&rsquo;engagement de \u00ab\u00a0r\u00e9duire progressivement les combustibles fossiles\u00a0\u00bb a \u00e9t\u00e9 rejet\u00e9 par les pays producteurs de p\u00e9trole. Pour savoir ce que vous pouvez faire pour contribuer \u00e0 la lutte contre la crise climatique, consultez le site :<\/p>\n\n\n\n<p> <a href=\"https:\/\/www.unep.org\/interactives\/things-you-can-do-climate-emergency\/\">https:\/\/www.unep.org\/interactives\/things-you-can-do-climate-emergency\/<\/a>.<\/p>\n\n\n\n<p>S\u0153ur Mich\u00e8le Loisel fdlc<\/p>\n","protected":false},"excerpt":{"rendered":"<p>\u00c0 l&rsquo;ouverture du Sommet sur la mise en \u0153uvre des engagements climatiques de la COP27 \u00e0 Charm el-Cheikh, en \u00c9gypte, le secr\u00e9taire g\u00e9n\u00e9ral de l&rsquo;ONU, Ant\u00f3nio Guterres, a appel\u00e9 \u00e0 un pacte historique entre pays d\u00e9velopp\u00e9s et pays en d\u00e9veloppement pour combiner les capacit\u00e9s, et faire pivoter le monde vers la r\u00e9duction des \u00e9missions de [&hellip;]<\/p>\n","protected":false},"author":1,"featured_media":8403,"comment_status":"closed","ping_status":"closed","sticky":false,"template":"","format":"standard","meta":{"_acf_changed":false,"_et_pb_use_builder":"","_et_pb_old_content":"","_et_gb_content_width":"","footnotes":"","_links_to":"","_links_to_target":""},"categories":[633],"tags":[],"class_list":["post-8573","post","type-post","status-publish","format-standard","has-post-thumbnail","hentry","category-onu-fr"],"acf":[],"yoast_head":"<!-- This site is optimized with the Yoast SEO plugin v27.5 - https:\/\/yoast.com\/product\/yoast-seo-wordpress\/ -->\n<title>Notre plan\u00e8te est toujours aux urgences - Filles de la Charit\u00e9<\/title>\n<meta name=\"robots\" content=\"index, follow, max-snippet:-1, max-image-preview:large, max-video-preview:-1\" \/>\n<link rel=\"canonical\" href=\"https:\/\/filles-de-la-charite.org\/fr\/notre-planete-est-toujours-aux-urgences\/\" \/>\n<meta property=\"og:locale\" content=\"fr_FR\" \/>\n<meta property=\"og:type\" content=\"article\" \/>\n<meta property=\"og:title\" content=\"Notre plan\u00e8te est toujours aux urgences - Filles de la Charit\u00e9\" \/>\n<meta property=\"og:description\" content=\"\u00c0 l&rsquo;ouverture du Sommet sur la mise en \u0153uvre des engagements climatiques de la COP27 \u00e0 Charm el-Cheikh, en \u00c9gypte, le secr\u00e9taire g\u00e9n\u00e9ral de l&rsquo;ONU, Ant\u00f3nio Guterres, a appel\u00e9 \u00e0 un pacte historique entre pays d\u00e9velopp\u00e9s et pays en d\u00e9veloppement pour combiner les capacit\u00e9s, et faire pivoter le monde vers la r\u00e9duction des \u00e9missions de [&hellip;]\" \/>\n<meta property=\"og:url\" content=\"https:\/\/filles-de-la-charite.org\/fr\/notre-planete-est-toujours-aux-urgences\/\" \/>\n<meta property=\"og:site_name\" content=\"Filles de la Charit\u00e9\" \/>\n<meta property=\"article:published_time\" content=\"2022-12-06T11:05:59+00:00\" \/>\n<meta property=\"article:modified_time\" content=\"2024-03-17T12:30:21+00:00\" \/>\n<meta property=\"og:image\" content=\"https:\/\/filles-de-la-charite.org\/wp-content\/uploads\/2023\/05\/image-5-1.png\" \/>\n\t<meta property=\"og:image:width\" content=\"1280\" \/>\n\t<meta property=\"og:image:height\" content=\"960\" \/>\n\t<meta property=\"og:image:type\" content=\"image\/png\" \/>\n<meta name=\"author\" content=\"admin\" \/>\n<meta name=\"twitter:card\" content=\"summary_large_image\" \/>\n<meta name=\"twitter:label1\" content=\"\u00c9crit par\" \/>\n\t<meta name=\"twitter:data1\" content=\"admin\" \/>\n\t<meta name=\"twitter:label2\" content=\"Dur\u00e9e de lecture estim\u00e9e\" \/>\n\t<meta name=\"twitter:data2\" content=\"3 minutes\" \/>\n<script type=\"application\/ld+json\" class=\"yoast-schema-graph\">{\"@context\":\"https:\\\/\\\/schema.org\",\"@graph\":[{\"@type\":\"Article\",\"@id\":\"https:\\\/\\\/filles-de-la-charite.org\\\/fr\\\/notre-planete-est-toujours-aux-urgences\\\/#article\",\"isPartOf\":{\"@id\":\"https:\\\/\\\/filles-de-la-charite.org\\\/fr\\\/notre-planete-est-toujours-aux-urgences\\\/\"},\"author\":{\"name\":\"admin\",\"@id\":\"https:\\\/\\\/filles-de-la-charite.org\\\/fr\\\/#\\\/schema\\\/person\\\/427567b2eccfc2dd7d206da186a1f438\"},\"headline\":\"Notre plan\u00e8te est toujours aux urgences\",\"datePublished\":\"2022-12-06T11:05:59+00:00\",\"dateModified\":\"2024-03-17T12:30:21+00:00\",\"mainEntityOfPage\":{\"@id\":\"https:\\\/\\\/filles-de-la-charite.org\\\/fr\\\/notre-planete-est-toujours-aux-urgences\\\/\"},\"wordCount\":673,\"publisher\":{\"@id\":\"https:\\\/\\\/filles-de-la-charite.org\\\/fr\\\/#organization\"},\"image\":{\"@id\":\"https:\\\/\\\/filles-de-la-charite.org\\\/fr\\\/notre-planete-est-toujours-aux-urgences\\\/#primaryimage\"},\"thumbnailUrl\":\"https:\\\/\\\/filles-de-la-charite.org\\\/wp-content\\\/uploads\\\/2023\\\/05\\\/image-5-1.png\",\"articleSection\":[\"ONU\"],\"inLanguage\":\"fr-FR\"},{\"@type\":\"WebPage\",\"@id\":\"https:\\\/\\\/filles-de-la-charite.org\\\/fr\\\/notre-planete-est-toujours-aux-urgences\\\/\",\"url\":\"https:\\\/\\\/filles-de-la-charite.org\\\/fr\\\/notre-planete-est-toujours-aux-urgences\\\/\",\"name\":\"Notre plan\u00e8te est toujours aux urgences - Filles de la Charit\u00e9\",\"isPartOf\":{\"@id\":\"https:\\\/\\\/filles-de-la-charite.org\\\/fr\\\/#website\"},\"primaryImageOfPage\":{\"@id\":\"https:\\\/\\\/filles-de-la-charite.org\\\/fr\\\/notre-planete-est-toujours-aux-urgences\\\/#primaryimage\"},\"image\":{\"@id\":\"https:\\\/\\\/filles-de-la-charite.org\\\/fr\\\/notre-planete-est-toujours-aux-urgences\\\/#primaryimage\"},\"thumbnailUrl\":\"https:\\\/\\\/filles-de-la-charite.org\\\/wp-content\\\/uploads\\\/2023\\\/05\\\/image-5-1.png\",\"datePublished\":\"2022-12-06T11:05:59+00:00\",\"dateModified\":\"2024-03-17T12:30:21+00:00\",\"breadcrumb\":{\"@id\":\"https:\\\/\\\/filles-de-la-charite.org\\\/fr\\\/notre-planete-est-toujours-aux-urgences\\\/#breadcrumb\"},\"inLanguage\":\"fr-FR\",\"potentialAction\":[{\"@type\":\"ReadAction\",\"target\":[\"https:\\\/\\\/filles-de-la-charite.org\\\/fr\\\/notre-planete-est-toujours-aux-urgences\\\/\"]}]},{\"@type\":\"ImageObject\",\"inLanguage\":\"fr-FR\",\"@id\":\"https:\\\/\\\/filles-de-la-charite.org\\\/fr\\\/notre-planete-est-toujours-aux-urgences\\\/#primaryimage\",\"url\":\"https:\\\/\\\/filles-de-la-charite.org\\\/wp-content\\\/uploads\\\/2023\\\/05\\\/image-5-1.png\",\"contentUrl\":\"https:\\\/\\\/filles-de-la-charite.org\\\/wp-content\\\/uploads\\\/2023\\\/05\\\/image-5-1.png\",\"width\":1280,\"height\":960},{\"@type\":\"BreadcrumbList\",\"@id\":\"https:\\\/\\\/filles-de-la-charite.org\\\/fr\\\/notre-planete-est-toujours-aux-urgences\\\/#breadcrumb\",\"itemListElement\":[{\"@type\":\"ListItem\",\"position\":1,\"name\":\"ONU\",\"item\":\"https:\\\/\\\/filles-de-la-charite.org\\\/fr\\\/category\\\/onu-fr\\\/\"},{\"@type\":\"ListItem\",\"position\":2,\"name\":\"Notre plan\u00e8te est toujours aux urgences\"}]},{\"@type\":\"WebSite\",\"@id\":\"https:\\\/\\\/filles-de-la-charite.org\\\/fr\\\/#website\",\"url\":\"https:\\\/\\\/filles-de-la-charite.org\\\/fr\\\/\",\"name\":\"Hijas de la Caridad\",\"description\":\"L\u2019amour de J\u00e9sus nous presse \u00e0 prendre soin des personnes les plus d\u00e9munies\",\"publisher\":{\"@id\":\"https:\\\/\\\/filles-de-la-charite.org\\\/fr\\\/#organization\"},\"potentialAction\":[{\"@type\":\"SearchAction\",\"target\":{\"@type\":\"EntryPoint\",\"urlTemplate\":\"https:\\\/\\\/filles-de-la-charite.org\\\/fr\\\/?s={search_term_string}\"},\"query-input\":{\"@type\":\"PropertyValueSpecification\",\"valueRequired\":true,\"valueName\":\"search_term_string\"}}],\"inLanguage\":\"fr-FR\"},{\"@type\":\"Organization\",\"@id\":\"https:\\\/\\\/filles-de-la-charite.org\\\/fr\\\/#organization\",\"name\":\"Hijas de la Caridad\",\"url\":\"https:\\\/\\\/filles-de-la-charite.org\\\/fr\\\/\",\"logo\":{\"@type\":\"ImageObject\",\"inLanguage\":\"fr-FR\",\"@id\":\"https:\\\/\\\/filles-de-la-charite.org\\\/fr\\\/#\\\/schema\\\/logo\\\/image\\\/\",\"url\":\"https:\\\/\\\/filles-de-la-charite.org\\\/wp-content\\\/uploads\\\/2023\\\/03\\\/isotipo-Hijas-de-la-Caridad.png\",\"contentUrl\":\"https:\\\/\\\/filles-de-la-charite.org\\\/wp-content\\\/uploads\\\/2023\\\/03\\\/isotipo-Hijas-de-la-Caridad.png\",\"width\":1417,\"height\":1417,\"caption\":\"Hijas de la Caridad\"},\"image\":{\"@id\":\"https:\\\/\\\/filles-de-la-charite.org\\\/fr\\\/#\\\/schema\\\/logo\\\/image\\\/\"}},{\"@type\":\"Person\",\"@id\":\"https:\\\/\\\/filles-de-la-charite.org\\\/fr\\\/#\\\/schema\\\/person\\\/427567b2eccfc2dd7d206da186a1f438\",\"name\":\"admin\",\"image\":{\"@type\":\"ImageObject\",\"inLanguage\":\"fr-FR\",\"@id\":\"https:\\\/\\\/secure.gravatar.com\\\/avatar\\\/948b492cce32b586ac2db0eaa926ee87024f7afe218d73b397ea5ddfc5f43ea1?s=96&d=mm&r=g\",\"url\":\"https:\\\/\\\/secure.gravatar.com\\\/avatar\\\/948b492cce32b586ac2db0eaa926ee87024f7afe218d73b397ea5ddfc5f43ea1?s=96&d=mm&r=g\",\"contentUrl\":\"https:\\\/\\\/secure.gravatar.com\\\/avatar\\\/948b492cce32b586ac2db0eaa926ee87024f7afe218d73b397ea5ddfc5f43ea1?s=96&d=mm&r=g\",\"caption\":\"admin\"},\"sameAs\":[\"https:\\\/\\\/filles-de-la-charite.org\"],\"url\":\"https:\\\/\\\/filles-de-la-charite.org\\\/fr\\\/author\\\/caridad\\\/\"}]}<\/script>\n<!-- \/ Yoast SEO plugin. -->","yoast_head_json":{"title":"Notre plan\u00e8te est toujours aux urgences - Filles de la Charit\u00e9","robots":{"index":"index","follow":"follow","max-snippet":"max-snippet:-1","max-image-preview":"max-image-preview:large","max-video-preview":"max-video-preview:-1"},"canonical":"https:\/\/filles-de-la-charite.org\/fr\/notre-planete-est-toujours-aux-urgences\/","og_locale":"fr_FR","og_type":"article","og_title":"Notre plan\u00e8te est toujours aux urgences - Filles de la Charit\u00e9","og_description":"\u00c0 l&rsquo;ouverture du Sommet sur la mise en \u0153uvre des engagements climatiques de la COP27 \u00e0 Charm el-Cheikh, en \u00c9gypte, le secr\u00e9taire g\u00e9n\u00e9ral de l&rsquo;ONU, Ant\u00f3nio Guterres, a appel\u00e9 \u00e0 un pacte historique entre pays d\u00e9velopp\u00e9s et pays en d\u00e9veloppement pour combiner les capacit\u00e9s, et faire pivoter le monde vers la r\u00e9duction des \u00e9missions de [&hellip;]","og_url":"https:\/\/filles-de-la-charite.org\/fr\/notre-planete-est-toujours-aux-urgences\/","og_site_name":"Filles de la Charit\u00e9","article_published_time":"2022-12-06T11:05:59+00:00","article_modified_time":"2024-03-17T12:30:21+00:00","og_image":[{"width":1280,"height":960,"url":"https:\/\/filles-de-la-charite.org\/wp-content\/uploads\/2023\/05\/image-5-1.png","type":"image\/png"}],"author":"admin","twitter_card":"summary_large_image","twitter_misc":{"\u00c9crit par":"admin","Dur\u00e9e de lecture estim\u00e9e":"3 minutes"},"schema":{"@context":"https:\/\/schema.org","@graph":[{"@type":"Article","@id":"https:\/\/filles-de-la-charite.org\/fr\/notre-planete-est-toujours-aux-urgences\/#article","isPartOf":{"@id":"https:\/\/filles-de-la-charite.org\/fr\/notre-planete-est-toujours-aux-urgences\/"},"author":{"name":"admin","@id":"https:\/\/filles-de-la-charite.org\/fr\/#\/schema\/person\/427567b2eccfc2dd7d206da186a1f438"},"headline":"Notre plan\u00e8te est toujours aux urgences","datePublished":"2022-12-06T11:05:59+00:00","dateModified":"2024-03-17T12:30:21+00:00","mainEntityOfPage":{"@id":"https:\/\/filles-de-la-charite.org\/fr\/notre-planete-est-toujours-aux-urgences\/"},"wordCount":673,"publisher":{"@id":"https:\/\/filles-de-la-charite.org\/fr\/#organization"},"image":{"@id":"https:\/\/filles-de-la-charite.org\/fr\/notre-planete-est-toujours-aux-urgences\/#primaryimage"},"thumbnailUrl":"https:\/\/filles-de-la-charite.org\/wp-content\/uploads\/2023\/05\/image-5-1.png","articleSection":["ONU"],"inLanguage":"fr-FR"},{"@type":"WebPage","@id":"https:\/\/filles-de-la-charite.org\/fr\/notre-planete-est-toujours-aux-urgences\/","url":"https:\/\/filles-de-la-charite.org\/fr\/notre-planete-est-toujours-aux-urgences\/","name":"Notre plan\u00e8te est toujours aux urgences - Filles de la Charit\u00e9","isPartOf":{"@id":"https:\/\/filles-de-la-charite.org\/fr\/#website"},"primaryImageOfPage":{"@id":"https:\/\/filles-de-la-charite.org\/fr\/notre-planete-est-toujours-aux-urgences\/#primaryimage"},"image":{"@id":"https:\/\/filles-de-la-charite.org\/fr\/notre-planete-est-toujours-aux-urgences\/#primaryimage"},"thumbnailUrl":"https:\/\/filles-de-la-charite.org\/wp-content\/uploads\/2023\/05\/image-5-1.png","datePublished":"2022-12-06T11:05:59+00:00","dateModified":"2024-03-17T12:30:21+00:00","breadcrumb":{"@id":"https:\/\/filles-de-la-charite.org\/fr\/notre-planete-est-toujours-aux-urgences\/#breadcrumb"},"inLanguage":"fr-FR","potentialAction":[{"@type":"ReadAction","target":["https:\/\/filles-de-la-charite.org\/fr\/notre-planete-est-toujours-aux-urgences\/"]}]},{"@type":"ImageObject","inLanguage":"fr-FR","@id":"https:\/\/filles-de-la-charite.org\/fr\/notre-planete-est-toujours-aux-urgences\/#primaryimage","url":"https:\/\/filles-de-la-charite.org\/wp-content\/uploads\/2023\/05\/image-5-1.png","contentUrl":"https:\/\/filles-de-la-charite.org\/wp-content\/uploads\/2023\/05\/image-5-1.png","width":1280,"height":960},{"@type":"BreadcrumbList","@id":"https:\/\/filles-de-la-charite.org\/fr\/notre-planete-est-toujours-aux-urgences\/#breadcrumb","itemListElement":[{"@type":"ListItem","position":1,"name":"ONU","item":"https:\/\/filles-de-la-charite.org\/fr\/category\/onu-fr\/"},{"@type":"ListItem","position":2,"name":"Notre plan\u00e8te est toujours aux urgences"}]},{"@type":"WebSite","@id":"https:\/\/filles-de-la-charite.org\/fr\/#website","url":"https:\/\/filles-de-la-charite.org\/fr\/","name":"Hijas de la Caridad","description":"L\u2019amour de J\u00e9sus nous presse \u00e0 prendre soin des personnes les plus d\u00e9munies","publisher":{"@id":"https:\/\/filles-de-la-charite.org\/fr\/#organization"},"potentialAction":[{"@type":"SearchAction","target":{"@type":"EntryPoint","urlTemplate":"https:\/\/filles-de-la-charite.org\/fr\/?s={search_term_string}"},"query-input":{"@type":"PropertyValueSpecification","valueRequired":true,"valueName":"search_term_string"}}],"inLanguage":"fr-FR"},{"@type":"Organization","@id":"https:\/\/filles-de-la-charite.org\/fr\/#organization","name":"Hijas de la Caridad","url":"https:\/\/filles-de-la-charite.org\/fr\/","logo":{"@type":"ImageObject","inLanguage":"fr-FR","@id":"https:\/\/filles-de-la-charite.org\/fr\/#\/schema\/logo\/image\/","url":"https:\/\/filles-de-la-charite.org\/wp-content\/uploads\/2023\/03\/isotipo-Hijas-de-la-Caridad.png","contentUrl":"https:\/\/filles-de-la-charite.org\/wp-content\/uploads\/2023\/03\/isotipo-Hijas-de-la-Caridad.png","width":1417,"height":1417,"caption":"Hijas de la Caridad"},"image":{"@id":"https:\/\/filles-de-la-charite.org\/fr\/#\/schema\/logo\/image\/"}},{"@type":"Person","@id":"https:\/\/filles-de-la-charite.org\/fr\/#\/schema\/person\/427567b2eccfc2dd7d206da186a1f438","name":"admin","image":{"@type":"ImageObject","inLanguage":"fr-FR","@id":"https:\/\/secure.gravatar.com\/avatar\/948b492cce32b586ac2db0eaa926ee87024f7afe218d73b397ea5ddfc5f43ea1?s=96&d=mm&r=g","url":"https:\/\/secure.gravatar.com\/avatar\/948b492cce32b586ac2db0eaa926ee87024f7afe218d73b397ea5ddfc5f43ea1?s=96&d=mm&r=g","contentUrl":"https:\/\/secure.gravatar.com\/avatar\/948b492cce32b586ac2db0eaa926ee87024f7afe218d73b397ea5ddfc5f43ea1?s=96&d=mm&r=g","caption":"admin"},"sameAs":["https:\/\/filles-de-la-charite.org"],"url":"https:\/\/filles-de-la-charite.org\/fr\/author\/caridad\/"}]}},"_links":{"self":[{"href":"https:\/\/filles-de-la-charite.org\/fr\/wp-json\/wp\/v2\/posts\/8573","targetHints":{"allow":["GET"]}}],"collection":[{"href":"https:\/\/filles-de-la-charite.org\/fr\/wp-json\/wp\/v2\/posts"}],"about":[{"href":"https:\/\/filles-de-la-charite.org\/fr\/wp-json\/wp\/v2\/types\/post"}],"author":[{"embeddable":true,"href":"https:\/\/filles-de-la-charite.org\/fr\/wp-json\/wp\/v2\/users\/1"}],"replies":[{"embeddable":true,"href":"https:\/\/filles-de-la-charite.org\/fr\/wp-json\/wp\/v2\/comments?post=8573"}],"version-history":[{"count":1,"href":"https:\/\/filles-de-la-charite.org\/fr\/wp-json\/wp\/v2\/posts\/8573\/revisions"}],"predecessor-version":[{"id":8574,"href":"https:\/\/filles-de-la-charite.org\/fr\/wp-json\/wp\/v2\/posts\/8573\/revisions\/8574"}],"wp:featuredmedia":[{"embeddable":true,"href":"https:\/\/filles-de-la-charite.org\/fr\/wp-json\/wp\/v2\/media\/8403"}],"wp:attachment":[{"href":"https:\/\/filles-de-la-charite.org\/fr\/wp-json\/wp\/v2\/media?parent=8573"}],"wp:term":[{"taxonomy":"category","embeddable":true,"href":"https:\/\/filles-de-la-charite.org\/fr\/wp-json\/wp\/v2\/categories?post=8573"},{"taxonomy":"post_tag","embeddable":true,"href":"https:\/\/filles-de-la-charite.org\/fr\/wp-json\/wp\/v2\/tags?post=8573"}],"curies":[{"name":"wp","href":"https:\/\/api.w.org\/{rel}","templated":true}]}}