{"id":23042,"date":"2019-11-28T23:14:37","date_gmt":"2019-11-28T22:14:37","guid":{"rendered":"https:\/\/hijascaridad.sjdigitaldemo.ovh\/sharing-the-same-charism-chronicle-of-the-vincentian-week-at-the-santander-economic-kitchen-workshops-6\/"},"modified":"2024-03-17T18:59:59","modified_gmt":"2024-03-17T17:59:59","slug":"sharing-the-same-charism-chronicle-of-the-vincentian-week-at-the-santander-economic-kitchen-workshops-6","status":"publish","type":"post","link":"https:\/\/filles-de-la-charite.org\/it\/sharing-the-same-charism-chronicle-of-the-vincentian-week-at-the-santander-economic-kitchen-workshops-6\/","title":{"rendered":"Condividere lo stesso carisma \u2013 settimana vincenziana nei laboratori dei fornelli di Santander"},"content":{"rendered":"\nLa festa di San Vincenzo de' Paoli si avvicinava, e nei laboratori della Economic Kitchen Santander volevamo prendere coscienza della vita di quest'uomo, poich\u00e9 eravamo in una casa delle Figlie della Carit\u00e0.<\/p> <p style=\"text-align: justify;\">Abbiamo iniziato la settimana guardando il film del fondatore. Il mercoled\u00ec volevamo dividere il pomeriggio in quattro momenti specifici:<\/p> <ol>   <li style=\"text-align: justify;\">Mettendo per iscritto un riassunto di ci\u00f2 che ogni persona aveva capito del film, abbiamo avuto grandi sorprese, perch\u00e9 tra i ragazzi c\u2019erano alcuni che non avevano padronanza della lingua e che hanno capito ben poco ma sono stati colpiti dalle immagini.<\/li>   <li style=\"text-align: justify;\">Dopo il riassunto, abbiamo chiesto loro che cosa gli era piaciuto del film o che cosa li aveva maggiormante colpiti.<\/li>   <li style=\"text-align: justify;\">Porre una domanda a una delle sorelle appartenenti alla Comunit\u00e0 della Economic Kitchen di Santander, dal momento che il giorno dopo avrebbero condiviso un momento con noi.<\/li>   <li style=\"text-align: justify;\">Fare le prove del tempo che avremo a disposizione il giorno dopo con le sorelle.<\/li> <\/ol> <p style=\"text-align: justify;\">Gioved\u00ec 26 settembre alle ore 17:30, la Comunit\u00e0 della Economic Kitchen di Santander \u00e8 venuta per la condivisione con i bambini che partecipano ai laboratori.<\/p> <img loading=\"lazy\" decoding=\"async\" width=\"1280\" height=\"720\" class=\"aligncenter size-full wp-image-40097\" src=\"https:\/\/filles-de-la-charite.org\/wp-content\/uploads\/2023\/06\/191129-FiestaSV-3.jpg\" alt=\"\"> <p style=\"text-align: justify;\">Cominciamo ad accogliere ogni sorella e ci presentiamo perch\u00e9, nonostante si viva sotto lo stesso tetto, non tutti ci conosciamo, e subito sono iniziate le domande. Abbiamo avuto anche la visita del nuovo direttore della Economic Kitchen.<\/p> <p style=\"text-align: justify;\">Ai ragazzi sono state poste delle domande e hanno scelto la sorella a cui volevano rispondere.<\/p> <ul>   <li style=\"text-align: justify;\">Perch\u00e9 ci aiutate?<\/li>   <li style=\"text-align: justify;\">Come faceva San Vincenzo de' Paoli a fare bene le cose, con il cuore, senza ipocrisia?<\/li>   <li style=\"text-align: justify;\">Perch\u00e9 ti piace essere suora?<\/li>   <li style=\"text-align: justify;\">Perch\u00e9 San Vincenzo ha deciso di cambiare totalmente la sua vita?<\/li>   <li style=\"text-align: justify;\">Cosa hai fatto prima di essere una Figlia della Carit\u00e0?<\/li>   <li style=\"text-align: justify;\">Perch\u00e9 hai seguito questo cammino di Figlia della Carit\u00e0, essendo stata insegnante, medico, infermiera, avvocato, ecc...?<\/li>   <li style=\"text-align: justify;\">Perch\u00e9 aiuti le persone?<\/li>   <li style=\"text-align: justify;\">Da quanto tempo sei Figlia della Carit\u00e0?<\/li> <\/ul> <p style=\"text-align: justify;\">E' stato un momento fraterno, siamo tutti fratelli nella Missione, poich\u00e9 viviamo o lavoriamo nel medesimo contesto che ha il carisma specifico di San Vincenzo, ed \u00e8 stato un pomeriggio di condivisione. Il giorno dopo abbiamo incontrato sorelle, operai, volontari e persone che vengono al nostro centro per celebrare solennemente l'Eucaristia nella Cappella in onore di San Vincenzo.<\/p> <p style=\"text-align: justify;\">GRAZIE al Signore per aver condiviso il Carisma, poich\u00e9 siamo tutti collaboratori nella Missione.<\/p> <img loading=\"lazy\" decoding=\"async\" width=\"1280\" height=\"720\" class=\"aligncenter size-full wp-image-40095\" src=\"https:\/\/filles-de-la-charite.org\/wp-content\/uploads\/2023\/06\/191129-FiestaSV-1.jpg\" alt=\"\"> <img loading=\"lazy\" decoding=\"async\" width=\"960\" height=\"539\" class=\"aligncenter size-full wp-image-40098\" src=\"https:\/\/filles-de-la-charite.org\/wp-content\/uploads\/2023\/06\/191129-FiestaSV-4.jpg\" alt=\"\"> <img loading=\"lazy\" decoding=\"async\" width=\"1280\" height=\"719\" class=\"aligncenter size-full wp-image-40096\" src=\"https:\/\/filles-de-la-charite.org\/wp-content\/uploads\/2023\/06\/191129-FiestaSV-2.jpg\" alt=\"\"><\/p>\n","protected":false},"excerpt":{"rendered":"<p>La festa di San Vincenzo de&#8217; Paoli si avvicinava, e nei laboratori della Economic Kitchen Santander volevamo prendere coscienza della vita di quest&#8217;uomo, poich\u00e9 eravamo in una casa delle Figlie della Carit\u00e0. Abbiamo iniziato la settimana guardando il film del fondatore. Il mercoled\u00ec volevamo dividere il pomeriggio in quattro momenti specifici: Mettendo per iscritto un [&hellip;]<\/p>\n","protected":false},"author":1,"featured_media":14285,"comment_status":"closed","ping_status":"closed","sticky":false,"template":"","format":"standard","meta":{"_acf_changed":false,"footnotes":"","_links_to":"","_links_to_target":""},"categories":[800],"tags":[],"class_list":["post-23042","post","type-post","status-publish","format-standard","has-post-thumbnail","hentry","category-espana-norte-it"],"acf":[],"yoast_head":"<!-- This site is optimized with the Yoast SEO plugin v27.5 - https:\/\/yoast.com\/product\/yoast-seo-wordpress\/ -->\n<title>Condividere lo stesso carisma \u2013 settimana vincenziana nei laboratori dei fornelli di Santander - Filles de la Charit\u00e9<\/title>\n<meta name=\"robots\" content=\"index, follow, max-snippet:-1, max-image-preview:large, max-video-preview:-1\" \/>\n<link rel=\"canonical\" href=\"https:\/\/filles-de-la-charite.org\/it\/sharing-the-same-charism-chronicle-of-the-vincentian-week-at-the-santander-economic-kitchen-workshops-6\/\" \/>\n<meta property=\"og:locale\" content=\"it_IT\" \/>\n<meta property=\"og:type\" content=\"article\" \/>\n<meta property=\"og:title\" content=\"Condividere lo stesso carisma \u2013 settimana vincenziana nei laboratori dei fornelli di Santander - Filles de la Charit\u00e9\" \/>\n<meta property=\"og:description\" content=\"La festa di San Vincenzo de&#8217; Paoli si avvicinava, e nei laboratori della Economic Kitchen Santander volevamo prendere coscienza della vita di quest&#8217;uomo, poich\u00e9 eravamo in una casa delle Figlie della Carit\u00e0. Abbiamo iniziato la settimana guardando il film del fondatore. Il mercoled\u00ec volevamo dividere il pomeriggio in quattro momenti specifici: Mettendo per iscritto un [&hellip;]\" \/>\n<meta property=\"og:url\" content=\"https:\/\/filles-de-la-charite.org\/it\/sharing-the-same-charism-chronicle-of-the-vincentian-week-at-the-santander-economic-kitchen-workshops-6\/\" \/>\n<meta property=\"og:site_name\" content=\"Filles de la Charit\u00e9\" \/>\n<meta property=\"article:published_time\" content=\"2019-11-28T22:14:37+00:00\" \/>\n<meta property=\"article:modified_time\" content=\"2024-03-17T17:59:59+00:00\" \/>\n<meta property=\"og:image\" content=\"https:\/\/filles-de-la-charite.org\/wp-content\/uploads\/2023\/06\/191129-FiestaSV-FTD-1.jpg\" \/>\n\t<meta property=\"og:image:width\" content=\"1200\" \/>\n\t<meta property=\"og:image:height\" content=\"630\" \/>\n\t<meta property=\"og:image:type\" content=\"image\/jpeg\" \/>\n<meta name=\"author\" content=\"admin\" \/>\n<meta name=\"twitter:card\" content=\"summary_large_image\" \/>\n<meta name=\"twitter:label1\" content=\"Scritto da\" \/>\n\t<meta name=\"twitter:data1\" content=\"admin\" \/>\n\t<meta name=\"twitter:label2\" content=\"Tempo di lettura stimato\" \/>\n\t<meta name=\"twitter:data2\" content=\"2 minuti\" \/>\n<script type=\"application\/ld+json\" class=\"yoast-schema-graph\">{\"@context\":\"https:\\\/\\\/schema.org\",\"@graph\":[{\"@type\":\"Article\",\"@id\":\"https:\\\/\\\/filles-de-la-charite.org\\\/it\\\/sharing-the-same-charism-chronicle-of-the-vincentian-week-at-the-santander-economic-kitchen-workshops-6\\\/#article\",\"isPartOf\":{\"@id\":\"https:\\\/\\\/filles-de-la-charite.org\\\/it\\\/sharing-the-same-charism-chronicle-of-the-vincentian-week-at-the-santander-economic-kitchen-workshops-6\\\/\"},\"author\":{\"name\":\"admin\",\"@id\":\"https:\\\/\\\/filles-de-la-charite.org\\\/it\\\/#\\\/schema\\\/person\\\/427567b2eccfc2dd7d206da186a1f438\"},\"headline\":\"Condividere lo stesso carisma \u2013 settimana vincenziana nei laboratori dei fornelli di Santander\",\"datePublished\":\"2019-11-28T22:14:37+00:00\",\"dateModified\":\"2024-03-17T17:59:59+00:00\",\"mainEntityOfPage\":{\"@id\":\"https:\\\/\\\/filles-de-la-charite.org\\\/it\\\/sharing-the-same-charism-chronicle-of-the-vincentian-week-at-the-santander-economic-kitchen-workshops-6\\\/\"},\"wordCount\":388,\"publisher\":{\"@id\":\"https:\\\/\\\/filles-de-la-charite.org\\\/it\\\/#organization\"},\"image\":{\"@id\":\"https:\\\/\\\/filles-de-la-charite.org\\\/it\\\/sharing-the-same-charism-chronicle-of-the-vincentian-week-at-the-santander-economic-kitchen-workshops-6\\\/#primaryimage\"},\"thumbnailUrl\":\"https:\\\/\\\/filles-de-la-charite.org\\\/wp-content\\\/uploads\\\/2023\\\/06\\\/191129-FiestaSV-FTD-1.jpg\",\"articleSection\":[\"Espa\u00f1a-Norte\"],\"inLanguage\":\"it-IT\"},{\"@type\":\"WebPage\",\"@id\":\"https:\\\/\\\/filles-de-la-charite.org\\\/it\\\/sharing-the-same-charism-chronicle-of-the-vincentian-week-at-the-santander-economic-kitchen-workshops-6\\\/\",\"url\":\"https:\\\/\\\/filles-de-la-charite.org\\\/it\\\/sharing-the-same-charism-chronicle-of-the-vincentian-week-at-the-santander-economic-kitchen-workshops-6\\\/\",\"name\":\"Condividere lo stesso carisma \u2013 settimana vincenziana nei laboratori dei fornelli di Santander - Filles de la Charit\u00e9\",\"isPartOf\":{\"@id\":\"https:\\\/\\\/filles-de-la-charite.org\\\/it\\\/#website\"},\"primaryImageOfPage\":{\"@id\":\"https:\\\/\\\/filles-de-la-charite.org\\\/it\\\/sharing-the-same-charism-chronicle-of-the-vincentian-week-at-the-santander-economic-kitchen-workshops-6\\\/#primaryimage\"},\"image\":{\"@id\":\"https:\\\/\\\/filles-de-la-charite.org\\\/it\\\/sharing-the-same-charism-chronicle-of-the-vincentian-week-at-the-santander-economic-kitchen-workshops-6\\\/#primaryimage\"},\"thumbnailUrl\":\"https:\\\/\\\/filles-de-la-charite.org\\\/wp-content\\\/uploads\\\/2023\\\/06\\\/191129-FiestaSV-FTD-1.jpg\",\"datePublished\":\"2019-11-28T22:14:37+00:00\",\"dateModified\":\"2024-03-17T17:59:59+00:00\",\"breadcrumb\":{\"@id\":\"https:\\\/\\\/filles-de-la-charite.org\\\/it\\\/sharing-the-same-charism-chronicle-of-the-vincentian-week-at-the-santander-economic-kitchen-workshops-6\\\/#breadcrumb\"},\"inLanguage\":\"it-IT\",\"potentialAction\":[{\"@type\":\"ReadAction\",\"target\":[\"https:\\\/\\\/filles-de-la-charite.org\\\/it\\\/sharing-the-same-charism-chronicle-of-the-vincentian-week-at-the-santander-economic-kitchen-workshops-6\\\/\"]}]},{\"@type\":\"ImageObject\",\"inLanguage\":\"it-IT\",\"@id\":\"https:\\\/\\\/filles-de-la-charite.org\\\/it\\\/sharing-the-same-charism-chronicle-of-the-vincentian-week-at-the-santander-economic-kitchen-workshops-6\\\/#primaryimage\",\"url\":\"https:\\\/\\\/filles-de-la-charite.org\\\/wp-content\\\/uploads\\\/2023\\\/06\\\/191129-FiestaSV-FTD-1.jpg\",\"contentUrl\":\"https:\\\/\\\/filles-de-la-charite.org\\\/wp-content\\\/uploads\\\/2023\\\/06\\\/191129-FiestaSV-FTD-1.jpg\",\"width\":1200,\"height\":630},{\"@type\":\"BreadcrumbList\",\"@id\":\"https:\\\/\\\/filles-de-la-charite.org\\\/it\\\/sharing-the-same-charism-chronicle-of-the-vincentian-week-at-the-santander-economic-kitchen-workshops-6\\\/#breadcrumb\",\"itemListElement\":[{\"@type\":\"ListItem\",\"position\":1,\"name\":\"Espa\u00f1a-Norte\",\"item\":\"https:\\\/\\\/filles-de-la-charite.org\\\/it\\\/category\\\/espana-norte-it\\\/\"},{\"@type\":\"ListItem\",\"position\":2,\"name\":\"Condividere lo stesso carisma \u2013 settimana vincenziana nei laboratori dei fornelli di Santander\"}]},{\"@type\":\"WebSite\",\"@id\":\"https:\\\/\\\/filles-de-la-charite.org\\\/it\\\/#website\",\"url\":\"https:\\\/\\\/filles-de-la-charite.org\\\/it\\\/\",\"name\":\"Hijas de la Caridad\",\"description\":\"L\u2019amour de J\u00e9sus nous presse \u00e0 prendre soin des personnes les plus d\u00e9munies\",\"publisher\":{\"@id\":\"https:\\\/\\\/filles-de-la-charite.org\\\/it\\\/#organization\"},\"potentialAction\":[{\"@type\":\"SearchAction\",\"target\":{\"@type\":\"EntryPoint\",\"urlTemplate\":\"https:\\\/\\\/filles-de-la-charite.org\\\/it\\\/?s={search_term_string}\"},\"query-input\":{\"@type\":\"PropertyValueSpecification\",\"valueRequired\":true,\"valueName\":\"search_term_string\"}}],\"inLanguage\":\"it-IT\"},{\"@type\":\"Organization\",\"@id\":\"https:\\\/\\\/filles-de-la-charite.org\\\/it\\\/#organization\",\"name\":\"Hijas de la Caridad\",\"url\":\"https:\\\/\\\/filles-de-la-charite.org\\\/it\\\/\",\"logo\":{\"@type\":\"ImageObject\",\"inLanguage\":\"it-IT\",\"@id\":\"https:\\\/\\\/filles-de-la-charite.org\\\/it\\\/#\\\/schema\\\/logo\\\/image\\\/\",\"url\":\"https:\\\/\\\/filles-de-la-charite.org\\\/wp-content\\\/uploads\\\/2023\\\/03\\\/isotipo-Hijas-de-la-Caridad.png\",\"contentUrl\":\"https:\\\/\\\/filles-de-la-charite.org\\\/wp-content\\\/uploads\\\/2023\\\/03\\\/isotipo-Hijas-de-la-Caridad.png\",\"width\":1417,\"height\":1417,\"caption\":\"Hijas de la Caridad\"},\"image\":{\"@id\":\"https:\\\/\\\/filles-de-la-charite.org\\\/it\\\/#\\\/schema\\\/logo\\\/image\\\/\"}},{\"@type\":\"Person\",\"@id\":\"https:\\\/\\\/filles-de-la-charite.org\\\/it\\\/#\\\/schema\\\/person\\\/427567b2eccfc2dd7d206da186a1f438\",\"name\":\"admin\",\"image\":{\"@type\":\"ImageObject\",\"inLanguage\":\"it-IT\",\"@id\":\"https:\\\/\\\/secure.gravatar.com\\\/avatar\\\/948b492cce32b586ac2db0eaa926ee87024f7afe218d73b397ea5ddfc5f43ea1?s=96&d=mm&r=g\",\"url\":\"https:\\\/\\\/secure.gravatar.com\\\/avatar\\\/948b492cce32b586ac2db0eaa926ee87024f7afe218d73b397ea5ddfc5f43ea1?s=96&d=mm&r=g\",\"contentUrl\":\"https:\\\/\\\/secure.gravatar.com\\\/avatar\\\/948b492cce32b586ac2db0eaa926ee87024f7afe218d73b397ea5ddfc5f43ea1?s=96&d=mm&r=g\",\"caption\":\"admin\"},\"sameAs\":[\"https:\\\/\\\/filles-de-la-charite.org\"],\"url\":\"https:\\\/\\\/filles-de-la-charite.org\\\/it\\\/author\\\/caridad\\\/\"}]}<\/script>\n<!-- \/ Yoast SEO plugin. -->","yoast_head_json":{"title":"Condividere lo stesso carisma \u2013 settimana vincenziana nei laboratori dei fornelli di Santander - Filles de la Charit\u00e9","robots":{"index":"index","follow":"follow","max-snippet":"max-snippet:-1","max-image-preview":"max-image-preview:large","max-video-preview":"max-video-preview:-1"},"canonical":"https:\/\/filles-de-la-charite.org\/it\/sharing-the-same-charism-chronicle-of-the-vincentian-week-at-the-santander-economic-kitchen-workshops-6\/","og_locale":"it_IT","og_type":"article","og_title":"Condividere lo stesso carisma \u2013 settimana vincenziana nei laboratori dei fornelli di Santander - Filles de la Charit\u00e9","og_description":"La festa di San Vincenzo de&#8217; Paoli si avvicinava, e nei laboratori della Economic Kitchen Santander volevamo prendere coscienza della vita di quest&#8217;uomo, poich\u00e9 eravamo in una casa delle Figlie della Carit\u00e0. Abbiamo iniziato la settimana guardando il film del fondatore. Il mercoled\u00ec volevamo dividere il pomeriggio in quattro momenti specifici: Mettendo per iscritto un [&hellip;]","og_url":"https:\/\/filles-de-la-charite.org\/it\/sharing-the-same-charism-chronicle-of-the-vincentian-week-at-the-santander-economic-kitchen-workshops-6\/","og_site_name":"Filles de la Charit\u00e9","article_published_time":"2019-11-28T22:14:37+00:00","article_modified_time":"2024-03-17T17:59:59+00:00","og_image":[{"width":1200,"height":630,"url":"https:\/\/filles-de-la-charite.org\/wp-content\/uploads\/2023\/06\/191129-FiestaSV-FTD-1.jpg","type":"image\/jpeg"}],"author":"admin","twitter_card":"summary_large_image","twitter_misc":{"Scritto da":"admin","Tempo di lettura stimato":"2 minuti"},"schema":{"@context":"https:\/\/schema.org","@graph":[{"@type":"Article","@id":"https:\/\/filles-de-la-charite.org\/it\/sharing-the-same-charism-chronicle-of-the-vincentian-week-at-the-santander-economic-kitchen-workshops-6\/#article","isPartOf":{"@id":"https:\/\/filles-de-la-charite.org\/it\/sharing-the-same-charism-chronicle-of-the-vincentian-week-at-the-santander-economic-kitchen-workshops-6\/"},"author":{"name":"admin","@id":"https:\/\/filles-de-la-charite.org\/it\/#\/schema\/person\/427567b2eccfc2dd7d206da186a1f438"},"headline":"Condividere lo stesso carisma \u2013 settimana vincenziana nei laboratori dei fornelli di Santander","datePublished":"2019-11-28T22:14:37+00:00","dateModified":"2024-03-17T17:59:59+00:00","mainEntityOfPage":{"@id":"https:\/\/filles-de-la-charite.org\/it\/sharing-the-same-charism-chronicle-of-the-vincentian-week-at-the-santander-economic-kitchen-workshops-6\/"},"wordCount":388,"publisher":{"@id":"https:\/\/filles-de-la-charite.org\/it\/#organization"},"image":{"@id":"https:\/\/filles-de-la-charite.org\/it\/sharing-the-same-charism-chronicle-of-the-vincentian-week-at-the-santander-economic-kitchen-workshops-6\/#primaryimage"},"thumbnailUrl":"https:\/\/filles-de-la-charite.org\/wp-content\/uploads\/2023\/06\/191129-FiestaSV-FTD-1.jpg","articleSection":["Espa\u00f1a-Norte"],"inLanguage":"it-IT"},{"@type":"WebPage","@id":"https:\/\/filles-de-la-charite.org\/it\/sharing-the-same-charism-chronicle-of-the-vincentian-week-at-the-santander-economic-kitchen-workshops-6\/","url":"https:\/\/filles-de-la-charite.org\/it\/sharing-the-same-charism-chronicle-of-the-vincentian-week-at-the-santander-economic-kitchen-workshops-6\/","name":"Condividere lo stesso carisma \u2013 settimana vincenziana nei laboratori dei fornelli di Santander - Filles de la Charit\u00e9","isPartOf":{"@id":"https:\/\/filles-de-la-charite.org\/it\/#website"},"primaryImageOfPage":{"@id":"https:\/\/filles-de-la-charite.org\/it\/sharing-the-same-charism-chronicle-of-the-vincentian-week-at-the-santander-economic-kitchen-workshops-6\/#primaryimage"},"image":{"@id":"https:\/\/filles-de-la-charite.org\/it\/sharing-the-same-charism-chronicle-of-the-vincentian-week-at-the-santander-economic-kitchen-workshops-6\/#primaryimage"},"thumbnailUrl":"https:\/\/filles-de-la-charite.org\/wp-content\/uploads\/2023\/06\/191129-FiestaSV-FTD-1.jpg","datePublished":"2019-11-28T22:14:37+00:00","dateModified":"2024-03-17T17:59:59+00:00","breadcrumb":{"@id":"https:\/\/filles-de-la-charite.org\/it\/sharing-the-same-charism-chronicle-of-the-vincentian-week-at-the-santander-economic-kitchen-workshops-6\/#breadcrumb"},"inLanguage":"it-IT","potentialAction":[{"@type":"ReadAction","target":["https:\/\/filles-de-la-charite.org\/it\/sharing-the-same-charism-chronicle-of-the-vincentian-week-at-the-santander-economic-kitchen-workshops-6\/"]}]},{"@type":"ImageObject","inLanguage":"it-IT","@id":"https:\/\/filles-de-la-charite.org\/it\/sharing-the-same-charism-chronicle-of-the-vincentian-week-at-the-santander-economic-kitchen-workshops-6\/#primaryimage","url":"https:\/\/filles-de-la-charite.org\/wp-content\/uploads\/2023\/06\/191129-FiestaSV-FTD-1.jpg","contentUrl":"https:\/\/filles-de-la-charite.org\/wp-content\/uploads\/2023\/06\/191129-FiestaSV-FTD-1.jpg","width":1200,"height":630},{"@type":"BreadcrumbList","@id":"https:\/\/filles-de-la-charite.org\/it\/sharing-the-same-charism-chronicle-of-the-vincentian-week-at-the-santander-economic-kitchen-workshops-6\/#breadcrumb","itemListElement":[{"@type":"ListItem","position":1,"name":"Espa\u00f1a-Norte","item":"https:\/\/filles-de-la-charite.org\/it\/category\/espana-norte-it\/"},{"@type":"ListItem","position":2,"name":"Condividere lo stesso carisma \u2013 settimana vincenziana nei laboratori dei fornelli di Santander"}]},{"@type":"WebSite","@id":"https:\/\/filles-de-la-charite.org\/it\/#website","url":"https:\/\/filles-de-la-charite.org\/it\/","name":"Hijas de la Caridad","description":"L\u2019amour de J\u00e9sus nous presse \u00e0 prendre soin des personnes les plus d\u00e9munies","publisher":{"@id":"https:\/\/filles-de-la-charite.org\/it\/#organization"},"potentialAction":[{"@type":"SearchAction","target":{"@type":"EntryPoint","urlTemplate":"https:\/\/filles-de-la-charite.org\/it\/?s={search_term_string}"},"query-input":{"@type":"PropertyValueSpecification","valueRequired":true,"valueName":"search_term_string"}}],"inLanguage":"it-IT"},{"@type":"Organization","@id":"https:\/\/filles-de-la-charite.org\/it\/#organization","name":"Hijas de la Caridad","url":"https:\/\/filles-de-la-charite.org\/it\/","logo":{"@type":"ImageObject","inLanguage":"it-IT","@id":"https:\/\/filles-de-la-charite.org\/it\/#\/schema\/logo\/image\/","url":"https:\/\/filles-de-la-charite.org\/wp-content\/uploads\/2023\/03\/isotipo-Hijas-de-la-Caridad.png","contentUrl":"https:\/\/filles-de-la-charite.org\/wp-content\/uploads\/2023\/03\/isotipo-Hijas-de-la-Caridad.png","width":1417,"height":1417,"caption":"Hijas de la Caridad"},"image":{"@id":"https:\/\/filles-de-la-charite.org\/it\/#\/schema\/logo\/image\/"}},{"@type":"Person","@id":"https:\/\/filles-de-la-charite.org\/it\/#\/schema\/person\/427567b2eccfc2dd7d206da186a1f438","name":"admin","image":{"@type":"ImageObject","inLanguage":"it-IT","@id":"https:\/\/secure.gravatar.com\/avatar\/948b492cce32b586ac2db0eaa926ee87024f7afe218d73b397ea5ddfc5f43ea1?s=96&d=mm&r=g","url":"https:\/\/secure.gravatar.com\/avatar\/948b492cce32b586ac2db0eaa926ee87024f7afe218d73b397ea5ddfc5f43ea1?s=96&d=mm&r=g","contentUrl":"https:\/\/secure.gravatar.com\/avatar\/948b492cce32b586ac2db0eaa926ee87024f7afe218d73b397ea5ddfc5f43ea1?s=96&d=mm&r=g","caption":"admin"},"sameAs":["https:\/\/filles-de-la-charite.org"],"url":"https:\/\/filles-de-la-charite.org\/it\/author\/caridad\/"}]}},"_links":{"self":[{"href":"https:\/\/filles-de-la-charite.org\/it\/wp-json\/wp\/v2\/posts\/23042","targetHints":{"allow":["GET"]}}],"collection":[{"href":"https:\/\/filles-de-la-charite.org\/it\/wp-json\/wp\/v2\/posts"}],"about":[{"href":"https:\/\/filles-de-la-charite.org\/it\/wp-json\/wp\/v2\/types\/post"}],"author":[{"embeddable":true,"href":"https:\/\/filles-de-la-charite.org\/it\/wp-json\/wp\/v2\/users\/1"}],"replies":[{"embeddable":true,"href":"https:\/\/filles-de-la-charite.org\/it\/wp-json\/wp\/v2\/comments?post=23042"}],"version-history":[{"count":1,"href":"https:\/\/filles-de-la-charite.org\/it\/wp-json\/wp\/v2\/posts\/23042\/revisions"}],"predecessor-version":[{"id":23043,"href":"https:\/\/filles-de-la-charite.org\/it\/wp-json\/wp\/v2\/posts\/23042\/revisions\/23043"}],"wp:featuredmedia":[{"embeddable":true,"href":"https:\/\/filles-de-la-charite.org\/it\/wp-json\/wp\/v2\/media\/14285"}],"wp:attachment":[{"href":"https:\/\/filles-de-la-charite.org\/it\/wp-json\/wp\/v2\/media?parent=23042"}],"wp:term":[{"taxonomy":"category","embeddable":true,"href":"https:\/\/filles-de-la-charite.org\/it\/wp-json\/wp\/v2\/categories?post=23042"},{"taxonomy":"post_tag","embeddable":true,"href":"https:\/\/filles-de-la-charite.org\/it\/wp-json\/wp\/v2\/tags?post=23042"}],"curies":[{"name":"wp","href":"https:\/\/api.w.org\/{rel}","templated":true}]}}