{"id":23050,"date":"2019-12-28T18:21:05","date_gmt":"2019-12-28T17:21:05","guid":{"rendered":"https:\/\/hijascaridad.sjdigitaldemo.ovh\/interprovincial-meeting-of-initial-formation-sisters-of-spain-6\/"},"modified":"2024-03-17T19:00:09","modified_gmt":"2024-03-17T18:00:09","slug":"interprovincial-meeting-of-initial-formation-sisters-of-spain-6","status":"publish","type":"post","link":"https:\/\/filles-de-la-charite.org\/it\/interprovincial-meeting-of-initial-formation-sisters-of-spain-6\/","title":{"rendered":"Incontro interprovinciale delle Suore incaricate della formazione iniziale in Spagna"},"content":{"rendered":"\nDal 28\/11 al 1\/12 si \u00e8 svolto ad Almendros (Madrid) un <strong>incontro di Formazione iniziale. <\/strong>Ci hanno accompagnate Lola Arrieta e Cova Orejas, Suore Carmelitane della Carit\u00e0 di Vedruna che partecipano al noto Progetto di accompagnamento \u201cRuaj\u201d e sono state incaricate della presentazione del tema scelto<strong>: \u201c<\/strong><em>Racconto\u00a0 della propria vita, vissuta come vocazione<\/em> e di mettere alla nostra portata gli strumenti per raggiungere l'obiettivo che ci siamo prefissati all'inizio: <strong>ripensare la vita come vocazione e fare memoria del passato prossimo, tenendolo nei nostri cuori e aprendoci al futuro con gratitudine e fiducia<em>.<\/em><\/strong><\/p> <p style=\"text-align: justify;\">Attraverso una linea immaginaria che rappresentava gli anni di appartenenza alla Compagnia, abbiamo indicato i punti di flesso, i momenti che hanno generato tristezza, gioia, confusione,\u00a0 disagio ..., alcuni di essi immagazzinati nel bagaglio di ci\u00f2, di cui non si parla, ma che ci hanno resi come siamo oggi. \u00c8 stato molto costruttivo condividere in coppia la rilettura che ognuna di noi aveva fatto, per condividerla in seguito con il gruppo. Siamo state anche invitate a prendere coscienza di dove stavamo andando e di rilevare quelle preoccupazioni e difficolt\u00e0 che ci impensierivano.<\/p> <p style=\"text-align: justify;\"><img loading=\"lazy\" decoding=\"async\" width=\"240\" height=\"300\" class=\"alignright size-medium wp-image-40159\" src=\"https:\/\/filles-de-la-charite.org\/wp-content\/uploads\/2023\/06\/191228-formacion-4-240x300.jpg\" alt=\"\">Abbiamo fatto un altro passo avanti nelle mani di un testimone, formato dal Signore, Isaia \u201c<em>Eccomi manda me<\/em>\u201d (Isaia 6,8), e in linea con il testo abbiamo approfondito l'itinerario pedagogico, in particolare nei 3 elementi che devono essere presi in considerazione, per vivere la vita in chiave vocazionale: <strong>esperienza teofanica, procedimento di consacrazione che ci ha formato e l\u2019invio in missione.<\/strong><\/p> <p style=\"text-align: justify;\">Con il desiderio di vivere pi\u00f9 radicate e connesse a Lui, ossia,\u00a0 di vivere la vita con coscienza, come missione, iniziamo la giornata camminando insieme per la <strong>Via degli Impegni\u00a0<\/strong>in cui approfondiamo la premessa che \u201c<strong><em>Essere adulti si definisce, tra l'altro, attraverso la capacit\u00e0 di lavorare<\/em>\u201d<em>ricordandoci che i compiti non sono la missione<\/em><\/strong>; il Luogo delle Motivazioni, in cui abbiamo scoperto che \"<em>ci\u00f2 che facciamo \u00e8 importante, ma ancora di pi\u00f9, ci\u00f2 che ci muove, in ci\u00f2 che facciamo<\/em>\" e quanto sia importante identificare le motivazioni primarie per migliorare la loro gestione e alimentare quelle secondarie che ci spingono a fare, quanto facciamo; il luogo pi\u00f9 importante, dove siamo state incoraggiate a chiedere il dono dello Spirito, per camminare verso un <strong><em>processo di riunificazione e \"vivere la vita come missione\" e la prossimit\u00e0 e il luogo della Fraternit\u00e0 per vivere in un atteggiamento di figlie e di sorelle.<\/em><\/strong><\/p> \u00a0 <p style=\"text-align: justify;\"><img loading=\"lazy\" decoding=\"async\" width=\"300\" height=\"300\" class=\"alignleft size-medium wp-image-40160\" src=\"https:\/\/filles-de-la-charite.org\/wp-content\/uploads\/2023\/06\/191228-formacion-5-300x300.jpg\" alt=\"\">Abbiamo dedicato la Domenica ad approfondire diversi punti di interesse particolare, che durante i nostri interventi hanno evidenziato una preoccupazione o inquietudine nel nostro cammino vocazionale<strong>: <em>testimoni confusi<\/em><\/strong><em> che intraprendono altri percorsi, che sono mediazioni, per guardare Ges\u00f9, <\/em><strong>difficolt\u00e0 nell'integrare la vita come missione<\/strong><em>, <strong>necessit\u00e0 che sono alla base delle motivazioni primarie<\/strong> e che quanto pi\u00f9 sono equilibrati, tanto meglio possiamo rispondere nel nostro impegno verso gli altri, <strong>valori che sono interessi vitali<\/strong>, relazione con Dio in tempi di avversit\u00e0, perdita di persone significative, importanza di prendere coscienza della presenza di Dio nella nostra vita, attraverso momenti di intimit\u00e0 con Lui, scoprendo la vocazione personale all'interno della vocazione comune e la difficolt\u00e0 di mettere Dio al centro della nostra vita e di separare il nostro Io.<\/em><\/p> <p style=\"text-align: justify;\">Abbiamo concluso questo magnifico incontro ringraziando Dio per quanto ci ha dato, con la convinzione di quanto sia necessario continuare ad approfondire la formazione umana per essere le Serve che il Signore vuole e di cui i Poveri hanno bisogno. Come sempre, esprimiamo anche la nostra gratitudine alle suore della casa, che ci accolgono sempre con cordialit\u00e0 e gioia.<\/p> <p style=\"text-align: right;\"><em>Suor Maria Jos\u00e9 Alias, FdC<\/em><\/p> <img loading=\"lazy\" decoding=\"async\" width=\"1280\" height=\"720\" class=\"aligncenter wp-image-40158 size-full\" src=\"https:\/\/filles-de-la-charite.org\/wp-content\/uploads\/2023\/06\/191228-formacion-3.jpg\" alt=\"\">  <img loading=\"lazy\" decoding=\"async\" width=\"1280\" height=\"720\" class=\"alignleft wp-image-40157 size-full\" src=\"https:\/\/filles-de-la-charite.org\/wp-content\/uploads\/2023\/06\/191228-formacion-2.jpg\" alt=\"\">  <img loading=\"lazy\" decoding=\"async\" width=\"1280\" height=\"720\" class=\"aligncenter size-full wp-image-40156\" src=\"https:\/\/filles-de-la-charite.org\/wp-content\/uploads\/2023\/06\/191228-formacion-1.jpg\" alt=\"\"><\/p>\n","protected":false},"excerpt":{"rendered":"<p>Dal 28\/11 al 1\/12 si \u00e8 svolto ad Almendros (Madrid) un incontro di Formazione iniziale. Ci hanno accompagnate Lola Arrieta e Cova Orejas, Suore Carmelitane della Carit\u00e0 di Vedruna che partecipano al noto Progetto di accompagnamento \u201cRuaj\u201d e sono state incaricate della presentazione del tema scelto: \u201cRacconto\u00a0 della propria vita, vissuta come vocazione e di [&hellip;]<\/p>\n","protected":false},"author":1,"featured_media":14323,"comment_status":"closed","ping_status":"closed","sticky":false,"template":"","format":"standard","meta":{"_acf_changed":false,"footnotes":"","_links_to":"","_links_to_target":""},"categories":[766],"tags":[],"class_list":["post-23050","post","type-post","status-publish","format-standard","has-post-thumbnail","hentry","category-espana-it"],"acf":[],"yoast_head":"<!-- This site is optimized with the Yoast SEO plugin v27.5 - https:\/\/yoast.com\/product\/yoast-seo-wordpress\/ -->\n<title>Incontro interprovinciale delle Suore incaricate della formazione iniziale in Spagna - Filles de la Charit\u00e9<\/title>\n<meta name=\"robots\" content=\"index, follow, max-snippet:-1, max-image-preview:large, max-video-preview:-1\" \/>\n<link rel=\"canonical\" href=\"https:\/\/filles-de-la-charite.org\/it\/interprovincial-meeting-of-initial-formation-sisters-of-spain-6\/\" \/>\n<meta property=\"og:locale\" content=\"it_IT\" \/>\n<meta property=\"og:type\" content=\"article\" \/>\n<meta property=\"og:title\" content=\"Incontro interprovinciale delle Suore incaricate della formazione iniziale in Spagna - Filles de la Charit\u00e9\" \/>\n<meta property=\"og:description\" content=\"Dal 28\/11 al 1\/12 si \u00e8 svolto ad Almendros (Madrid) un incontro di Formazione iniziale. Ci hanno accompagnate Lola Arrieta e Cova Orejas, Suore Carmelitane della Carit\u00e0 di Vedruna che partecipano al noto Progetto di accompagnamento \u201cRuaj\u201d e sono state incaricate della presentazione del tema scelto: \u201cRacconto\u00a0 della propria vita, vissuta come vocazione e di [&hellip;]\" \/>\n<meta property=\"og:url\" content=\"https:\/\/filles-de-la-charite.org\/it\/interprovincial-meeting-of-initial-formation-sisters-of-spain-6\/\" \/>\n<meta property=\"og:site_name\" content=\"Filles de la Charit\u00e9\" \/>\n<meta property=\"article:published_time\" content=\"2019-12-28T17:21:05+00:00\" \/>\n<meta property=\"article:modified_time\" content=\"2024-03-17T18:00:09+00:00\" \/>\n<meta property=\"og:image\" content=\"https:\/\/filles-de-la-charite.org\/wp-content\/uploads\/2023\/06\/191228-formacion-5-1.jpg\" \/>\n\t<meta property=\"og:image:width\" content=\"1200\" \/>\n\t<meta property=\"og:image:height\" content=\"1200\" \/>\n\t<meta property=\"og:image:type\" content=\"image\/jpeg\" \/>\n<meta name=\"author\" content=\"admin\" \/>\n<meta name=\"twitter:card\" content=\"summary_large_image\" \/>\n<meta name=\"twitter:label1\" content=\"Scritto da\" \/>\n\t<meta name=\"twitter:data1\" content=\"admin\" \/>\n\t<meta name=\"twitter:label2\" content=\"Tempo di lettura stimato\" \/>\n\t<meta name=\"twitter:data2\" content=\"3 minuti\" \/>\n<script type=\"application\/ld+json\" class=\"yoast-schema-graph\">{\"@context\":\"https:\\\/\\\/schema.org\",\"@graph\":[{\"@type\":\"Article\",\"@id\":\"https:\\\/\\\/filles-de-la-charite.org\\\/it\\\/interprovincial-meeting-of-initial-formation-sisters-of-spain-6\\\/#article\",\"isPartOf\":{\"@id\":\"https:\\\/\\\/filles-de-la-charite.org\\\/it\\\/interprovincial-meeting-of-initial-formation-sisters-of-spain-6\\\/\"},\"author\":{\"name\":\"admin\",\"@id\":\"https:\\\/\\\/filles-de-la-charite.org\\\/it\\\/#\\\/schema\\\/person\\\/427567b2eccfc2dd7d206da186a1f438\"},\"headline\":\"Incontro interprovinciale delle Suore incaricate della formazione iniziale in Spagna\",\"datePublished\":\"2019-12-28T17:21:05+00:00\",\"dateModified\":\"2024-03-17T18:00:09+00:00\",\"mainEntityOfPage\":{\"@id\":\"https:\\\/\\\/filles-de-la-charite.org\\\/it\\\/interprovincial-meeting-of-initial-formation-sisters-of-spain-6\\\/\"},\"wordCount\":594,\"publisher\":{\"@id\":\"https:\\\/\\\/filles-de-la-charite.org\\\/it\\\/#organization\"},\"image\":{\"@id\":\"https:\\\/\\\/filles-de-la-charite.org\\\/it\\\/interprovincial-meeting-of-initial-formation-sisters-of-spain-6\\\/#primaryimage\"},\"thumbnailUrl\":\"https:\\\/\\\/filles-de-la-charite.org\\\/wp-content\\\/uploads\\\/2023\\\/06\\\/191228-formacion-5-1.jpg\",\"articleSection\":[\"Spagna\"],\"inLanguage\":\"it-IT\"},{\"@type\":\"WebPage\",\"@id\":\"https:\\\/\\\/filles-de-la-charite.org\\\/it\\\/interprovincial-meeting-of-initial-formation-sisters-of-spain-6\\\/\",\"url\":\"https:\\\/\\\/filles-de-la-charite.org\\\/it\\\/interprovincial-meeting-of-initial-formation-sisters-of-spain-6\\\/\",\"name\":\"Incontro interprovinciale delle Suore incaricate della formazione iniziale in Spagna - Filles de la Charit\u00e9\",\"isPartOf\":{\"@id\":\"https:\\\/\\\/filles-de-la-charite.org\\\/it\\\/#website\"},\"primaryImageOfPage\":{\"@id\":\"https:\\\/\\\/filles-de-la-charite.org\\\/it\\\/interprovincial-meeting-of-initial-formation-sisters-of-spain-6\\\/#primaryimage\"},\"image\":{\"@id\":\"https:\\\/\\\/filles-de-la-charite.org\\\/it\\\/interprovincial-meeting-of-initial-formation-sisters-of-spain-6\\\/#primaryimage\"},\"thumbnailUrl\":\"https:\\\/\\\/filles-de-la-charite.org\\\/wp-content\\\/uploads\\\/2023\\\/06\\\/191228-formacion-5-1.jpg\",\"datePublished\":\"2019-12-28T17:21:05+00:00\",\"dateModified\":\"2024-03-17T18:00:09+00:00\",\"breadcrumb\":{\"@id\":\"https:\\\/\\\/filles-de-la-charite.org\\\/it\\\/interprovincial-meeting-of-initial-formation-sisters-of-spain-6\\\/#breadcrumb\"},\"inLanguage\":\"it-IT\",\"potentialAction\":[{\"@type\":\"ReadAction\",\"target\":[\"https:\\\/\\\/filles-de-la-charite.org\\\/it\\\/interprovincial-meeting-of-initial-formation-sisters-of-spain-6\\\/\"]}]},{\"@type\":\"ImageObject\",\"inLanguage\":\"it-IT\",\"@id\":\"https:\\\/\\\/filles-de-la-charite.org\\\/it\\\/interprovincial-meeting-of-initial-formation-sisters-of-spain-6\\\/#primaryimage\",\"url\":\"https:\\\/\\\/filles-de-la-charite.org\\\/wp-content\\\/uploads\\\/2023\\\/06\\\/191228-formacion-5-1.jpg\",\"contentUrl\":\"https:\\\/\\\/filles-de-la-charite.org\\\/wp-content\\\/uploads\\\/2023\\\/06\\\/191228-formacion-5-1.jpg\",\"width\":1200,\"height\":1200},{\"@type\":\"BreadcrumbList\",\"@id\":\"https:\\\/\\\/filles-de-la-charite.org\\\/it\\\/interprovincial-meeting-of-initial-formation-sisters-of-spain-6\\\/#breadcrumb\",\"itemListElement\":[{\"@type\":\"ListItem\",\"position\":1,\"name\":\"Spagna\",\"item\":\"https:\\\/\\\/filles-de-la-charite.org\\\/it\\\/category\\\/espana-it\\\/\"},{\"@type\":\"ListItem\",\"position\":2,\"name\":\"Incontro interprovinciale delle Suore incaricate della formazione iniziale in Spagna\"}]},{\"@type\":\"WebSite\",\"@id\":\"https:\\\/\\\/filles-de-la-charite.org\\\/it\\\/#website\",\"url\":\"https:\\\/\\\/filles-de-la-charite.org\\\/it\\\/\",\"name\":\"Hijas de la Caridad\",\"description\":\"L\u2019amour de J\u00e9sus nous presse \u00e0 prendre soin des personnes les plus d\u00e9munies\",\"publisher\":{\"@id\":\"https:\\\/\\\/filles-de-la-charite.org\\\/it\\\/#organization\"},\"potentialAction\":[{\"@type\":\"SearchAction\",\"target\":{\"@type\":\"EntryPoint\",\"urlTemplate\":\"https:\\\/\\\/filles-de-la-charite.org\\\/it\\\/?s={search_term_string}\"},\"query-input\":{\"@type\":\"PropertyValueSpecification\",\"valueRequired\":true,\"valueName\":\"search_term_string\"}}],\"inLanguage\":\"it-IT\"},{\"@type\":\"Organization\",\"@id\":\"https:\\\/\\\/filles-de-la-charite.org\\\/it\\\/#organization\",\"name\":\"Hijas de la Caridad\",\"url\":\"https:\\\/\\\/filles-de-la-charite.org\\\/it\\\/\",\"logo\":{\"@type\":\"ImageObject\",\"inLanguage\":\"it-IT\",\"@id\":\"https:\\\/\\\/filles-de-la-charite.org\\\/it\\\/#\\\/schema\\\/logo\\\/image\\\/\",\"url\":\"https:\\\/\\\/filles-de-la-charite.org\\\/wp-content\\\/uploads\\\/2023\\\/03\\\/isotipo-Hijas-de-la-Caridad.png\",\"contentUrl\":\"https:\\\/\\\/filles-de-la-charite.org\\\/wp-content\\\/uploads\\\/2023\\\/03\\\/isotipo-Hijas-de-la-Caridad.png\",\"width\":1417,\"height\":1417,\"caption\":\"Hijas de la Caridad\"},\"image\":{\"@id\":\"https:\\\/\\\/filles-de-la-charite.org\\\/it\\\/#\\\/schema\\\/logo\\\/image\\\/\"}},{\"@type\":\"Person\",\"@id\":\"https:\\\/\\\/filles-de-la-charite.org\\\/it\\\/#\\\/schema\\\/person\\\/427567b2eccfc2dd7d206da186a1f438\",\"name\":\"admin\",\"image\":{\"@type\":\"ImageObject\",\"inLanguage\":\"it-IT\",\"@id\":\"https:\\\/\\\/secure.gravatar.com\\\/avatar\\\/948b492cce32b586ac2db0eaa926ee87024f7afe218d73b397ea5ddfc5f43ea1?s=96&d=mm&r=g\",\"url\":\"https:\\\/\\\/secure.gravatar.com\\\/avatar\\\/948b492cce32b586ac2db0eaa926ee87024f7afe218d73b397ea5ddfc5f43ea1?s=96&d=mm&r=g\",\"contentUrl\":\"https:\\\/\\\/secure.gravatar.com\\\/avatar\\\/948b492cce32b586ac2db0eaa926ee87024f7afe218d73b397ea5ddfc5f43ea1?s=96&d=mm&r=g\",\"caption\":\"admin\"},\"sameAs\":[\"https:\\\/\\\/filles-de-la-charite.org\"],\"url\":\"https:\\\/\\\/filles-de-la-charite.org\\\/it\\\/author\\\/caridad\\\/\"}]}<\/script>\n<!-- \/ Yoast SEO plugin. -->","yoast_head_json":{"title":"Incontro interprovinciale delle Suore incaricate della formazione iniziale in Spagna - Filles de la Charit\u00e9","robots":{"index":"index","follow":"follow","max-snippet":"max-snippet:-1","max-image-preview":"max-image-preview:large","max-video-preview":"max-video-preview:-1"},"canonical":"https:\/\/filles-de-la-charite.org\/it\/interprovincial-meeting-of-initial-formation-sisters-of-spain-6\/","og_locale":"it_IT","og_type":"article","og_title":"Incontro interprovinciale delle Suore incaricate della formazione iniziale in Spagna - Filles de la Charit\u00e9","og_description":"Dal 28\/11 al 1\/12 si \u00e8 svolto ad Almendros (Madrid) un incontro di Formazione iniziale. Ci hanno accompagnate Lola Arrieta e Cova Orejas, Suore Carmelitane della Carit\u00e0 di Vedruna che partecipano al noto Progetto di accompagnamento \u201cRuaj\u201d e sono state incaricate della presentazione del tema scelto: \u201cRacconto\u00a0 della propria vita, vissuta come vocazione e di [&hellip;]","og_url":"https:\/\/filles-de-la-charite.org\/it\/interprovincial-meeting-of-initial-formation-sisters-of-spain-6\/","og_site_name":"Filles de la Charit\u00e9","article_published_time":"2019-12-28T17:21:05+00:00","article_modified_time":"2024-03-17T18:00:09+00:00","og_image":[{"width":1200,"height":1200,"url":"https:\/\/filles-de-la-charite.org\/wp-content\/uploads\/2023\/06\/191228-formacion-5-1.jpg","type":"image\/jpeg"}],"author":"admin","twitter_card":"summary_large_image","twitter_misc":{"Scritto da":"admin","Tempo di lettura stimato":"3 minuti"},"schema":{"@context":"https:\/\/schema.org","@graph":[{"@type":"Article","@id":"https:\/\/filles-de-la-charite.org\/it\/interprovincial-meeting-of-initial-formation-sisters-of-spain-6\/#article","isPartOf":{"@id":"https:\/\/filles-de-la-charite.org\/it\/interprovincial-meeting-of-initial-formation-sisters-of-spain-6\/"},"author":{"name":"admin","@id":"https:\/\/filles-de-la-charite.org\/it\/#\/schema\/person\/427567b2eccfc2dd7d206da186a1f438"},"headline":"Incontro interprovinciale delle Suore incaricate della formazione iniziale in Spagna","datePublished":"2019-12-28T17:21:05+00:00","dateModified":"2024-03-17T18:00:09+00:00","mainEntityOfPage":{"@id":"https:\/\/filles-de-la-charite.org\/it\/interprovincial-meeting-of-initial-formation-sisters-of-spain-6\/"},"wordCount":594,"publisher":{"@id":"https:\/\/filles-de-la-charite.org\/it\/#organization"},"image":{"@id":"https:\/\/filles-de-la-charite.org\/it\/interprovincial-meeting-of-initial-formation-sisters-of-spain-6\/#primaryimage"},"thumbnailUrl":"https:\/\/filles-de-la-charite.org\/wp-content\/uploads\/2023\/06\/191228-formacion-5-1.jpg","articleSection":["Spagna"],"inLanguage":"it-IT"},{"@type":"WebPage","@id":"https:\/\/filles-de-la-charite.org\/it\/interprovincial-meeting-of-initial-formation-sisters-of-spain-6\/","url":"https:\/\/filles-de-la-charite.org\/it\/interprovincial-meeting-of-initial-formation-sisters-of-spain-6\/","name":"Incontro interprovinciale delle Suore incaricate della formazione iniziale in Spagna - Filles de la Charit\u00e9","isPartOf":{"@id":"https:\/\/filles-de-la-charite.org\/it\/#website"},"primaryImageOfPage":{"@id":"https:\/\/filles-de-la-charite.org\/it\/interprovincial-meeting-of-initial-formation-sisters-of-spain-6\/#primaryimage"},"image":{"@id":"https:\/\/filles-de-la-charite.org\/it\/interprovincial-meeting-of-initial-formation-sisters-of-spain-6\/#primaryimage"},"thumbnailUrl":"https:\/\/filles-de-la-charite.org\/wp-content\/uploads\/2023\/06\/191228-formacion-5-1.jpg","datePublished":"2019-12-28T17:21:05+00:00","dateModified":"2024-03-17T18:00:09+00:00","breadcrumb":{"@id":"https:\/\/filles-de-la-charite.org\/it\/interprovincial-meeting-of-initial-formation-sisters-of-spain-6\/#breadcrumb"},"inLanguage":"it-IT","potentialAction":[{"@type":"ReadAction","target":["https:\/\/filles-de-la-charite.org\/it\/interprovincial-meeting-of-initial-formation-sisters-of-spain-6\/"]}]},{"@type":"ImageObject","inLanguage":"it-IT","@id":"https:\/\/filles-de-la-charite.org\/it\/interprovincial-meeting-of-initial-formation-sisters-of-spain-6\/#primaryimage","url":"https:\/\/filles-de-la-charite.org\/wp-content\/uploads\/2023\/06\/191228-formacion-5-1.jpg","contentUrl":"https:\/\/filles-de-la-charite.org\/wp-content\/uploads\/2023\/06\/191228-formacion-5-1.jpg","width":1200,"height":1200},{"@type":"BreadcrumbList","@id":"https:\/\/filles-de-la-charite.org\/it\/interprovincial-meeting-of-initial-formation-sisters-of-spain-6\/#breadcrumb","itemListElement":[{"@type":"ListItem","position":1,"name":"Spagna","item":"https:\/\/filles-de-la-charite.org\/it\/category\/espana-it\/"},{"@type":"ListItem","position":2,"name":"Incontro interprovinciale delle Suore incaricate della formazione iniziale in Spagna"}]},{"@type":"WebSite","@id":"https:\/\/filles-de-la-charite.org\/it\/#website","url":"https:\/\/filles-de-la-charite.org\/it\/","name":"Hijas de la Caridad","description":"L\u2019amour de J\u00e9sus nous presse \u00e0 prendre soin des personnes les plus d\u00e9munies","publisher":{"@id":"https:\/\/filles-de-la-charite.org\/it\/#organization"},"potentialAction":[{"@type":"SearchAction","target":{"@type":"EntryPoint","urlTemplate":"https:\/\/filles-de-la-charite.org\/it\/?s={search_term_string}"},"query-input":{"@type":"PropertyValueSpecification","valueRequired":true,"valueName":"search_term_string"}}],"inLanguage":"it-IT"},{"@type":"Organization","@id":"https:\/\/filles-de-la-charite.org\/it\/#organization","name":"Hijas de la Caridad","url":"https:\/\/filles-de-la-charite.org\/it\/","logo":{"@type":"ImageObject","inLanguage":"it-IT","@id":"https:\/\/filles-de-la-charite.org\/it\/#\/schema\/logo\/image\/","url":"https:\/\/filles-de-la-charite.org\/wp-content\/uploads\/2023\/03\/isotipo-Hijas-de-la-Caridad.png","contentUrl":"https:\/\/filles-de-la-charite.org\/wp-content\/uploads\/2023\/03\/isotipo-Hijas-de-la-Caridad.png","width":1417,"height":1417,"caption":"Hijas de la Caridad"},"image":{"@id":"https:\/\/filles-de-la-charite.org\/it\/#\/schema\/logo\/image\/"}},{"@type":"Person","@id":"https:\/\/filles-de-la-charite.org\/it\/#\/schema\/person\/427567b2eccfc2dd7d206da186a1f438","name":"admin","image":{"@type":"ImageObject","inLanguage":"it-IT","@id":"https:\/\/secure.gravatar.com\/avatar\/948b492cce32b586ac2db0eaa926ee87024f7afe218d73b397ea5ddfc5f43ea1?s=96&d=mm&r=g","url":"https:\/\/secure.gravatar.com\/avatar\/948b492cce32b586ac2db0eaa926ee87024f7afe218d73b397ea5ddfc5f43ea1?s=96&d=mm&r=g","contentUrl":"https:\/\/secure.gravatar.com\/avatar\/948b492cce32b586ac2db0eaa926ee87024f7afe218d73b397ea5ddfc5f43ea1?s=96&d=mm&r=g","caption":"admin"},"sameAs":["https:\/\/filles-de-la-charite.org"],"url":"https:\/\/filles-de-la-charite.org\/it\/author\/caridad\/"}]}},"_links":{"self":[{"href":"https:\/\/filles-de-la-charite.org\/it\/wp-json\/wp\/v2\/posts\/23050","targetHints":{"allow":["GET"]}}],"collection":[{"href":"https:\/\/filles-de-la-charite.org\/it\/wp-json\/wp\/v2\/posts"}],"about":[{"href":"https:\/\/filles-de-la-charite.org\/it\/wp-json\/wp\/v2\/types\/post"}],"author":[{"embeddable":true,"href":"https:\/\/filles-de-la-charite.org\/it\/wp-json\/wp\/v2\/users\/1"}],"replies":[{"embeddable":true,"href":"https:\/\/filles-de-la-charite.org\/it\/wp-json\/wp\/v2\/comments?post=23050"}],"version-history":[{"count":1,"href":"https:\/\/filles-de-la-charite.org\/it\/wp-json\/wp\/v2\/posts\/23050\/revisions"}],"predecessor-version":[{"id":23051,"href":"https:\/\/filles-de-la-charite.org\/it\/wp-json\/wp\/v2\/posts\/23050\/revisions\/23051"}],"wp:featuredmedia":[{"embeddable":true,"href":"https:\/\/filles-de-la-charite.org\/it\/wp-json\/wp\/v2\/media\/14323"}],"wp:attachment":[{"href":"https:\/\/filles-de-la-charite.org\/it\/wp-json\/wp\/v2\/media?parent=23050"}],"wp:term":[{"taxonomy":"category","embeddable":true,"href":"https:\/\/filles-de-la-charite.org\/it\/wp-json\/wp\/v2\/categories?post=23050"},{"taxonomy":"post_tag","embeddable":true,"href":"https:\/\/filles-de-la-charite.org\/it\/wp-json\/wp\/v2\/tags?post=23050"}],"curies":[{"name":"wp","href":"https:\/\/api.w.org\/{rel}","templated":true}]}}