{"id":23058,"date":"2020-01-13T23:36:03","date_gmt":"2020-01-13T22:36:03","guid":{"rendered":"https:\/\/hijascaridad.sjdigitaldemo.ovh\/christmas-prayer-celebration-at-san-vicente-de-paul-integral-program-6\/"},"modified":"2024-03-17T18:58:26","modified_gmt":"2024-03-17T17:58:26","slug":"christmas-prayer-celebration-at-san-vicente-de-paul-integral-program-6","status":"publish","type":"post","link":"https:\/\/filles-de-la-charite.org\/it\/christmas-prayer-celebration-at-san-vicente-de-paul-integral-program-6\/","title":{"rendered":"Preghiera di Natale &#8211; celebrazione  nel programma integrale San Vincenzo de Paoli"},"content":{"rendered":"\nIl primo Natale \u00a0della storia venne realizzato e vissuto da tutti coloro che erano\u00a0 presenti. Questo pomeriggio del Natale 2019, <strong>NOI TUTTI<\/strong> (persone che partecipano al Programma Integrale San Vincenzo de Paoli, lavoratori, volontari, Suore), <strong>pregheremo, celebreremo e ricostruiremo la Mangiatoia di Betlemme. <\/strong>Contempliamo <strong>la situazione di povert\u00e0 di Maria e Giuseppe<\/strong>, genitori di Ges\u00f9, che devono adagiare il loro Figlio in una mangiatoia, <strong>sul fieno, perch\u00e9 non c'era posto per loro.<\/strong><\/p> <p style=\"text-align: justify;\"><strong>PREPARANDO LA MANGIATOIA.<\/strong> (Una mamma protagonista del programma prepara la mangiatoia...) \"Immaginiamo\" ... \"sentiamo\" ... \"tocchiamo\" ... il luogo dove Ges\u00f9 \u00e8 nato a mezzanotte ... Pensiamo a quante volte le tenebre avvolgono la nostra vita ..., anche in quei momenti, Dio non ci lascia soli, si rende presente per rispondere alle domande sul senso della nostra esistenza: <strong>Chi sono io? Da dove vengo? Perch\u00e9 sono nato in questo tempo? Perch\u00e9 amo? Perch\u00e9 soffro? Perch\u00e9 morir\u00f2?<\/strong> Per rispondere a queste domande, <strong>Dio si \u00e8 fatto uomo. La sua vicinanza porta la luce dove ci sono le tenebre e illumina coloro che attraversano le tenebre della sofferenza\u00a0<\/strong>(cfr. Lc 1,79).<\/p> http:\/\/youtu.be\/u3-VftP_At8\u00a0 <p style=\"text-align: justify;\"><strong>CAROL<\/strong>... (cantano le Sorelle del Seminario) <strong>Ci avviciniamo ai genitori di Ges\u00f9, MARIA e GIUSEPPE. MARIA\u00a0<\/strong>contempla il figlio <strong>e lo mostra a tutti coloro che vengono a trovarlo.<\/strong> Dio ha bussato alla porta del suo cuore puro e accogliente. All'annuncio dell'angelo, che le chiedeva di essere la madre di Dio, Maria rispose<strong>: \"Sia fatto di me secondo la tua parola\" <\/strong>(Lc 1,38). <strong>Non tiene suo Figlio solo per se stessa, ma per tutti coloro che vogliono avvicinarsi a Lui.<\/strong><\/p> <p style=\"text-align: justify;\"><strong><img loading=\"lazy\" decoding=\"async\" width=\"221\" height=\"360\" class=\"alignright wp-image-40306\" src=\"https:\/\/filles-de-la-charite.org\/wp-content\/uploads\/2023\/06\/200113-Christmas-01-184x300.jpg\" alt=\"\">GIUSEPPE<\/strong>, insieme a Maria, si prende cura e protegge la sua famiglia. Quando \u00e8 stato avvertito della minaccia di Erode<strong>, non ha esitato a mettersi in viaggio e ad emigrare in Egitto<\/strong> (cfr. Mt 2,13-15). Passato il pericolo, ritorn\u00f2 con la sua famiglia a Nazareth, per continuare, insieme a Maria, ad educare Ges\u00f9.<\/p> <p style=\"text-align: justify;\"><strong>GES\u00d9\u00a0<\/strong>(Un uomo del programma porta il Bambino). <strong>Dio appare in un bambino<\/strong>. Nella debolezza e nella fragilit\u00e0, Egli nasconde il suo potere che crea e trasforma tutto. Il Dio bambino ha voluto rivelare la grandezza del suo amore, che si manifesta nel sorriso e nel raggiungere tutti. Vedendo gli occhi di coppie giovani brillare davanti al figlio appena nato, comprendiamo i sentimenti di Maria e Giuseppe che, guardando Ges\u00f9 bambino, hanno percepito la presenza di Dio nella loro vita. <strong>\"La vita \u00e8 diventata visibile\"<\/strong>(1 Gv 1,2).<\/p> <p style=\"text-align: justify;\"><strong>I PASTORI\u00a0<\/strong>(alcuni bambini del Programma si avvicinano alla Mangiatoia). Quando ai pastori \u00e8 stata annunciata la grande notizia essi \u00a0ne furono molto felici. Sono i pi\u00f9 umili e i pi\u00f9 poveri che sanno accogliere l'evento dell'Incarnazione. Coloro che non conoscono altra abbondanza se non quella del cuore.<\/p> <p style=\"text-align: justify;\"><strong>I MAGI\u00a0<\/strong>(gli operatori del programma depositano qualche ghirlanda attorno alla mangiatoia). Le figure dei tre Magi che osservano la stella, quei saggi e ricchi Signori dell'Oriente, partirono per Betlemme per incontrare Ges\u00f9 e offrirgli i loro doni: oro, incenso e mirra. <strong>L'oro onora la regalit\u00e0 di Ges\u00f9; l'incenso la sua divinit\u00e0; la mirra la sua umanit\u00e0. <\/strong>Ognuno di noi deve essere \"<strong>una buona notizia\" <\/strong>per gli altri, attraverso le nostre parole, i nostri gesti, le nostre azioni, con azioni concrete di misericordia dobbiamo manifestare la gioia di aver trovato Ges\u00f9 e il suo amore<strong>. <\/strong><\/p> <div class=\"et_pb_slider et_pb_slider_fullwidth_off et_pb_gallery_post_type\">\n\t\t\t\t<div class=\"et_pb_slides\">\n\t\t\t\t\t\n\t\t\t\t<\/div>\n\t\t\t<\/div> <p style=\"text-align: justify;\"><strong>I Magi ci insegnano che possiamo partire da lontano per raggiungere Cristo. Non si scandalizzano per la povert\u00e0 dell'ambiente; non esitano a mettersi in ginocchio e ad adorarLo.<\/strong><\/p> <p style=\"text-align: justify;\"><strong>Juli\u00e1n del Olmo (sacerdote e giornalista). Il Presepe \u00e8 pronto<\/strong>, tutti i personaggi sono presenti. Siamo smarriti. Ci \u00e8 stato dato un pezzo di carta in cui ognuno pu\u00f2 scrivere un sogno, una richiesta, un ricordo della propria infanzia... <strong>Tutti vengono a mettere il pezzo di carta con il loro sogno, il desiderio, ecc. e ad adorare il Bambino.<\/strong> Il Presepio parla dell'amore di Dio, il Dio fatto Bambino, per dirci quanto \u00e8 vicino ad ogni persona, qualunque sia la sua condizione e la sua situazione: bambino, giovane, malato, anziano,\u00a0 disoccupato, emigrante ...<\/p> <p style=\"text-align: justify;\"><strong>POESIA - STORIA DI NATALE\u00a0<\/strong>-\u00a0Questo Natale ... dite ai bambini <strong>che \u00e8 un peccato gettare il cibo nella spazzatura mentre milioni di persone soffrono la fame.<\/strong><\/p> <p style=\"text-align: justify;\">Dite loro ... <strong>che le risorse del Pianeta e dei nostri \u00a0genitori sono limitate e devono essere gestite bene,<\/strong>per garantire il loro e il nostro futuro.<\/p> <p style=\"text-align: justify;\">Dite loro ... <strong>... che non \u00e8 il pi\u00f9 felice chi ha di pi\u00f9 ma chi ha bisogno di meno.<\/strong><\/p> <p style=\"text-align: justify;\">Dite loro ... <strong>che le persone che si prendono cura degli anziani sono emigranti e che dobbiamo ringraziarli per il servizio che ci rendono.<\/strong><\/p> <p style=\"text-align: justify;\">Dite loro ... <strong>che cosa festeggiamo a Natale: CHE GES\u00d9, IL FIGLIO DI DIO, \u00c8 VENUTO DAL CIELO SULLA TERRA PER ESSERE IL NOSTRO MIGLIORE AMICO.<\/strong><\/p> <p style=\"text-align: justify;\"><strong>Raccontatelo ai bambini!\u00a0<\/strong>(Il sacerdote presenta il BAMBINO GES\u00d9 a tutta la cappella per adorarLo).<\/p> <div class=\"et_pb_slider et_pb_slider_fullwidth_off et_pb_gallery_post_type\">\n\t\t\t\t<div class=\"et_pb_slides\">\n\t\t\t\t\t\n\t\t\t\t<\/div>\n\t\t\t<\/div><\/p>\n","protected":false},"excerpt":{"rendered":"<p>Il primo Natale \u00a0della storia venne realizzato e vissuto da tutti coloro che erano\u00a0 presenti. Questo pomeriggio del Natale 2019, NOI TUTTI (persone che partecipano al Programma Integrale San Vincenzo de Paoli, lavoratori, volontari, Suore), pregheremo, celebreremo e ricostruiremo la Mangiatoia di Betlemme. Contempliamo la situazione di povert\u00e0 di Maria e Giuseppe, genitori di Ges\u00f9, [&hellip;]<\/p>\n","protected":false},"author":1,"featured_media":14337,"comment_status":"closed","ping_status":"closed","sticky":false,"template":"","format":"standard","meta":{"_acf_changed":false,"footnotes":"","_links_to":"","_links_to_target":""},"categories":[813],"tags":[],"class_list":["post-23058","post","type-post","status-publish","format-standard","has-post-thumbnail","hentry","category-madrid-santa-luisa-it"],"acf":[],"yoast_head":"<!-- This site is optimized with the Yoast SEO plugin v27.5 - https:\/\/yoast.com\/product\/yoast-seo-wordpress\/ -->\n<title>Preghiera di Natale - celebrazione nel programma integrale San Vincenzo de Paoli - Filles de la Charit\u00e9<\/title>\n<meta name=\"robots\" content=\"index, follow, max-snippet:-1, max-image-preview:large, max-video-preview:-1\" \/>\n<link rel=\"canonical\" href=\"https:\/\/filles-de-la-charite.org\/it\/christmas-prayer-celebration-at-san-vicente-de-paul-integral-program-6\/\" \/>\n<meta property=\"og:locale\" content=\"it_IT\" \/>\n<meta property=\"og:type\" content=\"article\" \/>\n<meta property=\"og:title\" content=\"Preghiera di Natale - celebrazione nel programma integrale San Vincenzo de Paoli - Filles de la Charit\u00e9\" \/>\n<meta property=\"og:description\" content=\"Il primo Natale \u00a0della storia venne realizzato e vissuto da tutti coloro che erano\u00a0 presenti. Questo pomeriggio del Natale 2019, NOI TUTTI (persone che partecipano al Programma Integrale San Vincenzo de Paoli, lavoratori, volontari, Suore), pregheremo, celebreremo e ricostruiremo la Mangiatoia di Betlemme. Contempliamo la situazione di povert\u00e0 di Maria e Giuseppe, genitori di Ges\u00f9, [&hellip;]\" \/>\n<meta property=\"og:url\" content=\"https:\/\/filles-de-la-charite.org\/it\/christmas-prayer-celebration-at-san-vicente-de-paul-integral-program-6\/\" \/>\n<meta property=\"og:site_name\" content=\"Filles de la Charit\u00e9\" \/>\n<meta property=\"article:published_time\" content=\"2020-01-13T22:36:03+00:00\" \/>\n<meta property=\"article:modified_time\" content=\"2024-03-17T17:58:26+00:00\" \/>\n<meta property=\"og:image\" content=\"https:\/\/filles-de-la-charite.org\/wp-content\/uploads\/2023\/06\/200113-Christmas-thmb-300x200-1.jpg\" \/>\n\t<meta property=\"og:image:width\" content=\"300\" \/>\n\t<meta property=\"og:image:height\" content=\"200\" \/>\n\t<meta property=\"og:image:type\" content=\"image\/jpeg\" \/>\n<meta name=\"author\" content=\"admin\" \/>\n<meta name=\"twitter:card\" content=\"summary_large_image\" \/>\n<meta name=\"twitter:label1\" content=\"Scritto da\" \/>\n\t<meta name=\"twitter:data1\" content=\"admin\" \/>\n\t<meta name=\"twitter:label2\" content=\"Tempo di lettura stimato\" \/>\n\t<meta name=\"twitter:data2\" content=\"5 minuti\" \/>\n<script type=\"application\/ld+json\" class=\"yoast-schema-graph\">{\"@context\":\"https:\\\/\\\/schema.org\",\"@graph\":[{\"@type\":\"Article\",\"@id\":\"https:\\\/\\\/filles-de-la-charite.org\\\/it\\\/christmas-prayer-celebration-at-san-vicente-de-paul-integral-program-6\\\/#article\",\"isPartOf\":{\"@id\":\"https:\\\/\\\/filles-de-la-charite.org\\\/it\\\/christmas-prayer-celebration-at-san-vicente-de-paul-integral-program-6\\\/\"},\"author\":{\"name\":\"admin\",\"@id\":\"https:\\\/\\\/filles-de-la-charite.org\\\/it\\\/#\\\/schema\\\/person\\\/427567b2eccfc2dd7d206da186a1f438\"},\"headline\":\"Preghiera di Natale &#8211; celebrazione nel programma integrale San Vincenzo de Paoli\",\"datePublished\":\"2020-01-13T22:36:03+00:00\",\"dateModified\":\"2024-03-17T17:58:26+00:00\",\"mainEntityOfPage\":{\"@id\":\"https:\\\/\\\/filles-de-la-charite.org\\\/it\\\/christmas-prayer-celebration-at-san-vicente-de-paul-integral-program-6\\\/\"},\"wordCount\":927,\"publisher\":{\"@id\":\"https:\\\/\\\/filles-de-la-charite.org\\\/it\\\/#organization\"},\"image\":{\"@id\":\"https:\\\/\\\/filles-de-la-charite.org\\\/it\\\/christmas-prayer-celebration-at-san-vicente-de-paul-integral-program-6\\\/#primaryimage\"},\"thumbnailUrl\":\"https:\\\/\\\/filles-de-la-charite.org\\\/wp-content\\\/uploads\\\/2023\\\/06\\\/200113-Christmas-thmb-300x200-1.jpg\",\"articleSection\":[\"Madrid - Santa Luisa\"],\"inLanguage\":\"it-IT\"},{\"@type\":\"WebPage\",\"@id\":\"https:\\\/\\\/filles-de-la-charite.org\\\/it\\\/christmas-prayer-celebration-at-san-vicente-de-paul-integral-program-6\\\/\",\"url\":\"https:\\\/\\\/filles-de-la-charite.org\\\/it\\\/christmas-prayer-celebration-at-san-vicente-de-paul-integral-program-6\\\/\",\"name\":\"Preghiera di Natale - celebrazione nel programma integrale San Vincenzo de Paoli - Filles de la Charit\u00e9\",\"isPartOf\":{\"@id\":\"https:\\\/\\\/filles-de-la-charite.org\\\/it\\\/#website\"},\"primaryImageOfPage\":{\"@id\":\"https:\\\/\\\/filles-de-la-charite.org\\\/it\\\/christmas-prayer-celebration-at-san-vicente-de-paul-integral-program-6\\\/#primaryimage\"},\"image\":{\"@id\":\"https:\\\/\\\/filles-de-la-charite.org\\\/it\\\/christmas-prayer-celebration-at-san-vicente-de-paul-integral-program-6\\\/#primaryimage\"},\"thumbnailUrl\":\"https:\\\/\\\/filles-de-la-charite.org\\\/wp-content\\\/uploads\\\/2023\\\/06\\\/200113-Christmas-thmb-300x200-1.jpg\",\"datePublished\":\"2020-01-13T22:36:03+00:00\",\"dateModified\":\"2024-03-17T17:58:26+00:00\",\"breadcrumb\":{\"@id\":\"https:\\\/\\\/filles-de-la-charite.org\\\/it\\\/christmas-prayer-celebration-at-san-vicente-de-paul-integral-program-6\\\/#breadcrumb\"},\"inLanguage\":\"it-IT\",\"potentialAction\":[{\"@type\":\"ReadAction\",\"target\":[\"https:\\\/\\\/filles-de-la-charite.org\\\/it\\\/christmas-prayer-celebration-at-san-vicente-de-paul-integral-program-6\\\/\"]}]},{\"@type\":\"ImageObject\",\"inLanguage\":\"it-IT\",\"@id\":\"https:\\\/\\\/filles-de-la-charite.org\\\/it\\\/christmas-prayer-celebration-at-san-vicente-de-paul-integral-program-6\\\/#primaryimage\",\"url\":\"https:\\\/\\\/filles-de-la-charite.org\\\/wp-content\\\/uploads\\\/2023\\\/06\\\/200113-Christmas-thmb-300x200-1.jpg\",\"contentUrl\":\"https:\\\/\\\/filles-de-la-charite.org\\\/wp-content\\\/uploads\\\/2023\\\/06\\\/200113-Christmas-thmb-300x200-1.jpg\",\"width\":300,\"height\":200},{\"@type\":\"BreadcrumbList\",\"@id\":\"https:\\\/\\\/filles-de-la-charite.org\\\/it\\\/christmas-prayer-celebration-at-san-vicente-de-paul-integral-program-6\\\/#breadcrumb\",\"itemListElement\":[{\"@type\":\"ListItem\",\"position\":1,\"name\":\"Figlie della Carit\u00e0\",\"item\":\"https:\\\/\\\/filles-de-la-charite.org\\\/it\\\/category\\\/figlie-della-carita\\\/\"},{\"@type\":\"ListItem\",\"position\":2,\"name\":\"Preghiera di Natale &#8211; celebrazione nel programma integrale San Vincenzo de Paoli\"}]},{\"@type\":\"WebSite\",\"@id\":\"https:\\\/\\\/filles-de-la-charite.org\\\/it\\\/#website\",\"url\":\"https:\\\/\\\/filles-de-la-charite.org\\\/it\\\/\",\"name\":\"Hijas de la Caridad\",\"description\":\"L\u2019amour de J\u00e9sus nous presse \u00e0 prendre soin des personnes les plus d\u00e9munies\",\"publisher\":{\"@id\":\"https:\\\/\\\/filles-de-la-charite.org\\\/it\\\/#organization\"},\"potentialAction\":[{\"@type\":\"SearchAction\",\"target\":{\"@type\":\"EntryPoint\",\"urlTemplate\":\"https:\\\/\\\/filles-de-la-charite.org\\\/it\\\/?s={search_term_string}\"},\"query-input\":{\"@type\":\"PropertyValueSpecification\",\"valueRequired\":true,\"valueName\":\"search_term_string\"}}],\"inLanguage\":\"it-IT\"},{\"@type\":\"Organization\",\"@id\":\"https:\\\/\\\/filles-de-la-charite.org\\\/it\\\/#organization\",\"name\":\"Hijas de la Caridad\",\"url\":\"https:\\\/\\\/filles-de-la-charite.org\\\/it\\\/\",\"logo\":{\"@type\":\"ImageObject\",\"inLanguage\":\"it-IT\",\"@id\":\"https:\\\/\\\/filles-de-la-charite.org\\\/it\\\/#\\\/schema\\\/logo\\\/image\\\/\",\"url\":\"https:\\\/\\\/filles-de-la-charite.org\\\/wp-content\\\/uploads\\\/2023\\\/03\\\/isotipo-Hijas-de-la-Caridad.png\",\"contentUrl\":\"https:\\\/\\\/filles-de-la-charite.org\\\/wp-content\\\/uploads\\\/2023\\\/03\\\/isotipo-Hijas-de-la-Caridad.png\",\"width\":1417,\"height\":1417,\"caption\":\"Hijas de la Caridad\"},\"image\":{\"@id\":\"https:\\\/\\\/filles-de-la-charite.org\\\/it\\\/#\\\/schema\\\/logo\\\/image\\\/\"}},{\"@type\":\"Person\",\"@id\":\"https:\\\/\\\/filles-de-la-charite.org\\\/it\\\/#\\\/schema\\\/person\\\/427567b2eccfc2dd7d206da186a1f438\",\"name\":\"admin\",\"image\":{\"@type\":\"ImageObject\",\"inLanguage\":\"it-IT\",\"@id\":\"https:\\\/\\\/secure.gravatar.com\\\/avatar\\\/948b492cce32b586ac2db0eaa926ee87024f7afe218d73b397ea5ddfc5f43ea1?s=96&d=mm&r=g\",\"url\":\"https:\\\/\\\/secure.gravatar.com\\\/avatar\\\/948b492cce32b586ac2db0eaa926ee87024f7afe218d73b397ea5ddfc5f43ea1?s=96&d=mm&r=g\",\"contentUrl\":\"https:\\\/\\\/secure.gravatar.com\\\/avatar\\\/948b492cce32b586ac2db0eaa926ee87024f7afe218d73b397ea5ddfc5f43ea1?s=96&d=mm&r=g\",\"caption\":\"admin\"},\"sameAs\":[\"https:\\\/\\\/filles-de-la-charite.org\"],\"url\":\"https:\\\/\\\/filles-de-la-charite.org\\\/it\\\/author\\\/caridad\\\/\"}]}<\/script>\n<!-- \/ Yoast SEO plugin. -->","yoast_head_json":{"title":"Preghiera di Natale - celebrazione nel programma integrale San Vincenzo de Paoli - Filles de la Charit\u00e9","robots":{"index":"index","follow":"follow","max-snippet":"max-snippet:-1","max-image-preview":"max-image-preview:large","max-video-preview":"max-video-preview:-1"},"canonical":"https:\/\/filles-de-la-charite.org\/it\/christmas-prayer-celebration-at-san-vicente-de-paul-integral-program-6\/","og_locale":"it_IT","og_type":"article","og_title":"Preghiera di Natale - celebrazione nel programma integrale San Vincenzo de Paoli - Filles de la Charit\u00e9","og_description":"Il primo Natale \u00a0della storia venne realizzato e vissuto da tutti coloro che erano\u00a0 presenti. Questo pomeriggio del Natale 2019, NOI TUTTI (persone che partecipano al Programma Integrale San Vincenzo de Paoli, lavoratori, volontari, Suore), pregheremo, celebreremo e ricostruiremo la Mangiatoia di Betlemme. Contempliamo la situazione di povert\u00e0 di Maria e Giuseppe, genitori di Ges\u00f9, [&hellip;]","og_url":"https:\/\/filles-de-la-charite.org\/it\/christmas-prayer-celebration-at-san-vicente-de-paul-integral-program-6\/","og_site_name":"Filles de la Charit\u00e9","article_published_time":"2020-01-13T22:36:03+00:00","article_modified_time":"2024-03-17T17:58:26+00:00","og_image":[{"width":300,"height":200,"url":"https:\/\/filles-de-la-charite.org\/wp-content\/uploads\/2023\/06\/200113-Christmas-thmb-300x200-1.jpg","type":"image\/jpeg"}],"author":"admin","twitter_card":"summary_large_image","twitter_misc":{"Scritto da":"admin","Tempo di lettura stimato":"5 minuti"},"schema":{"@context":"https:\/\/schema.org","@graph":[{"@type":"Article","@id":"https:\/\/filles-de-la-charite.org\/it\/christmas-prayer-celebration-at-san-vicente-de-paul-integral-program-6\/#article","isPartOf":{"@id":"https:\/\/filles-de-la-charite.org\/it\/christmas-prayer-celebration-at-san-vicente-de-paul-integral-program-6\/"},"author":{"name":"admin","@id":"https:\/\/filles-de-la-charite.org\/it\/#\/schema\/person\/427567b2eccfc2dd7d206da186a1f438"},"headline":"Preghiera di Natale &#8211; celebrazione nel programma integrale San Vincenzo de Paoli","datePublished":"2020-01-13T22:36:03+00:00","dateModified":"2024-03-17T17:58:26+00:00","mainEntityOfPage":{"@id":"https:\/\/filles-de-la-charite.org\/it\/christmas-prayer-celebration-at-san-vicente-de-paul-integral-program-6\/"},"wordCount":927,"publisher":{"@id":"https:\/\/filles-de-la-charite.org\/it\/#organization"},"image":{"@id":"https:\/\/filles-de-la-charite.org\/it\/christmas-prayer-celebration-at-san-vicente-de-paul-integral-program-6\/#primaryimage"},"thumbnailUrl":"https:\/\/filles-de-la-charite.org\/wp-content\/uploads\/2023\/06\/200113-Christmas-thmb-300x200-1.jpg","articleSection":["Madrid - Santa Luisa"],"inLanguage":"it-IT"},{"@type":"WebPage","@id":"https:\/\/filles-de-la-charite.org\/it\/christmas-prayer-celebration-at-san-vicente-de-paul-integral-program-6\/","url":"https:\/\/filles-de-la-charite.org\/it\/christmas-prayer-celebration-at-san-vicente-de-paul-integral-program-6\/","name":"Preghiera di Natale - celebrazione nel programma integrale San Vincenzo de Paoli - Filles de la Charit\u00e9","isPartOf":{"@id":"https:\/\/filles-de-la-charite.org\/it\/#website"},"primaryImageOfPage":{"@id":"https:\/\/filles-de-la-charite.org\/it\/christmas-prayer-celebration-at-san-vicente-de-paul-integral-program-6\/#primaryimage"},"image":{"@id":"https:\/\/filles-de-la-charite.org\/it\/christmas-prayer-celebration-at-san-vicente-de-paul-integral-program-6\/#primaryimage"},"thumbnailUrl":"https:\/\/filles-de-la-charite.org\/wp-content\/uploads\/2023\/06\/200113-Christmas-thmb-300x200-1.jpg","datePublished":"2020-01-13T22:36:03+00:00","dateModified":"2024-03-17T17:58:26+00:00","breadcrumb":{"@id":"https:\/\/filles-de-la-charite.org\/it\/christmas-prayer-celebration-at-san-vicente-de-paul-integral-program-6\/#breadcrumb"},"inLanguage":"it-IT","potentialAction":[{"@type":"ReadAction","target":["https:\/\/filles-de-la-charite.org\/it\/christmas-prayer-celebration-at-san-vicente-de-paul-integral-program-6\/"]}]},{"@type":"ImageObject","inLanguage":"it-IT","@id":"https:\/\/filles-de-la-charite.org\/it\/christmas-prayer-celebration-at-san-vicente-de-paul-integral-program-6\/#primaryimage","url":"https:\/\/filles-de-la-charite.org\/wp-content\/uploads\/2023\/06\/200113-Christmas-thmb-300x200-1.jpg","contentUrl":"https:\/\/filles-de-la-charite.org\/wp-content\/uploads\/2023\/06\/200113-Christmas-thmb-300x200-1.jpg","width":300,"height":200},{"@type":"BreadcrumbList","@id":"https:\/\/filles-de-la-charite.org\/it\/christmas-prayer-celebration-at-san-vicente-de-paul-integral-program-6\/#breadcrumb","itemListElement":[{"@type":"ListItem","position":1,"name":"Figlie della Carit\u00e0","item":"https:\/\/filles-de-la-charite.org\/it\/category\/figlie-della-carita\/"},{"@type":"ListItem","position":2,"name":"Preghiera di Natale &#8211; celebrazione nel programma integrale San Vincenzo de Paoli"}]},{"@type":"WebSite","@id":"https:\/\/filles-de-la-charite.org\/it\/#website","url":"https:\/\/filles-de-la-charite.org\/it\/","name":"Hijas de la Caridad","description":"L\u2019amour de J\u00e9sus nous presse \u00e0 prendre soin des personnes les plus d\u00e9munies","publisher":{"@id":"https:\/\/filles-de-la-charite.org\/it\/#organization"},"potentialAction":[{"@type":"SearchAction","target":{"@type":"EntryPoint","urlTemplate":"https:\/\/filles-de-la-charite.org\/it\/?s={search_term_string}"},"query-input":{"@type":"PropertyValueSpecification","valueRequired":true,"valueName":"search_term_string"}}],"inLanguage":"it-IT"},{"@type":"Organization","@id":"https:\/\/filles-de-la-charite.org\/it\/#organization","name":"Hijas de la Caridad","url":"https:\/\/filles-de-la-charite.org\/it\/","logo":{"@type":"ImageObject","inLanguage":"it-IT","@id":"https:\/\/filles-de-la-charite.org\/it\/#\/schema\/logo\/image\/","url":"https:\/\/filles-de-la-charite.org\/wp-content\/uploads\/2023\/03\/isotipo-Hijas-de-la-Caridad.png","contentUrl":"https:\/\/filles-de-la-charite.org\/wp-content\/uploads\/2023\/03\/isotipo-Hijas-de-la-Caridad.png","width":1417,"height":1417,"caption":"Hijas de la Caridad"},"image":{"@id":"https:\/\/filles-de-la-charite.org\/it\/#\/schema\/logo\/image\/"}},{"@type":"Person","@id":"https:\/\/filles-de-la-charite.org\/it\/#\/schema\/person\/427567b2eccfc2dd7d206da186a1f438","name":"admin","image":{"@type":"ImageObject","inLanguage":"it-IT","@id":"https:\/\/secure.gravatar.com\/avatar\/948b492cce32b586ac2db0eaa926ee87024f7afe218d73b397ea5ddfc5f43ea1?s=96&d=mm&r=g","url":"https:\/\/secure.gravatar.com\/avatar\/948b492cce32b586ac2db0eaa926ee87024f7afe218d73b397ea5ddfc5f43ea1?s=96&d=mm&r=g","contentUrl":"https:\/\/secure.gravatar.com\/avatar\/948b492cce32b586ac2db0eaa926ee87024f7afe218d73b397ea5ddfc5f43ea1?s=96&d=mm&r=g","caption":"admin"},"sameAs":["https:\/\/filles-de-la-charite.org"],"url":"https:\/\/filles-de-la-charite.org\/it\/author\/caridad\/"}]}},"_links":{"self":[{"href":"https:\/\/filles-de-la-charite.org\/it\/wp-json\/wp\/v2\/posts\/23058","targetHints":{"allow":["GET"]}}],"collection":[{"href":"https:\/\/filles-de-la-charite.org\/it\/wp-json\/wp\/v2\/posts"}],"about":[{"href":"https:\/\/filles-de-la-charite.org\/it\/wp-json\/wp\/v2\/types\/post"}],"author":[{"embeddable":true,"href":"https:\/\/filles-de-la-charite.org\/it\/wp-json\/wp\/v2\/users\/1"}],"replies":[{"embeddable":true,"href":"https:\/\/filles-de-la-charite.org\/it\/wp-json\/wp\/v2\/comments?post=23058"}],"version-history":[{"count":2,"href":"https:\/\/filles-de-la-charite.org\/it\/wp-json\/wp\/v2\/posts\/23058\/revisions"}],"predecessor-version":[{"id":23060,"href":"https:\/\/filles-de-la-charite.org\/it\/wp-json\/wp\/v2\/posts\/23058\/revisions\/23060"}],"wp:featuredmedia":[{"embeddable":true,"href":"https:\/\/filles-de-la-charite.org\/it\/wp-json\/wp\/v2\/media\/14337"}],"wp:attachment":[{"href":"https:\/\/filles-de-la-charite.org\/it\/wp-json\/wp\/v2\/media?parent=23058"}],"wp:term":[{"taxonomy":"category","embeddable":true,"href":"https:\/\/filles-de-la-charite.org\/it\/wp-json\/wp\/v2\/categories?post=23058"},{"taxonomy":"post_tag","embeddable":true,"href":"https:\/\/filles-de-la-charite.org\/it\/wp-json\/wp\/v2\/tags?post=23058"}],"curies":[{"name":"wp","href":"https:\/\/api.w.org\/{rel}","templated":true}]}}