{"id":23061,"date":"2020-02-03T23:26:38","date_gmt":"2020-02-03T22:26:38","guid":{"rendered":"https:\/\/hijascaridad.sjdigitaldemo.ovh\/first-year-in-the-interprovincial-project-in-melilla-6\/"},"modified":"2024-03-17T18:58:04","modified_gmt":"2024-03-17T17:58:04","slug":"first-year-in-the-interprovincial-project-in-melilla-6","status":"publish","type":"post","link":"https:\/\/filles-de-la-charite.org\/it\/first-year-in-the-interprovincial-project-in-melilla-6\/","title":{"rendered":"Primo anno del progetto interprovinciale a Melilla"},"content":{"rendered":"\n<p>Seguendo il messaggio del Papa \"essere una Comunit\u00e0 in cammino\", le province delle Figlie della Carit\u00e0 di Spagna si sono recate a Melilla, in Spagna, per costituire un ministero interprovinciale che si occupasse di alleviare la difficile situazione dei bambini immigrati che vivono per strada.<\/p>\n\n\n\n<p>Un anno fa, confidando nella Divina Provvidenza, 5 Figlie della Carit\u00e0 sono arrivate a Melilla con il primo compito di conoscersi, di ambientarsi e di arredare la nostra nuova casa, e di incontrare la gente.&nbsp; Padre Rafael, parroco, ci ha salutato e ci ha aiutato ad orientarci nella citt\u00e0.&nbsp;<\/p>\n\n\n\n<p>Questo primo anno \u00e8 stato uno di quelli in cui si \u00e8 seguito l'esempio di Ges\u00f9 di Nazareth che camminava per i villaggi parlando, ascoltando, confortando. Noi abbiamo iniziato a fare lo stesso.&nbsp; Abbiamo cercato i luoghi dove vivevano i \"giovani\", abbiamo incontrato le autorit\u00e0 e i collaboratori, abbiamo studiato l'arabo e il francese per aiutarci a comunicare con i bambini.<\/p>\n\n\n\n<p>Ora abbiamo un posto dove loro possono passare i pomeriggi a imparare lo spagnolo o a connettersi con le loro famiglie e i loro amici attraverso internet. Alle 21, accompagniamo un gruppo di volontari che portano cibo a tutti coloro che sono per strada (a volte non cos\u00ec giovani). A volte ci sono state fino a 100 persone.<\/p>\n\n\n\n<div class=\"wp-block-image\"><figure class=\"aligncenter size-large\"><img decoding=\"async\" src=\"https:\/\/filles-de-la-charite.org\/wp-content\/uploads\/2023\/06\/200204-Melila-3-4-768x792-1.jpg\" alt=\"\" class=\"wp-image-41084\" \/><\/figure><\/div>\n\n\n\n<p>I giovani vogliono andare nella Penisola.&nbsp;Per farlo spesso corrono grandi rischi, viaggiando sotto i camion o nascondendosi sulle barche.&nbsp; Sanno che alcuni non ce la faranno, ma corrono il rischio. A Melilla collaboriamo con la Caritas Parrocchiale visitando le famiglie, impartendo corsi di lingua e catechesi post comunione; una suora collabora nel consiglio parrocchiale, nel gruppo liturgico, ecc.<\/p>\n\n\n\n<p>Ogni giorno una suora si reca a Nador, in Marocco, per collaborare con la delegazione per l'immigrazione. Gli immigrati subsahariani vivono in questi campi e vengono serviti in montagna. Il venerd\u00ec pomeriggio visitiamo il CETI, Centro per la detenzione degli stranieri, dove incontriamo gli immigrati in cerca di asilo e in grado di spostarsi nella Penisola (molti sono arrivati in barca o hanno appena saltato la recinzione di confine).\u00a0 A volte abbiamo la gioia di incontrarli di nuovo sulle montagne del Nador o nella Penisola. Quando passano nella Penisola manteniamo i contatti con alcuni di loro.<\/p>\n\n\n\n<figure class=\"wp-block-image size-large\"><img decoding=\"async\" src=\"https:\/\/filles-de-la-charite.org\/wp-content\/uploads\/2023\/06\/200204-Melila-1-2-768x792-1.jpg\" alt=\"\" class=\"wp-image-41076\" \/><\/figure>\n\n\n\n<p>Abbiamo imparato l'importanza di darci il tempo per formare la comunit\u00e0 con rispetto e affetto. Abbiamo imparato ad avere fiducia nella Divina Provvidenza quando non sapevamo che lavoro fare. La Divina Provvidenza ci mostra ogni giorno \"COSA FARE E COME FARLO\".<\/p>\n\n\n\n<p>Mentre altri bisogni emergono, noi rispondiamo con apertura a tutto ci\u00f2 che la Divina Provvidenza ci chiede.&nbsp;Poco a poco a poco, man mano che emergono i bisogni, iniziano altre attivit\u00e0.<\/p>\n","protected":false},"excerpt":{"rendered":"<p>Seguendo il messaggio del Papa &#8220;essere una Comunit\u00e0 in cammino&#8221;, le province delle Figlie della Carit\u00e0 di Spagna si sono recate a Melilla, in Spagna, per costituire un ministero interprovinciale che si occupasse di alleviare la difficile situazione dei bambini immigrati che vivono per strada. Un anno fa, confidando nella Divina Provvidenza, 5 Figlie della [&hellip;]<\/p>\n","protected":false},"author":1,"featured_media":14357,"comment_status":"closed","ping_status":"closed","sticky":false,"template":"","format":"standard","meta":{"_acf_changed":false,"footnotes":"","_links_to":"","_links_to_target":""},"categories":[766],"tags":[],"class_list":["post-23061","post","type-post","status-publish","format-standard","has-post-thumbnail","hentry","category-espana-it"],"acf":[],"yoast_head":"<!-- This site is optimized with the Yoast SEO plugin v27.5 - https:\/\/yoast.com\/product\/yoast-seo-wordpress\/ -->\n<title>Primo anno del progetto interprovinciale a Melilla - Filles de la Charit\u00e9<\/title>\n<meta name=\"robots\" content=\"index, follow, max-snippet:-1, max-image-preview:large, max-video-preview:-1\" \/>\n<link rel=\"canonical\" href=\"https:\/\/filles-de-la-charite.org\/it\/first-year-in-the-interprovincial-project-in-melilla-6\/\" \/>\n<meta property=\"og:locale\" content=\"it_IT\" \/>\n<meta property=\"og:type\" content=\"article\" \/>\n<meta property=\"og:title\" content=\"Primo anno del progetto interprovinciale a Melilla - Filles de la Charit\u00e9\" \/>\n<meta property=\"og:description\" content=\"Seguendo il messaggio del Papa &#8220;essere una Comunit\u00e0 in cammino&#8221;, le province delle Figlie della Carit\u00e0 di Spagna si sono recate a Melilla, in Spagna, per costituire un ministero interprovinciale che si occupasse di alleviare la difficile situazione dei bambini immigrati che vivono per strada. Un anno fa, confidando nella Divina Provvidenza, 5 Figlie della [&hellip;]\" \/>\n<meta property=\"og:url\" content=\"https:\/\/filles-de-la-charite.org\/it\/first-year-in-the-interprovincial-project-in-melilla-6\/\" \/>\n<meta property=\"og:site_name\" content=\"Filles de la Charit\u00e9\" \/>\n<meta property=\"article:published_time\" content=\"2020-02-03T22:26:38+00:00\" \/>\n<meta property=\"article:modified_time\" content=\"2024-03-17T17:58:04+00:00\" \/>\n<meta property=\"og:image\" content=\"https:\/\/filles-de-la-charite.org\/wp-content\/uploads\/2023\/06\/200204-Melila-thmb.jpg\" \/>\n\t<meta property=\"og:image:width\" content=\"450\" \/>\n\t<meta property=\"og:image:height\" content=\"300\" \/>\n\t<meta property=\"og:image:type\" content=\"image\/jpeg\" \/>\n<meta name=\"author\" content=\"admin\" \/>\n<meta name=\"twitter:card\" content=\"summary_large_image\" \/>\n<meta name=\"twitter:label1\" content=\"Scritto da\" \/>\n\t<meta name=\"twitter:data1\" content=\"admin\" \/>\n\t<meta name=\"twitter:label2\" content=\"Tempo di lettura stimato\" \/>\n\t<meta name=\"twitter:data2\" content=\"2 minuti\" \/>\n<script type=\"application\/ld+json\" class=\"yoast-schema-graph\">{\"@context\":\"https:\\\/\\\/schema.org\",\"@graph\":[{\"@type\":\"Article\",\"@id\":\"https:\\\/\\\/filles-de-la-charite.org\\\/it\\\/first-year-in-the-interprovincial-project-in-melilla-6\\\/#article\",\"isPartOf\":{\"@id\":\"https:\\\/\\\/filles-de-la-charite.org\\\/it\\\/first-year-in-the-interprovincial-project-in-melilla-6\\\/\"},\"author\":{\"name\":\"admin\",\"@id\":\"https:\\\/\\\/filles-de-la-charite.org\\\/it\\\/#\\\/schema\\\/person\\\/427567b2eccfc2dd7d206da186a1f438\"},\"headline\":\"Primo anno del progetto interprovinciale a Melilla\",\"datePublished\":\"2020-02-03T22:26:38+00:00\",\"dateModified\":\"2024-03-17T17:58:04+00:00\",\"mainEntityOfPage\":{\"@id\":\"https:\\\/\\\/filles-de-la-charite.org\\\/it\\\/first-year-in-the-interprovincial-project-in-melilla-6\\\/\"},\"wordCount\":452,\"publisher\":{\"@id\":\"https:\\\/\\\/filles-de-la-charite.org\\\/it\\\/#organization\"},\"image\":{\"@id\":\"https:\\\/\\\/filles-de-la-charite.org\\\/it\\\/first-year-in-the-interprovincial-project-in-melilla-6\\\/#primaryimage\"},\"thumbnailUrl\":\"https:\\\/\\\/filles-de-la-charite.org\\\/wp-content\\\/uploads\\\/2023\\\/06\\\/200204-Melila-thmb.jpg\",\"articleSection\":[\"Spagna\"],\"inLanguage\":\"it-IT\"},{\"@type\":\"WebPage\",\"@id\":\"https:\\\/\\\/filles-de-la-charite.org\\\/it\\\/first-year-in-the-interprovincial-project-in-melilla-6\\\/\",\"url\":\"https:\\\/\\\/filles-de-la-charite.org\\\/it\\\/first-year-in-the-interprovincial-project-in-melilla-6\\\/\",\"name\":\"Primo anno del progetto interprovinciale a Melilla - Filles de la Charit\u00e9\",\"isPartOf\":{\"@id\":\"https:\\\/\\\/filles-de-la-charite.org\\\/it\\\/#website\"},\"primaryImageOfPage\":{\"@id\":\"https:\\\/\\\/filles-de-la-charite.org\\\/it\\\/first-year-in-the-interprovincial-project-in-melilla-6\\\/#primaryimage\"},\"image\":{\"@id\":\"https:\\\/\\\/filles-de-la-charite.org\\\/it\\\/first-year-in-the-interprovincial-project-in-melilla-6\\\/#primaryimage\"},\"thumbnailUrl\":\"https:\\\/\\\/filles-de-la-charite.org\\\/wp-content\\\/uploads\\\/2023\\\/06\\\/200204-Melila-thmb.jpg\",\"datePublished\":\"2020-02-03T22:26:38+00:00\",\"dateModified\":\"2024-03-17T17:58:04+00:00\",\"breadcrumb\":{\"@id\":\"https:\\\/\\\/filles-de-la-charite.org\\\/it\\\/first-year-in-the-interprovincial-project-in-melilla-6\\\/#breadcrumb\"},\"inLanguage\":\"it-IT\",\"potentialAction\":[{\"@type\":\"ReadAction\",\"target\":[\"https:\\\/\\\/filles-de-la-charite.org\\\/it\\\/first-year-in-the-interprovincial-project-in-melilla-6\\\/\"]}]},{\"@type\":\"ImageObject\",\"inLanguage\":\"it-IT\",\"@id\":\"https:\\\/\\\/filles-de-la-charite.org\\\/it\\\/first-year-in-the-interprovincial-project-in-melilla-6\\\/#primaryimage\",\"url\":\"https:\\\/\\\/filles-de-la-charite.org\\\/wp-content\\\/uploads\\\/2023\\\/06\\\/200204-Melila-thmb.jpg\",\"contentUrl\":\"https:\\\/\\\/filles-de-la-charite.org\\\/wp-content\\\/uploads\\\/2023\\\/06\\\/200204-Melila-thmb.jpg\",\"width\":450,\"height\":300},{\"@type\":\"BreadcrumbList\",\"@id\":\"https:\\\/\\\/filles-de-la-charite.org\\\/it\\\/first-year-in-the-interprovincial-project-in-melilla-6\\\/#breadcrumb\",\"itemListElement\":[{\"@type\":\"ListItem\",\"position\":1,\"name\":\"Spagna\",\"item\":\"https:\\\/\\\/filles-de-la-charite.org\\\/it\\\/category\\\/espana-it\\\/\"},{\"@type\":\"ListItem\",\"position\":2,\"name\":\"Primo anno del progetto interprovinciale a Melilla\"}]},{\"@type\":\"WebSite\",\"@id\":\"https:\\\/\\\/filles-de-la-charite.org\\\/it\\\/#website\",\"url\":\"https:\\\/\\\/filles-de-la-charite.org\\\/it\\\/\",\"name\":\"Hijas de la Caridad\",\"description\":\"L\u2019amour de J\u00e9sus nous presse \u00e0 prendre soin des personnes les plus d\u00e9munies\",\"publisher\":{\"@id\":\"https:\\\/\\\/filles-de-la-charite.org\\\/it\\\/#organization\"},\"potentialAction\":[{\"@type\":\"SearchAction\",\"target\":{\"@type\":\"EntryPoint\",\"urlTemplate\":\"https:\\\/\\\/filles-de-la-charite.org\\\/it\\\/?s={search_term_string}\"},\"query-input\":{\"@type\":\"PropertyValueSpecification\",\"valueRequired\":true,\"valueName\":\"search_term_string\"}}],\"inLanguage\":\"it-IT\"},{\"@type\":\"Organization\",\"@id\":\"https:\\\/\\\/filles-de-la-charite.org\\\/it\\\/#organization\",\"name\":\"Hijas de la Caridad\",\"url\":\"https:\\\/\\\/filles-de-la-charite.org\\\/it\\\/\",\"logo\":{\"@type\":\"ImageObject\",\"inLanguage\":\"it-IT\",\"@id\":\"https:\\\/\\\/filles-de-la-charite.org\\\/it\\\/#\\\/schema\\\/logo\\\/image\\\/\",\"url\":\"https:\\\/\\\/filles-de-la-charite.org\\\/wp-content\\\/uploads\\\/2023\\\/03\\\/isotipo-Hijas-de-la-Caridad.png\",\"contentUrl\":\"https:\\\/\\\/filles-de-la-charite.org\\\/wp-content\\\/uploads\\\/2023\\\/03\\\/isotipo-Hijas-de-la-Caridad.png\",\"width\":1417,\"height\":1417,\"caption\":\"Hijas de la Caridad\"},\"image\":{\"@id\":\"https:\\\/\\\/filles-de-la-charite.org\\\/it\\\/#\\\/schema\\\/logo\\\/image\\\/\"}},{\"@type\":\"Person\",\"@id\":\"https:\\\/\\\/filles-de-la-charite.org\\\/it\\\/#\\\/schema\\\/person\\\/427567b2eccfc2dd7d206da186a1f438\",\"name\":\"admin\",\"image\":{\"@type\":\"ImageObject\",\"inLanguage\":\"it-IT\",\"@id\":\"https:\\\/\\\/secure.gravatar.com\\\/avatar\\\/948b492cce32b586ac2db0eaa926ee87024f7afe218d73b397ea5ddfc5f43ea1?s=96&d=mm&r=g\",\"url\":\"https:\\\/\\\/secure.gravatar.com\\\/avatar\\\/948b492cce32b586ac2db0eaa926ee87024f7afe218d73b397ea5ddfc5f43ea1?s=96&d=mm&r=g\",\"contentUrl\":\"https:\\\/\\\/secure.gravatar.com\\\/avatar\\\/948b492cce32b586ac2db0eaa926ee87024f7afe218d73b397ea5ddfc5f43ea1?s=96&d=mm&r=g\",\"caption\":\"admin\"},\"sameAs\":[\"https:\\\/\\\/filles-de-la-charite.org\"],\"url\":\"https:\\\/\\\/filles-de-la-charite.org\\\/it\\\/author\\\/caridad\\\/\"}]}<\/script>\n<!-- \/ Yoast SEO plugin. -->","yoast_head_json":{"title":"Primo anno del progetto interprovinciale a Melilla - Filles de la Charit\u00e9","robots":{"index":"index","follow":"follow","max-snippet":"max-snippet:-1","max-image-preview":"max-image-preview:large","max-video-preview":"max-video-preview:-1"},"canonical":"https:\/\/filles-de-la-charite.org\/it\/first-year-in-the-interprovincial-project-in-melilla-6\/","og_locale":"it_IT","og_type":"article","og_title":"Primo anno del progetto interprovinciale a Melilla - Filles de la Charit\u00e9","og_description":"Seguendo il messaggio del Papa &#8220;essere una Comunit\u00e0 in cammino&#8221;, le province delle Figlie della Carit\u00e0 di Spagna si sono recate a Melilla, in Spagna, per costituire un ministero interprovinciale che si occupasse di alleviare la difficile situazione dei bambini immigrati che vivono per strada. Un anno fa, confidando nella Divina Provvidenza, 5 Figlie della [&hellip;]","og_url":"https:\/\/filles-de-la-charite.org\/it\/first-year-in-the-interprovincial-project-in-melilla-6\/","og_site_name":"Filles de la Charit\u00e9","article_published_time":"2020-02-03T22:26:38+00:00","article_modified_time":"2024-03-17T17:58:04+00:00","og_image":[{"width":450,"height":300,"url":"https:\/\/filles-de-la-charite.org\/wp-content\/uploads\/2023\/06\/200204-Melila-thmb.jpg","type":"image\/jpeg"}],"author":"admin","twitter_card":"summary_large_image","twitter_misc":{"Scritto da":"admin","Tempo di lettura stimato":"2 minuti"},"schema":{"@context":"https:\/\/schema.org","@graph":[{"@type":"Article","@id":"https:\/\/filles-de-la-charite.org\/it\/first-year-in-the-interprovincial-project-in-melilla-6\/#article","isPartOf":{"@id":"https:\/\/filles-de-la-charite.org\/it\/first-year-in-the-interprovincial-project-in-melilla-6\/"},"author":{"name":"admin","@id":"https:\/\/filles-de-la-charite.org\/it\/#\/schema\/person\/427567b2eccfc2dd7d206da186a1f438"},"headline":"Primo anno del progetto interprovinciale a Melilla","datePublished":"2020-02-03T22:26:38+00:00","dateModified":"2024-03-17T17:58:04+00:00","mainEntityOfPage":{"@id":"https:\/\/filles-de-la-charite.org\/it\/first-year-in-the-interprovincial-project-in-melilla-6\/"},"wordCount":452,"publisher":{"@id":"https:\/\/filles-de-la-charite.org\/it\/#organization"},"image":{"@id":"https:\/\/filles-de-la-charite.org\/it\/first-year-in-the-interprovincial-project-in-melilla-6\/#primaryimage"},"thumbnailUrl":"https:\/\/filles-de-la-charite.org\/wp-content\/uploads\/2023\/06\/200204-Melila-thmb.jpg","articleSection":["Spagna"],"inLanguage":"it-IT"},{"@type":"WebPage","@id":"https:\/\/filles-de-la-charite.org\/it\/first-year-in-the-interprovincial-project-in-melilla-6\/","url":"https:\/\/filles-de-la-charite.org\/it\/first-year-in-the-interprovincial-project-in-melilla-6\/","name":"Primo anno del progetto interprovinciale a Melilla - Filles de la Charit\u00e9","isPartOf":{"@id":"https:\/\/filles-de-la-charite.org\/it\/#website"},"primaryImageOfPage":{"@id":"https:\/\/filles-de-la-charite.org\/it\/first-year-in-the-interprovincial-project-in-melilla-6\/#primaryimage"},"image":{"@id":"https:\/\/filles-de-la-charite.org\/it\/first-year-in-the-interprovincial-project-in-melilla-6\/#primaryimage"},"thumbnailUrl":"https:\/\/filles-de-la-charite.org\/wp-content\/uploads\/2023\/06\/200204-Melila-thmb.jpg","datePublished":"2020-02-03T22:26:38+00:00","dateModified":"2024-03-17T17:58:04+00:00","breadcrumb":{"@id":"https:\/\/filles-de-la-charite.org\/it\/first-year-in-the-interprovincial-project-in-melilla-6\/#breadcrumb"},"inLanguage":"it-IT","potentialAction":[{"@type":"ReadAction","target":["https:\/\/filles-de-la-charite.org\/it\/first-year-in-the-interprovincial-project-in-melilla-6\/"]}]},{"@type":"ImageObject","inLanguage":"it-IT","@id":"https:\/\/filles-de-la-charite.org\/it\/first-year-in-the-interprovincial-project-in-melilla-6\/#primaryimage","url":"https:\/\/filles-de-la-charite.org\/wp-content\/uploads\/2023\/06\/200204-Melila-thmb.jpg","contentUrl":"https:\/\/filles-de-la-charite.org\/wp-content\/uploads\/2023\/06\/200204-Melila-thmb.jpg","width":450,"height":300},{"@type":"BreadcrumbList","@id":"https:\/\/filles-de-la-charite.org\/it\/first-year-in-the-interprovincial-project-in-melilla-6\/#breadcrumb","itemListElement":[{"@type":"ListItem","position":1,"name":"Spagna","item":"https:\/\/filles-de-la-charite.org\/it\/category\/espana-it\/"},{"@type":"ListItem","position":2,"name":"Primo anno del progetto interprovinciale a Melilla"}]},{"@type":"WebSite","@id":"https:\/\/filles-de-la-charite.org\/it\/#website","url":"https:\/\/filles-de-la-charite.org\/it\/","name":"Hijas de la Caridad","description":"L\u2019amour de J\u00e9sus nous presse \u00e0 prendre soin des personnes les plus d\u00e9munies","publisher":{"@id":"https:\/\/filles-de-la-charite.org\/it\/#organization"},"potentialAction":[{"@type":"SearchAction","target":{"@type":"EntryPoint","urlTemplate":"https:\/\/filles-de-la-charite.org\/it\/?s={search_term_string}"},"query-input":{"@type":"PropertyValueSpecification","valueRequired":true,"valueName":"search_term_string"}}],"inLanguage":"it-IT"},{"@type":"Organization","@id":"https:\/\/filles-de-la-charite.org\/it\/#organization","name":"Hijas de la Caridad","url":"https:\/\/filles-de-la-charite.org\/it\/","logo":{"@type":"ImageObject","inLanguage":"it-IT","@id":"https:\/\/filles-de-la-charite.org\/it\/#\/schema\/logo\/image\/","url":"https:\/\/filles-de-la-charite.org\/wp-content\/uploads\/2023\/03\/isotipo-Hijas-de-la-Caridad.png","contentUrl":"https:\/\/filles-de-la-charite.org\/wp-content\/uploads\/2023\/03\/isotipo-Hijas-de-la-Caridad.png","width":1417,"height":1417,"caption":"Hijas de la Caridad"},"image":{"@id":"https:\/\/filles-de-la-charite.org\/it\/#\/schema\/logo\/image\/"}},{"@type":"Person","@id":"https:\/\/filles-de-la-charite.org\/it\/#\/schema\/person\/427567b2eccfc2dd7d206da186a1f438","name":"admin","image":{"@type":"ImageObject","inLanguage":"it-IT","@id":"https:\/\/secure.gravatar.com\/avatar\/948b492cce32b586ac2db0eaa926ee87024f7afe218d73b397ea5ddfc5f43ea1?s=96&d=mm&r=g","url":"https:\/\/secure.gravatar.com\/avatar\/948b492cce32b586ac2db0eaa926ee87024f7afe218d73b397ea5ddfc5f43ea1?s=96&d=mm&r=g","contentUrl":"https:\/\/secure.gravatar.com\/avatar\/948b492cce32b586ac2db0eaa926ee87024f7afe218d73b397ea5ddfc5f43ea1?s=96&d=mm&r=g","caption":"admin"},"sameAs":["https:\/\/filles-de-la-charite.org"],"url":"https:\/\/filles-de-la-charite.org\/it\/author\/caridad\/"}]}},"_links":{"self":[{"href":"https:\/\/filles-de-la-charite.org\/it\/wp-json\/wp\/v2\/posts\/23061","targetHints":{"allow":["GET"]}}],"collection":[{"href":"https:\/\/filles-de-la-charite.org\/it\/wp-json\/wp\/v2\/posts"}],"about":[{"href":"https:\/\/filles-de-la-charite.org\/it\/wp-json\/wp\/v2\/types\/post"}],"author":[{"embeddable":true,"href":"https:\/\/filles-de-la-charite.org\/it\/wp-json\/wp\/v2\/users\/1"}],"replies":[{"embeddable":true,"href":"https:\/\/filles-de-la-charite.org\/it\/wp-json\/wp\/v2\/comments?post=23061"}],"version-history":[{"count":1,"href":"https:\/\/filles-de-la-charite.org\/it\/wp-json\/wp\/v2\/posts\/23061\/revisions"}],"predecessor-version":[{"id":23062,"href":"https:\/\/filles-de-la-charite.org\/it\/wp-json\/wp\/v2\/posts\/23061\/revisions\/23062"}],"wp:featuredmedia":[{"embeddable":true,"href":"https:\/\/filles-de-la-charite.org\/it\/wp-json\/wp\/v2\/media\/14357"}],"wp:attachment":[{"href":"https:\/\/filles-de-la-charite.org\/it\/wp-json\/wp\/v2\/media?parent=23061"}],"wp:term":[{"taxonomy":"category","embeddable":true,"href":"https:\/\/filles-de-la-charite.org\/it\/wp-json\/wp\/v2\/categories?post=23061"},{"taxonomy":"post_tag","embeddable":true,"href":"https:\/\/filles-de-la-charite.org\/it\/wp-json\/wp\/v2\/tags?post=23061"}],"curies":[{"name":"wp","href":"https:\/\/api.w.org\/{rel}","templated":true}]}}