{"id":23077,"date":"2020-02-14T11:55:44","date_gmt":"2020-02-14T10:55:44","guid":{"rendered":"https:\/\/hijascaridad.sjdigitaldemo.ovh\/vincent-helps-the-vincentian-familys-response-to-the-taal-volcano-eruption-in-the-philippines-6\/"},"modified":"2024-03-17T18:57:48","modified_gmt":"2024-03-17T17:57:48","slug":"vincent-helps-the-vincentian-familys-response-to-the-taal-volcano-eruption-in-the-philippines-6","status":"publish","type":"post","link":"https:\/\/filles-de-la-charite.org\/it\/vincent-helps-the-vincentian-familys-response-to-the-taal-volcano-eruption-in-the-philippines-6\/","title":{"rendered":"Vincenzo aiuta: la risposta della Famiglia vincenziana all\u2019eruzione del vulcano Taal nelle Filippine"},"content":{"rendered":"\nQuando il vulcano Taal ha eruttato lo scorso 12 Gennaio 2020, fra i colpiti dalla caduta di cenere c&#8217;erano due delle nostre comunit\u00e0 situate nella citt\u00e0 di Tagaytay: la Villa Santa Luisa, una casa di Ritiri delle Figlie della Carit\u00e0 e la Comunit\u00e0 del Seminario.\u00a0\nIl giorno dopo l&#8217;eruzione, le Suore hanno visitato diversi centri \u00a0di evacuazione per avere informazioni di prima mano sulla situazione degli sfollati. I dati raccolti comprendevano il numero di famiglie colpite, gli spazi disponibili nei centri di evacuazione e le necessit\u00e0 immediate degli sfollati e di coloro che lavoravano a Villa Santa Luisa, le cui famiglie sono state profondamente colpite. Questi dati sono stati presi in considerazione nella pianificazione condotta da Sr. Maria Ana Rosario G. Evidente, Visitatrice, con i membri della comunit\u00e0 di Villa Santa Luisa e le Suore Serventi della\u00a0Regione Capitale Nazionale (NCR) per discutere la risposta immediata della Provincia.<\/p> <p style=\"text-align: justify;\">La pianificazione iniziale ha portato anche alla decisione di collaborare con altri membri della Famiglia Vincenziana in quello che sarebbe stato chiamato il progetto: &#8220;Vincenzo aiuta&#8221;. I volontari sono stati inviati in diversi centri di evacuazione, ma il loro accesso limitato a questi centri per portare un sostegno psico &#8211; sociale &#8211; spirituale ha spinto la Provincia ad aprire la Comunit\u00e0 Villa Santa Luisa per accogliere persone e famiglie non registrate in nessuno dei centri di evacuazione e per fornire loro pasti, assistenza sanitaria e prodotti per l\u2019igiene, come pure per accompagnarli in questo momento nel loro percorso psico &#8211; sociale &#8211; spirituale.<\/p> <img loading=\"lazy\" decoding=\"async\" width=\"817\" height=\"613\" class=\"aligncenter size-full wp-image-40460\" src=\"https:\/\/filles-de-la-charite.org\/wp-content\/uploads\/2023\/06\/Taal-2.png\" alt=\"\"> <p style=\"text-align: justify;\">Quando la continua attivit\u00e0 del vulcano Taal, con tracce di fenditure in diversi villaggi, ha spinto il governo ad emettere un&#8217;evacuazione totale o un blocco in aree nel raggio di 14 chilometri dal centro del cratere, \u00e8 stata inclusa Villa Santa Luisa.\u00a0\u00c8 stato attivato un piano di evacuazione d&#8217;emergenza degli sfollati che erano all\u2019interno della casa e tutti sono stati portati in salvo, alcuni nelle rispettive famiglie e altri presso\u00a0centri di evacuazione registrati; le Suore e i volontari laici sono tornati a Manila. Il Rosalie Rendu Development Center, Inc. situato presso la Casa Provinciale delle Figlie della Carit\u00e0 serve ora come centro di comando della FAMIGLIA VINCENZIANA PER AIUTARE GLI EVACUATI TAALI.\u00a0\u00a0<\/p> <p style=\"text-align: justify;\">Nelle due settimane successive, il team ha deciso di lanciare l\u2019 &#8220;OPERAZIONE DI SOCCORSO MOBILE&#8221; nelle aree colpite non ancora raggiunte dall&#8217;assistenza governativa. Il team, con padre Gregorio Ba\u00f1aga, Jr. Visitatore CM, visiter\u00e0 le diverse aree per determinare come possiamo estendere il nostro amore e il nostro servizio.<\/p> <img loading=\"lazy\" decoding=\"async\" width=\"877\" height=\"952\" class=\"aligncenter size-full wp-image-40461\" src=\"https:\/\/filles-de-la-charite.org\/wp-content\/uploads\/2023\/06\/Taal-6.png\" alt=\"\"> <p style=\"text-align: justify;\">Possa Dio continuare a benedire i nostri umili sforzi per alleviare le sofferenze delle nostre sorelle e dei nostri \u00a0fratelli in situazione di crisi! Dio, la cui Provvidenza amorevole si manifesta attraverso tutti coloro che hanno aiutato, materialmente e spiritualmente, \u00e8 la nostra SOLA VERA SICUREZZA. Affidiamo tutto a Maria, Nostra Signora della Medaglia Miracolosa!<\/p> <p style=\"text-align: right;\"><i><span style=\"color: #0432ff;\">Sr. Marylou O. Espora, Figlia della Carit\u00e0<\/span><\/i> <i><span style=\"color: #0432ff;\">Coordinatrice Operazione Taal<\/span><\/i><\/p> \n<img loading=\"lazy\" decoding=\"async\" width=\"720\" height=\"540\" class=\"aligncenter size-full wp-image-40463\" src=\"https:\/\/filles-de-la-charite.org\/wp-content\/uploads\/2023\/06\/200214-Taal-5.jpg\" alt=\"\"> <img loading=\"lazy\" decoding=\"async\" width=\"512\" height=\"640\" class=\"aligncenter size-full wp-image-40462\" src=\"https:\/\/filles-de-la-charite.org\/wp-content\/uploads\/2023\/06\/200214-Taal-4.jpg\" alt=\"\"><\/p>\n","protected":false},"excerpt":{"rendered":"<p>Quando il vulcano Taal ha eruttato lo scorso 12 Gennaio 2020, fra i colpiti dalla caduta di cenere c&#8217;erano due delle nostre comunit\u00e0 situate nella citt\u00e0 di Tagaytay: la Villa Santa Luisa, una casa di Ritiri delle Figlie della Carit\u00e0 e la Comunit\u00e0 del Seminario.\u00a0 Il giorno dopo l&#8217;eruzione, le Suore hanno visitato diversi centri [&hellip;]<\/p>\n","protected":false},"author":1,"featured_media":14426,"comment_status":"closed","ping_status":"closed","sticky":false,"template":"","format":"standard","meta":{"_acf_changed":false,"_et_pb_use_builder":"","_et_pb_old_content":"","_et_gb_content_width":"","footnotes":"","_links_to":"","_links_to_target":""},"categories":[761],"tags":[],"class_list":["post-23077","post","type-post","status-publish","format-standard","has-post-thumbnail","hentry","category-santa-luisa-asia-it"],"acf":[],"yoast_head":"<!-- This site is optimized with the Yoast SEO plugin v27.4 - https:\/\/yoast.com\/product\/yoast-seo-wordpress\/ -->\n<title>Vincenzo aiuta: la risposta della Famiglia vincenziana all\u2019eruzione del vulcano Taal nelle Filippine - Filles de la Charit\u00e9<\/title>\n<meta name=\"robots\" content=\"index, follow, max-snippet:-1, max-image-preview:large, max-video-preview:-1\" \/>\n<link rel=\"canonical\" href=\"https:\/\/filles-de-la-charite.org\/it\/vincent-helps-the-vincentian-familys-response-to-the-taal-volcano-eruption-in-the-philippines-6\/\" \/>\n<meta property=\"og:locale\" content=\"it_IT\" \/>\n<meta property=\"og:type\" content=\"article\" \/>\n<meta property=\"og:title\" content=\"Vincenzo aiuta: la risposta della Famiglia vincenziana all\u2019eruzione del vulcano Taal nelle Filippine - Filles de la Charit\u00e9\" \/>\n<meta property=\"og:description\" content=\"Quando il vulcano Taal ha eruttato lo scorso 12 Gennaio 2020, fra i colpiti dalla caduta di cenere c&#8217;erano due delle nostre comunit\u00e0 situate nella citt\u00e0 di Tagaytay: la Villa Santa Luisa, una casa di Ritiri delle Figlie della Carit\u00e0 e la Comunit\u00e0 del Seminario.\u00a0 Il giorno dopo l&#8217;eruzione, le Suore hanno visitato diversi centri [&hellip;]\" \/>\n<meta property=\"og:url\" content=\"https:\/\/filles-de-la-charite.org\/it\/vincent-helps-the-vincentian-familys-response-to-the-taal-volcano-eruption-in-the-philippines-6\/\" \/>\n<meta property=\"og:site_name\" content=\"Filles de la Charit\u00e9\" \/>\n<meta property=\"article:published_time\" content=\"2020-02-14T10:55:44+00:00\" \/>\n<meta property=\"article:modified_time\" content=\"2024-03-17T17:57:48+00:00\" \/>\n<meta property=\"og:image\" content=\"https:\/\/filles-de-la-charite.org\/wp-content\/uploads\/2023\/06\/200214-Taal-6.jpg\" \/>\n\t<meta property=\"og:image:width\" content=\"640\" \/>\n\t<meta property=\"og:image:height\" content=\"640\" \/>\n\t<meta property=\"og:image:type\" content=\"image\/jpeg\" \/>\n<meta name=\"author\" content=\"admin\" \/>\n<meta name=\"twitter:card\" content=\"summary_large_image\" \/>\n<meta name=\"twitter:label1\" content=\"Scritto da\" \/>\n\t<meta name=\"twitter:data1\" content=\"admin\" \/>\n\t<meta name=\"twitter:label2\" content=\"Tempo di lettura stimato\" \/>\n\t<meta name=\"twitter:data2\" content=\"2 minuti\" \/>\n<script type=\"application\/ld+json\" class=\"yoast-schema-graph\">{\"@context\":\"https:\\\/\\\/schema.org\",\"@graph\":[{\"@type\":\"Article\",\"@id\":\"https:\\\/\\\/filles-de-la-charite.org\\\/it\\\/vincent-helps-the-vincentian-familys-response-to-the-taal-volcano-eruption-in-the-philippines-6\\\/#article\",\"isPartOf\":{\"@id\":\"https:\\\/\\\/filles-de-la-charite.org\\\/it\\\/vincent-helps-the-vincentian-familys-response-to-the-taal-volcano-eruption-in-the-philippines-6\\\/\"},\"author\":{\"name\":\"admin\",\"@id\":\"https:\\\/\\\/filles-de-la-charite.org\\\/it\\\/#\\\/schema\\\/person\\\/427567b2eccfc2dd7d206da186a1f438\"},\"headline\":\"Vincenzo aiuta: la risposta della Famiglia vincenziana all\u2019eruzione del vulcano Taal nelle Filippine\",\"datePublished\":\"2020-02-14T10:55:44+00:00\",\"dateModified\":\"2024-03-17T17:57:48+00:00\",\"mainEntityOfPage\":{\"@id\":\"https:\\\/\\\/filles-de-la-charite.org\\\/it\\\/vincent-helps-the-vincentian-familys-response-to-the-taal-volcano-eruption-in-the-philippines-6\\\/\"},\"wordCount\":494,\"publisher\":{\"@id\":\"https:\\\/\\\/filles-de-la-charite.org\\\/it\\\/#organization\"},\"image\":{\"@id\":\"https:\\\/\\\/filles-de-la-charite.org\\\/it\\\/vincent-helps-the-vincentian-familys-response-to-the-taal-volcano-eruption-in-the-philippines-6\\\/#primaryimage\"},\"thumbnailUrl\":\"https:\\\/\\\/filles-de-la-charite.org\\\/wp-content\\\/uploads\\\/2023\\\/06\\\/200214-Taal-6.jpg\",\"articleSection\":[\"Santa Luisa - Asia\"],\"inLanguage\":\"it-IT\"},{\"@type\":\"WebPage\",\"@id\":\"https:\\\/\\\/filles-de-la-charite.org\\\/it\\\/vincent-helps-the-vincentian-familys-response-to-the-taal-volcano-eruption-in-the-philippines-6\\\/\",\"url\":\"https:\\\/\\\/filles-de-la-charite.org\\\/it\\\/vincent-helps-the-vincentian-familys-response-to-the-taal-volcano-eruption-in-the-philippines-6\\\/\",\"name\":\"Vincenzo aiuta: la risposta della Famiglia vincenziana all\u2019eruzione del vulcano Taal nelle Filippine - Filles de la Charit\u00e9\",\"isPartOf\":{\"@id\":\"https:\\\/\\\/filles-de-la-charite.org\\\/it\\\/#website\"},\"primaryImageOfPage\":{\"@id\":\"https:\\\/\\\/filles-de-la-charite.org\\\/it\\\/vincent-helps-the-vincentian-familys-response-to-the-taal-volcano-eruption-in-the-philippines-6\\\/#primaryimage\"},\"image\":{\"@id\":\"https:\\\/\\\/filles-de-la-charite.org\\\/it\\\/vincent-helps-the-vincentian-familys-response-to-the-taal-volcano-eruption-in-the-philippines-6\\\/#primaryimage\"},\"thumbnailUrl\":\"https:\\\/\\\/filles-de-la-charite.org\\\/wp-content\\\/uploads\\\/2023\\\/06\\\/200214-Taal-6.jpg\",\"datePublished\":\"2020-02-14T10:55:44+00:00\",\"dateModified\":\"2024-03-17T17:57:48+00:00\",\"breadcrumb\":{\"@id\":\"https:\\\/\\\/filles-de-la-charite.org\\\/it\\\/vincent-helps-the-vincentian-familys-response-to-the-taal-volcano-eruption-in-the-philippines-6\\\/#breadcrumb\"},\"inLanguage\":\"it-IT\",\"potentialAction\":[{\"@type\":\"ReadAction\",\"target\":[\"https:\\\/\\\/filles-de-la-charite.org\\\/it\\\/vincent-helps-the-vincentian-familys-response-to-the-taal-volcano-eruption-in-the-philippines-6\\\/\"]}]},{\"@type\":\"ImageObject\",\"inLanguage\":\"it-IT\",\"@id\":\"https:\\\/\\\/filles-de-la-charite.org\\\/it\\\/vincent-helps-the-vincentian-familys-response-to-the-taal-volcano-eruption-in-the-philippines-6\\\/#primaryimage\",\"url\":\"https:\\\/\\\/filles-de-la-charite.org\\\/wp-content\\\/uploads\\\/2023\\\/06\\\/200214-Taal-6.jpg\",\"contentUrl\":\"https:\\\/\\\/filles-de-la-charite.org\\\/wp-content\\\/uploads\\\/2023\\\/06\\\/200214-Taal-6.jpg\",\"width\":640,\"height\":640},{\"@type\":\"BreadcrumbList\",\"@id\":\"https:\\\/\\\/filles-de-la-charite.org\\\/it\\\/vincent-helps-the-vincentian-familys-response-to-the-taal-volcano-eruption-in-the-philippines-6\\\/#breadcrumb\",\"itemListElement\":[{\"@type\":\"ListItem\",\"position\":1,\"name\":\"Indonesia\",\"item\":\"https:\\\/\\\/filles-de-la-charite.org\\\/it\\\/category\\\/indonesia-it\\\/\"},{\"@type\":\"ListItem\",\"position\":2,\"name\":\"Vincenzo aiuta: la risposta della Famiglia vincenziana all\u2019eruzione del vulcano Taal nelle Filippine\"}]},{\"@type\":\"WebSite\",\"@id\":\"https:\\\/\\\/filles-de-la-charite.org\\\/it\\\/#website\",\"url\":\"https:\\\/\\\/filles-de-la-charite.org\\\/it\\\/\",\"name\":\"Hijas de la Caridad\",\"description\":\"L\u2019amour de J\u00e9sus nous presse \u00e0 prendre soin des personnes les plus d\u00e9munies\",\"publisher\":{\"@id\":\"https:\\\/\\\/filles-de-la-charite.org\\\/it\\\/#organization\"},\"potentialAction\":[{\"@type\":\"SearchAction\",\"target\":{\"@type\":\"EntryPoint\",\"urlTemplate\":\"https:\\\/\\\/filles-de-la-charite.org\\\/it\\\/?s={search_term_string}\"},\"query-input\":{\"@type\":\"PropertyValueSpecification\",\"valueRequired\":true,\"valueName\":\"search_term_string\"}}],\"inLanguage\":\"it-IT\"},{\"@type\":\"Organization\",\"@id\":\"https:\\\/\\\/filles-de-la-charite.org\\\/it\\\/#organization\",\"name\":\"Hijas de la Caridad\",\"url\":\"https:\\\/\\\/filles-de-la-charite.org\\\/it\\\/\",\"logo\":{\"@type\":\"ImageObject\",\"inLanguage\":\"it-IT\",\"@id\":\"https:\\\/\\\/filles-de-la-charite.org\\\/it\\\/#\\\/schema\\\/logo\\\/image\\\/\",\"url\":\"https:\\\/\\\/filles-de-la-charite.org\\\/wp-content\\\/uploads\\\/2023\\\/03\\\/isotipo-Hijas-de-la-Caridad.png\",\"contentUrl\":\"https:\\\/\\\/filles-de-la-charite.org\\\/wp-content\\\/uploads\\\/2023\\\/03\\\/isotipo-Hijas-de-la-Caridad.png\",\"width\":1417,\"height\":1417,\"caption\":\"Hijas de la Caridad\"},\"image\":{\"@id\":\"https:\\\/\\\/filles-de-la-charite.org\\\/it\\\/#\\\/schema\\\/logo\\\/image\\\/\"}},{\"@type\":\"Person\",\"@id\":\"https:\\\/\\\/filles-de-la-charite.org\\\/it\\\/#\\\/schema\\\/person\\\/427567b2eccfc2dd7d206da186a1f438\",\"name\":\"admin\",\"image\":{\"@type\":\"ImageObject\",\"inLanguage\":\"it-IT\",\"@id\":\"https:\\\/\\\/secure.gravatar.com\\\/avatar\\\/948b492cce32b586ac2db0eaa926ee87024f7afe218d73b397ea5ddfc5f43ea1?s=96&d=mm&r=g\",\"url\":\"https:\\\/\\\/secure.gravatar.com\\\/avatar\\\/948b492cce32b586ac2db0eaa926ee87024f7afe218d73b397ea5ddfc5f43ea1?s=96&d=mm&r=g\",\"contentUrl\":\"https:\\\/\\\/secure.gravatar.com\\\/avatar\\\/948b492cce32b586ac2db0eaa926ee87024f7afe218d73b397ea5ddfc5f43ea1?s=96&d=mm&r=g\",\"caption\":\"admin\"},\"sameAs\":[\"https:\\\/\\\/filles-de-la-charite.org\"],\"url\":\"https:\\\/\\\/filles-de-la-charite.org\\\/it\\\/author\\\/caridad\\\/\"}]}<\/script>\n<!-- \/ Yoast SEO plugin. -->","yoast_head_json":{"title":"Vincenzo aiuta: la risposta della Famiglia vincenziana all\u2019eruzione del vulcano Taal nelle Filippine - Filles de la Charit\u00e9","robots":{"index":"index","follow":"follow","max-snippet":"max-snippet:-1","max-image-preview":"max-image-preview:large","max-video-preview":"max-video-preview:-1"},"canonical":"https:\/\/filles-de-la-charite.org\/it\/vincent-helps-the-vincentian-familys-response-to-the-taal-volcano-eruption-in-the-philippines-6\/","og_locale":"it_IT","og_type":"article","og_title":"Vincenzo aiuta: la risposta della Famiglia vincenziana all\u2019eruzione del vulcano Taal nelle Filippine - Filles de la Charit\u00e9","og_description":"Quando il vulcano Taal ha eruttato lo scorso 12 Gennaio 2020, fra i colpiti dalla caduta di cenere c&#8217;erano due delle nostre comunit\u00e0 situate nella citt\u00e0 di Tagaytay: la Villa Santa Luisa, una casa di Ritiri delle Figlie della Carit\u00e0 e la Comunit\u00e0 del Seminario.\u00a0 Il giorno dopo l&#8217;eruzione, le Suore hanno visitato diversi centri [&hellip;]","og_url":"https:\/\/filles-de-la-charite.org\/it\/vincent-helps-the-vincentian-familys-response-to-the-taal-volcano-eruption-in-the-philippines-6\/","og_site_name":"Filles de la Charit\u00e9","article_published_time":"2020-02-14T10:55:44+00:00","article_modified_time":"2024-03-17T17:57:48+00:00","og_image":[{"width":640,"height":640,"url":"https:\/\/filles-de-la-charite.org\/wp-content\/uploads\/2023\/06\/200214-Taal-6.jpg","type":"image\/jpeg"}],"author":"admin","twitter_card":"summary_large_image","twitter_misc":{"Scritto da":"admin","Tempo di lettura stimato":"2 minuti"},"schema":{"@context":"https:\/\/schema.org","@graph":[{"@type":"Article","@id":"https:\/\/filles-de-la-charite.org\/it\/vincent-helps-the-vincentian-familys-response-to-the-taal-volcano-eruption-in-the-philippines-6\/#article","isPartOf":{"@id":"https:\/\/filles-de-la-charite.org\/it\/vincent-helps-the-vincentian-familys-response-to-the-taal-volcano-eruption-in-the-philippines-6\/"},"author":{"name":"admin","@id":"https:\/\/filles-de-la-charite.org\/it\/#\/schema\/person\/427567b2eccfc2dd7d206da186a1f438"},"headline":"Vincenzo aiuta: la risposta della Famiglia vincenziana all\u2019eruzione del vulcano Taal nelle Filippine","datePublished":"2020-02-14T10:55:44+00:00","dateModified":"2024-03-17T17:57:48+00:00","mainEntityOfPage":{"@id":"https:\/\/filles-de-la-charite.org\/it\/vincent-helps-the-vincentian-familys-response-to-the-taal-volcano-eruption-in-the-philippines-6\/"},"wordCount":494,"publisher":{"@id":"https:\/\/filles-de-la-charite.org\/it\/#organization"},"image":{"@id":"https:\/\/filles-de-la-charite.org\/it\/vincent-helps-the-vincentian-familys-response-to-the-taal-volcano-eruption-in-the-philippines-6\/#primaryimage"},"thumbnailUrl":"https:\/\/filles-de-la-charite.org\/wp-content\/uploads\/2023\/06\/200214-Taal-6.jpg","articleSection":["Santa Luisa - Asia"],"inLanguage":"it-IT"},{"@type":"WebPage","@id":"https:\/\/filles-de-la-charite.org\/it\/vincent-helps-the-vincentian-familys-response-to-the-taal-volcano-eruption-in-the-philippines-6\/","url":"https:\/\/filles-de-la-charite.org\/it\/vincent-helps-the-vincentian-familys-response-to-the-taal-volcano-eruption-in-the-philippines-6\/","name":"Vincenzo aiuta: la risposta della Famiglia vincenziana all\u2019eruzione del vulcano Taal nelle Filippine - Filles de la Charit\u00e9","isPartOf":{"@id":"https:\/\/filles-de-la-charite.org\/it\/#website"},"primaryImageOfPage":{"@id":"https:\/\/filles-de-la-charite.org\/it\/vincent-helps-the-vincentian-familys-response-to-the-taal-volcano-eruption-in-the-philippines-6\/#primaryimage"},"image":{"@id":"https:\/\/filles-de-la-charite.org\/it\/vincent-helps-the-vincentian-familys-response-to-the-taal-volcano-eruption-in-the-philippines-6\/#primaryimage"},"thumbnailUrl":"https:\/\/filles-de-la-charite.org\/wp-content\/uploads\/2023\/06\/200214-Taal-6.jpg","datePublished":"2020-02-14T10:55:44+00:00","dateModified":"2024-03-17T17:57:48+00:00","breadcrumb":{"@id":"https:\/\/filles-de-la-charite.org\/it\/vincent-helps-the-vincentian-familys-response-to-the-taal-volcano-eruption-in-the-philippines-6\/#breadcrumb"},"inLanguage":"it-IT","potentialAction":[{"@type":"ReadAction","target":["https:\/\/filles-de-la-charite.org\/it\/vincent-helps-the-vincentian-familys-response-to-the-taal-volcano-eruption-in-the-philippines-6\/"]}]},{"@type":"ImageObject","inLanguage":"it-IT","@id":"https:\/\/filles-de-la-charite.org\/it\/vincent-helps-the-vincentian-familys-response-to-the-taal-volcano-eruption-in-the-philippines-6\/#primaryimage","url":"https:\/\/filles-de-la-charite.org\/wp-content\/uploads\/2023\/06\/200214-Taal-6.jpg","contentUrl":"https:\/\/filles-de-la-charite.org\/wp-content\/uploads\/2023\/06\/200214-Taal-6.jpg","width":640,"height":640},{"@type":"BreadcrumbList","@id":"https:\/\/filles-de-la-charite.org\/it\/vincent-helps-the-vincentian-familys-response-to-the-taal-volcano-eruption-in-the-philippines-6\/#breadcrumb","itemListElement":[{"@type":"ListItem","position":1,"name":"Indonesia","item":"https:\/\/filles-de-la-charite.org\/it\/category\/indonesia-it\/"},{"@type":"ListItem","position":2,"name":"Vincenzo aiuta: la risposta della Famiglia vincenziana all\u2019eruzione del vulcano Taal nelle Filippine"}]},{"@type":"WebSite","@id":"https:\/\/filles-de-la-charite.org\/it\/#website","url":"https:\/\/filles-de-la-charite.org\/it\/","name":"Hijas de la Caridad","description":"L\u2019amour de J\u00e9sus nous presse \u00e0 prendre soin des personnes les plus d\u00e9munies","publisher":{"@id":"https:\/\/filles-de-la-charite.org\/it\/#organization"},"potentialAction":[{"@type":"SearchAction","target":{"@type":"EntryPoint","urlTemplate":"https:\/\/filles-de-la-charite.org\/it\/?s={search_term_string}"},"query-input":{"@type":"PropertyValueSpecification","valueRequired":true,"valueName":"search_term_string"}}],"inLanguage":"it-IT"},{"@type":"Organization","@id":"https:\/\/filles-de-la-charite.org\/it\/#organization","name":"Hijas de la Caridad","url":"https:\/\/filles-de-la-charite.org\/it\/","logo":{"@type":"ImageObject","inLanguage":"it-IT","@id":"https:\/\/filles-de-la-charite.org\/it\/#\/schema\/logo\/image\/","url":"https:\/\/filles-de-la-charite.org\/wp-content\/uploads\/2023\/03\/isotipo-Hijas-de-la-Caridad.png","contentUrl":"https:\/\/filles-de-la-charite.org\/wp-content\/uploads\/2023\/03\/isotipo-Hijas-de-la-Caridad.png","width":1417,"height":1417,"caption":"Hijas de la Caridad"},"image":{"@id":"https:\/\/filles-de-la-charite.org\/it\/#\/schema\/logo\/image\/"}},{"@type":"Person","@id":"https:\/\/filles-de-la-charite.org\/it\/#\/schema\/person\/427567b2eccfc2dd7d206da186a1f438","name":"admin","image":{"@type":"ImageObject","inLanguage":"it-IT","@id":"https:\/\/secure.gravatar.com\/avatar\/948b492cce32b586ac2db0eaa926ee87024f7afe218d73b397ea5ddfc5f43ea1?s=96&d=mm&r=g","url":"https:\/\/secure.gravatar.com\/avatar\/948b492cce32b586ac2db0eaa926ee87024f7afe218d73b397ea5ddfc5f43ea1?s=96&d=mm&r=g","contentUrl":"https:\/\/secure.gravatar.com\/avatar\/948b492cce32b586ac2db0eaa926ee87024f7afe218d73b397ea5ddfc5f43ea1?s=96&d=mm&r=g","caption":"admin"},"sameAs":["https:\/\/filles-de-la-charite.org"],"url":"https:\/\/filles-de-la-charite.org\/it\/author\/caridad\/"}]}},"_links":{"self":[{"href":"https:\/\/filles-de-la-charite.org\/it\/wp-json\/wp\/v2\/posts\/23077","targetHints":{"allow":["GET"]}}],"collection":[{"href":"https:\/\/filles-de-la-charite.org\/it\/wp-json\/wp\/v2\/posts"}],"about":[{"href":"https:\/\/filles-de-la-charite.org\/it\/wp-json\/wp\/v2\/types\/post"}],"author":[{"embeddable":true,"href":"https:\/\/filles-de-la-charite.org\/it\/wp-json\/wp\/v2\/users\/1"}],"replies":[{"embeddable":true,"href":"https:\/\/filles-de-la-charite.org\/it\/wp-json\/wp\/v2\/comments?post=23077"}],"version-history":[{"count":1,"href":"https:\/\/filles-de-la-charite.org\/it\/wp-json\/wp\/v2\/posts\/23077\/revisions"}],"predecessor-version":[{"id":23078,"href":"https:\/\/filles-de-la-charite.org\/it\/wp-json\/wp\/v2\/posts\/23077\/revisions\/23078"}],"wp:featuredmedia":[{"embeddable":true,"href":"https:\/\/filles-de-la-charite.org\/it\/wp-json\/wp\/v2\/media\/14426"}],"wp:attachment":[{"href":"https:\/\/filles-de-la-charite.org\/it\/wp-json\/wp\/v2\/media?parent=23077"}],"wp:term":[{"taxonomy":"category","embeddable":true,"href":"https:\/\/filles-de-la-charite.org\/it\/wp-json\/wp\/v2\/categories?post=23077"},{"taxonomy":"post_tag","embeddable":true,"href":"https:\/\/filles-de-la-charite.org\/it\/wp-json\/wp\/v2\/tags?post=23077"}],"curies":[{"name":"wp","href":"https:\/\/api.w.org\/{rel}","templated":true}]}}