{"id":23079,"date":"2020-02-21T22:00:33","date_gmt":"2020-02-21T21:00:33","guid":{"rendered":"https:\/\/hijascaridad.sjdigitaldemo.ovh\/santa-isabel-school-of-madrid-receives-award-6\/"},"modified":"2024-03-17T18:57:31","modified_gmt":"2024-03-17T17:57:31","slug":"santa-isabel-school-of-madrid-receives-award-6","status":"publish","type":"post","link":"https:\/\/filles-de-la-charite.org\/it\/santa-isabel-school-of-madrid-receives-award-6\/","title":{"rendered":"Premio alla Scuola Santa Isabel di Madrid"},"content":{"rendered":"\n<p><p style=\"text-align: justify;\">La Scuola di Santa Isabel ha 700 studenti di 58 nazionalit\u00e0 diverse. &#8220;Solo l&#8217;1% sono spagnoli, il resto sono immigrati e provenienti da famiglie svantaggiate&#8221;. Come risultato del suo lavoro con questi profili, la <strong>Commissione Spagnola di Aiuto ai Rifugiati (CEAR)<\/strong>ha assegnato alla scuola il premio <strong>&#8220;Juan Mar\u00eda Bandr\u00e9s Shelter Actions Award&#8221;.<\/strong><\/p> <p style=\"text-align: justify;\">Gli alunni di Santa Isabel &#8220;non devono pagare nulla&#8221;. L&#8217;Amministrazione paga un contributo e il resto \u00e8 fornito dalle Suore. La Comunit\u00e0 di Madrid si occupa dei libri scolastici durante i primi tre corsi della Primaria e le Suore forniscono la divisa scolastica. I bambini &#8220;vengono spesso senza divisa e senza cibo&#8221;. La scuola, con l&#8217;aiuto della Croce Rossa, distribuisce cestini di cibo due volte alla settimana, poich\u00e9 &#8220;molti di coloro che vengono alla mensa scolastica vi prendono l&#8217;unico pasto della giornata&#8221;.<\/p> <p style=\"text-align: justify;\">Ci sono bambini che, dopo due o tre mesi, se ne vanno perch\u00e9 vengono trasferiti da organizzazioni come la CEAR&#8221;. Valutano rapidamente il loro livello e vengono assegnati a &#8220;un&#8217;equipe di consulenti che sono molto consapevoli dei bisogni dei bambini, perch\u00e9 la Scuola \u00e8 una grande famiglia&#8221;. In alcuni casi, i ragazzi non conoscono lo spagnolo, ma un gruppo di &#8220;insegnanti molto disponibili&#8221; li istruiscono a tempo pieno.<\/p> <p style=\"text-align: justify;\"><img loading=\"lazy\" decoding=\"async\" width=\"360\" height=\"360\" class=\" wp-image-40471 alignright\" src=\"https:\/\/filles-de-la-charite.org\/wp-content\/uploads\/2023\/06\/200221-Isabel-2-300x300.jpg\" alt=\"\">Gli alunni di Santa Isabel sono seguiti dal Centro per l&#8217;infanzia del Comune di Madrid. &#8220;Alcuni hanno perso i loro genitori o fratelli e vogliamo che vivano l&#8217;infanzia che non hanno potuto vivere prima. &#8220;Questa supervisione viene anche da istituzioni legate alla Chiesa, come la Fondazione Luz Casanova, che si rivolge in particolare ai bambini che subiscono violenza nelle loro case. &#8220;Tutti i bambini sono ben conosciuti e le loro famiglie collaborano su questioni di disciplina e di convivenza&#8221;. Consapevole della sua ricchezza culturale, la disciplina \u00e8 uno dei valori di questa scuola, \u00e8 fondamentale rispettare le regole affinch\u00e9 lo scambio di idee tra gli studenti sia reale.<\/p> <p style=\"text-align: justify;\"><img loading=\"lazy\" decoding=\"async\" width=\"257\" height=\"360\" class=\"alignleft wp-image-40472\" src=\"https:\/\/filles-de-la-charite.org\/wp-content\/uploads\/2023\/06\/200221-Isabel-5-214x300.jpg\" alt=\"\">Grazie a questo ambiente tranquillo, e sebbene la maggior parte degli studenti provenga dalla periferia di Madrid, le famiglie &#8220;preferiscono viaggiare in autobus e in treno e vengono in questa scuola per il suo clima di tolleranza e di accoglienza&#8221;. Molti dei genitori, hanno conseguito il diploma nel centro per adulti della scuola, vincitore nel 2005 del Primo Premio Nazionale di Beneficenza \u00a0per l&#8217;Educazione. &#8220;La scuola \u00e8 un punto di riferimento nel quartiere&#8221;.<\/p> <p style=\"text-align: justify;\"><strong>Evangelizzazione con l&#8217;esempio<\/strong><\/p> <p style=\"text-align: justify;\">La Scuola di Santa Isabel \u00e8 una scuola cattolica e, pertanto, insegna la Religione. Qualcosa che, nell&#8217;esperienza di suor Carmen Benavides, i genitori accettano indipendentemente dal loro credo. Ma al di l\u00e0 dei libri secondo l&#8217;opinione del Preside della scuola, l&#8217;evangelizzazione principale \u00e8 l&#8217;esempio. <em>&#8220;Sono figlia della Carit\u00e0 da 40 anni e servo Cristo nei poveri come ci ha chiesto San Vincenzo de&#8217; Paoli, \u00e8 l&#8217;unica cosa che mi interessa&#8221;.<\/em><\/p> <p style=\"text-align: justify;\">Suor Benavides, che \u00e8 convinta che &#8220;Cristo \u00e8 in ogni bambino&#8221;, sostiene che <em>&#8220;ogni volta che io combatto per il rispetto dei loro diritti, sto vivendo il Vangelo&#8221;. &#8220;La cosa pi\u00f9 importante \u00e8 che si sentano amati, cos\u00ec trasmetteremo l&#8217;amore di Dio&#8221;<\/em>, conclude.<\/p> <p style=\"text-align: right;\"><span style=\"color: #0000ff;\"><em>Rodrigo Moreno Quicios<\/em><\/span> <span style=\"color: #0000ff;\"> <em>Data di pubblicazione: 09 gennaio 2020<\/em><\/span><\/p> <img loading=\"lazy\" decoding=\"async\" width=\"720\" height=\"450\" class=\"aligncenter wp-image-40474 size-full\" src=\"https:\/\/filles-de-la-charite.org\/wp-content\/uploads\/2023\/06\/200221-Isabel-3.jpg\" alt=\"\"> <img loading=\"lazy\" decoding=\"async\" width=\"720\" height=\"450\" class=\"aligncenter wp-image-40475 size-full\" src=\"https:\/\/filles-de-la-charite.org\/wp-content\/uploads\/2023\/06\/200221-Isabel-4.jpg\" alt=\"\"> <img loading=\"lazy\" decoding=\"async\" width=\"720\" height=\"405\" class=\"aligncenter size-full wp-image-40473\" src=\"https:\/\/filles-de-la-charite.org\/wp-content\/uploads\/2023\/06\/200221-Isabel-1.jpg\" alt=\"\"> <img loading=\"lazy\" decoding=\"async\" width=\"720\" height=\"405\" class=\"aligncenter wp-image-40476 size-full\" src=\"https:\/\/filles-de-la-charite.org\/wp-content\/uploads\/2023\/06\/200221-Isabel-6.jpg\" alt=\"\"> <img loading=\"lazy\" decoding=\"async\" width=\"720\" height=\"600\" class=\"aligncenter size-full wp-image-40477\" src=\"https:\/\/filles-de-la-charite.org\/wp-content\/uploads\/2023\/06\/200221-Isabel-7.jpg\" alt=\"\"><\/p>\n","protected":false},"excerpt":{"rendered":"<p>La Scuola di Santa Isabel ha 700 studenti di 58 nazionalit\u00e0 diverse. &#8220;Solo l&#8217;1% sono spagnoli, il resto sono immigrati e provenienti da famiglie svantaggiate&#8221;. Come risultato del suo lavoro con questi profili, la Commissione Spagnola di Aiuto ai Rifugiati (CEAR)ha assegnato alla scuola il premio &#8220;Juan Mar\u00eda Bandr\u00e9s Shelter Actions Award&#8221;. Gli alunni di [&hellip;]<\/p>\n","protected":false},"author":1,"featured_media":14470,"comment_status":"closed","ping_status":"closed","sticky":false,"template":"","format":"standard","meta":{"_acf_changed":false,"_et_pb_use_builder":"","_et_pb_old_content":"","_et_gb_content_width":"","footnotes":"","_links_to":"","_links_to_target":""},"categories":[805],"tags":[],"class_list":["post-23079","post","type-post","status-publish","format-standard","has-post-thumbnail","hentry","category-espana-sur-it"],"acf":[],"yoast_head":"<!-- This site is optimized with the Yoast SEO plugin v27.5 - https:\/\/yoast.com\/product\/yoast-seo-wordpress\/ -->\n<title>Premio alla Scuola Santa Isabel di Madrid - Filles de la Charit\u00e9<\/title>\n<meta name=\"robots\" content=\"index, follow, max-snippet:-1, max-image-preview:large, max-video-preview:-1\" \/>\n<link rel=\"canonical\" href=\"https:\/\/filles-de-la-charite.org\/it\/santa-isabel-school-of-madrid-receives-award-6\/\" \/>\n<meta property=\"og:locale\" content=\"it_IT\" \/>\n<meta property=\"og:type\" content=\"article\" \/>\n<meta property=\"og:title\" content=\"Premio alla Scuola Santa Isabel di Madrid - Filles de la Charit\u00e9\" \/>\n<meta property=\"og:description\" content=\"La Scuola di Santa Isabel ha 700 studenti di 58 nazionalit\u00e0 diverse. &#8220;Solo l&#8217;1% sono spagnoli, il resto sono immigrati e provenienti da famiglie svantaggiate&#8221;. Come risultato del suo lavoro con questi profili, la Commissione Spagnola di Aiuto ai Rifugiati (CEAR)ha assegnato alla scuola il premio &#8220;Juan Mar\u00eda Bandr\u00e9s Shelter Actions Award&#8221;. Gli alunni di [&hellip;]\" \/>\n<meta property=\"og:url\" content=\"https:\/\/filles-de-la-charite.org\/it\/santa-isabel-school-of-madrid-receives-award-6\/\" \/>\n<meta property=\"og:site_name\" content=\"Filles de la Charit\u00e9\" \/>\n<meta property=\"article:published_time\" content=\"2020-02-21T21:00:33+00:00\" \/>\n<meta property=\"article:modified_time\" content=\"2024-03-17T17:57:31+00:00\" \/>\n<meta property=\"og:image\" content=\"https:\/\/filles-de-la-charite.org\/wp-content\/uploads\/2023\/06\/200221-Isabel-1.jpg\" \/>\n\t<meta property=\"og:image:width\" content=\"720\" \/>\n\t<meta property=\"og:image:height\" content=\"405\" \/>\n\t<meta property=\"og:image:type\" content=\"image\/jpeg\" \/>\n<meta name=\"author\" content=\"admin\" \/>\n<meta name=\"twitter:card\" content=\"summary_large_image\" \/>\n<meta name=\"twitter:label1\" content=\"Scritto da\" \/>\n\t<meta name=\"twitter:data1\" content=\"admin\" \/>\n\t<meta name=\"twitter:label2\" content=\"Tempo di lettura stimato\" \/>\n\t<meta name=\"twitter:data2\" content=\"2 minuti\" \/>\n<script type=\"application\/ld+json\" class=\"yoast-schema-graph\">{\"@context\":\"https:\\\/\\\/schema.org\",\"@graph\":[{\"@type\":\"Article\",\"@id\":\"https:\\\/\\\/filles-de-la-charite.org\\\/it\\\/santa-isabel-school-of-madrid-receives-award-6\\\/#article\",\"isPartOf\":{\"@id\":\"https:\\\/\\\/filles-de-la-charite.org\\\/it\\\/santa-isabel-school-of-madrid-receives-award-6\\\/\"},\"author\":{\"name\":\"admin\",\"@id\":\"https:\\\/\\\/filles-de-la-charite.org\\\/it\\\/#\\\/schema\\\/person\\\/427567b2eccfc2dd7d206da186a1f438\"},\"headline\":\"Premio alla Scuola Santa Isabel di Madrid\",\"datePublished\":\"2020-02-21T21:00:33+00:00\",\"dateModified\":\"2024-03-17T17:57:31+00:00\",\"mainEntityOfPage\":{\"@id\":\"https:\\\/\\\/filles-de-la-charite.org\\\/it\\\/santa-isabel-school-of-madrid-receives-award-6\\\/\"},\"wordCount\":515,\"publisher\":{\"@id\":\"https:\\\/\\\/filles-de-la-charite.org\\\/it\\\/#organization\"},\"image\":{\"@id\":\"https:\\\/\\\/filles-de-la-charite.org\\\/it\\\/santa-isabel-school-of-madrid-receives-award-6\\\/#primaryimage\"},\"thumbnailUrl\":\"https:\\\/\\\/filles-de-la-charite.org\\\/wp-content\\\/uploads\\\/2023\\\/06\\\/200221-Isabel-1.jpg\",\"articleSection\":[\"Espa\u00f1a-Sur\"],\"inLanguage\":\"it-IT\"},{\"@type\":\"WebPage\",\"@id\":\"https:\\\/\\\/filles-de-la-charite.org\\\/it\\\/santa-isabel-school-of-madrid-receives-award-6\\\/\",\"url\":\"https:\\\/\\\/filles-de-la-charite.org\\\/it\\\/santa-isabel-school-of-madrid-receives-award-6\\\/\",\"name\":\"Premio alla Scuola Santa Isabel di Madrid - Filles de la Charit\u00e9\",\"isPartOf\":{\"@id\":\"https:\\\/\\\/filles-de-la-charite.org\\\/it\\\/#website\"},\"primaryImageOfPage\":{\"@id\":\"https:\\\/\\\/filles-de-la-charite.org\\\/it\\\/santa-isabel-school-of-madrid-receives-award-6\\\/#primaryimage\"},\"image\":{\"@id\":\"https:\\\/\\\/filles-de-la-charite.org\\\/it\\\/santa-isabel-school-of-madrid-receives-award-6\\\/#primaryimage\"},\"thumbnailUrl\":\"https:\\\/\\\/filles-de-la-charite.org\\\/wp-content\\\/uploads\\\/2023\\\/06\\\/200221-Isabel-1.jpg\",\"datePublished\":\"2020-02-21T21:00:33+00:00\",\"dateModified\":\"2024-03-17T17:57:31+00:00\",\"breadcrumb\":{\"@id\":\"https:\\\/\\\/filles-de-la-charite.org\\\/it\\\/santa-isabel-school-of-madrid-receives-award-6\\\/#breadcrumb\"},\"inLanguage\":\"it-IT\",\"potentialAction\":[{\"@type\":\"ReadAction\",\"target\":[\"https:\\\/\\\/filles-de-la-charite.org\\\/it\\\/santa-isabel-school-of-madrid-receives-award-6\\\/\"]}]},{\"@type\":\"ImageObject\",\"inLanguage\":\"it-IT\",\"@id\":\"https:\\\/\\\/filles-de-la-charite.org\\\/it\\\/santa-isabel-school-of-madrid-receives-award-6\\\/#primaryimage\",\"url\":\"https:\\\/\\\/filles-de-la-charite.org\\\/wp-content\\\/uploads\\\/2023\\\/06\\\/200221-Isabel-1.jpg\",\"contentUrl\":\"https:\\\/\\\/filles-de-la-charite.org\\\/wp-content\\\/uploads\\\/2023\\\/06\\\/200221-Isabel-1.jpg\",\"width\":720,\"height\":405},{\"@type\":\"BreadcrumbList\",\"@id\":\"https:\\\/\\\/filles-de-la-charite.org\\\/it\\\/santa-isabel-school-of-madrid-receives-award-6\\\/#breadcrumb\",\"itemListElement\":[{\"@type\":\"ListItem\",\"position\":1,\"name\":\"Rio de Janeiro - Brasile\",\"item\":\"https:\\\/\\\/filles-de-la-charite.org\\\/it\\\/category\\\/rio-de-janeiro-brasile-it\\\/\"},{\"@type\":\"ListItem\",\"position\":2,\"name\":\"Premio alla Scuola Santa Isabel di Madrid\"}]},{\"@type\":\"WebSite\",\"@id\":\"https:\\\/\\\/filles-de-la-charite.org\\\/it\\\/#website\",\"url\":\"https:\\\/\\\/filles-de-la-charite.org\\\/it\\\/\",\"name\":\"Hijas de la Caridad\",\"description\":\"L\u2019amour de J\u00e9sus nous presse \u00e0 prendre soin des personnes les plus d\u00e9munies\",\"publisher\":{\"@id\":\"https:\\\/\\\/filles-de-la-charite.org\\\/it\\\/#organization\"},\"potentialAction\":[{\"@type\":\"SearchAction\",\"target\":{\"@type\":\"EntryPoint\",\"urlTemplate\":\"https:\\\/\\\/filles-de-la-charite.org\\\/it\\\/?s={search_term_string}\"},\"query-input\":{\"@type\":\"PropertyValueSpecification\",\"valueRequired\":true,\"valueName\":\"search_term_string\"}}],\"inLanguage\":\"it-IT\"},{\"@type\":\"Organization\",\"@id\":\"https:\\\/\\\/filles-de-la-charite.org\\\/it\\\/#organization\",\"name\":\"Hijas de la Caridad\",\"url\":\"https:\\\/\\\/filles-de-la-charite.org\\\/it\\\/\",\"logo\":{\"@type\":\"ImageObject\",\"inLanguage\":\"it-IT\",\"@id\":\"https:\\\/\\\/filles-de-la-charite.org\\\/it\\\/#\\\/schema\\\/logo\\\/image\\\/\",\"url\":\"https:\\\/\\\/filles-de-la-charite.org\\\/wp-content\\\/uploads\\\/2023\\\/03\\\/isotipo-Hijas-de-la-Caridad.png\",\"contentUrl\":\"https:\\\/\\\/filles-de-la-charite.org\\\/wp-content\\\/uploads\\\/2023\\\/03\\\/isotipo-Hijas-de-la-Caridad.png\",\"width\":1417,\"height\":1417,\"caption\":\"Hijas de la Caridad\"},\"image\":{\"@id\":\"https:\\\/\\\/filles-de-la-charite.org\\\/it\\\/#\\\/schema\\\/logo\\\/image\\\/\"}},{\"@type\":\"Person\",\"@id\":\"https:\\\/\\\/filles-de-la-charite.org\\\/it\\\/#\\\/schema\\\/person\\\/427567b2eccfc2dd7d206da186a1f438\",\"name\":\"admin\",\"image\":{\"@type\":\"ImageObject\",\"inLanguage\":\"it-IT\",\"@id\":\"https:\\\/\\\/secure.gravatar.com\\\/avatar\\\/948b492cce32b586ac2db0eaa926ee87024f7afe218d73b397ea5ddfc5f43ea1?s=96&d=mm&r=g\",\"url\":\"https:\\\/\\\/secure.gravatar.com\\\/avatar\\\/948b492cce32b586ac2db0eaa926ee87024f7afe218d73b397ea5ddfc5f43ea1?s=96&d=mm&r=g\",\"contentUrl\":\"https:\\\/\\\/secure.gravatar.com\\\/avatar\\\/948b492cce32b586ac2db0eaa926ee87024f7afe218d73b397ea5ddfc5f43ea1?s=96&d=mm&r=g\",\"caption\":\"admin\"},\"sameAs\":[\"https:\\\/\\\/filles-de-la-charite.org\"],\"url\":\"https:\\\/\\\/filles-de-la-charite.org\\\/it\\\/author\\\/caridad\\\/\"}]}<\/script>\n<!-- \/ Yoast SEO plugin. -->","yoast_head_json":{"title":"Premio alla Scuola Santa Isabel di Madrid - Filles de la Charit\u00e9","robots":{"index":"index","follow":"follow","max-snippet":"max-snippet:-1","max-image-preview":"max-image-preview:large","max-video-preview":"max-video-preview:-1"},"canonical":"https:\/\/filles-de-la-charite.org\/it\/santa-isabel-school-of-madrid-receives-award-6\/","og_locale":"it_IT","og_type":"article","og_title":"Premio alla Scuola Santa Isabel di Madrid - Filles de la Charit\u00e9","og_description":"La Scuola di Santa Isabel ha 700 studenti di 58 nazionalit\u00e0 diverse. &#8220;Solo l&#8217;1% sono spagnoli, il resto sono immigrati e provenienti da famiglie svantaggiate&#8221;. Come risultato del suo lavoro con questi profili, la Commissione Spagnola di Aiuto ai Rifugiati (CEAR)ha assegnato alla scuola il premio &#8220;Juan Mar\u00eda Bandr\u00e9s Shelter Actions Award&#8221;. Gli alunni di [&hellip;]","og_url":"https:\/\/filles-de-la-charite.org\/it\/santa-isabel-school-of-madrid-receives-award-6\/","og_site_name":"Filles de la Charit\u00e9","article_published_time":"2020-02-21T21:00:33+00:00","article_modified_time":"2024-03-17T17:57:31+00:00","og_image":[{"width":720,"height":405,"url":"https:\/\/filles-de-la-charite.org\/wp-content\/uploads\/2023\/06\/200221-Isabel-1.jpg","type":"image\/jpeg"}],"author":"admin","twitter_card":"summary_large_image","twitter_misc":{"Scritto da":"admin","Tempo di lettura stimato":"2 minuti"},"schema":{"@context":"https:\/\/schema.org","@graph":[{"@type":"Article","@id":"https:\/\/filles-de-la-charite.org\/it\/santa-isabel-school-of-madrid-receives-award-6\/#article","isPartOf":{"@id":"https:\/\/filles-de-la-charite.org\/it\/santa-isabel-school-of-madrid-receives-award-6\/"},"author":{"name":"admin","@id":"https:\/\/filles-de-la-charite.org\/it\/#\/schema\/person\/427567b2eccfc2dd7d206da186a1f438"},"headline":"Premio alla Scuola Santa Isabel di Madrid","datePublished":"2020-02-21T21:00:33+00:00","dateModified":"2024-03-17T17:57:31+00:00","mainEntityOfPage":{"@id":"https:\/\/filles-de-la-charite.org\/it\/santa-isabel-school-of-madrid-receives-award-6\/"},"wordCount":515,"publisher":{"@id":"https:\/\/filles-de-la-charite.org\/it\/#organization"},"image":{"@id":"https:\/\/filles-de-la-charite.org\/it\/santa-isabel-school-of-madrid-receives-award-6\/#primaryimage"},"thumbnailUrl":"https:\/\/filles-de-la-charite.org\/wp-content\/uploads\/2023\/06\/200221-Isabel-1.jpg","articleSection":["Espa\u00f1a-Sur"],"inLanguage":"it-IT"},{"@type":"WebPage","@id":"https:\/\/filles-de-la-charite.org\/it\/santa-isabel-school-of-madrid-receives-award-6\/","url":"https:\/\/filles-de-la-charite.org\/it\/santa-isabel-school-of-madrid-receives-award-6\/","name":"Premio alla Scuola Santa Isabel di Madrid - Filles de la Charit\u00e9","isPartOf":{"@id":"https:\/\/filles-de-la-charite.org\/it\/#website"},"primaryImageOfPage":{"@id":"https:\/\/filles-de-la-charite.org\/it\/santa-isabel-school-of-madrid-receives-award-6\/#primaryimage"},"image":{"@id":"https:\/\/filles-de-la-charite.org\/it\/santa-isabel-school-of-madrid-receives-award-6\/#primaryimage"},"thumbnailUrl":"https:\/\/filles-de-la-charite.org\/wp-content\/uploads\/2023\/06\/200221-Isabel-1.jpg","datePublished":"2020-02-21T21:00:33+00:00","dateModified":"2024-03-17T17:57:31+00:00","breadcrumb":{"@id":"https:\/\/filles-de-la-charite.org\/it\/santa-isabel-school-of-madrid-receives-award-6\/#breadcrumb"},"inLanguage":"it-IT","potentialAction":[{"@type":"ReadAction","target":["https:\/\/filles-de-la-charite.org\/it\/santa-isabel-school-of-madrid-receives-award-6\/"]}]},{"@type":"ImageObject","inLanguage":"it-IT","@id":"https:\/\/filles-de-la-charite.org\/it\/santa-isabel-school-of-madrid-receives-award-6\/#primaryimage","url":"https:\/\/filles-de-la-charite.org\/wp-content\/uploads\/2023\/06\/200221-Isabel-1.jpg","contentUrl":"https:\/\/filles-de-la-charite.org\/wp-content\/uploads\/2023\/06\/200221-Isabel-1.jpg","width":720,"height":405},{"@type":"BreadcrumbList","@id":"https:\/\/filles-de-la-charite.org\/it\/santa-isabel-school-of-madrid-receives-award-6\/#breadcrumb","itemListElement":[{"@type":"ListItem","position":1,"name":"Rio de Janeiro - Brasile","item":"https:\/\/filles-de-la-charite.org\/it\/category\/rio-de-janeiro-brasile-it\/"},{"@type":"ListItem","position":2,"name":"Premio alla Scuola Santa Isabel di Madrid"}]},{"@type":"WebSite","@id":"https:\/\/filles-de-la-charite.org\/it\/#website","url":"https:\/\/filles-de-la-charite.org\/it\/","name":"Hijas de la Caridad","description":"L\u2019amour de J\u00e9sus nous presse \u00e0 prendre soin des personnes les plus d\u00e9munies","publisher":{"@id":"https:\/\/filles-de-la-charite.org\/it\/#organization"},"potentialAction":[{"@type":"SearchAction","target":{"@type":"EntryPoint","urlTemplate":"https:\/\/filles-de-la-charite.org\/it\/?s={search_term_string}"},"query-input":{"@type":"PropertyValueSpecification","valueRequired":true,"valueName":"search_term_string"}}],"inLanguage":"it-IT"},{"@type":"Organization","@id":"https:\/\/filles-de-la-charite.org\/it\/#organization","name":"Hijas de la Caridad","url":"https:\/\/filles-de-la-charite.org\/it\/","logo":{"@type":"ImageObject","inLanguage":"it-IT","@id":"https:\/\/filles-de-la-charite.org\/it\/#\/schema\/logo\/image\/","url":"https:\/\/filles-de-la-charite.org\/wp-content\/uploads\/2023\/03\/isotipo-Hijas-de-la-Caridad.png","contentUrl":"https:\/\/filles-de-la-charite.org\/wp-content\/uploads\/2023\/03\/isotipo-Hijas-de-la-Caridad.png","width":1417,"height":1417,"caption":"Hijas de la Caridad"},"image":{"@id":"https:\/\/filles-de-la-charite.org\/it\/#\/schema\/logo\/image\/"}},{"@type":"Person","@id":"https:\/\/filles-de-la-charite.org\/it\/#\/schema\/person\/427567b2eccfc2dd7d206da186a1f438","name":"admin","image":{"@type":"ImageObject","inLanguage":"it-IT","@id":"https:\/\/secure.gravatar.com\/avatar\/948b492cce32b586ac2db0eaa926ee87024f7afe218d73b397ea5ddfc5f43ea1?s=96&d=mm&r=g","url":"https:\/\/secure.gravatar.com\/avatar\/948b492cce32b586ac2db0eaa926ee87024f7afe218d73b397ea5ddfc5f43ea1?s=96&d=mm&r=g","contentUrl":"https:\/\/secure.gravatar.com\/avatar\/948b492cce32b586ac2db0eaa926ee87024f7afe218d73b397ea5ddfc5f43ea1?s=96&d=mm&r=g","caption":"admin"},"sameAs":["https:\/\/filles-de-la-charite.org"],"url":"https:\/\/filles-de-la-charite.org\/it\/author\/caridad\/"}]}},"_links":{"self":[{"href":"https:\/\/filles-de-la-charite.org\/it\/wp-json\/wp\/v2\/posts\/23079","targetHints":{"allow":["GET"]}}],"collection":[{"href":"https:\/\/filles-de-la-charite.org\/it\/wp-json\/wp\/v2\/posts"}],"about":[{"href":"https:\/\/filles-de-la-charite.org\/it\/wp-json\/wp\/v2\/types\/post"}],"author":[{"embeddable":true,"href":"https:\/\/filles-de-la-charite.org\/it\/wp-json\/wp\/v2\/users\/1"}],"replies":[{"embeddable":true,"href":"https:\/\/filles-de-la-charite.org\/it\/wp-json\/wp\/v2\/comments?post=23079"}],"version-history":[{"count":1,"href":"https:\/\/filles-de-la-charite.org\/it\/wp-json\/wp\/v2\/posts\/23079\/revisions"}],"predecessor-version":[{"id":23080,"href":"https:\/\/filles-de-la-charite.org\/it\/wp-json\/wp\/v2\/posts\/23079\/revisions\/23080"}],"wp:featuredmedia":[{"embeddable":true,"href":"https:\/\/filles-de-la-charite.org\/it\/wp-json\/wp\/v2\/media\/14470"}],"wp:attachment":[{"href":"https:\/\/filles-de-la-charite.org\/it\/wp-json\/wp\/v2\/media?parent=23079"}],"wp:term":[{"taxonomy":"category","embeddable":true,"href":"https:\/\/filles-de-la-charite.org\/it\/wp-json\/wp\/v2\/categories?post=23079"},{"taxonomy":"post_tag","embeddable":true,"href":"https:\/\/filles-de-la-charite.org\/it\/wp-json\/wp\/v2\/tags?post=23079"}],"curies":[{"name":"wp","href":"https:\/\/api.w.org\/{rel}","templated":true}]}}