{"id":23081,"date":"2020-03-06T22:57:14","date_gmt":"2020-03-06T21:57:14","guid":{"rendered":"https:\/\/hijascaridad.sjdigitaldemo.ovh\/fifty-years-of-service-of-the-daughters-of-charity-in-cameroon-6\/"},"modified":"2024-03-17T18:57:20","modified_gmt":"2024-03-17T17:57:20","slug":"fifty-years-of-service-of-the-daughters-of-charity-in-cameroon-6","status":"publish","type":"post","link":"https:\/\/filles-de-la-charite.org\/it\/fifty-years-of-service-of-the-daughters-of-charity-in-cameroon-6\/","title":{"rendered":"Cinquant\u2019anni di servizio delle Figlie della Carit\u00e0 in Camerun"},"content":{"rendered":"\n<div class=\"wp-block-image\"><figure class=\"alignleft size-large\"><img decoding=\"async\" src=\"https:\/\/filles-de-la-charite.org\/wp-content\/uploads\/2023\/06\/200306-Cameroon-thmb.jpg\" alt=\"\" class=\"wp-image-41017\"\/><\/figure><\/div>\n\n\n\n<p><strong><em>Un\u2019occhiata alla storia&nbsp;<\/em><\/strong><br>Il 16 febbraio 1968, il Consiglio Provinciale delle Figlie della Carit\u00e0 in Svizzera rispose positivamente alla richiesta di Sua Eminenza Nkongsamba NDONGMO e decise di aprire la Missione Cattolica a Dchang in Camerun. Il contratto fu firmato dal Vescovo NDONGMO il 25 luglio 1969 e da Madre CHIRON il 28 luglio 1969.<\/p>\n\n\n\n<div class=\"wp-block-image\"><figure class=\"alignright size-full is-resized\"><img loading=\"lazy\" decoding=\"async\" src=\"https:\/\/filles-de-la-charite.org\/wp-content\/uploads\/2023\/06\/200306-Cameroon-01.jpg\" alt=\"\" class=\"wp-image-40931\" width=\"343\" height=\"480\"\/><\/figure><\/div>\n\n\n\n<p><strong><em>La nostra Celebrazione&nbsp;<\/em><\/strong><br>Lo scorso 15 febbraio 2020 abbiamo ringraziato Dio per i 50 anni di servizio delle Figlie della Carit\u00e0 di San Vincenzo de Paoli in Camerun. Cinquant\u2019anni di servizio significano abbondanza di grazie manifestate nelle persone che erano all\u2019inizio dell\u2019opera e nelle generazioni successive di poveri che sono state servite. Cinquant\u2019anni rappresentano gli anni dell\u2019osservazione, dell\u2019adattamento e dell\u2019organizzazione, rendendo il servizio sempre pi\u00f9 efficace. Cinquant\u2019anni significano i molti anni di grazia che comprendono il dono dell\u2019amore, del sacrificio, dell\u2019entusiasmo, del coraggio e della vita di tante persone. Cinquant\u2019anni significano le tante decisioni prese per la gloria di Dio, il bene della Chiesa e il servizio amorevole per i poveri.<\/p>\n\n\n\n<p>Per tutto ci\u00f2 abbiamo riflettuto e pregato durante lo speciale Triduo tenutosi nella nostra parrocchia, che consisteva nell\u2019Adorazione del Santissimo Sacramento, una breve catechesi sulla misericordia e una condivisione sul nostro carisma, nonch\u00e9 la celebrazione dell\u2019Eucaristia alla vigilia della cerimonia.<\/p>\n\n\n\n<figure class=\"wp-block-gallery columns-2 is-cropped wp-block-gallery-1 is-layout-flex wp-block-gallery-is-layout-flex\"><ul class=\"blocks-gallery-grid\"><li class=\"blocks-gallery-item\"><figure><a href=\"https:\/\/filles-de-la-charite.org\/wp-content\/uploads\/2023\/06\/200306-Cameroon-10-1024x576.jpg\" data-rel=\"lightbox-image-0\" data-rl_title=\"\" data-rl_caption=\"\" title=\"\"><img decoding=\"async\" src=\"https:\/\/filles-de-la-charite.org\/wp-content\/uploads\/2023\/06\/200306-Cameroon-10-1024x576.jpg\" alt=\"\" data-id=\"41001\" data-full-url=\"https:\/\/filles-de-la-charite.org\/wp-content\/uploads\/2023\/06\/200306-Cameroon-10.jpg\" data-link=\"https:\/\/www.filles-de-la-charite.org\/uncategorized-fr\/congres-international-de-pastorale-pour-les-personnes-agees-ce-29-31-janvier-2020-theme-la-richesse-des-annees\/attachment\/200306-cameroon-10\/\" class=\"wp-image-41001\"\/><\/a><\/figure><\/li><li class=\"blocks-gallery-item\"><figure><a href=\"https:\/\/filles-de-la-charite.org\/wp-content\/uploads\/2023\/06\/200306-Cameroon-09-1024x576.jpg\" data-rel=\"lightbox-image-1\" data-rl_title=\"\" data-rl_caption=\"\" title=\"\"><img decoding=\"async\" src=\"https:\/\/filles-de-la-charite.org\/wp-content\/uploads\/2023\/06\/200306-Cameroon-09-1024x576.jpg\" alt=\"\" data-id=\"40993\" data-full-url=\"https:\/\/filles-de-la-charite.org\/wp-content\/uploads\/2023\/06\/200306-Cameroon-09.jpg\" data-link=\"https:\/\/www.filles-de-la-charite.org\/uncategorized-fr\/congres-international-de-pastorale-pour-les-personnes-agees-ce-29-31-janvier-2020-theme-la-richesse-des-annees\/attachment\/200306-cameroon-09\/\" class=\"wp-image-40993\"\/><\/a><\/figure><\/li><li class=\"blocks-gallery-item\"><figure><a href=\"https:\/\/filles-de-la-charite.org\/wp-content\/uploads\/2023\/06\/200306-Cameroon-08-1024x576.jpg\" data-rel=\"lightbox-image-2\" data-rl_title=\"\" data-rl_caption=\"\" title=\"\"><img decoding=\"async\" src=\"https:\/\/filles-de-la-charite.org\/wp-content\/uploads\/2023\/06\/200306-Cameroon-08-1024x576.jpg\" alt=\"\" data-id=\"40985\" data-full-url=\"https:\/\/filles-de-la-charite.org\/wp-content\/uploads\/2023\/06\/200306-Cameroon-08.jpg\" data-link=\"https:\/\/www.filles-de-la-charite.org\/uncategorized-fr\/congres-international-de-pastorale-pour-les-personnes-agees-ce-29-31-janvier-2020-theme-la-richesse-des-annees\/attachment\/200306-cameroon-08\/\" class=\"wp-image-40985\"\/><\/a><\/figure><\/li><li class=\"blocks-gallery-item\"><figure><a href=\"https:\/\/filles-de-la-charite.org\/wp-content\/uploads\/2023\/06\/200306-Cameroon-07-1024x576.jpg\" data-rel=\"lightbox-image-3\" data-rl_title=\"\" data-rl_caption=\"\" title=\"\"><img decoding=\"async\" src=\"https:\/\/filles-de-la-charite.org\/wp-content\/uploads\/2023\/06\/200306-Cameroon-07-1024x576.jpg\" alt=\"\" data-id=\"40977\" data-full-url=\"https:\/\/filles-de-la-charite.org\/wp-content\/uploads\/2023\/06\/200306-Cameroon-07.jpg\" data-link=\"https:\/\/www.filles-de-la-charite.org\/uncategorized-fr\/congres-international-de-pastorale-pour-les-personnes-agees-ce-29-31-janvier-2020-theme-la-richesse-des-annees\/attachment\/200306-cameroon-07\/\" class=\"wp-image-40977\"\/><\/a><\/figure><\/li><li class=\"blocks-gallery-item\"><figure><a href=\"https:\/\/filles-de-la-charite.org\/wp-content\/uploads\/2023\/06\/200306-Cameroon-06-1024x576.jpg\" data-rel=\"lightbox-image-4\" data-rl_title=\"\" data-rl_caption=\"\" title=\"\"><img decoding=\"async\" src=\"https:\/\/filles-de-la-charite.org\/wp-content\/uploads\/2023\/06\/200306-Cameroon-06-1024x576.jpg\" alt=\"\" data-id=\"40969\" data-full-url=\"https:\/\/filles-de-la-charite.org\/wp-content\/uploads\/2023\/06\/200306-Cameroon-06.jpg\" data-link=\"https:\/\/www.filles-de-la-charite.org\/uncategorized-fr\/congres-international-de-pastorale-pour-les-personnes-agees-ce-29-31-janvier-2020-theme-la-richesse-des-annees\/attachment\/200306-cameroon-06\/\" class=\"wp-image-40969\"\/><\/a><\/figure><\/li><li class=\"blocks-gallery-item\"><figure><a href=\"https:\/\/filles-de-la-charite.org\/wp-content\/uploads\/2023\/06\/200306-Cameroon-02-1024x576.jpg\" data-rel=\"lightbox-image-5\" data-rl_title=\"\" data-rl_caption=\"\" title=\"\"><img decoding=\"async\" src=\"https:\/\/filles-de-la-charite.org\/wp-content\/uploads\/2023\/06\/200306-Cameroon-02-1024x576.jpg\" alt=\"\" data-id=\"40938\" data-full-url=\"https:\/\/filles-de-la-charite.org\/wp-content\/uploads\/2023\/06\/200306-Cameroon-02.jpg\" data-link=\"https:\/\/www.filles-de-la-charite.org\/uncategorized-fr\/congres-international-de-pastorale-pour-les-personnes-agees-ce-29-31-janvier-2020-theme-la-richesse-des-annees\/attachment\/200306-cameroon-02\/\" class=\"wp-image-40938\"\/><\/a><\/figure><\/li><\/ul><\/figure>\n\n\n\n<p>La Santa Eucaristia celebrata il 15 febbraio nella nostra parrocchia \u00e8 stata presieduta dal Vescovo con la partecipazione di numerosi sacerdoti, delle autorit\u00e0 civili locali, di Suor Emmanuelle e Suor Maggie della Provincia Svizzera (ex missionarie del Camerun), della maggior parte delle Suore della nostra Provincia, di delegazioni di varie Congregazioni religiose, di familiari delle nostre Suore, dei nostri dipendenti, dei parrocchiani e di coloro che serviamo \u2013 50 persone che vivono in situazioni di povert\u00e0 che hanno ricevuto inviti personali. La liturgia preparata dai gruppi giovanili della parrocchia \u00e8 stata bellissima. Il Vescovo ha tenuto un\u2019omelia sulla misericordia e sul sacrificio. All\u2019inizio dell\u2019Eucaristia, le Suore svizzere hanno ricordato la storia dell\u2019arrivo delle prime Suore in Camerun e l\u2019inizio della loro missione. Prima della benedizione finale, una di queste prime Suore ha dato una testimonianza.<\/p>\n\n\n\n<div class=\"wp-block-image\"><figure class=\"alignright size-large is-resized\"><img loading=\"lazy\" decoding=\"async\" src=\"https:\/\/filles-de-la-charite.org\/wp-content\/uploads\/2023\/06\/200306-Cameroon-03-683x1024.jpg\" alt=\"\" class=\"wp-image-40946\" width=\"342\" height=\"512\"\/><\/figure><\/div>\n\n\n\n<p>Dopo l\u2019Eucaristia, ci siamo recati nel cortile della nostra scuola per un rinfresco. Il momento del pasto \u00e8 stato arricchito dai canti del coro e dalle danze dei bambini e degli ospiti. Alla fine il Vescovo ha tagliato la torta del Giubileo. Sono state esposte decorazioni speciali nella chiesa e nel cortile della scuola, nonch\u00e9 camicette con il logo dell\u2019anno giubilare. La sera, le Suore svizzere hanno visitato le nostre opere e hanno notato i numerosi cambiamenti avvenuti da quando hanno lasciato il Camerun; le domande poste alle Suore e i ricordi condivisi sono stati innumerevoli.<\/p>\n\n\n\n<p>Il giorno dopo, Suor Emmanuelle e Suor Maggie, accompagnate dalla Visitatrice, hanno visitato la comunit\u00e0 delle Figlie della Carit\u00e0 a Foumban. Ci siamo salutate\u2026 fino a quando non ci incontreremo di nuovo, sicuramente prima dei prossimi 50 anni!<\/p>\n\n\n\n<p><em>Sorelle del Camerun<\/em><\/p>\n","protected":false},"excerpt":{"rendered":"<p>Un\u2019occhiata alla storia&nbsp;Il 16 febbraio 1968, il Consiglio Provinciale delle Figlie della Carit\u00e0 in Svizzera rispose positivamente alla richiesta di Sua Eminenza Nkongsamba NDONGMO e decise di aprire la Missione Cattolica a Dchang in Camerun. Il contratto fu firmato dal Vescovo NDONGMO il 25 luglio 1969 e da Madre CHIRON il 28 luglio 1969. La [&hellip;]<\/p>\n","protected":false},"author":1,"featured_media":14557,"comment_status":"closed","ping_status":"closed","sticky":false,"template":"","format":"standard","meta":{"_acf_changed":false,"footnotes":"","_links_to":"","_links_to_target":""},"categories":[777],"tags":[],"class_list":["post-23081","post","type-post","status-publish","format-standard","has-post-thumbnail","hentry","category-camerun-it"],"acf":[],"yoast_head":"<!-- This site is optimized with the Yoast SEO plugin v27.5 - https:\/\/yoast.com\/product\/yoast-seo-wordpress\/ -->\n<title>Cinquant\u2019anni di servizio delle Figlie della Carit\u00e0 in Camerun - Filles de la Charit\u00e9<\/title>\n<meta name=\"robots\" content=\"index, follow, max-snippet:-1, max-image-preview:large, max-video-preview:-1\" \/>\n<link rel=\"canonical\" href=\"https:\/\/filles-de-la-charite.org\/it\/fifty-years-of-service-of-the-daughters-of-charity-in-cameroon-6\/\" \/>\n<meta property=\"og:locale\" content=\"it_IT\" \/>\n<meta property=\"og:type\" content=\"article\" \/>\n<meta property=\"og:title\" content=\"Cinquant\u2019anni di servizio delle Figlie della Carit\u00e0 in Camerun - Filles de la Charit\u00e9\" \/>\n<meta property=\"og:description\" content=\"Un\u2019occhiata alla storia&nbsp;Il 16 febbraio 1968, il Consiglio Provinciale delle Figlie della Carit\u00e0 in Svizzera rispose positivamente alla richiesta di Sua Eminenza Nkongsamba NDONGMO e decise di aprire la Missione Cattolica a Dchang in Camerun. Il contratto fu firmato dal Vescovo NDONGMO il 25 luglio 1969 e da Madre CHIRON il 28 luglio 1969. La [&hellip;]\" \/>\n<meta property=\"og:url\" content=\"https:\/\/filles-de-la-charite.org\/it\/fifty-years-of-service-of-the-daughters-of-charity-in-cameroon-6\/\" \/>\n<meta property=\"og:site_name\" content=\"Filles de la Charit\u00e9\" \/>\n<meta property=\"article:published_time\" content=\"2020-03-06T21:57:14+00:00\" \/>\n<meta property=\"article:modified_time\" content=\"2024-03-17T17:57:20+00:00\" \/>\n<meta property=\"og:image\" content=\"https:\/\/filles-de-la-charite.org\/wp-content\/uploads\/2023\/06\/200306-Cameroon-FTD.jpg\" \/>\n\t<meta property=\"og:image:width\" content=\"1201\" \/>\n\t<meta property=\"og:image:height\" content=\"630\" \/>\n\t<meta property=\"og:image:type\" content=\"image\/jpeg\" \/>\n<meta name=\"author\" content=\"admin\" \/>\n<meta name=\"twitter:card\" content=\"summary_large_image\" \/>\n<meta name=\"twitter:label1\" content=\"Scritto da\" \/>\n\t<meta name=\"twitter:data1\" content=\"admin\" \/>\n\t<meta name=\"twitter:label2\" content=\"Tempo di lettura stimato\" \/>\n\t<meta name=\"twitter:data2\" content=\"2 minuti\" \/>\n<script type=\"application\/ld+json\" class=\"yoast-schema-graph\">{\"@context\":\"https:\\\/\\\/schema.org\",\"@graph\":[{\"@type\":\"Article\",\"@id\":\"https:\\\/\\\/filles-de-la-charite.org\\\/it\\\/fifty-years-of-service-of-the-daughters-of-charity-in-cameroon-6\\\/#article\",\"isPartOf\":{\"@id\":\"https:\\\/\\\/filles-de-la-charite.org\\\/it\\\/fifty-years-of-service-of-the-daughters-of-charity-in-cameroon-6\\\/\"},\"author\":{\"name\":\"admin\",\"@id\":\"https:\\\/\\\/filles-de-la-charite.org\\\/it\\\/#\\\/schema\\\/person\\\/427567b2eccfc2dd7d206da186a1f438\"},\"headline\":\"Cinquant\u2019anni di servizio delle Figlie della Carit\u00e0 in Camerun\",\"datePublished\":\"2020-03-06T21:57:14+00:00\",\"dateModified\":\"2024-03-17T17:57:20+00:00\",\"mainEntityOfPage\":{\"@id\":\"https:\\\/\\\/filles-de-la-charite.org\\\/it\\\/fifty-years-of-service-of-the-daughters-of-charity-in-cameroon-6\\\/\"},\"wordCount\":495,\"publisher\":{\"@id\":\"https:\\\/\\\/filles-de-la-charite.org\\\/it\\\/#organization\"},\"image\":{\"@id\":\"https:\\\/\\\/filles-de-la-charite.org\\\/it\\\/fifty-years-of-service-of-the-daughters-of-charity-in-cameroon-6\\\/#primaryimage\"},\"thumbnailUrl\":\"https:\\\/\\\/filles-de-la-charite.org\\\/wp-content\\\/uploads\\\/2023\\\/06\\\/200306-Cameroon-FTD.jpg\",\"articleSection\":[\"Camerun\"],\"inLanguage\":\"it-IT\"},{\"@type\":\"WebPage\",\"@id\":\"https:\\\/\\\/filles-de-la-charite.org\\\/it\\\/fifty-years-of-service-of-the-daughters-of-charity-in-cameroon-6\\\/\",\"url\":\"https:\\\/\\\/filles-de-la-charite.org\\\/it\\\/fifty-years-of-service-of-the-daughters-of-charity-in-cameroon-6\\\/\",\"name\":\"Cinquant\u2019anni di servizio delle Figlie della Carit\u00e0 in Camerun - Filles de la Charit\u00e9\",\"isPartOf\":{\"@id\":\"https:\\\/\\\/filles-de-la-charite.org\\\/it\\\/#website\"},\"primaryImageOfPage\":{\"@id\":\"https:\\\/\\\/filles-de-la-charite.org\\\/it\\\/fifty-years-of-service-of-the-daughters-of-charity-in-cameroon-6\\\/#primaryimage\"},\"image\":{\"@id\":\"https:\\\/\\\/filles-de-la-charite.org\\\/it\\\/fifty-years-of-service-of-the-daughters-of-charity-in-cameroon-6\\\/#primaryimage\"},\"thumbnailUrl\":\"https:\\\/\\\/filles-de-la-charite.org\\\/wp-content\\\/uploads\\\/2023\\\/06\\\/200306-Cameroon-FTD.jpg\",\"datePublished\":\"2020-03-06T21:57:14+00:00\",\"dateModified\":\"2024-03-17T17:57:20+00:00\",\"breadcrumb\":{\"@id\":\"https:\\\/\\\/filles-de-la-charite.org\\\/it\\\/fifty-years-of-service-of-the-daughters-of-charity-in-cameroon-6\\\/#breadcrumb\"},\"inLanguage\":\"it-IT\",\"potentialAction\":[{\"@type\":\"ReadAction\",\"target\":[\"https:\\\/\\\/filles-de-la-charite.org\\\/it\\\/fifty-years-of-service-of-the-daughters-of-charity-in-cameroon-6\\\/\"]}]},{\"@type\":\"ImageObject\",\"inLanguage\":\"it-IT\",\"@id\":\"https:\\\/\\\/filles-de-la-charite.org\\\/it\\\/fifty-years-of-service-of-the-daughters-of-charity-in-cameroon-6\\\/#primaryimage\",\"url\":\"https:\\\/\\\/filles-de-la-charite.org\\\/wp-content\\\/uploads\\\/2023\\\/06\\\/200306-Cameroon-FTD.jpg\",\"contentUrl\":\"https:\\\/\\\/filles-de-la-charite.org\\\/wp-content\\\/uploads\\\/2023\\\/06\\\/200306-Cameroon-FTD.jpg\",\"width\":1201,\"height\":630},{\"@type\":\"BreadcrumbList\",\"@id\":\"https:\\\/\\\/filles-de-la-charite.org\\\/it\\\/fifty-years-of-service-of-the-daughters-of-charity-in-cameroon-6\\\/#breadcrumb\",\"itemListElement\":[{\"@type\":\"ListItem\",\"position\":1,\"name\":\"India del Sud\",\"item\":\"https:\\\/\\\/filles-de-la-charite.org\\\/it\\\/category\\\/india-del-sur-it\\\/\"},{\"@type\":\"ListItem\",\"position\":2,\"name\":\"Cinquant\u2019anni di servizio delle Figlie della Carit\u00e0 in Camerun\"}]},{\"@type\":\"WebSite\",\"@id\":\"https:\\\/\\\/filles-de-la-charite.org\\\/it\\\/#website\",\"url\":\"https:\\\/\\\/filles-de-la-charite.org\\\/it\\\/\",\"name\":\"Hijas de la Caridad\",\"description\":\"L\u2019amour de J\u00e9sus nous presse \u00e0 prendre soin des personnes les plus d\u00e9munies\",\"publisher\":{\"@id\":\"https:\\\/\\\/filles-de-la-charite.org\\\/it\\\/#organization\"},\"potentialAction\":[{\"@type\":\"SearchAction\",\"target\":{\"@type\":\"EntryPoint\",\"urlTemplate\":\"https:\\\/\\\/filles-de-la-charite.org\\\/it\\\/?s={search_term_string}\"},\"query-input\":{\"@type\":\"PropertyValueSpecification\",\"valueRequired\":true,\"valueName\":\"search_term_string\"}}],\"inLanguage\":\"it-IT\"},{\"@type\":\"Organization\",\"@id\":\"https:\\\/\\\/filles-de-la-charite.org\\\/it\\\/#organization\",\"name\":\"Hijas de la Caridad\",\"url\":\"https:\\\/\\\/filles-de-la-charite.org\\\/it\\\/\",\"logo\":{\"@type\":\"ImageObject\",\"inLanguage\":\"it-IT\",\"@id\":\"https:\\\/\\\/filles-de-la-charite.org\\\/it\\\/#\\\/schema\\\/logo\\\/image\\\/\",\"url\":\"https:\\\/\\\/filles-de-la-charite.org\\\/wp-content\\\/uploads\\\/2023\\\/03\\\/isotipo-Hijas-de-la-Caridad.png\",\"contentUrl\":\"https:\\\/\\\/filles-de-la-charite.org\\\/wp-content\\\/uploads\\\/2023\\\/03\\\/isotipo-Hijas-de-la-Caridad.png\",\"width\":1417,\"height\":1417,\"caption\":\"Hijas de la Caridad\"},\"image\":{\"@id\":\"https:\\\/\\\/filles-de-la-charite.org\\\/it\\\/#\\\/schema\\\/logo\\\/image\\\/\"}},{\"@type\":\"Person\",\"@id\":\"https:\\\/\\\/filles-de-la-charite.org\\\/it\\\/#\\\/schema\\\/person\\\/427567b2eccfc2dd7d206da186a1f438\",\"name\":\"admin\",\"image\":{\"@type\":\"ImageObject\",\"inLanguage\":\"it-IT\",\"@id\":\"https:\\\/\\\/secure.gravatar.com\\\/avatar\\\/948b492cce32b586ac2db0eaa926ee87024f7afe218d73b397ea5ddfc5f43ea1?s=96&d=mm&r=g\",\"url\":\"https:\\\/\\\/secure.gravatar.com\\\/avatar\\\/948b492cce32b586ac2db0eaa926ee87024f7afe218d73b397ea5ddfc5f43ea1?s=96&d=mm&r=g\",\"contentUrl\":\"https:\\\/\\\/secure.gravatar.com\\\/avatar\\\/948b492cce32b586ac2db0eaa926ee87024f7afe218d73b397ea5ddfc5f43ea1?s=96&d=mm&r=g\",\"caption\":\"admin\"},\"sameAs\":[\"https:\\\/\\\/filles-de-la-charite.org\"],\"url\":\"https:\\\/\\\/filles-de-la-charite.org\\\/it\\\/author\\\/caridad\\\/\"}]}<\/script>\n<!-- \/ Yoast SEO plugin. -->","yoast_head_json":{"title":"Cinquant\u2019anni di servizio delle Figlie della Carit\u00e0 in Camerun - Filles de la Charit\u00e9","robots":{"index":"index","follow":"follow","max-snippet":"max-snippet:-1","max-image-preview":"max-image-preview:large","max-video-preview":"max-video-preview:-1"},"canonical":"https:\/\/filles-de-la-charite.org\/it\/fifty-years-of-service-of-the-daughters-of-charity-in-cameroon-6\/","og_locale":"it_IT","og_type":"article","og_title":"Cinquant\u2019anni di servizio delle Figlie della Carit\u00e0 in Camerun - Filles de la Charit\u00e9","og_description":"Un\u2019occhiata alla storia&nbsp;Il 16 febbraio 1968, il Consiglio Provinciale delle Figlie della Carit\u00e0 in Svizzera rispose positivamente alla richiesta di Sua Eminenza Nkongsamba NDONGMO e decise di aprire la Missione Cattolica a Dchang in Camerun. Il contratto fu firmato dal Vescovo NDONGMO il 25 luglio 1969 e da Madre CHIRON il 28 luglio 1969. La [&hellip;]","og_url":"https:\/\/filles-de-la-charite.org\/it\/fifty-years-of-service-of-the-daughters-of-charity-in-cameroon-6\/","og_site_name":"Filles de la Charit\u00e9","article_published_time":"2020-03-06T21:57:14+00:00","article_modified_time":"2024-03-17T17:57:20+00:00","og_image":[{"width":1201,"height":630,"url":"https:\/\/filles-de-la-charite.org\/wp-content\/uploads\/2023\/06\/200306-Cameroon-FTD.jpg","type":"image\/jpeg"}],"author":"admin","twitter_card":"summary_large_image","twitter_misc":{"Scritto da":"admin","Tempo di lettura stimato":"2 minuti"},"schema":{"@context":"https:\/\/schema.org","@graph":[{"@type":"Article","@id":"https:\/\/filles-de-la-charite.org\/it\/fifty-years-of-service-of-the-daughters-of-charity-in-cameroon-6\/#article","isPartOf":{"@id":"https:\/\/filles-de-la-charite.org\/it\/fifty-years-of-service-of-the-daughters-of-charity-in-cameroon-6\/"},"author":{"name":"admin","@id":"https:\/\/filles-de-la-charite.org\/it\/#\/schema\/person\/427567b2eccfc2dd7d206da186a1f438"},"headline":"Cinquant\u2019anni di servizio delle Figlie della Carit\u00e0 in Camerun","datePublished":"2020-03-06T21:57:14+00:00","dateModified":"2024-03-17T17:57:20+00:00","mainEntityOfPage":{"@id":"https:\/\/filles-de-la-charite.org\/it\/fifty-years-of-service-of-the-daughters-of-charity-in-cameroon-6\/"},"wordCount":495,"publisher":{"@id":"https:\/\/filles-de-la-charite.org\/it\/#organization"},"image":{"@id":"https:\/\/filles-de-la-charite.org\/it\/fifty-years-of-service-of-the-daughters-of-charity-in-cameroon-6\/#primaryimage"},"thumbnailUrl":"https:\/\/filles-de-la-charite.org\/wp-content\/uploads\/2023\/06\/200306-Cameroon-FTD.jpg","articleSection":["Camerun"],"inLanguage":"it-IT"},{"@type":"WebPage","@id":"https:\/\/filles-de-la-charite.org\/it\/fifty-years-of-service-of-the-daughters-of-charity-in-cameroon-6\/","url":"https:\/\/filles-de-la-charite.org\/it\/fifty-years-of-service-of-the-daughters-of-charity-in-cameroon-6\/","name":"Cinquant\u2019anni di servizio delle Figlie della Carit\u00e0 in Camerun - Filles de la Charit\u00e9","isPartOf":{"@id":"https:\/\/filles-de-la-charite.org\/it\/#website"},"primaryImageOfPage":{"@id":"https:\/\/filles-de-la-charite.org\/it\/fifty-years-of-service-of-the-daughters-of-charity-in-cameroon-6\/#primaryimage"},"image":{"@id":"https:\/\/filles-de-la-charite.org\/it\/fifty-years-of-service-of-the-daughters-of-charity-in-cameroon-6\/#primaryimage"},"thumbnailUrl":"https:\/\/filles-de-la-charite.org\/wp-content\/uploads\/2023\/06\/200306-Cameroon-FTD.jpg","datePublished":"2020-03-06T21:57:14+00:00","dateModified":"2024-03-17T17:57:20+00:00","breadcrumb":{"@id":"https:\/\/filles-de-la-charite.org\/it\/fifty-years-of-service-of-the-daughters-of-charity-in-cameroon-6\/#breadcrumb"},"inLanguage":"it-IT","potentialAction":[{"@type":"ReadAction","target":["https:\/\/filles-de-la-charite.org\/it\/fifty-years-of-service-of-the-daughters-of-charity-in-cameroon-6\/"]}]},{"@type":"ImageObject","inLanguage":"it-IT","@id":"https:\/\/filles-de-la-charite.org\/it\/fifty-years-of-service-of-the-daughters-of-charity-in-cameroon-6\/#primaryimage","url":"https:\/\/filles-de-la-charite.org\/wp-content\/uploads\/2023\/06\/200306-Cameroon-FTD.jpg","contentUrl":"https:\/\/filles-de-la-charite.org\/wp-content\/uploads\/2023\/06\/200306-Cameroon-FTD.jpg","width":1201,"height":630},{"@type":"BreadcrumbList","@id":"https:\/\/filles-de-la-charite.org\/it\/fifty-years-of-service-of-the-daughters-of-charity-in-cameroon-6\/#breadcrumb","itemListElement":[{"@type":"ListItem","position":1,"name":"India del Sud","item":"https:\/\/filles-de-la-charite.org\/it\/category\/india-del-sur-it\/"},{"@type":"ListItem","position":2,"name":"Cinquant\u2019anni di servizio delle Figlie della Carit\u00e0 in Camerun"}]},{"@type":"WebSite","@id":"https:\/\/filles-de-la-charite.org\/it\/#website","url":"https:\/\/filles-de-la-charite.org\/it\/","name":"Hijas de la Caridad","description":"L\u2019amour de J\u00e9sus nous presse \u00e0 prendre soin des personnes les plus d\u00e9munies","publisher":{"@id":"https:\/\/filles-de-la-charite.org\/it\/#organization"},"potentialAction":[{"@type":"SearchAction","target":{"@type":"EntryPoint","urlTemplate":"https:\/\/filles-de-la-charite.org\/it\/?s={search_term_string}"},"query-input":{"@type":"PropertyValueSpecification","valueRequired":true,"valueName":"search_term_string"}}],"inLanguage":"it-IT"},{"@type":"Organization","@id":"https:\/\/filles-de-la-charite.org\/it\/#organization","name":"Hijas de la Caridad","url":"https:\/\/filles-de-la-charite.org\/it\/","logo":{"@type":"ImageObject","inLanguage":"it-IT","@id":"https:\/\/filles-de-la-charite.org\/it\/#\/schema\/logo\/image\/","url":"https:\/\/filles-de-la-charite.org\/wp-content\/uploads\/2023\/03\/isotipo-Hijas-de-la-Caridad.png","contentUrl":"https:\/\/filles-de-la-charite.org\/wp-content\/uploads\/2023\/03\/isotipo-Hijas-de-la-Caridad.png","width":1417,"height":1417,"caption":"Hijas de la Caridad"},"image":{"@id":"https:\/\/filles-de-la-charite.org\/it\/#\/schema\/logo\/image\/"}},{"@type":"Person","@id":"https:\/\/filles-de-la-charite.org\/it\/#\/schema\/person\/427567b2eccfc2dd7d206da186a1f438","name":"admin","image":{"@type":"ImageObject","inLanguage":"it-IT","@id":"https:\/\/secure.gravatar.com\/avatar\/948b492cce32b586ac2db0eaa926ee87024f7afe218d73b397ea5ddfc5f43ea1?s=96&d=mm&r=g","url":"https:\/\/secure.gravatar.com\/avatar\/948b492cce32b586ac2db0eaa926ee87024f7afe218d73b397ea5ddfc5f43ea1?s=96&d=mm&r=g","contentUrl":"https:\/\/secure.gravatar.com\/avatar\/948b492cce32b586ac2db0eaa926ee87024f7afe218d73b397ea5ddfc5f43ea1?s=96&d=mm&r=g","caption":"admin"},"sameAs":["https:\/\/filles-de-la-charite.org"],"url":"https:\/\/filles-de-la-charite.org\/it\/author\/caridad\/"}]}},"_links":{"self":[{"href":"https:\/\/filles-de-la-charite.org\/it\/wp-json\/wp\/v2\/posts\/23081","targetHints":{"allow":["GET"]}}],"collection":[{"href":"https:\/\/filles-de-la-charite.org\/it\/wp-json\/wp\/v2\/posts"}],"about":[{"href":"https:\/\/filles-de-la-charite.org\/it\/wp-json\/wp\/v2\/types\/post"}],"author":[{"embeddable":true,"href":"https:\/\/filles-de-la-charite.org\/it\/wp-json\/wp\/v2\/users\/1"}],"replies":[{"embeddable":true,"href":"https:\/\/filles-de-la-charite.org\/it\/wp-json\/wp\/v2\/comments?post=23081"}],"version-history":[{"count":2,"href":"https:\/\/filles-de-la-charite.org\/it\/wp-json\/wp\/v2\/posts\/23081\/revisions"}],"predecessor-version":[{"id":34549,"href":"https:\/\/filles-de-la-charite.org\/it\/wp-json\/wp\/v2\/posts\/23081\/revisions\/34549"}],"wp:featuredmedia":[{"embeddable":true,"href":"https:\/\/filles-de-la-charite.org\/it\/wp-json\/wp\/v2\/media\/14557"}],"wp:attachment":[{"href":"https:\/\/filles-de-la-charite.org\/it\/wp-json\/wp\/v2\/media?parent=23081"}],"wp:term":[{"taxonomy":"category","embeddable":true,"href":"https:\/\/filles-de-la-charite.org\/it\/wp-json\/wp\/v2\/categories?post=23081"},{"taxonomy":"post_tag","embeddable":true,"href":"https:\/\/filles-de-la-charite.org\/it\/wp-json\/wp\/v2\/tags?post=23081"}],"curies":[{"name":"wp","href":"https:\/\/api.w.org\/{rel}","templated":true}]}}