{"id":23083,"date":"2020-03-16T22:40:22","date_gmt":"2020-03-16T21:40:22","guid":{"rendered":"https:\/\/hijascaridad.sjdigitaldemo.ovh\/fr-tomaz-mavric-cm-superior-general-visits-the-daughters-of-charity-in-australia-6\/"},"modified":"2024-03-17T18:57:11","modified_gmt":"2024-03-17T17:57:11","slug":"fr-tomaz-mavric-cm-superior-general-visits-the-daughters-of-charity-in-australia-6","status":"publish","type":"post","link":"https:\/\/filles-de-la-charite.org\/it\/fr-tomaz-mavric-cm-superior-general-visits-the-daughters-of-charity-in-australia-6\/","title":{"rendered":"Padre Toma\u017e Mavri\u010d CM, Superiore  generale, visita le Figlie della Carit\u00e0 in Australia"},"content":{"rendered":"\n<p><p style=\"text-align: justify;\">Durante la sua visita alla Congregazione della Missione, Provincia dell&#8217;Oceania, P. Toma\u017e ha visitato anche le Figlie della Carit\u00e0. \u00c8 arrivato marted\u00ec 11 febbraio dopo un volo di ritorno da Melbourne, dove ha incontrato i Confratelli della CM e le nostre tre Figlie della Carit\u00e0 residenti l\u00e0 residenti.<span style=\"font-size: inherit;\"> <\/span>Venticinque Figlie della Carit\u00e0 si sono riunite per accogliere P. Toma\u017e. Egli \u00e8 entrato nella sala riunioni e ha salutato personalmente ogni Suora prima di sedersi per una tazza di t\u00e8. Questo gesto ha messo tutti a proprio agio. P. Toma\u017e ha poi tenuto un discorso informale, seguito da domande e risposte. Abbiamo amato la sua semplicit\u00e0 nel rispondere alle domande delle Sorelle e abbiamo ammirato la sua conoscenza degli eventi mondiali non necessariamente legati alla Famiglia Vincenziana.\u00a0\u00a0<\/p> <p style=\"text-align: justify;\"><img loading=\"lazy\" decoding=\"async\" width=\"288\" height=\"360\" class=\"alignright wp-image-40561\" src=\"https:\/\/filles-de-la-charite.org\/wp-content\/uploads\/2023\/06\/0316-Australia-2-240x300.jpg\" alt=\"\">Dopo un&#8217;ora di conversazione, l&#8217;ho accompagnato in visita a quattro delle nostre Sorelle che sono in cura presso la nostra casa di cura Bethany Villa Nursing Home, situata nella casa accanto.\u00a0 Tre di queste Sorelle hanno superato i novant&#8217;anni, ma la loro gioia nel vedere il nostro Superiore Generale e parlargli \u00e8 stata una gioia per gli occhi.\u00a0\u00a0 La quarta Sorella era a letto, il suo sorriso era brillante e il suo viso raggiante quando \u00e8 stata presentata a P. Toma\u017e. La visita alla quarta suora \u00e8 stata pi\u00f9 lunga perch\u00e9 lei \u00e8 riuscita ad intrattenerlopi\u00f9 a lungo! Questa suora ha ammirato gli scritti di P. Toma\u017e e gli ha manifestato apertamente la sua ammirazione!\u00a0\u00a0 Poi ha continuato a raccontargli delle sue attivit\u00e0 a Betania Villa, ad esempio le sessioni di poesia con un piccolo gruppo di residenti, le riflessioni settimanali durante il tempo di\u00a0 Avvento e di Quaresima, sempre con un gruppo di residenti.\u00a0\u00a0 Padre Toma\u017e ha invitato la Sorella a recitare una poesia e lo ha fatto verso dopo verso per almeno tre minuti senza alcun riferimento scritto davanti a lei e senza alcun suggerimento!\u00a0 Padre Toma\u017e ne \u00e8 rimasto affascinato! In Australia si direbbe &#8220;\u00e9 rimasto incantato&#8221;!!!\u00a0\u00a0<\/p> <p style=\"text-align: justify;\">P. Toma\u017e ed io abbiamo poi fatto un giro per la casa facendo una visita rapida a tre residenti. Uno di loro \u00e8 stato per molti anni il nostro Business Manager e membro del Comitato Consultivo Provinciale. Ora \u00e8 novantenne e risiede con la moglie presso la nostra Casa di Riposo per Anziani Santa Caterina. In segno di gratitudine per i suoi anni di servizio dedicati alla Comunit\u00e0 e per la sua leale amicizia con le Sorelle, ho presentato P. Toma\u017e alla coppia. Poi Padre Toma\u017e ha fatto visita ad una signora italiana, residente da qualche tempo a Santa Caterina, che purtroppo ora \u00e8 costretta a letto. Hanno avuto una piacevole conversazione in italiano! Infine, P. Toma\u017e ha benedetto una delle sorelle di sangue della nostra Sorella che \u00e8 nella Casa di Riposo.<\/p> <img loading=\"lazy\" decoding=\"async\" width=\"720\" height=\"360\" class=\"aligncenter size-full wp-image-40560\" src=\"https:\/\/filles-de-la-charite.org\/wp-content\/uploads\/2023\/06\/0316-Australia-1.jpg\" alt=\"\"> <p style=\"text-align: justify;\">Ritornando alla sala riunioni Padre Toma\u017e ha celebrato l&#8217;Eucaristia e la serata si \u00e8 conclusa con una cena molto semplice tutti \u00a0insieme.\u00a0\u00a0L&#8217;11 febbraio non \u00e8 stata solo la festa di Nostra Signora di Lourdes, ma \u00e8 stato esattamente un mese prima che le Province dell&#8217;Australia e della Gran Bretagna si uniscano per formare la Provincia di Rosalie Rendu.<\/p> <p style=\"text-align: justify;\">P. Toma\u017e \u00e8 stato molto generoso con il suo tempo e molte delle Suore hanno colto l&#8217;occasione per parlare con lui personalmente dei loro ministeri passati o presenti, del loro interesse per gli impegni delle nostre Sorelle in altre parti del mondo dove c&#8217;\u00e8 molta sofferenza. Hanno anche dimostrato intresse per il riferimento di P. Toma\u017e ad essere strumenti di cambiamento attraverso la rappresentanza vincenziana a livello di Nazioni Unite.<\/p> <img loading=\"lazy\" decoding=\"async\" width=\"1200\" height=\"800\" class=\"aligncenter size-full wp-image-40562\" src=\"https:\/\/filles-de-la-charite.org\/wp-content\/uploads\/2023\/06\/0316-Australia-3.jpg\" alt=\"\"> <p style=\"text-align: justify;\">Fate riferimento agli incendi boschivi che hanno fatto notizia nel mondo! Mentre le nostre Sorelle, le loro famiglie, le loro case e le persone a cui prestiamo servizio non sono state colpite, grazie a Dio, ci sono state comunque molte tragedie che hanno comportato la perdita di vite umane, di propriet\u00e0 e di bestiame. Gli australiani sono molto generosi e lo sono ancora di pi\u00f9 quando si verificano tali disastri o tragedie. Per mesi la nostra pi\u00f9 grande preghiera \u00e8 stata quella di intercedere per le abbondanti piogge. Alla fine Dio ha risposto mandando gi\u00f9 piogge torrenziali senza sosta e tempeste per tre giorni interi. Anche queste hanno causato il caos, ma Dio ha gentilmente risposto alle suppliche del mondo a nome del nostro Paese e le dighe non sono pi\u00f9 aride. Durante queste piogge ininterrotte \u00e8 caduto un enorme albero in un angolo sopra il tetto della struttura di assistenza per anziani di Santa Caterina e cinque dei residenti hanno dovuto essere trasferiti in un&#8217;altra sezione della casa. Grazie a Dio, per\u00f2, nessuno di questi residenti si \u00e8 fatto male. Le loro stanze sono ancora in riparazione. La sera in cui Padre Toma\u017e \u00e8 arrivato a Sydney \u00e8 stata la prima delle notti piovose e tempestose!!!<\/p> <p style=\"text-align: right;\"><em><span style=\"color: #0432ff;\">Sr. Celine Quadros Figlia della Carit\u00e0<\/span><\/em><\/p> <img loading=\"lazy\" decoding=\"async\" width=\"1280\" height=\"720\" class=\"aligncenter size-full wp-image-40563\" src=\"https:\/\/filles-de-la-charite.org\/wp-content\/uploads\/2023\/06\/0316-Australia-4.jpg\" alt=\"\"><\/p>\n","protected":false},"excerpt":{"rendered":"<p>Durante la sua visita alla Congregazione della Missione, Provincia dell&#8217;Oceania, P. Toma\u017e ha visitato anche le Figlie della Carit\u00e0. \u00c8 arrivato marted\u00ec 11 febbraio dopo un volo di ritorno da Melbourne, dove ha incontrato i Confratelli della CM e le nostre tre Figlie della Carit\u00e0 residenti l\u00e0 residenti. Venticinque Figlie della Carit\u00e0 si sono riunite [&hellip;]<\/p>\n","protected":false},"author":1,"featured_media":14589,"comment_status":"closed","ping_status":"closed","sticky":false,"template":"","format":"standard","meta":{"_acf_changed":false,"_et_pb_use_builder":"","_et_pb_old_content":"","_et_gb_content_width":"","footnotes":"","_links_to":"","_links_to_target":""},"categories":[674],"tags":[],"class_list":["post-23083","post","type-post","status-publish","format-standard","has-post-thumbnail","hentry","category-rosalie-rendu-regno-unito-e-australia-it"],"acf":[],"yoast_head":"<!-- This site is optimized with the Yoast SEO plugin v27.5 - https:\/\/yoast.com\/product\/yoast-seo-wordpress\/ -->\n<title>Padre Toma\u017e Mavri\u010d CM, Superiore generale, visita le Figlie della Carit\u00e0 in Australia - Filles de la Charit\u00e9<\/title>\n<meta name=\"robots\" content=\"index, follow, max-snippet:-1, max-image-preview:large, max-video-preview:-1\" \/>\n<link rel=\"canonical\" href=\"https:\/\/filles-de-la-charite.org\/it\/fr-tomaz-mavric-cm-superior-general-visits-the-daughters-of-charity-in-australia-6\/\" \/>\n<meta property=\"og:locale\" content=\"it_IT\" \/>\n<meta property=\"og:type\" content=\"article\" \/>\n<meta property=\"og:title\" content=\"Padre Toma\u017e Mavri\u010d CM, Superiore generale, visita le Figlie della Carit\u00e0 in Australia - Filles de la Charit\u00e9\" \/>\n<meta property=\"og:description\" content=\"Durante la sua visita alla Congregazione della Missione, Provincia dell&#8217;Oceania, P. Toma\u017e ha visitato anche le Figlie della Carit\u00e0. \u00c8 arrivato marted\u00ec 11 febbraio dopo un volo di ritorno da Melbourne, dove ha incontrato i Confratelli della CM e le nostre tre Figlie della Carit\u00e0 residenti l\u00e0 residenti. Venticinque Figlie della Carit\u00e0 si sono riunite [&hellip;]\" \/>\n<meta property=\"og:url\" content=\"https:\/\/filles-de-la-charite.org\/it\/fr-tomaz-mavric-cm-superior-general-visits-the-daughters-of-charity-in-australia-6\/\" \/>\n<meta property=\"og:site_name\" content=\"Filles de la Charit\u00e9\" \/>\n<meta property=\"article:published_time\" content=\"2020-03-16T21:40:22+00:00\" \/>\n<meta property=\"article:modified_time\" content=\"2024-03-17T17:57:11+00:00\" \/>\n<meta property=\"og:image\" content=\"https:\/\/filles-de-la-charite.org\/wp-content\/uploads\/2023\/06\/0316-Australia-5.jpg\" \/>\n\t<meta property=\"og:image:width\" content=\"1280\" \/>\n\t<meta property=\"og:image:height\" content=\"720\" \/>\n\t<meta property=\"og:image:type\" content=\"image\/jpeg\" \/>\n<meta name=\"author\" content=\"admin\" \/>\n<meta name=\"twitter:card\" content=\"summary_large_image\" \/>\n<meta name=\"twitter:label1\" content=\"Scritto da\" \/>\n\t<meta name=\"twitter:data1\" content=\"admin\" \/>\n\t<meta name=\"twitter:label2\" content=\"Tempo di lettura stimato\" \/>\n\t<meta name=\"twitter:data2\" content=\"4 minuti\" \/>\n<script type=\"application\/ld+json\" class=\"yoast-schema-graph\">{\"@context\":\"https:\\\/\\\/schema.org\",\"@graph\":[{\"@type\":\"Article\",\"@id\":\"https:\\\/\\\/filles-de-la-charite.org\\\/it\\\/fr-tomaz-mavric-cm-superior-general-visits-the-daughters-of-charity-in-australia-6\\\/#article\",\"isPartOf\":{\"@id\":\"https:\\\/\\\/filles-de-la-charite.org\\\/it\\\/fr-tomaz-mavric-cm-superior-general-visits-the-daughters-of-charity-in-australia-6\\\/\"},\"author\":{\"name\":\"admin\",\"@id\":\"https:\\\/\\\/filles-de-la-charite.org\\\/it\\\/#\\\/schema\\\/person\\\/427567b2eccfc2dd7d206da186a1f438\"},\"headline\":\"Padre Toma\u017e Mavri\u010d CM, Superiore generale, visita le Figlie della Carit\u00e0 in Australia\",\"datePublished\":\"2020-03-16T21:40:22+00:00\",\"dateModified\":\"2024-03-17T17:57:11+00:00\",\"mainEntityOfPage\":{\"@id\":\"https:\\\/\\\/filles-de-la-charite.org\\\/it\\\/fr-tomaz-mavric-cm-superior-general-visits-the-daughters-of-charity-in-australia-6\\\/\"},\"wordCount\":800,\"publisher\":{\"@id\":\"https:\\\/\\\/filles-de-la-charite.org\\\/it\\\/#organization\"},\"image\":{\"@id\":\"https:\\\/\\\/filles-de-la-charite.org\\\/it\\\/fr-tomaz-mavric-cm-superior-general-visits-the-daughters-of-charity-in-australia-6\\\/#primaryimage\"},\"thumbnailUrl\":\"https:\\\/\\\/filles-de-la-charite.org\\\/wp-content\\\/uploads\\\/2023\\\/06\\\/0316-Australia-5.jpg\",\"articleSection\":[\"Rosalie Rendu - Regno Unito e Australia\"],\"inLanguage\":\"it-IT\"},{\"@type\":\"WebPage\",\"@id\":\"https:\\\/\\\/filles-de-la-charite.org\\\/it\\\/fr-tomaz-mavric-cm-superior-general-visits-the-daughters-of-charity-in-australia-6\\\/\",\"url\":\"https:\\\/\\\/filles-de-la-charite.org\\\/it\\\/fr-tomaz-mavric-cm-superior-general-visits-the-daughters-of-charity-in-australia-6\\\/\",\"name\":\"Padre Toma\u017e Mavri\u010d CM, Superiore generale, visita le Figlie della Carit\u00e0 in Australia - Filles de la Charit\u00e9\",\"isPartOf\":{\"@id\":\"https:\\\/\\\/filles-de-la-charite.org\\\/it\\\/#website\"},\"primaryImageOfPage\":{\"@id\":\"https:\\\/\\\/filles-de-la-charite.org\\\/it\\\/fr-tomaz-mavric-cm-superior-general-visits-the-daughters-of-charity-in-australia-6\\\/#primaryimage\"},\"image\":{\"@id\":\"https:\\\/\\\/filles-de-la-charite.org\\\/it\\\/fr-tomaz-mavric-cm-superior-general-visits-the-daughters-of-charity-in-australia-6\\\/#primaryimage\"},\"thumbnailUrl\":\"https:\\\/\\\/filles-de-la-charite.org\\\/wp-content\\\/uploads\\\/2023\\\/06\\\/0316-Australia-5.jpg\",\"datePublished\":\"2020-03-16T21:40:22+00:00\",\"dateModified\":\"2024-03-17T17:57:11+00:00\",\"breadcrumb\":{\"@id\":\"https:\\\/\\\/filles-de-la-charite.org\\\/it\\\/fr-tomaz-mavric-cm-superior-general-visits-the-daughters-of-charity-in-australia-6\\\/#breadcrumb\"},\"inLanguage\":\"it-IT\",\"potentialAction\":[{\"@type\":\"ReadAction\",\"target\":[\"https:\\\/\\\/filles-de-la-charite.org\\\/it\\\/fr-tomaz-mavric-cm-superior-general-visits-the-daughters-of-charity-in-australia-6\\\/\"]}]},{\"@type\":\"ImageObject\",\"inLanguage\":\"it-IT\",\"@id\":\"https:\\\/\\\/filles-de-la-charite.org\\\/it\\\/fr-tomaz-mavric-cm-superior-general-visits-the-daughters-of-charity-in-australia-6\\\/#primaryimage\",\"url\":\"https:\\\/\\\/filles-de-la-charite.org\\\/wp-content\\\/uploads\\\/2023\\\/06\\\/0316-Australia-5.jpg\",\"contentUrl\":\"https:\\\/\\\/filles-de-la-charite.org\\\/wp-content\\\/uploads\\\/2023\\\/06\\\/0316-Australia-5.jpg\",\"width\":1280,\"height\":720},{\"@type\":\"BreadcrumbList\",\"@id\":\"https:\\\/\\\/filles-de-la-charite.org\\\/it\\\/fr-tomaz-mavric-cm-superior-general-visits-the-daughters-of-charity-in-australia-6\\\/#breadcrumb\",\"itemListElement\":[{\"@type\":\"ListItem\",\"position\":1,\"name\":\"Santa Luisa - Asia\",\"item\":\"https:\\\/\\\/filles-de-la-charite.org\\\/it\\\/category\\\/santa-luisa-asia-it\\\/\"},{\"@type\":\"ListItem\",\"position\":2,\"name\":\"Padre Toma\u017e Mavri\u010d CM, Superiore generale, visita le Figlie della Carit\u00e0 in Australia\"}]},{\"@type\":\"WebSite\",\"@id\":\"https:\\\/\\\/filles-de-la-charite.org\\\/it\\\/#website\",\"url\":\"https:\\\/\\\/filles-de-la-charite.org\\\/it\\\/\",\"name\":\"Hijas de la Caridad\",\"description\":\"L\u2019amour de J\u00e9sus nous presse \u00e0 prendre soin des personnes les plus d\u00e9munies\",\"publisher\":{\"@id\":\"https:\\\/\\\/filles-de-la-charite.org\\\/it\\\/#organization\"},\"potentialAction\":[{\"@type\":\"SearchAction\",\"target\":{\"@type\":\"EntryPoint\",\"urlTemplate\":\"https:\\\/\\\/filles-de-la-charite.org\\\/it\\\/?s={search_term_string}\"},\"query-input\":{\"@type\":\"PropertyValueSpecification\",\"valueRequired\":true,\"valueName\":\"search_term_string\"}}],\"inLanguage\":\"it-IT\"},{\"@type\":\"Organization\",\"@id\":\"https:\\\/\\\/filles-de-la-charite.org\\\/it\\\/#organization\",\"name\":\"Hijas de la Caridad\",\"url\":\"https:\\\/\\\/filles-de-la-charite.org\\\/it\\\/\",\"logo\":{\"@type\":\"ImageObject\",\"inLanguage\":\"it-IT\",\"@id\":\"https:\\\/\\\/filles-de-la-charite.org\\\/it\\\/#\\\/schema\\\/logo\\\/image\\\/\",\"url\":\"https:\\\/\\\/filles-de-la-charite.org\\\/wp-content\\\/uploads\\\/2023\\\/03\\\/isotipo-Hijas-de-la-Caridad.png\",\"contentUrl\":\"https:\\\/\\\/filles-de-la-charite.org\\\/wp-content\\\/uploads\\\/2023\\\/03\\\/isotipo-Hijas-de-la-Caridad.png\",\"width\":1417,\"height\":1417,\"caption\":\"Hijas de la Caridad\"},\"image\":{\"@id\":\"https:\\\/\\\/filles-de-la-charite.org\\\/it\\\/#\\\/schema\\\/logo\\\/image\\\/\"}},{\"@type\":\"Person\",\"@id\":\"https:\\\/\\\/filles-de-la-charite.org\\\/it\\\/#\\\/schema\\\/person\\\/427567b2eccfc2dd7d206da186a1f438\",\"name\":\"admin\",\"image\":{\"@type\":\"ImageObject\",\"inLanguage\":\"it-IT\",\"@id\":\"https:\\\/\\\/secure.gravatar.com\\\/avatar\\\/948b492cce32b586ac2db0eaa926ee87024f7afe218d73b397ea5ddfc5f43ea1?s=96&d=mm&r=g\",\"url\":\"https:\\\/\\\/secure.gravatar.com\\\/avatar\\\/948b492cce32b586ac2db0eaa926ee87024f7afe218d73b397ea5ddfc5f43ea1?s=96&d=mm&r=g\",\"contentUrl\":\"https:\\\/\\\/secure.gravatar.com\\\/avatar\\\/948b492cce32b586ac2db0eaa926ee87024f7afe218d73b397ea5ddfc5f43ea1?s=96&d=mm&r=g\",\"caption\":\"admin\"},\"sameAs\":[\"https:\\\/\\\/filles-de-la-charite.org\"],\"url\":\"https:\\\/\\\/filles-de-la-charite.org\\\/it\\\/author\\\/caridad\\\/\"}]}<\/script>\n<!-- \/ Yoast SEO plugin. -->","yoast_head_json":{"title":"Padre Toma\u017e Mavri\u010d CM, Superiore generale, visita le Figlie della Carit\u00e0 in Australia - Filles de la Charit\u00e9","robots":{"index":"index","follow":"follow","max-snippet":"max-snippet:-1","max-image-preview":"max-image-preview:large","max-video-preview":"max-video-preview:-1"},"canonical":"https:\/\/filles-de-la-charite.org\/it\/fr-tomaz-mavric-cm-superior-general-visits-the-daughters-of-charity-in-australia-6\/","og_locale":"it_IT","og_type":"article","og_title":"Padre Toma\u017e Mavri\u010d CM, Superiore generale, visita le Figlie della Carit\u00e0 in Australia - Filles de la Charit\u00e9","og_description":"Durante la sua visita alla Congregazione della Missione, Provincia dell&#8217;Oceania, P. Toma\u017e ha visitato anche le Figlie della Carit\u00e0. \u00c8 arrivato marted\u00ec 11 febbraio dopo un volo di ritorno da Melbourne, dove ha incontrato i Confratelli della CM e le nostre tre Figlie della Carit\u00e0 residenti l\u00e0 residenti. Venticinque Figlie della Carit\u00e0 si sono riunite [&hellip;]","og_url":"https:\/\/filles-de-la-charite.org\/it\/fr-tomaz-mavric-cm-superior-general-visits-the-daughters-of-charity-in-australia-6\/","og_site_name":"Filles de la Charit\u00e9","article_published_time":"2020-03-16T21:40:22+00:00","article_modified_time":"2024-03-17T17:57:11+00:00","og_image":[{"width":1280,"height":720,"url":"https:\/\/filles-de-la-charite.org\/wp-content\/uploads\/2023\/06\/0316-Australia-5.jpg","type":"image\/jpeg"}],"author":"admin","twitter_card":"summary_large_image","twitter_misc":{"Scritto da":"admin","Tempo di lettura stimato":"4 minuti"},"schema":{"@context":"https:\/\/schema.org","@graph":[{"@type":"Article","@id":"https:\/\/filles-de-la-charite.org\/it\/fr-tomaz-mavric-cm-superior-general-visits-the-daughters-of-charity-in-australia-6\/#article","isPartOf":{"@id":"https:\/\/filles-de-la-charite.org\/it\/fr-tomaz-mavric-cm-superior-general-visits-the-daughters-of-charity-in-australia-6\/"},"author":{"name":"admin","@id":"https:\/\/filles-de-la-charite.org\/it\/#\/schema\/person\/427567b2eccfc2dd7d206da186a1f438"},"headline":"Padre Toma\u017e Mavri\u010d CM, Superiore generale, visita le Figlie della Carit\u00e0 in Australia","datePublished":"2020-03-16T21:40:22+00:00","dateModified":"2024-03-17T17:57:11+00:00","mainEntityOfPage":{"@id":"https:\/\/filles-de-la-charite.org\/it\/fr-tomaz-mavric-cm-superior-general-visits-the-daughters-of-charity-in-australia-6\/"},"wordCount":800,"publisher":{"@id":"https:\/\/filles-de-la-charite.org\/it\/#organization"},"image":{"@id":"https:\/\/filles-de-la-charite.org\/it\/fr-tomaz-mavric-cm-superior-general-visits-the-daughters-of-charity-in-australia-6\/#primaryimage"},"thumbnailUrl":"https:\/\/filles-de-la-charite.org\/wp-content\/uploads\/2023\/06\/0316-Australia-5.jpg","articleSection":["Rosalie Rendu - Regno Unito e Australia"],"inLanguage":"it-IT"},{"@type":"WebPage","@id":"https:\/\/filles-de-la-charite.org\/it\/fr-tomaz-mavric-cm-superior-general-visits-the-daughters-of-charity-in-australia-6\/","url":"https:\/\/filles-de-la-charite.org\/it\/fr-tomaz-mavric-cm-superior-general-visits-the-daughters-of-charity-in-australia-6\/","name":"Padre Toma\u017e Mavri\u010d CM, Superiore generale, visita le Figlie della Carit\u00e0 in Australia - Filles de la Charit\u00e9","isPartOf":{"@id":"https:\/\/filles-de-la-charite.org\/it\/#website"},"primaryImageOfPage":{"@id":"https:\/\/filles-de-la-charite.org\/it\/fr-tomaz-mavric-cm-superior-general-visits-the-daughters-of-charity-in-australia-6\/#primaryimage"},"image":{"@id":"https:\/\/filles-de-la-charite.org\/it\/fr-tomaz-mavric-cm-superior-general-visits-the-daughters-of-charity-in-australia-6\/#primaryimage"},"thumbnailUrl":"https:\/\/filles-de-la-charite.org\/wp-content\/uploads\/2023\/06\/0316-Australia-5.jpg","datePublished":"2020-03-16T21:40:22+00:00","dateModified":"2024-03-17T17:57:11+00:00","breadcrumb":{"@id":"https:\/\/filles-de-la-charite.org\/it\/fr-tomaz-mavric-cm-superior-general-visits-the-daughters-of-charity-in-australia-6\/#breadcrumb"},"inLanguage":"it-IT","potentialAction":[{"@type":"ReadAction","target":["https:\/\/filles-de-la-charite.org\/it\/fr-tomaz-mavric-cm-superior-general-visits-the-daughters-of-charity-in-australia-6\/"]}]},{"@type":"ImageObject","inLanguage":"it-IT","@id":"https:\/\/filles-de-la-charite.org\/it\/fr-tomaz-mavric-cm-superior-general-visits-the-daughters-of-charity-in-australia-6\/#primaryimage","url":"https:\/\/filles-de-la-charite.org\/wp-content\/uploads\/2023\/06\/0316-Australia-5.jpg","contentUrl":"https:\/\/filles-de-la-charite.org\/wp-content\/uploads\/2023\/06\/0316-Australia-5.jpg","width":1280,"height":720},{"@type":"BreadcrumbList","@id":"https:\/\/filles-de-la-charite.org\/it\/fr-tomaz-mavric-cm-superior-general-visits-the-daughters-of-charity-in-australia-6\/#breadcrumb","itemListElement":[{"@type":"ListItem","position":1,"name":"Santa Luisa - Asia","item":"https:\/\/filles-de-la-charite.org\/it\/category\/santa-luisa-asia-it\/"},{"@type":"ListItem","position":2,"name":"Padre Toma\u017e Mavri\u010d CM, Superiore generale, visita le Figlie della Carit\u00e0 in Australia"}]},{"@type":"WebSite","@id":"https:\/\/filles-de-la-charite.org\/it\/#website","url":"https:\/\/filles-de-la-charite.org\/it\/","name":"Hijas de la Caridad","description":"L\u2019amour de J\u00e9sus nous presse \u00e0 prendre soin des personnes les plus d\u00e9munies","publisher":{"@id":"https:\/\/filles-de-la-charite.org\/it\/#organization"},"potentialAction":[{"@type":"SearchAction","target":{"@type":"EntryPoint","urlTemplate":"https:\/\/filles-de-la-charite.org\/it\/?s={search_term_string}"},"query-input":{"@type":"PropertyValueSpecification","valueRequired":true,"valueName":"search_term_string"}}],"inLanguage":"it-IT"},{"@type":"Organization","@id":"https:\/\/filles-de-la-charite.org\/it\/#organization","name":"Hijas de la Caridad","url":"https:\/\/filles-de-la-charite.org\/it\/","logo":{"@type":"ImageObject","inLanguage":"it-IT","@id":"https:\/\/filles-de-la-charite.org\/it\/#\/schema\/logo\/image\/","url":"https:\/\/filles-de-la-charite.org\/wp-content\/uploads\/2023\/03\/isotipo-Hijas-de-la-Caridad.png","contentUrl":"https:\/\/filles-de-la-charite.org\/wp-content\/uploads\/2023\/03\/isotipo-Hijas-de-la-Caridad.png","width":1417,"height":1417,"caption":"Hijas de la Caridad"},"image":{"@id":"https:\/\/filles-de-la-charite.org\/it\/#\/schema\/logo\/image\/"}},{"@type":"Person","@id":"https:\/\/filles-de-la-charite.org\/it\/#\/schema\/person\/427567b2eccfc2dd7d206da186a1f438","name":"admin","image":{"@type":"ImageObject","inLanguage":"it-IT","@id":"https:\/\/secure.gravatar.com\/avatar\/948b492cce32b586ac2db0eaa926ee87024f7afe218d73b397ea5ddfc5f43ea1?s=96&d=mm&r=g","url":"https:\/\/secure.gravatar.com\/avatar\/948b492cce32b586ac2db0eaa926ee87024f7afe218d73b397ea5ddfc5f43ea1?s=96&d=mm&r=g","contentUrl":"https:\/\/secure.gravatar.com\/avatar\/948b492cce32b586ac2db0eaa926ee87024f7afe218d73b397ea5ddfc5f43ea1?s=96&d=mm&r=g","caption":"admin"},"sameAs":["https:\/\/filles-de-la-charite.org"],"url":"https:\/\/filles-de-la-charite.org\/it\/author\/caridad\/"}]}},"_links":{"self":[{"href":"https:\/\/filles-de-la-charite.org\/it\/wp-json\/wp\/v2\/posts\/23083","targetHints":{"allow":["GET"]}}],"collection":[{"href":"https:\/\/filles-de-la-charite.org\/it\/wp-json\/wp\/v2\/posts"}],"about":[{"href":"https:\/\/filles-de-la-charite.org\/it\/wp-json\/wp\/v2\/types\/post"}],"author":[{"embeddable":true,"href":"https:\/\/filles-de-la-charite.org\/it\/wp-json\/wp\/v2\/users\/1"}],"replies":[{"embeddable":true,"href":"https:\/\/filles-de-la-charite.org\/it\/wp-json\/wp\/v2\/comments?post=23083"}],"version-history":[{"count":1,"href":"https:\/\/filles-de-la-charite.org\/it\/wp-json\/wp\/v2\/posts\/23083\/revisions"}],"predecessor-version":[{"id":23084,"href":"https:\/\/filles-de-la-charite.org\/it\/wp-json\/wp\/v2\/posts\/23083\/revisions\/23084"}],"wp:featuredmedia":[{"embeddable":true,"href":"https:\/\/filles-de-la-charite.org\/it\/wp-json\/wp\/v2\/media\/14589"}],"wp:attachment":[{"href":"https:\/\/filles-de-la-charite.org\/it\/wp-json\/wp\/v2\/media?parent=23083"}],"wp:term":[{"taxonomy":"category","embeddable":true,"href":"https:\/\/filles-de-la-charite.org\/it\/wp-json\/wp\/v2\/categories?post=23083"},{"taxonomy":"post_tag","embeddable":true,"href":"https:\/\/filles-de-la-charite.org\/it\/wp-json\/wp\/v2\/tags?post=23083"}],"curies":[{"name":"wp","href":"https:\/\/api.w.org\/{rel}","templated":true}]}}