{"id":23086,"date":"2020-04-01T20:39:54","date_gmt":"2020-04-01T18:39:54","guid":{"rendered":"https:\/\/hijascaridad.sjdigitaldemo.ovh\/succession-in-the-company-6\/"},"modified":"2024-03-17T18:56:37","modified_gmt":"2024-03-17T17:56:37","slug":"succession-in-the-company-6","status":"publish","type":"post","link":"https:\/\/filles-de-la-charite.org\/it\/succession-in-the-company-6\/","title":{"rendered":"Successione nella Compagnia"},"content":{"rendered":"\n<p><h3 style=\"text-align: center;\"><span style=\"color: #0000ff;\">Lettera di padre Toma\u017e Mavri\u010d, CM<\/span> <span style=\"color: #0000ff;\">Superiore generale<\/span> <span style=\"color: #0000ff;\">1\u00b0 aprile 2020<\/span><\/h3><\/p>\n\n\n\n<p><\/p>\n\n\n\n<p> <span style=\"font-size: inherit; text-align: justify;\">La scomparsa di Suor Kathleen ci mette tutti nella tristezza, ma la nostra fede incrollabile nella Risurrezione ci mantiene nella speranza che ci rivedremo e che saremo insieme per l\u2019eternit\u00e0\u2026 Ogni buona organizzazione ha un piano di successione. La Compagnia delle Figlie della Carit\u00e0 non fa eccezione. Le vostre Costituzioni l\u2019hanno previsto. Lo scopo di questa lettera \u00e8 di informarvi delle misure che sono state o saranno prese al riguardo.<\/span> <p style=\"padding-left: 30px;\"><span style=\"color: #0000ff;\"><span style=\"color: #0432ff;\">La Costituzione 66g stabilisce: \u00ab<em>L\u2019ufficio della Superiora generale diviene vacante alla fine del suo mandato; pu\u00f2 esserlo inoltre in seguito a decesso\u2026Se l\u2019ufficio della Superiora generale diviene vacante, l\u2019Assistente generale la sostituisce fino alla successiva Assemblea generale ordinaria\u00bb.<\/em><\/span><\/span><\/p> <span style=\"font-size: inherit; text-align: justify;\">Alla morte di Suor Kathleen, Suor Fran\u00e7oise Petit, come Assistente generale, ha assunto subito questo ruolo che ricoprir\u00e0 fino all\u2019Assemblea generale, l\u2019anno prossimo. Sono fiducioso che concederete a Suor Fran\u00e7oise lo stesso sostegno e la stessa preghiera che avete accordato a Suor Kathleen. \u00c8 stata di grande aiuto a Suor Kathleen, soprattutto durante la malattia di quest\u2019ultima, e conta ora sul vostro aiuto.<\/span> <\/p>\n\n\n\n<figure class=\"wp-block-image size-large\"><img decoding=\"async\" src=\"https:\/\/filles-de-la-charite.org\/wp-content\/uploads\/2023\/06\/Appler-Petite-103-610x406-1.jpg\" alt=\"\" class=\"wp-image-40589\"\/><\/figure>\n\n\n\n<p>L\u2019ultima visita di Suor Kathleen con Suor Fran\u00e7oise nella Provincia di Sardegna, nel mese di novembre 2018[\/caption]<\/p>\n","protected":false},"excerpt":{"rendered":"<p>Lettera di padre Toma\u017e Mavri\u010d, CM Superiore generale 1\u00b0 aprile 2020 La scomparsa di Suor Kathleen ci mette tutti nella tristezza, ma la nostra fede incrollabile nella Risurrezione ci mantiene nella speranza che ci rivedremo e che saremo insieme per l\u2019eternit\u00e0\u2026 Ogni buona organizzazione ha un piano di successione. La Compagnia delle Figlie della Carit\u00e0 [&hellip;]<\/p>\n","protected":false},"author":1,"featured_media":14622,"comment_status":"closed","ping_status":"closed","sticky":false,"template":"","format":"standard","meta":{"_acf_changed":false,"_et_pb_use_builder":"","_et_pb_old_content":"","_et_gb_content_width":"","footnotes":"","_links_to":"","_links_to_target":""},"categories":[562],"tags":[],"class_list":["post-23086","post","type-post","status-publish","format-standard","has-post-thumbnail","hentry","category-casa-madre-it"],"acf":[],"yoast_head":"<!-- This site is optimized with the Yoast SEO plugin v27.5 - https:\/\/yoast.com\/product\/yoast-seo-wordpress\/ -->\n<title>Successione nella Compagnia - Filles de la Charit\u00e9<\/title>\n<meta name=\"robots\" content=\"index, follow, max-snippet:-1, max-image-preview:large, max-video-preview:-1\" \/>\n<link rel=\"canonical\" href=\"https:\/\/filles-de-la-charite.org\/it\/succession-in-the-company-6\/\" \/>\n<meta property=\"og:locale\" content=\"it_IT\" \/>\n<meta property=\"og:type\" content=\"article\" \/>\n<meta property=\"og:title\" content=\"Successione nella Compagnia - Filles de la Charit\u00e9\" \/>\n<meta property=\"og:description\" content=\"Lettera di padre Toma\u017e Mavri\u010d, CM Superiore generale 1\u00b0 aprile 2020 La scomparsa di Suor Kathleen ci mette tutti nella tristezza, ma la nostra fede incrollabile nella Risurrezione ci mantiene nella speranza che ci rivedremo e che saremo insieme per l\u2019eternit\u00e0\u2026 Ogni buona organizzazione ha un piano di successione. La Compagnia delle Figlie della Carit\u00e0 [&hellip;]\" \/>\n<meta property=\"og:url\" content=\"https:\/\/filles-de-la-charite.org\/it\/succession-in-the-company-6\/\" \/>\n<meta property=\"og:site_name\" content=\"Filles de la Charit\u00e9\" \/>\n<meta property=\"article:published_time\" content=\"2020-04-01T18:39:54+00:00\" \/>\n<meta property=\"article:modified_time\" content=\"2024-03-17T17:56:37+00:00\" \/>\n<meta property=\"og:image\" content=\"https:\/\/filles-de-la-charite.org\/wp-content\/uploads\/2023\/06\/Appler-Petite-103.jpg\" \/>\n\t<meta property=\"og:image:width\" content=\"1441\" \/>\n\t<meta property=\"og:image:height\" content=\"960\" \/>\n\t<meta property=\"og:image:type\" content=\"image\/jpeg\" \/>\n<meta name=\"author\" content=\"admin\" \/>\n<meta name=\"twitter:card\" content=\"summary_large_image\" \/>\n<meta name=\"twitter:label1\" content=\"Scritto da\" \/>\n\t<meta name=\"twitter:data1\" content=\"admin\" \/>\n\t<meta name=\"twitter:label2\" content=\"Tempo di lettura stimato\" \/>\n\t<meta name=\"twitter:data2\" content=\"1 minuto\" \/>\n<script type=\"application\/ld+json\" class=\"yoast-schema-graph\">{\"@context\":\"https:\\\/\\\/schema.org\",\"@graph\":[{\"@type\":\"Article\",\"@id\":\"https:\\\/\\\/filles-de-la-charite.org\\\/it\\\/succession-in-the-company-6\\\/#article\",\"isPartOf\":{\"@id\":\"https:\\\/\\\/filles-de-la-charite.org\\\/it\\\/succession-in-the-company-6\\\/\"},\"author\":{\"name\":\"admin\",\"@id\":\"https:\\\/\\\/filles-de-la-charite.org\\\/it\\\/#\\\/schema\\\/person\\\/427567b2eccfc2dd7d206da186a1f438\"},\"headline\":\"Successione nella Compagnia\",\"datePublished\":\"2020-04-01T18:39:54+00:00\",\"dateModified\":\"2024-03-17T17:56:37+00:00\",\"mainEntityOfPage\":{\"@id\":\"https:\\\/\\\/filles-de-la-charite.org\\\/it\\\/succession-in-the-company-6\\\/\"},\"wordCount\":211,\"publisher\":{\"@id\":\"https:\\\/\\\/filles-de-la-charite.org\\\/it\\\/#organization\"},\"image\":{\"@id\":\"https:\\\/\\\/filles-de-la-charite.org\\\/it\\\/succession-in-the-company-6\\\/#primaryimage\"},\"thumbnailUrl\":\"https:\\\/\\\/filles-de-la-charite.org\\\/wp-content\\\/uploads\\\/2023\\\/06\\\/Appler-Petite-103.jpg\",\"articleSection\":[\"Casa-Madre\"],\"inLanguage\":\"it-IT\"},{\"@type\":\"WebPage\",\"@id\":\"https:\\\/\\\/filles-de-la-charite.org\\\/it\\\/succession-in-the-company-6\\\/\",\"url\":\"https:\\\/\\\/filles-de-la-charite.org\\\/it\\\/succession-in-the-company-6\\\/\",\"name\":\"Successione nella Compagnia - Filles de la Charit\u00e9\",\"isPartOf\":{\"@id\":\"https:\\\/\\\/filles-de-la-charite.org\\\/it\\\/#website\"},\"primaryImageOfPage\":{\"@id\":\"https:\\\/\\\/filles-de-la-charite.org\\\/it\\\/succession-in-the-company-6\\\/#primaryimage\"},\"image\":{\"@id\":\"https:\\\/\\\/filles-de-la-charite.org\\\/it\\\/succession-in-the-company-6\\\/#primaryimage\"},\"thumbnailUrl\":\"https:\\\/\\\/filles-de-la-charite.org\\\/wp-content\\\/uploads\\\/2023\\\/06\\\/Appler-Petite-103.jpg\",\"datePublished\":\"2020-04-01T18:39:54+00:00\",\"dateModified\":\"2024-03-17T17:56:37+00:00\",\"breadcrumb\":{\"@id\":\"https:\\\/\\\/filles-de-la-charite.org\\\/it\\\/succession-in-the-company-6\\\/#breadcrumb\"},\"inLanguage\":\"it-IT\",\"potentialAction\":[{\"@type\":\"ReadAction\",\"target\":[\"https:\\\/\\\/filles-de-la-charite.org\\\/it\\\/succession-in-the-company-6\\\/\"]}]},{\"@type\":\"ImageObject\",\"inLanguage\":\"it-IT\",\"@id\":\"https:\\\/\\\/filles-de-la-charite.org\\\/it\\\/succession-in-the-company-6\\\/#primaryimage\",\"url\":\"https:\\\/\\\/filles-de-la-charite.org\\\/wp-content\\\/uploads\\\/2023\\\/06\\\/Appler-Petite-103.jpg\",\"contentUrl\":\"https:\\\/\\\/filles-de-la-charite.org\\\/wp-content\\\/uploads\\\/2023\\\/06\\\/Appler-Petite-103.jpg\",\"width\":1441,\"height\":960},{\"@type\":\"BreadcrumbList\",\"@id\":\"https:\\\/\\\/filles-de-la-charite.org\\\/it\\\/succession-in-the-company-6\\\/#breadcrumb\",\"itemListElement\":[{\"@type\":\"ListItem\",\"position\":1,\"name\":\"Varsavia - Polonia\",\"item\":\"https:\\\/\\\/filles-de-la-charite.org\\\/it\\\/category\\\/varsavia-polonia-it\\\/\"},{\"@type\":\"ListItem\",\"position\":2,\"name\":\"Successione nella Compagnia\"}]},{\"@type\":\"WebSite\",\"@id\":\"https:\\\/\\\/filles-de-la-charite.org\\\/it\\\/#website\",\"url\":\"https:\\\/\\\/filles-de-la-charite.org\\\/it\\\/\",\"name\":\"Hijas de la Caridad\",\"description\":\"L\u2019amour de J\u00e9sus nous presse \u00e0 prendre soin des personnes les plus d\u00e9munies\",\"publisher\":{\"@id\":\"https:\\\/\\\/filles-de-la-charite.org\\\/it\\\/#organization\"},\"potentialAction\":[{\"@type\":\"SearchAction\",\"target\":{\"@type\":\"EntryPoint\",\"urlTemplate\":\"https:\\\/\\\/filles-de-la-charite.org\\\/it\\\/?s={search_term_string}\"},\"query-input\":{\"@type\":\"PropertyValueSpecification\",\"valueRequired\":true,\"valueName\":\"search_term_string\"}}],\"inLanguage\":\"it-IT\"},{\"@type\":\"Organization\",\"@id\":\"https:\\\/\\\/filles-de-la-charite.org\\\/it\\\/#organization\",\"name\":\"Hijas de la Caridad\",\"url\":\"https:\\\/\\\/filles-de-la-charite.org\\\/it\\\/\",\"logo\":{\"@type\":\"ImageObject\",\"inLanguage\":\"it-IT\",\"@id\":\"https:\\\/\\\/filles-de-la-charite.org\\\/it\\\/#\\\/schema\\\/logo\\\/image\\\/\",\"url\":\"https:\\\/\\\/filles-de-la-charite.org\\\/wp-content\\\/uploads\\\/2023\\\/03\\\/isotipo-Hijas-de-la-Caridad.png\",\"contentUrl\":\"https:\\\/\\\/filles-de-la-charite.org\\\/wp-content\\\/uploads\\\/2023\\\/03\\\/isotipo-Hijas-de-la-Caridad.png\",\"width\":1417,\"height\":1417,\"caption\":\"Hijas de la Caridad\"},\"image\":{\"@id\":\"https:\\\/\\\/filles-de-la-charite.org\\\/it\\\/#\\\/schema\\\/logo\\\/image\\\/\"}},{\"@type\":\"Person\",\"@id\":\"https:\\\/\\\/filles-de-la-charite.org\\\/it\\\/#\\\/schema\\\/person\\\/427567b2eccfc2dd7d206da186a1f438\",\"name\":\"admin\",\"image\":{\"@type\":\"ImageObject\",\"inLanguage\":\"it-IT\",\"@id\":\"https:\\\/\\\/secure.gravatar.com\\\/avatar\\\/948b492cce32b586ac2db0eaa926ee87024f7afe218d73b397ea5ddfc5f43ea1?s=96&d=mm&r=g\",\"url\":\"https:\\\/\\\/secure.gravatar.com\\\/avatar\\\/948b492cce32b586ac2db0eaa926ee87024f7afe218d73b397ea5ddfc5f43ea1?s=96&d=mm&r=g\",\"contentUrl\":\"https:\\\/\\\/secure.gravatar.com\\\/avatar\\\/948b492cce32b586ac2db0eaa926ee87024f7afe218d73b397ea5ddfc5f43ea1?s=96&d=mm&r=g\",\"caption\":\"admin\"},\"sameAs\":[\"https:\\\/\\\/filles-de-la-charite.org\"],\"url\":\"https:\\\/\\\/filles-de-la-charite.org\\\/it\\\/author\\\/caridad\\\/\"}]}<\/script>\n<!-- \/ Yoast SEO plugin. -->","yoast_head_json":{"title":"Successione nella Compagnia - Filles de la Charit\u00e9","robots":{"index":"index","follow":"follow","max-snippet":"max-snippet:-1","max-image-preview":"max-image-preview:large","max-video-preview":"max-video-preview:-1"},"canonical":"https:\/\/filles-de-la-charite.org\/it\/succession-in-the-company-6\/","og_locale":"it_IT","og_type":"article","og_title":"Successione nella Compagnia - Filles de la Charit\u00e9","og_description":"Lettera di padre Toma\u017e Mavri\u010d, CM Superiore generale 1\u00b0 aprile 2020 La scomparsa di Suor Kathleen ci mette tutti nella tristezza, ma la nostra fede incrollabile nella Risurrezione ci mantiene nella speranza che ci rivedremo e che saremo insieme per l\u2019eternit\u00e0\u2026 Ogni buona organizzazione ha un piano di successione. La Compagnia delle Figlie della Carit\u00e0 [&hellip;]","og_url":"https:\/\/filles-de-la-charite.org\/it\/succession-in-the-company-6\/","og_site_name":"Filles de la Charit\u00e9","article_published_time":"2020-04-01T18:39:54+00:00","article_modified_time":"2024-03-17T17:56:37+00:00","og_image":[{"width":1441,"height":960,"url":"https:\/\/filles-de-la-charite.org\/wp-content\/uploads\/2023\/06\/Appler-Petite-103.jpg","type":"image\/jpeg"}],"author":"admin","twitter_card":"summary_large_image","twitter_misc":{"Scritto da":"admin","Tempo di lettura stimato":"1 minuto"},"schema":{"@context":"https:\/\/schema.org","@graph":[{"@type":"Article","@id":"https:\/\/filles-de-la-charite.org\/it\/succession-in-the-company-6\/#article","isPartOf":{"@id":"https:\/\/filles-de-la-charite.org\/it\/succession-in-the-company-6\/"},"author":{"name":"admin","@id":"https:\/\/filles-de-la-charite.org\/it\/#\/schema\/person\/427567b2eccfc2dd7d206da186a1f438"},"headline":"Successione nella Compagnia","datePublished":"2020-04-01T18:39:54+00:00","dateModified":"2024-03-17T17:56:37+00:00","mainEntityOfPage":{"@id":"https:\/\/filles-de-la-charite.org\/it\/succession-in-the-company-6\/"},"wordCount":211,"publisher":{"@id":"https:\/\/filles-de-la-charite.org\/it\/#organization"},"image":{"@id":"https:\/\/filles-de-la-charite.org\/it\/succession-in-the-company-6\/#primaryimage"},"thumbnailUrl":"https:\/\/filles-de-la-charite.org\/wp-content\/uploads\/2023\/06\/Appler-Petite-103.jpg","articleSection":["Casa-Madre"],"inLanguage":"it-IT"},{"@type":"WebPage","@id":"https:\/\/filles-de-la-charite.org\/it\/succession-in-the-company-6\/","url":"https:\/\/filles-de-la-charite.org\/it\/succession-in-the-company-6\/","name":"Successione nella Compagnia - Filles de la Charit\u00e9","isPartOf":{"@id":"https:\/\/filles-de-la-charite.org\/it\/#website"},"primaryImageOfPage":{"@id":"https:\/\/filles-de-la-charite.org\/it\/succession-in-the-company-6\/#primaryimage"},"image":{"@id":"https:\/\/filles-de-la-charite.org\/it\/succession-in-the-company-6\/#primaryimage"},"thumbnailUrl":"https:\/\/filles-de-la-charite.org\/wp-content\/uploads\/2023\/06\/Appler-Petite-103.jpg","datePublished":"2020-04-01T18:39:54+00:00","dateModified":"2024-03-17T17:56:37+00:00","breadcrumb":{"@id":"https:\/\/filles-de-la-charite.org\/it\/succession-in-the-company-6\/#breadcrumb"},"inLanguage":"it-IT","potentialAction":[{"@type":"ReadAction","target":["https:\/\/filles-de-la-charite.org\/it\/succession-in-the-company-6\/"]}]},{"@type":"ImageObject","inLanguage":"it-IT","@id":"https:\/\/filles-de-la-charite.org\/it\/succession-in-the-company-6\/#primaryimage","url":"https:\/\/filles-de-la-charite.org\/wp-content\/uploads\/2023\/06\/Appler-Petite-103.jpg","contentUrl":"https:\/\/filles-de-la-charite.org\/wp-content\/uploads\/2023\/06\/Appler-Petite-103.jpg","width":1441,"height":960},{"@type":"BreadcrumbList","@id":"https:\/\/filles-de-la-charite.org\/it\/succession-in-the-company-6\/#breadcrumb","itemListElement":[{"@type":"ListItem","position":1,"name":"Varsavia - Polonia","item":"https:\/\/filles-de-la-charite.org\/it\/category\/varsavia-polonia-it\/"},{"@type":"ListItem","position":2,"name":"Successione nella Compagnia"}]},{"@type":"WebSite","@id":"https:\/\/filles-de-la-charite.org\/it\/#website","url":"https:\/\/filles-de-la-charite.org\/it\/","name":"Hijas de la Caridad","description":"L\u2019amour de J\u00e9sus nous presse \u00e0 prendre soin des personnes les plus d\u00e9munies","publisher":{"@id":"https:\/\/filles-de-la-charite.org\/it\/#organization"},"potentialAction":[{"@type":"SearchAction","target":{"@type":"EntryPoint","urlTemplate":"https:\/\/filles-de-la-charite.org\/it\/?s={search_term_string}"},"query-input":{"@type":"PropertyValueSpecification","valueRequired":true,"valueName":"search_term_string"}}],"inLanguage":"it-IT"},{"@type":"Organization","@id":"https:\/\/filles-de-la-charite.org\/it\/#organization","name":"Hijas de la Caridad","url":"https:\/\/filles-de-la-charite.org\/it\/","logo":{"@type":"ImageObject","inLanguage":"it-IT","@id":"https:\/\/filles-de-la-charite.org\/it\/#\/schema\/logo\/image\/","url":"https:\/\/filles-de-la-charite.org\/wp-content\/uploads\/2023\/03\/isotipo-Hijas-de-la-Caridad.png","contentUrl":"https:\/\/filles-de-la-charite.org\/wp-content\/uploads\/2023\/03\/isotipo-Hijas-de-la-Caridad.png","width":1417,"height":1417,"caption":"Hijas de la Caridad"},"image":{"@id":"https:\/\/filles-de-la-charite.org\/it\/#\/schema\/logo\/image\/"}},{"@type":"Person","@id":"https:\/\/filles-de-la-charite.org\/it\/#\/schema\/person\/427567b2eccfc2dd7d206da186a1f438","name":"admin","image":{"@type":"ImageObject","inLanguage":"it-IT","@id":"https:\/\/secure.gravatar.com\/avatar\/948b492cce32b586ac2db0eaa926ee87024f7afe218d73b397ea5ddfc5f43ea1?s=96&d=mm&r=g","url":"https:\/\/secure.gravatar.com\/avatar\/948b492cce32b586ac2db0eaa926ee87024f7afe218d73b397ea5ddfc5f43ea1?s=96&d=mm&r=g","contentUrl":"https:\/\/secure.gravatar.com\/avatar\/948b492cce32b586ac2db0eaa926ee87024f7afe218d73b397ea5ddfc5f43ea1?s=96&d=mm&r=g","caption":"admin"},"sameAs":["https:\/\/filles-de-la-charite.org"],"url":"https:\/\/filles-de-la-charite.org\/it\/author\/caridad\/"}]}},"_links":{"self":[{"href":"https:\/\/filles-de-la-charite.org\/it\/wp-json\/wp\/v2\/posts\/23086","targetHints":{"allow":["GET"]}}],"collection":[{"href":"https:\/\/filles-de-la-charite.org\/it\/wp-json\/wp\/v2\/posts"}],"about":[{"href":"https:\/\/filles-de-la-charite.org\/it\/wp-json\/wp\/v2\/types\/post"}],"author":[{"embeddable":true,"href":"https:\/\/filles-de-la-charite.org\/it\/wp-json\/wp\/v2\/users\/1"}],"replies":[{"embeddable":true,"href":"https:\/\/filles-de-la-charite.org\/it\/wp-json\/wp\/v2\/comments?post=23086"}],"version-history":[{"count":1,"href":"https:\/\/filles-de-la-charite.org\/it\/wp-json\/wp\/v2\/posts\/23086\/revisions"}],"predecessor-version":[{"id":23087,"href":"https:\/\/filles-de-la-charite.org\/it\/wp-json\/wp\/v2\/posts\/23086\/revisions\/23087"}],"wp:featuredmedia":[{"embeddable":true,"href":"https:\/\/filles-de-la-charite.org\/it\/wp-json\/wp\/v2\/media\/14622"}],"wp:attachment":[{"href":"https:\/\/filles-de-la-charite.org\/it\/wp-json\/wp\/v2\/media?parent=23086"}],"wp:term":[{"taxonomy":"category","embeddable":true,"href":"https:\/\/filles-de-la-charite.org\/it\/wp-json\/wp\/v2\/categories?post=23086"},{"taxonomy":"post_tag","embeddable":true,"href":"https:\/\/filles-de-la-charite.org\/it\/wp-json\/wp\/v2\/tags?post=23086"}],"curies":[{"name":"wp","href":"https:\/\/api.w.org\/{rel}","templated":true}]}}