{"id":23088,"date":"2020-04-06T07:03:09","date_gmt":"2020-04-06T05:03:09","guid":{"rendered":"https:\/\/hijascaridad.sjdigitaldemo.ovh\/first-vincentian-formation-session-for-the-daughters-of-charity-of-brazil-6\/"},"modified":"2024-03-17T18:56:21","modified_gmt":"2024-03-17T17:56:21","slug":"first-vincentian-formation-session-for-the-daughters-of-charity-of-brazil-6","status":"publish","type":"post","link":"https:\/\/filles-de-la-charite.org\/it\/first-vincentian-formation-session-for-the-daughters-of-charity-of-brazil-6\/","title":{"rendered":"Prima sessione di formazione vincenziana per le Figlie della Carit\u00e0 del Brasile"},"content":{"rendered":"\n<p><\/p>\n\n\n\n<p>MAGNIFICAT, SIGNORE! S\u00ec, Magnificat per questa felice ispirazione di organizzare un\u2019intensa formazione Vincenziana che ha riunito tutte le Province delle Figlie della Carit\u00e0 del Brasile.<\/p>\n\n\n\n<p>La Sessione di Formazione Vincenziana per le Figlie della Carit\u00e0 delle sei Province del Brasile si \u00e8 tenuta a Rio de Janeiro dal 1\u00b0 luglio al 3 agosto 2019. \u00c8 stato un momento di condivisione, di studio, di rinvigorimento del Carisma Vincenziano, di riscoperta, di conoscenza, di incontri\u2026 Benedetto sia Dio! \u00c8 stata un\u2019iniziativa illuminata dallo Spirito Santo e guidata dalla presenza materna della Beata Vergine Maria.<\/p>\n\n\n\n<p>La Formazione aveva lo scopo di rinvigorire il nostro amore per Ges\u00f9 Cristo nella persona dei Pqoveri, per il carisma e per il senso di appartenenza alla Compagnia, per essere pi\u00f9 profondamente radicati nella nostra eredit\u00e0 vincenziana, per vivere con fedelt\u00e0 e autenticit\u00e0 la nostra vocazione di Serve e per aprire la strada ad un futuro illuminato da Ges\u00f9 Cristo. La Sessione ha avuto inizio nel maggio 2018, quando le Visitatrici si sono incontrate nella Casa Madre a Parigi; hanno pregato per l\u2019idea e l\u2019hanno presentata a Dio. I dettagli sono stati poi pianificati, studiati e sottoposti alle Visitatrici che hanno chiesto l\u2019approvazione del Consiglio Generale. Fu cos\u00ec che nacque la prima Sessione di Formazione Vincenziana in Brasile. Il tema era: Questa \u00e8 la nostra Vocazione: ESSERE PERSONE DI DIO E SERVE DEI NOSTRI FRATELLI E SORELLE. Prima di tutto, siamo chiamati alla consapevolezza del divino nel nostro essere; poi, siamo invitati ad assumere una posizione di apprendimento attraverso lo studio e la preghiera e a lasciare che il Maestro ci lavi i piedi affinch\u00e9 possiamo ricevere il suo Spirito e seguire il suo esempio. La nostra vera vocazione \u00e8 quella di servire e cos\u00ec USCIREMO per incontrare i nostri fratelli e le nostre sorelle, specialmente quelli che sono pi\u00f9 svantaggiati, per servirli con amore.<\/p>\n\n\n\n<p>La nostra gratitudine a Suor Kathleen e al Consiglio Generale, all\u2019\u00c9quipe Organizzatrice, alle Visitatrici e al loro Consiglio, ai Direttori Provinciali e a tutti coloro che hanno contribuito a rendere la prima Sessione di Formazione Vincenziana delle Figlie della Carit\u00e0 in Brasile profondamente significativa.<\/p>\n\n\n\n<p><em>Sr.Faride Pereira Dutra<\/em><\/p>\n\n\n\n<figure class=\"wp-block-image size-large\"><img decoding=\"async\" src=\"https:\/\/filles-de-la-charite.org\/wp-content\/uploads\/2023\/06\/200306-Brazil-1-610x435-1.jpg\" alt=\"\" class=\"wp-image-40450\"\/><\/figure>\n","protected":false},"excerpt":{"rendered":"<p>MAGNIFICAT, SIGNORE! S\u00ec, Magnificat per questa felice ispirazione di organizzare un\u2019intensa formazione Vincenziana che ha riunito tutte le Province delle Figlie della Carit\u00e0 del Brasile. La Sessione di Formazione Vincenziana per le Figlie della Carit\u00e0 delle sei Province del Brasile si \u00e8 tenuta a Rio de Janeiro dal 1\u00b0 luglio al 3 agosto 2019. \u00c8 [&hellip;]<\/p>\n","protected":false},"author":1,"featured_media":14637,"comment_status":"closed","ping_status":"closed","sticky":false,"template":"","format":"standard","meta":{"_acf_changed":false,"footnotes":"","_links_to":"","_links_to_target":""},"categories":[666],"tags":[],"class_list":["post-23088","post","type-post","status-publish","format-standard","has-post-thumbnail","hentry","category-rio-de-janeiro-brasile-it"],"acf":[],"yoast_head":"<!-- This site is optimized with the Yoast SEO plugin v27.5 - https:\/\/yoast.com\/product\/yoast-seo-wordpress\/ -->\n<title>Prima sessione di formazione vincenziana per le Figlie della Carit\u00e0 del Brasile - Filles de la Charit\u00e9<\/title>\n<meta name=\"robots\" content=\"index, follow, max-snippet:-1, max-image-preview:large, max-video-preview:-1\" \/>\n<link rel=\"canonical\" href=\"https:\/\/filles-de-la-charite.org\/it\/first-vincentian-formation-session-for-the-daughters-of-charity-of-brazil-6\/\" \/>\n<meta property=\"og:locale\" content=\"it_IT\" \/>\n<meta property=\"og:type\" content=\"article\" \/>\n<meta property=\"og:title\" content=\"Prima sessione di formazione vincenziana per le Figlie della Carit\u00e0 del Brasile - Filles de la Charit\u00e9\" \/>\n<meta property=\"og:description\" content=\"MAGNIFICAT, SIGNORE! S\u00ec, Magnificat per questa felice ispirazione di organizzare un\u2019intensa formazione Vincenziana che ha riunito tutte le Province delle Figlie della Carit\u00e0 del Brasile. La Sessione di Formazione Vincenziana per le Figlie della Carit\u00e0 delle sei Province del Brasile si \u00e8 tenuta a Rio de Janeiro dal 1\u00b0 luglio al 3 agosto 2019. \u00c8 [&hellip;]\" \/>\n<meta property=\"og:url\" content=\"https:\/\/filles-de-la-charite.org\/it\/first-vincentian-formation-session-for-the-daughters-of-charity-of-brazil-6\/\" \/>\n<meta property=\"og:site_name\" content=\"Filles de la Charit\u00e9\" \/>\n<meta property=\"article:published_time\" content=\"2020-04-06T05:03:09+00:00\" \/>\n<meta property=\"article:modified_time\" content=\"2024-03-17T17:56:21+00:00\" \/>\n<meta property=\"og:image\" content=\"https:\/\/filles-de-la-charite.org\/wp-content\/uploads\/2023\/06\/200406-Brazil-ftd.jpg\" \/>\n\t<meta property=\"og:image:width\" content=\"1200\" \/>\n\t<meta property=\"og:image:height\" content=\"630\" \/>\n\t<meta property=\"og:image:type\" content=\"image\/jpeg\" \/>\n<meta name=\"author\" content=\"admin\" \/>\n<meta name=\"twitter:card\" content=\"summary_large_image\" \/>\n<meta name=\"twitter:label1\" content=\"Scritto da\" \/>\n\t<meta name=\"twitter:data1\" content=\"admin\" \/>\n\t<meta name=\"twitter:label2\" content=\"Tempo di lettura stimato\" \/>\n\t<meta name=\"twitter:data2\" content=\"2 minuti\" \/>\n<script type=\"application\/ld+json\" class=\"yoast-schema-graph\">{\"@context\":\"https:\\\/\\\/schema.org\",\"@graph\":[{\"@type\":\"Article\",\"@id\":\"https:\\\/\\\/filles-de-la-charite.org\\\/it\\\/first-vincentian-formation-session-for-the-daughters-of-charity-of-brazil-6\\\/#article\",\"isPartOf\":{\"@id\":\"https:\\\/\\\/filles-de-la-charite.org\\\/it\\\/first-vincentian-formation-session-for-the-daughters-of-charity-of-brazil-6\\\/\"},\"author\":{\"name\":\"admin\",\"@id\":\"https:\\\/\\\/filles-de-la-charite.org\\\/it\\\/#\\\/schema\\\/person\\\/427567b2eccfc2dd7d206da186a1f438\"},\"headline\":\"Prima sessione di formazione vincenziana per le Figlie della Carit\u00e0 del Brasile\",\"datePublished\":\"2020-04-06T05:03:09+00:00\",\"dateModified\":\"2024-03-17T17:56:21+00:00\",\"mainEntityOfPage\":{\"@id\":\"https:\\\/\\\/filles-de-la-charite.org\\\/it\\\/first-vincentian-formation-session-for-the-daughters-of-charity-of-brazil-6\\\/\"},\"wordCount\":364,\"publisher\":{\"@id\":\"https:\\\/\\\/filles-de-la-charite.org\\\/it\\\/#organization\"},\"image\":{\"@id\":\"https:\\\/\\\/filles-de-la-charite.org\\\/it\\\/first-vincentian-formation-session-for-the-daughters-of-charity-of-brazil-6\\\/#primaryimage\"},\"thumbnailUrl\":\"https:\\\/\\\/filles-de-la-charite.org\\\/wp-content\\\/uploads\\\/2023\\\/06\\\/200406-Brazil-ftd.jpg\",\"articleSection\":[\"Rio de Janeiro - Brasile\"],\"inLanguage\":\"it-IT\"},{\"@type\":\"WebPage\",\"@id\":\"https:\\\/\\\/filles-de-la-charite.org\\\/it\\\/first-vincentian-formation-session-for-the-daughters-of-charity-of-brazil-6\\\/\",\"url\":\"https:\\\/\\\/filles-de-la-charite.org\\\/it\\\/first-vincentian-formation-session-for-the-daughters-of-charity-of-brazil-6\\\/\",\"name\":\"Prima sessione di formazione vincenziana per le Figlie della Carit\u00e0 del Brasile - Filles de la Charit\u00e9\",\"isPartOf\":{\"@id\":\"https:\\\/\\\/filles-de-la-charite.org\\\/it\\\/#website\"},\"primaryImageOfPage\":{\"@id\":\"https:\\\/\\\/filles-de-la-charite.org\\\/it\\\/first-vincentian-formation-session-for-the-daughters-of-charity-of-brazil-6\\\/#primaryimage\"},\"image\":{\"@id\":\"https:\\\/\\\/filles-de-la-charite.org\\\/it\\\/first-vincentian-formation-session-for-the-daughters-of-charity-of-brazil-6\\\/#primaryimage\"},\"thumbnailUrl\":\"https:\\\/\\\/filles-de-la-charite.org\\\/wp-content\\\/uploads\\\/2023\\\/06\\\/200406-Brazil-ftd.jpg\",\"datePublished\":\"2020-04-06T05:03:09+00:00\",\"dateModified\":\"2024-03-17T17:56:21+00:00\",\"breadcrumb\":{\"@id\":\"https:\\\/\\\/filles-de-la-charite.org\\\/it\\\/first-vincentian-formation-session-for-the-daughters-of-charity-of-brazil-6\\\/#breadcrumb\"},\"inLanguage\":\"it-IT\",\"potentialAction\":[{\"@type\":\"ReadAction\",\"target\":[\"https:\\\/\\\/filles-de-la-charite.org\\\/it\\\/first-vincentian-formation-session-for-the-daughters-of-charity-of-brazil-6\\\/\"]}]},{\"@type\":\"ImageObject\",\"inLanguage\":\"it-IT\",\"@id\":\"https:\\\/\\\/filles-de-la-charite.org\\\/it\\\/first-vincentian-formation-session-for-the-daughters-of-charity-of-brazil-6\\\/#primaryimage\",\"url\":\"https:\\\/\\\/filles-de-la-charite.org\\\/wp-content\\\/uploads\\\/2023\\\/06\\\/200406-Brazil-ftd.jpg\",\"contentUrl\":\"https:\\\/\\\/filles-de-la-charite.org\\\/wp-content\\\/uploads\\\/2023\\\/06\\\/200406-Brazil-ftd.jpg\",\"width\":1200,\"height\":630},{\"@type\":\"BreadcrumbList\",\"@id\":\"https:\\\/\\\/filles-de-la-charite.org\\\/it\\\/first-vincentian-formation-session-for-the-daughters-of-charity-of-brazil-6\\\/#breadcrumb\",\"itemListElement\":[{\"@type\":\"ListItem\",\"position\":1,\"name\":\"Belo Horizonte - Brasile\",\"item\":\"https:\\\/\\\/filles-de-la-charite.org\\\/it\\\/category\\\/belo-horizonte-brasile-it\\\/\"},{\"@type\":\"ListItem\",\"position\":2,\"name\":\"Prima sessione di formazione vincenziana per le Figlie della Carit\u00e0 del Brasile\"}]},{\"@type\":\"WebSite\",\"@id\":\"https:\\\/\\\/filles-de-la-charite.org\\\/it\\\/#website\",\"url\":\"https:\\\/\\\/filles-de-la-charite.org\\\/it\\\/\",\"name\":\"Hijas de la Caridad\",\"description\":\"L\u2019amour de J\u00e9sus nous presse \u00e0 prendre soin des personnes les plus d\u00e9munies\",\"publisher\":{\"@id\":\"https:\\\/\\\/filles-de-la-charite.org\\\/it\\\/#organization\"},\"potentialAction\":[{\"@type\":\"SearchAction\",\"target\":{\"@type\":\"EntryPoint\",\"urlTemplate\":\"https:\\\/\\\/filles-de-la-charite.org\\\/it\\\/?s={search_term_string}\"},\"query-input\":{\"@type\":\"PropertyValueSpecification\",\"valueRequired\":true,\"valueName\":\"search_term_string\"}}],\"inLanguage\":\"it-IT\"},{\"@type\":\"Organization\",\"@id\":\"https:\\\/\\\/filles-de-la-charite.org\\\/it\\\/#organization\",\"name\":\"Hijas de la Caridad\",\"url\":\"https:\\\/\\\/filles-de-la-charite.org\\\/it\\\/\",\"logo\":{\"@type\":\"ImageObject\",\"inLanguage\":\"it-IT\",\"@id\":\"https:\\\/\\\/filles-de-la-charite.org\\\/it\\\/#\\\/schema\\\/logo\\\/image\\\/\",\"url\":\"https:\\\/\\\/filles-de-la-charite.org\\\/wp-content\\\/uploads\\\/2023\\\/03\\\/isotipo-Hijas-de-la-Caridad.png\",\"contentUrl\":\"https:\\\/\\\/filles-de-la-charite.org\\\/wp-content\\\/uploads\\\/2023\\\/03\\\/isotipo-Hijas-de-la-Caridad.png\",\"width\":1417,\"height\":1417,\"caption\":\"Hijas de la Caridad\"},\"image\":{\"@id\":\"https:\\\/\\\/filles-de-la-charite.org\\\/it\\\/#\\\/schema\\\/logo\\\/image\\\/\"}},{\"@type\":\"Person\",\"@id\":\"https:\\\/\\\/filles-de-la-charite.org\\\/it\\\/#\\\/schema\\\/person\\\/427567b2eccfc2dd7d206da186a1f438\",\"name\":\"admin\",\"image\":{\"@type\":\"ImageObject\",\"inLanguage\":\"it-IT\",\"@id\":\"https:\\\/\\\/secure.gravatar.com\\\/avatar\\\/948b492cce32b586ac2db0eaa926ee87024f7afe218d73b397ea5ddfc5f43ea1?s=96&d=mm&r=g\",\"url\":\"https:\\\/\\\/secure.gravatar.com\\\/avatar\\\/948b492cce32b586ac2db0eaa926ee87024f7afe218d73b397ea5ddfc5f43ea1?s=96&d=mm&r=g\",\"contentUrl\":\"https:\\\/\\\/secure.gravatar.com\\\/avatar\\\/948b492cce32b586ac2db0eaa926ee87024f7afe218d73b397ea5ddfc5f43ea1?s=96&d=mm&r=g\",\"caption\":\"admin\"},\"sameAs\":[\"https:\\\/\\\/filles-de-la-charite.org\"],\"url\":\"https:\\\/\\\/filles-de-la-charite.org\\\/it\\\/author\\\/caridad\\\/\"}]}<\/script>\n<!-- \/ Yoast SEO plugin. -->","yoast_head_json":{"title":"Prima sessione di formazione vincenziana per le Figlie della Carit\u00e0 del Brasile - Filles de la Charit\u00e9","robots":{"index":"index","follow":"follow","max-snippet":"max-snippet:-1","max-image-preview":"max-image-preview:large","max-video-preview":"max-video-preview:-1"},"canonical":"https:\/\/filles-de-la-charite.org\/it\/first-vincentian-formation-session-for-the-daughters-of-charity-of-brazil-6\/","og_locale":"it_IT","og_type":"article","og_title":"Prima sessione di formazione vincenziana per le Figlie della Carit\u00e0 del Brasile - Filles de la Charit\u00e9","og_description":"MAGNIFICAT, SIGNORE! S\u00ec, Magnificat per questa felice ispirazione di organizzare un\u2019intensa formazione Vincenziana che ha riunito tutte le Province delle Figlie della Carit\u00e0 del Brasile. La Sessione di Formazione Vincenziana per le Figlie della Carit\u00e0 delle sei Province del Brasile si \u00e8 tenuta a Rio de Janeiro dal 1\u00b0 luglio al 3 agosto 2019. \u00c8 [&hellip;]","og_url":"https:\/\/filles-de-la-charite.org\/it\/first-vincentian-formation-session-for-the-daughters-of-charity-of-brazil-6\/","og_site_name":"Filles de la Charit\u00e9","article_published_time":"2020-04-06T05:03:09+00:00","article_modified_time":"2024-03-17T17:56:21+00:00","og_image":[{"width":1200,"height":630,"url":"https:\/\/filles-de-la-charite.org\/wp-content\/uploads\/2023\/06\/200406-Brazil-ftd.jpg","type":"image\/jpeg"}],"author":"admin","twitter_card":"summary_large_image","twitter_misc":{"Scritto da":"admin","Tempo di lettura stimato":"2 minuti"},"schema":{"@context":"https:\/\/schema.org","@graph":[{"@type":"Article","@id":"https:\/\/filles-de-la-charite.org\/it\/first-vincentian-formation-session-for-the-daughters-of-charity-of-brazil-6\/#article","isPartOf":{"@id":"https:\/\/filles-de-la-charite.org\/it\/first-vincentian-formation-session-for-the-daughters-of-charity-of-brazil-6\/"},"author":{"name":"admin","@id":"https:\/\/filles-de-la-charite.org\/it\/#\/schema\/person\/427567b2eccfc2dd7d206da186a1f438"},"headline":"Prima sessione di formazione vincenziana per le Figlie della Carit\u00e0 del Brasile","datePublished":"2020-04-06T05:03:09+00:00","dateModified":"2024-03-17T17:56:21+00:00","mainEntityOfPage":{"@id":"https:\/\/filles-de-la-charite.org\/it\/first-vincentian-formation-session-for-the-daughters-of-charity-of-brazil-6\/"},"wordCount":364,"publisher":{"@id":"https:\/\/filles-de-la-charite.org\/it\/#organization"},"image":{"@id":"https:\/\/filles-de-la-charite.org\/it\/first-vincentian-formation-session-for-the-daughters-of-charity-of-brazil-6\/#primaryimage"},"thumbnailUrl":"https:\/\/filles-de-la-charite.org\/wp-content\/uploads\/2023\/06\/200406-Brazil-ftd.jpg","articleSection":["Rio de Janeiro - Brasile"],"inLanguage":"it-IT"},{"@type":"WebPage","@id":"https:\/\/filles-de-la-charite.org\/it\/first-vincentian-formation-session-for-the-daughters-of-charity-of-brazil-6\/","url":"https:\/\/filles-de-la-charite.org\/it\/first-vincentian-formation-session-for-the-daughters-of-charity-of-brazil-6\/","name":"Prima sessione di formazione vincenziana per le Figlie della Carit\u00e0 del Brasile - Filles de la Charit\u00e9","isPartOf":{"@id":"https:\/\/filles-de-la-charite.org\/it\/#website"},"primaryImageOfPage":{"@id":"https:\/\/filles-de-la-charite.org\/it\/first-vincentian-formation-session-for-the-daughters-of-charity-of-brazil-6\/#primaryimage"},"image":{"@id":"https:\/\/filles-de-la-charite.org\/it\/first-vincentian-formation-session-for-the-daughters-of-charity-of-brazil-6\/#primaryimage"},"thumbnailUrl":"https:\/\/filles-de-la-charite.org\/wp-content\/uploads\/2023\/06\/200406-Brazil-ftd.jpg","datePublished":"2020-04-06T05:03:09+00:00","dateModified":"2024-03-17T17:56:21+00:00","breadcrumb":{"@id":"https:\/\/filles-de-la-charite.org\/it\/first-vincentian-formation-session-for-the-daughters-of-charity-of-brazil-6\/#breadcrumb"},"inLanguage":"it-IT","potentialAction":[{"@type":"ReadAction","target":["https:\/\/filles-de-la-charite.org\/it\/first-vincentian-formation-session-for-the-daughters-of-charity-of-brazil-6\/"]}]},{"@type":"ImageObject","inLanguage":"it-IT","@id":"https:\/\/filles-de-la-charite.org\/it\/first-vincentian-formation-session-for-the-daughters-of-charity-of-brazil-6\/#primaryimage","url":"https:\/\/filles-de-la-charite.org\/wp-content\/uploads\/2023\/06\/200406-Brazil-ftd.jpg","contentUrl":"https:\/\/filles-de-la-charite.org\/wp-content\/uploads\/2023\/06\/200406-Brazil-ftd.jpg","width":1200,"height":630},{"@type":"BreadcrumbList","@id":"https:\/\/filles-de-la-charite.org\/it\/first-vincentian-formation-session-for-the-daughters-of-charity-of-brazil-6\/#breadcrumb","itemListElement":[{"@type":"ListItem","position":1,"name":"Belo Horizonte - Brasile","item":"https:\/\/filles-de-la-charite.org\/it\/category\/belo-horizonte-brasile-it\/"},{"@type":"ListItem","position":2,"name":"Prima sessione di formazione vincenziana per le Figlie della Carit\u00e0 del Brasile"}]},{"@type":"WebSite","@id":"https:\/\/filles-de-la-charite.org\/it\/#website","url":"https:\/\/filles-de-la-charite.org\/it\/","name":"Hijas de la Caridad","description":"L\u2019amour de J\u00e9sus nous presse \u00e0 prendre soin des personnes les plus d\u00e9munies","publisher":{"@id":"https:\/\/filles-de-la-charite.org\/it\/#organization"},"potentialAction":[{"@type":"SearchAction","target":{"@type":"EntryPoint","urlTemplate":"https:\/\/filles-de-la-charite.org\/it\/?s={search_term_string}"},"query-input":{"@type":"PropertyValueSpecification","valueRequired":true,"valueName":"search_term_string"}}],"inLanguage":"it-IT"},{"@type":"Organization","@id":"https:\/\/filles-de-la-charite.org\/it\/#organization","name":"Hijas de la Caridad","url":"https:\/\/filles-de-la-charite.org\/it\/","logo":{"@type":"ImageObject","inLanguage":"it-IT","@id":"https:\/\/filles-de-la-charite.org\/it\/#\/schema\/logo\/image\/","url":"https:\/\/filles-de-la-charite.org\/wp-content\/uploads\/2023\/03\/isotipo-Hijas-de-la-Caridad.png","contentUrl":"https:\/\/filles-de-la-charite.org\/wp-content\/uploads\/2023\/03\/isotipo-Hijas-de-la-Caridad.png","width":1417,"height":1417,"caption":"Hijas de la Caridad"},"image":{"@id":"https:\/\/filles-de-la-charite.org\/it\/#\/schema\/logo\/image\/"}},{"@type":"Person","@id":"https:\/\/filles-de-la-charite.org\/it\/#\/schema\/person\/427567b2eccfc2dd7d206da186a1f438","name":"admin","image":{"@type":"ImageObject","inLanguage":"it-IT","@id":"https:\/\/secure.gravatar.com\/avatar\/948b492cce32b586ac2db0eaa926ee87024f7afe218d73b397ea5ddfc5f43ea1?s=96&d=mm&r=g","url":"https:\/\/secure.gravatar.com\/avatar\/948b492cce32b586ac2db0eaa926ee87024f7afe218d73b397ea5ddfc5f43ea1?s=96&d=mm&r=g","contentUrl":"https:\/\/secure.gravatar.com\/avatar\/948b492cce32b586ac2db0eaa926ee87024f7afe218d73b397ea5ddfc5f43ea1?s=96&d=mm&r=g","caption":"admin"},"sameAs":["https:\/\/filles-de-la-charite.org"],"url":"https:\/\/filles-de-la-charite.org\/it\/author\/caridad\/"}]}},"_links":{"self":[{"href":"https:\/\/filles-de-la-charite.org\/it\/wp-json\/wp\/v2\/posts\/23088","targetHints":{"allow":["GET"]}}],"collection":[{"href":"https:\/\/filles-de-la-charite.org\/it\/wp-json\/wp\/v2\/posts"}],"about":[{"href":"https:\/\/filles-de-la-charite.org\/it\/wp-json\/wp\/v2\/types\/post"}],"author":[{"embeddable":true,"href":"https:\/\/filles-de-la-charite.org\/it\/wp-json\/wp\/v2\/users\/1"}],"replies":[{"embeddable":true,"href":"https:\/\/filles-de-la-charite.org\/it\/wp-json\/wp\/v2\/comments?post=23088"}],"version-history":[{"count":1,"href":"https:\/\/filles-de-la-charite.org\/it\/wp-json\/wp\/v2\/posts\/23088\/revisions"}],"predecessor-version":[{"id":23089,"href":"https:\/\/filles-de-la-charite.org\/it\/wp-json\/wp\/v2\/posts\/23088\/revisions\/23089"}],"wp:featuredmedia":[{"embeddable":true,"href":"https:\/\/filles-de-la-charite.org\/it\/wp-json\/wp\/v2\/media\/14637"}],"wp:attachment":[{"href":"https:\/\/filles-de-la-charite.org\/it\/wp-json\/wp\/v2\/media?parent=23088"}],"wp:term":[{"taxonomy":"category","embeddable":true,"href":"https:\/\/filles-de-la-charite.org\/it\/wp-json\/wp\/v2\/categories?post=23088"},{"taxonomy":"post_tag","embeddable":true,"href":"https:\/\/filles-de-la-charite.org\/it\/wp-json\/wp\/v2\/tags?post=23088"}],"curies":[{"name":"wp","href":"https:\/\/api.w.org\/{rel}","templated":true}]}}