{"id":23090,"date":"2020-04-10T21:54:43","date_gmt":"2020-04-10T19:54:43","guid":{"rendered":"https:\/\/hijascaridad.sjdigitaldemo.ovh\/ephata-break-through-the-gate-go-towards-encounter-6\/"},"modified":"2024-03-17T19:00:55","modified_gmt":"2024-03-17T18:00:55","slug":"ephata-break-through-the-gate-go-towards-encounter-6","status":"publish","type":"post","link":"https:\/\/filles-de-la-charite.org\/it\/ephata-break-through-the-gate-go-towards-encounter-6\/","title":{"rendered":"Ephata! varcare la soglia della porta \u2026 andare verso \u2026 incontrare"},"content":{"rendered":"\nIl 21 febbraio 2020, venerd\u00ec alle ore 17:00, tutte noi, le Suore del Marocco, ci siamo riunite a Tetouan \u201cOspedale Spagnolo\u201d e alla luce dello Spirito Santo, abbiamo intrapreso una riflessione sulla nostra presenza carismatica nella cura e nel servizio alle sorelle e ai fratelli pi\u00f9 poveri.<\/p> <p style=\"text-align: justify;\">Suor Paula ci ha richiamate alla necessit\u00e0 di ricordare i nostri inizi e di esserne grate. La Visitatrice, Suor M\u00aa del Carmen Polo, il Direttore Provinciale, Juan de la Rosa e la Consigliera per la Missio ad-Gentes, Suor Ana M\u00aa Guti\u00e9rrez hanno fatto eco a questi sentimenti nelle loro parole di benvenuto. Suor M\u00aa del Carmen ci ha invitato a chiederci: <em>dove stiamo andando?<\/em> Ci ha esortato a rimanere in contatto con la realt\u00e0 che ci sta davanti, ad individuare le nostre risorse umane per poter discernere alla luce dello Spirito Santo e rispondere con una disponibilit\u00e0 sempre rinnovata.<\/p> <img loading=\"lazy\" decoding=\"async\" width=\"1280\" height=\"720\" class=\"aligncenter size-full wp-image-40752\" src=\"https:\/\/filles-de-la-charite.org\/wp-content\/uploads\/2023\/06\/200410-Ephata-3.jpg\" alt=\"\"> <p style=\"text-align: justify;\">Ci siamo poi dedicate alla preghiera e alla riflessione personale prima di raggiungere i gruppi di studio e lavorare al documento preparato dalle Comunit\u00e0 in Marocco durante il periodo Inter-Assemblee (anno 2018). Il dialogo sincero, profondo e impegnato, si \u00e8 focalizzato sulla necessit\u00e0 di una valutazione e sull&#8217;appello urgente ad aprirsi a nuove sfide che richiedono una risposta generosa. \u00a0\u00a0\u00a0<\/p> <p style=\"text-align: justify;\">Il giorno seguente, sabato, \u00e8 iniziato con le Lodi che ci hanno preparato ad accogliere Padre Manuel Corull\u00f3n il quale ha animato la sessione con la ricchezza della sua conoscenza ed esperienza; egli ci ha sfidate a lavorare per la costruzione del Regno di Dio perch\u00e9 si risvegli la compassione, la pace e la trasformazione. Ci ha anche esortate ad essere testimoni viventi del dialogo che Dio vuole instaurare con ogni persona e per riconoscere a noi stessi la dignit\u00e0 di membri della famiglia umana.<\/p> <img loading=\"lazy\" decoding=\"async\" width=\"1280\" height=\"720\" class=\"aligncenter size-full wp-image-40751\" src=\"https:\/\/filles-de-la-charite.org\/wp-content\/uploads\/2023\/06\/200410-Ephata-2.jpg\" alt=\"\"> <p style=\"text-align: justify;\">La domenica, giorno del Signore, alla luce della formazione ricevuta e dei tempi di riflessione e di dialogo, le Suore si sono incontrate con Sr. M\u00aa del Carmen e Sr. Ana M\u00aa per proporre una tabella di marcia che aiuter\u00e0 ad illuminare il Consiglio nel decidere quale strada intraprendere guidandoci laddove lo Spirito ci spinge ad essere, dove possiamo sentirci amate, perdonate e riconosciute.<\/p> <p style=\"text-align: justify;\">Siamo grate alla Comunit\u00e0 di Tetuan per l&#8217;ospitalit\u00e0 e i preparativi accurati per la Sessione e alle Suore del Marocco per la loro partecipazione e disponibilit\u00e0, che ci hanno consentito di varcare la soglia&#8230; andare verso&#8230; incontrare&#8230;<\/p> <img loading=\"lazy\" decoding=\"async\" width=\"1281\" height=\"720\" class=\"aligncenter size-full wp-image-40750\" src=\"https:\/\/filles-de-la-charite.org\/wp-content\/uploads\/2023\/06\/200410-Ephata-1.jpg\" alt=\"\"> <p style=\"text-align: justify;\">Il nostro incontro fraterno si \u00e8 concluso con grande gioia e gratitudine al Signore e abbiamo celebrato l&#8217;Eucaristia con l\u2019attiva partecipazione degli anziani dell&#8217;Ospedale Spagnolo.<\/p> <p style=\"text-align: right;\"><span style=\"color: #0000ff;\"><em>Suor M\u00aa Trinidad Gonz\u00e1lez, Figlia della Carit\u00e0 (<a rel=\"noopener noreferrer\" href=\"http:\/\/hhccespanasur.org\/ephata-franquear-la-puertair-haciaencontrarse\/\" target=\"_blank\">Tratto da Spagna-Sud web<\/a>)<\/em><\/span><\/p><\/p>\n","protected":false},"excerpt":{"rendered":"<p>Il 21 febbraio 2020, venerd\u00ec alle ore 17:00, tutte noi, le Suore del Marocco, ci siamo riunite a Tetouan \u201cOspedale Spagnolo\u201d e alla luce dello Spirito Santo, abbiamo intrapreso una riflessione sulla nostra presenza carismatica nella cura e nel servizio alle sorelle e ai fratelli pi\u00f9 poveri. Suor Paula ci ha richiamate alla necessit\u00e0 di [&hellip;]<\/p>\n","protected":false},"author":1,"featured_media":14663,"comment_status":"closed","ping_status":"closed","sticky":false,"template":"","format":"standard","meta":{"_acf_changed":false,"_et_pb_use_builder":"","_et_pb_old_content":"","_et_gb_content_width":"","footnotes":"","_links_to":"","_links_to_target":""},"categories":[805],"tags":[],"class_list":["post-23090","post","type-post","status-publish","format-standard","has-post-thumbnail","hentry","category-espana-sur-it"],"acf":[],"yoast_head":"<!-- This site is optimized with the Yoast SEO plugin v27.5 - https:\/\/yoast.com\/product\/yoast-seo-wordpress\/ -->\n<title>Ephata! varcare la soglia della porta \u2026 andare verso \u2026 incontrare - Filles de la Charit\u00e9<\/title>\n<meta name=\"robots\" content=\"index, follow, max-snippet:-1, max-image-preview:large, max-video-preview:-1\" \/>\n<link rel=\"canonical\" href=\"https:\/\/filles-de-la-charite.org\/it\/ephata-break-through-the-gate-go-towards-encounter-6\/\" \/>\n<meta property=\"og:locale\" content=\"it_IT\" \/>\n<meta property=\"og:type\" content=\"article\" \/>\n<meta property=\"og:title\" content=\"Ephata! varcare la soglia della porta \u2026 andare verso \u2026 incontrare - Filles de la Charit\u00e9\" \/>\n<meta property=\"og:description\" content=\"Il 21 febbraio 2020, venerd\u00ec alle ore 17:00, tutte noi, le Suore del Marocco, ci siamo riunite a Tetouan \u201cOspedale Spagnolo\u201d e alla luce dello Spirito Santo, abbiamo intrapreso una riflessione sulla nostra presenza carismatica nella cura e nel servizio alle sorelle e ai fratelli pi\u00f9 poveri. Suor Paula ci ha richiamate alla necessit\u00e0 di [&hellip;]\" \/>\n<meta property=\"og:url\" content=\"https:\/\/filles-de-la-charite.org\/it\/ephata-break-through-the-gate-go-towards-encounter-6\/\" \/>\n<meta property=\"og:site_name\" content=\"Filles de la Charit\u00e9\" \/>\n<meta property=\"article:published_time\" content=\"2020-04-10T19:54:43+00:00\" \/>\n<meta property=\"article:modified_time\" content=\"2024-03-17T18:00:55+00:00\" \/>\n<meta property=\"og:image\" content=\"https:\/\/filles-de-la-charite.org\/wp-content\/uploads\/2023\/06\/200410-Ephata-thmb-300x199-1.jpg\" \/>\n\t<meta property=\"og:image:width\" content=\"300\" \/>\n\t<meta property=\"og:image:height\" content=\"199\" \/>\n\t<meta property=\"og:image:type\" content=\"image\/jpeg\" \/>\n<meta name=\"author\" content=\"admin\" \/>\n<meta name=\"twitter:card\" content=\"summary_large_image\" \/>\n<meta name=\"twitter:label1\" content=\"Scritto da\" \/>\n\t<meta name=\"twitter:data1\" content=\"admin\" \/>\n\t<meta name=\"twitter:label2\" content=\"Tempo di lettura stimato\" \/>\n\t<meta name=\"twitter:data2\" content=\"2 minuti\" \/>\n<script type=\"application\/ld+json\" class=\"yoast-schema-graph\">{\"@context\":\"https:\\\/\\\/schema.org\",\"@graph\":[{\"@type\":\"Article\",\"@id\":\"https:\\\/\\\/filles-de-la-charite.org\\\/it\\\/ephata-break-through-the-gate-go-towards-encounter-6\\\/#article\",\"isPartOf\":{\"@id\":\"https:\\\/\\\/filles-de-la-charite.org\\\/it\\\/ephata-break-through-the-gate-go-towards-encounter-6\\\/\"},\"author\":{\"name\":\"admin\",\"@id\":\"https:\\\/\\\/filles-de-la-charite.org\\\/it\\\/#\\\/schema\\\/person\\\/427567b2eccfc2dd7d206da186a1f438\"},\"headline\":\"Ephata! varcare la soglia della porta \u2026 andare verso \u2026 incontrare\",\"datePublished\":\"2020-04-10T19:54:43+00:00\",\"dateModified\":\"2024-03-17T18:00:55+00:00\",\"mainEntityOfPage\":{\"@id\":\"https:\\\/\\\/filles-de-la-charite.org\\\/it\\\/ephata-break-through-the-gate-go-towards-encounter-6\\\/\"},\"wordCount\":437,\"publisher\":{\"@id\":\"https:\\\/\\\/filles-de-la-charite.org\\\/it\\\/#organization\"},\"image\":{\"@id\":\"https:\\\/\\\/filles-de-la-charite.org\\\/it\\\/ephata-break-through-the-gate-go-towards-encounter-6\\\/#primaryimage\"},\"thumbnailUrl\":\"https:\\\/\\\/filles-de-la-charite.org\\\/wp-content\\\/uploads\\\/2023\\\/06\\\/200410-Ephata-thmb-300x199-1.jpg\",\"articleSection\":[\"Espa\u00f1a-Sur\"],\"inLanguage\":\"it-IT\"},{\"@type\":\"WebPage\",\"@id\":\"https:\\\/\\\/filles-de-la-charite.org\\\/it\\\/ephata-break-through-the-gate-go-towards-encounter-6\\\/\",\"url\":\"https:\\\/\\\/filles-de-la-charite.org\\\/it\\\/ephata-break-through-the-gate-go-towards-encounter-6\\\/\",\"name\":\"Ephata! varcare la soglia della porta \u2026 andare verso \u2026 incontrare - Filles de la Charit\u00e9\",\"isPartOf\":{\"@id\":\"https:\\\/\\\/filles-de-la-charite.org\\\/it\\\/#website\"},\"primaryImageOfPage\":{\"@id\":\"https:\\\/\\\/filles-de-la-charite.org\\\/it\\\/ephata-break-through-the-gate-go-towards-encounter-6\\\/#primaryimage\"},\"image\":{\"@id\":\"https:\\\/\\\/filles-de-la-charite.org\\\/it\\\/ephata-break-through-the-gate-go-towards-encounter-6\\\/#primaryimage\"},\"thumbnailUrl\":\"https:\\\/\\\/filles-de-la-charite.org\\\/wp-content\\\/uploads\\\/2023\\\/06\\\/200410-Ephata-thmb-300x199-1.jpg\",\"datePublished\":\"2020-04-10T19:54:43+00:00\",\"dateModified\":\"2024-03-17T18:00:55+00:00\",\"breadcrumb\":{\"@id\":\"https:\\\/\\\/filles-de-la-charite.org\\\/it\\\/ephata-break-through-the-gate-go-towards-encounter-6\\\/#breadcrumb\"},\"inLanguage\":\"it-IT\",\"potentialAction\":[{\"@type\":\"ReadAction\",\"target\":[\"https:\\\/\\\/filles-de-la-charite.org\\\/it\\\/ephata-break-through-the-gate-go-towards-encounter-6\\\/\"]}]},{\"@type\":\"ImageObject\",\"inLanguage\":\"it-IT\",\"@id\":\"https:\\\/\\\/filles-de-la-charite.org\\\/it\\\/ephata-break-through-the-gate-go-towards-encounter-6\\\/#primaryimage\",\"url\":\"https:\\\/\\\/filles-de-la-charite.org\\\/wp-content\\\/uploads\\\/2023\\\/06\\\/200410-Ephata-thmb-300x199-1.jpg\",\"contentUrl\":\"https:\\\/\\\/filles-de-la-charite.org\\\/wp-content\\\/uploads\\\/2023\\\/06\\\/200410-Ephata-thmb-300x199-1.jpg\",\"width\":300,\"height\":199},{\"@type\":\"BreadcrumbList\",\"@id\":\"https:\\\/\\\/filles-de-la-charite.org\\\/it\\\/ephata-break-through-the-gate-go-towards-encounter-6\\\/#breadcrumb\",\"itemListElement\":[{\"@type\":\"ListItem\",\"position\":1,\"name\":\"Rosalie Rendu - Regno Unito e Australia\",\"item\":\"https:\\\/\\\/filles-de-la-charite.org\\\/it\\\/category\\\/rosalie-rendu-regno-unito-e-australia-it\\\/\"},{\"@type\":\"ListItem\",\"position\":2,\"name\":\"Ephata! varcare la soglia della porta \u2026 andare verso \u2026 incontrare\"}]},{\"@type\":\"WebSite\",\"@id\":\"https:\\\/\\\/filles-de-la-charite.org\\\/it\\\/#website\",\"url\":\"https:\\\/\\\/filles-de-la-charite.org\\\/it\\\/\",\"name\":\"Hijas de la Caridad\",\"description\":\"L\u2019amour de J\u00e9sus nous presse \u00e0 prendre soin des personnes les plus d\u00e9munies\",\"publisher\":{\"@id\":\"https:\\\/\\\/filles-de-la-charite.org\\\/it\\\/#organization\"},\"potentialAction\":[{\"@type\":\"SearchAction\",\"target\":{\"@type\":\"EntryPoint\",\"urlTemplate\":\"https:\\\/\\\/filles-de-la-charite.org\\\/it\\\/?s={search_term_string}\"},\"query-input\":{\"@type\":\"PropertyValueSpecification\",\"valueRequired\":true,\"valueName\":\"search_term_string\"}}],\"inLanguage\":\"it-IT\"},{\"@type\":\"Organization\",\"@id\":\"https:\\\/\\\/filles-de-la-charite.org\\\/it\\\/#organization\",\"name\":\"Hijas de la Caridad\",\"url\":\"https:\\\/\\\/filles-de-la-charite.org\\\/it\\\/\",\"logo\":{\"@type\":\"ImageObject\",\"inLanguage\":\"it-IT\",\"@id\":\"https:\\\/\\\/filles-de-la-charite.org\\\/it\\\/#\\\/schema\\\/logo\\\/image\\\/\",\"url\":\"https:\\\/\\\/filles-de-la-charite.org\\\/wp-content\\\/uploads\\\/2023\\\/03\\\/isotipo-Hijas-de-la-Caridad.png\",\"contentUrl\":\"https:\\\/\\\/filles-de-la-charite.org\\\/wp-content\\\/uploads\\\/2023\\\/03\\\/isotipo-Hijas-de-la-Caridad.png\",\"width\":1417,\"height\":1417,\"caption\":\"Hijas de la Caridad\"},\"image\":{\"@id\":\"https:\\\/\\\/filles-de-la-charite.org\\\/it\\\/#\\\/schema\\\/logo\\\/image\\\/\"}},{\"@type\":\"Person\",\"@id\":\"https:\\\/\\\/filles-de-la-charite.org\\\/it\\\/#\\\/schema\\\/person\\\/427567b2eccfc2dd7d206da186a1f438\",\"name\":\"admin\",\"image\":{\"@type\":\"ImageObject\",\"inLanguage\":\"it-IT\",\"@id\":\"https:\\\/\\\/secure.gravatar.com\\\/avatar\\\/948b492cce32b586ac2db0eaa926ee87024f7afe218d73b397ea5ddfc5f43ea1?s=96&d=mm&r=g\",\"url\":\"https:\\\/\\\/secure.gravatar.com\\\/avatar\\\/948b492cce32b586ac2db0eaa926ee87024f7afe218d73b397ea5ddfc5f43ea1?s=96&d=mm&r=g\",\"contentUrl\":\"https:\\\/\\\/secure.gravatar.com\\\/avatar\\\/948b492cce32b586ac2db0eaa926ee87024f7afe218d73b397ea5ddfc5f43ea1?s=96&d=mm&r=g\",\"caption\":\"admin\"},\"sameAs\":[\"https:\\\/\\\/filles-de-la-charite.org\"],\"url\":\"https:\\\/\\\/filles-de-la-charite.org\\\/it\\\/author\\\/caridad\\\/\"}]}<\/script>\n<!-- \/ Yoast SEO plugin. -->","yoast_head_json":{"title":"Ephata! varcare la soglia della porta \u2026 andare verso \u2026 incontrare - Filles de la Charit\u00e9","robots":{"index":"index","follow":"follow","max-snippet":"max-snippet:-1","max-image-preview":"max-image-preview:large","max-video-preview":"max-video-preview:-1"},"canonical":"https:\/\/filles-de-la-charite.org\/it\/ephata-break-through-the-gate-go-towards-encounter-6\/","og_locale":"it_IT","og_type":"article","og_title":"Ephata! varcare la soglia della porta \u2026 andare verso \u2026 incontrare - Filles de la Charit\u00e9","og_description":"Il 21 febbraio 2020, venerd\u00ec alle ore 17:00, tutte noi, le Suore del Marocco, ci siamo riunite a Tetouan \u201cOspedale Spagnolo\u201d e alla luce dello Spirito Santo, abbiamo intrapreso una riflessione sulla nostra presenza carismatica nella cura e nel servizio alle sorelle e ai fratelli pi\u00f9 poveri. Suor Paula ci ha richiamate alla necessit\u00e0 di [&hellip;]","og_url":"https:\/\/filles-de-la-charite.org\/it\/ephata-break-through-the-gate-go-towards-encounter-6\/","og_site_name":"Filles de la Charit\u00e9","article_published_time":"2020-04-10T19:54:43+00:00","article_modified_time":"2024-03-17T18:00:55+00:00","og_image":[{"width":300,"height":199,"url":"https:\/\/filles-de-la-charite.org\/wp-content\/uploads\/2023\/06\/200410-Ephata-thmb-300x199-1.jpg","type":"image\/jpeg"}],"author":"admin","twitter_card":"summary_large_image","twitter_misc":{"Scritto da":"admin","Tempo di lettura stimato":"2 minuti"},"schema":{"@context":"https:\/\/schema.org","@graph":[{"@type":"Article","@id":"https:\/\/filles-de-la-charite.org\/it\/ephata-break-through-the-gate-go-towards-encounter-6\/#article","isPartOf":{"@id":"https:\/\/filles-de-la-charite.org\/it\/ephata-break-through-the-gate-go-towards-encounter-6\/"},"author":{"name":"admin","@id":"https:\/\/filles-de-la-charite.org\/it\/#\/schema\/person\/427567b2eccfc2dd7d206da186a1f438"},"headline":"Ephata! varcare la soglia della porta \u2026 andare verso \u2026 incontrare","datePublished":"2020-04-10T19:54:43+00:00","dateModified":"2024-03-17T18:00:55+00:00","mainEntityOfPage":{"@id":"https:\/\/filles-de-la-charite.org\/it\/ephata-break-through-the-gate-go-towards-encounter-6\/"},"wordCount":437,"publisher":{"@id":"https:\/\/filles-de-la-charite.org\/it\/#organization"},"image":{"@id":"https:\/\/filles-de-la-charite.org\/it\/ephata-break-through-the-gate-go-towards-encounter-6\/#primaryimage"},"thumbnailUrl":"https:\/\/filles-de-la-charite.org\/wp-content\/uploads\/2023\/06\/200410-Ephata-thmb-300x199-1.jpg","articleSection":["Espa\u00f1a-Sur"],"inLanguage":"it-IT"},{"@type":"WebPage","@id":"https:\/\/filles-de-la-charite.org\/it\/ephata-break-through-the-gate-go-towards-encounter-6\/","url":"https:\/\/filles-de-la-charite.org\/it\/ephata-break-through-the-gate-go-towards-encounter-6\/","name":"Ephata! varcare la soglia della porta \u2026 andare verso \u2026 incontrare - Filles de la Charit\u00e9","isPartOf":{"@id":"https:\/\/filles-de-la-charite.org\/it\/#website"},"primaryImageOfPage":{"@id":"https:\/\/filles-de-la-charite.org\/it\/ephata-break-through-the-gate-go-towards-encounter-6\/#primaryimage"},"image":{"@id":"https:\/\/filles-de-la-charite.org\/it\/ephata-break-through-the-gate-go-towards-encounter-6\/#primaryimage"},"thumbnailUrl":"https:\/\/filles-de-la-charite.org\/wp-content\/uploads\/2023\/06\/200410-Ephata-thmb-300x199-1.jpg","datePublished":"2020-04-10T19:54:43+00:00","dateModified":"2024-03-17T18:00:55+00:00","breadcrumb":{"@id":"https:\/\/filles-de-la-charite.org\/it\/ephata-break-through-the-gate-go-towards-encounter-6\/#breadcrumb"},"inLanguage":"it-IT","potentialAction":[{"@type":"ReadAction","target":["https:\/\/filles-de-la-charite.org\/it\/ephata-break-through-the-gate-go-towards-encounter-6\/"]}]},{"@type":"ImageObject","inLanguage":"it-IT","@id":"https:\/\/filles-de-la-charite.org\/it\/ephata-break-through-the-gate-go-towards-encounter-6\/#primaryimage","url":"https:\/\/filles-de-la-charite.org\/wp-content\/uploads\/2023\/06\/200410-Ephata-thmb-300x199-1.jpg","contentUrl":"https:\/\/filles-de-la-charite.org\/wp-content\/uploads\/2023\/06\/200410-Ephata-thmb-300x199-1.jpg","width":300,"height":199},{"@type":"BreadcrumbList","@id":"https:\/\/filles-de-la-charite.org\/it\/ephata-break-through-the-gate-go-towards-encounter-6\/#breadcrumb","itemListElement":[{"@type":"ListItem","position":1,"name":"Rosalie Rendu - Regno Unito e Australia","item":"https:\/\/filles-de-la-charite.org\/it\/category\/rosalie-rendu-regno-unito-e-australia-it\/"},{"@type":"ListItem","position":2,"name":"Ephata! varcare la soglia della porta \u2026 andare verso \u2026 incontrare"}]},{"@type":"WebSite","@id":"https:\/\/filles-de-la-charite.org\/it\/#website","url":"https:\/\/filles-de-la-charite.org\/it\/","name":"Hijas de la Caridad","description":"L\u2019amour de J\u00e9sus nous presse \u00e0 prendre soin des personnes les plus d\u00e9munies","publisher":{"@id":"https:\/\/filles-de-la-charite.org\/it\/#organization"},"potentialAction":[{"@type":"SearchAction","target":{"@type":"EntryPoint","urlTemplate":"https:\/\/filles-de-la-charite.org\/it\/?s={search_term_string}"},"query-input":{"@type":"PropertyValueSpecification","valueRequired":true,"valueName":"search_term_string"}}],"inLanguage":"it-IT"},{"@type":"Organization","@id":"https:\/\/filles-de-la-charite.org\/it\/#organization","name":"Hijas de la Caridad","url":"https:\/\/filles-de-la-charite.org\/it\/","logo":{"@type":"ImageObject","inLanguage":"it-IT","@id":"https:\/\/filles-de-la-charite.org\/it\/#\/schema\/logo\/image\/","url":"https:\/\/filles-de-la-charite.org\/wp-content\/uploads\/2023\/03\/isotipo-Hijas-de-la-Caridad.png","contentUrl":"https:\/\/filles-de-la-charite.org\/wp-content\/uploads\/2023\/03\/isotipo-Hijas-de-la-Caridad.png","width":1417,"height":1417,"caption":"Hijas de la Caridad"},"image":{"@id":"https:\/\/filles-de-la-charite.org\/it\/#\/schema\/logo\/image\/"}},{"@type":"Person","@id":"https:\/\/filles-de-la-charite.org\/it\/#\/schema\/person\/427567b2eccfc2dd7d206da186a1f438","name":"admin","image":{"@type":"ImageObject","inLanguage":"it-IT","@id":"https:\/\/secure.gravatar.com\/avatar\/948b492cce32b586ac2db0eaa926ee87024f7afe218d73b397ea5ddfc5f43ea1?s=96&d=mm&r=g","url":"https:\/\/secure.gravatar.com\/avatar\/948b492cce32b586ac2db0eaa926ee87024f7afe218d73b397ea5ddfc5f43ea1?s=96&d=mm&r=g","contentUrl":"https:\/\/secure.gravatar.com\/avatar\/948b492cce32b586ac2db0eaa926ee87024f7afe218d73b397ea5ddfc5f43ea1?s=96&d=mm&r=g","caption":"admin"},"sameAs":["https:\/\/filles-de-la-charite.org"],"url":"https:\/\/filles-de-la-charite.org\/it\/author\/caridad\/"}]}},"_links":{"self":[{"href":"https:\/\/filles-de-la-charite.org\/it\/wp-json\/wp\/v2\/posts\/23090","targetHints":{"allow":["GET"]}}],"collection":[{"href":"https:\/\/filles-de-la-charite.org\/it\/wp-json\/wp\/v2\/posts"}],"about":[{"href":"https:\/\/filles-de-la-charite.org\/it\/wp-json\/wp\/v2\/types\/post"}],"author":[{"embeddable":true,"href":"https:\/\/filles-de-la-charite.org\/it\/wp-json\/wp\/v2\/users\/1"}],"replies":[{"embeddable":true,"href":"https:\/\/filles-de-la-charite.org\/it\/wp-json\/wp\/v2\/comments?post=23090"}],"version-history":[{"count":1,"href":"https:\/\/filles-de-la-charite.org\/it\/wp-json\/wp\/v2\/posts\/23090\/revisions"}],"predecessor-version":[{"id":23091,"href":"https:\/\/filles-de-la-charite.org\/it\/wp-json\/wp\/v2\/posts\/23090\/revisions\/23091"}],"wp:featuredmedia":[{"embeddable":true,"href":"https:\/\/filles-de-la-charite.org\/it\/wp-json\/wp\/v2\/media\/14663"}],"wp:attachment":[{"href":"https:\/\/filles-de-la-charite.org\/it\/wp-json\/wp\/v2\/media?parent=23090"}],"wp:term":[{"taxonomy":"category","embeddable":true,"href":"https:\/\/filles-de-la-charite.org\/it\/wp-json\/wp\/v2\/categories?post=23090"},{"taxonomy":"post_tag","embeddable":true,"href":"https:\/\/filles-de-la-charite.org\/it\/wp-json\/wp\/v2\/tags?post=23090"}],"curies":[{"name":"wp","href":"https:\/\/api.w.org\/{rel}","templated":true}]}}