{"id":23092,"date":"2020-04-25T21:35:14","date_gmt":"2020-04-25T19:35:14","guid":{"rendered":"https:\/\/hijascaridad.sjdigitaldemo.ovh\/giornata-missionaria-delle-religiose-usmi-diocesi-di-sassari-sardegna\/"},"modified":"2024-03-17T18:56:01","modified_gmt":"2024-03-17T17:56:01","slug":"giornata-missionaria-delle-religiose-usmi-diocesi-di-sassari-sardegna","status":"publish","type":"post","link":"https:\/\/filles-de-la-charite.org\/it\/giornata-missionaria-delle-religiose-usmi-diocesi-di-sassari-sardegna\/","title":{"rendered":"Giornata Missionaria delle Religiose, USMI Diocesi di Sassari \u2013 Sardegna"},"content":{"rendered":"\n<div class=\"wp-block-image\"><figure class=\"alignleft\"><img decoding=\"async\" src=\"https:\/\/filles-de-la-charite.org\/wp-content\/uploads\/2023\/06\/200425-Sardegna-thmb.jpg\" alt=\"\" class=\"wp-image-40785\"\/><\/figure><\/div>\n\n\n\n<p><span lang=\"IT\"><b><span style=\"color: #929292;\">[Provincia della Sardegna]<\/span>&nbsp;<\/b><\/span><span lang=\"IT\">\u00c8 stata la stessa delegata diocesana Usmi suor Anna Anedda a proporre come sede della celebrazione della giornata missionaria delle religiose 2019 tenutasi in Sardegna, la cappella della Casa Santa Luisa delle Figlie della Carit\u00e0. Sono infatti tante l\u00ec le religiose che per et\u00e0 o malattia non svolgono pi\u00f9 alcun 'servizio' ma che comunque rimangono ancora in 'servizio', in missione dentro il cuore della Chiesa con la preghiera, l'offerta delle sofferenze e dell'amore per l'umanit\u00e0 come fece proprio Teresa di Lisieux.<\/span><\/p>\n\n\n\n<!--more-->\n\n\n\n<p><span lang=\"IT\">\u00a0Lo ha sottolineato nell'omelia padre Franco Granata del convento carmelitano di Sassari che ha presieduto l'Eucaristia che neppure l'et\u00e0, le malattie oppure un ambiente ostile pu\u00f2 fermare colui che continua ad amare. Alla Messa, concelebrata dal rettore del seminario, dal direttore del centro diocesano vocazioni e da padre Giuseppe del convento di Santa Maria, erano presenti quasi tutte le congregazioni religiose femminili presenti in citt\u00e0 e in particolare Madre Adriana Reis Miranda Sup. Gen.le \u00a0Pie Sorelle Educatrici Di San Giovanni Evangelista di Sassari e Madre Maria Scalas delle Suore del Getsemani\u00a0sempre di Sassari.<\/span><\/p>\n\n\n\n<div class=\"wp-block-image\"><figure class=\"aligncenter\"><img decoding=\"async\" src=\"https:\/\/filles-de-la-charite.org\/wp-content\/uploads\/2023\/06\/200425-Sardegna-1.jpg\" alt=\"\" class=\"wp-image-40781\"\/><\/figure><\/div>\n\n\n\n<p><span lang=\"IT\">Alla professione religiosa non prendono pi\u00f9 un altro nome come nel passato ma i religiosi e le religiose conservano quello ricevuto nel battesimo che \u00e8 la prima vera chiamata. La missione nasce al fonte battesimale. Battezzate e inviate come tutti i cristiani. Inviate non necessariamente lontano ma dove l'obbedienza le manda. Come la patrona delle missioni insegna. Davanti al santissimo Sacramento, durante l'adorazione che \u00e9 seguita alla Messa, prima che padre Ilario Bianchi concludesse la preghiera con la benedizione eucaristica, sono stati portati cinque ceri che rappresentavano le attese, le speranze, le gioie e le sofferenze dei popoli dei cinque continenti.<\/span><\/p>\n\n\n\n<div class=\"wp-block-image\"><figure class=\"aligncenter\"><img decoding=\"async\" src=\"https:\/\/filles-de-la-charite.org\/wp-content\/uploads\/2023\/06\/200425-Sardegna-2.jpg\" alt=\"\" class=\"wp-image-40782\"\/><\/figure><\/div>\n\n\n\n<p><span lang=\"IT\">&nbsp;Un mondo che specialmente in un tempo di trasformazione come questo ha bisogno della luce e del calore del Vangelo e che pu\u00f2 essere abbracciato in ogni istante da ogni credente. Attraverso l'amore si pu\u00f2 raggiungere subito ogni latitudine, raggiungere il villaggio pi\u00f9 sperduto del Madagascar, del Brasile o dell'India. E' questo che riusc\u00ec a fare la piccola Teresa che comprese che \" nel cuore della Chiesa mia madre io sar\u00f2 l'amore e sar\u00f2 tutto.\"<\/span><\/p>\n\n\n\n<p class=\"has-text-align-right\"><span lang=\"EN-US\">Don Antonio Canu<\/span><\/p>\n\n\n\n<div class=\"wp-block-image\"><figure class=\"aligncenter\"><img decoding=\"async\" src=\"https:\/\/filles-de-la-charite.org\/wp-content\/uploads\/2023\/06\/200425-Sardegna-3.jpg\" alt=\"\" class=\"wp-image-40783\"\/><\/figure><\/div>\n","protected":false},"excerpt":{"rendered":"<p>[Provincia della Sardegna]&nbsp;\u00c8 stata la stessa delegata diocesana Usmi suor Anna Anedda a proporre come sede della celebrazione della giornata missionaria delle religiose 2019 tenutasi in Sardegna, la cappella della Casa Santa Luisa delle Figlie della Carit\u00e0. Sono infatti tante l\u00ec le religiose che per et\u00e0 o malattia non svolgono pi\u00f9 alcun &#8216;servizio&#8217; ma che [&hellip;]<\/p>\n","protected":false},"author":1,"featured_media":14689,"comment_status":"closed","ping_status":"closed","sticky":false,"template":"","format":"standard","meta":{"_acf_changed":false,"footnotes":"","_links_to":"","_links_to_target":""},"categories":[685],"tags":[],"class_list":["post-23092","post","type-post","status-publish","format-standard","has-post-thumbnail","hentry","category-sardegna-italia-it"],"acf":[],"yoast_head":"<!-- This site is optimized with the Yoast SEO plugin v27.5 - https:\/\/yoast.com\/product\/yoast-seo-wordpress\/ -->\n<title>Giornata Missionaria delle Religiose, USMI Diocesi di Sassari \u2013 Sardegna - Filles de la Charit\u00e9<\/title>\n<meta name=\"robots\" content=\"index, follow, max-snippet:-1, max-image-preview:large, max-video-preview:-1\" \/>\n<link rel=\"canonical\" href=\"https:\/\/filles-de-la-charite.org\/it\/giornata-missionaria-delle-religiose-usmi-diocesi-di-sassari-sardegna\/\" \/>\n<meta property=\"og:locale\" content=\"it_IT\" \/>\n<meta property=\"og:type\" content=\"article\" \/>\n<meta property=\"og:title\" content=\"Giornata Missionaria delle Religiose, USMI Diocesi di Sassari \u2013 Sardegna - Filles de la Charit\u00e9\" \/>\n<meta property=\"og:description\" content=\"[Provincia della Sardegna]&nbsp;\u00c8 stata la stessa delegata diocesana Usmi suor Anna Anedda a proporre come sede della celebrazione della giornata missionaria delle religiose 2019 tenutasi in Sardegna, la cappella della Casa Santa Luisa delle Figlie della Carit\u00e0. Sono infatti tante l\u00ec le religiose che per et\u00e0 o malattia non svolgono pi\u00f9 alcun &#8216;servizio&#8217; ma che [&hellip;]\" \/>\n<meta property=\"og:url\" content=\"https:\/\/filles-de-la-charite.org\/it\/giornata-missionaria-delle-religiose-usmi-diocesi-di-sassari-sardegna\/\" \/>\n<meta property=\"og:site_name\" content=\"Filles de la Charit\u00e9\" \/>\n<meta property=\"article:published_time\" content=\"2020-04-25T19:35:14+00:00\" \/>\n<meta property=\"article:modified_time\" content=\"2024-03-17T17:56:01+00:00\" \/>\n<meta property=\"og:image\" content=\"https:\/\/filles-de-la-charite.org\/wp-content\/uploads\/2023\/06\/200425-Sardegna-thmb.jpg\" \/>\n\t<meta property=\"og:image:width\" content=\"300\" \/>\n\t<meta property=\"og:image:height\" content=\"200\" \/>\n\t<meta property=\"og:image:type\" content=\"image\/jpeg\" \/>\n<meta name=\"author\" content=\"admin\" \/>\n<meta name=\"twitter:card\" content=\"summary_large_image\" \/>\n<meta name=\"twitter:label1\" content=\"Scritto da\" \/>\n\t<meta name=\"twitter:data1\" content=\"admin\" \/>\n\t<meta name=\"twitter:label2\" content=\"Tempo di lettura stimato\" \/>\n\t<meta name=\"twitter:data2\" content=\"2 minuti\" \/>\n<script type=\"application\/ld+json\" class=\"yoast-schema-graph\">{\"@context\":\"https:\\\/\\\/schema.org\",\"@graph\":[{\"@type\":\"Article\",\"@id\":\"https:\\\/\\\/filles-de-la-charite.org\\\/it\\\/giornata-missionaria-delle-religiose-usmi-diocesi-di-sassari-sardegna\\\/#article\",\"isPartOf\":{\"@id\":\"https:\\\/\\\/filles-de-la-charite.org\\\/it\\\/giornata-missionaria-delle-religiose-usmi-diocesi-di-sassari-sardegna\\\/\"},\"author\":{\"name\":\"admin\",\"@id\":\"https:\\\/\\\/filles-de-la-charite.org\\\/it\\\/#\\\/schema\\\/person\\\/427567b2eccfc2dd7d206da186a1f438\"},\"headline\":\"Giornata Missionaria delle Religiose, USMI Diocesi di Sassari \u2013 Sardegna\",\"datePublished\":\"2020-04-25T19:35:14+00:00\",\"dateModified\":\"2024-03-17T17:56:01+00:00\",\"mainEntityOfPage\":{\"@id\":\"https:\\\/\\\/filles-de-la-charite.org\\\/it\\\/giornata-missionaria-delle-religiose-usmi-diocesi-di-sassari-sardegna\\\/\"},\"wordCount\":375,\"publisher\":{\"@id\":\"https:\\\/\\\/filles-de-la-charite.org\\\/it\\\/#organization\"},\"image\":{\"@id\":\"https:\\\/\\\/filles-de-la-charite.org\\\/it\\\/giornata-missionaria-delle-religiose-usmi-diocesi-di-sassari-sardegna\\\/#primaryimage\"},\"thumbnailUrl\":\"https:\\\/\\\/filles-de-la-charite.org\\\/wp-content\\\/uploads\\\/2023\\\/06\\\/200425-Sardegna-thmb.jpg\",\"articleSection\":[\"Sardegna - Italia\"],\"inLanguage\":\"it-IT\"},{\"@type\":\"WebPage\",\"@id\":\"https:\\\/\\\/filles-de-la-charite.org\\\/it\\\/giornata-missionaria-delle-religiose-usmi-diocesi-di-sassari-sardegna\\\/\",\"url\":\"https:\\\/\\\/filles-de-la-charite.org\\\/it\\\/giornata-missionaria-delle-religiose-usmi-diocesi-di-sassari-sardegna\\\/\",\"name\":\"Giornata Missionaria delle Religiose, USMI Diocesi di Sassari \u2013 Sardegna - Filles de la Charit\u00e9\",\"isPartOf\":{\"@id\":\"https:\\\/\\\/filles-de-la-charite.org\\\/it\\\/#website\"},\"primaryImageOfPage\":{\"@id\":\"https:\\\/\\\/filles-de-la-charite.org\\\/it\\\/giornata-missionaria-delle-religiose-usmi-diocesi-di-sassari-sardegna\\\/#primaryimage\"},\"image\":{\"@id\":\"https:\\\/\\\/filles-de-la-charite.org\\\/it\\\/giornata-missionaria-delle-religiose-usmi-diocesi-di-sassari-sardegna\\\/#primaryimage\"},\"thumbnailUrl\":\"https:\\\/\\\/filles-de-la-charite.org\\\/wp-content\\\/uploads\\\/2023\\\/06\\\/200425-Sardegna-thmb.jpg\",\"datePublished\":\"2020-04-25T19:35:14+00:00\",\"dateModified\":\"2024-03-17T17:56:01+00:00\",\"breadcrumb\":{\"@id\":\"https:\\\/\\\/filles-de-la-charite.org\\\/it\\\/giornata-missionaria-delle-religiose-usmi-diocesi-di-sassari-sardegna\\\/#breadcrumb\"},\"inLanguage\":\"it-IT\",\"potentialAction\":[{\"@type\":\"ReadAction\",\"target\":[\"https:\\\/\\\/filles-de-la-charite.org\\\/it\\\/giornata-missionaria-delle-religiose-usmi-diocesi-di-sassari-sardegna\\\/\"]}]},{\"@type\":\"ImageObject\",\"inLanguage\":\"it-IT\",\"@id\":\"https:\\\/\\\/filles-de-la-charite.org\\\/it\\\/giornata-missionaria-delle-religiose-usmi-diocesi-di-sassari-sardegna\\\/#primaryimage\",\"url\":\"https:\\\/\\\/filles-de-la-charite.org\\\/wp-content\\\/uploads\\\/2023\\\/06\\\/200425-Sardegna-thmb.jpg\",\"contentUrl\":\"https:\\\/\\\/filles-de-la-charite.org\\\/wp-content\\\/uploads\\\/2023\\\/06\\\/200425-Sardegna-thmb.jpg\",\"width\":300,\"height\":200},{\"@type\":\"BreadcrumbList\",\"@id\":\"https:\\\/\\\/filles-de-la-charite.org\\\/it\\\/giornata-missionaria-delle-religiose-usmi-diocesi-di-sassari-sardegna\\\/#breadcrumb\",\"itemListElement\":[{\"@type\":\"ListItem\",\"position\":1,\"name\":\"San Vincenzo &#8211; Italia\",\"item\":\"https:\\\/\\\/filles-de-la-charite.org\\\/it\\\/category\\\/san-vincenzo-italia-it\\\/\"},{\"@type\":\"ListItem\",\"position\":2,\"name\":\"Giornata Missionaria delle Religiose, USMI Diocesi di Sassari \u2013 Sardegna\"}]},{\"@type\":\"WebSite\",\"@id\":\"https:\\\/\\\/filles-de-la-charite.org\\\/it\\\/#website\",\"url\":\"https:\\\/\\\/filles-de-la-charite.org\\\/it\\\/\",\"name\":\"Hijas de la Caridad\",\"description\":\"L\u2019amour de J\u00e9sus nous presse \u00e0 prendre soin des personnes les plus d\u00e9munies\",\"publisher\":{\"@id\":\"https:\\\/\\\/filles-de-la-charite.org\\\/it\\\/#organization\"},\"potentialAction\":[{\"@type\":\"SearchAction\",\"target\":{\"@type\":\"EntryPoint\",\"urlTemplate\":\"https:\\\/\\\/filles-de-la-charite.org\\\/it\\\/?s={search_term_string}\"},\"query-input\":{\"@type\":\"PropertyValueSpecification\",\"valueRequired\":true,\"valueName\":\"search_term_string\"}}],\"inLanguage\":\"it-IT\"},{\"@type\":\"Organization\",\"@id\":\"https:\\\/\\\/filles-de-la-charite.org\\\/it\\\/#organization\",\"name\":\"Hijas de la Caridad\",\"url\":\"https:\\\/\\\/filles-de-la-charite.org\\\/it\\\/\",\"logo\":{\"@type\":\"ImageObject\",\"inLanguage\":\"it-IT\",\"@id\":\"https:\\\/\\\/filles-de-la-charite.org\\\/it\\\/#\\\/schema\\\/logo\\\/image\\\/\",\"url\":\"https:\\\/\\\/filles-de-la-charite.org\\\/wp-content\\\/uploads\\\/2023\\\/03\\\/isotipo-Hijas-de-la-Caridad.png\",\"contentUrl\":\"https:\\\/\\\/filles-de-la-charite.org\\\/wp-content\\\/uploads\\\/2023\\\/03\\\/isotipo-Hijas-de-la-Caridad.png\",\"width\":1417,\"height\":1417,\"caption\":\"Hijas de la Caridad\"},\"image\":{\"@id\":\"https:\\\/\\\/filles-de-la-charite.org\\\/it\\\/#\\\/schema\\\/logo\\\/image\\\/\"}},{\"@type\":\"Person\",\"@id\":\"https:\\\/\\\/filles-de-la-charite.org\\\/it\\\/#\\\/schema\\\/person\\\/427567b2eccfc2dd7d206da186a1f438\",\"name\":\"admin\",\"image\":{\"@type\":\"ImageObject\",\"inLanguage\":\"it-IT\",\"@id\":\"https:\\\/\\\/secure.gravatar.com\\\/avatar\\\/948b492cce32b586ac2db0eaa926ee87024f7afe218d73b397ea5ddfc5f43ea1?s=96&d=mm&r=g\",\"url\":\"https:\\\/\\\/secure.gravatar.com\\\/avatar\\\/948b492cce32b586ac2db0eaa926ee87024f7afe218d73b397ea5ddfc5f43ea1?s=96&d=mm&r=g\",\"contentUrl\":\"https:\\\/\\\/secure.gravatar.com\\\/avatar\\\/948b492cce32b586ac2db0eaa926ee87024f7afe218d73b397ea5ddfc5f43ea1?s=96&d=mm&r=g\",\"caption\":\"admin\"},\"sameAs\":[\"https:\\\/\\\/filles-de-la-charite.org\"],\"url\":\"https:\\\/\\\/filles-de-la-charite.org\\\/it\\\/author\\\/caridad\\\/\"}]}<\/script>\n<!-- \/ Yoast SEO plugin. -->","yoast_head_json":{"title":"Giornata Missionaria delle Religiose, USMI Diocesi di Sassari \u2013 Sardegna - Filles de la Charit\u00e9","robots":{"index":"index","follow":"follow","max-snippet":"max-snippet:-1","max-image-preview":"max-image-preview:large","max-video-preview":"max-video-preview:-1"},"canonical":"https:\/\/filles-de-la-charite.org\/it\/giornata-missionaria-delle-religiose-usmi-diocesi-di-sassari-sardegna\/","og_locale":"it_IT","og_type":"article","og_title":"Giornata Missionaria delle Religiose, USMI Diocesi di Sassari \u2013 Sardegna - Filles de la Charit\u00e9","og_description":"[Provincia della Sardegna]&nbsp;\u00c8 stata la stessa delegata diocesana Usmi suor Anna Anedda a proporre come sede della celebrazione della giornata missionaria delle religiose 2019 tenutasi in Sardegna, la cappella della Casa Santa Luisa delle Figlie della Carit\u00e0. Sono infatti tante l\u00ec le religiose che per et\u00e0 o malattia non svolgono pi\u00f9 alcun &#8216;servizio&#8217; ma che [&hellip;]","og_url":"https:\/\/filles-de-la-charite.org\/it\/giornata-missionaria-delle-religiose-usmi-diocesi-di-sassari-sardegna\/","og_site_name":"Filles de la Charit\u00e9","article_published_time":"2020-04-25T19:35:14+00:00","article_modified_time":"2024-03-17T17:56:01+00:00","og_image":[{"width":300,"height":200,"url":"https:\/\/filles-de-la-charite.org\/wp-content\/uploads\/2023\/06\/200425-Sardegna-thmb.jpg","type":"image\/jpeg"}],"author":"admin","twitter_card":"summary_large_image","twitter_misc":{"Scritto da":"admin","Tempo di lettura stimato":"2 minuti"},"schema":{"@context":"https:\/\/schema.org","@graph":[{"@type":"Article","@id":"https:\/\/filles-de-la-charite.org\/it\/giornata-missionaria-delle-religiose-usmi-diocesi-di-sassari-sardegna\/#article","isPartOf":{"@id":"https:\/\/filles-de-la-charite.org\/it\/giornata-missionaria-delle-religiose-usmi-diocesi-di-sassari-sardegna\/"},"author":{"name":"admin","@id":"https:\/\/filles-de-la-charite.org\/it\/#\/schema\/person\/427567b2eccfc2dd7d206da186a1f438"},"headline":"Giornata Missionaria delle Religiose, USMI Diocesi di Sassari \u2013 Sardegna","datePublished":"2020-04-25T19:35:14+00:00","dateModified":"2024-03-17T17:56:01+00:00","mainEntityOfPage":{"@id":"https:\/\/filles-de-la-charite.org\/it\/giornata-missionaria-delle-religiose-usmi-diocesi-di-sassari-sardegna\/"},"wordCount":375,"publisher":{"@id":"https:\/\/filles-de-la-charite.org\/it\/#organization"},"image":{"@id":"https:\/\/filles-de-la-charite.org\/it\/giornata-missionaria-delle-religiose-usmi-diocesi-di-sassari-sardegna\/#primaryimage"},"thumbnailUrl":"https:\/\/filles-de-la-charite.org\/wp-content\/uploads\/2023\/06\/200425-Sardegna-thmb.jpg","articleSection":["Sardegna - Italia"],"inLanguage":"it-IT"},{"@type":"WebPage","@id":"https:\/\/filles-de-la-charite.org\/it\/giornata-missionaria-delle-religiose-usmi-diocesi-di-sassari-sardegna\/","url":"https:\/\/filles-de-la-charite.org\/it\/giornata-missionaria-delle-religiose-usmi-diocesi-di-sassari-sardegna\/","name":"Giornata Missionaria delle Religiose, USMI Diocesi di Sassari \u2013 Sardegna - Filles de la Charit\u00e9","isPartOf":{"@id":"https:\/\/filles-de-la-charite.org\/it\/#website"},"primaryImageOfPage":{"@id":"https:\/\/filles-de-la-charite.org\/it\/giornata-missionaria-delle-religiose-usmi-diocesi-di-sassari-sardegna\/#primaryimage"},"image":{"@id":"https:\/\/filles-de-la-charite.org\/it\/giornata-missionaria-delle-religiose-usmi-diocesi-di-sassari-sardegna\/#primaryimage"},"thumbnailUrl":"https:\/\/filles-de-la-charite.org\/wp-content\/uploads\/2023\/06\/200425-Sardegna-thmb.jpg","datePublished":"2020-04-25T19:35:14+00:00","dateModified":"2024-03-17T17:56:01+00:00","breadcrumb":{"@id":"https:\/\/filles-de-la-charite.org\/it\/giornata-missionaria-delle-religiose-usmi-diocesi-di-sassari-sardegna\/#breadcrumb"},"inLanguage":"it-IT","potentialAction":[{"@type":"ReadAction","target":["https:\/\/filles-de-la-charite.org\/it\/giornata-missionaria-delle-religiose-usmi-diocesi-di-sassari-sardegna\/"]}]},{"@type":"ImageObject","inLanguage":"it-IT","@id":"https:\/\/filles-de-la-charite.org\/it\/giornata-missionaria-delle-religiose-usmi-diocesi-di-sassari-sardegna\/#primaryimage","url":"https:\/\/filles-de-la-charite.org\/wp-content\/uploads\/2023\/06\/200425-Sardegna-thmb.jpg","contentUrl":"https:\/\/filles-de-la-charite.org\/wp-content\/uploads\/2023\/06\/200425-Sardegna-thmb.jpg","width":300,"height":200},{"@type":"BreadcrumbList","@id":"https:\/\/filles-de-la-charite.org\/it\/giornata-missionaria-delle-religiose-usmi-diocesi-di-sassari-sardegna\/#breadcrumb","itemListElement":[{"@type":"ListItem","position":1,"name":"San Vincenzo &#8211; Italia","item":"https:\/\/filles-de-la-charite.org\/it\/category\/san-vincenzo-italia-it\/"},{"@type":"ListItem","position":2,"name":"Giornata Missionaria delle Religiose, USMI Diocesi di Sassari \u2013 Sardegna"}]},{"@type":"WebSite","@id":"https:\/\/filles-de-la-charite.org\/it\/#website","url":"https:\/\/filles-de-la-charite.org\/it\/","name":"Hijas de la Caridad","description":"L\u2019amour de J\u00e9sus nous presse \u00e0 prendre soin des personnes les plus d\u00e9munies","publisher":{"@id":"https:\/\/filles-de-la-charite.org\/it\/#organization"},"potentialAction":[{"@type":"SearchAction","target":{"@type":"EntryPoint","urlTemplate":"https:\/\/filles-de-la-charite.org\/it\/?s={search_term_string}"},"query-input":{"@type":"PropertyValueSpecification","valueRequired":true,"valueName":"search_term_string"}}],"inLanguage":"it-IT"},{"@type":"Organization","@id":"https:\/\/filles-de-la-charite.org\/it\/#organization","name":"Hijas de la Caridad","url":"https:\/\/filles-de-la-charite.org\/it\/","logo":{"@type":"ImageObject","inLanguage":"it-IT","@id":"https:\/\/filles-de-la-charite.org\/it\/#\/schema\/logo\/image\/","url":"https:\/\/filles-de-la-charite.org\/wp-content\/uploads\/2023\/03\/isotipo-Hijas-de-la-Caridad.png","contentUrl":"https:\/\/filles-de-la-charite.org\/wp-content\/uploads\/2023\/03\/isotipo-Hijas-de-la-Caridad.png","width":1417,"height":1417,"caption":"Hijas de la Caridad"},"image":{"@id":"https:\/\/filles-de-la-charite.org\/it\/#\/schema\/logo\/image\/"}},{"@type":"Person","@id":"https:\/\/filles-de-la-charite.org\/it\/#\/schema\/person\/427567b2eccfc2dd7d206da186a1f438","name":"admin","image":{"@type":"ImageObject","inLanguage":"it-IT","@id":"https:\/\/secure.gravatar.com\/avatar\/948b492cce32b586ac2db0eaa926ee87024f7afe218d73b397ea5ddfc5f43ea1?s=96&d=mm&r=g","url":"https:\/\/secure.gravatar.com\/avatar\/948b492cce32b586ac2db0eaa926ee87024f7afe218d73b397ea5ddfc5f43ea1?s=96&d=mm&r=g","contentUrl":"https:\/\/secure.gravatar.com\/avatar\/948b492cce32b586ac2db0eaa926ee87024f7afe218d73b397ea5ddfc5f43ea1?s=96&d=mm&r=g","caption":"admin"},"sameAs":["https:\/\/filles-de-la-charite.org"],"url":"https:\/\/filles-de-la-charite.org\/it\/author\/caridad\/"}]}},"_links":{"self":[{"href":"https:\/\/filles-de-la-charite.org\/it\/wp-json\/wp\/v2\/posts\/23092","targetHints":{"allow":["GET"]}}],"collection":[{"href":"https:\/\/filles-de-la-charite.org\/it\/wp-json\/wp\/v2\/posts"}],"about":[{"href":"https:\/\/filles-de-la-charite.org\/it\/wp-json\/wp\/v2\/types\/post"}],"author":[{"embeddable":true,"href":"https:\/\/filles-de-la-charite.org\/it\/wp-json\/wp\/v2\/users\/1"}],"replies":[{"embeddable":true,"href":"https:\/\/filles-de-la-charite.org\/it\/wp-json\/wp\/v2\/comments?post=23092"}],"version-history":[{"count":1,"href":"https:\/\/filles-de-la-charite.org\/it\/wp-json\/wp\/v2\/posts\/23092\/revisions"}],"predecessor-version":[{"id":23093,"href":"https:\/\/filles-de-la-charite.org\/it\/wp-json\/wp\/v2\/posts\/23092\/revisions\/23093"}],"wp:featuredmedia":[{"embeddable":true,"href":"https:\/\/filles-de-la-charite.org\/it\/wp-json\/wp\/v2\/media\/14689"}],"wp:attachment":[{"href":"https:\/\/filles-de-la-charite.org\/it\/wp-json\/wp\/v2\/media?parent=23092"}],"wp:term":[{"taxonomy":"category","embeddable":true,"href":"https:\/\/filles-de-la-charite.org\/it\/wp-json\/wp\/v2\/categories?post=23092"},{"taxonomy":"post_tag","embeddable":true,"href":"https:\/\/filles-de-la-charite.org\/it\/wp-json\/wp\/v2\/tags?post=23092"}],"curies":[{"name":"wp","href":"https:\/\/api.w.org\/{rel}","templated":true}]}}