{"id":23095,"date":"2020-04-30T21:48:25","date_gmt":"2020-04-30T19:48:25","guid":{"rendered":"https:\/\/hijascaridad.sjdigitaldemo.ovh\/avevo-fame-e-mi-avete-dato-da-mangiare\/"},"modified":"2024-03-17T19:00:40","modified_gmt":"2024-03-17T18:00:40","slug":"avevo-fame-e-mi-avete-dato-da-mangiare","status":"publish","type":"post","link":"https:\/\/filles-de-la-charite.org\/it\/avevo-fame-e-mi-avete-dato-da-mangiare\/","title":{"rendered":"Avevo fame e mi avete dato da mangiare"},"content":{"rendered":"<p style=\"text-align: justify;\">&#8220;Avevo fame e mi avete dato da mangiare&#8221; (Mt 25,35). Attraverso questo passo biblico, desidero condividere la missione delle Figlie della Carit\u00e0 della Provincia di La Milagrosa di Bogot\u00e0 &#8211; Venezuela in questo periodo di quarantena e di pandemia mondiale.<!--more--><\/p>\n<p style=\"text-align: justify;\">Pi\u00f9 di 250 senzatetto arrivano ogni giorno a mezzogiorno al Centro Ambulatoriale della Medaglia Miracolosa, sotto la direzione di Suor Nohem\u00ed S\u00e1nchez DC, per ricevere il pranzo che forse \u00e8 l&#8217;unico pasto della giornata. Hanno fame, sono senza risorse e senza un tetto sopra la testa; sono protetti dalla misericordia di Dio, dalle cure di alcuni benefattori e dalle Figlie della Carit\u00e0.<\/p>\n<p style=\"text-align: justify;\"><img loading=\"lazy\" decoding=\"async\" class=\"alignright size-medium wp-image-40832\" src=\"https:\/\/filles-de-la-charite.org\/wp-content\/uploads\/2023\/06\/0430-LaMilagrosa-3-300x200.jpg\" alt=\"\" width=\"300\" height=\"200\" \/>Sono tanti i benefattori che hanno aderito a questa lotta contro la fame, che forniscono cibo ai senzatetto. Ogni giorno Dio invita le persone ad aiutare ad alleviare le sofferenze di questi uomini e donne che vivono nelle strade.<\/p>\n<p style=\"text-align: justify;\">La Famiglia Vincenziana, guidata da padre Toma\u017e Mavri\u010d, C.M., ha fatto il primo passo invitando i Consigli Nazionali ad organizzare la carit\u00e0 a favore dei pi\u00f9 insignificanti nella societ\u00e0 odierna con il motto &#8220;Nella Famiglia Vincenziana continueremo a globalizzare la carit\u00e0 e non l&#8217;indifferenza&#8221;.<\/p>\n<p style=\"text-align: justify;\">Suor Cecilia Triana, Figlia della Carit\u00e0, Visitatrice, insieme a Padre \u00c1lvaro Mauricio Fern\u00e1ndez C.M., Direttore Provinciale, un gruppo di Figlie della Carit\u00e0 e le postulanti aiutano a placare quotidianamente la fame degli abitanti delle strade.<\/p>\n<p><img loading=\"lazy\" decoding=\"async\" class=\"aligncenter size-full wp-image-40830\" src=\"https:\/\/filles-de-la-charite.org\/wp-content\/uploads\/2023\/06\/0430-LaMilagrosa-1.jpg\" alt=\"\" width=\"1200\" height=\"568\" \/><\/p>\n<p style=\"text-align: justify;\">Ma anche i nostri fratelli e le nostre sorelle per le strade hanno una missione: sono stati incaricati di aiutare a distribuire le Medaglie Miracolose ad altri che, come loro, sono senzatetto a Bogot\u00e1. Questa missione ha due obiettivi importanti: chiedere la protezione di Nostra Signora della Medaglia Miracolosa per la Colombia e per il mondo intero e cercare strategie affinch\u00e9 pi\u00f9 persone possano conoscere Nostra Madre, la Vergine della Medaglia Miracolosa. Tutti partecipano all&#8217;opera; le nostre Sorelle pi\u00f9 anziane hanno il compito di preparare le medaglie che gli abitanti della strada porteranno in ogni angolo della capitale.<\/p>\n<p><img loading=\"lazy\" decoding=\"async\" class=\"aligncenter size-full wp-image-40831\" src=\"https:\/\/filles-de-la-charite.org\/wp-content\/uploads\/2023\/06\/0430-LaMilagrosa-2.jpg\" alt=\"\" width=\"960\" height=\"540\" \/><\/p>\n<p style=\"text-align: justify;\">Grazie a Dio per questo lavoro che le Figlie della Carit\u00e0 svolgono a favore dei pi\u00f9 poveri!<\/p>\n<p style=\"text-align: right;\">Suor Sandra Emilce Vivas Ram\u00edrez, H.C.<\/p>\n","protected":false},"excerpt":{"rendered":"<p>&#8220;Avevo fame e mi avete dato da mangiare&#8221; (Mt 25,35). Attraverso questo passo biblico, desidero condividere la missione delle Figlie della Carit\u00e0 della Provincia di La Milagrosa di Bogot\u00e0 &#8211; Venezuela in questo periodo di quarantena e di pandemia mondiale.<\/p>\n","protected":false},"author":1,"featured_media":14715,"comment_status":"closed","ping_status":"closed","sticky":false,"template":"","format":"standard","meta":{"_acf_changed":false,"footnotes":"","_links_to":"","_links_to_target":""},"categories":[616],"tags":[],"class_list":["post-23095","post","type-post","status-publish","format-standard","has-post-thumbnail","hentry","category-la-milagrosa-venezuela-it"],"acf":[],"yoast_head":"<!-- This site is optimized with the Yoast SEO plugin v27.5 - https:\/\/yoast.com\/product\/yoast-seo-wordpress\/ -->\n<title>Avevo fame e mi avete dato da mangiare - Filles de la Charit\u00e9<\/title>\n<meta name=\"robots\" content=\"index, follow, max-snippet:-1, max-image-preview:large, max-video-preview:-1\" \/>\n<link rel=\"canonical\" href=\"https:\/\/filles-de-la-charite.org\/it\/avevo-fame-e-mi-avete-dato-da-mangiare\/\" \/>\n<meta property=\"og:locale\" content=\"it_IT\" \/>\n<meta property=\"og:type\" content=\"article\" \/>\n<meta property=\"og:title\" content=\"Avevo fame e mi avete dato da mangiare - Filles de la Charit\u00e9\" \/>\n<meta property=\"og:description\" content=\"&#8220;Avevo fame e mi avete dato da mangiare&#8221; (Mt 25,35). Attraverso questo passo biblico, desidero condividere la missione delle Figlie della Carit\u00e0 della Provincia di La Milagrosa di Bogot\u00e0 &#8211; Venezuela in questo periodo di quarantena e di pandemia mondiale.\" \/>\n<meta property=\"og:url\" content=\"https:\/\/filles-de-la-charite.org\/it\/avevo-fame-e-mi-avete-dato-da-mangiare\/\" \/>\n<meta property=\"og:site_name\" content=\"Filles de la Charit\u00e9\" \/>\n<meta property=\"article:published_time\" content=\"2020-04-30T19:48:25+00:00\" \/>\n<meta property=\"article:modified_time\" content=\"2024-03-17T18:00:40+00:00\" \/>\n<meta property=\"og:image\" content=\"https:\/\/filles-de-la-charite.org\/wp-content\/uploads\/2023\/06\/0430-LaMilagrosa-thmb.jpg\" \/>\n\t<meta property=\"og:image:width\" content=\"400\" \/>\n\t<meta property=\"og:image:height\" content=\"267\" \/>\n\t<meta property=\"og:image:type\" content=\"image\/jpeg\" \/>\n<meta name=\"author\" content=\"admin\" \/>\n<meta name=\"twitter:card\" content=\"summary_large_image\" \/>\n<meta name=\"twitter:label1\" content=\"Scritto da\" \/>\n\t<meta name=\"twitter:data1\" content=\"admin\" \/>\n\t<meta name=\"twitter:label2\" content=\"Tempo di lettura stimato\" \/>\n\t<meta name=\"twitter:data2\" content=\"2 minuti\" \/>\n<script type=\"application\/ld+json\" class=\"yoast-schema-graph\">{\"@context\":\"https:\\\/\\\/schema.org\",\"@graph\":[{\"@type\":\"Article\",\"@id\":\"https:\\\/\\\/filles-de-la-charite.org\\\/it\\\/avevo-fame-e-mi-avete-dato-da-mangiare\\\/#article\",\"isPartOf\":{\"@id\":\"https:\\\/\\\/filles-de-la-charite.org\\\/it\\\/avevo-fame-e-mi-avete-dato-da-mangiare\\\/\"},\"author\":{\"name\":\"admin\",\"@id\":\"https:\\\/\\\/filles-de-la-charite.org\\\/it\\\/#\\\/schema\\\/person\\\/427567b2eccfc2dd7d206da186a1f438\"},\"headline\":\"Avevo fame e mi avete dato da mangiare\",\"datePublished\":\"2020-04-30T19:48:25+00:00\",\"dateModified\":\"2024-03-17T18:00:40+00:00\",\"mainEntityOfPage\":{\"@id\":\"https:\\\/\\\/filles-de-la-charite.org\\\/it\\\/avevo-fame-e-mi-avete-dato-da-mangiare\\\/\"},\"wordCount\":355,\"publisher\":{\"@id\":\"https:\\\/\\\/filles-de-la-charite.org\\\/it\\\/#organization\"},\"image\":{\"@id\":\"https:\\\/\\\/filles-de-la-charite.org\\\/it\\\/avevo-fame-e-mi-avete-dato-da-mangiare\\\/#primaryimage\"},\"thumbnailUrl\":\"https:\\\/\\\/filles-de-la-charite.org\\\/wp-content\\\/uploads\\\/2023\\\/06\\\/0430-LaMilagrosa-thmb.jpg\",\"articleSection\":[\"La Milagrosa - Venezuela\"],\"inLanguage\":\"it-IT\"},{\"@type\":\"WebPage\",\"@id\":\"https:\\\/\\\/filles-de-la-charite.org\\\/it\\\/avevo-fame-e-mi-avete-dato-da-mangiare\\\/\",\"url\":\"https:\\\/\\\/filles-de-la-charite.org\\\/it\\\/avevo-fame-e-mi-avete-dato-da-mangiare\\\/\",\"name\":\"Avevo fame e mi avete dato da mangiare - Filles de la Charit\u00e9\",\"isPartOf\":{\"@id\":\"https:\\\/\\\/filles-de-la-charite.org\\\/it\\\/#website\"},\"primaryImageOfPage\":{\"@id\":\"https:\\\/\\\/filles-de-la-charite.org\\\/it\\\/avevo-fame-e-mi-avete-dato-da-mangiare\\\/#primaryimage\"},\"image\":{\"@id\":\"https:\\\/\\\/filles-de-la-charite.org\\\/it\\\/avevo-fame-e-mi-avete-dato-da-mangiare\\\/#primaryimage\"},\"thumbnailUrl\":\"https:\\\/\\\/filles-de-la-charite.org\\\/wp-content\\\/uploads\\\/2023\\\/06\\\/0430-LaMilagrosa-thmb.jpg\",\"datePublished\":\"2020-04-30T19:48:25+00:00\",\"dateModified\":\"2024-03-17T18:00:40+00:00\",\"breadcrumb\":{\"@id\":\"https:\\\/\\\/filles-de-la-charite.org\\\/it\\\/avevo-fame-e-mi-avete-dato-da-mangiare\\\/#breadcrumb\"},\"inLanguage\":\"it-IT\",\"potentialAction\":[{\"@type\":\"ReadAction\",\"target\":[\"https:\\\/\\\/filles-de-la-charite.org\\\/it\\\/avevo-fame-e-mi-avete-dato-da-mangiare\\\/\"]}]},{\"@type\":\"ImageObject\",\"inLanguage\":\"it-IT\",\"@id\":\"https:\\\/\\\/filles-de-la-charite.org\\\/it\\\/avevo-fame-e-mi-avete-dato-da-mangiare\\\/#primaryimage\",\"url\":\"https:\\\/\\\/filles-de-la-charite.org\\\/wp-content\\\/uploads\\\/2023\\\/06\\\/0430-LaMilagrosa-thmb.jpg\",\"contentUrl\":\"https:\\\/\\\/filles-de-la-charite.org\\\/wp-content\\\/uploads\\\/2023\\\/06\\\/0430-LaMilagrosa-thmb.jpg\",\"width\":400,\"height\":267},{\"@type\":\"BreadcrumbList\",\"@id\":\"https:\\\/\\\/filles-de-la-charite.org\\\/it\\\/avevo-fame-e-mi-avete-dato-da-mangiare\\\/#breadcrumb\",\"itemListElement\":[{\"@type\":\"ListItem\",\"position\":1,\"name\":\"La Milagrosa - Venezuela\",\"item\":\"https:\\\/\\\/filles-de-la-charite.org\\\/it\\\/category\\\/la-milagrosa-venezuela-it\\\/\"},{\"@type\":\"ListItem\",\"position\":2,\"name\":\"Avevo fame e mi avete dato da mangiare\"}]},{\"@type\":\"WebSite\",\"@id\":\"https:\\\/\\\/filles-de-la-charite.org\\\/it\\\/#website\",\"url\":\"https:\\\/\\\/filles-de-la-charite.org\\\/it\\\/\",\"name\":\"Hijas de la Caridad\",\"description\":\"L\u2019amour de J\u00e9sus nous presse \u00e0 prendre soin des personnes les plus d\u00e9munies\",\"publisher\":{\"@id\":\"https:\\\/\\\/filles-de-la-charite.org\\\/it\\\/#organization\"},\"potentialAction\":[{\"@type\":\"SearchAction\",\"target\":{\"@type\":\"EntryPoint\",\"urlTemplate\":\"https:\\\/\\\/filles-de-la-charite.org\\\/it\\\/?s={search_term_string}\"},\"query-input\":{\"@type\":\"PropertyValueSpecification\",\"valueRequired\":true,\"valueName\":\"search_term_string\"}}],\"inLanguage\":\"it-IT\"},{\"@type\":\"Organization\",\"@id\":\"https:\\\/\\\/filles-de-la-charite.org\\\/it\\\/#organization\",\"name\":\"Hijas de la Caridad\",\"url\":\"https:\\\/\\\/filles-de-la-charite.org\\\/it\\\/\",\"logo\":{\"@type\":\"ImageObject\",\"inLanguage\":\"it-IT\",\"@id\":\"https:\\\/\\\/filles-de-la-charite.org\\\/it\\\/#\\\/schema\\\/logo\\\/image\\\/\",\"url\":\"https:\\\/\\\/filles-de-la-charite.org\\\/wp-content\\\/uploads\\\/2023\\\/03\\\/isotipo-Hijas-de-la-Caridad.png\",\"contentUrl\":\"https:\\\/\\\/filles-de-la-charite.org\\\/wp-content\\\/uploads\\\/2023\\\/03\\\/isotipo-Hijas-de-la-Caridad.png\",\"width\":1417,\"height\":1417,\"caption\":\"Hijas de la Caridad\"},\"image\":{\"@id\":\"https:\\\/\\\/filles-de-la-charite.org\\\/it\\\/#\\\/schema\\\/logo\\\/image\\\/\"}},{\"@type\":\"Person\",\"@id\":\"https:\\\/\\\/filles-de-la-charite.org\\\/it\\\/#\\\/schema\\\/person\\\/427567b2eccfc2dd7d206da186a1f438\",\"name\":\"admin\",\"image\":{\"@type\":\"ImageObject\",\"inLanguage\":\"it-IT\",\"@id\":\"https:\\\/\\\/secure.gravatar.com\\\/avatar\\\/948b492cce32b586ac2db0eaa926ee87024f7afe218d73b397ea5ddfc5f43ea1?s=96&d=mm&r=g\",\"url\":\"https:\\\/\\\/secure.gravatar.com\\\/avatar\\\/948b492cce32b586ac2db0eaa926ee87024f7afe218d73b397ea5ddfc5f43ea1?s=96&d=mm&r=g\",\"contentUrl\":\"https:\\\/\\\/secure.gravatar.com\\\/avatar\\\/948b492cce32b586ac2db0eaa926ee87024f7afe218d73b397ea5ddfc5f43ea1?s=96&d=mm&r=g\",\"caption\":\"admin\"},\"sameAs\":[\"https:\\\/\\\/filles-de-la-charite.org\"],\"url\":\"https:\\\/\\\/filles-de-la-charite.org\\\/it\\\/author\\\/caridad\\\/\"}]}<\/script>\n<!-- \/ Yoast SEO plugin. -->","yoast_head_json":{"title":"Avevo fame e mi avete dato da mangiare - Filles de la Charit\u00e9","robots":{"index":"index","follow":"follow","max-snippet":"max-snippet:-1","max-image-preview":"max-image-preview:large","max-video-preview":"max-video-preview:-1"},"canonical":"https:\/\/filles-de-la-charite.org\/it\/avevo-fame-e-mi-avete-dato-da-mangiare\/","og_locale":"it_IT","og_type":"article","og_title":"Avevo fame e mi avete dato da mangiare - Filles de la Charit\u00e9","og_description":"&#8220;Avevo fame e mi avete dato da mangiare&#8221; (Mt 25,35). Attraverso questo passo biblico, desidero condividere la missione delle Figlie della Carit\u00e0 della Provincia di La Milagrosa di Bogot\u00e0 &#8211; Venezuela in questo periodo di quarantena e di pandemia mondiale.","og_url":"https:\/\/filles-de-la-charite.org\/it\/avevo-fame-e-mi-avete-dato-da-mangiare\/","og_site_name":"Filles de la Charit\u00e9","article_published_time":"2020-04-30T19:48:25+00:00","article_modified_time":"2024-03-17T18:00:40+00:00","og_image":[{"width":400,"height":267,"url":"https:\/\/filles-de-la-charite.org\/wp-content\/uploads\/2023\/06\/0430-LaMilagrosa-thmb.jpg","type":"image\/jpeg"}],"author":"admin","twitter_card":"summary_large_image","twitter_misc":{"Scritto da":"admin","Tempo di lettura stimato":"2 minuti"},"schema":{"@context":"https:\/\/schema.org","@graph":[{"@type":"Article","@id":"https:\/\/filles-de-la-charite.org\/it\/avevo-fame-e-mi-avete-dato-da-mangiare\/#article","isPartOf":{"@id":"https:\/\/filles-de-la-charite.org\/it\/avevo-fame-e-mi-avete-dato-da-mangiare\/"},"author":{"name":"admin","@id":"https:\/\/filles-de-la-charite.org\/it\/#\/schema\/person\/427567b2eccfc2dd7d206da186a1f438"},"headline":"Avevo fame e mi avete dato da mangiare","datePublished":"2020-04-30T19:48:25+00:00","dateModified":"2024-03-17T18:00:40+00:00","mainEntityOfPage":{"@id":"https:\/\/filles-de-la-charite.org\/it\/avevo-fame-e-mi-avete-dato-da-mangiare\/"},"wordCount":355,"publisher":{"@id":"https:\/\/filles-de-la-charite.org\/it\/#organization"},"image":{"@id":"https:\/\/filles-de-la-charite.org\/it\/avevo-fame-e-mi-avete-dato-da-mangiare\/#primaryimage"},"thumbnailUrl":"https:\/\/filles-de-la-charite.org\/wp-content\/uploads\/2023\/06\/0430-LaMilagrosa-thmb.jpg","articleSection":["La Milagrosa - Venezuela"],"inLanguage":"it-IT"},{"@type":"WebPage","@id":"https:\/\/filles-de-la-charite.org\/it\/avevo-fame-e-mi-avete-dato-da-mangiare\/","url":"https:\/\/filles-de-la-charite.org\/it\/avevo-fame-e-mi-avete-dato-da-mangiare\/","name":"Avevo fame e mi avete dato da mangiare - Filles de la Charit\u00e9","isPartOf":{"@id":"https:\/\/filles-de-la-charite.org\/it\/#website"},"primaryImageOfPage":{"@id":"https:\/\/filles-de-la-charite.org\/it\/avevo-fame-e-mi-avete-dato-da-mangiare\/#primaryimage"},"image":{"@id":"https:\/\/filles-de-la-charite.org\/it\/avevo-fame-e-mi-avete-dato-da-mangiare\/#primaryimage"},"thumbnailUrl":"https:\/\/filles-de-la-charite.org\/wp-content\/uploads\/2023\/06\/0430-LaMilagrosa-thmb.jpg","datePublished":"2020-04-30T19:48:25+00:00","dateModified":"2024-03-17T18:00:40+00:00","breadcrumb":{"@id":"https:\/\/filles-de-la-charite.org\/it\/avevo-fame-e-mi-avete-dato-da-mangiare\/#breadcrumb"},"inLanguage":"it-IT","potentialAction":[{"@type":"ReadAction","target":["https:\/\/filles-de-la-charite.org\/it\/avevo-fame-e-mi-avete-dato-da-mangiare\/"]}]},{"@type":"ImageObject","inLanguage":"it-IT","@id":"https:\/\/filles-de-la-charite.org\/it\/avevo-fame-e-mi-avete-dato-da-mangiare\/#primaryimage","url":"https:\/\/filles-de-la-charite.org\/wp-content\/uploads\/2023\/06\/0430-LaMilagrosa-thmb.jpg","contentUrl":"https:\/\/filles-de-la-charite.org\/wp-content\/uploads\/2023\/06\/0430-LaMilagrosa-thmb.jpg","width":400,"height":267},{"@type":"BreadcrumbList","@id":"https:\/\/filles-de-la-charite.org\/it\/avevo-fame-e-mi-avete-dato-da-mangiare\/#breadcrumb","itemListElement":[{"@type":"ListItem","position":1,"name":"La Milagrosa - Venezuela","item":"https:\/\/filles-de-la-charite.org\/it\/category\/la-milagrosa-venezuela-it\/"},{"@type":"ListItem","position":2,"name":"Avevo fame e mi avete dato da mangiare"}]},{"@type":"WebSite","@id":"https:\/\/filles-de-la-charite.org\/it\/#website","url":"https:\/\/filles-de-la-charite.org\/it\/","name":"Hijas de la Caridad","description":"L\u2019amour de J\u00e9sus nous presse \u00e0 prendre soin des personnes les plus d\u00e9munies","publisher":{"@id":"https:\/\/filles-de-la-charite.org\/it\/#organization"},"potentialAction":[{"@type":"SearchAction","target":{"@type":"EntryPoint","urlTemplate":"https:\/\/filles-de-la-charite.org\/it\/?s={search_term_string}"},"query-input":{"@type":"PropertyValueSpecification","valueRequired":true,"valueName":"search_term_string"}}],"inLanguage":"it-IT"},{"@type":"Organization","@id":"https:\/\/filles-de-la-charite.org\/it\/#organization","name":"Hijas de la Caridad","url":"https:\/\/filles-de-la-charite.org\/it\/","logo":{"@type":"ImageObject","inLanguage":"it-IT","@id":"https:\/\/filles-de-la-charite.org\/it\/#\/schema\/logo\/image\/","url":"https:\/\/filles-de-la-charite.org\/wp-content\/uploads\/2023\/03\/isotipo-Hijas-de-la-Caridad.png","contentUrl":"https:\/\/filles-de-la-charite.org\/wp-content\/uploads\/2023\/03\/isotipo-Hijas-de-la-Caridad.png","width":1417,"height":1417,"caption":"Hijas de la Caridad"},"image":{"@id":"https:\/\/filles-de-la-charite.org\/it\/#\/schema\/logo\/image\/"}},{"@type":"Person","@id":"https:\/\/filles-de-la-charite.org\/it\/#\/schema\/person\/427567b2eccfc2dd7d206da186a1f438","name":"admin","image":{"@type":"ImageObject","inLanguage":"it-IT","@id":"https:\/\/secure.gravatar.com\/avatar\/948b492cce32b586ac2db0eaa926ee87024f7afe218d73b397ea5ddfc5f43ea1?s=96&d=mm&r=g","url":"https:\/\/secure.gravatar.com\/avatar\/948b492cce32b586ac2db0eaa926ee87024f7afe218d73b397ea5ddfc5f43ea1?s=96&d=mm&r=g","contentUrl":"https:\/\/secure.gravatar.com\/avatar\/948b492cce32b586ac2db0eaa926ee87024f7afe218d73b397ea5ddfc5f43ea1?s=96&d=mm&r=g","caption":"admin"},"sameAs":["https:\/\/filles-de-la-charite.org"],"url":"https:\/\/filles-de-la-charite.org\/it\/author\/caridad\/"}]}},"_links":{"self":[{"href":"https:\/\/filles-de-la-charite.org\/it\/wp-json\/wp\/v2\/posts\/23095","targetHints":{"allow":["GET"]}}],"collection":[{"href":"https:\/\/filles-de-la-charite.org\/it\/wp-json\/wp\/v2\/posts"}],"about":[{"href":"https:\/\/filles-de-la-charite.org\/it\/wp-json\/wp\/v2\/types\/post"}],"author":[{"embeddable":true,"href":"https:\/\/filles-de-la-charite.org\/it\/wp-json\/wp\/v2\/users\/1"}],"replies":[{"embeddable":true,"href":"https:\/\/filles-de-la-charite.org\/it\/wp-json\/wp\/v2\/comments?post=23095"}],"version-history":[{"count":1,"href":"https:\/\/filles-de-la-charite.org\/it\/wp-json\/wp\/v2\/posts\/23095\/revisions"}],"predecessor-version":[{"id":23096,"href":"https:\/\/filles-de-la-charite.org\/it\/wp-json\/wp\/v2\/posts\/23095\/revisions\/23096"}],"wp:featuredmedia":[{"embeddable":true,"href":"https:\/\/filles-de-la-charite.org\/it\/wp-json\/wp\/v2\/media\/14715"}],"wp:attachment":[{"href":"https:\/\/filles-de-la-charite.org\/it\/wp-json\/wp\/v2\/media?parent=23095"}],"wp:term":[{"taxonomy":"category","embeddable":true,"href":"https:\/\/filles-de-la-charite.org\/it\/wp-json\/wp\/v2\/categories?post=23095"},{"taxonomy":"post_tag","embeddable":true,"href":"https:\/\/filles-de-la-charite.org\/it\/wp-json\/wp\/v2\/tags?post=23095"}],"curies":[{"name":"wp","href":"https:\/\/api.w.org\/{rel}","templated":true}]}}