{"id":23097,"date":"2020-05-12T14:39:11","date_gmt":"2020-05-12T12:39:11","guid":{"rendered":"https:\/\/hijascaridad.sjdigitaldemo.ovh\/scintille-damore\/"},"modified":"2024-03-17T18:55:26","modified_gmt":"2024-03-17T17:55:26","slug":"scintille-damore","status":"publish","type":"post","link":"https:\/\/filles-de-la-charite.org\/it\/scintille-damore\/","title":{"rendered":"Scintille d\u2019amore"},"content":{"rendered":"\n<p><div style=\"text-align: justify;\"><span style=\"color: #929292;\"><b><img loading=\"lazy\" decoding=\"async\" class=\"alignleft size-medium wp-image-40894\" src=\"https:\/\/filles-de-la-charite.org\/wp-content\/uploads\/2023\/06\/200512-SLM-Asia-thmb-300x200.jpg\" alt=\"\" width=\"300\" height=\"200\">[Provincia di Santa Luisa de Marillac &#8211; Asia]<\/b><\/span> Le Figlie della Carit\u00e0 delle Filippine &#8211; Missione Papua Nuova Guinea, si sentono privilegiate anche con le &#8220;scintille&#8221; di opportunit\u00e0 per servire i bisognosi in questo periodo di pandemia e condividono con noi questa presentazione di come si sono impegnate per CHI E\u2019IN PRIMA LINEA a rischiare la vita\u2026<\/div>\n<!--more-->\n\n<iframe loading=\"lazy\" title=\"SCINTILLE D\u2019 AMORE (Provincia di Santa Luisa de Marillac - Asia)\" width=\"1080\" height=\"810\" src=\"https:\/\/www.youtube.com\/embed\/C7Qj65CgY5Y?feature=oembed\"  allow=\"accelerometer; autoplay; clipboard-write; encrypted-media; gyroscope; picture-in-picture; web-share\" referrerpolicy=\"strict-origin-when-cross-origin\" allowfullscreen><\/iframe>\n\n<iframe loading=\"lazy\" style=\"border: 1px solid #CCC; border-width: 1px; margin-bottom: 5px; max-width: 100%;\" src=\"\/\/www.slideshare.net\/slideshow\/embed_code\/key\/qrAfA91KfCCXhH\" width=\"595\" height=\"485\" frameborder=\"0\" marginwidth=\"0\" marginheight=\"0\" scrolling=\"no\" allowfullscreen=\"allowfullscreen\"> <\/iframe>\n<div style=\"margin-bottom: 5px;\"><strong> <a title=\"Scintille d\u2019Amore (Provincia di Santa Luisa de Marillac - Asia)\" href=\"\/\/www.slideshare.net\/toma65\/scintille-damore-provincia-di-santa-luisa-de-marillac-asia\" target=\"_blank\" rel=\"noopener noreferrer\">Scintille d\u2019Amore (Provincia di Santa Luisa de Marillac &#8211; Asia)<\/a> <\/strong><\/div><\/p>\n","protected":false},"excerpt":{"rendered":"<p>[Provincia di Santa Luisa de Marillac &#8211; Asia] Le Figlie della Carit\u00e0 delle Filippine &#8211; Missione Papua Nuova Guinea, si sentono privilegiate anche con le &#8220;scintille&#8221; di opportunit\u00e0 per servire i bisognosi in questo periodo di pandemia e condividono con noi questa presentazione di come si sono impegnate per CHI E\u2019IN PRIMA LINEA a rischiare [&hellip;]<\/p>\n","protected":false},"author":1,"featured_media":14722,"comment_status":"closed","ping_status":"closed","sticky":false,"template":"","format":"standard","meta":{"_acf_changed":false,"_et_pb_use_builder":"","_et_pb_old_content":"","_et_gb_content_width":"","footnotes":"","_links_to":"","_links_to_target":""},"categories":[761],"tags":[],"class_list":["post-23097","post","type-post","status-publish","format-standard","has-post-thumbnail","hentry","category-santa-luisa-asia-it"],"acf":[],"yoast_head":"<!-- This site is optimized with the Yoast SEO plugin v27.4 - https:\/\/yoast.com\/product\/yoast-seo-wordpress\/ -->\n<title>Scintille d\u2019amore - Filles de la Charit\u00e9<\/title>\n<meta name=\"robots\" content=\"index, follow, max-snippet:-1, max-image-preview:large, max-video-preview:-1\" \/>\n<link rel=\"canonical\" href=\"https:\/\/filles-de-la-charite.org\/it\/scintille-damore\/\" \/>\n<meta property=\"og:locale\" content=\"it_IT\" \/>\n<meta property=\"og:type\" content=\"article\" \/>\n<meta property=\"og:title\" content=\"Scintille d\u2019amore - Filles de la Charit\u00e9\" \/>\n<meta property=\"og:description\" content=\"[Provincia di Santa Luisa de Marillac &#8211; Asia] Le Figlie della Carit\u00e0 delle Filippine &#8211; Missione Papua Nuova Guinea, si sentono privilegiate anche con le &#8220;scintille&#8221; di opportunit\u00e0 per servire i bisognosi in questo periodo di pandemia e condividono con noi questa presentazione di come si sono impegnate per CHI E\u2019IN PRIMA LINEA a rischiare [&hellip;]\" \/>\n<meta property=\"og:url\" content=\"https:\/\/filles-de-la-charite.org\/it\/scintille-damore\/\" \/>\n<meta property=\"og:site_name\" content=\"Filles de la Charit\u00e9\" \/>\n<meta property=\"article:published_time\" content=\"2020-05-12T12:39:11+00:00\" \/>\n<meta property=\"article:modified_time\" content=\"2024-03-17T17:55:26+00:00\" \/>\n<meta property=\"og:image\" content=\"https:\/\/filles-de-la-charite.org\/wp-content\/uploads\/2023\/06\/200512-SLM-Asia-thmb.jpg\" \/>\n\t<meta property=\"og:image:width\" content=\"450\" \/>\n\t<meta property=\"og:image:height\" content=\"300\" \/>\n\t<meta property=\"og:image:type\" content=\"image\/jpeg\" \/>\n<meta name=\"author\" content=\"admin\" \/>\n<meta name=\"twitter:card\" content=\"summary_large_image\" \/>\n<meta name=\"twitter:label1\" content=\"Scritto da\" \/>\n\t<meta name=\"twitter:data1\" content=\"admin\" \/>\n<script type=\"application\/ld+json\" class=\"yoast-schema-graph\">{\"@context\":\"https:\\\/\\\/schema.org\",\"@graph\":[{\"@type\":\"Article\",\"@id\":\"https:\\\/\\\/filles-de-la-charite.org\\\/it\\\/scintille-damore\\\/#article\",\"isPartOf\":{\"@id\":\"https:\\\/\\\/filles-de-la-charite.org\\\/it\\\/scintille-damore\\\/\"},\"author\":{\"name\":\"admin\",\"@id\":\"https:\\\/\\\/filles-de-la-charite.org\\\/it\\\/#\\\/schema\\\/person\\\/427567b2eccfc2dd7d206da186a1f438\"},\"headline\":\"Scintille d\u2019amore\",\"datePublished\":\"2020-05-12T12:39:11+00:00\",\"dateModified\":\"2024-03-17T17:55:26+00:00\",\"mainEntityOfPage\":{\"@id\":\"https:\\\/\\\/filles-de-la-charite.org\\\/it\\\/scintille-damore\\\/\"},\"wordCount\":79,\"publisher\":{\"@id\":\"https:\\\/\\\/filles-de-la-charite.org\\\/it\\\/#organization\"},\"image\":{\"@id\":\"https:\\\/\\\/filles-de-la-charite.org\\\/it\\\/scintille-damore\\\/#primaryimage\"},\"thumbnailUrl\":\"https:\\\/\\\/filles-de-la-charite.org\\\/wp-content\\\/uploads\\\/2023\\\/06\\\/200512-SLM-Asia-thmb.jpg\",\"articleSection\":[\"Santa Luisa - Asia\"],\"inLanguage\":\"it-IT\"},{\"@type\":\"WebPage\",\"@id\":\"https:\\\/\\\/filles-de-la-charite.org\\\/it\\\/scintille-damore\\\/\",\"url\":\"https:\\\/\\\/filles-de-la-charite.org\\\/it\\\/scintille-damore\\\/\",\"name\":\"Scintille d\u2019amore - Filles de la Charit\u00e9\",\"isPartOf\":{\"@id\":\"https:\\\/\\\/filles-de-la-charite.org\\\/it\\\/#website\"},\"primaryImageOfPage\":{\"@id\":\"https:\\\/\\\/filles-de-la-charite.org\\\/it\\\/scintille-damore\\\/#primaryimage\"},\"image\":{\"@id\":\"https:\\\/\\\/filles-de-la-charite.org\\\/it\\\/scintille-damore\\\/#primaryimage\"},\"thumbnailUrl\":\"https:\\\/\\\/filles-de-la-charite.org\\\/wp-content\\\/uploads\\\/2023\\\/06\\\/200512-SLM-Asia-thmb.jpg\",\"datePublished\":\"2020-05-12T12:39:11+00:00\",\"dateModified\":\"2024-03-17T17:55:26+00:00\",\"breadcrumb\":{\"@id\":\"https:\\\/\\\/filles-de-la-charite.org\\\/it\\\/scintille-damore\\\/#breadcrumb\"},\"inLanguage\":\"it-IT\",\"potentialAction\":[{\"@type\":\"ReadAction\",\"target\":[\"https:\\\/\\\/filles-de-la-charite.org\\\/it\\\/scintille-damore\\\/\"]}]},{\"@type\":\"ImageObject\",\"inLanguage\":\"it-IT\",\"@id\":\"https:\\\/\\\/filles-de-la-charite.org\\\/it\\\/scintille-damore\\\/#primaryimage\",\"url\":\"https:\\\/\\\/filles-de-la-charite.org\\\/wp-content\\\/uploads\\\/2023\\\/06\\\/200512-SLM-Asia-thmb.jpg\",\"contentUrl\":\"https:\\\/\\\/filles-de-la-charite.org\\\/wp-content\\\/uploads\\\/2023\\\/06\\\/200512-SLM-Asia-thmb.jpg\",\"width\":450,\"height\":300},{\"@type\":\"BreadcrumbList\",\"@id\":\"https:\\\/\\\/filles-de-la-charite.org\\\/it\\\/scintille-damore\\\/#breadcrumb\",\"itemListElement\":[{\"@type\":\"ListItem\",\"position\":1,\"name\":\"Indonesia\",\"item\":\"https:\\\/\\\/filles-de-la-charite.org\\\/it\\\/category\\\/indonesia-it\\\/\"},{\"@type\":\"ListItem\",\"position\":2,\"name\":\"Scintille d\u2019amore\"}]},{\"@type\":\"WebSite\",\"@id\":\"https:\\\/\\\/filles-de-la-charite.org\\\/it\\\/#website\",\"url\":\"https:\\\/\\\/filles-de-la-charite.org\\\/it\\\/\",\"name\":\"Hijas de la Caridad\",\"description\":\"L\u2019amour de J\u00e9sus nous presse \u00e0 prendre soin des personnes les plus d\u00e9munies\",\"publisher\":{\"@id\":\"https:\\\/\\\/filles-de-la-charite.org\\\/it\\\/#organization\"},\"potentialAction\":[{\"@type\":\"SearchAction\",\"target\":{\"@type\":\"EntryPoint\",\"urlTemplate\":\"https:\\\/\\\/filles-de-la-charite.org\\\/it\\\/?s={search_term_string}\"},\"query-input\":{\"@type\":\"PropertyValueSpecification\",\"valueRequired\":true,\"valueName\":\"search_term_string\"}}],\"inLanguage\":\"it-IT\"},{\"@type\":\"Organization\",\"@id\":\"https:\\\/\\\/filles-de-la-charite.org\\\/it\\\/#organization\",\"name\":\"Hijas de la Caridad\",\"url\":\"https:\\\/\\\/filles-de-la-charite.org\\\/it\\\/\",\"logo\":{\"@type\":\"ImageObject\",\"inLanguage\":\"it-IT\",\"@id\":\"https:\\\/\\\/filles-de-la-charite.org\\\/it\\\/#\\\/schema\\\/logo\\\/image\\\/\",\"url\":\"https:\\\/\\\/filles-de-la-charite.org\\\/wp-content\\\/uploads\\\/2023\\\/03\\\/isotipo-Hijas-de-la-Caridad.png\",\"contentUrl\":\"https:\\\/\\\/filles-de-la-charite.org\\\/wp-content\\\/uploads\\\/2023\\\/03\\\/isotipo-Hijas-de-la-Caridad.png\",\"width\":1417,\"height\":1417,\"caption\":\"Hijas de la Caridad\"},\"image\":{\"@id\":\"https:\\\/\\\/filles-de-la-charite.org\\\/it\\\/#\\\/schema\\\/logo\\\/image\\\/\"}},{\"@type\":\"Person\",\"@id\":\"https:\\\/\\\/filles-de-la-charite.org\\\/it\\\/#\\\/schema\\\/person\\\/427567b2eccfc2dd7d206da186a1f438\",\"name\":\"admin\",\"image\":{\"@type\":\"ImageObject\",\"inLanguage\":\"it-IT\",\"@id\":\"https:\\\/\\\/secure.gravatar.com\\\/avatar\\\/948b492cce32b586ac2db0eaa926ee87024f7afe218d73b397ea5ddfc5f43ea1?s=96&d=mm&r=g\",\"url\":\"https:\\\/\\\/secure.gravatar.com\\\/avatar\\\/948b492cce32b586ac2db0eaa926ee87024f7afe218d73b397ea5ddfc5f43ea1?s=96&d=mm&r=g\",\"contentUrl\":\"https:\\\/\\\/secure.gravatar.com\\\/avatar\\\/948b492cce32b586ac2db0eaa926ee87024f7afe218d73b397ea5ddfc5f43ea1?s=96&d=mm&r=g\",\"caption\":\"admin\"},\"sameAs\":[\"https:\\\/\\\/filles-de-la-charite.org\"],\"url\":\"https:\\\/\\\/filles-de-la-charite.org\\\/it\\\/author\\\/caridad\\\/\"}]}<\/script>\n<!-- \/ Yoast SEO plugin. -->","yoast_head_json":{"title":"Scintille d\u2019amore - Filles de la Charit\u00e9","robots":{"index":"index","follow":"follow","max-snippet":"max-snippet:-1","max-image-preview":"max-image-preview:large","max-video-preview":"max-video-preview:-1"},"canonical":"https:\/\/filles-de-la-charite.org\/it\/scintille-damore\/","og_locale":"it_IT","og_type":"article","og_title":"Scintille d\u2019amore - Filles de la Charit\u00e9","og_description":"[Provincia di Santa Luisa de Marillac &#8211; Asia] Le Figlie della Carit\u00e0 delle Filippine &#8211; Missione Papua Nuova Guinea, si sentono privilegiate anche con le &#8220;scintille&#8221; di opportunit\u00e0 per servire i bisognosi in questo periodo di pandemia e condividono con noi questa presentazione di come si sono impegnate per CHI E\u2019IN PRIMA LINEA a rischiare [&hellip;]","og_url":"https:\/\/filles-de-la-charite.org\/it\/scintille-damore\/","og_site_name":"Filles de la Charit\u00e9","article_published_time":"2020-05-12T12:39:11+00:00","article_modified_time":"2024-03-17T17:55:26+00:00","og_image":[{"width":450,"height":300,"url":"https:\/\/filles-de-la-charite.org\/wp-content\/uploads\/2023\/06\/200512-SLM-Asia-thmb.jpg","type":"image\/jpeg"}],"author":"admin","twitter_card":"summary_large_image","twitter_misc":{"Scritto da":"admin"},"schema":{"@context":"https:\/\/schema.org","@graph":[{"@type":"Article","@id":"https:\/\/filles-de-la-charite.org\/it\/scintille-damore\/#article","isPartOf":{"@id":"https:\/\/filles-de-la-charite.org\/it\/scintille-damore\/"},"author":{"name":"admin","@id":"https:\/\/filles-de-la-charite.org\/it\/#\/schema\/person\/427567b2eccfc2dd7d206da186a1f438"},"headline":"Scintille d\u2019amore","datePublished":"2020-05-12T12:39:11+00:00","dateModified":"2024-03-17T17:55:26+00:00","mainEntityOfPage":{"@id":"https:\/\/filles-de-la-charite.org\/it\/scintille-damore\/"},"wordCount":79,"publisher":{"@id":"https:\/\/filles-de-la-charite.org\/it\/#organization"},"image":{"@id":"https:\/\/filles-de-la-charite.org\/it\/scintille-damore\/#primaryimage"},"thumbnailUrl":"https:\/\/filles-de-la-charite.org\/wp-content\/uploads\/2023\/06\/200512-SLM-Asia-thmb.jpg","articleSection":["Santa Luisa - Asia"],"inLanguage":"it-IT"},{"@type":"WebPage","@id":"https:\/\/filles-de-la-charite.org\/it\/scintille-damore\/","url":"https:\/\/filles-de-la-charite.org\/it\/scintille-damore\/","name":"Scintille d\u2019amore - Filles de la Charit\u00e9","isPartOf":{"@id":"https:\/\/filles-de-la-charite.org\/it\/#website"},"primaryImageOfPage":{"@id":"https:\/\/filles-de-la-charite.org\/it\/scintille-damore\/#primaryimage"},"image":{"@id":"https:\/\/filles-de-la-charite.org\/it\/scintille-damore\/#primaryimage"},"thumbnailUrl":"https:\/\/filles-de-la-charite.org\/wp-content\/uploads\/2023\/06\/200512-SLM-Asia-thmb.jpg","datePublished":"2020-05-12T12:39:11+00:00","dateModified":"2024-03-17T17:55:26+00:00","breadcrumb":{"@id":"https:\/\/filles-de-la-charite.org\/it\/scintille-damore\/#breadcrumb"},"inLanguage":"it-IT","potentialAction":[{"@type":"ReadAction","target":["https:\/\/filles-de-la-charite.org\/it\/scintille-damore\/"]}]},{"@type":"ImageObject","inLanguage":"it-IT","@id":"https:\/\/filles-de-la-charite.org\/it\/scintille-damore\/#primaryimage","url":"https:\/\/filles-de-la-charite.org\/wp-content\/uploads\/2023\/06\/200512-SLM-Asia-thmb.jpg","contentUrl":"https:\/\/filles-de-la-charite.org\/wp-content\/uploads\/2023\/06\/200512-SLM-Asia-thmb.jpg","width":450,"height":300},{"@type":"BreadcrumbList","@id":"https:\/\/filles-de-la-charite.org\/it\/scintille-damore\/#breadcrumb","itemListElement":[{"@type":"ListItem","position":1,"name":"Indonesia","item":"https:\/\/filles-de-la-charite.org\/it\/category\/indonesia-it\/"},{"@type":"ListItem","position":2,"name":"Scintille d\u2019amore"}]},{"@type":"WebSite","@id":"https:\/\/filles-de-la-charite.org\/it\/#website","url":"https:\/\/filles-de-la-charite.org\/it\/","name":"Hijas de la Caridad","description":"L\u2019amour de J\u00e9sus nous presse \u00e0 prendre soin des personnes les plus d\u00e9munies","publisher":{"@id":"https:\/\/filles-de-la-charite.org\/it\/#organization"},"potentialAction":[{"@type":"SearchAction","target":{"@type":"EntryPoint","urlTemplate":"https:\/\/filles-de-la-charite.org\/it\/?s={search_term_string}"},"query-input":{"@type":"PropertyValueSpecification","valueRequired":true,"valueName":"search_term_string"}}],"inLanguage":"it-IT"},{"@type":"Organization","@id":"https:\/\/filles-de-la-charite.org\/it\/#organization","name":"Hijas de la Caridad","url":"https:\/\/filles-de-la-charite.org\/it\/","logo":{"@type":"ImageObject","inLanguage":"it-IT","@id":"https:\/\/filles-de-la-charite.org\/it\/#\/schema\/logo\/image\/","url":"https:\/\/filles-de-la-charite.org\/wp-content\/uploads\/2023\/03\/isotipo-Hijas-de-la-Caridad.png","contentUrl":"https:\/\/filles-de-la-charite.org\/wp-content\/uploads\/2023\/03\/isotipo-Hijas-de-la-Caridad.png","width":1417,"height":1417,"caption":"Hijas de la Caridad"},"image":{"@id":"https:\/\/filles-de-la-charite.org\/it\/#\/schema\/logo\/image\/"}},{"@type":"Person","@id":"https:\/\/filles-de-la-charite.org\/it\/#\/schema\/person\/427567b2eccfc2dd7d206da186a1f438","name":"admin","image":{"@type":"ImageObject","inLanguage":"it-IT","@id":"https:\/\/secure.gravatar.com\/avatar\/948b492cce32b586ac2db0eaa926ee87024f7afe218d73b397ea5ddfc5f43ea1?s=96&d=mm&r=g","url":"https:\/\/secure.gravatar.com\/avatar\/948b492cce32b586ac2db0eaa926ee87024f7afe218d73b397ea5ddfc5f43ea1?s=96&d=mm&r=g","contentUrl":"https:\/\/secure.gravatar.com\/avatar\/948b492cce32b586ac2db0eaa926ee87024f7afe218d73b397ea5ddfc5f43ea1?s=96&d=mm&r=g","caption":"admin"},"sameAs":["https:\/\/filles-de-la-charite.org"],"url":"https:\/\/filles-de-la-charite.org\/it\/author\/caridad\/"}]}},"_links":{"self":[{"href":"https:\/\/filles-de-la-charite.org\/it\/wp-json\/wp\/v2\/posts\/23097","targetHints":{"allow":["GET"]}}],"collection":[{"href":"https:\/\/filles-de-la-charite.org\/it\/wp-json\/wp\/v2\/posts"}],"about":[{"href":"https:\/\/filles-de-la-charite.org\/it\/wp-json\/wp\/v2\/types\/post"}],"author":[{"embeddable":true,"href":"https:\/\/filles-de-la-charite.org\/it\/wp-json\/wp\/v2\/users\/1"}],"replies":[{"embeddable":true,"href":"https:\/\/filles-de-la-charite.org\/it\/wp-json\/wp\/v2\/comments?post=23097"}],"version-history":[{"count":1,"href":"https:\/\/filles-de-la-charite.org\/it\/wp-json\/wp\/v2\/posts\/23097\/revisions"}],"predecessor-version":[{"id":23098,"href":"https:\/\/filles-de-la-charite.org\/it\/wp-json\/wp\/v2\/posts\/23097\/revisions\/23098"}],"wp:featuredmedia":[{"embeddable":true,"href":"https:\/\/filles-de-la-charite.org\/it\/wp-json\/wp\/v2\/media\/14722"}],"wp:attachment":[{"href":"https:\/\/filles-de-la-charite.org\/it\/wp-json\/wp\/v2\/media?parent=23097"}],"wp:term":[{"taxonomy":"category","embeddable":true,"href":"https:\/\/filles-de-la-charite.org\/it\/wp-json\/wp\/v2\/categories?post=23097"},{"taxonomy":"post_tag","embeddable":true,"href":"https:\/\/filles-de-la-charite.org\/it\/wp-json\/wp\/v2\/tags?post=23097"}],"curies":[{"name":"wp","href":"https:\/\/api.w.org\/{rel}","templated":true}]}}