{"id":23100,"date":"2020-06-02T22:14:29","date_gmt":"2020-06-02T20:14:29","guid":{"rendered":"https:\/\/hijascaridad.sjdigitaldemo.ovh\/being-gods-instruments-a-response-to-covid-19-6\/"},"modified":"2024-03-17T18:33:26","modified_gmt":"2024-03-17T17:33:26","slug":"being-gods-instruments-a-response-to-covid-19-6","status":"publish","type":"post","link":"https:\/\/filles-de-la-charite.org\/it\/being-gods-instruments-a-response-to-covid-19-6\/","title":{"rendered":"Essere strumenti di Dio: una risposta al COVID-19"},"content":{"rendered":"\n<p>Noi, le Sorelle della Comunit\u00e0 della Casa Provinciale, abbiamo risposto all&#8217;appello del Covid -19 distribuendo i kit di provviste e di prodotti per l&#8217;igiene a 1500 famiglie delle baraccopoli, ai lavoratori migranti e ad altri poveri che vivono nella strada. Abbiamo acquistato le suddette provviste nei negozi all&#8217;ingrosso grazie all&#8217;aiuto delle Organizzazioni Non Governative (ONG) e delle Consorelle, delle giovani aspiranti della nostra Compagnia e di coloro che lavorano nella comunit\u00e0, abbiamo riconfezionato la merce. Sono state anche cucite e distribuite circa 3.000 mascherine insieme ai kit.<\/p>\n\n\n\n<p>Nonostante il timore di contrarre il corona virus o di diventare un positivo che potr\u00e0 contagiare la Comunit\u00e0 e i bambini che vivono nella casa, abbiamo fatto questo passo coraggioso per raggiungere i bisognosi. Il rischio maggiore \u00e8 per\u00f2 quello di chiudere gli occhi di fronte al virus della fame ed \u00e8 questo che ci ha spinto a superare la paura della malattia.&nbsp; La sfida \u00e8 stata quella di osservare tutte le precauzioni e di rispettare le regole e i regolamenti, oltre a chiedere il permesso ai funzionari governativi e al dipartimento di polizia. Le autorit\u00e0 erano inizialmente esitanti, ma ci \u00e8 stata concessa l\u2019autorizzazione; in effetti, sono state gentili e ci hanno sostenuto nei nostri sforzi.<\/p>\n\n\n\n<div class=\"wp-block-image\"><figure class=\"aligncenter\"><img decoding=\"async\" src=\"https:\/\/filles-de-la-charite.org\/wp-content\/uploads\/2023\/06\/200601-India-4.jpg\" alt=\"\" class=\"wp-image-41000\"\/><\/figure><\/div>\n\n\n\n<p>Ci rallegriamo che Dio ci abbia usate come Suoi strumenti per portare conforto ai pi\u00f9 poveri della societ\u00e0; il volto sorridente e rugoso delle vedove anziane e di altri come loro era l&#8217;immagine di Dio e rimarr\u00e0 sempre vivo nella nostra memoria.<\/p>\n\n\n\n<p>Un aiuto simile \u00e8 stato dato ai pi\u00f9 poveri della societ\u00e0 da altre Comunit\u00e0 di Figlie della Carit\u00e0 della Provincia: la Casa di San Vincenzo a Manmad, Shanthi Rani Nilayam a Kallal, la Casa Karunambika a Hemachandrapuram e la Casa di San Vincenzo a Oragadom.<\/p>\n\n\n\n<p class=\"has-text-align-right\">Sr. Rose CHIRAYIL, DC\nVisitatrice<\/p>\n\n\n\n<div class=\"wp-block-image\"><figure class=\"aligncenter\"><img decoding=\"async\" src=\"https:\/\/filles-de-la-charite.org\/wp-content\/uploads\/2023\/06\/200601-India-57.jpg\" alt=\"\" class=\"wp-image-41003\"\/><\/figure><\/div>\n\n\n\n<div class=\"wp-block-image\"><figure class=\"aligncenter\"><img decoding=\"async\" src=\"https:\/\/filles-de-la-charite.org\/wp-content\/uploads\/2023\/06\/200601-India-46.jpg\" alt=\"\" class=\"wp-image-41002\"\/><\/figure><\/div>\n\n\n\n<div class=\"wp-block-image\"><figure class=\"aligncenter\"><img decoding=\"async\" src=\"https:\/\/filles-de-la-charite.org\/wp-content\/uploads\/2023\/06\/200601-India-12.jpg\" alt=\"\" class=\"wp-image-41001\"\/><\/figure><\/div>\n","protected":false},"excerpt":{"rendered":"<p>Noi, le Sorelle della Comunit\u00e0 della Casa Provinciale, abbiamo risposto all&#8217;appello del Covid -19 distribuendo i kit di provviste e di prodotti per l&#8217;igiene a 1500 famiglie delle baraccopoli, ai lavoratori migranti e ad altri poveri che vivono nella strada. Abbiamo acquistato le suddette provviste nei negozi all&#8217;ingrosso grazie all&#8217;aiuto delle Organizzazioni Non Governative (ONG) [&hellip;]<\/p>\n","protected":false},"author":1,"featured_media":14761,"comment_status":"closed","ping_status":"closed","sticky":false,"template":"","format":"standard","meta":{"_acf_changed":false,"_et_pb_use_builder":"","_et_pb_old_content":"","_et_gb_content_width":"","footnotes":"","_links_to":"","_links_to_target":""},"categories":[751],"tags":[],"class_list":["post-23100","post","type-post","status-publish","format-standard","has-post-thumbnail","hentry","category-india-del-sur-it"],"acf":[],"yoast_head":"<!-- This site is optimized with the Yoast SEO plugin v27.5 - https:\/\/yoast.com\/product\/yoast-seo-wordpress\/ -->\n<title>Essere strumenti di Dio: una risposta al COVID-19 - Filles de la Charit\u00e9<\/title>\n<meta name=\"robots\" content=\"index, follow, max-snippet:-1, max-image-preview:large, max-video-preview:-1\" \/>\n<link rel=\"canonical\" href=\"https:\/\/filles-de-la-charite.org\/it\/being-gods-instruments-a-response-to-covid-19-6\/\" \/>\n<meta property=\"og:locale\" content=\"it_IT\" \/>\n<meta property=\"og:type\" content=\"article\" \/>\n<meta property=\"og:title\" content=\"Essere strumenti di Dio: una risposta al COVID-19 - Filles de la Charit\u00e9\" \/>\n<meta property=\"og:description\" content=\"Noi, le Sorelle della Comunit\u00e0 della Casa Provinciale, abbiamo risposto all&#8217;appello del Covid -19 distribuendo i kit di provviste e di prodotti per l&#8217;igiene a 1500 famiglie delle baraccopoli, ai lavoratori migranti e ad altri poveri che vivono nella strada. Abbiamo acquistato le suddette provviste nei negozi all&#8217;ingrosso grazie all&#8217;aiuto delle Organizzazioni Non Governative (ONG) [&hellip;]\" \/>\n<meta property=\"og:url\" content=\"https:\/\/filles-de-la-charite.org\/it\/being-gods-instruments-a-response-to-covid-19-6\/\" \/>\n<meta property=\"og:site_name\" content=\"Filles de la Charit\u00e9\" \/>\n<meta property=\"article:published_time\" content=\"2020-06-02T20:14:29+00:00\" \/>\n<meta property=\"article:modified_time\" content=\"2024-03-17T17:33:26+00:00\" \/>\n<meta property=\"og:image\" content=\"https:\/\/filles-de-la-charite.org\/wp-content\/uploads\/2023\/06\/200606-Nigeria-ftd.jpg\" \/>\n\t<meta property=\"og:image:width\" content=\"1200\" \/>\n\t<meta property=\"og:image:height\" content=\"630\" \/>\n\t<meta property=\"og:image:type\" content=\"image\/jpeg\" \/>\n<meta name=\"author\" content=\"admin\" \/>\n<meta name=\"twitter:card\" content=\"summary_large_image\" \/>\n<meta name=\"twitter:label1\" content=\"Scritto da\" \/>\n\t<meta name=\"twitter:data1\" content=\"admin\" \/>\n\t<meta name=\"twitter:label2\" content=\"Tempo di lettura stimato\" \/>\n\t<meta name=\"twitter:data2\" content=\"1 minuto\" \/>\n<script type=\"application\/ld+json\" class=\"yoast-schema-graph\">{\"@context\":\"https:\\\/\\\/schema.org\",\"@graph\":[{\"@type\":\"Article\",\"@id\":\"https:\\\/\\\/filles-de-la-charite.org\\\/it\\\/being-gods-instruments-a-response-to-covid-19-6\\\/#article\",\"isPartOf\":{\"@id\":\"https:\\\/\\\/filles-de-la-charite.org\\\/it\\\/being-gods-instruments-a-response-to-covid-19-6\\\/\"},\"author\":{\"name\":\"admin\",\"@id\":\"https:\\\/\\\/filles-de-la-charite.org\\\/it\\\/#\\\/schema\\\/person\\\/427567b2eccfc2dd7d206da186a1f438\"},\"headline\":\"Essere strumenti di Dio: una risposta al COVID-19\",\"datePublished\":\"2020-06-02T20:14:29+00:00\",\"dateModified\":\"2024-03-17T17:33:26+00:00\",\"mainEntityOfPage\":{\"@id\":\"https:\\\/\\\/filles-de-la-charite.org\\\/it\\\/being-gods-instruments-a-response-to-covid-19-6\\\/\"},\"wordCount\":304,\"publisher\":{\"@id\":\"https:\\\/\\\/filles-de-la-charite.org\\\/it\\\/#organization\"},\"image\":{\"@id\":\"https:\\\/\\\/filles-de-la-charite.org\\\/it\\\/being-gods-instruments-a-response-to-covid-19-6\\\/#primaryimage\"},\"thumbnailUrl\":\"https:\\\/\\\/filles-de-la-charite.org\\\/wp-content\\\/uploads\\\/2023\\\/06\\\/200606-Nigeria-ftd.jpg\",\"articleSection\":[\"India del Sud\"],\"inLanguage\":\"it-IT\"},{\"@type\":\"WebPage\",\"@id\":\"https:\\\/\\\/filles-de-la-charite.org\\\/it\\\/being-gods-instruments-a-response-to-covid-19-6\\\/\",\"url\":\"https:\\\/\\\/filles-de-la-charite.org\\\/it\\\/being-gods-instruments-a-response-to-covid-19-6\\\/\",\"name\":\"Essere strumenti di Dio: una risposta al COVID-19 - Filles de la Charit\u00e9\",\"isPartOf\":{\"@id\":\"https:\\\/\\\/filles-de-la-charite.org\\\/it\\\/#website\"},\"primaryImageOfPage\":{\"@id\":\"https:\\\/\\\/filles-de-la-charite.org\\\/it\\\/being-gods-instruments-a-response-to-covid-19-6\\\/#primaryimage\"},\"image\":{\"@id\":\"https:\\\/\\\/filles-de-la-charite.org\\\/it\\\/being-gods-instruments-a-response-to-covid-19-6\\\/#primaryimage\"},\"thumbnailUrl\":\"https:\\\/\\\/filles-de-la-charite.org\\\/wp-content\\\/uploads\\\/2023\\\/06\\\/200606-Nigeria-ftd.jpg\",\"datePublished\":\"2020-06-02T20:14:29+00:00\",\"dateModified\":\"2024-03-17T17:33:26+00:00\",\"breadcrumb\":{\"@id\":\"https:\\\/\\\/filles-de-la-charite.org\\\/it\\\/being-gods-instruments-a-response-to-covid-19-6\\\/#breadcrumb\"},\"inLanguage\":\"it-IT\",\"potentialAction\":[{\"@type\":\"ReadAction\",\"target\":[\"https:\\\/\\\/filles-de-la-charite.org\\\/it\\\/being-gods-instruments-a-response-to-covid-19-6\\\/\"]}]},{\"@type\":\"ImageObject\",\"inLanguage\":\"it-IT\",\"@id\":\"https:\\\/\\\/filles-de-la-charite.org\\\/it\\\/being-gods-instruments-a-response-to-covid-19-6\\\/#primaryimage\",\"url\":\"https:\\\/\\\/filles-de-la-charite.org\\\/wp-content\\\/uploads\\\/2023\\\/06\\\/200606-Nigeria-ftd.jpg\",\"contentUrl\":\"https:\\\/\\\/filles-de-la-charite.org\\\/wp-content\\\/uploads\\\/2023\\\/06\\\/200606-Nigeria-ftd.jpg\",\"width\":1200,\"height\":630},{\"@type\":\"BreadcrumbList\",\"@id\":\"https:\\\/\\\/filles-de-la-charite.org\\\/it\\\/being-gods-instruments-a-response-to-covid-19-6\\\/#breadcrumb\",\"itemListElement\":[{\"@type\":\"ListItem\",\"position\":1,\"name\":\"India del Sud\",\"item\":\"https:\\\/\\\/filles-de-la-charite.org\\\/it\\\/category\\\/india-del-sur-it\\\/\"},{\"@type\":\"ListItem\",\"position\":2,\"name\":\"Essere strumenti di Dio: una risposta al COVID-19\"}]},{\"@type\":\"WebSite\",\"@id\":\"https:\\\/\\\/filles-de-la-charite.org\\\/it\\\/#website\",\"url\":\"https:\\\/\\\/filles-de-la-charite.org\\\/it\\\/\",\"name\":\"Hijas de la Caridad\",\"description\":\"L\u2019amour de J\u00e9sus nous presse \u00e0 prendre soin des personnes les plus d\u00e9munies\",\"publisher\":{\"@id\":\"https:\\\/\\\/filles-de-la-charite.org\\\/it\\\/#organization\"},\"potentialAction\":[{\"@type\":\"SearchAction\",\"target\":{\"@type\":\"EntryPoint\",\"urlTemplate\":\"https:\\\/\\\/filles-de-la-charite.org\\\/it\\\/?s={search_term_string}\"},\"query-input\":{\"@type\":\"PropertyValueSpecification\",\"valueRequired\":true,\"valueName\":\"search_term_string\"}}],\"inLanguage\":\"it-IT\"},{\"@type\":\"Organization\",\"@id\":\"https:\\\/\\\/filles-de-la-charite.org\\\/it\\\/#organization\",\"name\":\"Hijas de la Caridad\",\"url\":\"https:\\\/\\\/filles-de-la-charite.org\\\/it\\\/\",\"logo\":{\"@type\":\"ImageObject\",\"inLanguage\":\"it-IT\",\"@id\":\"https:\\\/\\\/filles-de-la-charite.org\\\/it\\\/#\\\/schema\\\/logo\\\/image\\\/\",\"url\":\"https:\\\/\\\/filles-de-la-charite.org\\\/wp-content\\\/uploads\\\/2023\\\/03\\\/isotipo-Hijas-de-la-Caridad.png\",\"contentUrl\":\"https:\\\/\\\/filles-de-la-charite.org\\\/wp-content\\\/uploads\\\/2023\\\/03\\\/isotipo-Hijas-de-la-Caridad.png\",\"width\":1417,\"height\":1417,\"caption\":\"Hijas de la Caridad\"},\"image\":{\"@id\":\"https:\\\/\\\/filles-de-la-charite.org\\\/it\\\/#\\\/schema\\\/logo\\\/image\\\/\"}},{\"@type\":\"Person\",\"@id\":\"https:\\\/\\\/filles-de-la-charite.org\\\/it\\\/#\\\/schema\\\/person\\\/427567b2eccfc2dd7d206da186a1f438\",\"name\":\"admin\",\"image\":{\"@type\":\"ImageObject\",\"inLanguage\":\"it-IT\",\"@id\":\"https:\\\/\\\/secure.gravatar.com\\\/avatar\\\/948b492cce32b586ac2db0eaa926ee87024f7afe218d73b397ea5ddfc5f43ea1?s=96&d=mm&r=g\",\"url\":\"https:\\\/\\\/secure.gravatar.com\\\/avatar\\\/948b492cce32b586ac2db0eaa926ee87024f7afe218d73b397ea5ddfc5f43ea1?s=96&d=mm&r=g\",\"contentUrl\":\"https:\\\/\\\/secure.gravatar.com\\\/avatar\\\/948b492cce32b586ac2db0eaa926ee87024f7afe218d73b397ea5ddfc5f43ea1?s=96&d=mm&r=g\",\"caption\":\"admin\"},\"sameAs\":[\"https:\\\/\\\/filles-de-la-charite.org\"],\"url\":\"https:\\\/\\\/filles-de-la-charite.org\\\/it\\\/author\\\/caridad\\\/\"}]}<\/script>\n<!-- \/ Yoast SEO plugin. -->","yoast_head_json":{"title":"Essere strumenti di Dio: una risposta al COVID-19 - Filles de la Charit\u00e9","robots":{"index":"index","follow":"follow","max-snippet":"max-snippet:-1","max-image-preview":"max-image-preview:large","max-video-preview":"max-video-preview:-1"},"canonical":"https:\/\/filles-de-la-charite.org\/it\/being-gods-instruments-a-response-to-covid-19-6\/","og_locale":"it_IT","og_type":"article","og_title":"Essere strumenti di Dio: una risposta al COVID-19 - Filles de la Charit\u00e9","og_description":"Noi, le Sorelle della Comunit\u00e0 della Casa Provinciale, abbiamo risposto all&#8217;appello del Covid -19 distribuendo i kit di provviste e di prodotti per l&#8217;igiene a 1500 famiglie delle baraccopoli, ai lavoratori migranti e ad altri poveri che vivono nella strada. Abbiamo acquistato le suddette provviste nei negozi all&#8217;ingrosso grazie all&#8217;aiuto delle Organizzazioni Non Governative (ONG) [&hellip;]","og_url":"https:\/\/filles-de-la-charite.org\/it\/being-gods-instruments-a-response-to-covid-19-6\/","og_site_name":"Filles de la Charit\u00e9","article_published_time":"2020-06-02T20:14:29+00:00","article_modified_time":"2024-03-17T17:33:26+00:00","og_image":[{"width":1200,"height":630,"url":"https:\/\/filles-de-la-charite.org\/wp-content\/uploads\/2023\/06\/200606-Nigeria-ftd.jpg","type":"image\/jpeg"}],"author":"admin","twitter_card":"summary_large_image","twitter_misc":{"Scritto da":"admin","Tempo di lettura stimato":"1 minuto"},"schema":{"@context":"https:\/\/schema.org","@graph":[{"@type":"Article","@id":"https:\/\/filles-de-la-charite.org\/it\/being-gods-instruments-a-response-to-covid-19-6\/#article","isPartOf":{"@id":"https:\/\/filles-de-la-charite.org\/it\/being-gods-instruments-a-response-to-covid-19-6\/"},"author":{"name":"admin","@id":"https:\/\/filles-de-la-charite.org\/it\/#\/schema\/person\/427567b2eccfc2dd7d206da186a1f438"},"headline":"Essere strumenti di Dio: una risposta al COVID-19","datePublished":"2020-06-02T20:14:29+00:00","dateModified":"2024-03-17T17:33:26+00:00","mainEntityOfPage":{"@id":"https:\/\/filles-de-la-charite.org\/it\/being-gods-instruments-a-response-to-covid-19-6\/"},"wordCount":304,"publisher":{"@id":"https:\/\/filles-de-la-charite.org\/it\/#organization"},"image":{"@id":"https:\/\/filles-de-la-charite.org\/it\/being-gods-instruments-a-response-to-covid-19-6\/#primaryimage"},"thumbnailUrl":"https:\/\/filles-de-la-charite.org\/wp-content\/uploads\/2023\/06\/200606-Nigeria-ftd.jpg","articleSection":["India del Sud"],"inLanguage":"it-IT"},{"@type":"WebPage","@id":"https:\/\/filles-de-la-charite.org\/it\/being-gods-instruments-a-response-to-covid-19-6\/","url":"https:\/\/filles-de-la-charite.org\/it\/being-gods-instruments-a-response-to-covid-19-6\/","name":"Essere strumenti di Dio: una risposta al COVID-19 - Filles de la Charit\u00e9","isPartOf":{"@id":"https:\/\/filles-de-la-charite.org\/it\/#website"},"primaryImageOfPage":{"@id":"https:\/\/filles-de-la-charite.org\/it\/being-gods-instruments-a-response-to-covid-19-6\/#primaryimage"},"image":{"@id":"https:\/\/filles-de-la-charite.org\/it\/being-gods-instruments-a-response-to-covid-19-6\/#primaryimage"},"thumbnailUrl":"https:\/\/filles-de-la-charite.org\/wp-content\/uploads\/2023\/06\/200606-Nigeria-ftd.jpg","datePublished":"2020-06-02T20:14:29+00:00","dateModified":"2024-03-17T17:33:26+00:00","breadcrumb":{"@id":"https:\/\/filles-de-la-charite.org\/it\/being-gods-instruments-a-response-to-covid-19-6\/#breadcrumb"},"inLanguage":"it-IT","potentialAction":[{"@type":"ReadAction","target":["https:\/\/filles-de-la-charite.org\/it\/being-gods-instruments-a-response-to-covid-19-6\/"]}]},{"@type":"ImageObject","inLanguage":"it-IT","@id":"https:\/\/filles-de-la-charite.org\/it\/being-gods-instruments-a-response-to-covid-19-6\/#primaryimage","url":"https:\/\/filles-de-la-charite.org\/wp-content\/uploads\/2023\/06\/200606-Nigeria-ftd.jpg","contentUrl":"https:\/\/filles-de-la-charite.org\/wp-content\/uploads\/2023\/06\/200606-Nigeria-ftd.jpg","width":1200,"height":630},{"@type":"BreadcrumbList","@id":"https:\/\/filles-de-la-charite.org\/it\/being-gods-instruments-a-response-to-covid-19-6\/#breadcrumb","itemListElement":[{"@type":"ListItem","position":1,"name":"India del Sud","item":"https:\/\/filles-de-la-charite.org\/it\/category\/india-del-sur-it\/"},{"@type":"ListItem","position":2,"name":"Essere strumenti di Dio: una risposta al COVID-19"}]},{"@type":"WebSite","@id":"https:\/\/filles-de-la-charite.org\/it\/#website","url":"https:\/\/filles-de-la-charite.org\/it\/","name":"Hijas de la Caridad","description":"L\u2019amour de J\u00e9sus nous presse \u00e0 prendre soin des personnes les plus d\u00e9munies","publisher":{"@id":"https:\/\/filles-de-la-charite.org\/it\/#organization"},"potentialAction":[{"@type":"SearchAction","target":{"@type":"EntryPoint","urlTemplate":"https:\/\/filles-de-la-charite.org\/it\/?s={search_term_string}"},"query-input":{"@type":"PropertyValueSpecification","valueRequired":true,"valueName":"search_term_string"}}],"inLanguage":"it-IT"},{"@type":"Organization","@id":"https:\/\/filles-de-la-charite.org\/it\/#organization","name":"Hijas de la Caridad","url":"https:\/\/filles-de-la-charite.org\/it\/","logo":{"@type":"ImageObject","inLanguage":"it-IT","@id":"https:\/\/filles-de-la-charite.org\/it\/#\/schema\/logo\/image\/","url":"https:\/\/filles-de-la-charite.org\/wp-content\/uploads\/2023\/03\/isotipo-Hijas-de-la-Caridad.png","contentUrl":"https:\/\/filles-de-la-charite.org\/wp-content\/uploads\/2023\/03\/isotipo-Hijas-de-la-Caridad.png","width":1417,"height":1417,"caption":"Hijas de la Caridad"},"image":{"@id":"https:\/\/filles-de-la-charite.org\/it\/#\/schema\/logo\/image\/"}},{"@type":"Person","@id":"https:\/\/filles-de-la-charite.org\/it\/#\/schema\/person\/427567b2eccfc2dd7d206da186a1f438","name":"admin","image":{"@type":"ImageObject","inLanguage":"it-IT","@id":"https:\/\/secure.gravatar.com\/avatar\/948b492cce32b586ac2db0eaa926ee87024f7afe218d73b397ea5ddfc5f43ea1?s=96&d=mm&r=g","url":"https:\/\/secure.gravatar.com\/avatar\/948b492cce32b586ac2db0eaa926ee87024f7afe218d73b397ea5ddfc5f43ea1?s=96&d=mm&r=g","contentUrl":"https:\/\/secure.gravatar.com\/avatar\/948b492cce32b586ac2db0eaa926ee87024f7afe218d73b397ea5ddfc5f43ea1?s=96&d=mm&r=g","caption":"admin"},"sameAs":["https:\/\/filles-de-la-charite.org"],"url":"https:\/\/filles-de-la-charite.org\/it\/author\/caridad\/"}]}},"_links":{"self":[{"href":"https:\/\/filles-de-la-charite.org\/it\/wp-json\/wp\/v2\/posts\/23100","targetHints":{"allow":["GET"]}}],"collection":[{"href":"https:\/\/filles-de-la-charite.org\/it\/wp-json\/wp\/v2\/posts"}],"about":[{"href":"https:\/\/filles-de-la-charite.org\/it\/wp-json\/wp\/v2\/types\/post"}],"author":[{"embeddable":true,"href":"https:\/\/filles-de-la-charite.org\/it\/wp-json\/wp\/v2\/users\/1"}],"replies":[{"embeddable":true,"href":"https:\/\/filles-de-la-charite.org\/it\/wp-json\/wp\/v2\/comments?post=23100"}],"version-history":[{"count":1,"href":"https:\/\/filles-de-la-charite.org\/it\/wp-json\/wp\/v2\/posts\/23100\/revisions"}],"predecessor-version":[{"id":23101,"href":"https:\/\/filles-de-la-charite.org\/it\/wp-json\/wp\/v2\/posts\/23100\/revisions\/23101"}],"wp:featuredmedia":[{"embeddable":true,"href":"https:\/\/filles-de-la-charite.org\/it\/wp-json\/wp\/v2\/media\/14761"}],"wp:attachment":[{"href":"https:\/\/filles-de-la-charite.org\/it\/wp-json\/wp\/v2\/media?parent=23100"}],"wp:term":[{"taxonomy":"category","embeddable":true,"href":"https:\/\/filles-de-la-charite.org\/it\/wp-json\/wp\/v2\/categories?post=23100"},{"taxonomy":"post_tag","embeddable":true,"href":"https:\/\/filles-de-la-charite.org\/it\/wp-json\/wp\/v2\/tags?post=23100"}],"curies":[{"name":"wp","href":"https:\/\/api.w.org\/{rel}","templated":true}]}}