{"id":23110,"date":"2020-06-22T22:33:49","date_gmt":"2020-06-22T20:33:49","guid":{"rendered":"https:\/\/hijascaridad.sjdigitaldemo.ovh\/50th-anniversary-of-the-province-of-belo-horizonte-brazil-1970-2020-a-story-woven-with-golden-threads-6\/"},"modified":"2024-03-17T18:33:07","modified_gmt":"2024-03-17T17:33:07","slug":"50th-anniversary-of-the-province-of-belo-horizonte-brazil-1970-2020-a-story-woven-with-golden-threads-6","status":"publish","type":"post","link":"https:\/\/filles-de-la-charite.org\/it\/50th-anniversary-of-the-province-of-belo-horizonte-brazil-1970-2020-a-story-woven-with-golden-threads-6\/","title":{"rendered":"50\u00b0 anniversario della Provincia di Belo Horizonte, Brasile. 1970-2020 \u2013 una storia intrecciata con fili d\u2019oro"},"content":{"rendered":"\n<p>Il 2020 segna la celebrazione del 50\u00b0 anniversario della Provincia di Belo Horizonte, Brasile.<\/p>\n\n\n\n<p>Il 17 maggio 1970, Domenica di Pentecoste, la Provincia brasiliana delle Figlie della Carit\u00e0 si divise nuovamente e nacque la Provincia di Belo Horizonte. Suor Constan\u00e7a de Magalh\u00e3es Dutra fu designata come Visitatrice. Fu un nuovo inizio!<\/p>\n\n\n\n<p>Attualmente le Suore sono presenti nei seguenti stati di Belo Horizonte: Minas Gerais, Goi\u00e1s, Tocantins e il Distretto Federale, servendo con zelo e audacia creativa i nostri Signori e Padroni. Le Suore, con vigore missionario, hanno aperto missioni in regioni che sono in sofferenza, portando consolazione e speranza alla gente, ispirate e sollecitate ad andare avanti. Attraverso l'azione dello Spirito Santo e l'opera d'amore di cos\u00ec tante Figlie della Carit\u00e0, molte realt\u00e0 si sono trasformate e il Vangelo \u00e8 stato proclamato.<\/p>\n\n\n\n<div class=\"wp-block-image is-style-default\"><figure class=\"alignright size-large is-resized\"><img loading=\"lazy\" decoding=\"async\" src=\"https:\/\/filles-de-la-charite.org\/wp-content\/uploads\/2023\/06\/200623-BeloHorizonte-3.jpg\" alt=\"\" class=\"wp-image-50938\" width=\"360\" height=\"360\"\/><\/figure><\/div>\n\n\n\n<p>Oggi, cinquant'anni dopo, con il cuore grato a Dio che agisce attraverso di noi, Lo ringraziamo per questa bella storia tessuta con fili d'oro dalle mani di tante Suore che si sono dedicate amorevolmente al servizio di Cristo nei poveri.<\/p>\n\n\n\n<p>Questo cinquantesimo anniversario della nostra Provincia \u00e8 un momento importante per celebrare e rinnovare il Carisma, per rivivere avvenimenti significativi, essere grate per le innumerevoli benedizioni ricevute dal Signore, per intensificare la preghiera e per rafforzare i legami di comunione.<\/p>\n\n\n\n<p>Cos\u00ec, lo scorso 31 maggio 2020, nella solennit\u00e0 di Pentecoste, anche a distanza, ci siamo riunite con gioia immensa per rendere grazie del passato e riaccendere la passione con cui dobbiamo vivere il presente, soprattutto in questi tempi di incertezza. Come ci dice papa Francesco: non abbiamo solo una storia gloriosa da ricordare e da raccontare, ma una grande storia da costruire! Cos\u00ec, in segno di ringraziamento, ci impegniamo ad abbracciare il futuro con speranza, un futuro in cui lo Spirito ci porter\u00e0 a fare ancora grandi cose.<\/p>\n\n\n\n<p>Affidiamo al Paraclito la guida della nostra amata Provincia e, sotto la protezione di Maria, Madre e Custode della Compagnia, ravviviamo le nostre forze per andare avanti insieme. Con fiducia e gioia, continuiamo a percorrere le vie della carit\u00e0 e della missione e rispondiamo alle chiamate della Compagnia e della Chiesa, cercando di vivere il tema delle Assemblee<em>:&nbsp; Ephata: Varcare la soglia della porta ... Andare verso ... Incontrare.<\/em><\/p>\n\n\n\n<p class=\"has-text-align-right\"><i><span style=\"color: #0432ff;\">Suor Jane Carla G. SOUZA, Figlia della Carit\u00e0 Provincia di Belo Horizonte, Brasile<\/span><\/i><\/p>\n\n\n\n<div class=\"wp-block-image\"><figure class=\"aligncenter\"><img decoding=\"async\" src=\"https:\/\/filles-de-la-charite.org\/wp-content\/uploads\/2023\/06\/200623-BeloHorizonte-2.jpg\" alt=\"\" class=\"wp-image-41019\"\/><\/figure><\/div>\n\n\n\n<div class=\"wp-block-image\"><figure class=\"aligncenter\"><img decoding=\"async\" src=\"https:\/\/filles-de-la-charite.org\/wp-content\/uploads\/2023\/06\/200623-BeloHorizonte-4.jpg\" alt=\"\" class=\"wp-image-41021\"\/><\/figure><\/div>\n","protected":false},"excerpt":{"rendered":"<p>Il 2020 segna la celebrazione del 50\u00b0 anniversario della Provincia di Belo Horizonte, Brasile. Il 17 maggio 1970, Domenica di Pentecoste, la Provincia brasiliana delle Figlie della Carit\u00e0 si divise nuovamente e nacque la Provincia di Belo Horizonte. Suor Constan\u00e7a de Magalh\u00e3es Dutra fu designata come Visitatrice. Fu un nuovo inizio! Attualmente le Suore sono [&hellip;]<\/p>\n","protected":false},"author":1,"featured_media":14825,"comment_status":"closed","ping_status":"closed","sticky":false,"template":"","format":"standard","meta":{"_acf_changed":false,"footnotes":"","_links_to":"","_links_to_target":""},"categories":[574],"tags":[],"class_list":["post-23110","post","type-post","status-publish","format-standard","has-post-thumbnail","hentry","category-belo-horizonte-brasile-it"],"acf":[],"yoast_head":"<!-- This site is optimized with the Yoast SEO plugin v27.5 - https:\/\/yoast.com\/product\/yoast-seo-wordpress\/ -->\n<title>50\u00b0 anniversario della Provincia di Belo Horizonte, Brasile. 1970-2020 \u2013 una storia intrecciata con fili d\u2019oro - Filles de la Charit\u00e9<\/title>\n<meta name=\"robots\" content=\"index, follow, max-snippet:-1, max-image-preview:large, max-video-preview:-1\" \/>\n<link rel=\"canonical\" href=\"https:\/\/filles-de-la-charite.org\/it\/50th-anniversary-of-the-province-of-belo-horizonte-brazil-1970-2020-a-story-woven-with-golden-threads-6\/\" \/>\n<meta property=\"og:locale\" content=\"it_IT\" \/>\n<meta property=\"og:type\" content=\"article\" \/>\n<meta property=\"og:title\" content=\"50\u00b0 anniversario della Provincia di Belo Horizonte, Brasile. 1970-2020 \u2013 una storia intrecciata con fili d\u2019oro - Filles de la Charit\u00e9\" \/>\n<meta property=\"og:description\" content=\"Il 2020 segna la celebrazione del 50\u00b0 anniversario della Provincia di Belo Horizonte, Brasile. Il 17 maggio 1970, Domenica di Pentecoste, la Provincia brasiliana delle Figlie della Carit\u00e0 si divise nuovamente e nacque la Provincia di Belo Horizonte. Suor Constan\u00e7a de Magalh\u00e3es Dutra fu designata come Visitatrice. Fu un nuovo inizio! Attualmente le Suore sono [&hellip;]\" \/>\n<meta property=\"og:url\" content=\"https:\/\/filles-de-la-charite.org\/it\/50th-anniversary-of-the-province-of-belo-horizonte-brazil-1970-2020-a-story-woven-with-golden-threads-6\/\" \/>\n<meta property=\"og:site_name\" content=\"Filles de la Charit\u00e9\" \/>\n<meta property=\"article:published_time\" content=\"2020-06-22T20:33:49+00:00\" \/>\n<meta property=\"article:modified_time\" content=\"2024-03-17T17:33:07+00:00\" \/>\n<meta property=\"og:image\" content=\"https:\/\/filles-de-la-charite.org\/wp-content\/uploads\/2023\/06\/200623-BeloHorizonte-1.jpg\" \/>\n\t<meta property=\"og:image:width\" content=\"1280\" \/>\n\t<meta property=\"og:image:height\" content=\"720\" \/>\n\t<meta property=\"og:image:type\" content=\"image\/jpeg\" \/>\n<meta name=\"author\" content=\"admin\" \/>\n<meta name=\"twitter:card\" content=\"summary_large_image\" \/>\n<meta name=\"twitter:label1\" content=\"Scritto da\" \/>\n\t<meta name=\"twitter:data1\" content=\"admin\" \/>\n\t<meta name=\"twitter:label2\" content=\"Tempo di lettura stimato\" \/>\n\t<meta name=\"twitter:data2\" content=\"2 minuti\" \/>\n<script type=\"application\/ld+json\" class=\"yoast-schema-graph\">{\"@context\":\"https:\\\/\\\/schema.org\",\"@graph\":[{\"@type\":\"Article\",\"@id\":\"https:\\\/\\\/filles-de-la-charite.org\\\/it\\\/50th-anniversary-of-the-province-of-belo-horizonte-brazil-1970-2020-a-story-woven-with-golden-threads-6\\\/#article\",\"isPartOf\":{\"@id\":\"https:\\\/\\\/filles-de-la-charite.org\\\/it\\\/50th-anniversary-of-the-province-of-belo-horizonte-brazil-1970-2020-a-story-woven-with-golden-threads-6\\\/\"},\"author\":{\"name\":\"admin\",\"@id\":\"https:\\\/\\\/filles-de-la-charite.org\\\/it\\\/#\\\/schema\\\/person\\\/427567b2eccfc2dd7d206da186a1f438\"},\"headline\":\"50\u00b0 anniversario della Provincia di Belo Horizonte, Brasile. 1970-2020 \u2013 una storia intrecciata con fili d\u2019oro\",\"datePublished\":\"2020-06-22T20:33:49+00:00\",\"dateModified\":\"2024-03-17T17:33:07+00:00\",\"mainEntityOfPage\":{\"@id\":\"https:\\\/\\\/filles-de-la-charite.org\\\/it\\\/50th-anniversary-of-the-province-of-belo-horizonte-brazil-1970-2020-a-story-woven-with-golden-threads-6\\\/\"},\"wordCount\":396,\"publisher\":{\"@id\":\"https:\\\/\\\/filles-de-la-charite.org\\\/it\\\/#organization\"},\"image\":{\"@id\":\"https:\\\/\\\/filles-de-la-charite.org\\\/it\\\/50th-anniversary-of-the-province-of-belo-horizonte-brazil-1970-2020-a-story-woven-with-golden-threads-6\\\/#primaryimage\"},\"thumbnailUrl\":\"https:\\\/\\\/filles-de-la-charite.org\\\/wp-content\\\/uploads\\\/2023\\\/06\\\/200623-BeloHorizonte-1.jpg\",\"articleSection\":[\"Belo Horizonte - Brasile\"],\"inLanguage\":\"it-IT\"},{\"@type\":\"WebPage\",\"@id\":\"https:\\\/\\\/filles-de-la-charite.org\\\/it\\\/50th-anniversary-of-the-province-of-belo-horizonte-brazil-1970-2020-a-story-woven-with-golden-threads-6\\\/\",\"url\":\"https:\\\/\\\/filles-de-la-charite.org\\\/it\\\/50th-anniversary-of-the-province-of-belo-horizonte-brazil-1970-2020-a-story-woven-with-golden-threads-6\\\/\",\"name\":\"50\u00b0 anniversario della Provincia di Belo Horizonte, Brasile. 1970-2020 \u2013 una storia intrecciata con fili d\u2019oro - Filles de la Charit\u00e9\",\"isPartOf\":{\"@id\":\"https:\\\/\\\/filles-de-la-charite.org\\\/it\\\/#website\"},\"primaryImageOfPage\":{\"@id\":\"https:\\\/\\\/filles-de-la-charite.org\\\/it\\\/50th-anniversary-of-the-province-of-belo-horizonte-brazil-1970-2020-a-story-woven-with-golden-threads-6\\\/#primaryimage\"},\"image\":{\"@id\":\"https:\\\/\\\/filles-de-la-charite.org\\\/it\\\/50th-anniversary-of-the-province-of-belo-horizonte-brazil-1970-2020-a-story-woven-with-golden-threads-6\\\/#primaryimage\"},\"thumbnailUrl\":\"https:\\\/\\\/filles-de-la-charite.org\\\/wp-content\\\/uploads\\\/2023\\\/06\\\/200623-BeloHorizonte-1.jpg\",\"datePublished\":\"2020-06-22T20:33:49+00:00\",\"dateModified\":\"2024-03-17T17:33:07+00:00\",\"breadcrumb\":{\"@id\":\"https:\\\/\\\/filles-de-la-charite.org\\\/it\\\/50th-anniversary-of-the-province-of-belo-horizonte-brazil-1970-2020-a-story-woven-with-golden-threads-6\\\/#breadcrumb\"},\"inLanguage\":\"it-IT\",\"potentialAction\":[{\"@type\":\"ReadAction\",\"target\":[\"https:\\\/\\\/filles-de-la-charite.org\\\/it\\\/50th-anniversary-of-the-province-of-belo-horizonte-brazil-1970-2020-a-story-woven-with-golden-threads-6\\\/\"]}]},{\"@type\":\"ImageObject\",\"inLanguage\":\"it-IT\",\"@id\":\"https:\\\/\\\/filles-de-la-charite.org\\\/it\\\/50th-anniversary-of-the-province-of-belo-horizonte-brazil-1970-2020-a-story-woven-with-golden-threads-6\\\/#primaryimage\",\"url\":\"https:\\\/\\\/filles-de-la-charite.org\\\/wp-content\\\/uploads\\\/2023\\\/06\\\/200623-BeloHorizonte-1.jpg\",\"contentUrl\":\"https:\\\/\\\/filles-de-la-charite.org\\\/wp-content\\\/uploads\\\/2023\\\/06\\\/200623-BeloHorizonte-1.jpg\",\"width\":1280,\"height\":720},{\"@type\":\"BreadcrumbList\",\"@id\":\"https:\\\/\\\/filles-de-la-charite.org\\\/it\\\/50th-anniversary-of-the-province-of-belo-horizonte-brazil-1970-2020-a-story-woven-with-golden-threads-6\\\/#breadcrumb\",\"itemListElement\":[{\"@type\":\"ListItem\",\"position\":1,\"name\":\"Belo Horizonte - Brasile\",\"item\":\"https:\\\/\\\/filles-de-la-charite.org\\\/it\\\/category\\\/belo-horizonte-brasile-it\\\/\"},{\"@type\":\"ListItem\",\"position\":2,\"name\":\"50\u00b0 anniversario della Provincia di Belo Horizonte, Brasile. 1970-2020 \u2013 una storia intrecciata con fili d\u2019oro\"}]},{\"@type\":\"WebSite\",\"@id\":\"https:\\\/\\\/filles-de-la-charite.org\\\/it\\\/#website\",\"url\":\"https:\\\/\\\/filles-de-la-charite.org\\\/it\\\/\",\"name\":\"Hijas de la Caridad\",\"description\":\"L\u2019amour de J\u00e9sus nous presse \u00e0 prendre soin des personnes les plus d\u00e9munies\",\"publisher\":{\"@id\":\"https:\\\/\\\/filles-de-la-charite.org\\\/it\\\/#organization\"},\"potentialAction\":[{\"@type\":\"SearchAction\",\"target\":{\"@type\":\"EntryPoint\",\"urlTemplate\":\"https:\\\/\\\/filles-de-la-charite.org\\\/it\\\/?s={search_term_string}\"},\"query-input\":{\"@type\":\"PropertyValueSpecification\",\"valueRequired\":true,\"valueName\":\"search_term_string\"}}],\"inLanguage\":\"it-IT\"},{\"@type\":\"Organization\",\"@id\":\"https:\\\/\\\/filles-de-la-charite.org\\\/it\\\/#organization\",\"name\":\"Hijas de la Caridad\",\"url\":\"https:\\\/\\\/filles-de-la-charite.org\\\/it\\\/\",\"logo\":{\"@type\":\"ImageObject\",\"inLanguage\":\"it-IT\",\"@id\":\"https:\\\/\\\/filles-de-la-charite.org\\\/it\\\/#\\\/schema\\\/logo\\\/image\\\/\",\"url\":\"https:\\\/\\\/filles-de-la-charite.org\\\/wp-content\\\/uploads\\\/2023\\\/03\\\/isotipo-Hijas-de-la-Caridad.png\",\"contentUrl\":\"https:\\\/\\\/filles-de-la-charite.org\\\/wp-content\\\/uploads\\\/2023\\\/03\\\/isotipo-Hijas-de-la-Caridad.png\",\"width\":1417,\"height\":1417,\"caption\":\"Hijas de la Caridad\"},\"image\":{\"@id\":\"https:\\\/\\\/filles-de-la-charite.org\\\/it\\\/#\\\/schema\\\/logo\\\/image\\\/\"}},{\"@type\":\"Person\",\"@id\":\"https:\\\/\\\/filles-de-la-charite.org\\\/it\\\/#\\\/schema\\\/person\\\/427567b2eccfc2dd7d206da186a1f438\",\"name\":\"admin\",\"image\":{\"@type\":\"ImageObject\",\"inLanguage\":\"it-IT\",\"@id\":\"https:\\\/\\\/secure.gravatar.com\\\/avatar\\\/948b492cce32b586ac2db0eaa926ee87024f7afe218d73b397ea5ddfc5f43ea1?s=96&d=mm&r=g\",\"url\":\"https:\\\/\\\/secure.gravatar.com\\\/avatar\\\/948b492cce32b586ac2db0eaa926ee87024f7afe218d73b397ea5ddfc5f43ea1?s=96&d=mm&r=g\",\"contentUrl\":\"https:\\\/\\\/secure.gravatar.com\\\/avatar\\\/948b492cce32b586ac2db0eaa926ee87024f7afe218d73b397ea5ddfc5f43ea1?s=96&d=mm&r=g\",\"caption\":\"admin\"},\"sameAs\":[\"https:\\\/\\\/filles-de-la-charite.org\"],\"url\":\"https:\\\/\\\/filles-de-la-charite.org\\\/it\\\/author\\\/caridad\\\/\"}]}<\/script>\n<!-- \/ Yoast SEO plugin. -->","yoast_head_json":{"title":"50\u00b0 anniversario della Provincia di Belo Horizonte, Brasile. 1970-2020 \u2013 una storia intrecciata con fili d\u2019oro - Filles de la Charit\u00e9","robots":{"index":"index","follow":"follow","max-snippet":"max-snippet:-1","max-image-preview":"max-image-preview:large","max-video-preview":"max-video-preview:-1"},"canonical":"https:\/\/filles-de-la-charite.org\/it\/50th-anniversary-of-the-province-of-belo-horizonte-brazil-1970-2020-a-story-woven-with-golden-threads-6\/","og_locale":"it_IT","og_type":"article","og_title":"50\u00b0 anniversario della Provincia di Belo Horizonte, Brasile. 1970-2020 \u2013 una storia intrecciata con fili d\u2019oro - Filles de la Charit\u00e9","og_description":"Il 2020 segna la celebrazione del 50\u00b0 anniversario della Provincia di Belo Horizonte, Brasile. Il 17 maggio 1970, Domenica di Pentecoste, la Provincia brasiliana delle Figlie della Carit\u00e0 si divise nuovamente e nacque la Provincia di Belo Horizonte. Suor Constan\u00e7a de Magalh\u00e3es Dutra fu designata come Visitatrice. Fu un nuovo inizio! Attualmente le Suore sono [&hellip;]","og_url":"https:\/\/filles-de-la-charite.org\/it\/50th-anniversary-of-the-province-of-belo-horizonte-brazil-1970-2020-a-story-woven-with-golden-threads-6\/","og_site_name":"Filles de la Charit\u00e9","article_published_time":"2020-06-22T20:33:49+00:00","article_modified_time":"2024-03-17T17:33:07+00:00","og_image":[{"width":1280,"height":720,"url":"https:\/\/filles-de-la-charite.org\/wp-content\/uploads\/2023\/06\/200623-BeloHorizonte-1.jpg","type":"image\/jpeg"}],"author":"admin","twitter_card":"summary_large_image","twitter_misc":{"Scritto da":"admin","Tempo di lettura stimato":"2 minuti"},"schema":{"@context":"https:\/\/schema.org","@graph":[{"@type":"Article","@id":"https:\/\/filles-de-la-charite.org\/it\/50th-anniversary-of-the-province-of-belo-horizonte-brazil-1970-2020-a-story-woven-with-golden-threads-6\/#article","isPartOf":{"@id":"https:\/\/filles-de-la-charite.org\/it\/50th-anniversary-of-the-province-of-belo-horizonte-brazil-1970-2020-a-story-woven-with-golden-threads-6\/"},"author":{"name":"admin","@id":"https:\/\/filles-de-la-charite.org\/it\/#\/schema\/person\/427567b2eccfc2dd7d206da186a1f438"},"headline":"50\u00b0 anniversario della Provincia di Belo Horizonte, Brasile. 1970-2020 \u2013 una storia intrecciata con fili d\u2019oro","datePublished":"2020-06-22T20:33:49+00:00","dateModified":"2024-03-17T17:33:07+00:00","mainEntityOfPage":{"@id":"https:\/\/filles-de-la-charite.org\/it\/50th-anniversary-of-the-province-of-belo-horizonte-brazil-1970-2020-a-story-woven-with-golden-threads-6\/"},"wordCount":396,"publisher":{"@id":"https:\/\/filles-de-la-charite.org\/it\/#organization"},"image":{"@id":"https:\/\/filles-de-la-charite.org\/it\/50th-anniversary-of-the-province-of-belo-horizonte-brazil-1970-2020-a-story-woven-with-golden-threads-6\/#primaryimage"},"thumbnailUrl":"https:\/\/filles-de-la-charite.org\/wp-content\/uploads\/2023\/06\/200623-BeloHorizonte-1.jpg","articleSection":["Belo Horizonte - Brasile"],"inLanguage":"it-IT"},{"@type":"WebPage","@id":"https:\/\/filles-de-la-charite.org\/it\/50th-anniversary-of-the-province-of-belo-horizonte-brazil-1970-2020-a-story-woven-with-golden-threads-6\/","url":"https:\/\/filles-de-la-charite.org\/it\/50th-anniversary-of-the-province-of-belo-horizonte-brazil-1970-2020-a-story-woven-with-golden-threads-6\/","name":"50\u00b0 anniversario della Provincia di Belo Horizonte, Brasile. 1970-2020 \u2013 una storia intrecciata con fili d\u2019oro - Filles de la Charit\u00e9","isPartOf":{"@id":"https:\/\/filles-de-la-charite.org\/it\/#website"},"primaryImageOfPage":{"@id":"https:\/\/filles-de-la-charite.org\/it\/50th-anniversary-of-the-province-of-belo-horizonte-brazil-1970-2020-a-story-woven-with-golden-threads-6\/#primaryimage"},"image":{"@id":"https:\/\/filles-de-la-charite.org\/it\/50th-anniversary-of-the-province-of-belo-horizonte-brazil-1970-2020-a-story-woven-with-golden-threads-6\/#primaryimage"},"thumbnailUrl":"https:\/\/filles-de-la-charite.org\/wp-content\/uploads\/2023\/06\/200623-BeloHorizonte-1.jpg","datePublished":"2020-06-22T20:33:49+00:00","dateModified":"2024-03-17T17:33:07+00:00","breadcrumb":{"@id":"https:\/\/filles-de-la-charite.org\/it\/50th-anniversary-of-the-province-of-belo-horizonte-brazil-1970-2020-a-story-woven-with-golden-threads-6\/#breadcrumb"},"inLanguage":"it-IT","potentialAction":[{"@type":"ReadAction","target":["https:\/\/filles-de-la-charite.org\/it\/50th-anniversary-of-the-province-of-belo-horizonte-brazil-1970-2020-a-story-woven-with-golden-threads-6\/"]}]},{"@type":"ImageObject","inLanguage":"it-IT","@id":"https:\/\/filles-de-la-charite.org\/it\/50th-anniversary-of-the-province-of-belo-horizonte-brazil-1970-2020-a-story-woven-with-golden-threads-6\/#primaryimage","url":"https:\/\/filles-de-la-charite.org\/wp-content\/uploads\/2023\/06\/200623-BeloHorizonte-1.jpg","contentUrl":"https:\/\/filles-de-la-charite.org\/wp-content\/uploads\/2023\/06\/200623-BeloHorizonte-1.jpg","width":1280,"height":720},{"@type":"BreadcrumbList","@id":"https:\/\/filles-de-la-charite.org\/it\/50th-anniversary-of-the-province-of-belo-horizonte-brazil-1970-2020-a-story-woven-with-golden-threads-6\/#breadcrumb","itemListElement":[{"@type":"ListItem","position":1,"name":"Belo Horizonte - Brasile","item":"https:\/\/filles-de-la-charite.org\/it\/category\/belo-horizonte-brasile-it\/"},{"@type":"ListItem","position":2,"name":"50\u00b0 anniversario della Provincia di Belo Horizonte, Brasile. 1970-2020 \u2013 una storia intrecciata con fili d\u2019oro"}]},{"@type":"WebSite","@id":"https:\/\/filles-de-la-charite.org\/it\/#website","url":"https:\/\/filles-de-la-charite.org\/it\/","name":"Hijas de la Caridad","description":"L\u2019amour de J\u00e9sus nous presse \u00e0 prendre soin des personnes les plus d\u00e9munies","publisher":{"@id":"https:\/\/filles-de-la-charite.org\/it\/#organization"},"potentialAction":[{"@type":"SearchAction","target":{"@type":"EntryPoint","urlTemplate":"https:\/\/filles-de-la-charite.org\/it\/?s={search_term_string}"},"query-input":{"@type":"PropertyValueSpecification","valueRequired":true,"valueName":"search_term_string"}}],"inLanguage":"it-IT"},{"@type":"Organization","@id":"https:\/\/filles-de-la-charite.org\/it\/#organization","name":"Hijas de la Caridad","url":"https:\/\/filles-de-la-charite.org\/it\/","logo":{"@type":"ImageObject","inLanguage":"it-IT","@id":"https:\/\/filles-de-la-charite.org\/it\/#\/schema\/logo\/image\/","url":"https:\/\/filles-de-la-charite.org\/wp-content\/uploads\/2023\/03\/isotipo-Hijas-de-la-Caridad.png","contentUrl":"https:\/\/filles-de-la-charite.org\/wp-content\/uploads\/2023\/03\/isotipo-Hijas-de-la-Caridad.png","width":1417,"height":1417,"caption":"Hijas de la Caridad"},"image":{"@id":"https:\/\/filles-de-la-charite.org\/it\/#\/schema\/logo\/image\/"}},{"@type":"Person","@id":"https:\/\/filles-de-la-charite.org\/it\/#\/schema\/person\/427567b2eccfc2dd7d206da186a1f438","name":"admin","image":{"@type":"ImageObject","inLanguage":"it-IT","@id":"https:\/\/secure.gravatar.com\/avatar\/948b492cce32b586ac2db0eaa926ee87024f7afe218d73b397ea5ddfc5f43ea1?s=96&d=mm&r=g","url":"https:\/\/secure.gravatar.com\/avatar\/948b492cce32b586ac2db0eaa926ee87024f7afe218d73b397ea5ddfc5f43ea1?s=96&d=mm&r=g","contentUrl":"https:\/\/secure.gravatar.com\/avatar\/948b492cce32b586ac2db0eaa926ee87024f7afe218d73b397ea5ddfc5f43ea1?s=96&d=mm&r=g","caption":"admin"},"sameAs":["https:\/\/filles-de-la-charite.org"],"url":"https:\/\/filles-de-la-charite.org\/it\/author\/caridad\/"}]}},"_links":{"self":[{"href":"https:\/\/filles-de-la-charite.org\/it\/wp-json\/wp\/v2\/posts\/23110","targetHints":{"allow":["GET"]}}],"collection":[{"href":"https:\/\/filles-de-la-charite.org\/it\/wp-json\/wp\/v2\/posts"}],"about":[{"href":"https:\/\/filles-de-la-charite.org\/it\/wp-json\/wp\/v2\/types\/post"}],"author":[{"embeddable":true,"href":"https:\/\/filles-de-la-charite.org\/it\/wp-json\/wp\/v2\/users\/1"}],"replies":[{"embeddable":true,"href":"https:\/\/filles-de-la-charite.org\/it\/wp-json\/wp\/v2\/comments?post=23110"}],"version-history":[{"count":1,"href":"https:\/\/filles-de-la-charite.org\/it\/wp-json\/wp\/v2\/posts\/23110\/revisions"}],"predecessor-version":[{"id":23111,"href":"https:\/\/filles-de-la-charite.org\/it\/wp-json\/wp\/v2\/posts\/23110\/revisions\/23111"}],"wp:featuredmedia":[{"embeddable":true,"href":"https:\/\/filles-de-la-charite.org\/it\/wp-json\/wp\/v2\/media\/14825"}],"wp:attachment":[{"href":"https:\/\/filles-de-la-charite.org\/it\/wp-json\/wp\/v2\/media?parent=23110"}],"wp:term":[{"taxonomy":"category","embeddable":true,"href":"https:\/\/filles-de-la-charite.org\/it\/wp-json\/wp\/v2\/categories?post=23110"},{"taxonomy":"post_tag","embeddable":true,"href":"https:\/\/filles-de-la-charite.org\/it\/wp-json\/wp\/v2\/tags?post=23110"}],"curies":[{"name":"wp","href":"https:\/\/api.w.org\/{rel}","templated":true}]}}