{"id":23114,"date":"2020-06-29T22:41:52","date_gmt":"2020-06-29T20:41:52","guid":{"rendered":"https:\/\/hijascaridad.sjdigitaldemo.ovh\/waiting-in-line-outside-the-soup-kitchen-of-the-daughters-of-charity-during-the-covid-19-in-madrid-6\/"},"modified":"2024-03-17T18:32:53","modified_gmt":"2024-03-17T17:32:53","slug":"waiting-in-line-outside-the-soup-kitchen-of-the-daughters-of-charity-during-the-covid-19-in-madrid-6","status":"publish","type":"post","link":"https:\/\/filles-de-la-charite.org\/it\/waiting-in-line-outside-the-soup-kitchen-of-the-daughters-of-charity-during-the-covid-19-in-madrid-6\/","title":{"rendered":"In fila fuori dalla \u201csala da pranzo sociale\u201d delle Figlie della Carit\u00e0 durante COVID-19 a Madrid"},"content":{"rendered":"\n<p><p style=\"text-align: justify;\">Durante la pandemia, il programma di San Vincenzo de' Paoli ha dovuto adattare il suo servizio alle circostanze per fornire cibo. La gente aspetta fuori in fila per ricevere ci\u00f2 che prima veniva servito su un vassoio seduto al tavolo. Il pasto, ora avvolto in un involucro di plastica, comprende carne e patate, un panino con tortilla, un panino con sardine e un frutto.<\/p>  <p style=\"text-align: justify;\">Uno dei Destinatari, un artista, ha espresso la sua gratitudine realizzando un bellissimo disegno (vedi sotto).<\/p><\/p>\n\n\n\n<p><img loading=\"lazy\" decoding=\"async\" width=\"648\" height=\"486\" class=\"size-full wp-image-41041\" style=\"text-align: justify;\" src=\"https:\/\/filles-de-la-charite.org\/wp-content\/uploads\/2023\/06\/0630-comedor-2.jpg\" alt=\"\"> <span style=\"color: #942092;\">Disegno di un utente come segno di apprezzamento<\/span><\/p>\n\n\n\n<p><p style=\"text-align: justify;\">Normalmente il Centro serviva i migranti di sesso maschile ma, in questo contesto, il cinquanta per cento dei beneficiari sono spagnoli. D'altra parte, le donne, che di solito rappresentavano l'11% dei beneficiari, sono diventate pi\u00f9 numerose a causa del fatto che delle lavoratrici assistenti domiciliari hanno perso il lavoro. \u00c8 quello che \u00e8 successo a Edita Lopez, quando l'anziana signora di cui si prendeva cura \u00e8 morta di Coronavirus; la figlia di questa signora le ha chiesto di lasciare la casa dove era stata per otto anni, dicendole di lasciarla al pi\u00f9 tardi il 10 giugno, bench\u00e9 non avesse pi\u00f9 risparmi, dal momento che inviava tutto quello che guadagnava alla sua famiglia in Paraguay.<\/p> <p style=\"text-align: justify;\">Suor Josefa \u00e8 in servizio in questo luogo dal 2016; durante la recessione del 2008 si trovava in un Centro di un'altra citt\u00e0 e assicura che questa crisi \u00e8 pi\u00f9 grave della precedente. Il problema nel 2008 era solo finanziario, ora si \u00e8 aggiunta una crisi sanitaria. Nel 2008 \u201cla rete familiare, in particolare i genitori e i nonni anziani, ha contribuito a risollevare la situazione. Questa pandemia ha isolato gli anziani, poich\u00e9 i bambini non potevano n\u00e9 stare con i loro genitori n\u00e9 accompagnarli nelle loro difficolt\u00e0: la solidariet\u00e0 intergenerazionale non ha potuto attenuare gli effetti della pandemia\u201d.<\/p> <p style=\"text-align: justify;\">Cos\u00ec, la povert\u00e0 ha assunto nuove forme che si possono vedere in questa lunga fila di gente in attesa: vediamo i soliti senzatetto, ma anche i lavoratori autonomi che hanno appena perso il lavoro. Questi ultimi possono essere riconosciuti perch\u00e9,\u201d nei primi giorni, guardano a distanza e mentre aspettano che la fila avanzi, entrano ed escono\u201d.<\/p> <img loading=\"lazy\" decoding=\"async\" width=\"640\" height=\"360\" class=\"aligncenter  wp-image-41040\" src=\"https:\/\/filles-de-la-charite.org\/wp-content\/uploads\/2023\/06\/0630-comedor-1.jpg\" alt=\"\"> <p style=\"text-align: justify;\">Alla porta ci sono molte biciclette parcheggiate. Lungo i marciapiedi ci sono pi\u00f9 di una dozzina di ciclisti con gli zaini sulle spalle, in attesa dei loro pacchi di cibo. Lavorare per procurarsi il cibo a casa non ha nulla a che fare con il procurarsi il cibo attraverso la carit\u00e0. Jarrison viene quasi tutti i giorni verso l'una del pomeriggio. \u00c8 venuto dal Per\u00f9 otto mesi fa per lavorare ed essere in grado di inviare denaro alla sua famiglia, \"ma ora \u00e8 impossibile\". Guadagna circa 400 euro \"e quasi tutto il suo stipendio viene utilizzato per pagare l'affitto\". \"Quello che mi danno le Figlie della Carit\u00e0 mi basta; lo conservo per il pranzo e la cena. Mi hanno dato anche un impermeabile, per il quale sono molto grato\", dice mentre si dirige verso il cancello dove altri colleghi si fermano per il pranzo.<\/p> <p style=\"text-align: justify;\">\"Sono spagnolo e andaluso, in \"Erte\" (una misura di lavoro flessibile, a volte precedente alla chiusura di un'azienda...), con 10 euro sul mio conto\", grida l'unico spagnolo disposto a dire perch\u00e9 deve mendicare.<\/p> <p style=\"text-align: justify;\"><b>Preghiamo per la fine di questa pandemia e affinch\u00e9 il Centro Integrale San Vincenzo de' Paoli possa continuare il suo servizio completo ai nostri fratelli e sorelle.<\/b><\/p><\/p>\n","protected":false},"excerpt":{"rendered":"<p>Durante la pandemia, il programma di San Vincenzo de&#8217; Paoli ha dovuto adattare il suo servizio alle circostanze per fornire cibo. La gente aspetta fuori in fila per ricevere ci\u00f2 che prima veniva servito su un vassoio seduto al tavolo. Il pasto, ora avvolto in un involucro di plastica, comprende carne e patate, un panino [&hellip;]<\/p>\n","protected":false},"author":1,"featured_media":14895,"comment_status":"closed","ping_status":"closed","sticky":false,"template":"","format":"standard","meta":{"_acf_changed":false,"footnotes":"","_links_to":"","_links_to_target":""},"categories":[813],"tags":[],"class_list":["post-23114","post","type-post","status-publish","format-standard","has-post-thumbnail","hentry","category-madrid-santa-luisa-it"],"acf":[],"yoast_head":"<!-- This site is optimized with the Yoast SEO plugin v27.5 - https:\/\/yoast.com\/product\/yoast-seo-wordpress\/ -->\n<title>In fila fuori dalla \u201csala da pranzo sociale\u201d delle Figlie della Carit\u00e0 durante COVID-19 a Madrid - Filles de la Charit\u00e9<\/title>\n<meta name=\"robots\" content=\"index, follow, max-snippet:-1, max-image-preview:large, max-video-preview:-1\" \/>\n<link rel=\"canonical\" href=\"https:\/\/filles-de-la-charite.org\/it\/waiting-in-line-outside-the-soup-kitchen-of-the-daughters-of-charity-during-the-covid-19-in-madrid-6\/\" \/>\n<meta property=\"og:locale\" content=\"it_IT\" \/>\n<meta property=\"og:type\" content=\"article\" \/>\n<meta property=\"og:title\" content=\"In fila fuori dalla \u201csala da pranzo sociale\u201d delle Figlie della Carit\u00e0 durante COVID-19 a Madrid - Filles de la Charit\u00e9\" \/>\n<meta property=\"og:description\" content=\"Durante la pandemia, il programma di San Vincenzo de&#8217; Paoli ha dovuto adattare il suo servizio alle circostanze per fornire cibo. La gente aspetta fuori in fila per ricevere ci\u00f2 che prima veniva servito su un vassoio seduto al tavolo. Il pasto, ora avvolto in un involucro di plastica, comprende carne e patate, un panino [&hellip;]\" \/>\n<meta property=\"og:url\" content=\"https:\/\/filles-de-la-charite.org\/it\/waiting-in-line-outside-the-soup-kitchen-of-the-daughters-of-charity-during-the-covid-19-in-madrid-6\/\" \/>\n<meta property=\"og:site_name\" content=\"Filles de la Charit\u00e9\" \/>\n<meta property=\"article:published_time\" content=\"2020-06-29T20:41:52+00:00\" \/>\n<meta property=\"article:modified_time\" content=\"2024-03-17T17:32:53+00:00\" \/>\n<meta property=\"og:image\" content=\"https:\/\/filles-de-la-charite.org\/wp-content\/uploads\/2023\/06\/0630-comedor-thmb.jpg\" \/>\n\t<meta property=\"og:image:width\" content=\"420\" \/>\n\t<meta property=\"og:image:height\" content=\"280\" \/>\n\t<meta property=\"og:image:type\" content=\"image\/jpeg\" \/>\n<meta name=\"author\" content=\"admin\" \/>\n<meta name=\"twitter:card\" content=\"summary_large_image\" \/>\n<meta name=\"twitter:label1\" content=\"Scritto da\" \/>\n\t<meta name=\"twitter:data1\" content=\"admin\" \/>\n\t<meta name=\"twitter:label2\" content=\"Tempo di lettura stimato\" \/>\n\t<meta name=\"twitter:data2\" content=\"3 minuti\" \/>\n<script type=\"application\/ld+json\" class=\"yoast-schema-graph\">{\"@context\":\"https:\\\/\\\/schema.org\",\"@graph\":[{\"@type\":\"Article\",\"@id\":\"https:\\\/\\\/filles-de-la-charite.org\\\/it\\\/waiting-in-line-outside-the-soup-kitchen-of-the-daughters-of-charity-during-the-covid-19-in-madrid-6\\\/#article\",\"isPartOf\":{\"@id\":\"https:\\\/\\\/filles-de-la-charite.org\\\/it\\\/waiting-in-line-outside-the-soup-kitchen-of-the-daughters-of-charity-during-the-covid-19-in-madrid-6\\\/\"},\"author\":{\"name\":\"admin\",\"@id\":\"https:\\\/\\\/filles-de-la-charite.org\\\/it\\\/#\\\/schema\\\/person\\\/427567b2eccfc2dd7d206da186a1f438\"},\"headline\":\"In fila fuori dalla \u201csala da pranzo sociale\u201d delle Figlie della Carit\u00e0 durante COVID-19 a Madrid\",\"datePublished\":\"2020-06-29T20:41:52+00:00\",\"dateModified\":\"2024-03-17T17:32:53+00:00\",\"mainEntityOfPage\":{\"@id\":\"https:\\\/\\\/filles-de-la-charite.org\\\/it\\\/waiting-in-line-outside-the-soup-kitchen-of-the-daughters-of-charity-during-the-covid-19-in-madrid-6\\\/\"},\"wordCount\":569,\"publisher\":{\"@id\":\"https:\\\/\\\/filles-de-la-charite.org\\\/it\\\/#organization\"},\"image\":{\"@id\":\"https:\\\/\\\/filles-de-la-charite.org\\\/it\\\/waiting-in-line-outside-the-soup-kitchen-of-the-daughters-of-charity-during-the-covid-19-in-madrid-6\\\/#primaryimage\"},\"thumbnailUrl\":\"https:\\\/\\\/filles-de-la-charite.org\\\/wp-content\\\/uploads\\\/2023\\\/06\\\/0630-comedor-thmb.jpg\",\"articleSection\":[\"Madrid - Santa Luisa\"],\"inLanguage\":\"it-IT\"},{\"@type\":\"WebPage\",\"@id\":\"https:\\\/\\\/filles-de-la-charite.org\\\/it\\\/waiting-in-line-outside-the-soup-kitchen-of-the-daughters-of-charity-during-the-covid-19-in-madrid-6\\\/\",\"url\":\"https:\\\/\\\/filles-de-la-charite.org\\\/it\\\/waiting-in-line-outside-the-soup-kitchen-of-the-daughters-of-charity-during-the-covid-19-in-madrid-6\\\/\",\"name\":\"In fila fuori dalla \u201csala da pranzo sociale\u201d delle Figlie della Carit\u00e0 durante COVID-19 a Madrid - Filles de la Charit\u00e9\",\"isPartOf\":{\"@id\":\"https:\\\/\\\/filles-de-la-charite.org\\\/it\\\/#website\"},\"primaryImageOfPage\":{\"@id\":\"https:\\\/\\\/filles-de-la-charite.org\\\/it\\\/waiting-in-line-outside-the-soup-kitchen-of-the-daughters-of-charity-during-the-covid-19-in-madrid-6\\\/#primaryimage\"},\"image\":{\"@id\":\"https:\\\/\\\/filles-de-la-charite.org\\\/it\\\/waiting-in-line-outside-the-soup-kitchen-of-the-daughters-of-charity-during-the-covid-19-in-madrid-6\\\/#primaryimage\"},\"thumbnailUrl\":\"https:\\\/\\\/filles-de-la-charite.org\\\/wp-content\\\/uploads\\\/2023\\\/06\\\/0630-comedor-thmb.jpg\",\"datePublished\":\"2020-06-29T20:41:52+00:00\",\"dateModified\":\"2024-03-17T17:32:53+00:00\",\"breadcrumb\":{\"@id\":\"https:\\\/\\\/filles-de-la-charite.org\\\/it\\\/waiting-in-line-outside-the-soup-kitchen-of-the-daughters-of-charity-during-the-covid-19-in-madrid-6\\\/#breadcrumb\"},\"inLanguage\":\"it-IT\",\"potentialAction\":[{\"@type\":\"ReadAction\",\"target\":[\"https:\\\/\\\/filles-de-la-charite.org\\\/it\\\/waiting-in-line-outside-the-soup-kitchen-of-the-daughters-of-charity-during-the-covid-19-in-madrid-6\\\/\"]}]},{\"@type\":\"ImageObject\",\"inLanguage\":\"it-IT\",\"@id\":\"https:\\\/\\\/filles-de-la-charite.org\\\/it\\\/waiting-in-line-outside-the-soup-kitchen-of-the-daughters-of-charity-during-the-covid-19-in-madrid-6\\\/#primaryimage\",\"url\":\"https:\\\/\\\/filles-de-la-charite.org\\\/wp-content\\\/uploads\\\/2023\\\/06\\\/0630-comedor-thmb.jpg\",\"contentUrl\":\"https:\\\/\\\/filles-de-la-charite.org\\\/wp-content\\\/uploads\\\/2023\\\/06\\\/0630-comedor-thmb.jpg\",\"width\":420,\"height\":280},{\"@type\":\"BreadcrumbList\",\"@id\":\"https:\\\/\\\/filles-de-la-charite.org\\\/it\\\/waiting-in-line-outside-the-soup-kitchen-of-the-daughters-of-charity-during-the-covid-19-in-madrid-6\\\/#breadcrumb\",\"itemListElement\":[{\"@type\":\"ListItem\",\"position\":1,\"name\":\"Figlie della Carit\u00e0\",\"item\":\"https:\\\/\\\/filles-de-la-charite.org\\\/it\\\/category\\\/figlie-della-carita\\\/\"},{\"@type\":\"ListItem\",\"position\":2,\"name\":\"In fila fuori dalla \u201csala da pranzo sociale\u201d delle Figlie della Carit\u00e0 durante COVID-19 a Madrid\"}]},{\"@type\":\"WebSite\",\"@id\":\"https:\\\/\\\/filles-de-la-charite.org\\\/it\\\/#website\",\"url\":\"https:\\\/\\\/filles-de-la-charite.org\\\/it\\\/\",\"name\":\"Hijas de la Caridad\",\"description\":\"L\u2019amour de J\u00e9sus nous presse \u00e0 prendre soin des personnes les plus d\u00e9munies\",\"publisher\":{\"@id\":\"https:\\\/\\\/filles-de-la-charite.org\\\/it\\\/#organization\"},\"potentialAction\":[{\"@type\":\"SearchAction\",\"target\":{\"@type\":\"EntryPoint\",\"urlTemplate\":\"https:\\\/\\\/filles-de-la-charite.org\\\/it\\\/?s={search_term_string}\"},\"query-input\":{\"@type\":\"PropertyValueSpecification\",\"valueRequired\":true,\"valueName\":\"search_term_string\"}}],\"inLanguage\":\"it-IT\"},{\"@type\":\"Organization\",\"@id\":\"https:\\\/\\\/filles-de-la-charite.org\\\/it\\\/#organization\",\"name\":\"Hijas de la Caridad\",\"url\":\"https:\\\/\\\/filles-de-la-charite.org\\\/it\\\/\",\"logo\":{\"@type\":\"ImageObject\",\"inLanguage\":\"it-IT\",\"@id\":\"https:\\\/\\\/filles-de-la-charite.org\\\/it\\\/#\\\/schema\\\/logo\\\/image\\\/\",\"url\":\"https:\\\/\\\/filles-de-la-charite.org\\\/wp-content\\\/uploads\\\/2023\\\/03\\\/isotipo-Hijas-de-la-Caridad.png\",\"contentUrl\":\"https:\\\/\\\/filles-de-la-charite.org\\\/wp-content\\\/uploads\\\/2023\\\/03\\\/isotipo-Hijas-de-la-Caridad.png\",\"width\":1417,\"height\":1417,\"caption\":\"Hijas de la Caridad\"},\"image\":{\"@id\":\"https:\\\/\\\/filles-de-la-charite.org\\\/it\\\/#\\\/schema\\\/logo\\\/image\\\/\"}},{\"@type\":\"Person\",\"@id\":\"https:\\\/\\\/filles-de-la-charite.org\\\/it\\\/#\\\/schema\\\/person\\\/427567b2eccfc2dd7d206da186a1f438\",\"name\":\"admin\",\"image\":{\"@type\":\"ImageObject\",\"inLanguage\":\"it-IT\",\"@id\":\"https:\\\/\\\/secure.gravatar.com\\\/avatar\\\/948b492cce32b586ac2db0eaa926ee87024f7afe218d73b397ea5ddfc5f43ea1?s=96&d=mm&r=g\",\"url\":\"https:\\\/\\\/secure.gravatar.com\\\/avatar\\\/948b492cce32b586ac2db0eaa926ee87024f7afe218d73b397ea5ddfc5f43ea1?s=96&d=mm&r=g\",\"contentUrl\":\"https:\\\/\\\/secure.gravatar.com\\\/avatar\\\/948b492cce32b586ac2db0eaa926ee87024f7afe218d73b397ea5ddfc5f43ea1?s=96&d=mm&r=g\",\"caption\":\"admin\"},\"sameAs\":[\"https:\\\/\\\/filles-de-la-charite.org\"],\"url\":\"https:\\\/\\\/filles-de-la-charite.org\\\/it\\\/author\\\/caridad\\\/\"}]}<\/script>\n<!-- \/ Yoast SEO plugin. -->","yoast_head_json":{"title":"In fila fuori dalla \u201csala da pranzo sociale\u201d delle Figlie della Carit\u00e0 durante COVID-19 a Madrid - Filles de la Charit\u00e9","robots":{"index":"index","follow":"follow","max-snippet":"max-snippet:-1","max-image-preview":"max-image-preview:large","max-video-preview":"max-video-preview:-1"},"canonical":"https:\/\/filles-de-la-charite.org\/it\/waiting-in-line-outside-the-soup-kitchen-of-the-daughters-of-charity-during-the-covid-19-in-madrid-6\/","og_locale":"it_IT","og_type":"article","og_title":"In fila fuori dalla \u201csala da pranzo sociale\u201d delle Figlie della Carit\u00e0 durante COVID-19 a Madrid - Filles de la Charit\u00e9","og_description":"Durante la pandemia, il programma di San Vincenzo de&#8217; Paoli ha dovuto adattare il suo servizio alle circostanze per fornire cibo. La gente aspetta fuori in fila per ricevere ci\u00f2 che prima veniva servito su un vassoio seduto al tavolo. Il pasto, ora avvolto in un involucro di plastica, comprende carne e patate, un panino [&hellip;]","og_url":"https:\/\/filles-de-la-charite.org\/it\/waiting-in-line-outside-the-soup-kitchen-of-the-daughters-of-charity-during-the-covid-19-in-madrid-6\/","og_site_name":"Filles de la Charit\u00e9","article_published_time":"2020-06-29T20:41:52+00:00","article_modified_time":"2024-03-17T17:32:53+00:00","og_image":[{"width":420,"height":280,"url":"https:\/\/filles-de-la-charite.org\/wp-content\/uploads\/2023\/06\/0630-comedor-thmb.jpg","type":"image\/jpeg"}],"author":"admin","twitter_card":"summary_large_image","twitter_misc":{"Scritto da":"admin","Tempo di lettura stimato":"3 minuti"},"schema":{"@context":"https:\/\/schema.org","@graph":[{"@type":"Article","@id":"https:\/\/filles-de-la-charite.org\/it\/waiting-in-line-outside-the-soup-kitchen-of-the-daughters-of-charity-during-the-covid-19-in-madrid-6\/#article","isPartOf":{"@id":"https:\/\/filles-de-la-charite.org\/it\/waiting-in-line-outside-the-soup-kitchen-of-the-daughters-of-charity-during-the-covid-19-in-madrid-6\/"},"author":{"name":"admin","@id":"https:\/\/filles-de-la-charite.org\/it\/#\/schema\/person\/427567b2eccfc2dd7d206da186a1f438"},"headline":"In fila fuori dalla \u201csala da pranzo sociale\u201d delle Figlie della Carit\u00e0 durante COVID-19 a Madrid","datePublished":"2020-06-29T20:41:52+00:00","dateModified":"2024-03-17T17:32:53+00:00","mainEntityOfPage":{"@id":"https:\/\/filles-de-la-charite.org\/it\/waiting-in-line-outside-the-soup-kitchen-of-the-daughters-of-charity-during-the-covid-19-in-madrid-6\/"},"wordCount":569,"publisher":{"@id":"https:\/\/filles-de-la-charite.org\/it\/#organization"},"image":{"@id":"https:\/\/filles-de-la-charite.org\/it\/waiting-in-line-outside-the-soup-kitchen-of-the-daughters-of-charity-during-the-covid-19-in-madrid-6\/#primaryimage"},"thumbnailUrl":"https:\/\/filles-de-la-charite.org\/wp-content\/uploads\/2023\/06\/0630-comedor-thmb.jpg","articleSection":["Madrid - Santa Luisa"],"inLanguage":"it-IT"},{"@type":"WebPage","@id":"https:\/\/filles-de-la-charite.org\/it\/waiting-in-line-outside-the-soup-kitchen-of-the-daughters-of-charity-during-the-covid-19-in-madrid-6\/","url":"https:\/\/filles-de-la-charite.org\/it\/waiting-in-line-outside-the-soup-kitchen-of-the-daughters-of-charity-during-the-covid-19-in-madrid-6\/","name":"In fila fuori dalla \u201csala da pranzo sociale\u201d delle Figlie della Carit\u00e0 durante COVID-19 a Madrid - Filles de la Charit\u00e9","isPartOf":{"@id":"https:\/\/filles-de-la-charite.org\/it\/#website"},"primaryImageOfPage":{"@id":"https:\/\/filles-de-la-charite.org\/it\/waiting-in-line-outside-the-soup-kitchen-of-the-daughters-of-charity-during-the-covid-19-in-madrid-6\/#primaryimage"},"image":{"@id":"https:\/\/filles-de-la-charite.org\/it\/waiting-in-line-outside-the-soup-kitchen-of-the-daughters-of-charity-during-the-covid-19-in-madrid-6\/#primaryimage"},"thumbnailUrl":"https:\/\/filles-de-la-charite.org\/wp-content\/uploads\/2023\/06\/0630-comedor-thmb.jpg","datePublished":"2020-06-29T20:41:52+00:00","dateModified":"2024-03-17T17:32:53+00:00","breadcrumb":{"@id":"https:\/\/filles-de-la-charite.org\/it\/waiting-in-line-outside-the-soup-kitchen-of-the-daughters-of-charity-during-the-covid-19-in-madrid-6\/#breadcrumb"},"inLanguage":"it-IT","potentialAction":[{"@type":"ReadAction","target":["https:\/\/filles-de-la-charite.org\/it\/waiting-in-line-outside-the-soup-kitchen-of-the-daughters-of-charity-during-the-covid-19-in-madrid-6\/"]}]},{"@type":"ImageObject","inLanguage":"it-IT","@id":"https:\/\/filles-de-la-charite.org\/it\/waiting-in-line-outside-the-soup-kitchen-of-the-daughters-of-charity-during-the-covid-19-in-madrid-6\/#primaryimage","url":"https:\/\/filles-de-la-charite.org\/wp-content\/uploads\/2023\/06\/0630-comedor-thmb.jpg","contentUrl":"https:\/\/filles-de-la-charite.org\/wp-content\/uploads\/2023\/06\/0630-comedor-thmb.jpg","width":420,"height":280},{"@type":"BreadcrumbList","@id":"https:\/\/filles-de-la-charite.org\/it\/waiting-in-line-outside-the-soup-kitchen-of-the-daughters-of-charity-during-the-covid-19-in-madrid-6\/#breadcrumb","itemListElement":[{"@type":"ListItem","position":1,"name":"Figlie della Carit\u00e0","item":"https:\/\/filles-de-la-charite.org\/it\/category\/figlie-della-carita\/"},{"@type":"ListItem","position":2,"name":"In fila fuori dalla \u201csala da pranzo sociale\u201d delle Figlie della Carit\u00e0 durante COVID-19 a Madrid"}]},{"@type":"WebSite","@id":"https:\/\/filles-de-la-charite.org\/it\/#website","url":"https:\/\/filles-de-la-charite.org\/it\/","name":"Hijas de la Caridad","description":"L\u2019amour de J\u00e9sus nous presse \u00e0 prendre soin des personnes les plus d\u00e9munies","publisher":{"@id":"https:\/\/filles-de-la-charite.org\/it\/#organization"},"potentialAction":[{"@type":"SearchAction","target":{"@type":"EntryPoint","urlTemplate":"https:\/\/filles-de-la-charite.org\/it\/?s={search_term_string}"},"query-input":{"@type":"PropertyValueSpecification","valueRequired":true,"valueName":"search_term_string"}}],"inLanguage":"it-IT"},{"@type":"Organization","@id":"https:\/\/filles-de-la-charite.org\/it\/#organization","name":"Hijas de la Caridad","url":"https:\/\/filles-de-la-charite.org\/it\/","logo":{"@type":"ImageObject","inLanguage":"it-IT","@id":"https:\/\/filles-de-la-charite.org\/it\/#\/schema\/logo\/image\/","url":"https:\/\/filles-de-la-charite.org\/wp-content\/uploads\/2023\/03\/isotipo-Hijas-de-la-Caridad.png","contentUrl":"https:\/\/filles-de-la-charite.org\/wp-content\/uploads\/2023\/03\/isotipo-Hijas-de-la-Caridad.png","width":1417,"height":1417,"caption":"Hijas de la Caridad"},"image":{"@id":"https:\/\/filles-de-la-charite.org\/it\/#\/schema\/logo\/image\/"}},{"@type":"Person","@id":"https:\/\/filles-de-la-charite.org\/it\/#\/schema\/person\/427567b2eccfc2dd7d206da186a1f438","name":"admin","image":{"@type":"ImageObject","inLanguage":"it-IT","@id":"https:\/\/secure.gravatar.com\/avatar\/948b492cce32b586ac2db0eaa926ee87024f7afe218d73b397ea5ddfc5f43ea1?s=96&d=mm&r=g","url":"https:\/\/secure.gravatar.com\/avatar\/948b492cce32b586ac2db0eaa926ee87024f7afe218d73b397ea5ddfc5f43ea1?s=96&d=mm&r=g","contentUrl":"https:\/\/secure.gravatar.com\/avatar\/948b492cce32b586ac2db0eaa926ee87024f7afe218d73b397ea5ddfc5f43ea1?s=96&d=mm&r=g","caption":"admin"},"sameAs":["https:\/\/filles-de-la-charite.org"],"url":"https:\/\/filles-de-la-charite.org\/it\/author\/caridad\/"}]}},"_links":{"self":[{"href":"https:\/\/filles-de-la-charite.org\/it\/wp-json\/wp\/v2\/posts\/23114","targetHints":{"allow":["GET"]}}],"collection":[{"href":"https:\/\/filles-de-la-charite.org\/it\/wp-json\/wp\/v2\/posts"}],"about":[{"href":"https:\/\/filles-de-la-charite.org\/it\/wp-json\/wp\/v2\/types\/post"}],"author":[{"embeddable":true,"href":"https:\/\/filles-de-la-charite.org\/it\/wp-json\/wp\/v2\/users\/1"}],"replies":[{"embeddable":true,"href":"https:\/\/filles-de-la-charite.org\/it\/wp-json\/wp\/v2\/comments?post=23114"}],"version-history":[{"count":1,"href":"https:\/\/filles-de-la-charite.org\/it\/wp-json\/wp\/v2\/posts\/23114\/revisions"}],"predecessor-version":[{"id":23115,"href":"https:\/\/filles-de-la-charite.org\/it\/wp-json\/wp\/v2\/posts\/23114\/revisions\/23115"}],"wp:featuredmedia":[{"embeddable":true,"href":"https:\/\/filles-de-la-charite.org\/it\/wp-json\/wp\/v2\/media\/14895"}],"wp:attachment":[{"href":"https:\/\/filles-de-la-charite.org\/it\/wp-json\/wp\/v2\/media?parent=23114"}],"wp:term":[{"taxonomy":"category","embeddable":true,"href":"https:\/\/filles-de-la-charite.org\/it\/wp-json\/wp\/v2\/categories?post=23114"},{"taxonomy":"post_tag","embeddable":true,"href":"https:\/\/filles-de-la-charite.org\/it\/wp-json\/wp\/v2\/tags?post=23114"}],"curies":[{"name":"wp","href":"https:\/\/api.w.org\/{rel}","templated":true}]}}