{"id":23116,"date":"2020-07-03T11:07:18","date_gmt":"2020-07-03T09:07:18","guid":{"rendered":"https:\/\/hijascaridad.sjdigitaldemo.ovh\/did-you-say-lockdown-6\/"},"modified":"2024-03-17T18:32:44","modified_gmt":"2024-03-17T17:32:44","slug":"did-you-say-lockdown-6","status":"publish","type":"post","link":"https:\/\/filles-de-la-charite.org\/it\/did-you-say-lockdown-6\/","title":{"rendered":"Avete detto \u00ab\u00a0confinamento\u00a0\u00bb?"},"content":{"rendered":"\n<div class=\"wp-block-image is-style-default\"><figure class=\"alignleft\"><img decoding=\"async\" src=\"https:\/\/filles-de-la-charite.org\/wp-content\/uploads\/2023\/06\/200703-lockdown-thmb.jpg\" alt=\"\" class=\"wp-image-41146\"\/><\/figure><\/div>\n\n\n\n<p><strong><span style=\"color: #929292;\"><\/span><\/strong>Questa parola pronunciata miliardi di volte dagli abitanti di tutto il pianeta dall&#8217;inizio del 2020 e vissuta da altrettante persone, causando disastri umani, sociologici, psicologici, sanitari, economici, ecc., la cui portata si svilupper\u00e0 nei prossimi mesi, ha rivelato anche un magnifico slancio di generosit\u00e0 sia a livello spirituale che fisico. Per qualche istante, &#8220;giriamo la medaglia&#8221; (secondo la famosa espressione di san Vincenzo de&#8217; Paoli) e osiamo proiettare uno sguardo di speranza&#8230;<\/p>\n\n\n\n<p>In primo luogo, il personale sanitario, in prima linea nella lotta, \u00e8 stato fortemente incoraggiato dalla popolazione di molte citt\u00e0: alle 20.00 in Francia sono risuonati applausi, grida e rumori inusuali di strumenti improvvisati, facendo risuonare intere strade, esprimendo il sostegno e la solidariet\u00e0 della popolazione, a testimonianza di quanto sia stato apprezzato il loro lavoro professionale e la loro dedizione. Pi\u00f9 concretamente, sono stati portati loro del cibo, pasti e doni, e sono stati organizzati servizi di assistenza all&#8217;infanzia per i loro figli per facilitare il loro intenso lavoro.<\/p>\n\n\n\n<p>Non dimentichiamo coloro il cui lavoro si \u00e8 rivelato indispensabile per la sopravvivenza degli altri: cassieri, panettieri, spazzini&#8230; che non hanno mai smesso di lavorare.<\/p>\n\n\n\n<p>Per mantenere il morale alto, sono stati organizzati anche momenti di relax. Infatti, vivere in un appartamento o avere un giardino non d\u00e0 la stessa impressione di confinamento. Alcuni sono stati creativi, da balconi o terrazze, animando giochi, cantando canti popolari o suonando canzoni religiose e profane scritte appositamente per l&#8217;occasione che invitavano altri a ballare; una boccata d&#8217;aria fresca prima di tornare dentro quattro mura &#8230;<\/p>\n\n\n\n<p>Le persone vulnerabili e isolate sono state assistite attraverso iniziative individuali, associazioni, parrocchie, scuole&#8230;: acquisti, telefonate, lettere, pasti, contatti con i servizi sociali; personale sanitario, seminaristi e giovani volontari si sono spontaneamente confinati in alcune istituzioni per diverse settimane per assistere gli anziani ed evitare loro il contagio.<\/p>\n\n\n\n<p>I detenuti non sono stati dimenticati: un numero verde (chiamate gratuite) ha permesso di essere a loro disposizione per l\u2019ascolto 24 ore su 24.<\/p>\n\n\n\n<p>La Diocesi di Parigi, in collaborazione con il municipio della capitale, ha organizzato una distribuzione di cibo per i senzatetto 7 giorni su 7, grazie a pi\u00f9 di 500 volontari; pi\u00f9 di 1.400 cestini da pranzo al giorno sono stati distribuiti grazie all&#8217;organizzazione di un noto Collegio parigino.<\/p>\n\n\n\n<p>E&#8217; successo anche che molti locatori hanno accettato rinvii di pagamento e persino l&#8217;annullamento di pagamenti da parte dei loro affituari per gli esercizi&nbsp;commerciali&#8230;<\/p>\n\n\n\n<p>Ma, &#8220;l&#8217;uomo non vive di solo pane&#8221;!!!! Presto le chiese sono rimaste aperte, in modo che le persone che uscivano a fare le loro piccole spese potessero fare una breve sosta nell\u2019orario consentito.<\/p>\n\n\n\n<p>Tutti i mezzi tecnici di comunicazione sono stati utilizzati per portare nutrimento spirituale:Celebrazioni Eucaristiche in diretta o registrate, preghiere di ogni tipo &#8211; lodi, Rosario, Adorazione del Santissimo Sacramento, Via Crucis, ritiri&#8230; &#8211; Per l&#8217;Annunciazione, si sono messe candele alle finestre, le campane delle chiese hanno suonato a distesa in tutta la Francia!<\/p>\n\n\n\n<p>Nel period del post-confinamento, continueremo a dispiegare tutto questo ingegno, questa devozione, questo zelo, questa fede e quest\u2019attenzione all&#8217;altro?<\/p>\n","protected":false},"excerpt":{"rendered":"<p>Questa parola pronunciata miliardi di volte dagli abitanti di tutto il pianeta dall&#8217;inizio del 2020 e vissuta da altrettante persone, causando disastri umani, sociologici, psicologici, sanitari, economici, ecc., la cui portata si svilupper\u00e0 nei prossimi mesi, ha rivelato anche un magnifico slancio di generosit\u00e0 sia a livello spirituale che fisico. Per qualche istante, &#8220;giriamo la [&hellip;]<\/p>\n","protected":false},"author":1,"featured_media":14902,"comment_status":"closed","ping_status":"closed","sticky":false,"template":"","format":"standard","meta":{"_acf_changed":false,"_et_pb_use_builder":"","_et_pb_old_content":"","_et_gb_content_width":"","footnotes":"","_links_to":"","_links_to_target":""},"categories":[564],"tags":[],"class_list":["post-23116","post","type-post","status-publish","format-standard","has-post-thumbnail","hentry","category-belgio-francia-svizzera-it"],"acf":[],"yoast_head":"<!-- This site is optimized with the Yoast SEO plugin v27.5 - https:\/\/yoast.com\/product\/yoast-seo-wordpress\/ -->\n<title>Avete detto \u00ab\u00a0confinamento\u00a0\u00bb? - Filles de la Charit\u00e9<\/title>\n<meta name=\"robots\" content=\"index, follow, max-snippet:-1, max-image-preview:large, max-video-preview:-1\" \/>\n<link rel=\"canonical\" href=\"https:\/\/filles-de-la-charite.org\/it\/did-you-say-lockdown-6\/\" \/>\n<meta property=\"og:locale\" content=\"it_IT\" \/>\n<meta property=\"og:type\" content=\"article\" \/>\n<meta property=\"og:title\" content=\"Avete detto \u00ab\u00a0confinamento\u00a0\u00bb? - Filles de la Charit\u00e9\" \/>\n<meta property=\"og:description\" content=\"Questa parola pronunciata miliardi di volte dagli abitanti di tutto il pianeta dall&#8217;inizio del 2020 e vissuta da altrettante persone, causando disastri umani, sociologici, psicologici, sanitari, economici, ecc., la cui portata si svilupper\u00e0 nei prossimi mesi, ha rivelato anche un magnifico slancio di generosit\u00e0 sia a livello spirituale che fisico. Per qualche istante, &#8220;giriamo la [&hellip;]\" \/>\n<meta property=\"og:url\" content=\"https:\/\/filles-de-la-charite.org\/it\/did-you-say-lockdown-6\/\" \/>\n<meta property=\"og:site_name\" content=\"Filles de la Charit\u00e9\" \/>\n<meta property=\"article:published_time\" content=\"2020-07-03T09:07:18+00:00\" \/>\n<meta property=\"article:modified_time\" content=\"2024-03-17T17:32:44+00:00\" \/>\n<meta property=\"og:image\" content=\"https:\/\/filles-de-la-charite.org\/wp-content\/uploads\/2023\/06\/200703-lockdown-ftd.jpg\" \/>\n\t<meta property=\"og:image:width\" content=\"1199\" \/>\n\t<meta property=\"og:image:height\" content=\"630\" \/>\n\t<meta property=\"og:image:type\" content=\"image\/jpeg\" \/>\n<meta name=\"author\" content=\"admin\" \/>\n<meta name=\"twitter:card\" content=\"summary_large_image\" \/>\n<meta name=\"twitter:label1\" content=\"Scritto da\" \/>\n\t<meta name=\"twitter:data1\" content=\"admin\" \/>\n\t<meta name=\"twitter:label2\" content=\"Tempo di lettura stimato\" \/>\n\t<meta name=\"twitter:data2\" content=\"2 minuti\" \/>\n<script type=\"application\/ld+json\" class=\"yoast-schema-graph\">{\"@context\":\"https:\\\/\\\/schema.org\",\"@graph\":[{\"@type\":\"Article\",\"@id\":\"https:\\\/\\\/filles-de-la-charite.org\\\/it\\\/did-you-say-lockdown-6\\\/#article\",\"isPartOf\":{\"@id\":\"https:\\\/\\\/filles-de-la-charite.org\\\/it\\\/did-you-say-lockdown-6\\\/\"},\"author\":{\"name\":\"admin\",\"@id\":\"https:\\\/\\\/filles-de-la-charite.org\\\/it\\\/#\\\/schema\\\/person\\\/427567b2eccfc2dd7d206da186a1f438\"},\"headline\":\"Avete detto \u00ab\u00a0confinamento\u00a0\u00bb?\",\"datePublished\":\"2020-07-03T09:07:18+00:00\",\"dateModified\":\"2024-03-17T17:32:44+00:00\",\"mainEntityOfPage\":{\"@id\":\"https:\\\/\\\/filles-de-la-charite.org\\\/it\\\/did-you-say-lockdown-6\\\/\"},\"wordCount\":510,\"publisher\":{\"@id\":\"https:\\\/\\\/filles-de-la-charite.org\\\/it\\\/#organization\"},\"image\":{\"@id\":\"https:\\\/\\\/filles-de-la-charite.org\\\/it\\\/did-you-say-lockdown-6\\\/#primaryimage\"},\"thumbnailUrl\":\"https:\\\/\\\/filles-de-la-charite.org\\\/wp-content\\\/uploads\\\/2023\\\/06\\\/200703-lockdown-ftd.jpg\",\"articleSection\":[\"Belgio-Francia-Svizzera\"],\"inLanguage\":\"it-IT\"},{\"@type\":\"WebPage\",\"@id\":\"https:\\\/\\\/filles-de-la-charite.org\\\/it\\\/did-you-say-lockdown-6\\\/\",\"url\":\"https:\\\/\\\/filles-de-la-charite.org\\\/it\\\/did-you-say-lockdown-6\\\/\",\"name\":\"Avete detto \u00ab\u00a0confinamento\u00a0\u00bb? - Filles de la Charit\u00e9\",\"isPartOf\":{\"@id\":\"https:\\\/\\\/filles-de-la-charite.org\\\/it\\\/#website\"},\"primaryImageOfPage\":{\"@id\":\"https:\\\/\\\/filles-de-la-charite.org\\\/it\\\/did-you-say-lockdown-6\\\/#primaryimage\"},\"image\":{\"@id\":\"https:\\\/\\\/filles-de-la-charite.org\\\/it\\\/did-you-say-lockdown-6\\\/#primaryimage\"},\"thumbnailUrl\":\"https:\\\/\\\/filles-de-la-charite.org\\\/wp-content\\\/uploads\\\/2023\\\/06\\\/200703-lockdown-ftd.jpg\",\"datePublished\":\"2020-07-03T09:07:18+00:00\",\"dateModified\":\"2024-03-17T17:32:44+00:00\",\"breadcrumb\":{\"@id\":\"https:\\\/\\\/filles-de-la-charite.org\\\/it\\\/did-you-say-lockdown-6\\\/#breadcrumb\"},\"inLanguage\":\"it-IT\",\"potentialAction\":[{\"@type\":\"ReadAction\",\"target\":[\"https:\\\/\\\/filles-de-la-charite.org\\\/it\\\/did-you-say-lockdown-6\\\/\"]}]},{\"@type\":\"ImageObject\",\"inLanguage\":\"it-IT\",\"@id\":\"https:\\\/\\\/filles-de-la-charite.org\\\/it\\\/did-you-say-lockdown-6\\\/#primaryimage\",\"url\":\"https:\\\/\\\/filles-de-la-charite.org\\\/wp-content\\\/uploads\\\/2023\\\/06\\\/200703-lockdown-ftd.jpg\",\"contentUrl\":\"https:\\\/\\\/filles-de-la-charite.org\\\/wp-content\\\/uploads\\\/2023\\\/06\\\/200703-lockdown-ftd.jpg\",\"width\":1199,\"height\":630},{\"@type\":\"BreadcrumbList\",\"@id\":\"https:\\\/\\\/filles-de-la-charite.org\\\/it\\\/did-you-say-lockdown-6\\\/#breadcrumb\",\"itemListElement\":[{\"@type\":\"ListItem\",\"position\":1,\"name\":\"Belgio-Francia-Svizzera\",\"item\":\"https:\\\/\\\/filles-de-la-charite.org\\\/it\\\/category\\\/belgio-francia-svizzera-it\\\/\"},{\"@type\":\"ListItem\",\"position\":2,\"name\":\"Avete detto \u00ab\u00a0confinamento\u00a0\u00bb?\"}]},{\"@type\":\"WebSite\",\"@id\":\"https:\\\/\\\/filles-de-la-charite.org\\\/it\\\/#website\",\"url\":\"https:\\\/\\\/filles-de-la-charite.org\\\/it\\\/\",\"name\":\"Hijas de la Caridad\",\"description\":\"L\u2019amour de J\u00e9sus nous presse \u00e0 prendre soin des personnes les plus d\u00e9munies\",\"publisher\":{\"@id\":\"https:\\\/\\\/filles-de-la-charite.org\\\/it\\\/#organization\"},\"potentialAction\":[{\"@type\":\"SearchAction\",\"target\":{\"@type\":\"EntryPoint\",\"urlTemplate\":\"https:\\\/\\\/filles-de-la-charite.org\\\/it\\\/?s={search_term_string}\"},\"query-input\":{\"@type\":\"PropertyValueSpecification\",\"valueRequired\":true,\"valueName\":\"search_term_string\"}}],\"inLanguage\":\"it-IT\"},{\"@type\":\"Organization\",\"@id\":\"https:\\\/\\\/filles-de-la-charite.org\\\/it\\\/#organization\",\"name\":\"Hijas de la Caridad\",\"url\":\"https:\\\/\\\/filles-de-la-charite.org\\\/it\\\/\",\"logo\":{\"@type\":\"ImageObject\",\"inLanguage\":\"it-IT\",\"@id\":\"https:\\\/\\\/filles-de-la-charite.org\\\/it\\\/#\\\/schema\\\/logo\\\/image\\\/\",\"url\":\"https:\\\/\\\/filles-de-la-charite.org\\\/wp-content\\\/uploads\\\/2023\\\/03\\\/isotipo-Hijas-de-la-Caridad.png\",\"contentUrl\":\"https:\\\/\\\/filles-de-la-charite.org\\\/wp-content\\\/uploads\\\/2023\\\/03\\\/isotipo-Hijas-de-la-Caridad.png\",\"width\":1417,\"height\":1417,\"caption\":\"Hijas de la Caridad\"},\"image\":{\"@id\":\"https:\\\/\\\/filles-de-la-charite.org\\\/it\\\/#\\\/schema\\\/logo\\\/image\\\/\"}},{\"@type\":\"Person\",\"@id\":\"https:\\\/\\\/filles-de-la-charite.org\\\/it\\\/#\\\/schema\\\/person\\\/427567b2eccfc2dd7d206da186a1f438\",\"name\":\"admin\",\"image\":{\"@type\":\"ImageObject\",\"inLanguage\":\"it-IT\",\"@id\":\"https:\\\/\\\/secure.gravatar.com\\\/avatar\\\/948b492cce32b586ac2db0eaa926ee87024f7afe218d73b397ea5ddfc5f43ea1?s=96&d=mm&r=g\",\"url\":\"https:\\\/\\\/secure.gravatar.com\\\/avatar\\\/948b492cce32b586ac2db0eaa926ee87024f7afe218d73b397ea5ddfc5f43ea1?s=96&d=mm&r=g\",\"contentUrl\":\"https:\\\/\\\/secure.gravatar.com\\\/avatar\\\/948b492cce32b586ac2db0eaa926ee87024f7afe218d73b397ea5ddfc5f43ea1?s=96&d=mm&r=g\",\"caption\":\"admin\"},\"sameAs\":[\"https:\\\/\\\/filles-de-la-charite.org\"],\"url\":\"https:\\\/\\\/filles-de-la-charite.org\\\/it\\\/author\\\/caridad\\\/\"}]}<\/script>\n<!-- \/ Yoast SEO plugin. -->","yoast_head_json":{"title":"Avete detto \u00ab\u00a0confinamento\u00a0\u00bb? - Filles de la Charit\u00e9","robots":{"index":"index","follow":"follow","max-snippet":"max-snippet:-1","max-image-preview":"max-image-preview:large","max-video-preview":"max-video-preview:-1"},"canonical":"https:\/\/filles-de-la-charite.org\/it\/did-you-say-lockdown-6\/","og_locale":"it_IT","og_type":"article","og_title":"Avete detto \u00ab\u00a0confinamento\u00a0\u00bb? - Filles de la Charit\u00e9","og_description":"Questa parola pronunciata miliardi di volte dagli abitanti di tutto il pianeta dall&#8217;inizio del 2020 e vissuta da altrettante persone, causando disastri umani, sociologici, psicologici, sanitari, economici, ecc., la cui portata si svilupper\u00e0 nei prossimi mesi, ha rivelato anche un magnifico slancio di generosit\u00e0 sia a livello spirituale che fisico. Per qualche istante, &#8220;giriamo la [&hellip;]","og_url":"https:\/\/filles-de-la-charite.org\/it\/did-you-say-lockdown-6\/","og_site_name":"Filles de la Charit\u00e9","article_published_time":"2020-07-03T09:07:18+00:00","article_modified_time":"2024-03-17T17:32:44+00:00","og_image":[{"width":1199,"height":630,"url":"https:\/\/filles-de-la-charite.org\/wp-content\/uploads\/2023\/06\/200703-lockdown-ftd.jpg","type":"image\/jpeg"}],"author":"admin","twitter_card":"summary_large_image","twitter_misc":{"Scritto da":"admin","Tempo di lettura stimato":"2 minuti"},"schema":{"@context":"https:\/\/schema.org","@graph":[{"@type":"Article","@id":"https:\/\/filles-de-la-charite.org\/it\/did-you-say-lockdown-6\/#article","isPartOf":{"@id":"https:\/\/filles-de-la-charite.org\/it\/did-you-say-lockdown-6\/"},"author":{"name":"admin","@id":"https:\/\/filles-de-la-charite.org\/it\/#\/schema\/person\/427567b2eccfc2dd7d206da186a1f438"},"headline":"Avete detto \u00ab\u00a0confinamento\u00a0\u00bb?","datePublished":"2020-07-03T09:07:18+00:00","dateModified":"2024-03-17T17:32:44+00:00","mainEntityOfPage":{"@id":"https:\/\/filles-de-la-charite.org\/it\/did-you-say-lockdown-6\/"},"wordCount":510,"publisher":{"@id":"https:\/\/filles-de-la-charite.org\/it\/#organization"},"image":{"@id":"https:\/\/filles-de-la-charite.org\/it\/did-you-say-lockdown-6\/#primaryimage"},"thumbnailUrl":"https:\/\/filles-de-la-charite.org\/wp-content\/uploads\/2023\/06\/200703-lockdown-ftd.jpg","articleSection":["Belgio-Francia-Svizzera"],"inLanguage":"it-IT"},{"@type":"WebPage","@id":"https:\/\/filles-de-la-charite.org\/it\/did-you-say-lockdown-6\/","url":"https:\/\/filles-de-la-charite.org\/it\/did-you-say-lockdown-6\/","name":"Avete detto \u00ab\u00a0confinamento\u00a0\u00bb? - Filles de la Charit\u00e9","isPartOf":{"@id":"https:\/\/filles-de-la-charite.org\/it\/#website"},"primaryImageOfPage":{"@id":"https:\/\/filles-de-la-charite.org\/it\/did-you-say-lockdown-6\/#primaryimage"},"image":{"@id":"https:\/\/filles-de-la-charite.org\/it\/did-you-say-lockdown-6\/#primaryimage"},"thumbnailUrl":"https:\/\/filles-de-la-charite.org\/wp-content\/uploads\/2023\/06\/200703-lockdown-ftd.jpg","datePublished":"2020-07-03T09:07:18+00:00","dateModified":"2024-03-17T17:32:44+00:00","breadcrumb":{"@id":"https:\/\/filles-de-la-charite.org\/it\/did-you-say-lockdown-6\/#breadcrumb"},"inLanguage":"it-IT","potentialAction":[{"@type":"ReadAction","target":["https:\/\/filles-de-la-charite.org\/it\/did-you-say-lockdown-6\/"]}]},{"@type":"ImageObject","inLanguage":"it-IT","@id":"https:\/\/filles-de-la-charite.org\/it\/did-you-say-lockdown-6\/#primaryimage","url":"https:\/\/filles-de-la-charite.org\/wp-content\/uploads\/2023\/06\/200703-lockdown-ftd.jpg","contentUrl":"https:\/\/filles-de-la-charite.org\/wp-content\/uploads\/2023\/06\/200703-lockdown-ftd.jpg","width":1199,"height":630},{"@type":"BreadcrumbList","@id":"https:\/\/filles-de-la-charite.org\/it\/did-you-say-lockdown-6\/#breadcrumb","itemListElement":[{"@type":"ListItem","position":1,"name":"Belgio-Francia-Svizzera","item":"https:\/\/filles-de-la-charite.org\/it\/category\/belgio-francia-svizzera-it\/"},{"@type":"ListItem","position":2,"name":"Avete detto \u00ab\u00a0confinamento\u00a0\u00bb?"}]},{"@type":"WebSite","@id":"https:\/\/filles-de-la-charite.org\/it\/#website","url":"https:\/\/filles-de-la-charite.org\/it\/","name":"Hijas de la Caridad","description":"L\u2019amour de J\u00e9sus nous presse \u00e0 prendre soin des personnes les plus d\u00e9munies","publisher":{"@id":"https:\/\/filles-de-la-charite.org\/it\/#organization"},"potentialAction":[{"@type":"SearchAction","target":{"@type":"EntryPoint","urlTemplate":"https:\/\/filles-de-la-charite.org\/it\/?s={search_term_string}"},"query-input":{"@type":"PropertyValueSpecification","valueRequired":true,"valueName":"search_term_string"}}],"inLanguage":"it-IT"},{"@type":"Organization","@id":"https:\/\/filles-de-la-charite.org\/it\/#organization","name":"Hijas de la Caridad","url":"https:\/\/filles-de-la-charite.org\/it\/","logo":{"@type":"ImageObject","inLanguage":"it-IT","@id":"https:\/\/filles-de-la-charite.org\/it\/#\/schema\/logo\/image\/","url":"https:\/\/filles-de-la-charite.org\/wp-content\/uploads\/2023\/03\/isotipo-Hijas-de-la-Caridad.png","contentUrl":"https:\/\/filles-de-la-charite.org\/wp-content\/uploads\/2023\/03\/isotipo-Hijas-de-la-Caridad.png","width":1417,"height":1417,"caption":"Hijas de la Caridad"},"image":{"@id":"https:\/\/filles-de-la-charite.org\/it\/#\/schema\/logo\/image\/"}},{"@type":"Person","@id":"https:\/\/filles-de-la-charite.org\/it\/#\/schema\/person\/427567b2eccfc2dd7d206da186a1f438","name":"admin","image":{"@type":"ImageObject","inLanguage":"it-IT","@id":"https:\/\/secure.gravatar.com\/avatar\/948b492cce32b586ac2db0eaa926ee87024f7afe218d73b397ea5ddfc5f43ea1?s=96&d=mm&r=g","url":"https:\/\/secure.gravatar.com\/avatar\/948b492cce32b586ac2db0eaa926ee87024f7afe218d73b397ea5ddfc5f43ea1?s=96&d=mm&r=g","contentUrl":"https:\/\/secure.gravatar.com\/avatar\/948b492cce32b586ac2db0eaa926ee87024f7afe218d73b397ea5ddfc5f43ea1?s=96&d=mm&r=g","caption":"admin"},"sameAs":["https:\/\/filles-de-la-charite.org"],"url":"https:\/\/filles-de-la-charite.org\/it\/author\/caridad\/"}]}},"_links":{"self":[{"href":"https:\/\/filles-de-la-charite.org\/it\/wp-json\/wp\/v2\/posts\/23116","targetHints":{"allow":["GET"]}}],"collection":[{"href":"https:\/\/filles-de-la-charite.org\/it\/wp-json\/wp\/v2\/posts"}],"about":[{"href":"https:\/\/filles-de-la-charite.org\/it\/wp-json\/wp\/v2\/types\/post"}],"author":[{"embeddable":true,"href":"https:\/\/filles-de-la-charite.org\/it\/wp-json\/wp\/v2\/users\/1"}],"replies":[{"embeddable":true,"href":"https:\/\/filles-de-la-charite.org\/it\/wp-json\/wp\/v2\/comments?post=23116"}],"version-history":[{"count":1,"href":"https:\/\/filles-de-la-charite.org\/it\/wp-json\/wp\/v2\/posts\/23116\/revisions"}],"predecessor-version":[{"id":23117,"href":"https:\/\/filles-de-la-charite.org\/it\/wp-json\/wp\/v2\/posts\/23116\/revisions\/23117"}],"wp:featuredmedia":[{"embeddable":true,"href":"https:\/\/filles-de-la-charite.org\/it\/wp-json\/wp\/v2\/media\/14902"}],"wp:attachment":[{"href":"https:\/\/filles-de-la-charite.org\/it\/wp-json\/wp\/v2\/media?parent=23116"}],"wp:term":[{"taxonomy":"category","embeddable":true,"href":"https:\/\/filles-de-la-charite.org\/it\/wp-json\/wp\/v2\/categories?post=23116"},{"taxonomy":"post_tag","embeddable":true,"href":"https:\/\/filles-de-la-charite.org\/it\/wp-json\/wp\/v2\/tags?post=23116"}],"curies":[{"name":"wp","href":"https:\/\/api.w.org\/{rel}","templated":true}]}}