{"id":23119,"date":"2020-07-27T21:42:45","date_gmt":"2020-07-27T19:42:45","guid":{"rendered":"https:\/\/hijascaridad.sjdigitaldemo.ovh\/laudato-si-awareness-raising-while-social-distancing-6\/"},"modified":"2024-03-17T18:32:28","modified_gmt":"2024-03-17T17:32:28","slug":"laudato-si-awareness-raising-while-social-distancing-6","status":"publish","type":"post","link":"https:\/\/filles-de-la-charite.org\/it\/laudato-si-awareness-raising-while-social-distancing-6\/","title":{"rendered":"Laudato Si&#8217; \u2013 sensibilizzazione in crescita\u00a0durante il &#8220;distanziamento sociale&#8221;"},"content":{"rendered":"\n<p><p style=\"text-align: justify;\"><strong><span style=\"color: #929292;\"><img loading=\"lazy\" decoding=\"async\" width=\"300\" height=\"200\" class=\"alignleft size-full wp-image-41205\" src=\"https:\/\/filles-de-la-charite.org\/wp-content\/uploads\/2023\/06\/0726-Laudato-Si-thmb.jpg\" alt=\"\"><\/span><\/strong>Si dice che la forza e la stabilit\u00e0 siano tra le qualit\u00e0 da celebrare in occasione di un quinto anniversario. Nel designare il 2020 come l&#8217;inizio di un &#8220;<em>piano pluriennale di diffusione della Laudato Si'&#8221;<\/em>, Papa Francesco ci invita a rafforzare e consolidare la nostra fede in modo nuovo. Il sottotitolo &#8220;Sulla cura della casa comune&#8221;, non \u00e8 quello che solitamente ci si aspetta da un documento Vaticano &#8211; per molti non \u00e8 abbastanza &#8220;santo&#8221; \u2013 nell\u2019accezione comune di questa parola. Pur essendo una lunga lettera, composta da 246 paragrafi, il contenuto \u00e8 accessibile ed \u00e8 scritto in uno stile facile e prontamente disponibile alla consultazione, \u00e8 una lettura che merita.<\/p> <p style=\"text-align: justify;\">Nel giugno 2020, si \u00e8 formato a Belfast un gruppo &#8220;zoom&#8221; ad hoc di 12 uomini e donne per leggere e condividere sulla Laudato Si&#8217; \u2013 per un periodo di quattro settimane.Questo strumento innovativo ha offerto ad ogni partecipante l&#8217;opportunit\u00e0 di avere voce in capitolo. \u00c8 stata un&#8217;esperienza arricchente e preziosa per tutti gli interessati. Alcuni non avevano mai sentito parlare del documento! Altri ne erano a conoscenza, ma poich\u00e9 la sua importanza non \u00e8 stata evidenziata a livello ecclesiale, \u00e8 stato rapidamente rimosso dalla loro memoria. Un partecipante ha commentato: &#8220;Non avrei mai pensato che mi sarebbe piaciuto leggere la lettera di un Papa! \u00c8 meraviglioso&#8221;. \u00c8 stato infatti, per quelle quattro settimane, un modo piacevole per rafforzare la nostra fede. Si sono rese necessarie ulteriori conversazioni per costruire sulla base di un nuovo tipo di apprendimento.<\/p> <img loading=\"lazy\" decoding=\"async\" width=\"721\" height=\"450\" class=\"aligncenter size-full wp-image-41203\" src=\"https:\/\/filles-de-la-charite.org\/wp-content\/uploads\/2023\/06\/0726-Laudato-Si-1.jpg\" alt=\"\"> <p style=\"text-align: justify;\">Per stuzzicare l&#8217;appetito e generare la discussione sono stati scelti quattro temi, <strong>la<\/strong>nostra <strong>casa comune<\/strong>, <strong>l&#8217;ecologia integrale<\/strong>, <strong>l&#8217;amore sociale<\/strong>&#8211; <strong>il dialogo<\/strong>e<strong>la gioia della nostra speranza.<\/strong>Questi temi hanno tratteggiato un itinerario personale attraverso il documento. I paragrafi della Laudato Si&#8217; sono stati scelti per stimolare il maggior numero possibile di punti di vista, di seguito ne riportiamo un esempio. Ogni settimana ne \u00e8 stato inviato uno ai partecipanti via e-mail in anticipo rispetto al nostro incontro in videoconferenza. Il blocco causato dal coronavirus ha pochissimi, se non addirittura nessun impatto rilevante &#8211; ma questa iniziativa \u00e8 stata molto utile e potrebbe servire da modello per altri gruppi interessati.<\/p> <table> <tbody> <tr> <td style=\"text-align: center;\"> <pre><span style=\"color: #008000;\"><strong><em>L'amore sociale \u00e8 la chiave per uno sviluppo autentico ......  per favorire una \"cultura della cura\"  che impregni tutta la societ\u00e0. 231<\/em><\/strong><\/span><\/pre> <\/td> <\/tr> <\/tbody> <\/table> <p style=\"text-align: justify;\"><strong>Amore sociale \u2013 il dialogo<\/strong><\/p> <p style=\"text-align: justify;\"><em>Ma oggi non possiamo fare a meno di riconoscere che un vero approccio ecologico diventa sempre un approccio sociale, che deve integrare la giustizia nelle discussioni sull\u2019ambiente, per ascoltare tanto il grido della terra quanto il grido dei poveri.49,74, 93,162, 165, 170,171<\/em><\/p> <p style=\"text-align: justify;\">La solidariet\u00e0 intergenerazionale non \u00e8 un atteggiamento opzionale, bens\u00ec una questione essenziale di giustizia, dal momento che la terra che abbiamo ricevuto appartiene anche a coloro che verranno. 59,161,162,166,168,172,173,174,175\u00a0\u00a0<\/p> <p style=\"text-align: right;\"><span style=\"color: #0000ff;\"><em>Sr.Anna\u00a0 Byrne, Figlia della Carit\u00e0<\/em><\/span><\/p><\/p>\n","protected":false},"excerpt":{"rendered":"<p>Si dice che la forza e la stabilit\u00e0 siano tra le qualit\u00e0 da celebrare in occasione di un quinto anniversario. Nel designare il 2020 come l&#8217;inizio di un &#8220;piano pluriennale di diffusione della Laudato Si&#8217;&#8221;, Papa Francesco ci invita a rafforzare e consolidare la nostra fede in modo nuovo. Il sottotitolo &#8220;Sulla cura della casa [&hellip;]<\/p>\n","protected":false},"author":1,"featured_media":14929,"comment_status":"closed","ping_status":"closed","sticky":false,"template":"","format":"standard","meta":{"_acf_changed":false,"_et_pb_use_builder":"","_et_pb_old_content":"","_et_gb_content_width":"","footnotes":"","_links_to":"","_links_to_target":""},"categories":[604],"tags":[],"class_list":["post-23119","post","type-post","status-publish","format-standard","has-post-thumbnail","hentry","category-irlanda-it"],"acf":[],"yoast_head":"<!-- This site is optimized with the Yoast SEO plugin v27.5 - https:\/\/yoast.com\/product\/yoast-seo-wordpress\/ -->\n<title>Laudato Si&#039; \u2013 sensibilizzazione in crescita\u00a0durante il &quot;distanziamento sociale&quot; - Filles de la Charit\u00e9<\/title>\n<meta name=\"robots\" content=\"index, follow, max-snippet:-1, max-image-preview:large, max-video-preview:-1\" \/>\n<link rel=\"canonical\" href=\"https:\/\/filles-de-la-charite.org\/it\/laudato-si-awareness-raising-while-social-distancing-6\/\" \/>\n<meta property=\"og:locale\" content=\"it_IT\" \/>\n<meta property=\"og:type\" content=\"article\" \/>\n<meta property=\"og:title\" content=\"Laudato Si&#039; \u2013 sensibilizzazione in crescita\u00a0durante il &quot;distanziamento sociale&quot; - Filles de la Charit\u00e9\" \/>\n<meta property=\"og:description\" content=\"Si dice che la forza e la stabilit\u00e0 siano tra le qualit\u00e0 da celebrare in occasione di un quinto anniversario. Nel designare il 2020 come l&#8217;inizio di un &#8220;piano pluriennale di diffusione della Laudato Si&#039;&#8221;, Papa Francesco ci invita a rafforzare e consolidare la nostra fede in modo nuovo. Il sottotitolo &#8220;Sulla cura della casa [&hellip;]\" \/>\n<meta property=\"og:url\" content=\"https:\/\/filles-de-la-charite.org\/it\/laudato-si-awareness-raising-while-social-distancing-6\/\" \/>\n<meta property=\"og:site_name\" content=\"Filles de la Charit\u00e9\" \/>\n<meta property=\"article:published_time\" content=\"2020-07-27T19:42:45+00:00\" \/>\n<meta property=\"article:modified_time\" content=\"2024-03-17T17:32:28+00:00\" \/>\n<meta property=\"og:image\" content=\"https:\/\/filles-de-la-charite.org\/wp-content\/uploads\/2023\/06\/0726-Laudato-Si-FTD.jpg\" \/>\n\t<meta property=\"og:image:width\" content=\"1200\" \/>\n\t<meta property=\"og:image:height\" content=\"630\" \/>\n\t<meta property=\"og:image:type\" content=\"image\/jpeg\" \/>\n<meta name=\"author\" content=\"admin\" \/>\n<meta name=\"twitter:card\" content=\"summary_large_image\" \/>\n<meta name=\"twitter:label1\" content=\"Scritto da\" \/>\n\t<meta name=\"twitter:data1\" content=\"admin\" \/>\n\t<meta name=\"twitter:label2\" content=\"Tempo di lettura stimato\" \/>\n\t<meta name=\"twitter:data2\" content=\"2 minuti\" \/>\n<script type=\"application\/ld+json\" class=\"yoast-schema-graph\">{\"@context\":\"https:\\\/\\\/schema.org\",\"@graph\":[{\"@type\":\"Article\",\"@id\":\"https:\\\/\\\/filles-de-la-charite.org\\\/it\\\/laudato-si-awareness-raising-while-social-distancing-6\\\/#article\",\"isPartOf\":{\"@id\":\"https:\\\/\\\/filles-de-la-charite.org\\\/it\\\/laudato-si-awareness-raising-while-social-distancing-6\\\/\"},\"author\":{\"name\":\"admin\",\"@id\":\"https:\\\/\\\/filles-de-la-charite.org\\\/it\\\/#\\\/schema\\\/person\\\/427567b2eccfc2dd7d206da186a1f438\"},\"headline\":\"Laudato Si&#8217; \u2013 sensibilizzazione in crescita\u00a0durante il &#8220;distanziamento sociale&#8221;\",\"datePublished\":\"2020-07-27T19:42:45+00:00\",\"dateModified\":\"2024-03-17T17:32:28+00:00\",\"mainEntityOfPage\":{\"@id\":\"https:\\\/\\\/filles-de-la-charite.org\\\/it\\\/laudato-si-awareness-raising-while-social-distancing-6\\\/\"},\"wordCount\":432,\"publisher\":{\"@id\":\"https:\\\/\\\/filles-de-la-charite.org\\\/it\\\/#organization\"},\"image\":{\"@id\":\"https:\\\/\\\/filles-de-la-charite.org\\\/it\\\/laudato-si-awareness-raising-while-social-distancing-6\\\/#primaryimage\"},\"thumbnailUrl\":\"https:\\\/\\\/filles-de-la-charite.org\\\/wp-content\\\/uploads\\\/2023\\\/06\\\/0726-Laudato-Si-FTD.jpg\",\"articleSection\":[\"Irlanda\"],\"inLanguage\":\"it-IT\"},{\"@type\":\"WebPage\",\"@id\":\"https:\\\/\\\/filles-de-la-charite.org\\\/it\\\/laudato-si-awareness-raising-while-social-distancing-6\\\/\",\"url\":\"https:\\\/\\\/filles-de-la-charite.org\\\/it\\\/laudato-si-awareness-raising-while-social-distancing-6\\\/\",\"name\":\"Laudato Si' \u2013 sensibilizzazione in crescita\u00a0durante il \\\"distanziamento sociale\\\" - Filles de la Charit\u00e9\",\"isPartOf\":{\"@id\":\"https:\\\/\\\/filles-de-la-charite.org\\\/it\\\/#website\"},\"primaryImageOfPage\":{\"@id\":\"https:\\\/\\\/filles-de-la-charite.org\\\/it\\\/laudato-si-awareness-raising-while-social-distancing-6\\\/#primaryimage\"},\"image\":{\"@id\":\"https:\\\/\\\/filles-de-la-charite.org\\\/it\\\/laudato-si-awareness-raising-while-social-distancing-6\\\/#primaryimage\"},\"thumbnailUrl\":\"https:\\\/\\\/filles-de-la-charite.org\\\/wp-content\\\/uploads\\\/2023\\\/06\\\/0726-Laudato-Si-FTD.jpg\",\"datePublished\":\"2020-07-27T19:42:45+00:00\",\"dateModified\":\"2024-03-17T17:32:28+00:00\",\"breadcrumb\":{\"@id\":\"https:\\\/\\\/filles-de-la-charite.org\\\/it\\\/laudato-si-awareness-raising-while-social-distancing-6\\\/#breadcrumb\"},\"inLanguage\":\"it-IT\",\"potentialAction\":[{\"@type\":\"ReadAction\",\"target\":[\"https:\\\/\\\/filles-de-la-charite.org\\\/it\\\/laudato-si-awareness-raising-while-social-distancing-6\\\/\"]}]},{\"@type\":\"ImageObject\",\"inLanguage\":\"it-IT\",\"@id\":\"https:\\\/\\\/filles-de-la-charite.org\\\/it\\\/laudato-si-awareness-raising-while-social-distancing-6\\\/#primaryimage\",\"url\":\"https:\\\/\\\/filles-de-la-charite.org\\\/wp-content\\\/uploads\\\/2023\\\/06\\\/0726-Laudato-Si-FTD.jpg\",\"contentUrl\":\"https:\\\/\\\/filles-de-la-charite.org\\\/wp-content\\\/uploads\\\/2023\\\/06\\\/0726-Laudato-Si-FTD.jpg\",\"width\":1200,\"height\":630},{\"@type\":\"BreadcrumbList\",\"@id\":\"https:\\\/\\\/filles-de-la-charite.org\\\/it\\\/laudato-si-awareness-raising-while-social-distancing-6\\\/#breadcrumb\",\"itemListElement\":[{\"@type\":\"ListItem\",\"position\":1,\"name\":\"Espa\u00f1a-Norte\",\"item\":\"https:\\\/\\\/filles-de-la-charite.org\\\/it\\\/category\\\/espana-norte-it\\\/\"},{\"@type\":\"ListItem\",\"position\":2,\"name\":\"Laudato Si&#8217; \u2013 sensibilizzazione in crescita\u00a0durante il \u00abdistanziamento sociale\u00bb\"}]},{\"@type\":\"WebSite\",\"@id\":\"https:\\\/\\\/filles-de-la-charite.org\\\/it\\\/#website\",\"url\":\"https:\\\/\\\/filles-de-la-charite.org\\\/it\\\/\",\"name\":\"Hijas de la Caridad\",\"description\":\"L\u2019amour de J\u00e9sus nous presse \u00e0 prendre soin des personnes les plus d\u00e9munies\",\"publisher\":{\"@id\":\"https:\\\/\\\/filles-de-la-charite.org\\\/it\\\/#organization\"},\"potentialAction\":[{\"@type\":\"SearchAction\",\"target\":{\"@type\":\"EntryPoint\",\"urlTemplate\":\"https:\\\/\\\/filles-de-la-charite.org\\\/it\\\/?s={search_term_string}\"},\"query-input\":{\"@type\":\"PropertyValueSpecification\",\"valueRequired\":true,\"valueName\":\"search_term_string\"}}],\"inLanguage\":\"it-IT\"},{\"@type\":\"Organization\",\"@id\":\"https:\\\/\\\/filles-de-la-charite.org\\\/it\\\/#organization\",\"name\":\"Hijas de la Caridad\",\"url\":\"https:\\\/\\\/filles-de-la-charite.org\\\/it\\\/\",\"logo\":{\"@type\":\"ImageObject\",\"inLanguage\":\"it-IT\",\"@id\":\"https:\\\/\\\/filles-de-la-charite.org\\\/it\\\/#\\\/schema\\\/logo\\\/image\\\/\",\"url\":\"https:\\\/\\\/filles-de-la-charite.org\\\/wp-content\\\/uploads\\\/2023\\\/03\\\/isotipo-Hijas-de-la-Caridad.png\",\"contentUrl\":\"https:\\\/\\\/filles-de-la-charite.org\\\/wp-content\\\/uploads\\\/2023\\\/03\\\/isotipo-Hijas-de-la-Caridad.png\",\"width\":1417,\"height\":1417,\"caption\":\"Hijas de la Caridad\"},\"image\":{\"@id\":\"https:\\\/\\\/filles-de-la-charite.org\\\/it\\\/#\\\/schema\\\/logo\\\/image\\\/\"}},{\"@type\":\"Person\",\"@id\":\"https:\\\/\\\/filles-de-la-charite.org\\\/it\\\/#\\\/schema\\\/person\\\/427567b2eccfc2dd7d206da186a1f438\",\"name\":\"admin\",\"image\":{\"@type\":\"ImageObject\",\"inLanguage\":\"it-IT\",\"@id\":\"https:\\\/\\\/secure.gravatar.com\\\/avatar\\\/948b492cce32b586ac2db0eaa926ee87024f7afe218d73b397ea5ddfc5f43ea1?s=96&d=mm&r=g\",\"url\":\"https:\\\/\\\/secure.gravatar.com\\\/avatar\\\/948b492cce32b586ac2db0eaa926ee87024f7afe218d73b397ea5ddfc5f43ea1?s=96&d=mm&r=g\",\"contentUrl\":\"https:\\\/\\\/secure.gravatar.com\\\/avatar\\\/948b492cce32b586ac2db0eaa926ee87024f7afe218d73b397ea5ddfc5f43ea1?s=96&d=mm&r=g\",\"caption\":\"admin\"},\"sameAs\":[\"https:\\\/\\\/filles-de-la-charite.org\"],\"url\":\"https:\\\/\\\/filles-de-la-charite.org\\\/it\\\/author\\\/caridad\\\/\"}]}<\/script>\n<!-- \/ Yoast SEO plugin. -->","yoast_head_json":{"title":"Laudato Si' \u2013 sensibilizzazione in crescita\u00a0durante il \"distanziamento sociale\" - Filles de la Charit\u00e9","robots":{"index":"index","follow":"follow","max-snippet":"max-snippet:-1","max-image-preview":"max-image-preview:large","max-video-preview":"max-video-preview:-1"},"canonical":"https:\/\/filles-de-la-charite.org\/it\/laudato-si-awareness-raising-while-social-distancing-6\/","og_locale":"it_IT","og_type":"article","og_title":"Laudato Si' \u2013 sensibilizzazione in crescita\u00a0durante il \"distanziamento sociale\" - Filles de la Charit\u00e9","og_description":"Si dice che la forza e la stabilit\u00e0 siano tra le qualit\u00e0 da celebrare in occasione di un quinto anniversario. Nel designare il 2020 come l&#8217;inizio di un &#8220;piano pluriennale di diffusione della Laudato Si'&#8221;, Papa Francesco ci invita a rafforzare e consolidare la nostra fede in modo nuovo. Il sottotitolo &#8220;Sulla cura della casa [&hellip;]","og_url":"https:\/\/filles-de-la-charite.org\/it\/laudato-si-awareness-raising-while-social-distancing-6\/","og_site_name":"Filles de la Charit\u00e9","article_published_time":"2020-07-27T19:42:45+00:00","article_modified_time":"2024-03-17T17:32:28+00:00","og_image":[{"width":1200,"height":630,"url":"https:\/\/filles-de-la-charite.org\/wp-content\/uploads\/2023\/06\/0726-Laudato-Si-FTD.jpg","type":"image\/jpeg"}],"author":"admin","twitter_card":"summary_large_image","twitter_misc":{"Scritto da":"admin","Tempo di lettura stimato":"2 minuti"},"schema":{"@context":"https:\/\/schema.org","@graph":[{"@type":"Article","@id":"https:\/\/filles-de-la-charite.org\/it\/laudato-si-awareness-raising-while-social-distancing-6\/#article","isPartOf":{"@id":"https:\/\/filles-de-la-charite.org\/it\/laudato-si-awareness-raising-while-social-distancing-6\/"},"author":{"name":"admin","@id":"https:\/\/filles-de-la-charite.org\/it\/#\/schema\/person\/427567b2eccfc2dd7d206da186a1f438"},"headline":"Laudato Si&#8217; \u2013 sensibilizzazione in crescita\u00a0durante il &#8220;distanziamento sociale&#8221;","datePublished":"2020-07-27T19:42:45+00:00","dateModified":"2024-03-17T17:32:28+00:00","mainEntityOfPage":{"@id":"https:\/\/filles-de-la-charite.org\/it\/laudato-si-awareness-raising-while-social-distancing-6\/"},"wordCount":432,"publisher":{"@id":"https:\/\/filles-de-la-charite.org\/it\/#organization"},"image":{"@id":"https:\/\/filles-de-la-charite.org\/it\/laudato-si-awareness-raising-while-social-distancing-6\/#primaryimage"},"thumbnailUrl":"https:\/\/filles-de-la-charite.org\/wp-content\/uploads\/2023\/06\/0726-Laudato-Si-FTD.jpg","articleSection":["Irlanda"],"inLanguage":"it-IT"},{"@type":"WebPage","@id":"https:\/\/filles-de-la-charite.org\/it\/laudato-si-awareness-raising-while-social-distancing-6\/","url":"https:\/\/filles-de-la-charite.org\/it\/laudato-si-awareness-raising-while-social-distancing-6\/","name":"Laudato Si' \u2013 sensibilizzazione in crescita\u00a0durante il \"distanziamento sociale\" - Filles de la Charit\u00e9","isPartOf":{"@id":"https:\/\/filles-de-la-charite.org\/it\/#website"},"primaryImageOfPage":{"@id":"https:\/\/filles-de-la-charite.org\/it\/laudato-si-awareness-raising-while-social-distancing-6\/#primaryimage"},"image":{"@id":"https:\/\/filles-de-la-charite.org\/it\/laudato-si-awareness-raising-while-social-distancing-6\/#primaryimage"},"thumbnailUrl":"https:\/\/filles-de-la-charite.org\/wp-content\/uploads\/2023\/06\/0726-Laudato-Si-FTD.jpg","datePublished":"2020-07-27T19:42:45+00:00","dateModified":"2024-03-17T17:32:28+00:00","breadcrumb":{"@id":"https:\/\/filles-de-la-charite.org\/it\/laudato-si-awareness-raising-while-social-distancing-6\/#breadcrumb"},"inLanguage":"it-IT","potentialAction":[{"@type":"ReadAction","target":["https:\/\/filles-de-la-charite.org\/it\/laudato-si-awareness-raising-while-social-distancing-6\/"]}]},{"@type":"ImageObject","inLanguage":"it-IT","@id":"https:\/\/filles-de-la-charite.org\/it\/laudato-si-awareness-raising-while-social-distancing-6\/#primaryimage","url":"https:\/\/filles-de-la-charite.org\/wp-content\/uploads\/2023\/06\/0726-Laudato-Si-FTD.jpg","contentUrl":"https:\/\/filles-de-la-charite.org\/wp-content\/uploads\/2023\/06\/0726-Laudato-Si-FTD.jpg","width":1200,"height":630},{"@type":"BreadcrumbList","@id":"https:\/\/filles-de-la-charite.org\/it\/laudato-si-awareness-raising-while-social-distancing-6\/#breadcrumb","itemListElement":[{"@type":"ListItem","position":1,"name":"Espa\u00f1a-Norte","item":"https:\/\/filles-de-la-charite.org\/it\/category\/espana-norte-it\/"},{"@type":"ListItem","position":2,"name":"Laudato Si&#8217; \u2013 sensibilizzazione in crescita\u00a0durante il \u00abdistanziamento sociale\u00bb"}]},{"@type":"WebSite","@id":"https:\/\/filles-de-la-charite.org\/it\/#website","url":"https:\/\/filles-de-la-charite.org\/it\/","name":"Hijas de la Caridad","description":"L\u2019amour de J\u00e9sus nous presse \u00e0 prendre soin des personnes les plus d\u00e9munies","publisher":{"@id":"https:\/\/filles-de-la-charite.org\/it\/#organization"},"potentialAction":[{"@type":"SearchAction","target":{"@type":"EntryPoint","urlTemplate":"https:\/\/filles-de-la-charite.org\/it\/?s={search_term_string}"},"query-input":{"@type":"PropertyValueSpecification","valueRequired":true,"valueName":"search_term_string"}}],"inLanguage":"it-IT"},{"@type":"Organization","@id":"https:\/\/filles-de-la-charite.org\/it\/#organization","name":"Hijas de la Caridad","url":"https:\/\/filles-de-la-charite.org\/it\/","logo":{"@type":"ImageObject","inLanguage":"it-IT","@id":"https:\/\/filles-de-la-charite.org\/it\/#\/schema\/logo\/image\/","url":"https:\/\/filles-de-la-charite.org\/wp-content\/uploads\/2023\/03\/isotipo-Hijas-de-la-Caridad.png","contentUrl":"https:\/\/filles-de-la-charite.org\/wp-content\/uploads\/2023\/03\/isotipo-Hijas-de-la-Caridad.png","width":1417,"height":1417,"caption":"Hijas de la Caridad"},"image":{"@id":"https:\/\/filles-de-la-charite.org\/it\/#\/schema\/logo\/image\/"}},{"@type":"Person","@id":"https:\/\/filles-de-la-charite.org\/it\/#\/schema\/person\/427567b2eccfc2dd7d206da186a1f438","name":"admin","image":{"@type":"ImageObject","inLanguage":"it-IT","@id":"https:\/\/secure.gravatar.com\/avatar\/948b492cce32b586ac2db0eaa926ee87024f7afe218d73b397ea5ddfc5f43ea1?s=96&d=mm&r=g","url":"https:\/\/secure.gravatar.com\/avatar\/948b492cce32b586ac2db0eaa926ee87024f7afe218d73b397ea5ddfc5f43ea1?s=96&d=mm&r=g","contentUrl":"https:\/\/secure.gravatar.com\/avatar\/948b492cce32b586ac2db0eaa926ee87024f7afe218d73b397ea5ddfc5f43ea1?s=96&d=mm&r=g","caption":"admin"},"sameAs":["https:\/\/filles-de-la-charite.org"],"url":"https:\/\/filles-de-la-charite.org\/it\/author\/caridad\/"}]}},"_links":{"self":[{"href":"https:\/\/filles-de-la-charite.org\/it\/wp-json\/wp\/v2\/posts\/23119","targetHints":{"allow":["GET"]}}],"collection":[{"href":"https:\/\/filles-de-la-charite.org\/it\/wp-json\/wp\/v2\/posts"}],"about":[{"href":"https:\/\/filles-de-la-charite.org\/it\/wp-json\/wp\/v2\/types\/post"}],"author":[{"embeddable":true,"href":"https:\/\/filles-de-la-charite.org\/it\/wp-json\/wp\/v2\/users\/1"}],"replies":[{"embeddable":true,"href":"https:\/\/filles-de-la-charite.org\/it\/wp-json\/wp\/v2\/comments?post=23119"}],"version-history":[{"count":1,"href":"https:\/\/filles-de-la-charite.org\/it\/wp-json\/wp\/v2\/posts\/23119\/revisions"}],"predecessor-version":[{"id":23120,"href":"https:\/\/filles-de-la-charite.org\/it\/wp-json\/wp\/v2\/posts\/23119\/revisions\/23120"}],"wp:featuredmedia":[{"embeddable":true,"href":"https:\/\/filles-de-la-charite.org\/it\/wp-json\/wp\/v2\/media\/14929"}],"wp:attachment":[{"href":"https:\/\/filles-de-la-charite.org\/it\/wp-json\/wp\/v2\/media?parent=23119"}],"wp:term":[{"taxonomy":"category","embeddable":true,"href":"https:\/\/filles-de-la-charite.org\/it\/wp-json\/wp\/v2\/categories?post=23119"},{"taxonomy":"post_tag","embeddable":true,"href":"https:\/\/filles-de-la-charite.org\/it\/wp-json\/wp\/v2\/tags?post=23119"}],"curies":[{"name":"wp","href":"https:\/\/api.w.org\/{rel}","templated":true}]}}