{"id":23147,"date":"2020-10-09T21:10:02","date_gmt":"2020-10-09T19:10:02","guid":{"rendered":"https:\/\/hijascaridad.sjdigitaldemo.ovh\/vivere-il-lockdown-in-carcere\/"},"modified":"2024-03-17T18:31:37","modified_gmt":"2024-03-17T17:31:37","slug":"vivere-il-lockdown-in-carcere","status":"publish","type":"post","link":"https:\/\/filles-de-la-charite.org\/it\/vivere-il-lockdown-in-carcere\/","title":{"rendered":"Vivere il lockdown in carcere"},"content":{"rendered":"\n<div class=\"wp-block-image\"><figure class=\"alignleft\"><img decoding=\"async\" src=\"https:\/\/filles-de-la-charite.org\/wp-content\/uploads\/2023\/06\/1010-Confinement-thmb.jpg\" alt=\"\" class=\"wp-image-41409\"\/><\/figure><\/div>\n\n\n\n<p><strong>Dalla Pastorale Penitenziaria ci raccontano quei giorni di massima allerta sanitaria per i reclusi dei Centri Penitenziari.<\/strong><\/p>\n\n\n\n<p>Il confinamento che abbiamo vissuto per settimane a causa della pandemia ci ha insegnato a valorizzare situazioni e comportamenti che, giorno dopo giorno, attraversano la nostra vita senza che diamo loro l&#8217;importanza che hanno. Uno di essi, la libert\u00e0 di movimento e con essa uscire ed entrare quando vogliamo, incontrare familiari e amici, poter scegliere dove andare e quando. In questo modo ci mettiamo, per alcuni giorni, nella situazione di chi soffre questa privazione: i detenuti dei penitenziari.<\/p>\n\n\n\n<!--more-->\n\n\n\n<p>Suor M\u00aa Dolores de Bethencourt fa parte dell&#8217;Equipe responsabile della Pastorale Penitenziaria e, attraverso la sua testimonianza, cerchiamo di &#8220;metterci nei panni&#8221; di coloro che hanno vissuto la reclusione durante il periodo di confinamento.<\/p>\n\n\n\n<p><strong>\u2666 Come \u00e8 stata vissuta la situazione di pandemia e reclusione dalle carceri della provincia di Las Palmas?<\/strong><\/p>\n\n\n\n<p>Ebbene, come in tutti i Centri del territorio nazionale, le norme emanate dalle autorit\u00e0 sanitarie, sono state rafforzate dalle Istituzioni Penitenziarie. I reclusi confinati nelle loro celle, vivevano al loro interno, senza avere contatti con le celle degli altri detenuti; erano vietate le comunicazioni familiari, l&#8217;ingresso di pacchi, soldi dalla finestra &#8230; Tutte le attivit\u00e0 erano chiuse, ovviamente per noi, come per tutte le ONG, l&#8217;ingresso al Centro era chiuso, quindi non abbiamo avuto celebrazioni domenicali, catechesi, ecc. &#8230;<\/p>\n\n\n\n<div class=\"wp-block-image\"><figure class=\"alignright\"><img decoding=\"async\" src=\"https:\/\/filles-de-la-charite.org\/wp-content\/uploads\/2023\/06\/1010-Confinement-2-300x300.jpg\" alt=\"\" class=\"wp-image-41407\"\/><\/figure><\/div>\n\n\n\n<p><strong>\u2666 Per alcune settimane di reclusione abbiamo potuto provare da vicino ci\u00f2 che comporta la privazione della libert\u00e0\u2026. Come \u00e8 stata valutata dall&#8217;interno questa semi-reclusione di coloro che erano fuori, dai reclusi e dai volontari della Pastorale Penitenziaria?<\/strong><\/p>\n\n\n\n<p>I detenuti hanno passato un periodo molto brutto, totalmente isolati dal mondo esterno, a volte senza sapere nulla delle loro famiglie. \u00c8 vero che il Centro disponeva di telefoni cellulari in modo che chi lo richiedeva potesse effettuare videochiamate alla propria famiglia (con controllo orario), e questo ha contribuito a generare un po &#8216;di tranquillit\u00e0. Dobbiamo valutare che, nonostante il sacrificio, le cose sono state fatte bene, non essendoci casi positivi Dobbiamo valutare che, nonostante il sacrificio, le cose sono state fatte bene, poich\u00e9 non c&#8217;\u00e8 stato alcun caso positivo di cui preoccuparsi&nbsp;&nbsp; nella comunit\u00e0 carceraria.<\/p>\n\n\n\n<p><strong>\u2666 In che modo i volontari sono rimasti in contatto e com&#8217;\u00e8 stato e com&#8217;\u00e8 il follow-up dei centri penitenziari?<\/strong><\/p>\n\n\n\n<p>I volontari soffrivano a casa senza poter fare \u201cniente\u201d. Siamo riusciti a stabilire un rapporto telefonico settimanale con i responsabili del Centro, i quali ci informavano di come era la situazione, e ci hanno chiesto alcune risorse come vestiti e denaro in modo che i detenuti potessero acquistare una scheda telefonica per poter almeno contattare le loro famiglie.<\/p>\n\n\n\n<p>Nella fase 3 le porte non sono state aperte, siamo entrati solo io e il Cappellano, ma solo per <strong>colloqui individuali con chi ne ha fatto richiesta<\/strong>, dato che i moduli non erano ancora ammessi;&nbsp; \u00e8 stata fatta progressivamente una riduzione delle visite.<\/p>\n\n\n\n<div class=\"wp-block-image\"><figure class=\"aligncenter\"><img decoding=\"async\" src=\"https:\/\/filles-de-la-charite.org\/wp-content\/uploads\/2023\/06\/1010-Confinement-1.jpg\" alt=\"\" class=\"wp-image-41406\"\/><\/figure><\/div>\n\n\n\n<p><strong>\u2666Quest&#8217;anno si terranno i soliti spettacoli per il festival della Mercede?<\/strong><\/p>\n\n\n\n<p>Al momento sembra di no, le Celebrazioni domenicali non sono ancora riprese, speriamo di iniziare a breve, con presenza ridotta; E dal poco che ancora si sente dire, riteniamo che i festeggiamenti in onore della Vergine della Mercede quest&#8217;anno saranno sospesi.<\/p>\n\n\n\n<p><strong>\u2666 Cosa ha imparato la Pastorale Penitenziaria da questa pandemia?<\/strong><\/p>\n\n\n\n<p>La situazione di semi-libert\u00e0 che abbiamo vissuto, ci ha aiutato a riflettere e prendere coscienza di quanto duro e difficile possa essere la \u201creclusione\u201d per i nostri detenuti che vi sono sottoposti permanentemente. Questo ci ha portato a metterci nei loro panni e a capire meglio la loro dura realt\u00e0. Ci ha aiutato molto del materiale di preghiera e formazione che la Delegazione nazionale ci ha inviato settimanalmente: ci ha aiutati &#8220;a mantenere viva la fiamma del Ministero Penitenziario&#8221;.<\/p>\n\n\n\n<p><strong>\u2666 E come affronterete la &#8220;nuova normalit\u00e0&#8221; nella vostra programmazione per il prossimo anno accademico?<\/strong><\/p>\n\n\n\n<p>Ci auguriamo di avere presto l\u2019incontro della Commissione permanente e che i programmi si svolgano nei tempi e nei luoghi stabiliti.<\/p>\n\n\n\n<p class=\"has-text-align-right\"><em><span style=\"color: #0432ff;\">Intervista a Sr M Dolores de Bethencourt, FdC.\nProvincia Spagna-Sud<\/span><\/em><\/p>\n","protected":false},"excerpt":{"rendered":"<p>Dalla Pastorale Penitenziaria ci raccontano quei giorni di massima allerta sanitaria per i reclusi dei Centri Penitenziari. Il confinamento che abbiamo vissuto per settimane a causa della pandemia ci ha insegnato a valorizzare situazioni e comportamenti che, giorno dopo giorno, attraversano la nostra vita senza che diamo loro l&#8217;importanza che hanno. Uno di essi, la [&hellip;]<\/p>\n","protected":false},"author":1,"featured_media":15113,"comment_status":"closed","ping_status":"closed","sticky":false,"template":"","format":"standard","meta":{"_acf_changed":false,"_et_pb_use_builder":"","_et_pb_old_content":"","_et_gb_content_width":"","footnotes":"","_links_to":"","_links_to_target":""},"categories":[805],"tags":[],"class_list":["post-23147","post","type-post","status-publish","format-standard","has-post-thumbnail","hentry","category-espana-sur-it"],"acf":[],"yoast_head":"<!-- This site is optimized with the Yoast SEO plugin v27.5 - https:\/\/yoast.com\/product\/yoast-seo-wordpress\/ -->\n<title>Vivere il lockdown in carcere - Filles de la Charit\u00e9<\/title>\n<meta name=\"robots\" content=\"index, follow, max-snippet:-1, max-image-preview:large, max-video-preview:-1\" \/>\n<link rel=\"canonical\" href=\"https:\/\/filles-de-la-charite.org\/it\/vivere-il-lockdown-in-carcere\/\" \/>\n<meta property=\"og:locale\" content=\"it_IT\" \/>\n<meta property=\"og:type\" content=\"article\" \/>\n<meta property=\"og:title\" content=\"Vivere il lockdown in carcere - Filles de la Charit\u00e9\" \/>\n<meta property=\"og:description\" content=\"Dalla Pastorale Penitenziaria ci raccontano quei giorni di massima allerta sanitaria per i reclusi dei Centri Penitenziari. Il confinamento che abbiamo vissuto per settimane a causa della pandemia ci ha insegnato a valorizzare situazioni e comportamenti che, giorno dopo giorno, attraversano la nostra vita senza che diamo loro l&#8217;importanza che hanno. Uno di essi, la [&hellip;]\" \/>\n<meta property=\"og:url\" content=\"https:\/\/filles-de-la-charite.org\/it\/vivere-il-lockdown-in-carcere\/\" \/>\n<meta property=\"og:site_name\" content=\"Filles de la Charit\u00e9\" \/>\n<meta property=\"article:published_time\" content=\"2020-10-09T19:10:02+00:00\" \/>\n<meta property=\"article:modified_time\" content=\"2024-03-17T17:31:37+00:00\" \/>\n<meta property=\"og:image\" content=\"https:\/\/filles-de-la-charite.org\/wp-content\/uploads\/2023\/06\/1010-Confinement-FTD.jpg\" \/>\n\t<meta property=\"og:image:width\" content=\"1200\" \/>\n\t<meta property=\"og:image:height\" content=\"630\" \/>\n\t<meta property=\"og:image:type\" content=\"image\/jpeg\" \/>\n<meta name=\"author\" content=\"admin\" \/>\n<meta name=\"twitter:card\" content=\"summary_large_image\" \/>\n<meta name=\"twitter:label1\" content=\"Scritto da\" \/>\n\t<meta name=\"twitter:data1\" content=\"admin\" \/>\n\t<meta name=\"twitter:label2\" content=\"Tempo di lettura stimato\" \/>\n\t<meta name=\"twitter:data2\" content=\"3 minuti\" \/>\n<script type=\"application\/ld+json\" class=\"yoast-schema-graph\">{\"@context\":\"https:\\\/\\\/schema.org\",\"@graph\":[{\"@type\":\"Article\",\"@id\":\"https:\\\/\\\/filles-de-la-charite.org\\\/it\\\/vivere-il-lockdown-in-carcere\\\/#article\",\"isPartOf\":{\"@id\":\"https:\\\/\\\/filles-de-la-charite.org\\\/it\\\/vivere-il-lockdown-in-carcere\\\/\"},\"author\":{\"name\":\"admin\",\"@id\":\"https:\\\/\\\/filles-de-la-charite.org\\\/it\\\/#\\\/schema\\\/person\\\/427567b2eccfc2dd7d206da186a1f438\"},\"headline\":\"Vivere il lockdown in carcere\",\"datePublished\":\"2020-10-09T19:10:02+00:00\",\"dateModified\":\"2024-03-17T17:31:37+00:00\",\"mainEntityOfPage\":{\"@id\":\"https:\\\/\\\/filles-de-la-charite.org\\\/it\\\/vivere-il-lockdown-in-carcere\\\/\"},\"wordCount\":672,\"publisher\":{\"@id\":\"https:\\\/\\\/filles-de-la-charite.org\\\/it\\\/#organization\"},\"image\":{\"@id\":\"https:\\\/\\\/filles-de-la-charite.org\\\/it\\\/vivere-il-lockdown-in-carcere\\\/#primaryimage\"},\"thumbnailUrl\":\"https:\\\/\\\/filles-de-la-charite.org\\\/wp-content\\\/uploads\\\/2023\\\/06\\\/1010-Confinement-FTD.jpg\",\"articleSection\":[\"Espa\u00f1a-Sur\"],\"inLanguage\":\"it-IT\"},{\"@type\":\"WebPage\",\"@id\":\"https:\\\/\\\/filles-de-la-charite.org\\\/it\\\/vivere-il-lockdown-in-carcere\\\/\",\"url\":\"https:\\\/\\\/filles-de-la-charite.org\\\/it\\\/vivere-il-lockdown-in-carcere\\\/\",\"name\":\"Vivere il lockdown in carcere - Filles de la Charit\u00e9\",\"isPartOf\":{\"@id\":\"https:\\\/\\\/filles-de-la-charite.org\\\/it\\\/#website\"},\"primaryImageOfPage\":{\"@id\":\"https:\\\/\\\/filles-de-la-charite.org\\\/it\\\/vivere-il-lockdown-in-carcere\\\/#primaryimage\"},\"image\":{\"@id\":\"https:\\\/\\\/filles-de-la-charite.org\\\/it\\\/vivere-il-lockdown-in-carcere\\\/#primaryimage\"},\"thumbnailUrl\":\"https:\\\/\\\/filles-de-la-charite.org\\\/wp-content\\\/uploads\\\/2023\\\/06\\\/1010-Confinement-FTD.jpg\",\"datePublished\":\"2020-10-09T19:10:02+00:00\",\"dateModified\":\"2024-03-17T17:31:37+00:00\",\"breadcrumb\":{\"@id\":\"https:\\\/\\\/filles-de-la-charite.org\\\/it\\\/vivere-il-lockdown-in-carcere\\\/#breadcrumb\"},\"inLanguage\":\"it-IT\",\"potentialAction\":[{\"@type\":\"ReadAction\",\"target\":[\"https:\\\/\\\/filles-de-la-charite.org\\\/it\\\/vivere-il-lockdown-in-carcere\\\/\"]}]},{\"@type\":\"ImageObject\",\"inLanguage\":\"it-IT\",\"@id\":\"https:\\\/\\\/filles-de-la-charite.org\\\/it\\\/vivere-il-lockdown-in-carcere\\\/#primaryimage\",\"url\":\"https:\\\/\\\/filles-de-la-charite.org\\\/wp-content\\\/uploads\\\/2023\\\/06\\\/1010-Confinement-FTD.jpg\",\"contentUrl\":\"https:\\\/\\\/filles-de-la-charite.org\\\/wp-content\\\/uploads\\\/2023\\\/06\\\/1010-Confinement-FTD.jpg\",\"width\":1200,\"height\":630},{\"@type\":\"BreadcrumbList\",\"@id\":\"https:\\\/\\\/filles-de-la-charite.org\\\/it\\\/vivere-il-lockdown-in-carcere\\\/#breadcrumb\",\"itemListElement\":[{\"@type\":\"ListItem\",\"position\":1,\"name\":\"Espa\u00f1a-Sur\",\"item\":\"https:\\\/\\\/filles-de-la-charite.org\\\/it\\\/category\\\/espana-sur-it\\\/\"},{\"@type\":\"ListItem\",\"position\":2,\"name\":\"Vivere il lockdown in carcere\"}]},{\"@type\":\"WebSite\",\"@id\":\"https:\\\/\\\/filles-de-la-charite.org\\\/it\\\/#website\",\"url\":\"https:\\\/\\\/filles-de-la-charite.org\\\/it\\\/\",\"name\":\"Hijas de la Caridad\",\"description\":\"L\u2019amour de J\u00e9sus nous presse \u00e0 prendre soin des personnes les plus d\u00e9munies\",\"publisher\":{\"@id\":\"https:\\\/\\\/filles-de-la-charite.org\\\/it\\\/#organization\"},\"potentialAction\":[{\"@type\":\"SearchAction\",\"target\":{\"@type\":\"EntryPoint\",\"urlTemplate\":\"https:\\\/\\\/filles-de-la-charite.org\\\/it\\\/?s={search_term_string}\"},\"query-input\":{\"@type\":\"PropertyValueSpecification\",\"valueRequired\":true,\"valueName\":\"search_term_string\"}}],\"inLanguage\":\"it-IT\"},{\"@type\":\"Organization\",\"@id\":\"https:\\\/\\\/filles-de-la-charite.org\\\/it\\\/#organization\",\"name\":\"Hijas de la Caridad\",\"url\":\"https:\\\/\\\/filles-de-la-charite.org\\\/it\\\/\",\"logo\":{\"@type\":\"ImageObject\",\"inLanguage\":\"it-IT\",\"@id\":\"https:\\\/\\\/filles-de-la-charite.org\\\/it\\\/#\\\/schema\\\/logo\\\/image\\\/\",\"url\":\"https:\\\/\\\/filles-de-la-charite.org\\\/wp-content\\\/uploads\\\/2023\\\/03\\\/isotipo-Hijas-de-la-Caridad.png\",\"contentUrl\":\"https:\\\/\\\/filles-de-la-charite.org\\\/wp-content\\\/uploads\\\/2023\\\/03\\\/isotipo-Hijas-de-la-Caridad.png\",\"width\":1417,\"height\":1417,\"caption\":\"Hijas de la Caridad\"},\"image\":{\"@id\":\"https:\\\/\\\/filles-de-la-charite.org\\\/it\\\/#\\\/schema\\\/logo\\\/image\\\/\"}},{\"@type\":\"Person\",\"@id\":\"https:\\\/\\\/filles-de-la-charite.org\\\/it\\\/#\\\/schema\\\/person\\\/427567b2eccfc2dd7d206da186a1f438\",\"name\":\"admin\",\"image\":{\"@type\":\"ImageObject\",\"inLanguage\":\"it-IT\",\"@id\":\"https:\\\/\\\/secure.gravatar.com\\\/avatar\\\/948b492cce32b586ac2db0eaa926ee87024f7afe218d73b397ea5ddfc5f43ea1?s=96&d=mm&r=g\",\"url\":\"https:\\\/\\\/secure.gravatar.com\\\/avatar\\\/948b492cce32b586ac2db0eaa926ee87024f7afe218d73b397ea5ddfc5f43ea1?s=96&d=mm&r=g\",\"contentUrl\":\"https:\\\/\\\/secure.gravatar.com\\\/avatar\\\/948b492cce32b586ac2db0eaa926ee87024f7afe218d73b397ea5ddfc5f43ea1?s=96&d=mm&r=g\",\"caption\":\"admin\"},\"sameAs\":[\"https:\\\/\\\/filles-de-la-charite.org\"],\"url\":\"https:\\\/\\\/filles-de-la-charite.org\\\/it\\\/author\\\/caridad\\\/\"}]}<\/script>\n<!-- \/ Yoast SEO plugin. -->","yoast_head_json":{"title":"Vivere il lockdown in carcere - Filles de la Charit\u00e9","robots":{"index":"index","follow":"follow","max-snippet":"max-snippet:-1","max-image-preview":"max-image-preview:large","max-video-preview":"max-video-preview:-1"},"canonical":"https:\/\/filles-de-la-charite.org\/it\/vivere-il-lockdown-in-carcere\/","og_locale":"it_IT","og_type":"article","og_title":"Vivere il lockdown in carcere - Filles de la Charit\u00e9","og_description":"Dalla Pastorale Penitenziaria ci raccontano quei giorni di massima allerta sanitaria per i reclusi dei Centri Penitenziari. Il confinamento che abbiamo vissuto per settimane a causa della pandemia ci ha insegnato a valorizzare situazioni e comportamenti che, giorno dopo giorno, attraversano la nostra vita senza che diamo loro l&#8217;importanza che hanno. Uno di essi, la [&hellip;]","og_url":"https:\/\/filles-de-la-charite.org\/it\/vivere-il-lockdown-in-carcere\/","og_site_name":"Filles de la Charit\u00e9","article_published_time":"2020-10-09T19:10:02+00:00","article_modified_time":"2024-03-17T17:31:37+00:00","og_image":[{"width":1200,"height":630,"url":"https:\/\/filles-de-la-charite.org\/wp-content\/uploads\/2023\/06\/1010-Confinement-FTD.jpg","type":"image\/jpeg"}],"author":"admin","twitter_card":"summary_large_image","twitter_misc":{"Scritto da":"admin","Tempo di lettura stimato":"3 minuti"},"schema":{"@context":"https:\/\/schema.org","@graph":[{"@type":"Article","@id":"https:\/\/filles-de-la-charite.org\/it\/vivere-il-lockdown-in-carcere\/#article","isPartOf":{"@id":"https:\/\/filles-de-la-charite.org\/it\/vivere-il-lockdown-in-carcere\/"},"author":{"name":"admin","@id":"https:\/\/filles-de-la-charite.org\/it\/#\/schema\/person\/427567b2eccfc2dd7d206da186a1f438"},"headline":"Vivere il lockdown in carcere","datePublished":"2020-10-09T19:10:02+00:00","dateModified":"2024-03-17T17:31:37+00:00","mainEntityOfPage":{"@id":"https:\/\/filles-de-la-charite.org\/it\/vivere-il-lockdown-in-carcere\/"},"wordCount":672,"publisher":{"@id":"https:\/\/filles-de-la-charite.org\/it\/#organization"},"image":{"@id":"https:\/\/filles-de-la-charite.org\/it\/vivere-il-lockdown-in-carcere\/#primaryimage"},"thumbnailUrl":"https:\/\/filles-de-la-charite.org\/wp-content\/uploads\/2023\/06\/1010-Confinement-FTD.jpg","articleSection":["Espa\u00f1a-Sur"],"inLanguage":"it-IT"},{"@type":"WebPage","@id":"https:\/\/filles-de-la-charite.org\/it\/vivere-il-lockdown-in-carcere\/","url":"https:\/\/filles-de-la-charite.org\/it\/vivere-il-lockdown-in-carcere\/","name":"Vivere il lockdown in carcere - Filles de la Charit\u00e9","isPartOf":{"@id":"https:\/\/filles-de-la-charite.org\/it\/#website"},"primaryImageOfPage":{"@id":"https:\/\/filles-de-la-charite.org\/it\/vivere-il-lockdown-in-carcere\/#primaryimage"},"image":{"@id":"https:\/\/filles-de-la-charite.org\/it\/vivere-il-lockdown-in-carcere\/#primaryimage"},"thumbnailUrl":"https:\/\/filles-de-la-charite.org\/wp-content\/uploads\/2023\/06\/1010-Confinement-FTD.jpg","datePublished":"2020-10-09T19:10:02+00:00","dateModified":"2024-03-17T17:31:37+00:00","breadcrumb":{"@id":"https:\/\/filles-de-la-charite.org\/it\/vivere-il-lockdown-in-carcere\/#breadcrumb"},"inLanguage":"it-IT","potentialAction":[{"@type":"ReadAction","target":["https:\/\/filles-de-la-charite.org\/it\/vivere-il-lockdown-in-carcere\/"]}]},{"@type":"ImageObject","inLanguage":"it-IT","@id":"https:\/\/filles-de-la-charite.org\/it\/vivere-il-lockdown-in-carcere\/#primaryimage","url":"https:\/\/filles-de-la-charite.org\/wp-content\/uploads\/2023\/06\/1010-Confinement-FTD.jpg","contentUrl":"https:\/\/filles-de-la-charite.org\/wp-content\/uploads\/2023\/06\/1010-Confinement-FTD.jpg","width":1200,"height":630},{"@type":"BreadcrumbList","@id":"https:\/\/filles-de-la-charite.org\/it\/vivere-il-lockdown-in-carcere\/#breadcrumb","itemListElement":[{"@type":"ListItem","position":1,"name":"Espa\u00f1a-Sur","item":"https:\/\/filles-de-la-charite.org\/it\/category\/espana-sur-it\/"},{"@type":"ListItem","position":2,"name":"Vivere il lockdown in carcere"}]},{"@type":"WebSite","@id":"https:\/\/filles-de-la-charite.org\/it\/#website","url":"https:\/\/filles-de-la-charite.org\/it\/","name":"Hijas de la Caridad","description":"L\u2019amour de J\u00e9sus nous presse \u00e0 prendre soin des personnes les plus d\u00e9munies","publisher":{"@id":"https:\/\/filles-de-la-charite.org\/it\/#organization"},"potentialAction":[{"@type":"SearchAction","target":{"@type":"EntryPoint","urlTemplate":"https:\/\/filles-de-la-charite.org\/it\/?s={search_term_string}"},"query-input":{"@type":"PropertyValueSpecification","valueRequired":true,"valueName":"search_term_string"}}],"inLanguage":"it-IT"},{"@type":"Organization","@id":"https:\/\/filles-de-la-charite.org\/it\/#organization","name":"Hijas de la Caridad","url":"https:\/\/filles-de-la-charite.org\/it\/","logo":{"@type":"ImageObject","inLanguage":"it-IT","@id":"https:\/\/filles-de-la-charite.org\/it\/#\/schema\/logo\/image\/","url":"https:\/\/filles-de-la-charite.org\/wp-content\/uploads\/2023\/03\/isotipo-Hijas-de-la-Caridad.png","contentUrl":"https:\/\/filles-de-la-charite.org\/wp-content\/uploads\/2023\/03\/isotipo-Hijas-de-la-Caridad.png","width":1417,"height":1417,"caption":"Hijas de la Caridad"},"image":{"@id":"https:\/\/filles-de-la-charite.org\/it\/#\/schema\/logo\/image\/"}},{"@type":"Person","@id":"https:\/\/filles-de-la-charite.org\/it\/#\/schema\/person\/427567b2eccfc2dd7d206da186a1f438","name":"admin","image":{"@type":"ImageObject","inLanguage":"it-IT","@id":"https:\/\/secure.gravatar.com\/avatar\/948b492cce32b586ac2db0eaa926ee87024f7afe218d73b397ea5ddfc5f43ea1?s=96&d=mm&r=g","url":"https:\/\/secure.gravatar.com\/avatar\/948b492cce32b586ac2db0eaa926ee87024f7afe218d73b397ea5ddfc5f43ea1?s=96&d=mm&r=g","contentUrl":"https:\/\/secure.gravatar.com\/avatar\/948b492cce32b586ac2db0eaa926ee87024f7afe218d73b397ea5ddfc5f43ea1?s=96&d=mm&r=g","caption":"admin"},"sameAs":["https:\/\/filles-de-la-charite.org"],"url":"https:\/\/filles-de-la-charite.org\/it\/author\/caridad\/"}]}},"_links":{"self":[{"href":"https:\/\/filles-de-la-charite.org\/it\/wp-json\/wp\/v2\/posts\/23147","targetHints":{"allow":["GET"]}}],"collection":[{"href":"https:\/\/filles-de-la-charite.org\/it\/wp-json\/wp\/v2\/posts"}],"about":[{"href":"https:\/\/filles-de-la-charite.org\/it\/wp-json\/wp\/v2\/types\/post"}],"author":[{"embeddable":true,"href":"https:\/\/filles-de-la-charite.org\/it\/wp-json\/wp\/v2\/users\/1"}],"replies":[{"embeddable":true,"href":"https:\/\/filles-de-la-charite.org\/it\/wp-json\/wp\/v2\/comments?post=23147"}],"version-history":[{"count":1,"href":"https:\/\/filles-de-la-charite.org\/it\/wp-json\/wp\/v2\/posts\/23147\/revisions"}],"predecessor-version":[{"id":23148,"href":"https:\/\/filles-de-la-charite.org\/it\/wp-json\/wp\/v2\/posts\/23147\/revisions\/23148"}],"wp:featuredmedia":[{"embeddable":true,"href":"https:\/\/filles-de-la-charite.org\/it\/wp-json\/wp\/v2\/media\/15113"}],"wp:attachment":[{"href":"https:\/\/filles-de-la-charite.org\/it\/wp-json\/wp\/v2\/media?parent=23147"}],"wp:term":[{"taxonomy":"category","embeddable":true,"href":"https:\/\/filles-de-la-charite.org\/it\/wp-json\/wp\/v2\/categories?post=23147"},{"taxonomy":"post_tag","embeddable":true,"href":"https:\/\/filles-de-la-charite.org\/it\/wp-json\/wp\/v2\/tags?post=23147"}],"curies":[{"name":"wp","href":"https:\/\/api.w.org\/{rel}","templated":true}]}}