{"id":23149,"date":"2020-11-06T22:59:40","date_gmt":"2020-11-06T21:59:40","guid":{"rendered":"https:\/\/hijascaridad.sjdigitaldemo.ovh\/saint-vincent-in-haiti-6\/"},"modified":"2024-03-17T18:31:29","modified_gmt":"2024-03-17T17:31:29","slug":"saint-vincent-in-haiti-6","status":"publish","type":"post","link":"https:\/\/filles-de-la-charite.org\/it\/saint-vincent-in-haiti-6\/","title":{"rendered":"San Vincenzo ad Haiti"},"content":{"rendered":"\n<p>Dal 18 al 25 ottobre abbiamo celebrato un&#8217;altra Settimana Missionaria. Accompagniamo coloro che hanno lasciato la loro patria per la Missione <em>Ad Gentes<\/em>con preghiere e ricordi affettuosi!<\/p>\n\n\n\n<div class=\"wp-block-image\"><figure class=\"alignright\"><img decoding=\"async\" src=\"https:\/\/filles-de-la-charite.org\/wp-content\/uploads\/2023\/06\/201106-Haiti-4.jpg\" alt=\"\" class=\"wp-image-41517\"\/><\/figure><\/div>\n\n\n\n<p>Suor Weronika, una suora polacca che appartiene alla Provincia dei Caraibi e che serve la povera gente di Haiti, condivide con noi il modo in cui la sua Comunit\u00e0 ha onorato San Vincenzo de Paoli, Fondatore della Compagnia delle Figlie della Carit\u00e0, nel giorno della sua festa di quest&#8217;anno.&nbsp;<\/p>\n\n\n\n<p>Haiti \u00e8 una piccola parte occidentale della seconda isola dell&#8217;arcipelago delle Grandi Antille (America Centrale) che confina con la Repubblica Domenicana, circondata dal Mar dei Caraibi e dall&#8217;Oceano Atlantico. Nel 2008 si \u00e8 verificata un&#8217;enorme alluvione nella citt\u00e0 di Gona\u00efves. Le famiglie hanno perso la loro casa e per tre mesi i bambini di queste famiglie hanno vissuto con le suore fino a quando i loro genitori non hanno trovato un appartamento, costruito una casa o fatto dei quartieri di fortuna. Anche i loro genitori sono rimasti con le suore per pi\u00f9 di una settimana. Circa 200 bambini hanno continuato a venire dalle Suore ogni settimana; le Suore hanno cercato di soddisfare i loro bisogni spirituali e materiali.<\/p>\n\n\n\n<p>Quest&#8217;anno, prima della festa di San Vincenzo de&#8217; Paoli, le Suore e i bambini hanno preparato un triduo di preghiera durante il quale, alle 15.00, si \u00e8 recitato il rosario in comune; sono stati intonati anche dei canti. Inoltre, le Suore hanno presentato San Vincenzo: la sua vita e le opere di carit\u00e0 sono state condivise il primo giorno; sono state poi presentate le Compagnie che San Vincenzo ha fondato e il terzo giorno l&#8217;attenzione si \u00e8 concentrata sulla sua spiritualit\u00e0. Le Suore hanno anche cercato di preparare spiritualmente i loro collaboratori&nbsp; che sono con loro ogni giorno.<\/p>\n\n\n\n<div class=\"wp-block-image\"><figure class=\"aligncenter\"><img decoding=\"async\" src=\"https:\/\/filles-de-la-charite.org\/wp-content\/uploads\/2023\/06\/201106-Haiti-5.jpg\" alt=\"\" class=\"wp-image-41518\"\/><\/figure><\/div>\n\n\n\n<p>Il 27 settembre, festa di San Vincenzo de&#8217; Paoli, le suore hanno preparato una celebrazione para liturgica, poich\u00e9 il sacerdote non poteva essere presente. Tuttavia, la cerimonia \u00e8 stata molto solenne. Suor Weronika condivide: &#8220;Sono sicura che Ges\u00f9 era presente perch\u00e9 Lui stesso ha detto &#8220;dove due o tre si riuniscono nel mio nome, io sono l\u00ec con loro&#8221; (Mt 18,20). Si sono uniti a noi quattrocento bambini e pi\u00f9 di 30 membri del personale.<\/p>\n\n\n\n<p>Per la festa, i bambini indossavano costumi speciali, una tradizione che si svolge ogni anno quando i bambini indossano abiti diversi in occasioni speciali. Li acquistano con i loro stessi soldi per potersi presentare splendidamente davanti a Dio e al popolo.<\/p>\n\n\n\n<div class=\"wp-block-image\"><figure class=\"aligncenter\"><img decoding=\"async\" src=\"https:\/\/filles-de-la-charite.org\/wp-content\/uploads\/2023\/06\/201106-Haiti-1.jpg\" alt=\"\" class=\"wp-image-41514\"\/><\/figure><\/div>\n\n\n\n<p>Ogni domenica i bambini si riuniscono in casa delle suore per pregare, cantare e ballare; Suor Natasza \u00e8 responsabile della loro formazione. Conoscono San Vincenzo, la sua vita e le sue opere di carit\u00e0. Siamo felici di poter, come San Vincenzo, servire i bambini.<\/p>\n\n\n\n<p class=\"has-text-align-center\"><span style=\"color: #0432ff;\">San Vincenzo, prega per noi!<\/span><\/p>\n\n\n\n<p class=\"has-text-align-center\"><span style=\"color: #0432ff;\">Suor Weronika, Provincia dei Caraibi<\/span><\/p>\n\n\n\n<div class=\"wp-block-image\"><figure class=\"aligncenter\"><img decoding=\"async\" src=\"https:\/\/filles-de-la-charite.org\/wp-content\/uploads\/2023\/06\/201106-Haiti-3.jpg\" alt=\"\" class=\"wp-image-41516\"\/><\/figure><\/div>\n","protected":false},"excerpt":{"rendered":"<p>Dal 18 al 25 ottobre abbiamo celebrato un&#8217;altra Settimana Missionaria. Accompagniamo coloro che hanno lasciato la loro patria per la Missione Ad Gentescon preghiere e ricordi affettuosi! Suor Weronika, una suora polacca che appartiene alla Provincia dei Caraibi e che serve la povera gente di Haiti, condivide con noi il modo in cui la sua [&hellip;]<\/p>\n","protected":false},"author":1,"featured_media":15145,"comment_status":"closed","ping_status":"closed","sticky":false,"template":"","format":"standard","meta":{"_acf_changed":false,"_et_pb_use_builder":"","_et_pb_old_content":"","_et_gb_content_width":"","footnotes":"","_links_to":"","_links_to_target":""},"categories":[756],"tags":[],"class_list":["post-23149","post","type-post","status-publish","format-standard","has-post-thumbnail","hentry","category-caribe-it"],"acf":[],"yoast_head":"<!-- This site is optimized with the Yoast SEO plugin v27.5 - https:\/\/yoast.com\/product\/yoast-seo-wordpress\/ -->\n<title>San Vincenzo ad Haiti - Filles de la Charit\u00e9<\/title>\n<meta name=\"robots\" content=\"index, follow, max-snippet:-1, max-image-preview:large, max-video-preview:-1\" \/>\n<link rel=\"canonical\" href=\"https:\/\/filles-de-la-charite.org\/it\/saint-vincent-in-haiti-6\/\" \/>\n<meta property=\"og:locale\" content=\"it_IT\" \/>\n<meta property=\"og:type\" content=\"article\" \/>\n<meta property=\"og:title\" content=\"San Vincenzo ad Haiti - Filles de la Charit\u00e9\" \/>\n<meta property=\"og:description\" content=\"Dal 18 al 25 ottobre abbiamo celebrato un&#8217;altra Settimana Missionaria. Accompagniamo coloro che hanno lasciato la loro patria per la Missione Ad Gentescon preghiere e ricordi affettuosi! Suor Weronika, una suora polacca che appartiene alla Provincia dei Caraibi e che serve la povera gente di Haiti, condivide con noi il modo in cui la sua [&hellip;]\" \/>\n<meta property=\"og:url\" content=\"https:\/\/filles-de-la-charite.org\/it\/saint-vincent-in-haiti-6\/\" \/>\n<meta property=\"og:site_name\" content=\"Filles de la Charit\u00e9\" \/>\n<meta property=\"article:published_time\" content=\"2020-11-06T21:59:40+00:00\" \/>\n<meta property=\"article:modified_time\" content=\"2024-03-17T17:31:29+00:00\" \/>\n<meta property=\"og:image\" content=\"https:\/\/filles-de-la-charite.org\/wp-content\/uploads\/2023\/06\/201106-Haiti-FTD.jpg\" \/>\n\t<meta property=\"og:image:width\" content=\"1200\" \/>\n\t<meta property=\"og:image:height\" content=\"630\" \/>\n\t<meta property=\"og:image:type\" content=\"image\/jpeg\" \/>\n<meta name=\"author\" content=\"admin\" \/>\n<meta name=\"twitter:card\" content=\"summary_large_image\" \/>\n<meta name=\"twitter:label1\" content=\"Scritto da\" \/>\n\t<meta name=\"twitter:data1\" content=\"admin\" \/>\n\t<meta name=\"twitter:label2\" content=\"Tempo di lettura stimato\" \/>\n\t<meta name=\"twitter:data2\" content=\"3 minuti\" \/>\n<script type=\"application\/ld+json\" class=\"yoast-schema-graph\">{\"@context\":\"https:\\\/\\\/schema.org\",\"@graph\":[{\"@type\":\"Article\",\"@id\":\"https:\\\/\\\/filles-de-la-charite.org\\\/it\\\/saint-vincent-in-haiti-6\\\/#article\",\"isPartOf\":{\"@id\":\"https:\\\/\\\/filles-de-la-charite.org\\\/it\\\/saint-vincent-in-haiti-6\\\/\"},\"author\":{\"name\":\"admin\",\"@id\":\"https:\\\/\\\/filles-de-la-charite.org\\\/it\\\/#\\\/schema\\\/person\\\/427567b2eccfc2dd7d206da186a1f438\"},\"headline\":\"San Vincenzo ad Haiti\",\"datePublished\":\"2020-11-06T21:59:40+00:00\",\"dateModified\":\"2024-03-17T17:31:29+00:00\",\"mainEntityOfPage\":{\"@id\":\"https:\\\/\\\/filles-de-la-charite.org\\\/it\\\/saint-vincent-in-haiti-6\\\/\"},\"wordCount\":462,\"publisher\":{\"@id\":\"https:\\\/\\\/filles-de-la-charite.org\\\/it\\\/#organization\"},\"image\":{\"@id\":\"https:\\\/\\\/filles-de-la-charite.org\\\/it\\\/saint-vincent-in-haiti-6\\\/#primaryimage\"},\"thumbnailUrl\":\"https:\\\/\\\/filles-de-la-charite.org\\\/wp-content\\\/uploads\\\/2023\\\/06\\\/201106-Haiti-FTD.jpg\",\"articleSection\":[\"Caraibi\"],\"inLanguage\":\"it-IT\"},{\"@type\":\"WebPage\",\"@id\":\"https:\\\/\\\/filles-de-la-charite.org\\\/it\\\/saint-vincent-in-haiti-6\\\/\",\"url\":\"https:\\\/\\\/filles-de-la-charite.org\\\/it\\\/saint-vincent-in-haiti-6\\\/\",\"name\":\"San Vincenzo ad Haiti - Filles de la Charit\u00e9\",\"isPartOf\":{\"@id\":\"https:\\\/\\\/filles-de-la-charite.org\\\/it\\\/#website\"},\"primaryImageOfPage\":{\"@id\":\"https:\\\/\\\/filles-de-la-charite.org\\\/it\\\/saint-vincent-in-haiti-6\\\/#primaryimage\"},\"image\":{\"@id\":\"https:\\\/\\\/filles-de-la-charite.org\\\/it\\\/saint-vincent-in-haiti-6\\\/#primaryimage\"},\"thumbnailUrl\":\"https:\\\/\\\/filles-de-la-charite.org\\\/wp-content\\\/uploads\\\/2023\\\/06\\\/201106-Haiti-FTD.jpg\",\"datePublished\":\"2020-11-06T21:59:40+00:00\",\"dateModified\":\"2024-03-17T17:31:29+00:00\",\"breadcrumb\":{\"@id\":\"https:\\\/\\\/filles-de-la-charite.org\\\/it\\\/saint-vincent-in-haiti-6\\\/#breadcrumb\"},\"inLanguage\":\"it-IT\",\"potentialAction\":[{\"@type\":\"ReadAction\",\"target\":[\"https:\\\/\\\/filles-de-la-charite.org\\\/it\\\/saint-vincent-in-haiti-6\\\/\"]}]},{\"@type\":\"ImageObject\",\"inLanguage\":\"it-IT\",\"@id\":\"https:\\\/\\\/filles-de-la-charite.org\\\/it\\\/saint-vincent-in-haiti-6\\\/#primaryimage\",\"url\":\"https:\\\/\\\/filles-de-la-charite.org\\\/wp-content\\\/uploads\\\/2023\\\/06\\\/201106-Haiti-FTD.jpg\",\"contentUrl\":\"https:\\\/\\\/filles-de-la-charite.org\\\/wp-content\\\/uploads\\\/2023\\\/06\\\/201106-Haiti-FTD.jpg\",\"width\":1200,\"height\":630},{\"@type\":\"BreadcrumbList\",\"@id\":\"https:\\\/\\\/filles-de-la-charite.org\\\/it\\\/saint-vincent-in-haiti-6\\\/#breadcrumb\",\"itemListElement\":[{\"@type\":\"ListItem\",\"position\":1,\"name\":\"Caraibi\",\"item\":\"https:\\\/\\\/filles-de-la-charite.org\\\/it\\\/category\\\/caribe-it\\\/\"},{\"@type\":\"ListItem\",\"position\":2,\"name\":\"San Vincenzo ad Haiti\"}]},{\"@type\":\"WebSite\",\"@id\":\"https:\\\/\\\/filles-de-la-charite.org\\\/it\\\/#website\",\"url\":\"https:\\\/\\\/filles-de-la-charite.org\\\/it\\\/\",\"name\":\"Hijas de la Caridad\",\"description\":\"L\u2019amour de J\u00e9sus nous presse \u00e0 prendre soin des personnes les plus d\u00e9munies\",\"publisher\":{\"@id\":\"https:\\\/\\\/filles-de-la-charite.org\\\/it\\\/#organization\"},\"potentialAction\":[{\"@type\":\"SearchAction\",\"target\":{\"@type\":\"EntryPoint\",\"urlTemplate\":\"https:\\\/\\\/filles-de-la-charite.org\\\/it\\\/?s={search_term_string}\"},\"query-input\":{\"@type\":\"PropertyValueSpecification\",\"valueRequired\":true,\"valueName\":\"search_term_string\"}}],\"inLanguage\":\"it-IT\"},{\"@type\":\"Organization\",\"@id\":\"https:\\\/\\\/filles-de-la-charite.org\\\/it\\\/#organization\",\"name\":\"Hijas de la Caridad\",\"url\":\"https:\\\/\\\/filles-de-la-charite.org\\\/it\\\/\",\"logo\":{\"@type\":\"ImageObject\",\"inLanguage\":\"it-IT\",\"@id\":\"https:\\\/\\\/filles-de-la-charite.org\\\/it\\\/#\\\/schema\\\/logo\\\/image\\\/\",\"url\":\"https:\\\/\\\/filles-de-la-charite.org\\\/wp-content\\\/uploads\\\/2023\\\/03\\\/isotipo-Hijas-de-la-Caridad.png\",\"contentUrl\":\"https:\\\/\\\/filles-de-la-charite.org\\\/wp-content\\\/uploads\\\/2023\\\/03\\\/isotipo-Hijas-de-la-Caridad.png\",\"width\":1417,\"height\":1417,\"caption\":\"Hijas de la Caridad\"},\"image\":{\"@id\":\"https:\\\/\\\/filles-de-la-charite.org\\\/it\\\/#\\\/schema\\\/logo\\\/image\\\/\"}},{\"@type\":\"Person\",\"@id\":\"https:\\\/\\\/filles-de-la-charite.org\\\/it\\\/#\\\/schema\\\/person\\\/427567b2eccfc2dd7d206da186a1f438\",\"name\":\"admin\",\"image\":{\"@type\":\"ImageObject\",\"inLanguage\":\"it-IT\",\"@id\":\"https:\\\/\\\/secure.gravatar.com\\\/avatar\\\/948b492cce32b586ac2db0eaa926ee87024f7afe218d73b397ea5ddfc5f43ea1?s=96&d=mm&r=g\",\"url\":\"https:\\\/\\\/secure.gravatar.com\\\/avatar\\\/948b492cce32b586ac2db0eaa926ee87024f7afe218d73b397ea5ddfc5f43ea1?s=96&d=mm&r=g\",\"contentUrl\":\"https:\\\/\\\/secure.gravatar.com\\\/avatar\\\/948b492cce32b586ac2db0eaa926ee87024f7afe218d73b397ea5ddfc5f43ea1?s=96&d=mm&r=g\",\"caption\":\"admin\"},\"sameAs\":[\"https:\\\/\\\/filles-de-la-charite.org\"],\"url\":\"https:\\\/\\\/filles-de-la-charite.org\\\/it\\\/author\\\/caridad\\\/\"}]}<\/script>\n<!-- \/ Yoast SEO plugin. -->","yoast_head_json":{"title":"San Vincenzo ad Haiti - Filles de la Charit\u00e9","robots":{"index":"index","follow":"follow","max-snippet":"max-snippet:-1","max-image-preview":"max-image-preview:large","max-video-preview":"max-video-preview:-1"},"canonical":"https:\/\/filles-de-la-charite.org\/it\/saint-vincent-in-haiti-6\/","og_locale":"it_IT","og_type":"article","og_title":"San Vincenzo ad Haiti - Filles de la Charit\u00e9","og_description":"Dal 18 al 25 ottobre abbiamo celebrato un&#8217;altra Settimana Missionaria. Accompagniamo coloro che hanno lasciato la loro patria per la Missione Ad Gentescon preghiere e ricordi affettuosi! Suor Weronika, una suora polacca che appartiene alla Provincia dei Caraibi e che serve la povera gente di Haiti, condivide con noi il modo in cui la sua [&hellip;]","og_url":"https:\/\/filles-de-la-charite.org\/it\/saint-vincent-in-haiti-6\/","og_site_name":"Filles de la Charit\u00e9","article_published_time":"2020-11-06T21:59:40+00:00","article_modified_time":"2024-03-17T17:31:29+00:00","og_image":[{"width":1200,"height":630,"url":"https:\/\/filles-de-la-charite.org\/wp-content\/uploads\/2023\/06\/201106-Haiti-FTD.jpg","type":"image\/jpeg"}],"author":"admin","twitter_card":"summary_large_image","twitter_misc":{"Scritto da":"admin","Tempo di lettura stimato":"3 minuti"},"schema":{"@context":"https:\/\/schema.org","@graph":[{"@type":"Article","@id":"https:\/\/filles-de-la-charite.org\/it\/saint-vincent-in-haiti-6\/#article","isPartOf":{"@id":"https:\/\/filles-de-la-charite.org\/it\/saint-vincent-in-haiti-6\/"},"author":{"name":"admin","@id":"https:\/\/filles-de-la-charite.org\/it\/#\/schema\/person\/427567b2eccfc2dd7d206da186a1f438"},"headline":"San Vincenzo ad Haiti","datePublished":"2020-11-06T21:59:40+00:00","dateModified":"2024-03-17T17:31:29+00:00","mainEntityOfPage":{"@id":"https:\/\/filles-de-la-charite.org\/it\/saint-vincent-in-haiti-6\/"},"wordCount":462,"publisher":{"@id":"https:\/\/filles-de-la-charite.org\/it\/#organization"},"image":{"@id":"https:\/\/filles-de-la-charite.org\/it\/saint-vincent-in-haiti-6\/#primaryimage"},"thumbnailUrl":"https:\/\/filles-de-la-charite.org\/wp-content\/uploads\/2023\/06\/201106-Haiti-FTD.jpg","articleSection":["Caraibi"],"inLanguage":"it-IT"},{"@type":"WebPage","@id":"https:\/\/filles-de-la-charite.org\/it\/saint-vincent-in-haiti-6\/","url":"https:\/\/filles-de-la-charite.org\/it\/saint-vincent-in-haiti-6\/","name":"San Vincenzo ad Haiti - Filles de la Charit\u00e9","isPartOf":{"@id":"https:\/\/filles-de-la-charite.org\/it\/#website"},"primaryImageOfPage":{"@id":"https:\/\/filles-de-la-charite.org\/it\/saint-vincent-in-haiti-6\/#primaryimage"},"image":{"@id":"https:\/\/filles-de-la-charite.org\/it\/saint-vincent-in-haiti-6\/#primaryimage"},"thumbnailUrl":"https:\/\/filles-de-la-charite.org\/wp-content\/uploads\/2023\/06\/201106-Haiti-FTD.jpg","datePublished":"2020-11-06T21:59:40+00:00","dateModified":"2024-03-17T17:31:29+00:00","breadcrumb":{"@id":"https:\/\/filles-de-la-charite.org\/it\/saint-vincent-in-haiti-6\/#breadcrumb"},"inLanguage":"it-IT","potentialAction":[{"@type":"ReadAction","target":["https:\/\/filles-de-la-charite.org\/it\/saint-vincent-in-haiti-6\/"]}]},{"@type":"ImageObject","inLanguage":"it-IT","@id":"https:\/\/filles-de-la-charite.org\/it\/saint-vincent-in-haiti-6\/#primaryimage","url":"https:\/\/filles-de-la-charite.org\/wp-content\/uploads\/2023\/06\/201106-Haiti-FTD.jpg","contentUrl":"https:\/\/filles-de-la-charite.org\/wp-content\/uploads\/2023\/06\/201106-Haiti-FTD.jpg","width":1200,"height":630},{"@type":"BreadcrumbList","@id":"https:\/\/filles-de-la-charite.org\/it\/saint-vincent-in-haiti-6\/#breadcrumb","itemListElement":[{"@type":"ListItem","position":1,"name":"Caraibi","item":"https:\/\/filles-de-la-charite.org\/it\/category\/caribe-it\/"},{"@type":"ListItem","position":2,"name":"San Vincenzo ad Haiti"}]},{"@type":"WebSite","@id":"https:\/\/filles-de-la-charite.org\/it\/#website","url":"https:\/\/filles-de-la-charite.org\/it\/","name":"Hijas de la Caridad","description":"L\u2019amour de J\u00e9sus nous presse \u00e0 prendre soin des personnes les plus d\u00e9munies","publisher":{"@id":"https:\/\/filles-de-la-charite.org\/it\/#organization"},"potentialAction":[{"@type":"SearchAction","target":{"@type":"EntryPoint","urlTemplate":"https:\/\/filles-de-la-charite.org\/it\/?s={search_term_string}"},"query-input":{"@type":"PropertyValueSpecification","valueRequired":true,"valueName":"search_term_string"}}],"inLanguage":"it-IT"},{"@type":"Organization","@id":"https:\/\/filles-de-la-charite.org\/it\/#organization","name":"Hijas de la Caridad","url":"https:\/\/filles-de-la-charite.org\/it\/","logo":{"@type":"ImageObject","inLanguage":"it-IT","@id":"https:\/\/filles-de-la-charite.org\/it\/#\/schema\/logo\/image\/","url":"https:\/\/filles-de-la-charite.org\/wp-content\/uploads\/2023\/03\/isotipo-Hijas-de-la-Caridad.png","contentUrl":"https:\/\/filles-de-la-charite.org\/wp-content\/uploads\/2023\/03\/isotipo-Hijas-de-la-Caridad.png","width":1417,"height":1417,"caption":"Hijas de la Caridad"},"image":{"@id":"https:\/\/filles-de-la-charite.org\/it\/#\/schema\/logo\/image\/"}},{"@type":"Person","@id":"https:\/\/filles-de-la-charite.org\/it\/#\/schema\/person\/427567b2eccfc2dd7d206da186a1f438","name":"admin","image":{"@type":"ImageObject","inLanguage":"it-IT","@id":"https:\/\/secure.gravatar.com\/avatar\/948b492cce32b586ac2db0eaa926ee87024f7afe218d73b397ea5ddfc5f43ea1?s=96&d=mm&r=g","url":"https:\/\/secure.gravatar.com\/avatar\/948b492cce32b586ac2db0eaa926ee87024f7afe218d73b397ea5ddfc5f43ea1?s=96&d=mm&r=g","contentUrl":"https:\/\/secure.gravatar.com\/avatar\/948b492cce32b586ac2db0eaa926ee87024f7afe218d73b397ea5ddfc5f43ea1?s=96&d=mm&r=g","caption":"admin"},"sameAs":["https:\/\/filles-de-la-charite.org"],"url":"https:\/\/filles-de-la-charite.org\/it\/author\/caridad\/"}]}},"_links":{"self":[{"href":"https:\/\/filles-de-la-charite.org\/it\/wp-json\/wp\/v2\/posts\/23149","targetHints":{"allow":["GET"]}}],"collection":[{"href":"https:\/\/filles-de-la-charite.org\/it\/wp-json\/wp\/v2\/posts"}],"about":[{"href":"https:\/\/filles-de-la-charite.org\/it\/wp-json\/wp\/v2\/types\/post"}],"author":[{"embeddable":true,"href":"https:\/\/filles-de-la-charite.org\/it\/wp-json\/wp\/v2\/users\/1"}],"replies":[{"embeddable":true,"href":"https:\/\/filles-de-la-charite.org\/it\/wp-json\/wp\/v2\/comments?post=23149"}],"version-history":[{"count":1,"href":"https:\/\/filles-de-la-charite.org\/it\/wp-json\/wp\/v2\/posts\/23149\/revisions"}],"predecessor-version":[{"id":23150,"href":"https:\/\/filles-de-la-charite.org\/it\/wp-json\/wp\/v2\/posts\/23149\/revisions\/23150"}],"wp:featuredmedia":[{"embeddable":true,"href":"https:\/\/filles-de-la-charite.org\/it\/wp-json\/wp\/v2\/media\/15145"}],"wp:attachment":[{"href":"https:\/\/filles-de-la-charite.org\/it\/wp-json\/wp\/v2\/media?parent=23149"}],"wp:term":[{"taxonomy":"category","embeddable":true,"href":"https:\/\/filles-de-la-charite.org\/it\/wp-json\/wp\/v2\/categories?post=23149"},{"taxonomy":"post_tag","embeddable":true,"href":"https:\/\/filles-de-la-charite.org\/it\/wp-json\/wp\/v2\/tags?post=23149"}],"curies":[{"name":"wp","href":"https:\/\/api.w.org\/{rel}","templated":true}]}}