{"id":23167,"date":"2020-12-01T10:30:43","date_gmt":"2020-12-01T09:30:43","guid":{"rendered":"https:\/\/hijascaridad.sjdigitaldemo.ovh\/pellegrini-con-maria-a-190-anni-delle-apparizioni-della-vergine-maria-a-santa-caterina-laboure\/"},"modified":"2024-03-17T18:30:21","modified_gmt":"2024-03-17T17:30:21","slug":"pellegrini-con-maria-a-190-anni-delle-apparizioni-della-vergine-maria-a-santa-caterina-laboure","status":"publish","type":"post","link":"https:\/\/filles-de-la-charite.org\/it\/pellegrini-con-maria-a-190-anni-delle-apparizioni-della-vergine-maria-a-santa-caterina-laboure\/","title":{"rendered":"Pellegrini con Maria: A 190 anni delle apparizioni della Vergine Maria a Santa Caterina Labour\u00e9"},"content":{"rendered":"\n<div class=\"wp-block-image\"><figure class=\"aligncenter size-large\"><img decoding=\"async\" src=\"https:\/\/filles-de-la-charite.org\/wp-content\/uploads\/2023\/06\/5-4-1024x819.png\" alt=\"\" class=\"wp-image-59623\" \/><\/figure><\/div>\n\n\n\n<p>Il Santo Padre Francesco ha benedetto la Sacra effigie della Beata Vergine Maria Immacolata della Medaglia Miracolosa mercoled\u00ec 11 novembre in Vaticano alla presenza del Superiore Generale della Congregazione della Missione, p. Toma\u017e Mavri\u010d e di una piccola delegazione che organizza il Pellegrinaggio di Maria che&nbsp; visita le Comunit\u00e0 in Italia in occasione del 190\u00b0 anniversario delle apparizioni a Santa Caterina Labour\u00e9.<\/p>\n\n\n\n<p>Nella difficile situazione che il mondo intero sta vivendo a causa della pandemia di Covid-19, in una societ\u00e0 segnata da forti tensioni in ogni continente, i figli spirituali di San Vincenzo de\u2019 Paoli iniziano, con il pellegrinaggio mariano, un percorso di annuncio dell\u2019amore&nbsp; misericordioso di Dio.<\/p>\n\n\n\n<div class=\"wp-block-image\"><figure class=\"aligncenter size-large\"><img decoding=\"async\" src=\"https:\/\/filles-de-la-charite.org\/wp-content\/uploads\/2023\/06\/4-6-1.jpg\" alt=\"\" class=\"wp-image-59626\" \/><\/figure><\/div>\n\n\n\n<p>Era la notte tra il 18 e il 19 luglio 1830 quando Caterina Labour\u00e9 una giovane Figlia della Carit\u00e0 di San Vincenzo de\u2019 Paoli, vide la Santa Vergine con cui ebbe un lungo incontro. Tra le parole della Santa Vergine: <em>I tempi sono molto tristi. Disgrazie verranno ad abbattersi sulla Francia. Il mondo intero sar\u00e0 sconvolto da calamit\u00e0 di ogni genere. Ma tu vieni ai piedi di questo altare, qui le grazie saranno sparse su tutte le persone che le chiederanno con confidenza e fervore\u2026 ho sempre vegliato su di voi.<\/em> Ancora il 27 novembre 1830 Caterina Labour\u00e9 vide la Santa Vergine con un piccolo globo (che rappresenta l\u2019umanit\u00e0) tra le mani; ne contempl\u00f2 la bellezza e accolse la missione di far coniare una Medaglia:<em> le persone che la porteranno riceveranno grandi grazie!<\/em><\/p>\n\n\n\n<figure class=\"wp-block-gallery aligncenter columns-3 is-cropped wp-block-gallery-1 is-layout-flex wp-block-gallery-is-layout-flex\"><ul class=\"blocks-gallery-grid\"><li class=\"blocks-gallery-item\"><figure><img decoding=\"async\" src=\"https:\/\/filles-de-la-charite.org\/wp-content\/uploads\/2023\/06\/5-8-1-768x1024.jpg\" alt=\"\" data-id=\"59627\" data-full-url=\"https:\/\/filles-de-la-charite.org\/wp-content\/uploads\/2023\/06\/5-8-1.jpg\" data-link=\"https:\/\/www.filles-de-la-charite.org\/?attachment_id=59627\" class=\"wp-image-59627\" \/><\/figure><\/li><li class=\"blocks-gallery-item\"><figure><img decoding=\"async\" src=\"https:\/\/filles-de-la-charite.org\/wp-content\/uploads\/2023\/06\/2-8-1-683x1024.jpg\" alt=\"\" data-id=\"59628\" data-full-url=\"https:\/\/filles-de-la-charite.org\/wp-content\/uploads\/2023\/06\/2-8-1.jpg\" data-link=\"https:\/\/www.filles-de-la-charite.org\/?attachment_id=59628\" class=\"wp-image-59628\" \/><\/figure><\/li><li class=\"blocks-gallery-item\"><figure><img decoding=\"async\" src=\"https:\/\/filles-de-la-charite.org\/wp-content\/uploads\/2023\/06\/3-7.png\" alt=\"\" data-id=\"59629\" data-full-url=\"https:\/\/filles-de-la-charite.org\/wp-content\/uploads\/2023\/06\/3-7.png\" data-link=\"https:\/\/www.filles-de-la-charite.org\/?attachment_id=59629\" class=\"wp-image-59629\" \/><\/figure><\/li><\/ul><\/figure>\n\n\n\n<p>I Vincenziani con l\u2019iniziativa di Maria Pellegrina desiderano ricordare che ancora oggi la Santa Vergine ci invita ai piedi dell\u2019altare. La Vergine della Medaglia Miracolosa continua ancora oggi, dopo 190 anni, a vegliare sull\u2019umanit\u00e0 intera e viene pellegrina a visitare e incontrare le Comunit\u00e0 ecclesiali sparse per l\u2019Italia compiendo cos\u00ec la promessa d\u2019amore contenuta nel suo Messaggio: <em>Io stessa sar\u00f2 sempre con voi \u2026 abbiate fiducia \u2026 non scoraggiatevi.<\/em> Maria inizier\u00e0 il suo pellegrinaggio marted\u00ec 1 dicembre e si protrarr\u00e0 fino al 22 novembre 2021.<\/p>\n\n\n\n<p>I molteplici rami della Famiglia Vincenziana, le Parrocchie e altre realt\u00e0 ecclesiali sono invitati alla promozione e realizzazione del pellegrinaggio mariano, della durata di tre giorni, attenti alle disposizioni per fronteggiare l\u2019emergenza epidemiologica da COVID-19, che prevede: la celebrazione di accoglienza della statua della Vergine; celebrazione Eucaristica; celebrazione della Misericordia; catechesi mariana-vincenziana; incontro con ragazzi, giovani e adulti; preghiera vocazionale; cenacoli mariani presso le case dei poveri, degli ammalati (case di riposo, centri di accoglienza); iniziative di sostegno economico alle opere missionarie vincenziane.<\/p>\n\n\n\n<p><em>Elena Grazini<\/em><\/p>\n\n\n\n<p><em>Ufficio Stampa Famiglia Vincenziana <\/em><a href=\"mailto:elena@elenagrazini.it\"><em>elena@elenagrazini.it<\/em><\/a><\/p>\n","protected":false},"excerpt":{"rendered":"<p>Il Santo Padre Francesco ha benedetto la Sacra effigie della Beata Vergine Maria Immacolata della Medaglia Miracolosa mercoled\u00ec 11 novembre in Vaticano alla presenza del Superiore Generale della Congregazione della Missione, p. Toma\u017e Mavri\u010d e di una piccola delegazione che organizza il Pellegrinaggio di Maria che&nbsp; visita le Comunit\u00e0 in Italia in occasione del 190\u00b0 [&hellip;]<\/p>\n","protected":false},"author":1,"featured_media":15235,"comment_status":"closed","ping_status":"closed","sticky":false,"template":"","format":"standard","meta":{"_acf_changed":false,"_et_pb_use_builder":"","_et_pb_old_content":"","_et_gb_content_width":"","footnotes":"","_links_to":"","_links_to_target":""},"categories":[741],"tags":[],"class_list":["post-23167","post","type-post","status-publish","format-standard","has-post-thumbnail","hentry","category-san-vincenzo-italia-it"],"acf":[],"yoast_head":"<!-- This site is optimized with the Yoast SEO plugin v27.5 - https:\/\/yoast.com\/product\/yoast-seo-wordpress\/ -->\n<title>Pellegrini con Maria: A 190 anni delle apparizioni della Vergine Maria a Santa Caterina Labour\u00e9 - Filles de la Charit\u00e9<\/title>\n<meta name=\"robots\" content=\"index, follow, max-snippet:-1, max-image-preview:large, max-video-preview:-1\" \/>\n<link rel=\"canonical\" href=\"https:\/\/filles-de-la-charite.org\/it\/pellegrini-con-maria-a-190-anni-delle-apparizioni-della-vergine-maria-a-santa-caterina-laboure\/\" \/>\n<meta property=\"og:locale\" content=\"it_IT\" \/>\n<meta property=\"og:type\" content=\"article\" \/>\n<meta property=\"og:title\" content=\"Pellegrini con Maria: A 190 anni delle apparizioni della Vergine Maria a Santa Caterina Labour\u00e9 - Filles de la Charit\u00e9\" \/>\n<meta property=\"og:description\" content=\"Il Santo Padre Francesco ha benedetto la Sacra effigie della Beata Vergine Maria Immacolata della Medaglia Miracolosa mercoled\u00ec 11 novembre in Vaticano alla presenza del Superiore Generale della Congregazione della Missione, p. Toma\u017e Mavri\u010d e di una piccola delegazione che organizza il Pellegrinaggio di Maria che&nbsp; visita le Comunit\u00e0 in Italia in occasione del 190\u00b0 [&hellip;]\" \/>\n<meta property=\"og:url\" content=\"https:\/\/filles-de-la-charite.org\/it\/pellegrini-con-maria-a-190-anni-delle-apparizioni-della-vergine-maria-a-santa-caterina-laboure\/\" \/>\n<meta property=\"og:site_name\" content=\"Filles de la Charit\u00e9\" \/>\n<meta property=\"article:published_time\" content=\"2020-12-01T09:30:43+00:00\" \/>\n<meta property=\"article:modified_time\" content=\"2024-03-17T17:30:21+00:00\" \/>\n<meta property=\"og:image\" content=\"https:\/\/filles-de-la-charite.org\/wp-content\/uploads\/2023\/06\/1-1024x683.png\" \/>\n\t<meta property=\"og:image:width\" content=\"1024\" \/>\n\t<meta property=\"og:image:height\" content=\"683\" \/>\n\t<meta property=\"og:image:type\" content=\"image\/png\" \/>\n<meta name=\"author\" content=\"admin\" \/>\n<meta name=\"twitter:card\" content=\"summary_large_image\" \/>\n<meta name=\"twitter:label1\" content=\"Scritto da\" \/>\n\t<meta name=\"twitter:data1\" content=\"admin\" \/>\n\t<meta name=\"twitter:label2\" content=\"Tempo di lettura stimato\" \/>\n\t<meta name=\"twitter:data2\" content=\"2 minuti\" \/>\n<script type=\"application\/ld+json\" class=\"yoast-schema-graph\">{\"@context\":\"https:\\\/\\\/schema.org\",\"@graph\":[{\"@type\":\"Article\",\"@id\":\"https:\\\/\\\/filles-de-la-charite.org\\\/it\\\/pellegrini-con-maria-a-190-anni-delle-apparizioni-della-vergine-maria-a-santa-caterina-laboure\\\/#article\",\"isPartOf\":{\"@id\":\"https:\\\/\\\/filles-de-la-charite.org\\\/it\\\/pellegrini-con-maria-a-190-anni-delle-apparizioni-della-vergine-maria-a-santa-caterina-laboure\\\/\"},\"author\":{\"name\":\"admin\",\"@id\":\"https:\\\/\\\/filles-de-la-charite.org\\\/it\\\/#\\\/schema\\\/person\\\/427567b2eccfc2dd7d206da186a1f438\"},\"headline\":\"Pellegrini con Maria: A 190 anni delle apparizioni della Vergine Maria a Santa Caterina Labour\u00e9\",\"datePublished\":\"2020-12-01T09:30:43+00:00\",\"dateModified\":\"2024-03-17T17:30:21+00:00\",\"mainEntityOfPage\":{\"@id\":\"https:\\\/\\\/filles-de-la-charite.org\\\/it\\\/pellegrini-con-maria-a-190-anni-delle-apparizioni-della-vergine-maria-a-santa-caterina-laboure\\\/\"},\"wordCount\":429,\"publisher\":{\"@id\":\"https:\\\/\\\/filles-de-la-charite.org\\\/it\\\/#organization\"},\"image\":{\"@id\":\"https:\\\/\\\/filles-de-la-charite.org\\\/it\\\/pellegrini-con-maria-a-190-anni-delle-apparizioni-della-vergine-maria-a-santa-caterina-laboure\\\/#primaryimage\"},\"thumbnailUrl\":\"https:\\\/\\\/filles-de-la-charite.org\\\/wp-content\\\/uploads\\\/2023\\\/06\\\/1.png\",\"articleSection\":[\"San Vincenzo &#8211; Italia\"],\"inLanguage\":\"it-IT\"},{\"@type\":\"WebPage\",\"@id\":\"https:\\\/\\\/filles-de-la-charite.org\\\/it\\\/pellegrini-con-maria-a-190-anni-delle-apparizioni-della-vergine-maria-a-santa-caterina-laboure\\\/\",\"url\":\"https:\\\/\\\/filles-de-la-charite.org\\\/it\\\/pellegrini-con-maria-a-190-anni-delle-apparizioni-della-vergine-maria-a-santa-caterina-laboure\\\/\",\"name\":\"Pellegrini con Maria: A 190 anni delle apparizioni della Vergine Maria a Santa Caterina Labour\u00e9 - Filles de la Charit\u00e9\",\"isPartOf\":{\"@id\":\"https:\\\/\\\/filles-de-la-charite.org\\\/it\\\/#website\"},\"primaryImageOfPage\":{\"@id\":\"https:\\\/\\\/filles-de-la-charite.org\\\/it\\\/pellegrini-con-maria-a-190-anni-delle-apparizioni-della-vergine-maria-a-santa-caterina-laboure\\\/#primaryimage\"},\"image\":{\"@id\":\"https:\\\/\\\/filles-de-la-charite.org\\\/it\\\/pellegrini-con-maria-a-190-anni-delle-apparizioni-della-vergine-maria-a-santa-caterina-laboure\\\/#primaryimage\"},\"thumbnailUrl\":\"https:\\\/\\\/filles-de-la-charite.org\\\/wp-content\\\/uploads\\\/2023\\\/06\\\/1.png\",\"datePublished\":\"2020-12-01T09:30:43+00:00\",\"dateModified\":\"2024-03-17T17:30:21+00:00\",\"breadcrumb\":{\"@id\":\"https:\\\/\\\/filles-de-la-charite.org\\\/it\\\/pellegrini-con-maria-a-190-anni-delle-apparizioni-della-vergine-maria-a-santa-caterina-laboure\\\/#breadcrumb\"},\"inLanguage\":\"it-IT\",\"potentialAction\":[{\"@type\":\"ReadAction\",\"target\":[\"https:\\\/\\\/filles-de-la-charite.org\\\/it\\\/pellegrini-con-maria-a-190-anni-delle-apparizioni-della-vergine-maria-a-santa-caterina-laboure\\\/\"]}]},{\"@type\":\"ImageObject\",\"inLanguage\":\"it-IT\",\"@id\":\"https:\\\/\\\/filles-de-la-charite.org\\\/it\\\/pellegrini-con-maria-a-190-anni-delle-apparizioni-della-vergine-maria-a-santa-caterina-laboure\\\/#primaryimage\",\"url\":\"https:\\\/\\\/filles-de-la-charite.org\\\/wp-content\\\/uploads\\\/2023\\\/06\\\/1.png\",\"contentUrl\":\"https:\\\/\\\/filles-de-la-charite.org\\\/wp-content\\\/uploads\\\/2023\\\/06\\\/1.png\",\"width\":1771,\"height\":1181},{\"@type\":\"BreadcrumbList\",\"@id\":\"https:\\\/\\\/filles-de-la-charite.org\\\/it\\\/pellegrini-con-maria-a-190-anni-delle-apparizioni-della-vergine-maria-a-santa-caterina-laboure\\\/#breadcrumb\",\"itemListElement\":[{\"@type\":\"ListItem\",\"position\":1,\"name\":\"San Vincenzo &#8211; Italia\",\"item\":\"https:\\\/\\\/filles-de-la-charite.org\\\/it\\\/category\\\/san-vincenzo-italia-it\\\/\"},{\"@type\":\"ListItem\",\"position\":2,\"name\":\"Pellegrini con Maria: A 190 anni delle apparizioni della Vergine Maria a Santa Caterina Labour\u00e9\"}]},{\"@type\":\"WebSite\",\"@id\":\"https:\\\/\\\/filles-de-la-charite.org\\\/it\\\/#website\",\"url\":\"https:\\\/\\\/filles-de-la-charite.org\\\/it\\\/\",\"name\":\"Hijas de la Caridad\",\"description\":\"L\u2019amour de J\u00e9sus nous presse \u00e0 prendre soin des personnes les plus d\u00e9munies\",\"publisher\":{\"@id\":\"https:\\\/\\\/filles-de-la-charite.org\\\/it\\\/#organization\"},\"potentialAction\":[{\"@type\":\"SearchAction\",\"target\":{\"@type\":\"EntryPoint\",\"urlTemplate\":\"https:\\\/\\\/filles-de-la-charite.org\\\/it\\\/?s={search_term_string}\"},\"query-input\":{\"@type\":\"PropertyValueSpecification\",\"valueRequired\":true,\"valueName\":\"search_term_string\"}}],\"inLanguage\":\"it-IT\"},{\"@type\":\"Organization\",\"@id\":\"https:\\\/\\\/filles-de-la-charite.org\\\/it\\\/#organization\",\"name\":\"Hijas de la Caridad\",\"url\":\"https:\\\/\\\/filles-de-la-charite.org\\\/it\\\/\",\"logo\":{\"@type\":\"ImageObject\",\"inLanguage\":\"it-IT\",\"@id\":\"https:\\\/\\\/filles-de-la-charite.org\\\/it\\\/#\\\/schema\\\/logo\\\/image\\\/\",\"url\":\"https:\\\/\\\/filles-de-la-charite.org\\\/wp-content\\\/uploads\\\/2023\\\/03\\\/isotipo-Hijas-de-la-Caridad.png\",\"contentUrl\":\"https:\\\/\\\/filles-de-la-charite.org\\\/wp-content\\\/uploads\\\/2023\\\/03\\\/isotipo-Hijas-de-la-Caridad.png\",\"width\":1417,\"height\":1417,\"caption\":\"Hijas de la Caridad\"},\"image\":{\"@id\":\"https:\\\/\\\/filles-de-la-charite.org\\\/it\\\/#\\\/schema\\\/logo\\\/image\\\/\"}},{\"@type\":\"Person\",\"@id\":\"https:\\\/\\\/filles-de-la-charite.org\\\/it\\\/#\\\/schema\\\/person\\\/427567b2eccfc2dd7d206da186a1f438\",\"name\":\"admin\",\"image\":{\"@type\":\"ImageObject\",\"inLanguage\":\"it-IT\",\"@id\":\"https:\\\/\\\/secure.gravatar.com\\\/avatar\\\/948b492cce32b586ac2db0eaa926ee87024f7afe218d73b397ea5ddfc5f43ea1?s=96&d=mm&r=g\",\"url\":\"https:\\\/\\\/secure.gravatar.com\\\/avatar\\\/948b492cce32b586ac2db0eaa926ee87024f7afe218d73b397ea5ddfc5f43ea1?s=96&d=mm&r=g\",\"contentUrl\":\"https:\\\/\\\/secure.gravatar.com\\\/avatar\\\/948b492cce32b586ac2db0eaa926ee87024f7afe218d73b397ea5ddfc5f43ea1?s=96&d=mm&r=g\",\"caption\":\"admin\"},\"sameAs\":[\"https:\\\/\\\/filles-de-la-charite.org\"],\"url\":\"https:\\\/\\\/filles-de-la-charite.org\\\/it\\\/author\\\/caridad\\\/\"}]}<\/script>\n<!-- \/ Yoast SEO plugin. -->","yoast_head_json":{"title":"Pellegrini con Maria: A 190 anni delle apparizioni della Vergine Maria a Santa Caterina Labour\u00e9 - Filles de la Charit\u00e9","robots":{"index":"index","follow":"follow","max-snippet":"max-snippet:-1","max-image-preview":"max-image-preview:large","max-video-preview":"max-video-preview:-1"},"canonical":"https:\/\/filles-de-la-charite.org\/it\/pellegrini-con-maria-a-190-anni-delle-apparizioni-della-vergine-maria-a-santa-caterina-laboure\/","og_locale":"it_IT","og_type":"article","og_title":"Pellegrini con Maria: A 190 anni delle apparizioni della Vergine Maria a Santa Caterina Labour\u00e9 - Filles de la Charit\u00e9","og_description":"Il Santo Padre Francesco ha benedetto la Sacra effigie della Beata Vergine Maria Immacolata della Medaglia Miracolosa mercoled\u00ec 11 novembre in Vaticano alla presenza del Superiore Generale della Congregazione della Missione, p. Toma\u017e Mavri\u010d e di una piccola delegazione che organizza il Pellegrinaggio di Maria che&nbsp; visita le Comunit\u00e0 in Italia in occasione del 190\u00b0 [&hellip;]","og_url":"https:\/\/filles-de-la-charite.org\/it\/pellegrini-con-maria-a-190-anni-delle-apparizioni-della-vergine-maria-a-santa-caterina-laboure\/","og_site_name":"Filles de la Charit\u00e9","article_published_time":"2020-12-01T09:30:43+00:00","article_modified_time":"2024-03-17T17:30:21+00:00","og_image":[{"width":1024,"height":683,"url":"https:\/\/filles-de-la-charite.org\/wp-content\/uploads\/2023\/06\/1-1024x683.png","type":"image\/png"}],"author":"admin","twitter_card":"summary_large_image","twitter_misc":{"Scritto da":"admin","Tempo di lettura stimato":"2 minuti"},"schema":{"@context":"https:\/\/schema.org","@graph":[{"@type":"Article","@id":"https:\/\/filles-de-la-charite.org\/it\/pellegrini-con-maria-a-190-anni-delle-apparizioni-della-vergine-maria-a-santa-caterina-laboure\/#article","isPartOf":{"@id":"https:\/\/filles-de-la-charite.org\/it\/pellegrini-con-maria-a-190-anni-delle-apparizioni-della-vergine-maria-a-santa-caterina-laboure\/"},"author":{"name":"admin","@id":"https:\/\/filles-de-la-charite.org\/it\/#\/schema\/person\/427567b2eccfc2dd7d206da186a1f438"},"headline":"Pellegrini con Maria: A 190 anni delle apparizioni della Vergine Maria a Santa Caterina Labour\u00e9","datePublished":"2020-12-01T09:30:43+00:00","dateModified":"2024-03-17T17:30:21+00:00","mainEntityOfPage":{"@id":"https:\/\/filles-de-la-charite.org\/it\/pellegrini-con-maria-a-190-anni-delle-apparizioni-della-vergine-maria-a-santa-caterina-laboure\/"},"wordCount":429,"publisher":{"@id":"https:\/\/filles-de-la-charite.org\/it\/#organization"},"image":{"@id":"https:\/\/filles-de-la-charite.org\/it\/pellegrini-con-maria-a-190-anni-delle-apparizioni-della-vergine-maria-a-santa-caterina-laboure\/#primaryimage"},"thumbnailUrl":"https:\/\/filles-de-la-charite.org\/wp-content\/uploads\/2023\/06\/1.png","articleSection":["San Vincenzo &#8211; Italia"],"inLanguage":"it-IT"},{"@type":"WebPage","@id":"https:\/\/filles-de-la-charite.org\/it\/pellegrini-con-maria-a-190-anni-delle-apparizioni-della-vergine-maria-a-santa-caterina-laboure\/","url":"https:\/\/filles-de-la-charite.org\/it\/pellegrini-con-maria-a-190-anni-delle-apparizioni-della-vergine-maria-a-santa-caterina-laboure\/","name":"Pellegrini con Maria: A 190 anni delle apparizioni della Vergine Maria a Santa Caterina Labour\u00e9 - Filles de la Charit\u00e9","isPartOf":{"@id":"https:\/\/filles-de-la-charite.org\/it\/#website"},"primaryImageOfPage":{"@id":"https:\/\/filles-de-la-charite.org\/it\/pellegrini-con-maria-a-190-anni-delle-apparizioni-della-vergine-maria-a-santa-caterina-laboure\/#primaryimage"},"image":{"@id":"https:\/\/filles-de-la-charite.org\/it\/pellegrini-con-maria-a-190-anni-delle-apparizioni-della-vergine-maria-a-santa-caterina-laboure\/#primaryimage"},"thumbnailUrl":"https:\/\/filles-de-la-charite.org\/wp-content\/uploads\/2023\/06\/1.png","datePublished":"2020-12-01T09:30:43+00:00","dateModified":"2024-03-17T17:30:21+00:00","breadcrumb":{"@id":"https:\/\/filles-de-la-charite.org\/it\/pellegrini-con-maria-a-190-anni-delle-apparizioni-della-vergine-maria-a-santa-caterina-laboure\/#breadcrumb"},"inLanguage":"it-IT","potentialAction":[{"@type":"ReadAction","target":["https:\/\/filles-de-la-charite.org\/it\/pellegrini-con-maria-a-190-anni-delle-apparizioni-della-vergine-maria-a-santa-caterina-laboure\/"]}]},{"@type":"ImageObject","inLanguage":"it-IT","@id":"https:\/\/filles-de-la-charite.org\/it\/pellegrini-con-maria-a-190-anni-delle-apparizioni-della-vergine-maria-a-santa-caterina-laboure\/#primaryimage","url":"https:\/\/filles-de-la-charite.org\/wp-content\/uploads\/2023\/06\/1.png","contentUrl":"https:\/\/filles-de-la-charite.org\/wp-content\/uploads\/2023\/06\/1.png","width":1771,"height":1181},{"@type":"BreadcrumbList","@id":"https:\/\/filles-de-la-charite.org\/it\/pellegrini-con-maria-a-190-anni-delle-apparizioni-della-vergine-maria-a-santa-caterina-laboure\/#breadcrumb","itemListElement":[{"@type":"ListItem","position":1,"name":"San Vincenzo &#8211; Italia","item":"https:\/\/filles-de-la-charite.org\/it\/category\/san-vincenzo-italia-it\/"},{"@type":"ListItem","position":2,"name":"Pellegrini con Maria: A 190 anni delle apparizioni della Vergine Maria a Santa Caterina Labour\u00e9"}]},{"@type":"WebSite","@id":"https:\/\/filles-de-la-charite.org\/it\/#website","url":"https:\/\/filles-de-la-charite.org\/it\/","name":"Hijas de la Caridad","description":"L\u2019amour de J\u00e9sus nous presse \u00e0 prendre soin des personnes les plus d\u00e9munies","publisher":{"@id":"https:\/\/filles-de-la-charite.org\/it\/#organization"},"potentialAction":[{"@type":"SearchAction","target":{"@type":"EntryPoint","urlTemplate":"https:\/\/filles-de-la-charite.org\/it\/?s={search_term_string}"},"query-input":{"@type":"PropertyValueSpecification","valueRequired":true,"valueName":"search_term_string"}}],"inLanguage":"it-IT"},{"@type":"Organization","@id":"https:\/\/filles-de-la-charite.org\/it\/#organization","name":"Hijas de la Caridad","url":"https:\/\/filles-de-la-charite.org\/it\/","logo":{"@type":"ImageObject","inLanguage":"it-IT","@id":"https:\/\/filles-de-la-charite.org\/it\/#\/schema\/logo\/image\/","url":"https:\/\/filles-de-la-charite.org\/wp-content\/uploads\/2023\/03\/isotipo-Hijas-de-la-Caridad.png","contentUrl":"https:\/\/filles-de-la-charite.org\/wp-content\/uploads\/2023\/03\/isotipo-Hijas-de-la-Caridad.png","width":1417,"height":1417,"caption":"Hijas de la Caridad"},"image":{"@id":"https:\/\/filles-de-la-charite.org\/it\/#\/schema\/logo\/image\/"}},{"@type":"Person","@id":"https:\/\/filles-de-la-charite.org\/it\/#\/schema\/person\/427567b2eccfc2dd7d206da186a1f438","name":"admin","image":{"@type":"ImageObject","inLanguage":"it-IT","@id":"https:\/\/secure.gravatar.com\/avatar\/948b492cce32b586ac2db0eaa926ee87024f7afe218d73b397ea5ddfc5f43ea1?s=96&d=mm&r=g","url":"https:\/\/secure.gravatar.com\/avatar\/948b492cce32b586ac2db0eaa926ee87024f7afe218d73b397ea5ddfc5f43ea1?s=96&d=mm&r=g","contentUrl":"https:\/\/secure.gravatar.com\/avatar\/948b492cce32b586ac2db0eaa926ee87024f7afe218d73b397ea5ddfc5f43ea1?s=96&d=mm&r=g","caption":"admin"},"sameAs":["https:\/\/filles-de-la-charite.org"],"url":"https:\/\/filles-de-la-charite.org\/it\/author\/caridad\/"}]}},"_links":{"self":[{"href":"https:\/\/filles-de-la-charite.org\/it\/wp-json\/wp\/v2\/posts\/23167","targetHints":{"allow":["GET"]}}],"collection":[{"href":"https:\/\/filles-de-la-charite.org\/it\/wp-json\/wp\/v2\/posts"}],"about":[{"href":"https:\/\/filles-de-la-charite.org\/it\/wp-json\/wp\/v2\/types\/post"}],"author":[{"embeddable":true,"href":"https:\/\/filles-de-la-charite.org\/it\/wp-json\/wp\/v2\/users\/1"}],"replies":[{"embeddable":true,"href":"https:\/\/filles-de-la-charite.org\/it\/wp-json\/wp\/v2\/comments?post=23167"}],"version-history":[{"count":1,"href":"https:\/\/filles-de-la-charite.org\/it\/wp-json\/wp\/v2\/posts\/23167\/revisions"}],"predecessor-version":[{"id":23198,"href":"https:\/\/filles-de-la-charite.org\/it\/wp-json\/wp\/v2\/posts\/23167\/revisions\/23198"}],"wp:featuredmedia":[{"embeddable":true,"href":"https:\/\/filles-de-la-charite.org\/it\/wp-json\/wp\/v2\/media\/15235"}],"wp:attachment":[{"href":"https:\/\/filles-de-la-charite.org\/it\/wp-json\/wp\/v2\/media?parent=23167"}],"wp:term":[{"taxonomy":"category","embeddable":true,"href":"https:\/\/filles-de-la-charite.org\/it\/wp-json\/wp\/v2\/categories?post=23167"},{"taxonomy":"post_tag","embeddable":true,"href":"https:\/\/filles-de-la-charite.org\/it\/wp-json\/wp\/v2\/tags?post=23167"}],"curies":[{"name":"wp","href":"https:\/\/api.w.org\/{rel}","templated":true}]}}