{"id":23206,"date":"2020-12-17T13:28:21","date_gmt":"2020-12-17T12:28:21","guid":{"rendered":"https:\/\/hijascaridad.sjdigitaldemo.ovh\/diouroup-senegal-storia-di-una-nuova-missione\/"},"modified":"2024-03-17T18:05:20","modified_gmt":"2024-03-17T17:05:20","slug":"diouroup-senegal-storia-di-una-nuova-missione","status":"publish","type":"post","link":"https:\/\/filles-de-la-charite.org\/it\/diouroup-senegal-storia-di-una-nuova-missione\/","title":{"rendered":"Diouroup, Senegal: storia di una nuova missione"},"content":{"rendered":"\n<figure class=\"wp-block-image alignwide size-large\"><img decoding=\"async\" src=\"https:\/\/filles-de-la-charite.org\/wp-content\/uploads\/2023\/06\/2-13-1-1024x768.jpg\" alt=\"\" class=\"wp-image-60016\"\/><\/figure>\n\n\n\n<p>In occasione del 387\u00b0 anniversario della fondazione della Compagnia delle Figlie della Carit\u00e0, la Comunit\u00e0 di cinque suore di quattro diverse nazionalit\u00e0 di Nouakchott, Mauritania, ha concretizzato il desiderio di molte altre che volevano andare un po&#8217; pi\u00f9 lontano per incontrare Cristo nei poveri. La Divina Provvidenza ha diretto il cammino e le ha condotte a Diouroup, in Senegal.<\/p>\n\n\n\n<p>Per pi\u00f9 di un anno la Provincia Spagna-Sud ha intrapreso un processo di discernimento al termine del quale il Consiglio Generale ha approvato e accolto con gioia e speranza questa nuova realt\u00e0.<\/p>\n\n\n\n<div class=\"wp-block-image\"><figure class=\"aligncenter size-large\"><img decoding=\"async\" src=\"https:\/\/filles-de-la-charite.org\/wp-content\/uploads\/2023\/06\/3-5-1.jpg\" alt=\"\" class=\"wp-image-60017\"\/><\/figure><\/div>\n\n\n\n<p>Il Senegal \u00e8 uno Stato laico ed \u00e8 noto per la sua tolleranza religiosa; la sua popolazione \u00e8 composta per il 94% da musulmani e per il 6% da cattolici. La Chiesa cattolica ha 7 diocesi; Diouroup appartiene alla diocesi di Dakar, citt\u00e0 dove non \u00e8 presente alcuna comunit\u00e0 religiosa.<\/p>\n\n\n\n<p>Papa Francesco, nel suo messaggio per la DOMUND 2020 (Giornata Missionaria Mondiale), ha detto: &#8220;Nella missione di evangelizzazione vi muovete perch\u00e9 lo Spirito Santo vi spinge e vi conduce&#8221;. Il 6 dicembre la comunit\u00e0 parrocchiale ha accolto con gioia e speranza tre suore, credendo che siano state mandate da Dio, che lo Spirito le abbia condotte a Diouroup. Grazie a loro, tutta la Compagnia delle Figlie della Carit\u00e0 \u00e8 presente in questa citt\u00e0 e la presenza della Chiesa cattolica si arricchisce di un nuovo carisma.<\/p>\n\n\n\n<div class=\"wp-block-image\"><figure class=\"aligncenter size-large\"><img decoding=\"async\" src=\"https:\/\/filles-de-la-charite.org\/wp-content\/uploads\/2023\/06\/7-4-1.jpg\" alt=\"\" class=\"wp-image-60018\"\/><\/figure><\/div>\n\n\n\n<p>C&#8217;\u00e8 un dettaglio importante da sottolineare: l&#8217;immagine e la devozione alla Vergine della Medaglia Miracolosa esisteva in questo luogo prima dell&#8217;arrivo delle Suore!<\/p>\n\n\n\n<p>\u00c8 chiaro allora chi veglier\u00e0 su questa Comunit\u00e0 e sulla sua missione. Ringraziamo Dio per la Sua ispirazione, illuminazione e protezione e la Santa Vergine per la sua intercessione.<\/p>\n\n\n\n<figure class=\"wp-block-gallery aligncenter columns-3 is-cropped wp-block-gallery-1 is-layout-flex wp-block-gallery-is-layout-flex\"><ul class=\"blocks-gallery-grid\"><li class=\"blocks-gallery-item\"><figure><img decoding=\"async\" src=\"https:\/\/filles-de-la-charite.org\/wp-content\/uploads\/2023\/06\/8-5-1.jpg\" alt=\"\" data-id=\"60019\" data-full-url=\"https:\/\/filles-de-la-charite.org\/wp-content\/uploads\/2023\/06\/8-5-1.jpg\" data-link=\"https:\/\/www.filles-de-la-charite.org\/?attachment_id=60019\" class=\"wp-image-60019\"\/><\/figure><\/li><li class=\"blocks-gallery-item\"><figure><img decoding=\"async\" src=\"https:\/\/filles-de-la-charite.org\/wp-content\/uploads\/2023\/06\/6-5-1.jpg\" alt=\"\" data-id=\"60022\" data-full-url=\"https:\/\/filles-de-la-charite.org\/wp-content\/uploads\/2023\/06\/6-5-1.jpg\" data-link=\"https:\/\/www.filles-de-la-charite.org\/?attachment_id=60022\" class=\"wp-image-60022\"\/><\/figure><\/li><li class=\"blocks-gallery-item\"><figure><img decoding=\"async\" src=\"https:\/\/filles-de-la-charite.org\/wp-content\/uploads\/2023\/06\/5-14-1-768x1024.jpg\" alt=\"\" data-id=\"60021\" data-full-url=\"https:\/\/filles-de-la-charite.org\/wp-content\/uploads\/2023\/06\/5-14-1.jpg\" data-link=\"https:\/\/www.filles-de-la-charite.org\/?attachment_id=60021\" class=\"wp-image-60021\"\/><\/figure><\/li><li class=\"blocks-gallery-item\"><figure><img decoding=\"async\" src=\"https:\/\/filles-de-la-charite.org\/wp-content\/uploads\/2023\/06\/4-12-1-1024x576.jpg\" alt=\"\" data-id=\"60020\" data-full-url=\"https:\/\/filles-de-la-charite.org\/wp-content\/uploads\/2023\/06\/4-12-1.jpg\" data-link=\"https:\/\/www.filles-de-la-charite.org\/?attachment_id=60020\" class=\"wp-image-60020\"\/><\/figure><\/li><\/ul><\/figure>\n","protected":false},"excerpt":{"rendered":"<p>In occasione del 387\u00b0 anniversario della fondazione della Compagnia delle Figlie della Carit\u00e0, la Comunit\u00e0 di cinque suore di quattro diverse nazionalit\u00e0 di Nouakchott, Mauritania, ha concretizzato il desiderio di molte altre che volevano andare un po&#8217; pi\u00f9 lontano per incontrare Cristo nei poveri. La Divina Provvidenza ha diretto il cammino e le ha condotte [&hellip;]<\/p>\n","protected":false},"author":1,"featured_media":15310,"comment_status":"closed","ping_status":"closed","sticky":false,"template":"","format":"standard","meta":{"_acf_changed":false,"_et_pb_use_builder":"","_et_pb_old_content":"","_et_gb_content_width":"","footnotes":"","_links_to":"","_links_to_target":""},"categories":[805],"tags":[],"class_list":["post-23206","post","type-post","status-publish","format-standard","has-post-thumbnail","hentry","category-espana-sur-it"],"acf":[],"yoast_head":"<!-- This site is optimized with the Yoast SEO plugin v27.5 - https:\/\/yoast.com\/product\/yoast-seo-wordpress\/ -->\n<title>Diouroup, Senegal: storia di una nuova missione - Filles de la Charit\u00e9<\/title>\n<meta name=\"robots\" content=\"index, follow, max-snippet:-1, max-image-preview:large, max-video-preview:-1\" \/>\n<link rel=\"canonical\" href=\"https:\/\/filles-de-la-charite.org\/it\/diouroup-senegal-storia-di-una-nuova-missione\/\" \/>\n<meta property=\"og:locale\" content=\"it_IT\" \/>\n<meta property=\"og:type\" content=\"article\" \/>\n<meta property=\"og:title\" content=\"Diouroup, Senegal: storia di una nuova missione - Filles de la Charit\u00e9\" \/>\n<meta property=\"og:description\" content=\"In occasione del 387\u00b0 anniversario della fondazione della Compagnia delle Figlie della Carit\u00e0, la Comunit\u00e0 di cinque suore di quattro diverse nazionalit\u00e0 di Nouakchott, Mauritania, ha concretizzato il desiderio di molte altre che volevano andare un po&#8217; pi\u00f9 lontano per incontrare Cristo nei poveri. La Divina Provvidenza ha diretto il cammino e le ha condotte [&hellip;]\" \/>\n<meta property=\"og:url\" content=\"https:\/\/filles-de-la-charite.org\/it\/diouroup-senegal-storia-di-una-nuova-missione\/\" \/>\n<meta property=\"og:site_name\" content=\"Filles de la Charit\u00e9\" \/>\n<meta property=\"article:published_time\" content=\"2020-12-17T12:28:21+00:00\" \/>\n<meta property=\"article:modified_time\" content=\"2024-03-17T17:05:20+00:00\" \/>\n<meta property=\"og:image\" content=\"https:\/\/filles-de-la-charite.org\/wp-content\/uploads\/2023\/06\/1-1.jpg\" \/>\n\t<meta property=\"og:image:width\" content=\"810\" \/>\n\t<meta property=\"og:image:height\" content=\"1080\" \/>\n\t<meta property=\"og:image:type\" content=\"image\/jpeg\" \/>\n<meta name=\"author\" content=\"admin\" \/>\n<meta name=\"twitter:card\" content=\"summary_large_image\" \/>\n<meta name=\"twitter:label1\" content=\"Scritto da\" \/>\n\t<meta name=\"twitter:data1\" content=\"admin\" \/>\n\t<meta name=\"twitter:label2\" content=\"Tempo di lettura stimato\" \/>\n\t<meta name=\"twitter:data2\" content=\"1 minuto\" \/>\n<script type=\"application\/ld+json\" class=\"yoast-schema-graph\">{\"@context\":\"https:\\\/\\\/schema.org\",\"@graph\":[{\"@type\":\"Article\",\"@id\":\"https:\\\/\\\/filles-de-la-charite.org\\\/it\\\/diouroup-senegal-storia-di-una-nuova-missione\\\/#article\",\"isPartOf\":{\"@id\":\"https:\\\/\\\/filles-de-la-charite.org\\\/it\\\/diouroup-senegal-storia-di-una-nuova-missione\\\/\"},\"author\":{\"name\":\"admin\",\"@id\":\"https:\\\/\\\/filles-de-la-charite.org\\\/it\\\/#\\\/schema\\\/person\\\/427567b2eccfc2dd7d206da186a1f438\"},\"headline\":\"Diouroup, Senegal: storia di una nuova missione\",\"datePublished\":\"2020-12-17T12:28:21+00:00\",\"dateModified\":\"2024-03-17T17:05:20+00:00\",\"mainEntityOfPage\":{\"@id\":\"https:\\\/\\\/filles-de-la-charite.org\\\/it\\\/diouroup-senegal-storia-di-una-nuova-missione\\\/\"},\"wordCount\":275,\"publisher\":{\"@id\":\"https:\\\/\\\/filles-de-la-charite.org\\\/it\\\/#organization\"},\"image\":{\"@id\":\"https:\\\/\\\/filles-de-la-charite.org\\\/it\\\/diouroup-senegal-storia-di-una-nuova-missione\\\/#primaryimage\"},\"thumbnailUrl\":\"https:\\\/\\\/filles-de-la-charite.org\\\/wp-content\\\/uploads\\\/2023\\\/06\\\/1-1.jpg\",\"articleSection\":[\"Espa\u00f1a-Sur\"],\"inLanguage\":\"it-IT\"},{\"@type\":\"WebPage\",\"@id\":\"https:\\\/\\\/filles-de-la-charite.org\\\/it\\\/diouroup-senegal-storia-di-una-nuova-missione\\\/\",\"url\":\"https:\\\/\\\/filles-de-la-charite.org\\\/it\\\/diouroup-senegal-storia-di-una-nuova-missione\\\/\",\"name\":\"Diouroup, Senegal: storia di una nuova missione - Filles de la Charit\u00e9\",\"isPartOf\":{\"@id\":\"https:\\\/\\\/filles-de-la-charite.org\\\/it\\\/#website\"},\"primaryImageOfPage\":{\"@id\":\"https:\\\/\\\/filles-de-la-charite.org\\\/it\\\/diouroup-senegal-storia-di-una-nuova-missione\\\/#primaryimage\"},\"image\":{\"@id\":\"https:\\\/\\\/filles-de-la-charite.org\\\/it\\\/diouroup-senegal-storia-di-una-nuova-missione\\\/#primaryimage\"},\"thumbnailUrl\":\"https:\\\/\\\/filles-de-la-charite.org\\\/wp-content\\\/uploads\\\/2023\\\/06\\\/1-1.jpg\",\"datePublished\":\"2020-12-17T12:28:21+00:00\",\"dateModified\":\"2024-03-17T17:05:20+00:00\",\"breadcrumb\":{\"@id\":\"https:\\\/\\\/filles-de-la-charite.org\\\/it\\\/diouroup-senegal-storia-di-una-nuova-missione\\\/#breadcrumb\"},\"inLanguage\":\"it-IT\",\"potentialAction\":[{\"@type\":\"ReadAction\",\"target\":[\"https:\\\/\\\/filles-de-la-charite.org\\\/it\\\/diouroup-senegal-storia-di-una-nuova-missione\\\/\"]}]},{\"@type\":\"ImageObject\",\"inLanguage\":\"it-IT\",\"@id\":\"https:\\\/\\\/filles-de-la-charite.org\\\/it\\\/diouroup-senegal-storia-di-una-nuova-missione\\\/#primaryimage\",\"url\":\"https:\\\/\\\/filles-de-la-charite.org\\\/wp-content\\\/uploads\\\/2023\\\/06\\\/1-1.jpg\",\"contentUrl\":\"https:\\\/\\\/filles-de-la-charite.org\\\/wp-content\\\/uploads\\\/2023\\\/06\\\/1-1.jpg\",\"width\":810,\"height\":1080},{\"@type\":\"BreadcrumbList\",\"@id\":\"https:\\\/\\\/filles-de-la-charite.org\\\/it\\\/diouroup-senegal-storia-di-una-nuova-missione\\\/#breadcrumb\",\"itemListElement\":[{\"@type\":\"ListItem\",\"position\":1,\"name\":\"Rio de Janeiro - Brasile\",\"item\":\"https:\\\/\\\/filles-de-la-charite.org\\\/it\\\/category\\\/rio-de-janeiro-brasile-it\\\/\"},{\"@type\":\"ListItem\",\"position\":2,\"name\":\"Diouroup, Senegal: storia di una nuova missione\"}]},{\"@type\":\"WebSite\",\"@id\":\"https:\\\/\\\/filles-de-la-charite.org\\\/it\\\/#website\",\"url\":\"https:\\\/\\\/filles-de-la-charite.org\\\/it\\\/\",\"name\":\"Hijas de la Caridad\",\"description\":\"L\u2019amour de J\u00e9sus nous presse \u00e0 prendre soin des personnes les plus d\u00e9munies\",\"publisher\":{\"@id\":\"https:\\\/\\\/filles-de-la-charite.org\\\/it\\\/#organization\"},\"potentialAction\":[{\"@type\":\"SearchAction\",\"target\":{\"@type\":\"EntryPoint\",\"urlTemplate\":\"https:\\\/\\\/filles-de-la-charite.org\\\/it\\\/?s={search_term_string}\"},\"query-input\":{\"@type\":\"PropertyValueSpecification\",\"valueRequired\":true,\"valueName\":\"search_term_string\"}}],\"inLanguage\":\"it-IT\"},{\"@type\":\"Organization\",\"@id\":\"https:\\\/\\\/filles-de-la-charite.org\\\/it\\\/#organization\",\"name\":\"Hijas de la Caridad\",\"url\":\"https:\\\/\\\/filles-de-la-charite.org\\\/it\\\/\",\"logo\":{\"@type\":\"ImageObject\",\"inLanguage\":\"it-IT\",\"@id\":\"https:\\\/\\\/filles-de-la-charite.org\\\/it\\\/#\\\/schema\\\/logo\\\/image\\\/\",\"url\":\"https:\\\/\\\/filles-de-la-charite.org\\\/wp-content\\\/uploads\\\/2023\\\/03\\\/isotipo-Hijas-de-la-Caridad.png\",\"contentUrl\":\"https:\\\/\\\/filles-de-la-charite.org\\\/wp-content\\\/uploads\\\/2023\\\/03\\\/isotipo-Hijas-de-la-Caridad.png\",\"width\":1417,\"height\":1417,\"caption\":\"Hijas de la Caridad\"},\"image\":{\"@id\":\"https:\\\/\\\/filles-de-la-charite.org\\\/it\\\/#\\\/schema\\\/logo\\\/image\\\/\"}},{\"@type\":\"Person\",\"@id\":\"https:\\\/\\\/filles-de-la-charite.org\\\/it\\\/#\\\/schema\\\/person\\\/427567b2eccfc2dd7d206da186a1f438\",\"name\":\"admin\",\"image\":{\"@type\":\"ImageObject\",\"inLanguage\":\"it-IT\",\"@id\":\"https:\\\/\\\/secure.gravatar.com\\\/avatar\\\/948b492cce32b586ac2db0eaa926ee87024f7afe218d73b397ea5ddfc5f43ea1?s=96&d=mm&r=g\",\"url\":\"https:\\\/\\\/secure.gravatar.com\\\/avatar\\\/948b492cce32b586ac2db0eaa926ee87024f7afe218d73b397ea5ddfc5f43ea1?s=96&d=mm&r=g\",\"contentUrl\":\"https:\\\/\\\/secure.gravatar.com\\\/avatar\\\/948b492cce32b586ac2db0eaa926ee87024f7afe218d73b397ea5ddfc5f43ea1?s=96&d=mm&r=g\",\"caption\":\"admin\"},\"sameAs\":[\"https:\\\/\\\/filles-de-la-charite.org\"],\"url\":\"https:\\\/\\\/filles-de-la-charite.org\\\/it\\\/author\\\/caridad\\\/\"}]}<\/script>\n<!-- \/ Yoast SEO plugin. -->","yoast_head_json":{"title":"Diouroup, Senegal: storia di una nuova missione - Filles de la Charit\u00e9","robots":{"index":"index","follow":"follow","max-snippet":"max-snippet:-1","max-image-preview":"max-image-preview:large","max-video-preview":"max-video-preview:-1"},"canonical":"https:\/\/filles-de-la-charite.org\/it\/diouroup-senegal-storia-di-una-nuova-missione\/","og_locale":"it_IT","og_type":"article","og_title":"Diouroup, Senegal: storia di una nuova missione - Filles de la Charit\u00e9","og_description":"In occasione del 387\u00b0 anniversario della fondazione della Compagnia delle Figlie della Carit\u00e0, la Comunit\u00e0 di cinque suore di quattro diverse nazionalit\u00e0 di Nouakchott, Mauritania, ha concretizzato il desiderio di molte altre che volevano andare un po&#8217; pi\u00f9 lontano per incontrare Cristo nei poveri. La Divina Provvidenza ha diretto il cammino e le ha condotte [&hellip;]","og_url":"https:\/\/filles-de-la-charite.org\/it\/diouroup-senegal-storia-di-una-nuova-missione\/","og_site_name":"Filles de la Charit\u00e9","article_published_time":"2020-12-17T12:28:21+00:00","article_modified_time":"2024-03-17T17:05:20+00:00","og_image":[{"width":810,"height":1080,"url":"https:\/\/filles-de-la-charite.org\/wp-content\/uploads\/2023\/06\/1-1.jpg","type":"image\/jpeg"}],"author":"admin","twitter_card":"summary_large_image","twitter_misc":{"Scritto da":"admin","Tempo di lettura stimato":"1 minuto"},"schema":{"@context":"https:\/\/schema.org","@graph":[{"@type":"Article","@id":"https:\/\/filles-de-la-charite.org\/it\/diouroup-senegal-storia-di-una-nuova-missione\/#article","isPartOf":{"@id":"https:\/\/filles-de-la-charite.org\/it\/diouroup-senegal-storia-di-una-nuova-missione\/"},"author":{"name":"admin","@id":"https:\/\/filles-de-la-charite.org\/it\/#\/schema\/person\/427567b2eccfc2dd7d206da186a1f438"},"headline":"Diouroup, Senegal: storia di una nuova missione","datePublished":"2020-12-17T12:28:21+00:00","dateModified":"2024-03-17T17:05:20+00:00","mainEntityOfPage":{"@id":"https:\/\/filles-de-la-charite.org\/it\/diouroup-senegal-storia-di-una-nuova-missione\/"},"wordCount":275,"publisher":{"@id":"https:\/\/filles-de-la-charite.org\/it\/#organization"},"image":{"@id":"https:\/\/filles-de-la-charite.org\/it\/diouroup-senegal-storia-di-una-nuova-missione\/#primaryimage"},"thumbnailUrl":"https:\/\/filles-de-la-charite.org\/wp-content\/uploads\/2023\/06\/1-1.jpg","articleSection":["Espa\u00f1a-Sur"],"inLanguage":"it-IT"},{"@type":"WebPage","@id":"https:\/\/filles-de-la-charite.org\/it\/diouroup-senegal-storia-di-una-nuova-missione\/","url":"https:\/\/filles-de-la-charite.org\/it\/diouroup-senegal-storia-di-una-nuova-missione\/","name":"Diouroup, Senegal: storia di una nuova missione - Filles de la Charit\u00e9","isPartOf":{"@id":"https:\/\/filles-de-la-charite.org\/it\/#website"},"primaryImageOfPage":{"@id":"https:\/\/filles-de-la-charite.org\/it\/diouroup-senegal-storia-di-una-nuova-missione\/#primaryimage"},"image":{"@id":"https:\/\/filles-de-la-charite.org\/it\/diouroup-senegal-storia-di-una-nuova-missione\/#primaryimage"},"thumbnailUrl":"https:\/\/filles-de-la-charite.org\/wp-content\/uploads\/2023\/06\/1-1.jpg","datePublished":"2020-12-17T12:28:21+00:00","dateModified":"2024-03-17T17:05:20+00:00","breadcrumb":{"@id":"https:\/\/filles-de-la-charite.org\/it\/diouroup-senegal-storia-di-una-nuova-missione\/#breadcrumb"},"inLanguage":"it-IT","potentialAction":[{"@type":"ReadAction","target":["https:\/\/filles-de-la-charite.org\/it\/diouroup-senegal-storia-di-una-nuova-missione\/"]}]},{"@type":"ImageObject","inLanguage":"it-IT","@id":"https:\/\/filles-de-la-charite.org\/it\/diouroup-senegal-storia-di-una-nuova-missione\/#primaryimage","url":"https:\/\/filles-de-la-charite.org\/wp-content\/uploads\/2023\/06\/1-1.jpg","contentUrl":"https:\/\/filles-de-la-charite.org\/wp-content\/uploads\/2023\/06\/1-1.jpg","width":810,"height":1080},{"@type":"BreadcrumbList","@id":"https:\/\/filles-de-la-charite.org\/it\/diouroup-senegal-storia-di-una-nuova-missione\/#breadcrumb","itemListElement":[{"@type":"ListItem","position":1,"name":"Rio de Janeiro - Brasile","item":"https:\/\/filles-de-la-charite.org\/it\/category\/rio-de-janeiro-brasile-it\/"},{"@type":"ListItem","position":2,"name":"Diouroup, Senegal: storia di una nuova missione"}]},{"@type":"WebSite","@id":"https:\/\/filles-de-la-charite.org\/it\/#website","url":"https:\/\/filles-de-la-charite.org\/it\/","name":"Hijas de la Caridad","description":"L\u2019amour de J\u00e9sus nous presse \u00e0 prendre soin des personnes les plus d\u00e9munies","publisher":{"@id":"https:\/\/filles-de-la-charite.org\/it\/#organization"},"potentialAction":[{"@type":"SearchAction","target":{"@type":"EntryPoint","urlTemplate":"https:\/\/filles-de-la-charite.org\/it\/?s={search_term_string}"},"query-input":{"@type":"PropertyValueSpecification","valueRequired":true,"valueName":"search_term_string"}}],"inLanguage":"it-IT"},{"@type":"Organization","@id":"https:\/\/filles-de-la-charite.org\/it\/#organization","name":"Hijas de la Caridad","url":"https:\/\/filles-de-la-charite.org\/it\/","logo":{"@type":"ImageObject","inLanguage":"it-IT","@id":"https:\/\/filles-de-la-charite.org\/it\/#\/schema\/logo\/image\/","url":"https:\/\/filles-de-la-charite.org\/wp-content\/uploads\/2023\/03\/isotipo-Hijas-de-la-Caridad.png","contentUrl":"https:\/\/filles-de-la-charite.org\/wp-content\/uploads\/2023\/03\/isotipo-Hijas-de-la-Caridad.png","width":1417,"height":1417,"caption":"Hijas de la Caridad"},"image":{"@id":"https:\/\/filles-de-la-charite.org\/it\/#\/schema\/logo\/image\/"}},{"@type":"Person","@id":"https:\/\/filles-de-la-charite.org\/it\/#\/schema\/person\/427567b2eccfc2dd7d206da186a1f438","name":"admin","image":{"@type":"ImageObject","inLanguage":"it-IT","@id":"https:\/\/secure.gravatar.com\/avatar\/948b492cce32b586ac2db0eaa926ee87024f7afe218d73b397ea5ddfc5f43ea1?s=96&d=mm&r=g","url":"https:\/\/secure.gravatar.com\/avatar\/948b492cce32b586ac2db0eaa926ee87024f7afe218d73b397ea5ddfc5f43ea1?s=96&d=mm&r=g","contentUrl":"https:\/\/secure.gravatar.com\/avatar\/948b492cce32b586ac2db0eaa926ee87024f7afe218d73b397ea5ddfc5f43ea1?s=96&d=mm&r=g","caption":"admin"},"sameAs":["https:\/\/filles-de-la-charite.org"],"url":"https:\/\/filles-de-la-charite.org\/it\/author\/caridad\/"}]}},"_links":{"self":[{"href":"https:\/\/filles-de-la-charite.org\/it\/wp-json\/wp\/v2\/posts\/23206","targetHints":{"allow":["GET"]}}],"collection":[{"href":"https:\/\/filles-de-la-charite.org\/it\/wp-json\/wp\/v2\/posts"}],"about":[{"href":"https:\/\/filles-de-la-charite.org\/it\/wp-json\/wp\/v2\/types\/post"}],"author":[{"embeddable":true,"href":"https:\/\/filles-de-la-charite.org\/it\/wp-json\/wp\/v2\/users\/1"}],"replies":[{"embeddable":true,"href":"https:\/\/filles-de-la-charite.org\/it\/wp-json\/wp\/v2\/comments?post=23206"}],"version-history":[{"count":1,"href":"https:\/\/filles-de-la-charite.org\/it\/wp-json\/wp\/v2\/posts\/23206\/revisions"}],"predecessor-version":[{"id":23249,"href":"https:\/\/filles-de-la-charite.org\/it\/wp-json\/wp\/v2\/posts\/23206\/revisions\/23249"}],"wp:featuredmedia":[{"embeddable":true,"href":"https:\/\/filles-de-la-charite.org\/it\/wp-json\/wp\/v2\/media\/15310"}],"wp:attachment":[{"href":"https:\/\/filles-de-la-charite.org\/it\/wp-json\/wp\/v2\/media?parent=23206"}],"wp:term":[{"taxonomy":"category","embeddable":true,"href":"https:\/\/filles-de-la-charite.org\/it\/wp-json\/wp\/v2\/categories?post=23206"},{"taxonomy":"post_tag","embeddable":true,"href":"https:\/\/filles-de-la-charite.org\/it\/wp-json\/wp\/v2\/tags?post=23206"}],"curies":[{"name":"wp","href":"https:\/\/api.w.org\/{rel}","templated":true}]}}