{"id":23331,"date":"2021-03-03T11:55:33","date_gmt":"2021-03-03T10:55:33","guid":{"rendered":"https:\/\/hijascaridad.sjdigitaldemo.ovh\/una-famiglia-di-migranti-cerca-di-vivere-la-vita-in-pienezza\/"},"modified":"2023-06-23T09:57:22","modified_gmt":"2023-06-23T07:57:22","slug":"una-famiglia-di-migranti-cerca-di-vivere-la-vita-in-pienezza","status":"publish","type":"post","link":"https:\/\/filles-de-la-charite.org\/it\/una-famiglia-di-migranti-cerca-di-vivere-la-vita-in-pienezza\/","title":{"rendered":"Una famiglia di migranti cerca di vivere la vita in pienezza"},"content":{"rendered":"\n<p>Il padre di questa famiglia \u00e8 un ingegnere che ha lavorato duramente per poter garantire un tenore di vita conveniente a sua moglie e ai suoi figli. A causa della guerra nel suo paese, lui e la sua famiglia sono stati testimoni della morte crudele dei loro genitori e di altri parenti; hanno anche assistito impotenti all'incendio della loro casa e del loro negozio. Terrorizzati, sono fuggiti e hanno vissuto in un campo profughi per 9 mesi; sua moglie era incinta e ha dato alla luce un figlio durante questo periodo. Sono arrivati in Portogallo il 28 settembre 2016, con i bambini la cui et\u00e0 variava dai 3 mesi agli 8 anni.<\/p>\n\n\n\n<p>La famiglia \u00e8 giunta da noi attraverso la Piattaforma per i Rifugiati, un'organizzazione della societ\u00e0 civile che sostiene i rifugiati nell'attuale crisi umanitaria. Seguendo l'invito delle istituzioni pubbliche, private, religiose e civili a prenderci cura dei rifugiati, abbiamo accolto calorosamente la famiglia.&nbsp; Abbiamo preparato una casa con tre camere da letto in una citt\u00e0, assicurandoci che ci fosse tutto ci\u00f2 di cui avevano bisogno. Da allora, continuiamo ad accompagnare la famiglia.<\/p>\n\n\n\n<p>Abbiamo anche facilitato l'integrazione della famiglia nella societ\u00e0: con il sostegno materiale, finanziario, psicologico e sociale... andando con loro dai medici, collaborando alla crescita, all'educazione, alla salute e allo sviluppo dei bambini, aiutandoli ad ottenere il certificato di residenza, la patente di guida per il padre, offrendo loro l'uso di una macchina per andare al lavoro e per altre commissioni, e facendo in modo che un assistente sociale li assistesse nell'espletamento delle pratiche burocratiche; un contatto dalla Giordania ha collaborato con noi, in particolare nel lavoro di traduzione per permetterci di capire le loro necessit\u00e0.<\/p>\n\n\n\n<p>Nonostante i problemi da affrontare, la famiglia ha dimostrato capacit\u00e0 di inculturazione, organizzazione e volont\u00e0 di superare le difficolt\u00e0 della vita. Si \u00e8 trovato un lavoro per il padre rispondente alle sue competenze e, a poco a poco, i membri della famiglia hanno acquisito autonomia. I bambini hanno imparato la lingua e sono ben inseriti.&nbsp;<\/p>\n\n\n\n<p>\u00c8 stata una grande sfida e un'opportunit\u00e0 per noi sostenere i loro progressi e dar loro un certo senso di sicurezza.&nbsp; Si \u00e8 creato un legame fraterno tra noi e la famiglia attraverso l'attenzione costante, l'ascolto, l'interesse, l'animazione e la disponibilit\u00e0; tutto ci\u00f2 ha contribuito tanto alla guarigione delle ferite psicologiche, del dolore per l\u2019esilio e la separazione dagli altri membri della loro famiglia ed anche ad alleviare il peso della sofferenza.&nbsp; Per noi e per la famiglia \u00e8 stata un'avventura, una grande sfida! Tutto era cos\u00ec strano per loro e per noi: lingua, cultura, religione!&nbsp; Ci sono voluti quasi 5 anni in uno sforzo comune!<\/p>\n\n\n\n<div class=\"wp-block-image\"><figure class=\"aligncenter size-large\"><img decoding=\"async\" src=\"https:\/\/filles-de-la-charite.org\/wp-content\/uploads\/2023\/06\/4-1-1.jpg\" alt=\"\" class=\"wp-image-61466\" \/><\/figure><\/div>\n\n\n\n<p>Durante questo periodo di pandemia, \u00e8 stato dato anche un altro supporto: un computer e un portatile per i bambini e per le loro lezioni online. \u00c8 impossibile per una famiglia di 6 persone essere completamente autonoma avendo solo il padre che si guadagna da vivere. La madre soffre molto per una malattia alle ossa; un bambino ha difficolt\u00e0 di concentrazione e questo \u00e8 un problema che i suoi genitori cercano di superare con tanta fede.&nbsp;&nbsp;<\/p>\n\n\n\n<p>\u00c8 valsa la pena di accogliere questa famiglia che si \u00e8 ben integrata in Portogallo. La consideriamo un'esperienza estremamente positiva di condivisione e scambio, basata sul rispetto reciproco delle culture. Tali gesti continuano a segnare la vita di questa famiglia.&nbsp;<\/p>\n\n\n\n<p>Per noi, questo \u00e8 il significato della parola EPHATA, \"sii aperto\".&nbsp; Ci dice anche che \"Tutto quello che farete a uno solo di questi miei fratelli pi\u00f9 piccoli, lo farete a me\" (Mt 25,40).&nbsp; Ci viene chiesto di continuare ad essere pi\u00f9 profondamente radicati nella passione per i poveri, di vedere in loro il volto di Cristo. \"La Carit\u00e0 di Ges\u00f9 Crocifisso ci spinge\" a staccarci dal superfluo, a lasciare le nostre comodit\u00e0, per andare verso\u2026incontrare \u2026e servire i pi\u00f9 bisognosi.&nbsp;<\/p>\n\n\n\n<figure class=\"wp-block-image alignwide size-large\"><img decoding=\"async\" src=\"https:\/\/filles-de-la-charite.org\/wp-content\/uploads\/2023\/06\/3-1-1.jpg\" alt=\"\" class=\"wp-image-61469\" \/><\/figure>\n","protected":false},"excerpt":{"rendered":"<p>Il padre di questa famiglia \u00e8 un ingegnere che ha lavorato duramente per poter garantire un tenore di vita conveniente a sua moglie e ai suoi figli. A causa della guerra nel suo paese, lui e la sua famiglia sono stati testimoni della morte crudele dei loro genitori e di altri parenti; hanno anche assistito [&hellip;]<\/p>\n","protected":false},"author":1,"featured_media":15600,"comment_status":"closed","ping_status":"closed","sticky":false,"template":"","format":"standard","meta":{"_acf_changed":false,"footnotes":"","_links_to":"","_links_to_target":""},"categories":[487],"tags":[],"class_list":["post-23331","post","type-post","status-publish","format-standard","has-post-thumbnail","hentry","category-portogallo-it"],"acf":[],"yoast_head":"<!-- This site is optimized with the Yoast SEO plugin v27.5 - https:\/\/yoast.com\/product\/yoast-seo-wordpress\/ -->\n<title>Una famiglia di migranti cerca di vivere la vita in pienezza - Filles de la Charit\u00e9<\/title>\n<meta name=\"robots\" content=\"index, follow, max-snippet:-1, max-image-preview:large, max-video-preview:-1\" \/>\n<link rel=\"canonical\" href=\"https:\/\/filles-de-la-charite.org\/it\/una-famiglia-di-migranti-cerca-di-vivere-la-vita-in-pienezza\/\" \/>\n<meta property=\"og:locale\" content=\"it_IT\" \/>\n<meta property=\"og:type\" content=\"article\" \/>\n<meta property=\"og:title\" content=\"Una famiglia di migranti cerca di vivere la vita in pienezza - Filles de la Charit\u00e9\" \/>\n<meta property=\"og:description\" content=\"Il padre di questa famiglia \u00e8 un ingegnere che ha lavorato duramente per poter garantire un tenore di vita conveniente a sua moglie e ai suoi figli. A causa della guerra nel suo paese, lui e la sua famiglia sono stati testimoni della morte crudele dei loro genitori e di altri parenti; hanno anche assistito [&hellip;]\" \/>\n<meta property=\"og:url\" content=\"https:\/\/filles-de-la-charite.org\/it\/una-famiglia-di-migranti-cerca-di-vivere-la-vita-in-pienezza\/\" \/>\n<meta property=\"og:site_name\" content=\"Filles de la Charit\u00e9\" \/>\n<meta property=\"article:published_time\" content=\"2021-03-03T10:55:33+00:00\" \/>\n<meta property=\"article:modified_time\" content=\"2023-06-23T07:57:22+00:00\" \/>\n<meta property=\"og:image\" content=\"https:\/\/filles-de-la-charite.org\/wp-content\/uploads\/2023\/06\/1-1-1.jpg\" \/>\n\t<meta property=\"og:image:width\" content=\"751\" \/>\n\t<meta property=\"og:image:height\" content=\"447\" \/>\n\t<meta property=\"og:image:type\" content=\"image\/jpeg\" \/>\n<meta name=\"author\" content=\"admin\" \/>\n<meta name=\"twitter:card\" content=\"summary_large_image\" \/>\n<meta name=\"twitter:label1\" content=\"Scritto da\" \/>\n\t<meta name=\"twitter:data1\" content=\"admin\" \/>\n\t<meta name=\"twitter:label2\" content=\"Tempo di lettura stimato\" \/>\n\t<meta name=\"twitter:data2\" content=\"4 minuti\" \/>\n<script type=\"application\/ld+json\" class=\"yoast-schema-graph\">{\"@context\":\"https:\\\/\\\/schema.org\",\"@graph\":[{\"@type\":\"Article\",\"@id\":\"https:\\\/\\\/filles-de-la-charite.org\\\/it\\\/una-famiglia-di-migranti-cerca-di-vivere-la-vita-in-pienezza\\\/#article\",\"isPartOf\":{\"@id\":\"https:\\\/\\\/filles-de-la-charite.org\\\/it\\\/una-famiglia-di-migranti-cerca-di-vivere-la-vita-in-pienezza\\\/\"},\"author\":{\"name\":\"admin\",\"@id\":\"https:\\\/\\\/filles-de-la-charite.org\\\/it\\\/#\\\/schema\\\/person\\\/427567b2eccfc2dd7d206da186a1f438\"},\"headline\":\"Una famiglia di migranti cerca di vivere la vita in pienezza\",\"datePublished\":\"2021-03-03T10:55:33+00:00\",\"dateModified\":\"2023-06-23T07:57:22+00:00\",\"mainEntityOfPage\":{\"@id\":\"https:\\\/\\\/filles-de-la-charite.org\\\/it\\\/una-famiglia-di-migranti-cerca-di-vivere-la-vita-in-pienezza\\\/\"},\"wordCount\":655,\"publisher\":{\"@id\":\"https:\\\/\\\/filles-de-la-charite.org\\\/it\\\/#organization\"},\"image\":{\"@id\":\"https:\\\/\\\/filles-de-la-charite.org\\\/it\\\/una-famiglia-di-migranti-cerca-di-vivere-la-vita-in-pienezza\\\/#primaryimage\"},\"thumbnailUrl\":\"https:\\\/\\\/filles-de-la-charite.org\\\/wp-content\\\/uploads\\\/2023\\\/06\\\/1-1-1.jpg\",\"articleSection\":[\"Portogallo\"],\"inLanguage\":\"it-IT\"},{\"@type\":\"WebPage\",\"@id\":\"https:\\\/\\\/filles-de-la-charite.org\\\/it\\\/una-famiglia-di-migranti-cerca-di-vivere-la-vita-in-pienezza\\\/\",\"url\":\"https:\\\/\\\/filles-de-la-charite.org\\\/it\\\/una-famiglia-di-migranti-cerca-di-vivere-la-vita-in-pienezza\\\/\",\"name\":\"Una famiglia di migranti cerca di vivere la vita in pienezza - Filles de la Charit\u00e9\",\"isPartOf\":{\"@id\":\"https:\\\/\\\/filles-de-la-charite.org\\\/it\\\/#website\"},\"primaryImageOfPage\":{\"@id\":\"https:\\\/\\\/filles-de-la-charite.org\\\/it\\\/una-famiglia-di-migranti-cerca-di-vivere-la-vita-in-pienezza\\\/#primaryimage\"},\"image\":{\"@id\":\"https:\\\/\\\/filles-de-la-charite.org\\\/it\\\/una-famiglia-di-migranti-cerca-di-vivere-la-vita-in-pienezza\\\/#primaryimage\"},\"thumbnailUrl\":\"https:\\\/\\\/filles-de-la-charite.org\\\/wp-content\\\/uploads\\\/2023\\\/06\\\/1-1-1.jpg\",\"datePublished\":\"2021-03-03T10:55:33+00:00\",\"dateModified\":\"2023-06-23T07:57:22+00:00\",\"breadcrumb\":{\"@id\":\"https:\\\/\\\/filles-de-la-charite.org\\\/it\\\/una-famiglia-di-migranti-cerca-di-vivere-la-vita-in-pienezza\\\/#breadcrumb\"},\"inLanguage\":\"it-IT\",\"potentialAction\":[{\"@type\":\"ReadAction\",\"target\":[\"https:\\\/\\\/filles-de-la-charite.org\\\/it\\\/una-famiglia-di-migranti-cerca-di-vivere-la-vita-in-pienezza\\\/\"]}]},{\"@type\":\"ImageObject\",\"inLanguage\":\"it-IT\",\"@id\":\"https:\\\/\\\/filles-de-la-charite.org\\\/it\\\/una-famiglia-di-migranti-cerca-di-vivere-la-vita-in-pienezza\\\/#primaryimage\",\"url\":\"https:\\\/\\\/filles-de-la-charite.org\\\/wp-content\\\/uploads\\\/2023\\\/06\\\/1-1-1.jpg\",\"contentUrl\":\"https:\\\/\\\/filles-de-la-charite.org\\\/wp-content\\\/uploads\\\/2023\\\/06\\\/1-1-1.jpg\",\"width\":751,\"height\":447},{\"@type\":\"BreadcrumbList\",\"@id\":\"https:\\\/\\\/filles-de-la-charite.org\\\/it\\\/una-famiglia-di-migranti-cerca-di-vivere-la-vita-in-pienezza\\\/#breadcrumb\",\"itemListElement\":[{\"@type\":\"ListItem\",\"position\":1,\"name\":\"Portogallo\",\"item\":\"https:\\\/\\\/filles-de-la-charite.org\\\/it\\\/category\\\/portogallo-it\\\/\"},{\"@type\":\"ListItem\",\"position\":2,\"name\":\"Una famiglia di migranti cerca di vivere la vita in pienezza\"}]},{\"@type\":\"WebSite\",\"@id\":\"https:\\\/\\\/filles-de-la-charite.org\\\/it\\\/#website\",\"url\":\"https:\\\/\\\/filles-de-la-charite.org\\\/it\\\/\",\"name\":\"Hijas de la Caridad\",\"description\":\"L\u2019amour de J\u00e9sus nous presse \u00e0 prendre soin des personnes les plus d\u00e9munies\",\"publisher\":{\"@id\":\"https:\\\/\\\/filles-de-la-charite.org\\\/it\\\/#organization\"},\"potentialAction\":[{\"@type\":\"SearchAction\",\"target\":{\"@type\":\"EntryPoint\",\"urlTemplate\":\"https:\\\/\\\/filles-de-la-charite.org\\\/it\\\/?s={search_term_string}\"},\"query-input\":{\"@type\":\"PropertyValueSpecification\",\"valueRequired\":true,\"valueName\":\"search_term_string\"}}],\"inLanguage\":\"it-IT\"},{\"@type\":\"Organization\",\"@id\":\"https:\\\/\\\/filles-de-la-charite.org\\\/it\\\/#organization\",\"name\":\"Hijas de la Caridad\",\"url\":\"https:\\\/\\\/filles-de-la-charite.org\\\/it\\\/\",\"logo\":{\"@type\":\"ImageObject\",\"inLanguage\":\"it-IT\",\"@id\":\"https:\\\/\\\/filles-de-la-charite.org\\\/it\\\/#\\\/schema\\\/logo\\\/image\\\/\",\"url\":\"https:\\\/\\\/filles-de-la-charite.org\\\/wp-content\\\/uploads\\\/2023\\\/03\\\/isotipo-Hijas-de-la-Caridad.png\",\"contentUrl\":\"https:\\\/\\\/filles-de-la-charite.org\\\/wp-content\\\/uploads\\\/2023\\\/03\\\/isotipo-Hijas-de-la-Caridad.png\",\"width\":1417,\"height\":1417,\"caption\":\"Hijas de la Caridad\"},\"image\":{\"@id\":\"https:\\\/\\\/filles-de-la-charite.org\\\/it\\\/#\\\/schema\\\/logo\\\/image\\\/\"}},{\"@type\":\"Person\",\"@id\":\"https:\\\/\\\/filles-de-la-charite.org\\\/it\\\/#\\\/schema\\\/person\\\/427567b2eccfc2dd7d206da186a1f438\",\"name\":\"admin\",\"image\":{\"@type\":\"ImageObject\",\"inLanguage\":\"it-IT\",\"@id\":\"https:\\\/\\\/secure.gravatar.com\\\/avatar\\\/948b492cce32b586ac2db0eaa926ee87024f7afe218d73b397ea5ddfc5f43ea1?s=96&d=mm&r=g\",\"url\":\"https:\\\/\\\/secure.gravatar.com\\\/avatar\\\/948b492cce32b586ac2db0eaa926ee87024f7afe218d73b397ea5ddfc5f43ea1?s=96&d=mm&r=g\",\"contentUrl\":\"https:\\\/\\\/secure.gravatar.com\\\/avatar\\\/948b492cce32b586ac2db0eaa926ee87024f7afe218d73b397ea5ddfc5f43ea1?s=96&d=mm&r=g\",\"caption\":\"admin\"},\"sameAs\":[\"https:\\\/\\\/filles-de-la-charite.org\"],\"url\":\"https:\\\/\\\/filles-de-la-charite.org\\\/it\\\/author\\\/caridad\\\/\"}]}<\/script>\n<!-- \/ Yoast SEO plugin. -->","yoast_head_json":{"title":"Una famiglia di migranti cerca di vivere la vita in pienezza - Filles de la Charit\u00e9","robots":{"index":"index","follow":"follow","max-snippet":"max-snippet:-1","max-image-preview":"max-image-preview:large","max-video-preview":"max-video-preview:-1"},"canonical":"https:\/\/filles-de-la-charite.org\/it\/una-famiglia-di-migranti-cerca-di-vivere-la-vita-in-pienezza\/","og_locale":"it_IT","og_type":"article","og_title":"Una famiglia di migranti cerca di vivere la vita in pienezza - Filles de la Charit\u00e9","og_description":"Il padre di questa famiglia \u00e8 un ingegnere che ha lavorato duramente per poter garantire un tenore di vita conveniente a sua moglie e ai suoi figli. A causa della guerra nel suo paese, lui e la sua famiglia sono stati testimoni della morte crudele dei loro genitori e di altri parenti; hanno anche assistito [&hellip;]","og_url":"https:\/\/filles-de-la-charite.org\/it\/una-famiglia-di-migranti-cerca-di-vivere-la-vita-in-pienezza\/","og_site_name":"Filles de la Charit\u00e9","article_published_time":"2021-03-03T10:55:33+00:00","article_modified_time":"2023-06-23T07:57:22+00:00","og_image":[{"width":751,"height":447,"url":"https:\/\/filles-de-la-charite.org\/wp-content\/uploads\/2023\/06\/1-1-1.jpg","type":"image\/jpeg"}],"author":"admin","twitter_card":"summary_large_image","twitter_misc":{"Scritto da":"admin","Tempo di lettura stimato":"4 minuti"},"schema":{"@context":"https:\/\/schema.org","@graph":[{"@type":"Article","@id":"https:\/\/filles-de-la-charite.org\/it\/una-famiglia-di-migranti-cerca-di-vivere-la-vita-in-pienezza\/#article","isPartOf":{"@id":"https:\/\/filles-de-la-charite.org\/it\/una-famiglia-di-migranti-cerca-di-vivere-la-vita-in-pienezza\/"},"author":{"name":"admin","@id":"https:\/\/filles-de-la-charite.org\/it\/#\/schema\/person\/427567b2eccfc2dd7d206da186a1f438"},"headline":"Una famiglia di migranti cerca di vivere la vita in pienezza","datePublished":"2021-03-03T10:55:33+00:00","dateModified":"2023-06-23T07:57:22+00:00","mainEntityOfPage":{"@id":"https:\/\/filles-de-la-charite.org\/it\/una-famiglia-di-migranti-cerca-di-vivere-la-vita-in-pienezza\/"},"wordCount":655,"publisher":{"@id":"https:\/\/filles-de-la-charite.org\/it\/#organization"},"image":{"@id":"https:\/\/filles-de-la-charite.org\/it\/una-famiglia-di-migranti-cerca-di-vivere-la-vita-in-pienezza\/#primaryimage"},"thumbnailUrl":"https:\/\/filles-de-la-charite.org\/wp-content\/uploads\/2023\/06\/1-1-1.jpg","articleSection":["Portogallo"],"inLanguage":"it-IT"},{"@type":"WebPage","@id":"https:\/\/filles-de-la-charite.org\/it\/una-famiglia-di-migranti-cerca-di-vivere-la-vita-in-pienezza\/","url":"https:\/\/filles-de-la-charite.org\/it\/una-famiglia-di-migranti-cerca-di-vivere-la-vita-in-pienezza\/","name":"Una famiglia di migranti cerca di vivere la vita in pienezza - Filles de la Charit\u00e9","isPartOf":{"@id":"https:\/\/filles-de-la-charite.org\/it\/#website"},"primaryImageOfPage":{"@id":"https:\/\/filles-de-la-charite.org\/it\/una-famiglia-di-migranti-cerca-di-vivere-la-vita-in-pienezza\/#primaryimage"},"image":{"@id":"https:\/\/filles-de-la-charite.org\/it\/una-famiglia-di-migranti-cerca-di-vivere-la-vita-in-pienezza\/#primaryimage"},"thumbnailUrl":"https:\/\/filles-de-la-charite.org\/wp-content\/uploads\/2023\/06\/1-1-1.jpg","datePublished":"2021-03-03T10:55:33+00:00","dateModified":"2023-06-23T07:57:22+00:00","breadcrumb":{"@id":"https:\/\/filles-de-la-charite.org\/it\/una-famiglia-di-migranti-cerca-di-vivere-la-vita-in-pienezza\/#breadcrumb"},"inLanguage":"it-IT","potentialAction":[{"@type":"ReadAction","target":["https:\/\/filles-de-la-charite.org\/it\/una-famiglia-di-migranti-cerca-di-vivere-la-vita-in-pienezza\/"]}]},{"@type":"ImageObject","inLanguage":"it-IT","@id":"https:\/\/filles-de-la-charite.org\/it\/una-famiglia-di-migranti-cerca-di-vivere-la-vita-in-pienezza\/#primaryimage","url":"https:\/\/filles-de-la-charite.org\/wp-content\/uploads\/2023\/06\/1-1-1.jpg","contentUrl":"https:\/\/filles-de-la-charite.org\/wp-content\/uploads\/2023\/06\/1-1-1.jpg","width":751,"height":447},{"@type":"BreadcrumbList","@id":"https:\/\/filles-de-la-charite.org\/it\/una-famiglia-di-migranti-cerca-di-vivere-la-vita-in-pienezza\/#breadcrumb","itemListElement":[{"@type":"ListItem","position":1,"name":"Portogallo","item":"https:\/\/filles-de-la-charite.org\/it\/category\/portogallo-it\/"},{"@type":"ListItem","position":2,"name":"Una famiglia di migranti cerca di vivere la vita in pienezza"}]},{"@type":"WebSite","@id":"https:\/\/filles-de-la-charite.org\/it\/#website","url":"https:\/\/filles-de-la-charite.org\/it\/","name":"Hijas de la Caridad","description":"L\u2019amour de J\u00e9sus nous presse \u00e0 prendre soin des personnes les plus d\u00e9munies","publisher":{"@id":"https:\/\/filles-de-la-charite.org\/it\/#organization"},"potentialAction":[{"@type":"SearchAction","target":{"@type":"EntryPoint","urlTemplate":"https:\/\/filles-de-la-charite.org\/it\/?s={search_term_string}"},"query-input":{"@type":"PropertyValueSpecification","valueRequired":true,"valueName":"search_term_string"}}],"inLanguage":"it-IT"},{"@type":"Organization","@id":"https:\/\/filles-de-la-charite.org\/it\/#organization","name":"Hijas de la Caridad","url":"https:\/\/filles-de-la-charite.org\/it\/","logo":{"@type":"ImageObject","inLanguage":"it-IT","@id":"https:\/\/filles-de-la-charite.org\/it\/#\/schema\/logo\/image\/","url":"https:\/\/filles-de-la-charite.org\/wp-content\/uploads\/2023\/03\/isotipo-Hijas-de-la-Caridad.png","contentUrl":"https:\/\/filles-de-la-charite.org\/wp-content\/uploads\/2023\/03\/isotipo-Hijas-de-la-Caridad.png","width":1417,"height":1417,"caption":"Hijas de la Caridad"},"image":{"@id":"https:\/\/filles-de-la-charite.org\/it\/#\/schema\/logo\/image\/"}},{"@type":"Person","@id":"https:\/\/filles-de-la-charite.org\/it\/#\/schema\/person\/427567b2eccfc2dd7d206da186a1f438","name":"admin","image":{"@type":"ImageObject","inLanguage":"it-IT","@id":"https:\/\/secure.gravatar.com\/avatar\/948b492cce32b586ac2db0eaa926ee87024f7afe218d73b397ea5ddfc5f43ea1?s=96&d=mm&r=g","url":"https:\/\/secure.gravatar.com\/avatar\/948b492cce32b586ac2db0eaa926ee87024f7afe218d73b397ea5ddfc5f43ea1?s=96&d=mm&r=g","contentUrl":"https:\/\/secure.gravatar.com\/avatar\/948b492cce32b586ac2db0eaa926ee87024f7afe218d73b397ea5ddfc5f43ea1?s=96&d=mm&r=g","caption":"admin"},"sameAs":["https:\/\/filles-de-la-charite.org"],"url":"https:\/\/filles-de-la-charite.org\/it\/author\/caridad\/"}]}},"_links":{"self":[{"href":"https:\/\/filles-de-la-charite.org\/it\/wp-json\/wp\/v2\/posts\/23331","targetHints":{"allow":["GET"]}}],"collection":[{"href":"https:\/\/filles-de-la-charite.org\/it\/wp-json\/wp\/v2\/posts"}],"about":[{"href":"https:\/\/filles-de-la-charite.org\/it\/wp-json\/wp\/v2\/types\/post"}],"author":[{"embeddable":true,"href":"https:\/\/filles-de-la-charite.org\/it\/wp-json\/wp\/v2\/users\/1"}],"replies":[{"embeddable":true,"href":"https:\/\/filles-de-la-charite.org\/it\/wp-json\/wp\/v2\/comments?post=23331"}],"version-history":[{"count":1,"href":"https:\/\/filles-de-la-charite.org\/it\/wp-json\/wp\/v2\/posts\/23331\/revisions"}],"predecessor-version":[{"id":23332,"href":"https:\/\/filles-de-la-charite.org\/it\/wp-json\/wp\/v2\/posts\/23331\/revisions\/23332"}],"wp:featuredmedia":[{"embeddable":true,"href":"https:\/\/filles-de-la-charite.org\/it\/wp-json\/wp\/v2\/media\/15600"}],"wp:attachment":[{"href":"https:\/\/filles-de-la-charite.org\/it\/wp-json\/wp\/v2\/media?parent=23331"}],"wp:term":[{"taxonomy":"category","embeddable":true,"href":"https:\/\/filles-de-la-charite.org\/it\/wp-json\/wp\/v2\/categories?post=23331"},{"taxonomy":"post_tag","embeddable":true,"href":"https:\/\/filles-de-la-charite.org\/it\/wp-json\/wp\/v2\/tags?post=23331"}],"curies":[{"name":"wp","href":"https:\/\/api.w.org\/{rel}","templated":true}]}}