{"id":23348,"date":"2021-03-31T22:00:00","date_gmt":"2021-03-31T20:00:00","guid":{"rendered":"https:\/\/hijascaridad.sjdigitaldemo.ovh\/progetto-prevenzione-sono-un-difensore\/"},"modified":"2024-03-17T18:02:48","modified_gmt":"2024-03-17T17:02:48","slug":"progetto-prevenzione-sono-un-difensore","status":"publish","type":"post","link":"https:\/\/filles-de-la-charite.org\/it\/progetto-prevenzione-sono-un-difensore\/","title":{"rendered":"PROGETTO PREVENZIONE: \u201cSono un difensore\u201d"},"content":{"rendered":"\n<h6 class=\"has-text-align-center wp-block-heading\"><strong><strong>Le Figlie della Carit\u00e0 della Provincia di Bogot\u00e0: Impegnate nella difesa della vita<\/strong><\/strong><\/h6>\n\n\n\n<p><\/p>\n\n\n\n<p>Dieci anni fa \u00e8 stato creato nella Provincia un servizio pastorale che cerca di affrontare le molteplici forme di violenza contro i bambini e gli adolescenti, soprattutto il traffico di esseri umani, con la creazione della rete <strong>\"Difensori della vita\"<\/strong>. \u00c8 costruita su tre assi di intervento: <strong>Ricerca, Comunicazione e Pedagogia.<\/strong><\/p>\n\n\n\n<p>La rete mira a minimizzare l'impatto del fenomeno della violenza con il motto:<\/p>\n\n\n\n<div class=\"wp-block-image\"><figure class=\"aligncenter size-large\"><img decoding=\"async\" src=\"https:\/\/filles-de-la-charite.org\/wp-content\/uploads\/2023\/06\/2-1024x822-1.png\" alt=\"\" class=\"wp-image-61951\"\/><figcaption>\"Una mano in pi\u00f9, una vittima in meno\"<\/figcaption><\/figure><\/div>\n\n\n\n<p>Raggiungiamo gli ambienti scolastici, comunitari e parrocchiali, attraverso una proposta pedagogica, rivolta a bambini, adolescenti, genitori, assistenti, insegnanti e animatori, chiamata: <strong>\"Un cammino a favore della vita\"<\/strong> che cerca di responsabilizzare ciascuno, invitandolo a incarnare un profilo: <strong><em>Io sono un difensore.<\/em><\/strong><\/p>\n\n\n\n<figure class=\"wp-block-gallery alignfull columns-2 is-cropped wp-block-gallery-1 is-layout-flex wp-block-gallery-is-layout-flex\"><ul class=\"blocks-gallery-grid\"><li class=\"blocks-gallery-item\"><figure><img decoding=\"async\" src=\"https:\/\/filles-de-la-charite.org\/wp-content\/uploads\/2023\/06\/3-1024x735-1.png\" alt=\"\" data-id=\"61952\" data-full-url=\"https:\/\/www.filles-de-la-charite.org\/wp-content\/uploads\/news\/September 2021\/Poland\/April 2021\/COLOMBIA\/3.png\" data-link=\"https:\/\/www.filles-de-la-charite.org\/3-16\/\" class=\"wp-image-61952\"\/><figcaption class=\"blocks-gallery-item__caption\">Un cammino a favore della vita<\/figcaption><\/figure><\/li><li class=\"blocks-gallery-item\"><figure><img decoding=\"async\" src=\"https:\/\/filles-de-la-charite.org\/wp-content\/uploads\/2023\/06\/7-1024x576-1.jpg\" alt=\"\" data-id=\"61956\" data-full-url=\"https:\/\/www.filles-de-la-charite.org\/wp-content\/uploads\/news\/April 2021\/COLOMBIA\/7.jpg\" data-link=\"https:\/\/www.filles-de-la-charite.org\/7-14\/\" class=\"wp-image-61956\"\/><\/figure><\/li><\/ul><\/figure>\n\n\n\n<figure class=\"wp-block-gallery alignfull columns-2 is-cropped wp-block-gallery-2 is-layout-flex wp-block-gallery-is-layout-flex\"><ul class=\"blocks-gallery-grid\"><li class=\"blocks-gallery-item\"><figure><img decoding=\"async\" src=\"https:\/\/filles-de-la-charite.org\/wp-content\/uploads\/2023\/06\/4-1024x683-1.jpg\" alt=\"\" data-id=\"61953\" data-full-url=\"https:\/\/www.filles-de-la-charite.org\/wp-content\/uploads\/news\/September 2021\/Poland\/April 2021\/COLOMBIA\/4-scaled.jpg\" data-link=\"https:\/\/www.filles-de-la-charite.org\/4-24\/\" class=\"wp-image-61953\"\/><\/figure><\/li><li class=\"blocks-gallery-item\"><figure><img decoding=\"async\" src=\"https:\/\/filles-de-la-charite.org\/wp-content\/uploads\/2023\/06\/8-1024x683-1.jpg\" alt=\"\" data-id=\"61957\" data-full-url=\"https:\/\/www.filles-de-la-charite.org\/wp-content\/uploads\/news\/April 2021\/COLOMBIA\/8-scaled.jpg\" data-link=\"https:\/\/www.filles-de-la-charite.org\/8-9\/\" class=\"wp-image-61957\"\/><\/figure><\/li><\/ul><\/figure>\n\n\n\n<p>La nostra rete \u00e8 realizzata da alcune Figlie della Carit\u00e0 e da un'\u00e9quipe di laici di varie discipline, che con le loro competenze tessono e rendono possibile questo impegno.<\/p>\n\n\n\n<figure class=\"wp-block-image alignfull size-large\"><img decoding=\"async\" src=\"https:\/\/filles-de-la-charite.org\/wp-content\/uploads\/2023\/06\/5-1.jpg\" alt=\"\" class=\"wp-image-61954\"\/><\/figure>\n\n\n\n<p>Sogniamo una societ\u00e0 libera dalla violenza, una societ\u00e0 dove la vita e la dignit\u00e0 siano al primo posto, spazi protettivi dove i bambini e gli adolescenti possano crescere e svilupparsi, liberi da minacce e shock. Stiamo scommettendo tutta la nostra vita, le nostre risorse umane, logistiche e carismatiche della Provincia su questo sogno.<\/p>\n\n\n\n<figure class=\"wp-block-image alignfull size-large\"><img decoding=\"async\" src=\"https:\/\/filles-de-la-charite.org\/wp-content\/uploads\/2023\/06\/1-1024x190-1.png\" alt=\"\" class=\"wp-image-61958\"\/><\/figure>\n","protected":false},"excerpt":{"rendered":"<p>Le Figlie della Carit\u00e0 della Provincia di Bogot\u00e0: Impegnate nella difesa della vita Dieci anni fa \u00e8 stato creato nella Provincia un servizio pastorale che cerca di affrontare le molteplici forme di violenza contro i bambini e gli adolescenti, soprattutto il traffico di esseri umani, con la creazione della rete &#8220;Difensori della vita&#8221;. \u00c8 costruita [&hellip;]<\/p>\n","protected":false},"author":1,"featured_media":15671,"comment_status":"closed","ping_status":"closed","sticky":false,"template":"","format":"standard","meta":{"_acf_changed":false,"footnotes":"","_links_to":"","_links_to_target":""},"categories":[616],"tags":[],"class_list":["post-23348","post","type-post","status-publish","format-standard","has-post-thumbnail","hentry","category-la-milagrosa-venezuela-it"],"acf":[],"yoast_head":"<!-- This site is optimized with the Yoast SEO plugin v27.5 - https:\/\/yoast.com\/product\/yoast-seo-wordpress\/ -->\n<title>PROGETTO PREVENZIONE: \u201cSono un difensore\u201d - Filles de la Charit\u00e9<\/title>\n<meta name=\"robots\" content=\"index, follow, max-snippet:-1, max-image-preview:large, max-video-preview:-1\" \/>\n<link rel=\"canonical\" href=\"https:\/\/filles-de-la-charite.org\/it\/progetto-prevenzione-sono-un-difensore\/\" \/>\n<meta property=\"og:locale\" content=\"it_IT\" \/>\n<meta property=\"og:type\" content=\"article\" \/>\n<meta property=\"og:title\" content=\"PROGETTO PREVENZIONE: \u201cSono un difensore\u201d - Filles de la Charit\u00e9\" \/>\n<meta property=\"og:description\" content=\"Le Figlie della Carit\u00e0 della Provincia di Bogot\u00e0: Impegnate nella difesa della vita Dieci anni fa \u00e8 stato creato nella Provincia un servizio pastorale che cerca di affrontare le molteplici forme di violenza contro i bambini e gli adolescenti, soprattutto il traffico di esseri umani, con la creazione della rete &#8220;Difensori della vita&#8221;. \u00c8 costruita [&hellip;]\" \/>\n<meta property=\"og:url\" content=\"https:\/\/filles-de-la-charite.org\/it\/progetto-prevenzione-sono-un-difensore\/\" \/>\n<meta property=\"og:site_name\" content=\"Filles de la Charit\u00e9\" \/>\n<meta property=\"article:published_time\" content=\"2021-03-31T20:00:00+00:00\" \/>\n<meta property=\"article:modified_time\" content=\"2024-03-17T17:02:48+00:00\" \/>\n<meta property=\"og:image\" content=\"https:\/\/filles-de-la-charite.org\/wp-content\/uploads\/2023\/06\/6-scaled-1.jpg\" \/>\n\t<meta property=\"og:image:width\" content=\"2560\" \/>\n\t<meta property=\"og:image:height\" content=\"1707\" \/>\n\t<meta property=\"og:image:type\" content=\"image\/jpeg\" \/>\n<meta name=\"author\" content=\"admin\" \/>\n<meta name=\"twitter:card\" content=\"summary_large_image\" \/>\n<meta name=\"twitter:label1\" content=\"Scritto da\" \/>\n\t<meta name=\"twitter:data1\" content=\"admin\" \/>\n\t<meta name=\"twitter:label2\" content=\"Tempo di lettura stimato\" \/>\n\t<meta name=\"twitter:data2\" content=\"3 minuti\" \/>\n<script type=\"application\/ld+json\" class=\"yoast-schema-graph\">{\"@context\":\"https:\\\/\\\/schema.org\",\"@graph\":[{\"@type\":\"Article\",\"@id\":\"https:\\\/\\\/filles-de-la-charite.org\\\/it\\\/progetto-prevenzione-sono-un-difensore\\\/#article\",\"isPartOf\":{\"@id\":\"https:\\\/\\\/filles-de-la-charite.org\\\/it\\\/progetto-prevenzione-sono-un-difensore\\\/\"},\"author\":{\"name\":\"admin\",\"@id\":\"https:\\\/\\\/filles-de-la-charite.org\\\/it\\\/#\\\/schema\\\/person\\\/427567b2eccfc2dd7d206da186a1f438\"},\"headline\":\"PROGETTO PREVENZIONE: \u201cSono un difensore\u201d\",\"datePublished\":\"2021-03-31T20:00:00+00:00\",\"dateModified\":\"2024-03-17T17:02:48+00:00\",\"mainEntityOfPage\":{\"@id\":\"https:\\\/\\\/filles-de-la-charite.org\\\/it\\\/progetto-prevenzione-sono-un-difensore\\\/\"},\"wordCount\":218,\"publisher\":{\"@id\":\"https:\\\/\\\/filles-de-la-charite.org\\\/it\\\/#organization\"},\"image\":{\"@id\":\"https:\\\/\\\/filles-de-la-charite.org\\\/it\\\/progetto-prevenzione-sono-un-difensore\\\/#primaryimage\"},\"thumbnailUrl\":\"https:\\\/\\\/filles-de-la-charite.org\\\/wp-content\\\/uploads\\\/2023\\\/06\\\/6-scaled-1.jpg\",\"articleSection\":[\"La Milagrosa - Venezuela\"],\"inLanguage\":\"it-IT\"},{\"@type\":\"WebPage\",\"@id\":\"https:\\\/\\\/filles-de-la-charite.org\\\/it\\\/progetto-prevenzione-sono-un-difensore\\\/\",\"url\":\"https:\\\/\\\/filles-de-la-charite.org\\\/it\\\/progetto-prevenzione-sono-un-difensore\\\/\",\"name\":\"PROGETTO PREVENZIONE: \u201cSono un difensore\u201d - Filles de la Charit\u00e9\",\"isPartOf\":{\"@id\":\"https:\\\/\\\/filles-de-la-charite.org\\\/it\\\/#website\"},\"primaryImageOfPage\":{\"@id\":\"https:\\\/\\\/filles-de-la-charite.org\\\/it\\\/progetto-prevenzione-sono-un-difensore\\\/#primaryimage\"},\"image\":{\"@id\":\"https:\\\/\\\/filles-de-la-charite.org\\\/it\\\/progetto-prevenzione-sono-un-difensore\\\/#primaryimage\"},\"thumbnailUrl\":\"https:\\\/\\\/filles-de-la-charite.org\\\/wp-content\\\/uploads\\\/2023\\\/06\\\/6-scaled-1.jpg\",\"datePublished\":\"2021-03-31T20:00:00+00:00\",\"dateModified\":\"2024-03-17T17:02:48+00:00\",\"breadcrumb\":{\"@id\":\"https:\\\/\\\/filles-de-la-charite.org\\\/it\\\/progetto-prevenzione-sono-un-difensore\\\/#breadcrumb\"},\"inLanguage\":\"it-IT\",\"potentialAction\":[{\"@type\":\"ReadAction\",\"target\":[\"https:\\\/\\\/filles-de-la-charite.org\\\/it\\\/progetto-prevenzione-sono-un-difensore\\\/\"]}]},{\"@type\":\"ImageObject\",\"inLanguage\":\"it-IT\",\"@id\":\"https:\\\/\\\/filles-de-la-charite.org\\\/it\\\/progetto-prevenzione-sono-un-difensore\\\/#primaryimage\",\"url\":\"https:\\\/\\\/filles-de-la-charite.org\\\/wp-content\\\/uploads\\\/2023\\\/06\\\/6-scaled-1.jpg\",\"contentUrl\":\"https:\\\/\\\/filles-de-la-charite.org\\\/wp-content\\\/uploads\\\/2023\\\/06\\\/6-scaled-1.jpg\",\"width\":2560,\"height\":1707},{\"@type\":\"BreadcrumbList\",\"@id\":\"https:\\\/\\\/filles-de-la-charite.org\\\/it\\\/progetto-prevenzione-sono-un-difensore\\\/#breadcrumb\",\"itemListElement\":[{\"@type\":\"ListItem\",\"position\":1,\"name\":\"Slovenia\",\"item\":\"https:\\\/\\\/filles-de-la-charite.org\\\/it\\\/category\\\/slovenia\\\/\"},{\"@type\":\"ListItem\",\"position\":2,\"name\":\"PROGETTO PREVENZIONE: \u201cSono un difensore\u201d\"}]},{\"@type\":\"WebSite\",\"@id\":\"https:\\\/\\\/filles-de-la-charite.org\\\/it\\\/#website\",\"url\":\"https:\\\/\\\/filles-de-la-charite.org\\\/it\\\/\",\"name\":\"Hijas de la Caridad\",\"description\":\"L\u2019amour de J\u00e9sus nous presse \u00e0 prendre soin des personnes les plus d\u00e9munies\",\"publisher\":{\"@id\":\"https:\\\/\\\/filles-de-la-charite.org\\\/it\\\/#organization\"},\"potentialAction\":[{\"@type\":\"SearchAction\",\"target\":{\"@type\":\"EntryPoint\",\"urlTemplate\":\"https:\\\/\\\/filles-de-la-charite.org\\\/it\\\/?s={search_term_string}\"},\"query-input\":{\"@type\":\"PropertyValueSpecification\",\"valueRequired\":true,\"valueName\":\"search_term_string\"}}],\"inLanguage\":\"it-IT\"},{\"@type\":\"Organization\",\"@id\":\"https:\\\/\\\/filles-de-la-charite.org\\\/it\\\/#organization\",\"name\":\"Hijas de la Caridad\",\"url\":\"https:\\\/\\\/filles-de-la-charite.org\\\/it\\\/\",\"logo\":{\"@type\":\"ImageObject\",\"inLanguage\":\"it-IT\",\"@id\":\"https:\\\/\\\/filles-de-la-charite.org\\\/it\\\/#\\\/schema\\\/logo\\\/image\\\/\",\"url\":\"https:\\\/\\\/filles-de-la-charite.org\\\/wp-content\\\/uploads\\\/2023\\\/03\\\/isotipo-Hijas-de-la-Caridad.png\",\"contentUrl\":\"https:\\\/\\\/filles-de-la-charite.org\\\/wp-content\\\/uploads\\\/2023\\\/03\\\/isotipo-Hijas-de-la-Caridad.png\",\"width\":1417,\"height\":1417,\"caption\":\"Hijas de la Caridad\"},\"image\":{\"@id\":\"https:\\\/\\\/filles-de-la-charite.org\\\/it\\\/#\\\/schema\\\/logo\\\/image\\\/\"}},{\"@type\":\"Person\",\"@id\":\"https:\\\/\\\/filles-de-la-charite.org\\\/it\\\/#\\\/schema\\\/person\\\/427567b2eccfc2dd7d206da186a1f438\",\"name\":\"admin\",\"image\":{\"@type\":\"ImageObject\",\"inLanguage\":\"it-IT\",\"@id\":\"https:\\\/\\\/secure.gravatar.com\\\/avatar\\\/948b492cce32b586ac2db0eaa926ee87024f7afe218d73b397ea5ddfc5f43ea1?s=96&d=mm&r=g\",\"url\":\"https:\\\/\\\/secure.gravatar.com\\\/avatar\\\/948b492cce32b586ac2db0eaa926ee87024f7afe218d73b397ea5ddfc5f43ea1?s=96&d=mm&r=g\",\"contentUrl\":\"https:\\\/\\\/secure.gravatar.com\\\/avatar\\\/948b492cce32b586ac2db0eaa926ee87024f7afe218d73b397ea5ddfc5f43ea1?s=96&d=mm&r=g\",\"caption\":\"admin\"},\"sameAs\":[\"https:\\\/\\\/filles-de-la-charite.org\"],\"url\":\"https:\\\/\\\/filles-de-la-charite.org\\\/it\\\/author\\\/caridad\\\/\"}]}<\/script>\n<!-- \/ Yoast SEO plugin. -->","yoast_head_json":{"title":"PROGETTO PREVENZIONE: \u201cSono un difensore\u201d - Filles de la Charit\u00e9","robots":{"index":"index","follow":"follow","max-snippet":"max-snippet:-1","max-image-preview":"max-image-preview:large","max-video-preview":"max-video-preview:-1"},"canonical":"https:\/\/filles-de-la-charite.org\/it\/progetto-prevenzione-sono-un-difensore\/","og_locale":"it_IT","og_type":"article","og_title":"PROGETTO PREVENZIONE: \u201cSono un difensore\u201d - Filles de la Charit\u00e9","og_description":"Le Figlie della Carit\u00e0 della Provincia di Bogot\u00e0: Impegnate nella difesa della vita Dieci anni fa \u00e8 stato creato nella Provincia un servizio pastorale che cerca di affrontare le molteplici forme di violenza contro i bambini e gli adolescenti, soprattutto il traffico di esseri umani, con la creazione della rete &#8220;Difensori della vita&#8221;. \u00c8 costruita [&hellip;]","og_url":"https:\/\/filles-de-la-charite.org\/it\/progetto-prevenzione-sono-un-difensore\/","og_site_name":"Filles de la Charit\u00e9","article_published_time":"2021-03-31T20:00:00+00:00","article_modified_time":"2024-03-17T17:02:48+00:00","og_image":[{"width":2560,"height":1707,"url":"https:\/\/filles-de-la-charite.org\/wp-content\/uploads\/2023\/06\/6-scaled-1.jpg","type":"image\/jpeg"}],"author":"admin","twitter_card":"summary_large_image","twitter_misc":{"Scritto da":"admin","Tempo di lettura stimato":"3 minuti"},"schema":{"@context":"https:\/\/schema.org","@graph":[{"@type":"Article","@id":"https:\/\/filles-de-la-charite.org\/it\/progetto-prevenzione-sono-un-difensore\/#article","isPartOf":{"@id":"https:\/\/filles-de-la-charite.org\/it\/progetto-prevenzione-sono-un-difensore\/"},"author":{"name":"admin","@id":"https:\/\/filles-de-la-charite.org\/it\/#\/schema\/person\/427567b2eccfc2dd7d206da186a1f438"},"headline":"PROGETTO PREVENZIONE: \u201cSono un difensore\u201d","datePublished":"2021-03-31T20:00:00+00:00","dateModified":"2024-03-17T17:02:48+00:00","mainEntityOfPage":{"@id":"https:\/\/filles-de-la-charite.org\/it\/progetto-prevenzione-sono-un-difensore\/"},"wordCount":218,"publisher":{"@id":"https:\/\/filles-de-la-charite.org\/it\/#organization"},"image":{"@id":"https:\/\/filles-de-la-charite.org\/it\/progetto-prevenzione-sono-un-difensore\/#primaryimage"},"thumbnailUrl":"https:\/\/filles-de-la-charite.org\/wp-content\/uploads\/2023\/06\/6-scaled-1.jpg","articleSection":["La Milagrosa - Venezuela"],"inLanguage":"it-IT"},{"@type":"WebPage","@id":"https:\/\/filles-de-la-charite.org\/it\/progetto-prevenzione-sono-un-difensore\/","url":"https:\/\/filles-de-la-charite.org\/it\/progetto-prevenzione-sono-un-difensore\/","name":"PROGETTO PREVENZIONE: \u201cSono un difensore\u201d - Filles de la Charit\u00e9","isPartOf":{"@id":"https:\/\/filles-de-la-charite.org\/it\/#website"},"primaryImageOfPage":{"@id":"https:\/\/filles-de-la-charite.org\/it\/progetto-prevenzione-sono-un-difensore\/#primaryimage"},"image":{"@id":"https:\/\/filles-de-la-charite.org\/it\/progetto-prevenzione-sono-un-difensore\/#primaryimage"},"thumbnailUrl":"https:\/\/filles-de-la-charite.org\/wp-content\/uploads\/2023\/06\/6-scaled-1.jpg","datePublished":"2021-03-31T20:00:00+00:00","dateModified":"2024-03-17T17:02:48+00:00","breadcrumb":{"@id":"https:\/\/filles-de-la-charite.org\/it\/progetto-prevenzione-sono-un-difensore\/#breadcrumb"},"inLanguage":"it-IT","potentialAction":[{"@type":"ReadAction","target":["https:\/\/filles-de-la-charite.org\/it\/progetto-prevenzione-sono-un-difensore\/"]}]},{"@type":"ImageObject","inLanguage":"it-IT","@id":"https:\/\/filles-de-la-charite.org\/it\/progetto-prevenzione-sono-un-difensore\/#primaryimage","url":"https:\/\/filles-de-la-charite.org\/wp-content\/uploads\/2023\/06\/6-scaled-1.jpg","contentUrl":"https:\/\/filles-de-la-charite.org\/wp-content\/uploads\/2023\/06\/6-scaled-1.jpg","width":2560,"height":1707},{"@type":"BreadcrumbList","@id":"https:\/\/filles-de-la-charite.org\/it\/progetto-prevenzione-sono-un-difensore\/#breadcrumb","itemListElement":[{"@type":"ListItem","position":1,"name":"Slovenia","item":"https:\/\/filles-de-la-charite.org\/it\/category\/slovenia\/"},{"@type":"ListItem","position":2,"name":"PROGETTO PREVENZIONE: \u201cSono un difensore\u201d"}]},{"@type":"WebSite","@id":"https:\/\/filles-de-la-charite.org\/it\/#website","url":"https:\/\/filles-de-la-charite.org\/it\/","name":"Hijas de la Caridad","description":"L\u2019amour de J\u00e9sus nous presse \u00e0 prendre soin des personnes les plus d\u00e9munies","publisher":{"@id":"https:\/\/filles-de-la-charite.org\/it\/#organization"},"potentialAction":[{"@type":"SearchAction","target":{"@type":"EntryPoint","urlTemplate":"https:\/\/filles-de-la-charite.org\/it\/?s={search_term_string}"},"query-input":{"@type":"PropertyValueSpecification","valueRequired":true,"valueName":"search_term_string"}}],"inLanguage":"it-IT"},{"@type":"Organization","@id":"https:\/\/filles-de-la-charite.org\/it\/#organization","name":"Hijas de la Caridad","url":"https:\/\/filles-de-la-charite.org\/it\/","logo":{"@type":"ImageObject","inLanguage":"it-IT","@id":"https:\/\/filles-de-la-charite.org\/it\/#\/schema\/logo\/image\/","url":"https:\/\/filles-de-la-charite.org\/wp-content\/uploads\/2023\/03\/isotipo-Hijas-de-la-Caridad.png","contentUrl":"https:\/\/filles-de-la-charite.org\/wp-content\/uploads\/2023\/03\/isotipo-Hijas-de-la-Caridad.png","width":1417,"height":1417,"caption":"Hijas de la Caridad"},"image":{"@id":"https:\/\/filles-de-la-charite.org\/it\/#\/schema\/logo\/image\/"}},{"@type":"Person","@id":"https:\/\/filles-de-la-charite.org\/it\/#\/schema\/person\/427567b2eccfc2dd7d206da186a1f438","name":"admin","image":{"@type":"ImageObject","inLanguage":"it-IT","@id":"https:\/\/secure.gravatar.com\/avatar\/948b492cce32b586ac2db0eaa926ee87024f7afe218d73b397ea5ddfc5f43ea1?s=96&d=mm&r=g","url":"https:\/\/secure.gravatar.com\/avatar\/948b492cce32b586ac2db0eaa926ee87024f7afe218d73b397ea5ddfc5f43ea1?s=96&d=mm&r=g","contentUrl":"https:\/\/secure.gravatar.com\/avatar\/948b492cce32b586ac2db0eaa926ee87024f7afe218d73b397ea5ddfc5f43ea1?s=96&d=mm&r=g","caption":"admin"},"sameAs":["https:\/\/filles-de-la-charite.org"],"url":"https:\/\/filles-de-la-charite.org\/it\/author\/caridad\/"}]}},"_links":{"self":[{"href":"https:\/\/filles-de-la-charite.org\/it\/wp-json\/wp\/v2\/posts\/23348","targetHints":{"allow":["GET"]}}],"collection":[{"href":"https:\/\/filles-de-la-charite.org\/it\/wp-json\/wp\/v2\/posts"}],"about":[{"href":"https:\/\/filles-de-la-charite.org\/it\/wp-json\/wp\/v2\/types\/post"}],"author":[{"embeddable":true,"href":"https:\/\/filles-de-la-charite.org\/it\/wp-json\/wp\/v2\/users\/1"}],"replies":[{"embeddable":true,"href":"https:\/\/filles-de-la-charite.org\/it\/wp-json\/wp\/v2\/comments?post=23348"}],"version-history":[{"count":1,"href":"https:\/\/filles-de-la-charite.org\/it\/wp-json\/wp\/v2\/posts\/23348\/revisions"}],"predecessor-version":[{"id":23349,"href":"https:\/\/filles-de-la-charite.org\/it\/wp-json\/wp\/v2\/posts\/23348\/revisions\/23349"}],"wp:featuredmedia":[{"embeddable":true,"href":"https:\/\/filles-de-la-charite.org\/it\/wp-json\/wp\/v2\/media\/15671"}],"wp:attachment":[{"href":"https:\/\/filles-de-la-charite.org\/it\/wp-json\/wp\/v2\/media?parent=23348"}],"wp:term":[{"taxonomy":"category","embeddable":true,"href":"https:\/\/filles-de-la-charite.org\/it\/wp-json\/wp\/v2\/categories?post=23348"},{"taxonomy":"post_tag","embeddable":true,"href":"https:\/\/filles-de-la-charite.org\/it\/wp-json\/wp\/v2\/tags?post=23348"}],"curies":[{"name":"wp","href":"https:\/\/api.w.org\/{rel}","templated":true}]}}