{"id":23354,"date":"2021-04-26T11:31:33","date_gmt":"2021-04-26T09:31:33","guid":{"rendered":"https:\/\/hijascaridad.sjdigitaldemo.ovh\/seminario-vincenziano-2021-luomo-feritochi-ci-liberera-dalla-paura\/"},"modified":"2024-03-17T18:01:59","modified_gmt":"2024-03-17T17:01:59","slug":"seminario-vincenziano-2021-luomo-feritochi-ci-liberera-dalla-paura","status":"publish","type":"post","link":"https:\/\/filles-de-la-charite.org\/it\/seminario-vincenziano-2021-luomo-feritochi-ci-liberera-dalla-paura\/","title":{"rendered":"Seminario Vincenziano 2021 \u201cL\u2019uomo ferito\u2026chi ci liberer\u00e0 dalla paura?\u201d"},"content":{"rendered":"\n<div class=\"wp-block-image\"><figure class=\"aligncenter size-large\"><img decoding=\"async\" src=\"https:\/\/filles-de-la-charite.org\/wp-content\/uploads\/2023\/06\/Poster-Seminario-2021-724x1024-1.jpg\" alt=\"\" class=\"wp-image-62235\" \/><\/figure><\/div>\n\n\n\n<p>Il 24 gennaio 2021, per la prima volta, il Seminario vincenziano \u00e8 andato in onda sulla piattaforma Zoom, in un\u2019unica giornata e per tutta la Sardegna, anzich\u00e9 in due giornate diverse, una per il Nord e una per il Sud della nostra isola, come si \u00e8 sempre fatto. La diretta di questo Seminario passer\u00e0 alla storia per la modalit\u00e0 con cui \u00e8 stato vissuto, a causa della pandemia. Un'unica giornata, dunque, di formazione per tutti gli associati, dedicata allo studio e all\u2019approfondimento della spiritualit\u00e0 e dell\u2019insegnamento di San Vincenzo de Paoli.<\/p>\n\n\n\n<p>I gruppi appartenenti alla Famiglia vincenziana si sono incontrati virtualmente, collegandosi da Sassari, Olbia e Cagliari : laici e laiche delle Conferenze di San Vincenzo fondate dal Beato Federico Ozanam, le Suore di Santa Giovanna Antida Thouret, le Suore della Congregazione del Getsemani creata dal Padre Manzella, missionario vincenziano, il gruppo pi\u00f9 numeroso delle Volontarie vincenziane, i preti della Missione che operano a Sassari e Cagliari, le Figlie della Carit\u00e0 molto conosciute in ogni angolo della nostra terra.<\/p>\n\n\n\n<div class=\"wp-block-image\"><figure class=\"aligncenter size-large\"><img decoding=\"async\" src=\"https:\/\/filles-de-la-charite.org\/wp-content\/uploads\/2023\/06\/2-1024x569-1.jpg\" alt=\"\" class=\"wp-image-62237\" \/><\/figure><\/div>\n\n\n\n<p>L\u2019introduzione al Seminario \u00e8 stata affidata a Padre Bruno Gonella CM che, senza fermarsi al rimpianto per non aver potuto realizzare l\u2019evento in presenza, ha affermato che si \u00e8 fatto tutto il possibile per realizzarlo via Web, in comunione gioiosa con tutta la famiglia vincenziana che \u00e8 in Sardegna. Dopo un breve momento di preghiera guidato da Padre Beppe Crobu, Superiore della Casa della Missione di Cagliari, ha preso la parola il relatore del Seminario, Padre Nicola Albanesi CM che ha introdotto il tema della giornata di studio: \u201cL\u2019uomo ferito\u2026chi ci liberer\u00e0 dalla paura?\u201d. Il relatore ha ben evidenziato come San Vincenzo di fronte all\u2019uomo ferito (e la Pandemia \u00e8 per tutti noi una ferita anche difficile da guarire) ha vissuto la sfida della fede, lui, il nostro maestro che continua ad insegnarci come chinarci sulle piaghe dell\u2019umanit\u00e0 sofferente del nostro tempo.<\/p>\n\n\n\n<p>Al cuore della relazione alcune domande che da sempre ci interpellano, relativamente all\u2019amore che noi vincenziani abbiamo per i poveri: che cos\u2019\u00e8 e da dove proviene il nostro amore? Spesso ci hanno detto che bisogna sforzarsi per amare gli altri, per vincere un\u2019antipatia, per affrontare una situazione ripugnante, in qualche modo siamo stati indotti a credere che l\u2019amore del prossimo dipenda dalla nostra buona volont\u00e0. Certo l\u2019amore per i fratelli, a partire da quelli pi\u00f9 piccoli, richiede la nostra attivit\u00e0 e un certo impegno, ma questi scaturiscono da una realt\u00e0 accolta nella profondit\u00e0 di noi stessi, dove \u00e8 diffuso l\u2019Amore.<\/p>\n\n\n\n<p>Padre Nicola ci ha illuminati su quella che deve essere per noi la sorgente autentica dell\u2019amore, quella che anima la nostra azione caritativa: \u201cLa sorgente del nostro amore \u00e8 nient\u2019altro che l\u2019Amore ricevuto. Nasce dalla consapevolezza che Dio ci ama. La Carit\u00e0 \u00e8 sempre frutto dell\u2019azione di Cristo in noi! Si comprende allora come un cuore penetrato dall\u2019Amore di Cristo, conosca insieme all\u2019amore del prossimo anche il dono della preghiera!\u00a0 L\u2019amore ai poveri ha bisogno di una fede vissuta, di una ricerca incessante e continua del Volto di Dio. L\u2019Amore di Dio, manifestato in Cristo ed effuso mediante lo Spirito, nutre l\u2019amore per i poveri, lo sorregge nei momenti di prova, lo risveglia nei tempi di crisi e lo protegge quando rischia di venir meno. Allora la Comunit\u00e0 che prega, che contempla il mistero di Cristo, che vive in comunione aiutandosi a vicenda \u00e8 il luogo dove si attinge ad una sorgente di amore incondizionato da cui si trae la forza per amare chi non \u00e8 amato, chi fa pi\u00f9 fatica a credere all\u2019amore e ad aprirsi alla bellezza della vita\u201d.<\/p>\n\n\n\n<div class=\"wp-block-image\"><figure class=\"aligncenter size-large\"><img decoding=\"async\" src=\"https:\/\/filles-de-la-charite.org\/wp-content\/uploads\/2023\/06\/5-1024x574-1.jpg\" alt=\"\" class=\"wp-image-62240\" \/><\/figure><\/div>\n\n\n\n<p>A conclusione del Seminario, abbiamo ascoltato con gioia il breve intervento del Vescovo di Cagliari Mons. Giuseppe Batturi, che ci ha esortati a sentirci impegnati per costruire il volto buono della Chiesa che va incontro ai bisogni dell\u2019uomo di oggi. Augurandoci che il Seminario Vincenziano del 2022 possa realizzarsi in presenza, facciamo nostre le parole di San Vincenzo citate da Padre Nicola al termine dell\u2019incontro:<\/p>\n\n\n\n<div class=\"wp-block-image\"><figure class=\"aligncenter size-large\"><img decoding=\"async\" src=\"https:\/\/filles-de-la-charite.org\/wp-content\/uploads\/2023\/06\/6-1024x568-1.jpg\" alt=\"\" class=\"wp-image-62241\" \/><\/figure><\/div>\n\n\n\n<p><em>\u00abIl modo migliore per assicurare la nostra felicit\u00e0 eterna<br>\u00e8 di vivere e di morire al servizio dei poveri, fra le braccia della divina provvidenza,<br>nella rinuncia totale di noi stessi per seguire Ges\u00f9 Cristo\u00bb.<\/em><\/p>\n\n\n\n<figure class=\"wp-block-gallery aligncenter columns-2 is-cropped wp-block-gallery-1 is-layout-flex wp-block-gallery-is-layout-flex\"><ul class=\"blocks-gallery-grid\"><li class=\"blocks-gallery-item\"><figure><img decoding=\"async\" src=\"https:\/\/filles-de-la-charite.org\/wp-content\/uploads\/2023\/06\/4-1024x573-1.jpg\" alt=\"\" data-id=\"62239\" data-full-url=\"https:\/\/www.filles-de-la-charite.org\/wp-content\/uploads\/news\/April 2021\/SARDINIA\/4.jpg\" data-link=\"https:\/\/www.filles-de-la-charite.org\/?attachment_id=62239\" class=\"wp-image-62239\" \/><\/figure><\/li><li class=\"blocks-gallery-item\"><figure><img decoding=\"async\" src=\"https:\/\/filles-de-la-charite.org\/wp-content\/uploads\/2023\/06\/3-1024x577-1.jpg\" alt=\"\" data-id=\"62238\" data-full-url=\"https:\/\/www.filles-de-la-charite.org\/wp-content\/uploads\/news\/April 2021\/SARDINIA\/3.jpg\" data-link=\"https:\/\/www.filles-de-la-charite.org\/?attachment_id=62238\" class=\"wp-image-62238\" \/><\/figure><\/li><\/ul><\/figure>\n","protected":false},"excerpt":{"rendered":"<p>Il 24 gennaio 2021, per la prima volta, il Seminario vincenziano \u00e8 andato in onda sulla piattaforma Zoom, in un\u2019unica giornata e per tutta la Sardegna, anzich\u00e9 in due giornate diverse, una per il Nord e una per il Sud della nostra isola, come si \u00e8 sempre fatto. La diretta di questo Seminario passer\u00e0 alla [&hellip;]<\/p>\n","protected":false},"author":1,"featured_media":15785,"comment_status":"closed","ping_status":"closed","sticky":false,"template":"","format":"standard","meta":{"_acf_changed":false,"footnotes":"","_links_to":"","_links_to_target":""},"categories":[685],"tags":[],"class_list":["post-23354","post","type-post","status-publish","format-standard","has-post-thumbnail","hentry","category-sardegna-italia-it"],"acf":[],"yoast_head":"<!-- This site is optimized with the Yoast SEO plugin v27.5 - https:\/\/yoast.com\/product\/yoast-seo-wordpress\/ -->\n<title>Seminario Vincenziano 2021 \u201cL\u2019uomo ferito\u2026chi ci liberer\u00e0 dalla paura?\u201d - Filles de la Charit\u00e9<\/title>\n<meta name=\"robots\" content=\"index, follow, max-snippet:-1, max-image-preview:large, max-video-preview:-1\" \/>\n<link rel=\"canonical\" href=\"https:\/\/filles-de-la-charite.org\/it\/seminario-vincenziano-2021-luomo-feritochi-ci-liberera-dalla-paura\/\" \/>\n<meta property=\"og:locale\" content=\"it_IT\" \/>\n<meta property=\"og:type\" content=\"article\" \/>\n<meta property=\"og:title\" content=\"Seminario Vincenziano 2021 \u201cL\u2019uomo ferito\u2026chi ci liberer\u00e0 dalla paura?\u201d - Filles de la Charit\u00e9\" \/>\n<meta property=\"og:description\" content=\"Il 24 gennaio 2021, per la prima volta, il Seminario vincenziano \u00e8 andato in onda sulla piattaforma Zoom, in un\u2019unica giornata e per tutta la Sardegna, anzich\u00e9 in due giornate diverse, una per il Nord e una per il Sud della nostra isola, come si \u00e8 sempre fatto. La diretta di questo Seminario passer\u00e0 alla [&hellip;]\" \/>\n<meta property=\"og:url\" content=\"https:\/\/filles-de-la-charite.org\/it\/seminario-vincenziano-2021-luomo-feritochi-ci-liberera-dalla-paura\/\" \/>\n<meta property=\"og:site_name\" content=\"Filles de la Charit\u00e9\" \/>\n<meta property=\"article:published_time\" content=\"2021-04-26T09:31:33+00:00\" \/>\n<meta property=\"article:modified_time\" content=\"2024-03-17T17:01:59+00:00\" \/>\n<meta property=\"og:image\" content=\"https:\/\/filles-de-la-charite.org\/wp-content\/uploads\/2023\/06\/1-5.jpg\" \/>\n\t<meta property=\"og:image:width\" content=\"1364\" \/>\n\t<meta property=\"og:image:height\" content=\"764\" \/>\n\t<meta property=\"og:image:type\" content=\"image\/jpeg\" \/>\n<meta name=\"author\" content=\"admin\" \/>\n<meta name=\"twitter:card\" content=\"summary_large_image\" \/>\n<meta name=\"twitter:label1\" content=\"Scritto da\" \/>\n\t<meta name=\"twitter:data1\" content=\"admin\" \/>\n\t<meta name=\"twitter:label2\" content=\"Tempo di lettura stimato\" \/>\n\t<meta name=\"twitter:data2\" content=\"5 minuti\" \/>\n<script type=\"application\/ld+json\" class=\"yoast-schema-graph\">{\"@context\":\"https:\\\/\\\/schema.org\",\"@graph\":[{\"@type\":\"Article\",\"@id\":\"https:\\\/\\\/filles-de-la-charite.org\\\/it\\\/seminario-vincenziano-2021-luomo-feritochi-ci-liberera-dalla-paura\\\/#article\",\"isPartOf\":{\"@id\":\"https:\\\/\\\/filles-de-la-charite.org\\\/it\\\/seminario-vincenziano-2021-luomo-feritochi-ci-liberera-dalla-paura\\\/\"},\"author\":{\"name\":\"admin\",\"@id\":\"https:\\\/\\\/filles-de-la-charite.org\\\/it\\\/#\\\/schema\\\/person\\\/427567b2eccfc2dd7d206da186a1f438\"},\"headline\":\"Seminario Vincenziano 2021 \u201cL\u2019uomo ferito\u2026chi ci liberer\u00e0 dalla paura?\u201d\",\"datePublished\":\"2021-04-26T09:31:33+00:00\",\"dateModified\":\"2024-03-17T17:01:59+00:00\",\"mainEntityOfPage\":{\"@id\":\"https:\\\/\\\/filles-de-la-charite.org\\\/it\\\/seminario-vincenziano-2021-luomo-feritochi-ci-liberera-dalla-paura\\\/\"},\"wordCount\":712,\"publisher\":{\"@id\":\"https:\\\/\\\/filles-de-la-charite.org\\\/it\\\/#organization\"},\"image\":{\"@id\":\"https:\\\/\\\/filles-de-la-charite.org\\\/it\\\/seminario-vincenziano-2021-luomo-feritochi-ci-liberera-dalla-paura\\\/#primaryimage\"},\"thumbnailUrl\":\"https:\\\/\\\/filles-de-la-charite.org\\\/wp-content\\\/uploads\\\/2023\\\/06\\\/1-5.jpg\",\"articleSection\":[\"Sardegna - Italia\"],\"inLanguage\":\"it-IT\"},{\"@type\":\"WebPage\",\"@id\":\"https:\\\/\\\/filles-de-la-charite.org\\\/it\\\/seminario-vincenziano-2021-luomo-feritochi-ci-liberera-dalla-paura\\\/\",\"url\":\"https:\\\/\\\/filles-de-la-charite.org\\\/it\\\/seminario-vincenziano-2021-luomo-feritochi-ci-liberera-dalla-paura\\\/\",\"name\":\"Seminario Vincenziano 2021 \u201cL\u2019uomo ferito\u2026chi ci liberer\u00e0 dalla paura?\u201d - Filles de la Charit\u00e9\",\"isPartOf\":{\"@id\":\"https:\\\/\\\/filles-de-la-charite.org\\\/it\\\/#website\"},\"primaryImageOfPage\":{\"@id\":\"https:\\\/\\\/filles-de-la-charite.org\\\/it\\\/seminario-vincenziano-2021-luomo-feritochi-ci-liberera-dalla-paura\\\/#primaryimage\"},\"image\":{\"@id\":\"https:\\\/\\\/filles-de-la-charite.org\\\/it\\\/seminario-vincenziano-2021-luomo-feritochi-ci-liberera-dalla-paura\\\/#primaryimage\"},\"thumbnailUrl\":\"https:\\\/\\\/filles-de-la-charite.org\\\/wp-content\\\/uploads\\\/2023\\\/06\\\/1-5.jpg\",\"datePublished\":\"2021-04-26T09:31:33+00:00\",\"dateModified\":\"2024-03-17T17:01:59+00:00\",\"breadcrumb\":{\"@id\":\"https:\\\/\\\/filles-de-la-charite.org\\\/it\\\/seminario-vincenziano-2021-luomo-feritochi-ci-liberera-dalla-paura\\\/#breadcrumb\"},\"inLanguage\":\"it-IT\",\"potentialAction\":[{\"@type\":\"ReadAction\",\"target\":[\"https:\\\/\\\/filles-de-la-charite.org\\\/it\\\/seminario-vincenziano-2021-luomo-feritochi-ci-liberera-dalla-paura\\\/\"]}]},{\"@type\":\"ImageObject\",\"inLanguage\":\"it-IT\",\"@id\":\"https:\\\/\\\/filles-de-la-charite.org\\\/it\\\/seminario-vincenziano-2021-luomo-feritochi-ci-liberera-dalla-paura\\\/#primaryimage\",\"url\":\"https:\\\/\\\/filles-de-la-charite.org\\\/wp-content\\\/uploads\\\/2023\\\/06\\\/1-5.jpg\",\"contentUrl\":\"https:\\\/\\\/filles-de-la-charite.org\\\/wp-content\\\/uploads\\\/2023\\\/06\\\/1-5.jpg\",\"width\":1364,\"height\":764},{\"@type\":\"BreadcrumbList\",\"@id\":\"https:\\\/\\\/filles-de-la-charite.org\\\/it\\\/seminario-vincenziano-2021-luomo-feritochi-ci-liberera-dalla-paura\\\/#breadcrumb\",\"itemListElement\":[{\"@type\":\"ListItem\",\"position\":1,\"name\":\"San Vincenzo &#8211; Italia\",\"item\":\"https:\\\/\\\/filles-de-la-charite.org\\\/it\\\/category\\\/san-vincenzo-italia-it\\\/\"},{\"@type\":\"ListItem\",\"position\":2,\"name\":\"Seminario Vincenziano 2021 \u201cL\u2019uomo ferito\u2026chi ci liberer\u00e0 dalla paura?\u201d\"}]},{\"@type\":\"WebSite\",\"@id\":\"https:\\\/\\\/filles-de-la-charite.org\\\/it\\\/#website\",\"url\":\"https:\\\/\\\/filles-de-la-charite.org\\\/it\\\/\",\"name\":\"Hijas de la Caridad\",\"description\":\"L\u2019amour de J\u00e9sus nous presse \u00e0 prendre soin des personnes les plus d\u00e9munies\",\"publisher\":{\"@id\":\"https:\\\/\\\/filles-de-la-charite.org\\\/it\\\/#organization\"},\"potentialAction\":[{\"@type\":\"SearchAction\",\"target\":{\"@type\":\"EntryPoint\",\"urlTemplate\":\"https:\\\/\\\/filles-de-la-charite.org\\\/it\\\/?s={search_term_string}\"},\"query-input\":{\"@type\":\"PropertyValueSpecification\",\"valueRequired\":true,\"valueName\":\"search_term_string\"}}],\"inLanguage\":\"it-IT\"},{\"@type\":\"Organization\",\"@id\":\"https:\\\/\\\/filles-de-la-charite.org\\\/it\\\/#organization\",\"name\":\"Hijas de la Caridad\",\"url\":\"https:\\\/\\\/filles-de-la-charite.org\\\/it\\\/\",\"logo\":{\"@type\":\"ImageObject\",\"inLanguage\":\"it-IT\",\"@id\":\"https:\\\/\\\/filles-de-la-charite.org\\\/it\\\/#\\\/schema\\\/logo\\\/image\\\/\",\"url\":\"https:\\\/\\\/filles-de-la-charite.org\\\/wp-content\\\/uploads\\\/2023\\\/03\\\/isotipo-Hijas-de-la-Caridad.png\",\"contentUrl\":\"https:\\\/\\\/filles-de-la-charite.org\\\/wp-content\\\/uploads\\\/2023\\\/03\\\/isotipo-Hijas-de-la-Caridad.png\",\"width\":1417,\"height\":1417,\"caption\":\"Hijas de la Caridad\"},\"image\":{\"@id\":\"https:\\\/\\\/filles-de-la-charite.org\\\/it\\\/#\\\/schema\\\/logo\\\/image\\\/\"}},{\"@type\":\"Person\",\"@id\":\"https:\\\/\\\/filles-de-la-charite.org\\\/it\\\/#\\\/schema\\\/person\\\/427567b2eccfc2dd7d206da186a1f438\",\"name\":\"admin\",\"image\":{\"@type\":\"ImageObject\",\"inLanguage\":\"it-IT\",\"@id\":\"https:\\\/\\\/secure.gravatar.com\\\/avatar\\\/948b492cce32b586ac2db0eaa926ee87024f7afe218d73b397ea5ddfc5f43ea1?s=96&d=mm&r=g\",\"url\":\"https:\\\/\\\/secure.gravatar.com\\\/avatar\\\/948b492cce32b586ac2db0eaa926ee87024f7afe218d73b397ea5ddfc5f43ea1?s=96&d=mm&r=g\",\"contentUrl\":\"https:\\\/\\\/secure.gravatar.com\\\/avatar\\\/948b492cce32b586ac2db0eaa926ee87024f7afe218d73b397ea5ddfc5f43ea1?s=96&d=mm&r=g\",\"caption\":\"admin\"},\"sameAs\":[\"https:\\\/\\\/filles-de-la-charite.org\"],\"url\":\"https:\\\/\\\/filles-de-la-charite.org\\\/it\\\/author\\\/caridad\\\/\"}]}<\/script>\n<!-- \/ Yoast SEO plugin. -->","yoast_head_json":{"title":"Seminario Vincenziano 2021 \u201cL\u2019uomo ferito\u2026chi ci liberer\u00e0 dalla paura?\u201d - Filles de la Charit\u00e9","robots":{"index":"index","follow":"follow","max-snippet":"max-snippet:-1","max-image-preview":"max-image-preview:large","max-video-preview":"max-video-preview:-1"},"canonical":"https:\/\/filles-de-la-charite.org\/it\/seminario-vincenziano-2021-luomo-feritochi-ci-liberera-dalla-paura\/","og_locale":"it_IT","og_type":"article","og_title":"Seminario Vincenziano 2021 \u201cL\u2019uomo ferito\u2026chi ci liberer\u00e0 dalla paura?\u201d - Filles de la Charit\u00e9","og_description":"Il 24 gennaio 2021, per la prima volta, il Seminario vincenziano \u00e8 andato in onda sulla piattaforma Zoom, in un\u2019unica giornata e per tutta la Sardegna, anzich\u00e9 in due giornate diverse, una per il Nord e una per il Sud della nostra isola, come si \u00e8 sempre fatto. La diretta di questo Seminario passer\u00e0 alla [&hellip;]","og_url":"https:\/\/filles-de-la-charite.org\/it\/seminario-vincenziano-2021-luomo-feritochi-ci-liberera-dalla-paura\/","og_site_name":"Filles de la Charit\u00e9","article_published_time":"2021-04-26T09:31:33+00:00","article_modified_time":"2024-03-17T17:01:59+00:00","og_image":[{"width":1364,"height":764,"url":"https:\/\/filles-de-la-charite.org\/wp-content\/uploads\/2023\/06\/1-5.jpg","type":"image\/jpeg"}],"author":"admin","twitter_card":"summary_large_image","twitter_misc":{"Scritto da":"admin","Tempo di lettura stimato":"5 minuti"},"schema":{"@context":"https:\/\/schema.org","@graph":[{"@type":"Article","@id":"https:\/\/filles-de-la-charite.org\/it\/seminario-vincenziano-2021-luomo-feritochi-ci-liberera-dalla-paura\/#article","isPartOf":{"@id":"https:\/\/filles-de-la-charite.org\/it\/seminario-vincenziano-2021-luomo-feritochi-ci-liberera-dalla-paura\/"},"author":{"name":"admin","@id":"https:\/\/filles-de-la-charite.org\/it\/#\/schema\/person\/427567b2eccfc2dd7d206da186a1f438"},"headline":"Seminario Vincenziano 2021 \u201cL\u2019uomo ferito\u2026chi ci liberer\u00e0 dalla paura?\u201d","datePublished":"2021-04-26T09:31:33+00:00","dateModified":"2024-03-17T17:01:59+00:00","mainEntityOfPage":{"@id":"https:\/\/filles-de-la-charite.org\/it\/seminario-vincenziano-2021-luomo-feritochi-ci-liberera-dalla-paura\/"},"wordCount":712,"publisher":{"@id":"https:\/\/filles-de-la-charite.org\/it\/#organization"},"image":{"@id":"https:\/\/filles-de-la-charite.org\/it\/seminario-vincenziano-2021-luomo-feritochi-ci-liberera-dalla-paura\/#primaryimage"},"thumbnailUrl":"https:\/\/filles-de-la-charite.org\/wp-content\/uploads\/2023\/06\/1-5.jpg","articleSection":["Sardegna - Italia"],"inLanguage":"it-IT"},{"@type":"WebPage","@id":"https:\/\/filles-de-la-charite.org\/it\/seminario-vincenziano-2021-luomo-feritochi-ci-liberera-dalla-paura\/","url":"https:\/\/filles-de-la-charite.org\/it\/seminario-vincenziano-2021-luomo-feritochi-ci-liberera-dalla-paura\/","name":"Seminario Vincenziano 2021 \u201cL\u2019uomo ferito\u2026chi ci liberer\u00e0 dalla paura?\u201d - Filles de la Charit\u00e9","isPartOf":{"@id":"https:\/\/filles-de-la-charite.org\/it\/#website"},"primaryImageOfPage":{"@id":"https:\/\/filles-de-la-charite.org\/it\/seminario-vincenziano-2021-luomo-feritochi-ci-liberera-dalla-paura\/#primaryimage"},"image":{"@id":"https:\/\/filles-de-la-charite.org\/it\/seminario-vincenziano-2021-luomo-feritochi-ci-liberera-dalla-paura\/#primaryimage"},"thumbnailUrl":"https:\/\/filles-de-la-charite.org\/wp-content\/uploads\/2023\/06\/1-5.jpg","datePublished":"2021-04-26T09:31:33+00:00","dateModified":"2024-03-17T17:01:59+00:00","breadcrumb":{"@id":"https:\/\/filles-de-la-charite.org\/it\/seminario-vincenziano-2021-luomo-feritochi-ci-liberera-dalla-paura\/#breadcrumb"},"inLanguage":"it-IT","potentialAction":[{"@type":"ReadAction","target":["https:\/\/filles-de-la-charite.org\/it\/seminario-vincenziano-2021-luomo-feritochi-ci-liberera-dalla-paura\/"]}]},{"@type":"ImageObject","inLanguage":"it-IT","@id":"https:\/\/filles-de-la-charite.org\/it\/seminario-vincenziano-2021-luomo-feritochi-ci-liberera-dalla-paura\/#primaryimage","url":"https:\/\/filles-de-la-charite.org\/wp-content\/uploads\/2023\/06\/1-5.jpg","contentUrl":"https:\/\/filles-de-la-charite.org\/wp-content\/uploads\/2023\/06\/1-5.jpg","width":1364,"height":764},{"@type":"BreadcrumbList","@id":"https:\/\/filles-de-la-charite.org\/it\/seminario-vincenziano-2021-luomo-feritochi-ci-liberera-dalla-paura\/#breadcrumb","itemListElement":[{"@type":"ListItem","position":1,"name":"San Vincenzo &#8211; Italia","item":"https:\/\/filles-de-la-charite.org\/it\/category\/san-vincenzo-italia-it\/"},{"@type":"ListItem","position":2,"name":"Seminario Vincenziano 2021 \u201cL\u2019uomo ferito\u2026chi ci liberer\u00e0 dalla paura?\u201d"}]},{"@type":"WebSite","@id":"https:\/\/filles-de-la-charite.org\/it\/#website","url":"https:\/\/filles-de-la-charite.org\/it\/","name":"Hijas de la Caridad","description":"L\u2019amour de J\u00e9sus nous presse \u00e0 prendre soin des personnes les plus d\u00e9munies","publisher":{"@id":"https:\/\/filles-de-la-charite.org\/it\/#organization"},"potentialAction":[{"@type":"SearchAction","target":{"@type":"EntryPoint","urlTemplate":"https:\/\/filles-de-la-charite.org\/it\/?s={search_term_string}"},"query-input":{"@type":"PropertyValueSpecification","valueRequired":true,"valueName":"search_term_string"}}],"inLanguage":"it-IT"},{"@type":"Organization","@id":"https:\/\/filles-de-la-charite.org\/it\/#organization","name":"Hijas de la Caridad","url":"https:\/\/filles-de-la-charite.org\/it\/","logo":{"@type":"ImageObject","inLanguage":"it-IT","@id":"https:\/\/filles-de-la-charite.org\/it\/#\/schema\/logo\/image\/","url":"https:\/\/filles-de-la-charite.org\/wp-content\/uploads\/2023\/03\/isotipo-Hijas-de-la-Caridad.png","contentUrl":"https:\/\/filles-de-la-charite.org\/wp-content\/uploads\/2023\/03\/isotipo-Hijas-de-la-Caridad.png","width":1417,"height":1417,"caption":"Hijas de la Caridad"},"image":{"@id":"https:\/\/filles-de-la-charite.org\/it\/#\/schema\/logo\/image\/"}},{"@type":"Person","@id":"https:\/\/filles-de-la-charite.org\/it\/#\/schema\/person\/427567b2eccfc2dd7d206da186a1f438","name":"admin","image":{"@type":"ImageObject","inLanguage":"it-IT","@id":"https:\/\/secure.gravatar.com\/avatar\/948b492cce32b586ac2db0eaa926ee87024f7afe218d73b397ea5ddfc5f43ea1?s=96&d=mm&r=g","url":"https:\/\/secure.gravatar.com\/avatar\/948b492cce32b586ac2db0eaa926ee87024f7afe218d73b397ea5ddfc5f43ea1?s=96&d=mm&r=g","contentUrl":"https:\/\/secure.gravatar.com\/avatar\/948b492cce32b586ac2db0eaa926ee87024f7afe218d73b397ea5ddfc5f43ea1?s=96&d=mm&r=g","caption":"admin"},"sameAs":["https:\/\/filles-de-la-charite.org"],"url":"https:\/\/filles-de-la-charite.org\/it\/author\/caridad\/"}]}},"_links":{"self":[{"href":"https:\/\/filles-de-la-charite.org\/it\/wp-json\/wp\/v2\/posts\/23354","targetHints":{"allow":["GET"]}}],"collection":[{"href":"https:\/\/filles-de-la-charite.org\/it\/wp-json\/wp\/v2\/posts"}],"about":[{"href":"https:\/\/filles-de-la-charite.org\/it\/wp-json\/wp\/v2\/types\/post"}],"author":[{"embeddable":true,"href":"https:\/\/filles-de-la-charite.org\/it\/wp-json\/wp\/v2\/users\/1"}],"replies":[{"embeddable":true,"href":"https:\/\/filles-de-la-charite.org\/it\/wp-json\/wp\/v2\/comments?post=23354"}],"version-history":[{"count":1,"href":"https:\/\/filles-de-la-charite.org\/it\/wp-json\/wp\/v2\/posts\/23354\/revisions"}],"predecessor-version":[{"id":23355,"href":"https:\/\/filles-de-la-charite.org\/it\/wp-json\/wp\/v2\/posts\/23354\/revisions\/23355"}],"wp:featuredmedia":[{"embeddable":true,"href":"https:\/\/filles-de-la-charite.org\/it\/wp-json\/wp\/v2\/media\/15785"}],"wp:attachment":[{"href":"https:\/\/filles-de-la-charite.org\/it\/wp-json\/wp\/v2\/media?parent=23354"}],"wp:term":[{"taxonomy":"category","embeddable":true,"href":"https:\/\/filles-de-la-charite.org\/it\/wp-json\/wp\/v2\/categories?post=23354"},{"taxonomy":"post_tag","embeddable":true,"href":"https:\/\/filles-de-la-charite.org\/it\/wp-json\/wp\/v2\/tags?post=23354"}],"curies":[{"name":"wp","href":"https:\/\/api.w.org\/{rel}","templated":true}]}}