{"id":23356,"date":"2021-05-01T17:59:40","date_gmt":"2021-05-01T15:59:40","guid":{"rendered":"https:\/\/hijascaridad.sjdigitaldemo.ovh\/comunita-itinerante-di-cabo-delgado-al-servizio-degli-sfollati-a-causa-della-guerra\/"},"modified":"2024-03-17T18:01:26","modified_gmt":"2024-03-17T17:01:26","slug":"comunita-itinerante-di-cabo-delgado-al-servizio-degli-sfollati-a-causa-della-guerra","status":"publish","type":"post","link":"https:\/\/filles-de-la-charite.org\/it\/comunita-itinerante-di-cabo-delgado-al-servizio-degli-sfollati-a-causa-della-guerra\/","title":{"rendered":"Comunit\u00e0 itinerante di Cabo Delgado al servizio degli sfollati a causa della guerra"},"content":{"rendered":"\n<div class=\"wp-block-image\"><figure class=\"aligncenter size-large\"><img decoding=\"async\" src=\"https:\/\/filles-de-la-charite.org\/wp-content\/uploads\/2023\/06\/2.png\" alt=\"\" class=\"wp-image-62330\" \/><\/figure><\/div>\n\n\n\n<p>La situazione degli sfollati nel Nord del Mozambico ha scosso la nostra sensibilit\u00e0, il nostro cuore e la nostra mente, ricordando che \"Alla scuola del Figlio di Dio, le Figlie della Carit\u00e0 imparano che nessuna miseria pu\u00f2 essere loro estranea. Cristo chiama continuamente la Compagnia attraverso i fratelli e le sorelle sofferenti, i segni dei tempi e a la Chiesa. Molteplici sono le forme di povert\u00e0... (C. 11).\" Allo stesso modo, il tema della nostra Assemblea ci invita e ci sfida ad <em>andare incontro<\/em> ai nostri fratelli e sorelle sofferenti.<\/p>\n\n\n\n<p>Il Consiglio Provinciale, dopo la riflessione, la consultazione con le Suore della Provincia e la comunicazione con Dom Luis Lisboa, Vescovo di Pemba, ha offerto la nostra disponibilit\u00e0 e collaborazione per vari servizi agli sfollati in quella regione per un periodo di quattro mesi: da gennaio a maggio 2021. Il Vescovo ha accettato con grande gioia e abbiamo iniziato la missione il 7 gennaio 2021 con quattro suore. Siamo felici di servire i nostri fratelli e sorelle che soffrono a causa dei conflitti armati scatenati dai terroristi.<\/p>\n\n\n\n<p><strong><strong>Servire Ges\u00f9 nelle persone sfollate a causa della guerra<\/strong><\/strong><\/p>\n\n\n\n<figure class=\"wp-block-image alignwide size-large\"><img decoding=\"async\" src=\"https:\/\/filles-de-la-charite.org\/wp-content\/uploads\/2023\/06\/3-825x1024-1.png\" alt=\"\" class=\"wp-image-62331\" \/><\/figure>\n\n\n\n<p>\u201cIn verit\u00e0 vi dico: tutto quello che avete fatto a uno solo di questi miei fratelli pi\u00f9 piccoli, l'avete fatto a me.\u201d (Mt 25,40)<\/p>\n\n\n\n<p>Il lavoro \u00e8 iniziato a Pemba, la capitale della Provincia, dove gli sfollati arrivati con le barche e portati nei campi attendevano il reinserimento. Questo servizio \u00e8 stato realizzato in collaborazione con la Caritas Diocesana di Pemba. Sono stati distribuiti diversi kit: cibo, cucina, igiene, abbigliamento e prodotti agricoli; sono state fatte anche brevi celebrazioni della Parola in piccoli gruppi. In seguito, le Suore della Comunit\u00e0 itinerante\/mobile si sono trasferite nel distretto di Montepuez e sono state accolte dall'equipe missionaria della Missione San Jos\u00e9 del Santuario di Nostra Signora di Fatima, dove risiedono anche loro. All'inizio erano quattro suore e, grazie alla generosit\u00e0 della Provincia, le suore si sono offerte volontarie per servire a turno in questa missione. Attualmente sono sei, due delle quali sono suore del Seminario in formazione apostolica.<\/p>\n\n\n\n<p>Montepuez \u00e8 la seconda citt\u00e0 di Cabo Delgado, Pemba. Ci sono quattro campi di reinserimento con circa duemila famiglie in ogni centro. La maggior parte degli abitanti sono donne, anziani e bambini. Vivono in estrema povert\u00e0.<\/p>\n\n\n\n<div class=\"wp-block-image\"><figure class=\"aligncenter size-large\"><img decoding=\"async\" src=\"https:\/\/filles-de-la-charite.org\/wp-content\/uploads\/2023\/06\/4.png\" alt=\"\" class=\"wp-image-62332\" \/><\/figure><\/div>\n\n\n\n<p>Queste persone sono state obbligate a lasciare la loro terra e tutti i loro averi, fuggendo dal terrore, dalla guerra e dalla violenza che hanno devastato la regione settentrionale della provincia di Cabo-Delgado dal 2017. Hanno percorso lunghe distanze a piedi, attraversato foreste per molti giorni e sono arrivati ai centri di accoglienza feriti, malati, disidratati e sfigurati; alcuni membri delle loro famiglie si sono persi nelle foreste e non si sa se siano vivi o morti.<\/p>\n\n\n\n<p>Il nostro servizio a queste persone sfollate include anche la visita alle famiglie nelle loro capanne, l'essere vicini a loro con un atteggiamento di accoglienza e un ascolto attento delle loro storie cariche di profonda tristezza e dolore. Li incoraggiamo anche a cercare di coltivare la speranza e la fiducia in Dio, che \u00e8 il nostro unico rifugio, anche se \u00e8 ancora molto difficile accettare la condizione di estrema povert\u00e0 e il fatto che hanno visto i loro familiari decapitati dai terroristi. Molte famiglie piangono inconsolabilmente quando condividono con noi l'agonia che hanno vissuto nei loro villaggi. Hanno perso tutto ci\u00f2 che avevano di pi\u00f9 caro... le loro famiglie e la terra in cui sono nati.\u00a0 Si trovano privati di tutto e vivono in un'atmosfera di insicurezza, sfiducia, paura e incertezza.<\/p>\n\n\n\n<div class=\"wp-block-image\"><figure class=\"aligncenter size-large\"><img decoding=\"async\" src=\"https:\/\/filles-de-la-charite.org\/wp-content\/uploads\/2023\/06\/5.png\" alt=\"\" class=\"wp-image-62327\" \/><\/figure><\/div>\n\n\n\n<p>Nel nostro servizio, collaboriamo con le Suore Francescane Missionarie di Maria che risiedono a Montepuez; insieme, cerchiamo di convincere le famiglie a costruire le loro case perch\u00e9 non hanno un posto dove posare il capo (cfr. Lc 9,58). Queste case sono fatte con risorse locali come bamb\u00f9, argilla ed erba e noi sosteniamo il loro sforzo dando teloni come materiale per il tetto.\u00a0\u00a0 Distribuiamo coperte, stuoie, porte, cibo confezionato, vestiti e altri oggetti necessari. Assistiamo i malati e indirizziamo quelli con malattie gravi a un centro gestito da Medici senza Frontiere. Assicuriamo anche l\u2019accompagnamento spirituale e distribuiamo oggetti religiosi come il rosario e insegniamo a pregarlo.<\/p>\n\n\n\n<p><em>Provincia del Mozambico<\/em><\/p>\n\n\n\n<div class=\"wp-block-image\"><figure class=\"aligncenter size-large\"><img decoding=\"async\" src=\"https:\/\/filles-de-la-charite.org\/wp-content\/uploads\/2023\/06\/6.png\" alt=\"\" class=\"wp-image-62328\" \/><\/figure><\/div>\n","protected":false},"excerpt":{"rendered":"<p>La situazione degli sfollati nel Nord del Mozambico ha scosso la nostra sensibilit\u00e0, il nostro cuore e la nostra mente, ricordando che &#8220;Alla scuola del Figlio di Dio, le Figlie della Carit\u00e0 imparano che nessuna miseria pu\u00f2 essere loro estranea. Cristo chiama continuamente la Compagnia attraverso i fratelli e le sorelle sofferenti, i segni dei [&hellip;]<\/p>\n","protected":false},"author":1,"featured_media":15823,"comment_status":"closed","ping_status":"closed","sticky":false,"template":"","format":"standard","meta":{"_acf_changed":false,"footnotes":"","_links_to":"","_links_to_target":""},"categories":[621],"tags":[],"class_list":["post-23356","post","type-post","status-publish","format-standard","has-post-thumbnail","hentry","category-mozambico-it"],"acf":[],"yoast_head":"<!-- This site is optimized with the Yoast SEO plugin v27.5 - https:\/\/yoast.com\/product\/yoast-seo-wordpress\/ -->\n<title>Comunit\u00e0 itinerante di Cabo Delgado al servizio degli sfollati a causa della guerra - Filles de la Charit\u00e9<\/title>\n<meta name=\"robots\" content=\"index, follow, max-snippet:-1, max-image-preview:large, max-video-preview:-1\" \/>\n<link rel=\"canonical\" href=\"https:\/\/filles-de-la-charite.org\/it\/comunita-itinerante-di-cabo-delgado-al-servizio-degli-sfollati-a-causa-della-guerra\/\" \/>\n<meta property=\"og:locale\" content=\"it_IT\" \/>\n<meta property=\"og:type\" content=\"article\" \/>\n<meta property=\"og:title\" content=\"Comunit\u00e0 itinerante di Cabo Delgado al servizio degli sfollati a causa della guerra - Filles de la Charit\u00e9\" \/>\n<meta property=\"og:description\" content=\"La situazione degli sfollati nel Nord del Mozambico ha scosso la nostra sensibilit\u00e0, il nostro cuore e la nostra mente, ricordando che &#8220;Alla scuola del Figlio di Dio, le Figlie della Carit\u00e0 imparano che nessuna miseria pu\u00f2 essere loro estranea. Cristo chiama continuamente la Compagnia attraverso i fratelli e le sorelle sofferenti, i segni dei [&hellip;]\" \/>\n<meta property=\"og:url\" content=\"https:\/\/filles-de-la-charite.org\/it\/comunita-itinerante-di-cabo-delgado-al-servizio-degli-sfollati-a-causa-della-guerra\/\" \/>\n<meta property=\"og:site_name\" content=\"Filles de la Charit\u00e9\" \/>\n<meta property=\"article:published_time\" content=\"2021-05-01T15:59:40+00:00\" \/>\n<meta property=\"article:modified_time\" content=\"2024-03-17T17:01:26+00:00\" \/>\n<meta property=\"og:image\" content=\"https:\/\/filles-de-la-charite.org\/wp-content\/uploads\/2023\/06\/1-1.png\" \/>\n\t<meta property=\"og:image:width\" content=\"964\" \/>\n\t<meta property=\"og:image:height\" content=\"723\" \/>\n\t<meta property=\"og:image:type\" content=\"image\/png\" \/>\n<meta name=\"author\" content=\"admin\" \/>\n<meta name=\"twitter:card\" content=\"summary_large_image\" \/>\n<meta name=\"twitter:label1\" content=\"Scritto da\" \/>\n\t<meta name=\"twitter:data1\" content=\"admin\" \/>\n\t<meta name=\"twitter:label2\" content=\"Tempo di lettura stimato\" \/>\n\t<meta name=\"twitter:data2\" content=\"5 minuti\" \/>\n<script type=\"application\/ld+json\" class=\"yoast-schema-graph\">{\"@context\":\"https:\\\/\\\/schema.org\",\"@graph\":[{\"@type\":\"Article\",\"@id\":\"https:\\\/\\\/filles-de-la-charite.org\\\/it\\\/comunita-itinerante-di-cabo-delgado-al-servizio-degli-sfollati-a-causa-della-guerra\\\/#article\",\"isPartOf\":{\"@id\":\"https:\\\/\\\/filles-de-la-charite.org\\\/it\\\/comunita-itinerante-di-cabo-delgado-al-servizio-degli-sfollati-a-causa-della-guerra\\\/\"},\"author\":{\"name\":\"admin\",\"@id\":\"https:\\\/\\\/filles-de-la-charite.org\\\/it\\\/#\\\/schema\\\/person\\\/427567b2eccfc2dd7d206da186a1f438\"},\"headline\":\"Comunit\u00e0 itinerante di Cabo Delgado al servizio degli sfollati a causa della guerra\",\"datePublished\":\"2021-05-01T15:59:40+00:00\",\"dateModified\":\"2024-03-17T17:01:26+00:00\",\"mainEntityOfPage\":{\"@id\":\"https:\\\/\\\/filles-de-la-charite.org\\\/it\\\/comunita-itinerante-di-cabo-delgado-al-servizio-degli-sfollati-a-causa-della-guerra\\\/\"},\"wordCount\":703,\"publisher\":{\"@id\":\"https:\\\/\\\/filles-de-la-charite.org\\\/it\\\/#organization\"},\"image\":{\"@id\":\"https:\\\/\\\/filles-de-la-charite.org\\\/it\\\/comunita-itinerante-di-cabo-delgado-al-servizio-degli-sfollati-a-causa-della-guerra\\\/#primaryimage\"},\"thumbnailUrl\":\"https:\\\/\\\/filles-de-la-charite.org\\\/wp-content\\\/uploads\\\/2023\\\/06\\\/1-1.png\",\"articleSection\":[\"Mozambico\"],\"inLanguage\":\"it-IT\"},{\"@type\":\"WebPage\",\"@id\":\"https:\\\/\\\/filles-de-la-charite.org\\\/it\\\/comunita-itinerante-di-cabo-delgado-al-servizio-degli-sfollati-a-causa-della-guerra\\\/\",\"url\":\"https:\\\/\\\/filles-de-la-charite.org\\\/it\\\/comunita-itinerante-di-cabo-delgado-al-servizio-degli-sfollati-a-causa-della-guerra\\\/\",\"name\":\"Comunit\u00e0 itinerante di Cabo Delgado al servizio degli sfollati a causa della guerra - Filles de la Charit\u00e9\",\"isPartOf\":{\"@id\":\"https:\\\/\\\/filles-de-la-charite.org\\\/it\\\/#website\"},\"primaryImageOfPage\":{\"@id\":\"https:\\\/\\\/filles-de-la-charite.org\\\/it\\\/comunita-itinerante-di-cabo-delgado-al-servizio-degli-sfollati-a-causa-della-guerra\\\/#primaryimage\"},\"image\":{\"@id\":\"https:\\\/\\\/filles-de-la-charite.org\\\/it\\\/comunita-itinerante-di-cabo-delgado-al-servizio-degli-sfollati-a-causa-della-guerra\\\/#primaryimage\"},\"thumbnailUrl\":\"https:\\\/\\\/filles-de-la-charite.org\\\/wp-content\\\/uploads\\\/2023\\\/06\\\/1-1.png\",\"datePublished\":\"2021-05-01T15:59:40+00:00\",\"dateModified\":\"2024-03-17T17:01:26+00:00\",\"breadcrumb\":{\"@id\":\"https:\\\/\\\/filles-de-la-charite.org\\\/it\\\/comunita-itinerante-di-cabo-delgado-al-servizio-degli-sfollati-a-causa-della-guerra\\\/#breadcrumb\"},\"inLanguage\":\"it-IT\",\"potentialAction\":[{\"@type\":\"ReadAction\",\"target\":[\"https:\\\/\\\/filles-de-la-charite.org\\\/it\\\/comunita-itinerante-di-cabo-delgado-al-servizio-degli-sfollati-a-causa-della-guerra\\\/\"]}]},{\"@type\":\"ImageObject\",\"inLanguage\":\"it-IT\",\"@id\":\"https:\\\/\\\/filles-de-la-charite.org\\\/it\\\/comunita-itinerante-di-cabo-delgado-al-servizio-degli-sfollati-a-causa-della-guerra\\\/#primaryimage\",\"url\":\"https:\\\/\\\/filles-de-la-charite.org\\\/wp-content\\\/uploads\\\/2023\\\/06\\\/1-1.png\",\"contentUrl\":\"https:\\\/\\\/filles-de-la-charite.org\\\/wp-content\\\/uploads\\\/2023\\\/06\\\/1-1.png\",\"width\":964,\"height\":723},{\"@type\":\"BreadcrumbList\",\"@id\":\"https:\\\/\\\/filles-de-la-charite.org\\\/it\\\/comunita-itinerante-di-cabo-delgado-al-servizio-degli-sfollati-a-causa-della-guerra\\\/#breadcrumb\",\"itemListElement\":[{\"@type\":\"ListItem\",\"position\":1,\"name\":\"Famiglia vincenziana\",\"item\":\"https:\\\/\\\/filles-de-la-charite.org\\\/it\\\/category\\\/famiglia-vincenziana-it\\\/\"},{\"@type\":\"ListItem\",\"position\":2,\"name\":\"Comunit\u00e0 itinerante di Cabo Delgado al servizio degli sfollati a causa della guerra\"}]},{\"@type\":\"WebSite\",\"@id\":\"https:\\\/\\\/filles-de-la-charite.org\\\/it\\\/#website\",\"url\":\"https:\\\/\\\/filles-de-la-charite.org\\\/it\\\/\",\"name\":\"Hijas de la Caridad\",\"description\":\"L\u2019amour de J\u00e9sus nous presse \u00e0 prendre soin des personnes les plus d\u00e9munies\",\"publisher\":{\"@id\":\"https:\\\/\\\/filles-de-la-charite.org\\\/it\\\/#organization\"},\"potentialAction\":[{\"@type\":\"SearchAction\",\"target\":{\"@type\":\"EntryPoint\",\"urlTemplate\":\"https:\\\/\\\/filles-de-la-charite.org\\\/it\\\/?s={search_term_string}\"},\"query-input\":{\"@type\":\"PropertyValueSpecification\",\"valueRequired\":true,\"valueName\":\"search_term_string\"}}],\"inLanguage\":\"it-IT\"},{\"@type\":\"Organization\",\"@id\":\"https:\\\/\\\/filles-de-la-charite.org\\\/it\\\/#organization\",\"name\":\"Hijas de la Caridad\",\"url\":\"https:\\\/\\\/filles-de-la-charite.org\\\/it\\\/\",\"logo\":{\"@type\":\"ImageObject\",\"inLanguage\":\"it-IT\",\"@id\":\"https:\\\/\\\/filles-de-la-charite.org\\\/it\\\/#\\\/schema\\\/logo\\\/image\\\/\",\"url\":\"https:\\\/\\\/filles-de-la-charite.org\\\/wp-content\\\/uploads\\\/2023\\\/03\\\/isotipo-Hijas-de-la-Caridad.png\",\"contentUrl\":\"https:\\\/\\\/filles-de-la-charite.org\\\/wp-content\\\/uploads\\\/2023\\\/03\\\/isotipo-Hijas-de-la-Caridad.png\",\"width\":1417,\"height\":1417,\"caption\":\"Hijas de la Caridad\"},\"image\":{\"@id\":\"https:\\\/\\\/filles-de-la-charite.org\\\/it\\\/#\\\/schema\\\/logo\\\/image\\\/\"}},{\"@type\":\"Person\",\"@id\":\"https:\\\/\\\/filles-de-la-charite.org\\\/it\\\/#\\\/schema\\\/person\\\/427567b2eccfc2dd7d206da186a1f438\",\"name\":\"admin\",\"image\":{\"@type\":\"ImageObject\",\"inLanguage\":\"it-IT\",\"@id\":\"https:\\\/\\\/secure.gravatar.com\\\/avatar\\\/948b492cce32b586ac2db0eaa926ee87024f7afe218d73b397ea5ddfc5f43ea1?s=96&d=mm&r=g\",\"url\":\"https:\\\/\\\/secure.gravatar.com\\\/avatar\\\/948b492cce32b586ac2db0eaa926ee87024f7afe218d73b397ea5ddfc5f43ea1?s=96&d=mm&r=g\",\"contentUrl\":\"https:\\\/\\\/secure.gravatar.com\\\/avatar\\\/948b492cce32b586ac2db0eaa926ee87024f7afe218d73b397ea5ddfc5f43ea1?s=96&d=mm&r=g\",\"caption\":\"admin\"},\"sameAs\":[\"https:\\\/\\\/filles-de-la-charite.org\"],\"url\":\"https:\\\/\\\/filles-de-la-charite.org\\\/it\\\/author\\\/caridad\\\/\"}]}<\/script>\n<!-- \/ Yoast SEO plugin. -->","yoast_head_json":{"title":"Comunit\u00e0 itinerante di Cabo Delgado al servizio degli sfollati a causa della guerra - Filles de la Charit\u00e9","robots":{"index":"index","follow":"follow","max-snippet":"max-snippet:-1","max-image-preview":"max-image-preview:large","max-video-preview":"max-video-preview:-1"},"canonical":"https:\/\/filles-de-la-charite.org\/it\/comunita-itinerante-di-cabo-delgado-al-servizio-degli-sfollati-a-causa-della-guerra\/","og_locale":"it_IT","og_type":"article","og_title":"Comunit\u00e0 itinerante di Cabo Delgado al servizio degli sfollati a causa della guerra - Filles de la Charit\u00e9","og_description":"La situazione degli sfollati nel Nord del Mozambico ha scosso la nostra sensibilit\u00e0, il nostro cuore e la nostra mente, ricordando che &#8220;Alla scuola del Figlio di Dio, le Figlie della Carit\u00e0 imparano che nessuna miseria pu\u00f2 essere loro estranea. Cristo chiama continuamente la Compagnia attraverso i fratelli e le sorelle sofferenti, i segni dei [&hellip;]","og_url":"https:\/\/filles-de-la-charite.org\/it\/comunita-itinerante-di-cabo-delgado-al-servizio-degli-sfollati-a-causa-della-guerra\/","og_site_name":"Filles de la Charit\u00e9","article_published_time":"2021-05-01T15:59:40+00:00","article_modified_time":"2024-03-17T17:01:26+00:00","og_image":[{"width":964,"height":723,"url":"https:\/\/filles-de-la-charite.org\/wp-content\/uploads\/2023\/06\/1-1.png","type":"image\/png"}],"author":"admin","twitter_card":"summary_large_image","twitter_misc":{"Scritto da":"admin","Tempo di lettura stimato":"5 minuti"},"schema":{"@context":"https:\/\/schema.org","@graph":[{"@type":"Article","@id":"https:\/\/filles-de-la-charite.org\/it\/comunita-itinerante-di-cabo-delgado-al-servizio-degli-sfollati-a-causa-della-guerra\/#article","isPartOf":{"@id":"https:\/\/filles-de-la-charite.org\/it\/comunita-itinerante-di-cabo-delgado-al-servizio-degli-sfollati-a-causa-della-guerra\/"},"author":{"name":"admin","@id":"https:\/\/filles-de-la-charite.org\/it\/#\/schema\/person\/427567b2eccfc2dd7d206da186a1f438"},"headline":"Comunit\u00e0 itinerante di Cabo Delgado al servizio degli sfollati a causa della guerra","datePublished":"2021-05-01T15:59:40+00:00","dateModified":"2024-03-17T17:01:26+00:00","mainEntityOfPage":{"@id":"https:\/\/filles-de-la-charite.org\/it\/comunita-itinerante-di-cabo-delgado-al-servizio-degli-sfollati-a-causa-della-guerra\/"},"wordCount":703,"publisher":{"@id":"https:\/\/filles-de-la-charite.org\/it\/#organization"},"image":{"@id":"https:\/\/filles-de-la-charite.org\/it\/comunita-itinerante-di-cabo-delgado-al-servizio-degli-sfollati-a-causa-della-guerra\/#primaryimage"},"thumbnailUrl":"https:\/\/filles-de-la-charite.org\/wp-content\/uploads\/2023\/06\/1-1.png","articleSection":["Mozambico"],"inLanguage":"it-IT"},{"@type":"WebPage","@id":"https:\/\/filles-de-la-charite.org\/it\/comunita-itinerante-di-cabo-delgado-al-servizio-degli-sfollati-a-causa-della-guerra\/","url":"https:\/\/filles-de-la-charite.org\/it\/comunita-itinerante-di-cabo-delgado-al-servizio-degli-sfollati-a-causa-della-guerra\/","name":"Comunit\u00e0 itinerante di Cabo Delgado al servizio degli sfollati a causa della guerra - Filles de la Charit\u00e9","isPartOf":{"@id":"https:\/\/filles-de-la-charite.org\/it\/#website"},"primaryImageOfPage":{"@id":"https:\/\/filles-de-la-charite.org\/it\/comunita-itinerante-di-cabo-delgado-al-servizio-degli-sfollati-a-causa-della-guerra\/#primaryimage"},"image":{"@id":"https:\/\/filles-de-la-charite.org\/it\/comunita-itinerante-di-cabo-delgado-al-servizio-degli-sfollati-a-causa-della-guerra\/#primaryimage"},"thumbnailUrl":"https:\/\/filles-de-la-charite.org\/wp-content\/uploads\/2023\/06\/1-1.png","datePublished":"2021-05-01T15:59:40+00:00","dateModified":"2024-03-17T17:01:26+00:00","breadcrumb":{"@id":"https:\/\/filles-de-la-charite.org\/it\/comunita-itinerante-di-cabo-delgado-al-servizio-degli-sfollati-a-causa-della-guerra\/#breadcrumb"},"inLanguage":"it-IT","potentialAction":[{"@type":"ReadAction","target":["https:\/\/filles-de-la-charite.org\/it\/comunita-itinerante-di-cabo-delgado-al-servizio-degli-sfollati-a-causa-della-guerra\/"]}]},{"@type":"ImageObject","inLanguage":"it-IT","@id":"https:\/\/filles-de-la-charite.org\/it\/comunita-itinerante-di-cabo-delgado-al-servizio-degli-sfollati-a-causa-della-guerra\/#primaryimage","url":"https:\/\/filles-de-la-charite.org\/wp-content\/uploads\/2023\/06\/1-1.png","contentUrl":"https:\/\/filles-de-la-charite.org\/wp-content\/uploads\/2023\/06\/1-1.png","width":964,"height":723},{"@type":"BreadcrumbList","@id":"https:\/\/filles-de-la-charite.org\/it\/comunita-itinerante-di-cabo-delgado-al-servizio-degli-sfollati-a-causa-della-guerra\/#breadcrumb","itemListElement":[{"@type":"ListItem","position":1,"name":"Famiglia vincenziana","item":"https:\/\/filles-de-la-charite.org\/it\/category\/famiglia-vincenziana-it\/"},{"@type":"ListItem","position":2,"name":"Comunit\u00e0 itinerante di Cabo Delgado al servizio degli sfollati a causa della guerra"}]},{"@type":"WebSite","@id":"https:\/\/filles-de-la-charite.org\/it\/#website","url":"https:\/\/filles-de-la-charite.org\/it\/","name":"Hijas de la Caridad","description":"L\u2019amour de J\u00e9sus nous presse \u00e0 prendre soin des personnes les plus d\u00e9munies","publisher":{"@id":"https:\/\/filles-de-la-charite.org\/it\/#organization"},"potentialAction":[{"@type":"SearchAction","target":{"@type":"EntryPoint","urlTemplate":"https:\/\/filles-de-la-charite.org\/it\/?s={search_term_string}"},"query-input":{"@type":"PropertyValueSpecification","valueRequired":true,"valueName":"search_term_string"}}],"inLanguage":"it-IT"},{"@type":"Organization","@id":"https:\/\/filles-de-la-charite.org\/it\/#organization","name":"Hijas de la Caridad","url":"https:\/\/filles-de-la-charite.org\/it\/","logo":{"@type":"ImageObject","inLanguage":"it-IT","@id":"https:\/\/filles-de-la-charite.org\/it\/#\/schema\/logo\/image\/","url":"https:\/\/filles-de-la-charite.org\/wp-content\/uploads\/2023\/03\/isotipo-Hijas-de-la-Caridad.png","contentUrl":"https:\/\/filles-de-la-charite.org\/wp-content\/uploads\/2023\/03\/isotipo-Hijas-de-la-Caridad.png","width":1417,"height":1417,"caption":"Hijas de la Caridad"},"image":{"@id":"https:\/\/filles-de-la-charite.org\/it\/#\/schema\/logo\/image\/"}},{"@type":"Person","@id":"https:\/\/filles-de-la-charite.org\/it\/#\/schema\/person\/427567b2eccfc2dd7d206da186a1f438","name":"admin","image":{"@type":"ImageObject","inLanguage":"it-IT","@id":"https:\/\/secure.gravatar.com\/avatar\/948b492cce32b586ac2db0eaa926ee87024f7afe218d73b397ea5ddfc5f43ea1?s=96&d=mm&r=g","url":"https:\/\/secure.gravatar.com\/avatar\/948b492cce32b586ac2db0eaa926ee87024f7afe218d73b397ea5ddfc5f43ea1?s=96&d=mm&r=g","contentUrl":"https:\/\/secure.gravatar.com\/avatar\/948b492cce32b586ac2db0eaa926ee87024f7afe218d73b397ea5ddfc5f43ea1?s=96&d=mm&r=g","caption":"admin"},"sameAs":["https:\/\/filles-de-la-charite.org"],"url":"https:\/\/filles-de-la-charite.org\/it\/author\/caridad\/"}]}},"_links":{"self":[{"href":"https:\/\/filles-de-la-charite.org\/it\/wp-json\/wp\/v2\/posts\/23356","targetHints":{"allow":["GET"]}}],"collection":[{"href":"https:\/\/filles-de-la-charite.org\/it\/wp-json\/wp\/v2\/posts"}],"about":[{"href":"https:\/\/filles-de-la-charite.org\/it\/wp-json\/wp\/v2\/types\/post"}],"author":[{"embeddable":true,"href":"https:\/\/filles-de-la-charite.org\/it\/wp-json\/wp\/v2\/users\/1"}],"replies":[{"embeddable":true,"href":"https:\/\/filles-de-la-charite.org\/it\/wp-json\/wp\/v2\/comments?post=23356"}],"version-history":[{"count":1,"href":"https:\/\/filles-de-la-charite.org\/it\/wp-json\/wp\/v2\/posts\/23356\/revisions"}],"predecessor-version":[{"id":23357,"href":"https:\/\/filles-de-la-charite.org\/it\/wp-json\/wp\/v2\/posts\/23356\/revisions\/23357"}],"wp:featuredmedia":[{"embeddable":true,"href":"https:\/\/filles-de-la-charite.org\/it\/wp-json\/wp\/v2\/media\/15823"}],"wp:attachment":[{"href":"https:\/\/filles-de-la-charite.org\/it\/wp-json\/wp\/v2\/media?parent=23356"}],"wp:term":[{"taxonomy":"category","embeddable":true,"href":"https:\/\/filles-de-la-charite.org\/it\/wp-json\/wp\/v2\/categories?post=23356"},{"taxonomy":"post_tag","embeddable":true,"href":"https:\/\/filles-de-la-charite.org\/it\/wp-json\/wp\/v2\/tags?post=23356"}],"curies":[{"name":"wp","href":"https:\/\/api.w.org\/{rel}","templated":true}]}}