{"id":23360,"date":"2021-05-31T22:00:21","date_gmt":"2021-05-31T20:00:21","guid":{"rendered":"https:\/\/hijascaridad.sjdigitaldemo.ovh\/la-corea-raccoglie-la-sfida-del-superiore-generale\/"},"modified":"2024-03-17T18:00:01","modified_gmt":"2024-03-17T17:00:01","slug":"la-corea-raccoglie-la-sfida-del-superiore-generale","status":"publish","type":"post","link":"https:\/\/filles-de-la-charite.org\/it\/la-corea-raccoglie-la-sfida-del-superiore-generale\/","title":{"rendered":"La Corea raccoglie la sfida del Superiore generale"},"content":{"rendered":"\n<p>Quando Padre Toma\u017e Mavri\u010d, CM, Superiore Generale, ha visitato la Corea nel 2019, ha presentato la Campagna delle 13 Case e ha incoraggiato la Famiglia Vincenziana in Corea a lavorare per la sua riuscita. Dopo la sua visita, il Consiglio della Famiglia Vincenziana, in Corea, ha invitato i rami della Famiglia Vincenziana a intraprendere questo progetto ma a causa della pandemia di coronavirus 19, i membri non hanno potuto partecipare attivamente.<\/p>\n\n\n\n<div class=\"wp-block-image\"><figure class=\"alignleft size-large\"><img decoding=\"async\" src=\"https:\/\/filles-de-la-charite.org\/wp-content\/uploads\/2023\/06\/S.-Korea-3a.jpg\" alt=\"\" class=\"wp-image-62471\" \/><\/figure><\/div>\n\n\n\n<p>Nel 2020, il Consiglio della Famiglia Vincenziana si \u00e8 riunito e ha invitato le Figlie della Carit\u00e0 del Santuario di Santa Luisa, che si prendono cura delle donne migranti vittime di violenza domestica, a condividere la loro missione. Queste donne si trovano in una situazione estremamente difficile, aggravata dalla pandemia poich\u00e9 vivono tra le mura del Santuario e non possono uscire per lavorare. Inoltre, raggiunto il numero massimo di 2 anni di permanenza nel Santuario, devono partire per cercare un posto dove vivere e mantenersi. Una di loro, una donna con il suo bambino, era in questa situazione.<\/p>\n\n\n\n<p>Questa donna e il suo bambino hanno dovuto lasciare il Santuario ma le suore, vedendo che questa madre e questo bambino non avevano mezzi finanziari, hanno facilitato il processo fino a diventare le destinatarie della prima delle 13 Case. Le suore hanno fatto un ulteriore passo avanti e l&#8217;hanno aiutata a trovare un lavoro! Ora lavora mentre il bambino \u00e8 in un asilo nido. Provvede alle spese di soggiorno come cibo, acqua, elettricit\u00e0, tariffa del telefono cellulare, ecc.; le suore l&#8217;hanno anche aiutata a ottenere un sussidio governativo per le spese dell&#8217;asilo nido. Oggi possiamo dire che \u00e8 \u201ccosciente della propria dignit\u00e0 e agente di promozione della propria vita\u201d (cfr C.24e). Grazie a DIO e grazie alla nostra Famiglia Vincenziana!<\/p>\n\n\n\n<div class=\"wp-block-image\"><figure class=\"aligncenter size-large\"><img decoding=\"async\" src=\"https:\/\/filles-de-la-charite.org\/wp-content\/uploads\/2023\/06\/S.-Korea-2a.jpg\" alt=\"\" class=\"wp-image-62474\" \/><\/figure><\/div>\n","protected":false},"excerpt":{"rendered":"<p>Quando Padre Toma\u017e Mavri\u010d, CM, Superiore Generale, ha visitato la Corea nel 2019, ha presentato la Campagna delle 13 Case e ha incoraggiato la Famiglia Vincenziana in Corea a lavorare per la sua riuscita. Dopo la sua visita, il Consiglio della Famiglia Vincenziana, in Corea, ha invitato i rami della Famiglia Vincenziana a intraprendere questo [&hellip;]<\/p>\n","protected":false},"author":1,"featured_media":15887,"comment_status":"closed","ping_status":"closed","sticky":false,"template":"","format":"standard","meta":{"_acf_changed":false,"_et_pb_use_builder":"","_et_pb_old_content":"","_et_gb_content_width":"","footnotes":"","_links_to":"","_links_to_target":""},"categories":[761],"tags":[],"class_list":["post-23360","post","type-post","status-publish","format-standard","has-post-thumbnail","hentry","category-santa-luisa-asia-it"],"acf":[],"yoast_head":"<!-- This site is optimized with the Yoast SEO plugin v27.4 - https:\/\/yoast.com\/product\/yoast-seo-wordpress\/ -->\n<title>La Corea raccoglie la sfida del Superiore generale - Filles de la Charit\u00e9<\/title>\n<meta name=\"robots\" content=\"index, follow, max-snippet:-1, max-image-preview:large, max-video-preview:-1\" \/>\n<link rel=\"canonical\" href=\"https:\/\/filles-de-la-charite.org\/it\/la-corea-raccoglie-la-sfida-del-superiore-generale\/\" \/>\n<meta property=\"og:locale\" content=\"it_IT\" \/>\n<meta property=\"og:type\" content=\"article\" \/>\n<meta property=\"og:title\" content=\"La Corea raccoglie la sfida del Superiore generale - Filles de la Charit\u00e9\" \/>\n<meta property=\"og:description\" content=\"Quando Padre Toma\u017e Mavri\u010d, CM, Superiore Generale, ha visitato la Corea nel 2019, ha presentato la Campagna delle 13 Case e ha incoraggiato la Famiglia Vincenziana in Corea a lavorare per la sua riuscita. Dopo la sua visita, il Consiglio della Famiglia Vincenziana, in Corea, ha invitato i rami della Famiglia Vincenziana a intraprendere questo [&hellip;]\" \/>\n<meta property=\"og:url\" content=\"https:\/\/filles-de-la-charite.org\/it\/la-corea-raccoglie-la-sfida-del-superiore-generale\/\" \/>\n<meta property=\"og:site_name\" content=\"Filles de la Charit\u00e9\" \/>\n<meta property=\"article:published_time\" content=\"2021-05-31T20:00:21+00:00\" \/>\n<meta property=\"article:modified_time\" content=\"2024-03-17T17:00:01+00:00\" \/>\n<meta property=\"og:image\" content=\"https:\/\/filles-de-la-charite.org\/wp-content\/uploads\/2023\/06\/S.-Korea-1a.jpg\" \/>\n\t<meta property=\"og:image:width\" content=\"826\" \/>\n\t<meta property=\"og:image:height\" content=\"397\" \/>\n\t<meta property=\"og:image:type\" content=\"image\/jpeg\" \/>\n<meta name=\"author\" content=\"admin\" \/>\n<meta name=\"twitter:card\" content=\"summary_large_image\" \/>\n<meta name=\"twitter:label1\" content=\"Scritto da\" \/>\n\t<meta name=\"twitter:data1\" content=\"admin\" \/>\n\t<meta name=\"twitter:label2\" content=\"Tempo di lettura stimato\" \/>\n\t<meta name=\"twitter:data2\" content=\"2 minuti\" \/>\n<script type=\"application\/ld+json\" class=\"yoast-schema-graph\">{\"@context\":\"https:\\\/\\\/schema.org\",\"@graph\":[{\"@type\":\"Article\",\"@id\":\"https:\\\/\\\/filles-de-la-charite.org\\\/it\\\/la-corea-raccoglie-la-sfida-del-superiore-generale\\\/#article\",\"isPartOf\":{\"@id\":\"https:\\\/\\\/filles-de-la-charite.org\\\/it\\\/la-corea-raccoglie-la-sfida-del-superiore-generale\\\/\"},\"author\":{\"name\":\"admin\",\"@id\":\"https:\\\/\\\/filles-de-la-charite.org\\\/it\\\/#\\\/schema\\\/person\\\/427567b2eccfc2dd7d206da186a1f438\"},\"headline\":\"La Corea raccoglie la sfida del Superiore generale\",\"datePublished\":\"2021-05-31T20:00:21+00:00\",\"dateModified\":\"2024-03-17T17:00:01+00:00\",\"mainEntityOfPage\":{\"@id\":\"https:\\\/\\\/filles-de-la-charite.org\\\/it\\\/la-corea-raccoglie-la-sfida-del-superiore-generale\\\/\"},\"wordCount\":292,\"publisher\":{\"@id\":\"https:\\\/\\\/filles-de-la-charite.org\\\/it\\\/#organization\"},\"image\":{\"@id\":\"https:\\\/\\\/filles-de-la-charite.org\\\/it\\\/la-corea-raccoglie-la-sfida-del-superiore-generale\\\/#primaryimage\"},\"thumbnailUrl\":\"https:\\\/\\\/filles-de-la-charite.org\\\/wp-content\\\/uploads\\\/2023\\\/06\\\/S.-Korea-1a.jpg\",\"articleSection\":[\"Santa Luisa - Asia\"],\"inLanguage\":\"it-IT\"},{\"@type\":\"WebPage\",\"@id\":\"https:\\\/\\\/filles-de-la-charite.org\\\/it\\\/la-corea-raccoglie-la-sfida-del-superiore-generale\\\/\",\"url\":\"https:\\\/\\\/filles-de-la-charite.org\\\/it\\\/la-corea-raccoglie-la-sfida-del-superiore-generale\\\/\",\"name\":\"La Corea raccoglie la sfida del Superiore generale - Filles de la Charit\u00e9\",\"isPartOf\":{\"@id\":\"https:\\\/\\\/filles-de-la-charite.org\\\/it\\\/#website\"},\"primaryImageOfPage\":{\"@id\":\"https:\\\/\\\/filles-de-la-charite.org\\\/it\\\/la-corea-raccoglie-la-sfida-del-superiore-generale\\\/#primaryimage\"},\"image\":{\"@id\":\"https:\\\/\\\/filles-de-la-charite.org\\\/it\\\/la-corea-raccoglie-la-sfida-del-superiore-generale\\\/#primaryimage\"},\"thumbnailUrl\":\"https:\\\/\\\/filles-de-la-charite.org\\\/wp-content\\\/uploads\\\/2023\\\/06\\\/S.-Korea-1a.jpg\",\"datePublished\":\"2021-05-31T20:00:21+00:00\",\"dateModified\":\"2024-03-17T17:00:01+00:00\",\"breadcrumb\":{\"@id\":\"https:\\\/\\\/filles-de-la-charite.org\\\/it\\\/la-corea-raccoglie-la-sfida-del-superiore-generale\\\/#breadcrumb\"},\"inLanguage\":\"it-IT\",\"potentialAction\":[{\"@type\":\"ReadAction\",\"target\":[\"https:\\\/\\\/filles-de-la-charite.org\\\/it\\\/la-corea-raccoglie-la-sfida-del-superiore-generale\\\/\"]}]},{\"@type\":\"ImageObject\",\"inLanguage\":\"it-IT\",\"@id\":\"https:\\\/\\\/filles-de-la-charite.org\\\/it\\\/la-corea-raccoglie-la-sfida-del-superiore-generale\\\/#primaryimage\",\"url\":\"https:\\\/\\\/filles-de-la-charite.org\\\/wp-content\\\/uploads\\\/2023\\\/06\\\/S.-Korea-1a.jpg\",\"contentUrl\":\"https:\\\/\\\/filles-de-la-charite.org\\\/wp-content\\\/uploads\\\/2023\\\/06\\\/S.-Korea-1a.jpg\",\"width\":826,\"height\":397},{\"@type\":\"BreadcrumbList\",\"@id\":\"https:\\\/\\\/filles-de-la-charite.org\\\/it\\\/la-corea-raccoglie-la-sfida-del-superiore-generale\\\/#breadcrumb\",\"itemListElement\":[{\"@type\":\"ListItem\",\"position\":1,\"name\":\"Indonesia\",\"item\":\"https:\\\/\\\/filles-de-la-charite.org\\\/it\\\/category\\\/indonesia-it\\\/\"},{\"@type\":\"ListItem\",\"position\":2,\"name\":\"La Corea raccoglie la sfida del Superiore generale\"}]},{\"@type\":\"WebSite\",\"@id\":\"https:\\\/\\\/filles-de-la-charite.org\\\/it\\\/#website\",\"url\":\"https:\\\/\\\/filles-de-la-charite.org\\\/it\\\/\",\"name\":\"Hijas de la Caridad\",\"description\":\"L\u2019amour de J\u00e9sus nous presse \u00e0 prendre soin des personnes les plus d\u00e9munies\",\"publisher\":{\"@id\":\"https:\\\/\\\/filles-de-la-charite.org\\\/it\\\/#organization\"},\"potentialAction\":[{\"@type\":\"SearchAction\",\"target\":{\"@type\":\"EntryPoint\",\"urlTemplate\":\"https:\\\/\\\/filles-de-la-charite.org\\\/it\\\/?s={search_term_string}\"},\"query-input\":{\"@type\":\"PropertyValueSpecification\",\"valueRequired\":true,\"valueName\":\"search_term_string\"}}],\"inLanguage\":\"it-IT\"},{\"@type\":\"Organization\",\"@id\":\"https:\\\/\\\/filles-de-la-charite.org\\\/it\\\/#organization\",\"name\":\"Hijas de la Caridad\",\"url\":\"https:\\\/\\\/filles-de-la-charite.org\\\/it\\\/\",\"logo\":{\"@type\":\"ImageObject\",\"inLanguage\":\"it-IT\",\"@id\":\"https:\\\/\\\/filles-de-la-charite.org\\\/it\\\/#\\\/schema\\\/logo\\\/image\\\/\",\"url\":\"https:\\\/\\\/filles-de-la-charite.org\\\/wp-content\\\/uploads\\\/2023\\\/03\\\/isotipo-Hijas-de-la-Caridad.png\",\"contentUrl\":\"https:\\\/\\\/filles-de-la-charite.org\\\/wp-content\\\/uploads\\\/2023\\\/03\\\/isotipo-Hijas-de-la-Caridad.png\",\"width\":1417,\"height\":1417,\"caption\":\"Hijas de la Caridad\"},\"image\":{\"@id\":\"https:\\\/\\\/filles-de-la-charite.org\\\/it\\\/#\\\/schema\\\/logo\\\/image\\\/\"}},{\"@type\":\"Person\",\"@id\":\"https:\\\/\\\/filles-de-la-charite.org\\\/it\\\/#\\\/schema\\\/person\\\/427567b2eccfc2dd7d206da186a1f438\",\"name\":\"admin\",\"image\":{\"@type\":\"ImageObject\",\"inLanguage\":\"it-IT\",\"@id\":\"https:\\\/\\\/secure.gravatar.com\\\/avatar\\\/948b492cce32b586ac2db0eaa926ee87024f7afe218d73b397ea5ddfc5f43ea1?s=96&d=mm&r=g\",\"url\":\"https:\\\/\\\/secure.gravatar.com\\\/avatar\\\/948b492cce32b586ac2db0eaa926ee87024f7afe218d73b397ea5ddfc5f43ea1?s=96&d=mm&r=g\",\"contentUrl\":\"https:\\\/\\\/secure.gravatar.com\\\/avatar\\\/948b492cce32b586ac2db0eaa926ee87024f7afe218d73b397ea5ddfc5f43ea1?s=96&d=mm&r=g\",\"caption\":\"admin\"},\"sameAs\":[\"https:\\\/\\\/filles-de-la-charite.org\"],\"url\":\"https:\\\/\\\/filles-de-la-charite.org\\\/it\\\/author\\\/caridad\\\/\"}]}<\/script>\n<!-- \/ Yoast SEO plugin. -->","yoast_head_json":{"title":"La Corea raccoglie la sfida del Superiore generale - Filles de la Charit\u00e9","robots":{"index":"index","follow":"follow","max-snippet":"max-snippet:-1","max-image-preview":"max-image-preview:large","max-video-preview":"max-video-preview:-1"},"canonical":"https:\/\/filles-de-la-charite.org\/it\/la-corea-raccoglie-la-sfida-del-superiore-generale\/","og_locale":"it_IT","og_type":"article","og_title":"La Corea raccoglie la sfida del Superiore generale - Filles de la Charit\u00e9","og_description":"Quando Padre Toma\u017e Mavri\u010d, CM, Superiore Generale, ha visitato la Corea nel 2019, ha presentato la Campagna delle 13 Case e ha incoraggiato la Famiglia Vincenziana in Corea a lavorare per la sua riuscita. Dopo la sua visita, il Consiglio della Famiglia Vincenziana, in Corea, ha invitato i rami della Famiglia Vincenziana a intraprendere questo [&hellip;]","og_url":"https:\/\/filles-de-la-charite.org\/it\/la-corea-raccoglie-la-sfida-del-superiore-generale\/","og_site_name":"Filles de la Charit\u00e9","article_published_time":"2021-05-31T20:00:21+00:00","article_modified_time":"2024-03-17T17:00:01+00:00","og_image":[{"width":826,"height":397,"url":"https:\/\/filles-de-la-charite.org\/wp-content\/uploads\/2023\/06\/S.-Korea-1a.jpg","type":"image\/jpeg"}],"author":"admin","twitter_card":"summary_large_image","twitter_misc":{"Scritto da":"admin","Tempo di lettura stimato":"2 minuti"},"schema":{"@context":"https:\/\/schema.org","@graph":[{"@type":"Article","@id":"https:\/\/filles-de-la-charite.org\/it\/la-corea-raccoglie-la-sfida-del-superiore-generale\/#article","isPartOf":{"@id":"https:\/\/filles-de-la-charite.org\/it\/la-corea-raccoglie-la-sfida-del-superiore-generale\/"},"author":{"name":"admin","@id":"https:\/\/filles-de-la-charite.org\/it\/#\/schema\/person\/427567b2eccfc2dd7d206da186a1f438"},"headline":"La Corea raccoglie la sfida del Superiore generale","datePublished":"2021-05-31T20:00:21+00:00","dateModified":"2024-03-17T17:00:01+00:00","mainEntityOfPage":{"@id":"https:\/\/filles-de-la-charite.org\/it\/la-corea-raccoglie-la-sfida-del-superiore-generale\/"},"wordCount":292,"publisher":{"@id":"https:\/\/filles-de-la-charite.org\/it\/#organization"},"image":{"@id":"https:\/\/filles-de-la-charite.org\/it\/la-corea-raccoglie-la-sfida-del-superiore-generale\/#primaryimage"},"thumbnailUrl":"https:\/\/filles-de-la-charite.org\/wp-content\/uploads\/2023\/06\/S.-Korea-1a.jpg","articleSection":["Santa Luisa - Asia"],"inLanguage":"it-IT"},{"@type":"WebPage","@id":"https:\/\/filles-de-la-charite.org\/it\/la-corea-raccoglie-la-sfida-del-superiore-generale\/","url":"https:\/\/filles-de-la-charite.org\/it\/la-corea-raccoglie-la-sfida-del-superiore-generale\/","name":"La Corea raccoglie la sfida del Superiore generale - Filles de la Charit\u00e9","isPartOf":{"@id":"https:\/\/filles-de-la-charite.org\/it\/#website"},"primaryImageOfPage":{"@id":"https:\/\/filles-de-la-charite.org\/it\/la-corea-raccoglie-la-sfida-del-superiore-generale\/#primaryimage"},"image":{"@id":"https:\/\/filles-de-la-charite.org\/it\/la-corea-raccoglie-la-sfida-del-superiore-generale\/#primaryimage"},"thumbnailUrl":"https:\/\/filles-de-la-charite.org\/wp-content\/uploads\/2023\/06\/S.-Korea-1a.jpg","datePublished":"2021-05-31T20:00:21+00:00","dateModified":"2024-03-17T17:00:01+00:00","breadcrumb":{"@id":"https:\/\/filles-de-la-charite.org\/it\/la-corea-raccoglie-la-sfida-del-superiore-generale\/#breadcrumb"},"inLanguage":"it-IT","potentialAction":[{"@type":"ReadAction","target":["https:\/\/filles-de-la-charite.org\/it\/la-corea-raccoglie-la-sfida-del-superiore-generale\/"]}]},{"@type":"ImageObject","inLanguage":"it-IT","@id":"https:\/\/filles-de-la-charite.org\/it\/la-corea-raccoglie-la-sfida-del-superiore-generale\/#primaryimage","url":"https:\/\/filles-de-la-charite.org\/wp-content\/uploads\/2023\/06\/S.-Korea-1a.jpg","contentUrl":"https:\/\/filles-de-la-charite.org\/wp-content\/uploads\/2023\/06\/S.-Korea-1a.jpg","width":826,"height":397},{"@type":"BreadcrumbList","@id":"https:\/\/filles-de-la-charite.org\/it\/la-corea-raccoglie-la-sfida-del-superiore-generale\/#breadcrumb","itemListElement":[{"@type":"ListItem","position":1,"name":"Indonesia","item":"https:\/\/filles-de-la-charite.org\/it\/category\/indonesia-it\/"},{"@type":"ListItem","position":2,"name":"La Corea raccoglie la sfida del Superiore generale"}]},{"@type":"WebSite","@id":"https:\/\/filles-de-la-charite.org\/it\/#website","url":"https:\/\/filles-de-la-charite.org\/it\/","name":"Hijas de la Caridad","description":"L\u2019amour de J\u00e9sus nous presse \u00e0 prendre soin des personnes les plus d\u00e9munies","publisher":{"@id":"https:\/\/filles-de-la-charite.org\/it\/#organization"},"potentialAction":[{"@type":"SearchAction","target":{"@type":"EntryPoint","urlTemplate":"https:\/\/filles-de-la-charite.org\/it\/?s={search_term_string}"},"query-input":{"@type":"PropertyValueSpecification","valueRequired":true,"valueName":"search_term_string"}}],"inLanguage":"it-IT"},{"@type":"Organization","@id":"https:\/\/filles-de-la-charite.org\/it\/#organization","name":"Hijas de la Caridad","url":"https:\/\/filles-de-la-charite.org\/it\/","logo":{"@type":"ImageObject","inLanguage":"it-IT","@id":"https:\/\/filles-de-la-charite.org\/it\/#\/schema\/logo\/image\/","url":"https:\/\/filles-de-la-charite.org\/wp-content\/uploads\/2023\/03\/isotipo-Hijas-de-la-Caridad.png","contentUrl":"https:\/\/filles-de-la-charite.org\/wp-content\/uploads\/2023\/03\/isotipo-Hijas-de-la-Caridad.png","width":1417,"height":1417,"caption":"Hijas de la Caridad"},"image":{"@id":"https:\/\/filles-de-la-charite.org\/it\/#\/schema\/logo\/image\/"}},{"@type":"Person","@id":"https:\/\/filles-de-la-charite.org\/it\/#\/schema\/person\/427567b2eccfc2dd7d206da186a1f438","name":"admin","image":{"@type":"ImageObject","inLanguage":"it-IT","@id":"https:\/\/secure.gravatar.com\/avatar\/948b492cce32b586ac2db0eaa926ee87024f7afe218d73b397ea5ddfc5f43ea1?s=96&d=mm&r=g","url":"https:\/\/secure.gravatar.com\/avatar\/948b492cce32b586ac2db0eaa926ee87024f7afe218d73b397ea5ddfc5f43ea1?s=96&d=mm&r=g","contentUrl":"https:\/\/secure.gravatar.com\/avatar\/948b492cce32b586ac2db0eaa926ee87024f7afe218d73b397ea5ddfc5f43ea1?s=96&d=mm&r=g","caption":"admin"},"sameAs":["https:\/\/filles-de-la-charite.org"],"url":"https:\/\/filles-de-la-charite.org\/it\/author\/caridad\/"}]}},"_links":{"self":[{"href":"https:\/\/filles-de-la-charite.org\/it\/wp-json\/wp\/v2\/posts\/23360","targetHints":{"allow":["GET"]}}],"collection":[{"href":"https:\/\/filles-de-la-charite.org\/it\/wp-json\/wp\/v2\/posts"}],"about":[{"href":"https:\/\/filles-de-la-charite.org\/it\/wp-json\/wp\/v2\/types\/post"}],"author":[{"embeddable":true,"href":"https:\/\/filles-de-la-charite.org\/it\/wp-json\/wp\/v2\/users\/1"}],"replies":[{"embeddable":true,"href":"https:\/\/filles-de-la-charite.org\/it\/wp-json\/wp\/v2\/comments?post=23360"}],"version-history":[{"count":1,"href":"https:\/\/filles-de-la-charite.org\/it\/wp-json\/wp\/v2\/posts\/23360\/revisions"}],"predecessor-version":[{"id":23361,"href":"https:\/\/filles-de-la-charite.org\/it\/wp-json\/wp\/v2\/posts\/23360\/revisions\/23361"}],"wp:featuredmedia":[{"embeddable":true,"href":"https:\/\/filles-de-la-charite.org\/it\/wp-json\/wp\/v2\/media\/15887"}],"wp:attachment":[{"href":"https:\/\/filles-de-la-charite.org\/it\/wp-json\/wp\/v2\/media?parent=23360"}],"wp:term":[{"taxonomy":"category","embeddable":true,"href":"https:\/\/filles-de-la-charite.org\/it\/wp-json\/wp\/v2\/categories?post=23360"},{"taxonomy":"post_tag","embeddable":true,"href":"https:\/\/filles-de-la-charite.org\/it\/wp-json\/wp\/v2\/tags?post=23360"}],"curies":[{"name":"wp","href":"https:\/\/api.w.org\/{rel}","templated":true}]}}