{"id":23362,"date":"2021-05-31T22:00:00","date_gmt":"2021-05-31T20:00:00","guid":{"rendered":"https:\/\/hijascaridad.sjdigitaldemo.ovh\/lescale-louise-de-marillac-a-fresnes-unesperienza-di-ephata\/"},"modified":"2024-03-17T18:00:49","modified_gmt":"2024-03-17T17:00:49","slug":"lescale-louise-de-marillac-a-fresnes-unesperienza-di-ephata","status":"publish","type":"post","link":"https:\/\/filles-de-la-charite.org\/it\/lescale-louise-de-marillac-a-fresnes-unesperienza-di-ephata\/","title":{"rendered":"L&#8217;Escale Louise de Marillac a Fresnes, un&#8217;esperienza di Ephata"},"content":{"rendered":"\n<p>Tra la paura e la confusione che spesso affliggono i parenti dei detenuti, ci sono le Figlie della Carit\u00e0; quattro Suore e alcuni volontari per tenere le porte e i cuori aperti alle famiglie dei detenuti. Dall&#8217;arrivo delle prime due Figlie della Carit\u00e0 a Fresnes nel 1755 per curare i malati e insegnare ai bambini, la Compagnia, mossa dallo Spirito, non ha mai cessato di aprirsi alla continua chiamata di Cristo nella persona dei poveri. Suor Madeleine nelle ambulanze, un&#8217;altra alla lavanderia, alcune alla porta, al dispensario, nella scuola per ragazze&#8230; tutto questo in collaborazione con gli abitanti di Fresnes: non meno di due comunit\u00e0 nella stessa strada.<\/p>\n\n\n\n<div class=\"wp-block-image\"><figure class=\"aligncenter size-large\"><img decoding=\"async\" src=\"https:\/\/filles-de-la-charite.org\/wp-content\/uploads\/2023\/06\/1.-The-guest-house-for-persons-released-from-prison-1024x600-1.jpg\" alt=\"\" class=\"wp-image-62527\" \/><figcaption><em><strong>La casa di accoglienza per chi \u00e8 uscito di prigion<\/strong><\/em><\/figcaption><\/figure><\/div>\n\n\n\n<p>Nel 1904, dopo la separazione tra Chiesa e Stato (legge Combes), le Suore accolsero un centinaio di ragazze. La Suor Servente di allora, Suor Carola, ottenne il permesso per tenere aperta la casa. In segno di gratitudine fece fare una chiave per simboleggiare l&#8217;apertura ponendola ai piedi della statua della Vergine nella cappella della comunit\u00e0. Da allora, &#8220;l&#8217;apertura&#8221; \u00e8 rimasta al cuore dei progetti comunitari delle Figlie della Carit\u00e0 di Fresnes.<\/p>\n\n\n\n<div class=\"wp-block-image\"><figure class=\"aligncenter size-large\"><img decoding=\"async\" src=\"https:\/\/filles-de-la-charite.org\/wp-content\/uploads\/2023\/06\/2.-The-main-house-of-the-Community-and-for-families-of-detainees-1024x768-1.jpg\" alt=\"\" class=\"wp-image-62528\" \/><figcaption><em><strong>\u00a0La casa principale per la comunit\u00e0 e per le famiglie dei detenuti<\/strong><\/em><\/figcaption><\/figure><\/div>\n\n\n\n<p>Oggi, una Comunit\u00e0 multiculturale di quattro Suore anima il lavoro <em>all&#8217;Escale Louise de Marillac<\/em> e cerca di vivere quotidianamente <em>l\u2019Ephata<\/em>. <em>L&#8217;Escale<\/em> \u00e8 un rifugio e un alloggio sicuro, un&#8217;oasi di pace per le famiglie dei detenuti nelle prigioni di Fresnes, Fleury-M\u00e9rogis o in altri centri di detenzione della regione Ile de France. Accogliamo principalmente famiglie provenienti da province che sono a pi\u00f9 di 200 km di distanza da Parigi o da altri paesi.<\/p>\n\n\n\n<div class=\"wp-block-image\"><figure class=\"alignleft size-large\"><img decoding=\"async\" src=\"https:\/\/filles-de-la-charite.org\/wp-content\/uploads\/2023\/06\/3.-Tania-our-current-guest-768x1024-1.jpg\" alt=\"\" class=\"wp-image-62533\" \/><figcaption><strong><em>Tania, la nostra attuale ospite<\/em><\/strong><\/figcaption><\/figure><\/div>\n\n\n\n<p><em>L&#8217;Escale<\/em> fu aperta nell&#8217;agosto 1989 in risposta ad una chiamata da parte delle famiglie dei detenuti. Da allora, le porte sono sempre state aperte; la Comunit\u00e0 vive al ritmo dell&#8217;area visitatori delle carceri, per offrire uno spazio dove le famiglie possano riposare e deporre il fardello del loro dolore prima e\/o dopo una visita difficile a un familiare in detenzione.\u00a0 Soprattutto, \u00e8 necessario salvaguardare i legami affettivi e familiari che rischiano di sgretolarsi durante la detenzione, il processo e la scarcerazione perch\u00e9 il carcere destabilizza e indebolisce i legami familiari. L&#8217;idea di aprire <em>l&#8217;Escale<\/em> fu molto contestata a quel tempo perch\u00e9 l&#8217;ambiente carcerario era spaventoso.\u00a0 Per le Suore, si trattava di abbattere i muri della paura con l&#8217;audacia della carit\u00e0 per aprirsi, andare verso e incontrare queste famiglie.<\/p>\n\n\n\n<p>La Comunit\u00e0 ha dovuto adattarsi nel tempo e secondo gli eventi per essere in grado di rispondere alle esigenze del momento pur rimanendo attenta e aperta alle nuove sfide. Durante questo periodo di pandemia, si sono avute altre richieste individuali o di consulenti per la libert\u00e0 vigilata e l&#8217;integrazione e da parte di associazioni partner che lavorano nelle carceri, con richieste per accogliere persone in uscita dal carcere, persone in situazioni molto precarie e migranti in cerca di aiuto, a breve o lungo termine a seconda dei bisogni.<\/p>\n\n\n\n<div class=\"wp-block-image\"><figure class=\"aligncenter size-large\"><img decoding=\"async\" src=\"https:\/\/filles-de-la-charite.org\/wp-content\/uploads\/2023\/06\/Tania-1024x768-1.jpg\" alt=\"\" class=\"wp-image-62534\" \/><\/figure><\/div>\n\n\n\n<p>Vivere in una tale missione richiede radicamento nella preghiera, un cuore a cuore con il Signore che ci dice incessantemente: <em>In verit\u00e0 vi dico: ogni volta che avete fatto queste cose a uno solo di questi miei fratelli pi\u00f9 piccoli, l&#8217;avete fatto a me. (Mt 25,40).<\/em> Come Maria, Egli ci chiama ad essere sempre attente ai bisogni delle persone, qualunque sia il loro credo, la loro razza o cultura, ad ascoltarle, e spesso a rimanere in silenzio e a parlare solo con un semplice gesto o con un sorriso perch\u00e9 le parole possono sembrare vuote, incomprensibili e inutili di fronte alla gravit\u00e0 delle loro tragedie familiari: <em>\u00abCoraggio, sono io, non abbiate paura\u00bb. (cfr. Mt 14,27).<\/em><\/p>\n\n\n\n<div class=\"wp-block-image\"><figure class=\"aligncenter size-large\"><img decoding=\"async\" src=\"https:\/\/filles-de-la-charite.org\/wp-content\/uploads\/2023\/06\/4.-The-Garden-1024x768-1.jpg\" alt=\"\" class=\"wp-image-62531\" \/><figcaption><em><strong>Giardino Escale<\/strong><\/em><\/figcaption><\/figure><\/div>\n","protected":false},"excerpt":{"rendered":"<p>Tra la paura e la confusione che spesso affliggono i parenti dei detenuti, ci sono le Figlie della Carit\u00e0; quattro Suore e alcuni volontari per tenere le porte e i cuori aperti alle famiglie dei detenuti. Dall&#8217;arrivo delle prime due Figlie della Carit\u00e0 a Fresnes nel 1755 per curare i malati e insegnare ai bambini, [&hellip;]<\/p>\n","protected":false},"author":1,"featured_media":15945,"comment_status":"closed","ping_status":"closed","sticky":false,"template":"","format":"standard","meta":{"_acf_changed":false,"_et_pb_use_builder":"","_et_pb_old_content":"","_et_gb_content_width":"","footnotes":"","_links_to":"","_links_to_target":""},"categories":[564],"tags":[],"class_list":["post-23362","post","type-post","status-publish","format-standard","has-post-thumbnail","hentry","category-belgio-francia-svizzera-it"],"acf":[],"yoast_head":"<!-- This site is optimized with the Yoast SEO plugin v27.5 - https:\/\/yoast.com\/product\/yoast-seo-wordpress\/ -->\n<title>L&#039;Escale Louise de Marillac a Fresnes, un&#039;esperienza di Ephata - Filles de la Charit\u00e9<\/title>\n<meta name=\"robots\" content=\"index, follow, max-snippet:-1, max-image-preview:large, max-video-preview:-1\" \/>\n<link rel=\"canonical\" href=\"https:\/\/filles-de-la-charite.org\/it\/lescale-louise-de-marillac-a-fresnes-unesperienza-di-ephata\/\" \/>\n<meta property=\"og:locale\" content=\"it_IT\" \/>\n<meta property=\"og:type\" content=\"article\" \/>\n<meta property=\"og:title\" content=\"L&#039;Escale Louise de Marillac a Fresnes, un&#039;esperienza di Ephata - Filles de la Charit\u00e9\" \/>\n<meta property=\"og:description\" content=\"Tra la paura e la confusione che spesso affliggono i parenti dei detenuti, ci sono le Figlie della Carit\u00e0; quattro Suore e alcuni volontari per tenere le porte e i cuori aperti alle famiglie dei detenuti. Dall&#8217;arrivo delle prime due Figlie della Carit\u00e0 a Fresnes nel 1755 per curare i malati e insegnare ai bambini, [&hellip;]\" \/>\n<meta property=\"og:url\" content=\"https:\/\/filles-de-la-charite.org\/it\/lescale-louise-de-marillac-a-fresnes-unesperienza-di-ephata\/\" \/>\n<meta property=\"og:site_name\" content=\"Filles de la Charit\u00e9\" \/>\n<meta property=\"article:published_time\" content=\"2021-05-31T20:00:00+00:00\" \/>\n<meta property=\"article:modified_time\" content=\"2024-03-17T17:00:49+00:00\" \/>\n<meta property=\"og:image\" content=\"https:\/\/filles-de-la-charite.org\/wp-content\/uploads\/2023\/06\/Tania-scaled-1.jpg\" \/>\n\t<meta property=\"og:image:width\" content=\"2560\" \/>\n\t<meta property=\"og:image:height\" content=\"1920\" \/>\n\t<meta property=\"og:image:type\" content=\"image\/jpeg\" \/>\n<meta name=\"author\" content=\"admin\" \/>\n<meta name=\"twitter:card\" content=\"summary_large_image\" \/>\n<meta name=\"twitter:label1\" content=\"Scritto da\" \/>\n\t<meta name=\"twitter:data1\" content=\"admin\" \/>\n\t<meta name=\"twitter:label2\" content=\"Tempo di lettura stimato\" \/>\n\t<meta name=\"twitter:data2\" content=\"4 minuti\" \/>\n<script type=\"application\/ld+json\" class=\"yoast-schema-graph\">{\"@context\":\"https:\\\/\\\/schema.org\",\"@graph\":[{\"@type\":\"Article\",\"@id\":\"https:\\\/\\\/filles-de-la-charite.org\\\/it\\\/lescale-louise-de-marillac-a-fresnes-unesperienza-di-ephata\\\/#article\",\"isPartOf\":{\"@id\":\"https:\\\/\\\/filles-de-la-charite.org\\\/it\\\/lescale-louise-de-marillac-a-fresnes-unesperienza-di-ephata\\\/\"},\"author\":{\"name\":\"admin\",\"@id\":\"https:\\\/\\\/filles-de-la-charite.org\\\/it\\\/#\\\/schema\\\/person\\\/427567b2eccfc2dd7d206da186a1f438\"},\"headline\":\"L&#8217;Escale Louise de Marillac a Fresnes, un&#8217;esperienza di Ephata\",\"datePublished\":\"2021-05-31T20:00:00+00:00\",\"dateModified\":\"2024-03-17T17:00:49+00:00\",\"mainEntityOfPage\":{\"@id\":\"https:\\\/\\\/filles-de-la-charite.org\\\/it\\\/lescale-louise-de-marillac-a-fresnes-unesperienza-di-ephata\\\/\"},\"wordCount\":632,\"publisher\":{\"@id\":\"https:\\\/\\\/filles-de-la-charite.org\\\/it\\\/#organization\"},\"image\":{\"@id\":\"https:\\\/\\\/filles-de-la-charite.org\\\/it\\\/lescale-louise-de-marillac-a-fresnes-unesperienza-di-ephata\\\/#primaryimage\"},\"thumbnailUrl\":\"https:\\\/\\\/filles-de-la-charite.org\\\/wp-content\\\/uploads\\\/2023\\\/06\\\/Tania-scaled-1.jpg\",\"articleSection\":[\"Belgio-Francia-Svizzera\"],\"inLanguage\":\"it-IT\"},{\"@type\":\"WebPage\",\"@id\":\"https:\\\/\\\/filles-de-la-charite.org\\\/it\\\/lescale-louise-de-marillac-a-fresnes-unesperienza-di-ephata\\\/\",\"url\":\"https:\\\/\\\/filles-de-la-charite.org\\\/it\\\/lescale-louise-de-marillac-a-fresnes-unesperienza-di-ephata\\\/\",\"name\":\"L'Escale Louise de Marillac a Fresnes, un'esperienza di Ephata - Filles de la Charit\u00e9\",\"isPartOf\":{\"@id\":\"https:\\\/\\\/filles-de-la-charite.org\\\/it\\\/#website\"},\"primaryImageOfPage\":{\"@id\":\"https:\\\/\\\/filles-de-la-charite.org\\\/it\\\/lescale-louise-de-marillac-a-fresnes-unesperienza-di-ephata\\\/#primaryimage\"},\"image\":{\"@id\":\"https:\\\/\\\/filles-de-la-charite.org\\\/it\\\/lescale-louise-de-marillac-a-fresnes-unesperienza-di-ephata\\\/#primaryimage\"},\"thumbnailUrl\":\"https:\\\/\\\/filles-de-la-charite.org\\\/wp-content\\\/uploads\\\/2023\\\/06\\\/Tania-scaled-1.jpg\",\"datePublished\":\"2021-05-31T20:00:00+00:00\",\"dateModified\":\"2024-03-17T17:00:49+00:00\",\"breadcrumb\":{\"@id\":\"https:\\\/\\\/filles-de-la-charite.org\\\/it\\\/lescale-louise-de-marillac-a-fresnes-unesperienza-di-ephata\\\/#breadcrumb\"},\"inLanguage\":\"it-IT\",\"potentialAction\":[{\"@type\":\"ReadAction\",\"target\":[\"https:\\\/\\\/filles-de-la-charite.org\\\/it\\\/lescale-louise-de-marillac-a-fresnes-unesperienza-di-ephata\\\/\"]}]},{\"@type\":\"ImageObject\",\"inLanguage\":\"it-IT\",\"@id\":\"https:\\\/\\\/filles-de-la-charite.org\\\/it\\\/lescale-louise-de-marillac-a-fresnes-unesperienza-di-ephata\\\/#primaryimage\",\"url\":\"https:\\\/\\\/filles-de-la-charite.org\\\/wp-content\\\/uploads\\\/2023\\\/06\\\/Tania-scaled-1.jpg\",\"contentUrl\":\"https:\\\/\\\/filles-de-la-charite.org\\\/wp-content\\\/uploads\\\/2023\\\/06\\\/Tania-scaled-1.jpg\",\"width\":2560,\"height\":1920},{\"@type\":\"BreadcrumbList\",\"@id\":\"https:\\\/\\\/filles-de-la-charite.org\\\/it\\\/lescale-louise-de-marillac-a-fresnes-unesperienza-di-ephata\\\/#breadcrumb\",\"itemListElement\":[{\"@type\":\"ListItem\",\"position\":1,\"name\":\"Belgio-Francia-Svizzera\",\"item\":\"https:\\\/\\\/filles-de-la-charite.org\\\/it\\\/category\\\/belgio-francia-svizzera-it\\\/\"},{\"@type\":\"ListItem\",\"position\":2,\"name\":\"L&#8217;Escale Louise de Marillac a Fresnes, un&#8217;esperienza di Ephata\"}]},{\"@type\":\"WebSite\",\"@id\":\"https:\\\/\\\/filles-de-la-charite.org\\\/it\\\/#website\",\"url\":\"https:\\\/\\\/filles-de-la-charite.org\\\/it\\\/\",\"name\":\"Hijas de la Caridad\",\"description\":\"L\u2019amour de J\u00e9sus nous presse \u00e0 prendre soin des personnes les plus d\u00e9munies\",\"publisher\":{\"@id\":\"https:\\\/\\\/filles-de-la-charite.org\\\/it\\\/#organization\"},\"potentialAction\":[{\"@type\":\"SearchAction\",\"target\":{\"@type\":\"EntryPoint\",\"urlTemplate\":\"https:\\\/\\\/filles-de-la-charite.org\\\/it\\\/?s={search_term_string}\"},\"query-input\":{\"@type\":\"PropertyValueSpecification\",\"valueRequired\":true,\"valueName\":\"search_term_string\"}}],\"inLanguage\":\"it-IT\"},{\"@type\":\"Organization\",\"@id\":\"https:\\\/\\\/filles-de-la-charite.org\\\/it\\\/#organization\",\"name\":\"Hijas de la Caridad\",\"url\":\"https:\\\/\\\/filles-de-la-charite.org\\\/it\\\/\",\"logo\":{\"@type\":\"ImageObject\",\"inLanguage\":\"it-IT\",\"@id\":\"https:\\\/\\\/filles-de-la-charite.org\\\/it\\\/#\\\/schema\\\/logo\\\/image\\\/\",\"url\":\"https:\\\/\\\/filles-de-la-charite.org\\\/wp-content\\\/uploads\\\/2023\\\/03\\\/isotipo-Hijas-de-la-Caridad.png\",\"contentUrl\":\"https:\\\/\\\/filles-de-la-charite.org\\\/wp-content\\\/uploads\\\/2023\\\/03\\\/isotipo-Hijas-de-la-Caridad.png\",\"width\":1417,\"height\":1417,\"caption\":\"Hijas de la Caridad\"},\"image\":{\"@id\":\"https:\\\/\\\/filles-de-la-charite.org\\\/it\\\/#\\\/schema\\\/logo\\\/image\\\/\"}},{\"@type\":\"Person\",\"@id\":\"https:\\\/\\\/filles-de-la-charite.org\\\/it\\\/#\\\/schema\\\/person\\\/427567b2eccfc2dd7d206da186a1f438\",\"name\":\"admin\",\"image\":{\"@type\":\"ImageObject\",\"inLanguage\":\"it-IT\",\"@id\":\"https:\\\/\\\/secure.gravatar.com\\\/avatar\\\/948b492cce32b586ac2db0eaa926ee87024f7afe218d73b397ea5ddfc5f43ea1?s=96&d=mm&r=g\",\"url\":\"https:\\\/\\\/secure.gravatar.com\\\/avatar\\\/948b492cce32b586ac2db0eaa926ee87024f7afe218d73b397ea5ddfc5f43ea1?s=96&d=mm&r=g\",\"contentUrl\":\"https:\\\/\\\/secure.gravatar.com\\\/avatar\\\/948b492cce32b586ac2db0eaa926ee87024f7afe218d73b397ea5ddfc5f43ea1?s=96&d=mm&r=g\",\"caption\":\"admin\"},\"sameAs\":[\"https:\\\/\\\/filles-de-la-charite.org\"],\"url\":\"https:\\\/\\\/filles-de-la-charite.org\\\/it\\\/author\\\/caridad\\\/\"}]}<\/script>\n<!-- \/ Yoast SEO plugin. -->","yoast_head_json":{"title":"L'Escale Louise de Marillac a Fresnes, un'esperienza di Ephata - Filles de la Charit\u00e9","robots":{"index":"index","follow":"follow","max-snippet":"max-snippet:-1","max-image-preview":"max-image-preview:large","max-video-preview":"max-video-preview:-1"},"canonical":"https:\/\/filles-de-la-charite.org\/it\/lescale-louise-de-marillac-a-fresnes-unesperienza-di-ephata\/","og_locale":"it_IT","og_type":"article","og_title":"L'Escale Louise de Marillac a Fresnes, un'esperienza di Ephata - Filles de la Charit\u00e9","og_description":"Tra la paura e la confusione che spesso affliggono i parenti dei detenuti, ci sono le Figlie della Carit\u00e0; quattro Suore e alcuni volontari per tenere le porte e i cuori aperti alle famiglie dei detenuti. Dall&#8217;arrivo delle prime due Figlie della Carit\u00e0 a Fresnes nel 1755 per curare i malati e insegnare ai bambini, [&hellip;]","og_url":"https:\/\/filles-de-la-charite.org\/it\/lescale-louise-de-marillac-a-fresnes-unesperienza-di-ephata\/","og_site_name":"Filles de la Charit\u00e9","article_published_time":"2021-05-31T20:00:00+00:00","article_modified_time":"2024-03-17T17:00:49+00:00","og_image":[{"width":2560,"height":1920,"url":"https:\/\/filles-de-la-charite.org\/wp-content\/uploads\/2023\/06\/Tania-scaled-1.jpg","type":"image\/jpeg"}],"author":"admin","twitter_card":"summary_large_image","twitter_misc":{"Scritto da":"admin","Tempo di lettura stimato":"4 minuti"},"schema":{"@context":"https:\/\/schema.org","@graph":[{"@type":"Article","@id":"https:\/\/filles-de-la-charite.org\/it\/lescale-louise-de-marillac-a-fresnes-unesperienza-di-ephata\/#article","isPartOf":{"@id":"https:\/\/filles-de-la-charite.org\/it\/lescale-louise-de-marillac-a-fresnes-unesperienza-di-ephata\/"},"author":{"name":"admin","@id":"https:\/\/filles-de-la-charite.org\/it\/#\/schema\/person\/427567b2eccfc2dd7d206da186a1f438"},"headline":"L&#8217;Escale Louise de Marillac a Fresnes, un&#8217;esperienza di Ephata","datePublished":"2021-05-31T20:00:00+00:00","dateModified":"2024-03-17T17:00:49+00:00","mainEntityOfPage":{"@id":"https:\/\/filles-de-la-charite.org\/it\/lescale-louise-de-marillac-a-fresnes-unesperienza-di-ephata\/"},"wordCount":632,"publisher":{"@id":"https:\/\/filles-de-la-charite.org\/it\/#organization"},"image":{"@id":"https:\/\/filles-de-la-charite.org\/it\/lescale-louise-de-marillac-a-fresnes-unesperienza-di-ephata\/#primaryimage"},"thumbnailUrl":"https:\/\/filles-de-la-charite.org\/wp-content\/uploads\/2023\/06\/Tania-scaled-1.jpg","articleSection":["Belgio-Francia-Svizzera"],"inLanguage":"it-IT"},{"@type":"WebPage","@id":"https:\/\/filles-de-la-charite.org\/it\/lescale-louise-de-marillac-a-fresnes-unesperienza-di-ephata\/","url":"https:\/\/filles-de-la-charite.org\/it\/lescale-louise-de-marillac-a-fresnes-unesperienza-di-ephata\/","name":"L'Escale Louise de Marillac a Fresnes, un'esperienza di Ephata - Filles de la Charit\u00e9","isPartOf":{"@id":"https:\/\/filles-de-la-charite.org\/it\/#website"},"primaryImageOfPage":{"@id":"https:\/\/filles-de-la-charite.org\/it\/lescale-louise-de-marillac-a-fresnes-unesperienza-di-ephata\/#primaryimage"},"image":{"@id":"https:\/\/filles-de-la-charite.org\/it\/lescale-louise-de-marillac-a-fresnes-unesperienza-di-ephata\/#primaryimage"},"thumbnailUrl":"https:\/\/filles-de-la-charite.org\/wp-content\/uploads\/2023\/06\/Tania-scaled-1.jpg","datePublished":"2021-05-31T20:00:00+00:00","dateModified":"2024-03-17T17:00:49+00:00","breadcrumb":{"@id":"https:\/\/filles-de-la-charite.org\/it\/lescale-louise-de-marillac-a-fresnes-unesperienza-di-ephata\/#breadcrumb"},"inLanguage":"it-IT","potentialAction":[{"@type":"ReadAction","target":["https:\/\/filles-de-la-charite.org\/it\/lescale-louise-de-marillac-a-fresnes-unesperienza-di-ephata\/"]}]},{"@type":"ImageObject","inLanguage":"it-IT","@id":"https:\/\/filles-de-la-charite.org\/it\/lescale-louise-de-marillac-a-fresnes-unesperienza-di-ephata\/#primaryimage","url":"https:\/\/filles-de-la-charite.org\/wp-content\/uploads\/2023\/06\/Tania-scaled-1.jpg","contentUrl":"https:\/\/filles-de-la-charite.org\/wp-content\/uploads\/2023\/06\/Tania-scaled-1.jpg","width":2560,"height":1920},{"@type":"BreadcrumbList","@id":"https:\/\/filles-de-la-charite.org\/it\/lescale-louise-de-marillac-a-fresnes-unesperienza-di-ephata\/#breadcrumb","itemListElement":[{"@type":"ListItem","position":1,"name":"Belgio-Francia-Svizzera","item":"https:\/\/filles-de-la-charite.org\/it\/category\/belgio-francia-svizzera-it\/"},{"@type":"ListItem","position":2,"name":"L&#8217;Escale Louise de Marillac a Fresnes, un&#8217;esperienza di Ephata"}]},{"@type":"WebSite","@id":"https:\/\/filles-de-la-charite.org\/it\/#website","url":"https:\/\/filles-de-la-charite.org\/it\/","name":"Hijas de la Caridad","description":"L\u2019amour de J\u00e9sus nous presse \u00e0 prendre soin des personnes les plus d\u00e9munies","publisher":{"@id":"https:\/\/filles-de-la-charite.org\/it\/#organization"},"potentialAction":[{"@type":"SearchAction","target":{"@type":"EntryPoint","urlTemplate":"https:\/\/filles-de-la-charite.org\/it\/?s={search_term_string}"},"query-input":{"@type":"PropertyValueSpecification","valueRequired":true,"valueName":"search_term_string"}}],"inLanguage":"it-IT"},{"@type":"Organization","@id":"https:\/\/filles-de-la-charite.org\/it\/#organization","name":"Hijas de la Caridad","url":"https:\/\/filles-de-la-charite.org\/it\/","logo":{"@type":"ImageObject","inLanguage":"it-IT","@id":"https:\/\/filles-de-la-charite.org\/it\/#\/schema\/logo\/image\/","url":"https:\/\/filles-de-la-charite.org\/wp-content\/uploads\/2023\/03\/isotipo-Hijas-de-la-Caridad.png","contentUrl":"https:\/\/filles-de-la-charite.org\/wp-content\/uploads\/2023\/03\/isotipo-Hijas-de-la-Caridad.png","width":1417,"height":1417,"caption":"Hijas de la Caridad"},"image":{"@id":"https:\/\/filles-de-la-charite.org\/it\/#\/schema\/logo\/image\/"}},{"@type":"Person","@id":"https:\/\/filles-de-la-charite.org\/it\/#\/schema\/person\/427567b2eccfc2dd7d206da186a1f438","name":"admin","image":{"@type":"ImageObject","inLanguage":"it-IT","@id":"https:\/\/secure.gravatar.com\/avatar\/948b492cce32b586ac2db0eaa926ee87024f7afe218d73b397ea5ddfc5f43ea1?s=96&d=mm&r=g","url":"https:\/\/secure.gravatar.com\/avatar\/948b492cce32b586ac2db0eaa926ee87024f7afe218d73b397ea5ddfc5f43ea1?s=96&d=mm&r=g","contentUrl":"https:\/\/secure.gravatar.com\/avatar\/948b492cce32b586ac2db0eaa926ee87024f7afe218d73b397ea5ddfc5f43ea1?s=96&d=mm&r=g","caption":"admin"},"sameAs":["https:\/\/filles-de-la-charite.org"],"url":"https:\/\/filles-de-la-charite.org\/it\/author\/caridad\/"}]}},"_links":{"self":[{"href":"https:\/\/filles-de-la-charite.org\/it\/wp-json\/wp\/v2\/posts\/23362","targetHints":{"allow":["GET"]}}],"collection":[{"href":"https:\/\/filles-de-la-charite.org\/it\/wp-json\/wp\/v2\/posts"}],"about":[{"href":"https:\/\/filles-de-la-charite.org\/it\/wp-json\/wp\/v2\/types\/post"}],"author":[{"embeddable":true,"href":"https:\/\/filles-de-la-charite.org\/it\/wp-json\/wp\/v2\/users\/1"}],"replies":[{"embeddable":true,"href":"https:\/\/filles-de-la-charite.org\/it\/wp-json\/wp\/v2\/comments?post=23362"}],"version-history":[{"count":1,"href":"https:\/\/filles-de-la-charite.org\/it\/wp-json\/wp\/v2\/posts\/23362\/revisions"}],"predecessor-version":[{"id":23363,"href":"https:\/\/filles-de-la-charite.org\/it\/wp-json\/wp\/v2\/posts\/23362\/revisions\/23363"}],"wp:featuredmedia":[{"embeddable":true,"href":"https:\/\/filles-de-la-charite.org\/it\/wp-json\/wp\/v2\/media\/15945"}],"wp:attachment":[{"href":"https:\/\/filles-de-la-charite.org\/it\/wp-json\/wp\/v2\/media?parent=23362"}],"wp:term":[{"taxonomy":"category","embeddable":true,"href":"https:\/\/filles-de-la-charite.org\/it\/wp-json\/wp\/v2\/categories?post=23362"},{"taxonomy":"post_tag","embeddable":true,"href":"https:\/\/filles-de-la-charite.org\/it\/wp-json\/wp\/v2\/tags?post=23362"}],"curies":[{"name":"wp","href":"https:\/\/api.w.org\/{rel}","templated":true}]}}