{"id":23364,"date":"2021-05-31T22:00:00","date_gmt":"2021-05-31T20:00:00","guid":{"rendered":"https:\/\/hijascaridad.sjdigitaldemo.ovh\/dedicazione-nel-seton-legacy-garden-2\/"},"modified":"2024-03-17T18:01:03","modified_gmt":"2024-03-17T17:01:03","slug":"dedicazione-nel-seton-legacy-garden-2","status":"publish","type":"post","link":"https:\/\/filles-de-la-charite.org\/it\/dedicazione-nel-seton-legacy-garden-2\/","title":{"rendered":"Dedicazione nel Seton Legacy Garden"},"content":{"rendered":"\n<p>Diversi anni fa, nei terreni del Santuario di Santa Elisabetta Anna Seton a Emmitsburg, Maryland (USA), la terra sulla quale Madre Seton ha camminato, \u00e8 stato realizzato un giardino speciale chiamato &#8220;Legacy Garden&#8221;. Il giardino \u00e8 dedicato alle 13 congregazioni religiose femminili che sono nate dalla congregazione originale fondata da Madre Seton, e nel numero sono incluse anche le Figlie della Carit\u00e0, alle quali le Suore di Emmitsburg si unirono gi\u00e0 nel 1850.<\/p>\n\n\n\n<p>L&#8217;8 aprile 2021, si \u00e8 tenuta una cerimonia speciale per la dedicazione di altre pietre che sono state aggiunte nel giardino.<\/p>\n\n\n\n<div class=\"wp-block-image\"><figure class=\"aligncenter size-large\"><img decoding=\"async\" src=\"https:\/\/filles-de-la-charite.org\/wp-content\/uploads\/2023\/06\/Sister-Kathleen-Appler-remembrance-stone-Seton-Legacy-Garden-Emmitsburg-996x1024-1.jpg\" alt=\"\" class=\"wp-image-62496\"\/><figcaption><strong><em><strong>Suor Kathleen Appler &#8211; pietra commemorativa &#8211; Seton Legacy Garden, Emmitsburg<\/strong><\/em><\/strong><\/figcaption><\/figure><\/div>\n\n\n\n<p>Una pietra speciale \u00e8 stata posata in memoria di Suor Kathleen Appler, Superiora generale delle Figlie della Carit\u00e0 fino alla sua morte nel marzo del 2020. Tra le tante persone presenti alla dedicazione c&#8217;era la sorella di Sr. Kathleen, Diane e suo marito Dale Brown. Tre membri del Consiglio Provinciale si sono uniti a Diane e Dale per visitare l&#8217;altare e i resti di Madre Seton e vedere la pietra dedicata a Suor Kathleen nel Legacy Garden. \u00c8 stata una cerimonia suggestiva e semplice, molto significativa per le Figlie della Carit\u00e0 e per la famiglia di Suor Kathleen.<\/p>\n\n\n\n<div class=\"wp-block-image\"><figure class=\"aligncenter size-large\"><img decoding=\"async\" src=\"https:\/\/filles-de-la-charite.org\/wp-content\/uploads\/2023\/06\/Sister-Nancy-Murphy-Dale-Diane-Appler-Brown-Sisters-Ellen-LaCapria-and-Mary-Frances-Barnes-1024x681-1.jpg\" alt=\"\" class=\"wp-image-62493\"\/><\/figure><\/div>\n","protected":false},"excerpt":{"rendered":"<p>Diversi anni fa, nei terreni del Santuario di Santa Elisabetta Anna Seton a Emmitsburg, Maryland (USA), la terra sulla quale Madre Seton ha camminato, \u00e8 stato realizzato un giardino speciale chiamato &#8220;Legacy Garden&#8221;. Il giardino \u00e8 dedicato alle 13 congregazioni religiose femminili che sono nate dalla congregazione originale fondata da Madre Seton, e nel numero [&hellip;]<\/p>\n","protected":false},"author":1,"featured_media":15907,"comment_status":"closed","ping_status":"closed","sticky":false,"template":"","format":"standard","meta":{"_acf_changed":false,"_et_pb_use_builder":"","_et_pb_old_content":"","_et_gb_content_width":"","footnotes":"","_links_to":"","_links_to_target":""},"categories":[677],"tags":[],"class_list":["post-23364","post","type-post","status-publish","format-standard","has-post-thumbnail","hentry","category-santa-luisa-usa-it"],"acf":[],"yoast_head":"<!-- This site is optimized with the Yoast SEO plugin v27.4 - https:\/\/yoast.com\/product\/yoast-seo-wordpress\/ -->\n<title>Dedicazione nel Seton Legacy Garden - Filles de la Charit\u00e9<\/title>\n<meta name=\"robots\" content=\"index, follow, max-snippet:-1, max-image-preview:large, max-video-preview:-1\" \/>\n<link rel=\"canonical\" href=\"https:\/\/filles-de-la-charite.org\/it\/dedicazione-nel-seton-legacy-garden-2\/\" \/>\n<meta property=\"og:locale\" content=\"it_IT\" \/>\n<meta property=\"og:type\" content=\"article\" \/>\n<meta property=\"og:title\" content=\"Dedicazione nel Seton Legacy Garden - Filles de la Charit\u00e9\" \/>\n<meta property=\"og:description\" content=\"Diversi anni fa, nei terreni del Santuario di Santa Elisabetta Anna Seton a Emmitsburg, Maryland (USA), la terra sulla quale Madre Seton ha camminato, \u00e8 stato realizzato un giardino speciale chiamato &#8220;Legacy Garden&#8221;. Il giardino \u00e8 dedicato alle 13 congregazioni religiose femminili che sono nate dalla congregazione originale fondata da Madre Seton, e nel numero [&hellip;]\" \/>\n<meta property=\"og:url\" content=\"https:\/\/filles-de-la-charite.org\/it\/dedicazione-nel-seton-legacy-garden-2\/\" \/>\n<meta property=\"og:site_name\" content=\"Filles de la Charit\u00e9\" \/>\n<meta property=\"article:published_time\" content=\"2021-05-31T20:00:00+00:00\" \/>\n<meta property=\"article:modified_time\" content=\"2024-03-17T17:01:03+00:00\" \/>\n<meta property=\"og:image\" content=\"https:\/\/filles-de-la-charite.org\/wp-content\/uploads\/2023\/06\/Sisters-Ellen-LaCapria-Nancy-Murphy-Mary-Frances-Barnes-and-Diane-Appler-and-Dale-Brown.jpg\" \/>\n\t<meta property=\"og:image:width\" content=\"1619\" \/>\n\t<meta property=\"og:image:height\" content=\"1076\" \/>\n\t<meta property=\"og:image:type\" content=\"image\/jpeg\" \/>\n<meta name=\"author\" content=\"admin\" \/>\n<meta name=\"twitter:card\" content=\"summary_large_image\" \/>\n<meta name=\"twitter:label1\" content=\"Scritto da\" \/>\n\t<meta name=\"twitter:data1\" content=\"admin\" \/>\n\t<meta name=\"twitter:label2\" content=\"Tempo di lettura stimato\" \/>\n\t<meta name=\"twitter:data2\" content=\"2 minuti\" \/>\n<script type=\"application\/ld+json\" class=\"yoast-schema-graph\">{\"@context\":\"https:\\\/\\\/schema.org\",\"@graph\":[{\"@type\":\"Article\",\"@id\":\"https:\\\/\\\/filles-de-la-charite.org\\\/it\\\/dedicazione-nel-seton-legacy-garden-2\\\/#article\",\"isPartOf\":{\"@id\":\"https:\\\/\\\/filles-de-la-charite.org\\\/it\\\/dedicazione-nel-seton-legacy-garden-2\\\/\"},\"author\":{\"name\":\"admin\",\"@id\":\"https:\\\/\\\/filles-de-la-charite.org\\\/it\\\/#\\\/schema\\\/person\\\/427567b2eccfc2dd7d206da186a1f438\"},\"headline\":\"Dedicazione nel Seton Legacy Garden\",\"datePublished\":\"2021-05-31T20:00:00+00:00\",\"dateModified\":\"2024-03-17T17:01:03+00:00\",\"mainEntityOfPage\":{\"@id\":\"https:\\\/\\\/filles-de-la-charite.org\\\/it\\\/dedicazione-nel-seton-legacy-garden-2\\\/\"},\"wordCount\":201,\"publisher\":{\"@id\":\"https:\\\/\\\/filles-de-la-charite.org\\\/it\\\/#organization\"},\"image\":{\"@id\":\"https:\\\/\\\/filles-de-la-charite.org\\\/it\\\/dedicazione-nel-seton-legacy-garden-2\\\/#primaryimage\"},\"thumbnailUrl\":\"https:\\\/\\\/filles-de-la-charite.org\\\/wp-content\\\/uploads\\\/2023\\\/06\\\/Sisters-Ellen-LaCapria-Nancy-Murphy-Mary-Frances-Barnes-and-Diane-Appler-and-Dale-Brown.jpg\",\"articleSection\":[\"Santa Luisa \u2013 USA\"],\"inLanguage\":\"it-IT\"},{\"@type\":\"WebPage\",\"@id\":\"https:\\\/\\\/filles-de-la-charite.org\\\/it\\\/dedicazione-nel-seton-legacy-garden-2\\\/\",\"url\":\"https:\\\/\\\/filles-de-la-charite.org\\\/it\\\/dedicazione-nel-seton-legacy-garden-2\\\/\",\"name\":\"Dedicazione nel Seton Legacy Garden - Filles de la Charit\u00e9\",\"isPartOf\":{\"@id\":\"https:\\\/\\\/filles-de-la-charite.org\\\/it\\\/#website\"},\"primaryImageOfPage\":{\"@id\":\"https:\\\/\\\/filles-de-la-charite.org\\\/it\\\/dedicazione-nel-seton-legacy-garden-2\\\/#primaryimage\"},\"image\":{\"@id\":\"https:\\\/\\\/filles-de-la-charite.org\\\/it\\\/dedicazione-nel-seton-legacy-garden-2\\\/#primaryimage\"},\"thumbnailUrl\":\"https:\\\/\\\/filles-de-la-charite.org\\\/wp-content\\\/uploads\\\/2023\\\/06\\\/Sisters-Ellen-LaCapria-Nancy-Murphy-Mary-Frances-Barnes-and-Diane-Appler-and-Dale-Brown.jpg\",\"datePublished\":\"2021-05-31T20:00:00+00:00\",\"dateModified\":\"2024-03-17T17:01:03+00:00\",\"breadcrumb\":{\"@id\":\"https:\\\/\\\/filles-de-la-charite.org\\\/it\\\/dedicazione-nel-seton-legacy-garden-2\\\/#breadcrumb\"},\"inLanguage\":\"it-IT\",\"potentialAction\":[{\"@type\":\"ReadAction\",\"target\":[\"https:\\\/\\\/filles-de-la-charite.org\\\/it\\\/dedicazione-nel-seton-legacy-garden-2\\\/\"]}]},{\"@type\":\"ImageObject\",\"inLanguage\":\"it-IT\",\"@id\":\"https:\\\/\\\/filles-de-la-charite.org\\\/it\\\/dedicazione-nel-seton-legacy-garden-2\\\/#primaryimage\",\"url\":\"https:\\\/\\\/filles-de-la-charite.org\\\/wp-content\\\/uploads\\\/2023\\\/06\\\/Sisters-Ellen-LaCapria-Nancy-Murphy-Mary-Frances-Barnes-and-Diane-Appler-and-Dale-Brown.jpg\",\"contentUrl\":\"https:\\\/\\\/filles-de-la-charite.org\\\/wp-content\\\/uploads\\\/2023\\\/06\\\/Sisters-Ellen-LaCapria-Nancy-Murphy-Mary-Frances-Barnes-and-Diane-Appler-and-Dale-Brown.jpg\",\"width\":1619,\"height\":1076},{\"@type\":\"BreadcrumbList\",\"@id\":\"https:\\\/\\\/filles-de-la-charite.org\\\/it\\\/dedicazione-nel-seton-legacy-garden-2\\\/#breadcrumb\",\"itemListElement\":[{\"@type\":\"ListItem\",\"position\":1,\"name\":\"Santa Luisa \u2013 USA\",\"item\":\"https:\\\/\\\/filles-de-la-charite.org\\\/it\\\/category\\\/santa-luisa-usa-it\\\/\"},{\"@type\":\"ListItem\",\"position\":2,\"name\":\"Dedicazione nel Seton Legacy Garden\"}]},{\"@type\":\"WebSite\",\"@id\":\"https:\\\/\\\/filles-de-la-charite.org\\\/it\\\/#website\",\"url\":\"https:\\\/\\\/filles-de-la-charite.org\\\/it\\\/\",\"name\":\"Hijas de la Caridad\",\"description\":\"L\u2019amour de J\u00e9sus nous presse \u00e0 prendre soin des personnes les plus d\u00e9munies\",\"publisher\":{\"@id\":\"https:\\\/\\\/filles-de-la-charite.org\\\/it\\\/#organization\"},\"potentialAction\":[{\"@type\":\"SearchAction\",\"target\":{\"@type\":\"EntryPoint\",\"urlTemplate\":\"https:\\\/\\\/filles-de-la-charite.org\\\/it\\\/?s={search_term_string}\"},\"query-input\":{\"@type\":\"PropertyValueSpecification\",\"valueRequired\":true,\"valueName\":\"search_term_string\"}}],\"inLanguage\":\"it-IT\"},{\"@type\":\"Organization\",\"@id\":\"https:\\\/\\\/filles-de-la-charite.org\\\/it\\\/#organization\",\"name\":\"Hijas de la Caridad\",\"url\":\"https:\\\/\\\/filles-de-la-charite.org\\\/it\\\/\",\"logo\":{\"@type\":\"ImageObject\",\"inLanguage\":\"it-IT\",\"@id\":\"https:\\\/\\\/filles-de-la-charite.org\\\/it\\\/#\\\/schema\\\/logo\\\/image\\\/\",\"url\":\"https:\\\/\\\/filles-de-la-charite.org\\\/wp-content\\\/uploads\\\/2023\\\/03\\\/isotipo-Hijas-de-la-Caridad.png\",\"contentUrl\":\"https:\\\/\\\/filles-de-la-charite.org\\\/wp-content\\\/uploads\\\/2023\\\/03\\\/isotipo-Hijas-de-la-Caridad.png\",\"width\":1417,\"height\":1417,\"caption\":\"Hijas de la Caridad\"},\"image\":{\"@id\":\"https:\\\/\\\/filles-de-la-charite.org\\\/it\\\/#\\\/schema\\\/logo\\\/image\\\/\"}},{\"@type\":\"Person\",\"@id\":\"https:\\\/\\\/filles-de-la-charite.org\\\/it\\\/#\\\/schema\\\/person\\\/427567b2eccfc2dd7d206da186a1f438\",\"name\":\"admin\",\"image\":{\"@type\":\"ImageObject\",\"inLanguage\":\"it-IT\",\"@id\":\"https:\\\/\\\/secure.gravatar.com\\\/avatar\\\/948b492cce32b586ac2db0eaa926ee87024f7afe218d73b397ea5ddfc5f43ea1?s=96&d=mm&r=g\",\"url\":\"https:\\\/\\\/secure.gravatar.com\\\/avatar\\\/948b492cce32b586ac2db0eaa926ee87024f7afe218d73b397ea5ddfc5f43ea1?s=96&d=mm&r=g\",\"contentUrl\":\"https:\\\/\\\/secure.gravatar.com\\\/avatar\\\/948b492cce32b586ac2db0eaa926ee87024f7afe218d73b397ea5ddfc5f43ea1?s=96&d=mm&r=g\",\"caption\":\"admin\"},\"sameAs\":[\"https:\\\/\\\/filles-de-la-charite.org\"],\"url\":\"https:\\\/\\\/filles-de-la-charite.org\\\/it\\\/author\\\/caridad\\\/\"}]}<\/script>\n<!-- \/ Yoast SEO plugin. -->","yoast_head_json":{"title":"Dedicazione nel Seton Legacy Garden - Filles de la Charit\u00e9","robots":{"index":"index","follow":"follow","max-snippet":"max-snippet:-1","max-image-preview":"max-image-preview:large","max-video-preview":"max-video-preview:-1"},"canonical":"https:\/\/filles-de-la-charite.org\/it\/dedicazione-nel-seton-legacy-garden-2\/","og_locale":"it_IT","og_type":"article","og_title":"Dedicazione nel Seton Legacy Garden - Filles de la Charit\u00e9","og_description":"Diversi anni fa, nei terreni del Santuario di Santa Elisabetta Anna Seton a Emmitsburg, Maryland (USA), la terra sulla quale Madre Seton ha camminato, \u00e8 stato realizzato un giardino speciale chiamato &#8220;Legacy Garden&#8221;. Il giardino \u00e8 dedicato alle 13 congregazioni religiose femminili che sono nate dalla congregazione originale fondata da Madre Seton, e nel numero [&hellip;]","og_url":"https:\/\/filles-de-la-charite.org\/it\/dedicazione-nel-seton-legacy-garden-2\/","og_site_name":"Filles de la Charit\u00e9","article_published_time":"2021-05-31T20:00:00+00:00","article_modified_time":"2024-03-17T17:01:03+00:00","og_image":[{"width":1619,"height":1076,"url":"https:\/\/filles-de-la-charite.org\/wp-content\/uploads\/2023\/06\/Sisters-Ellen-LaCapria-Nancy-Murphy-Mary-Frances-Barnes-and-Diane-Appler-and-Dale-Brown.jpg","type":"image\/jpeg"}],"author":"admin","twitter_card":"summary_large_image","twitter_misc":{"Scritto da":"admin","Tempo di lettura stimato":"2 minuti"},"schema":{"@context":"https:\/\/schema.org","@graph":[{"@type":"Article","@id":"https:\/\/filles-de-la-charite.org\/it\/dedicazione-nel-seton-legacy-garden-2\/#article","isPartOf":{"@id":"https:\/\/filles-de-la-charite.org\/it\/dedicazione-nel-seton-legacy-garden-2\/"},"author":{"name":"admin","@id":"https:\/\/filles-de-la-charite.org\/it\/#\/schema\/person\/427567b2eccfc2dd7d206da186a1f438"},"headline":"Dedicazione nel Seton Legacy Garden","datePublished":"2021-05-31T20:00:00+00:00","dateModified":"2024-03-17T17:01:03+00:00","mainEntityOfPage":{"@id":"https:\/\/filles-de-la-charite.org\/it\/dedicazione-nel-seton-legacy-garden-2\/"},"wordCount":201,"publisher":{"@id":"https:\/\/filles-de-la-charite.org\/it\/#organization"},"image":{"@id":"https:\/\/filles-de-la-charite.org\/it\/dedicazione-nel-seton-legacy-garden-2\/#primaryimage"},"thumbnailUrl":"https:\/\/filles-de-la-charite.org\/wp-content\/uploads\/2023\/06\/Sisters-Ellen-LaCapria-Nancy-Murphy-Mary-Frances-Barnes-and-Diane-Appler-and-Dale-Brown.jpg","articleSection":["Santa Luisa \u2013 USA"],"inLanguage":"it-IT"},{"@type":"WebPage","@id":"https:\/\/filles-de-la-charite.org\/it\/dedicazione-nel-seton-legacy-garden-2\/","url":"https:\/\/filles-de-la-charite.org\/it\/dedicazione-nel-seton-legacy-garden-2\/","name":"Dedicazione nel Seton Legacy Garden - Filles de la Charit\u00e9","isPartOf":{"@id":"https:\/\/filles-de-la-charite.org\/it\/#website"},"primaryImageOfPage":{"@id":"https:\/\/filles-de-la-charite.org\/it\/dedicazione-nel-seton-legacy-garden-2\/#primaryimage"},"image":{"@id":"https:\/\/filles-de-la-charite.org\/it\/dedicazione-nel-seton-legacy-garden-2\/#primaryimage"},"thumbnailUrl":"https:\/\/filles-de-la-charite.org\/wp-content\/uploads\/2023\/06\/Sisters-Ellen-LaCapria-Nancy-Murphy-Mary-Frances-Barnes-and-Diane-Appler-and-Dale-Brown.jpg","datePublished":"2021-05-31T20:00:00+00:00","dateModified":"2024-03-17T17:01:03+00:00","breadcrumb":{"@id":"https:\/\/filles-de-la-charite.org\/it\/dedicazione-nel-seton-legacy-garden-2\/#breadcrumb"},"inLanguage":"it-IT","potentialAction":[{"@type":"ReadAction","target":["https:\/\/filles-de-la-charite.org\/it\/dedicazione-nel-seton-legacy-garden-2\/"]}]},{"@type":"ImageObject","inLanguage":"it-IT","@id":"https:\/\/filles-de-la-charite.org\/it\/dedicazione-nel-seton-legacy-garden-2\/#primaryimage","url":"https:\/\/filles-de-la-charite.org\/wp-content\/uploads\/2023\/06\/Sisters-Ellen-LaCapria-Nancy-Murphy-Mary-Frances-Barnes-and-Diane-Appler-and-Dale-Brown.jpg","contentUrl":"https:\/\/filles-de-la-charite.org\/wp-content\/uploads\/2023\/06\/Sisters-Ellen-LaCapria-Nancy-Murphy-Mary-Frances-Barnes-and-Diane-Appler-and-Dale-Brown.jpg","width":1619,"height":1076},{"@type":"BreadcrumbList","@id":"https:\/\/filles-de-la-charite.org\/it\/dedicazione-nel-seton-legacy-garden-2\/#breadcrumb","itemListElement":[{"@type":"ListItem","position":1,"name":"Santa Luisa \u2013 USA","item":"https:\/\/filles-de-la-charite.org\/it\/category\/santa-luisa-usa-it\/"},{"@type":"ListItem","position":2,"name":"Dedicazione nel Seton Legacy Garden"}]},{"@type":"WebSite","@id":"https:\/\/filles-de-la-charite.org\/it\/#website","url":"https:\/\/filles-de-la-charite.org\/it\/","name":"Hijas de la Caridad","description":"L\u2019amour de J\u00e9sus nous presse \u00e0 prendre soin des personnes les plus d\u00e9munies","publisher":{"@id":"https:\/\/filles-de-la-charite.org\/it\/#organization"},"potentialAction":[{"@type":"SearchAction","target":{"@type":"EntryPoint","urlTemplate":"https:\/\/filles-de-la-charite.org\/it\/?s={search_term_string}"},"query-input":{"@type":"PropertyValueSpecification","valueRequired":true,"valueName":"search_term_string"}}],"inLanguage":"it-IT"},{"@type":"Organization","@id":"https:\/\/filles-de-la-charite.org\/it\/#organization","name":"Hijas de la Caridad","url":"https:\/\/filles-de-la-charite.org\/it\/","logo":{"@type":"ImageObject","inLanguage":"it-IT","@id":"https:\/\/filles-de-la-charite.org\/it\/#\/schema\/logo\/image\/","url":"https:\/\/filles-de-la-charite.org\/wp-content\/uploads\/2023\/03\/isotipo-Hijas-de-la-Caridad.png","contentUrl":"https:\/\/filles-de-la-charite.org\/wp-content\/uploads\/2023\/03\/isotipo-Hijas-de-la-Caridad.png","width":1417,"height":1417,"caption":"Hijas de la Caridad"},"image":{"@id":"https:\/\/filles-de-la-charite.org\/it\/#\/schema\/logo\/image\/"}},{"@type":"Person","@id":"https:\/\/filles-de-la-charite.org\/it\/#\/schema\/person\/427567b2eccfc2dd7d206da186a1f438","name":"admin","image":{"@type":"ImageObject","inLanguage":"it-IT","@id":"https:\/\/secure.gravatar.com\/avatar\/948b492cce32b586ac2db0eaa926ee87024f7afe218d73b397ea5ddfc5f43ea1?s=96&d=mm&r=g","url":"https:\/\/secure.gravatar.com\/avatar\/948b492cce32b586ac2db0eaa926ee87024f7afe218d73b397ea5ddfc5f43ea1?s=96&d=mm&r=g","contentUrl":"https:\/\/secure.gravatar.com\/avatar\/948b492cce32b586ac2db0eaa926ee87024f7afe218d73b397ea5ddfc5f43ea1?s=96&d=mm&r=g","caption":"admin"},"sameAs":["https:\/\/filles-de-la-charite.org"],"url":"https:\/\/filles-de-la-charite.org\/it\/author\/caridad\/"}]}},"_links":{"self":[{"href":"https:\/\/filles-de-la-charite.org\/it\/wp-json\/wp\/v2\/posts\/23364","targetHints":{"allow":["GET"]}}],"collection":[{"href":"https:\/\/filles-de-la-charite.org\/it\/wp-json\/wp\/v2\/posts"}],"about":[{"href":"https:\/\/filles-de-la-charite.org\/it\/wp-json\/wp\/v2\/types\/post"}],"author":[{"embeddable":true,"href":"https:\/\/filles-de-la-charite.org\/it\/wp-json\/wp\/v2\/users\/1"}],"replies":[{"embeddable":true,"href":"https:\/\/filles-de-la-charite.org\/it\/wp-json\/wp\/v2\/comments?post=23364"}],"version-history":[{"count":1,"href":"https:\/\/filles-de-la-charite.org\/it\/wp-json\/wp\/v2\/posts\/23364\/revisions"}],"predecessor-version":[{"id":23365,"href":"https:\/\/filles-de-la-charite.org\/it\/wp-json\/wp\/v2\/posts\/23364\/revisions\/23365"}],"wp:featuredmedia":[{"embeddable":true,"href":"https:\/\/filles-de-la-charite.org\/it\/wp-json\/wp\/v2\/media\/15907"}],"wp:attachment":[{"href":"https:\/\/filles-de-la-charite.org\/it\/wp-json\/wp\/v2\/media?parent=23364"}],"wp:term":[{"taxonomy":"category","embeddable":true,"href":"https:\/\/filles-de-la-charite.org\/it\/wp-json\/wp\/v2\/categories?post=23364"},{"taxonomy":"post_tag","embeddable":true,"href":"https:\/\/filles-de-la-charite.org\/it\/wp-json\/wp\/v2\/tags?post=23364"}],"curies":[{"name":"wp","href":"https:\/\/api.w.org\/{rel}","templated":true}]}}