{"id":23372,"date":"2021-07-31T22:00:28","date_gmt":"2021-07-31T20:00:28","guid":{"rendered":"https:\/\/hijascaridad.sjdigitaldemo.ovh\/notizie-da-una-sorella-missionaria-a-bahia-blanca-argentina\/"},"modified":"2024-03-17T17:20:06","modified_gmt":"2024-03-17T16:20:06","slug":"notizie-da-una-sorella-missionaria-a-bahia-blanca-argentina","status":"publish","type":"post","link":"https:\/\/filles-de-la-charite.org\/it\/notizie-da-una-sorella-missionaria-a-bahia-blanca-argentina\/","title":{"rendered":"Notizie da una sorella missionaria a Bah\u00eda Blanca (Argentina)"},"content":{"rendered":"\n<div class=\"wp-block-image\"><figure class=\"aligncenter size-large\"><img decoding=\"async\" src=\"https:\/\/filles-de-la-charite.org\/wp-content\/uploads\/2023\/06\/Vincentian-Charity-Association-1024x690-1.jpg\" alt=\"\" class=\"wp-image-63212\" \/><figcaption><em>Associazione di beneficenza vincenziana<\/em><\/figcaption><\/figure><\/div>\n\n\n\n<p>Siamo cinque Suore nella nostra Comunit\u00e0 di Bahia Blanca, di et\u00e0 compresa tra i 78 e gli 88 anni; come Comunit\u00e0 locale abbiamo tre obiettivi: felicit\u00e0, fraternit\u00e0 e misericordia.<\/p>\n\n\n\n<p>Il nostro ministero si svolge in una scuola nel villaggio di &#8220;Villa Miter&#8221; e nel servizio socio-pastorale chiamato &#8220;9 de Noviembre&#8221; dove lavoro dal mio arrivo a Bahia nel 2013. Con l&#8217;aiuto incondizionato della mia comunit\u00e0 locale e provinciale e in collaborazione con la Comunit\u00e0 Educativa dove \u00e8 stata eretta l&#8217;Associazione Internazionale Vincenziana di Carit\u00e0 (AIC) nel 2016, abbiamo deciso di creare una Scuola di &#8220;discepoli missionari&#8221;.<\/p>\n\n\n\n<div class=\"wp-block-image\"><figure class=\"aligncenter size-large\"><img decoding=\"async\" src=\"https:\/\/filles-de-la-charite.org\/wp-content\/uploads\/2023\/06\/second-hand-sale.jpg\" alt=\"\" class=\"wp-image-63211\" \/><figcaption><em>Vendita dell\u2019usato<\/em><\/figcaption><\/figure><\/div>\n\n\n\n<p>Il progetto iniziale del &#8220;9 de Noviembre&#8221; aveva come obiettivo le visite a domicilio e l&#8217;analisi della realt\u00e0. Con i piccoli contributi dei membri, come catena di solidariet\u00e0, e con i soldi raccolti da una vendita dell\u2019usato, abbiamo fornito i materiali da costruzione affinch\u00e9 le famiglie potessero cambiare le loro baracche di lamiera con case di mattoni.<\/p>\n\n\n\n<div class=\"wp-block-image\"><figure class=\"aligncenter size-large\"><img decoding=\"async\" src=\"https:\/\/filles-de-la-charite.org\/wp-content\/uploads\/2023\/06\/9-de-Noviembre-neighbourhood-1024x577-1.png\" alt=\"\" class=\"wp-image-63214\" \/><figcaption><em>&#8220;Quartiere &#8220;9 de Noviembre<\/em><\/figcaption><\/figure><\/div>\n\n\n\n<p>Il progetto di costruzione \u00e8 stato realizzato dal 2013 al 2017 e sono state costruite 31 case. Durante il 2017 e il 2018 abbiamo destinato: donazioni, progetti e rimborso dei prestiti di vicinato per la costruzione del Centro Sociale Vincenziano in modo che ritorni al suo uso specifico. Questo Centro appartiene all&#8217;Associazione Internazionale di Carit\u00e0 vincenziana perch\u00e9 il terreno \u00e8 stato concesso in comodato d\u2019uso dal Comune.<\/p>\n\n\n\n<p>Le attivit\u00e0 nel Centro Sociale Vincenziano durante il 2018-2019 sono state di tipo educativo (alfabetizzazione degli adulti, sostegno alle scuole primarie e secondarie, scuola d&#8217;inglese nell&#8217;Istituto Juan XXIII e informatica) e sociali quali la formazione per la preparazione del cibo, cucina sana, panetteria e dolci, laboratorio di cucito, serbatoi solari termici.<\/p>\n\n\n\n<div class=\"wp-block-image\"><figure class=\"aligncenter size-large\"><img decoding=\"async\" src=\"https:\/\/filles-de-la-charite.org\/wp-content\/uploads\/2023\/06\/Vincentian-Social-Center-1024x647-1.jpg\" alt=\"\" class=\"wp-image-63213\" \/><figcaption><em>Centro Sociale Vincenziano<\/em><\/figcaption><\/figure><\/div>\n\n\n\n<p>Nel 2020, per tutta la durata della pandemia del Covid19, anche se non \u00e8 stato possibile realizzare attivit\u00e0 educative e di promozione sociale come negli anni precedenti, si \u00e8 portato avanti il sostegno scolastico, la scuola di inglese in videoconferenza e la distribuzione di alimenti a circa 100 famiglie del quartiere in collaborazione con il Comune.<\/p>\n\n\n\n<p>Nel 2021 sono stati donati alle Figlie della Carit\u00e0 7 appezzamenti di terreno per la realizzazione del Progetto 2020-2025 &#8220;CENTRO DI INTEGRAZIONE MARILLAC&#8221; composto da 12 orti familiari, magazzino o capannone per laboratori artigianali e un Centro per bambini.<\/p>\n\n\n\n<p>Nella mia preghiera pi\u00f9 profonda chiedo al Signore di arrivare dove noi non potremmo perch\u00e9 &#8220;La messe \u00e8 abbondante ma gli operai sono pochi&#8221; (Lc 10,2) e fragili. Siamo certi che il Suo tempo non \u00e8 il nostro e che Lui agisce attraverso le nostre debolezze.<\/p>\n\n\n\n<div class=\"wp-block-image\"><figure class=\"aligncenter size-large\"><img decoding=\"async\" src=\"https:\/\/filles-de-la-charite.org\/wp-content\/uploads\/2023\/06\/Project-2020-2025-MARILLAC-INTEGRATION-CENTER-1024x465-1.jpg\" alt=\"\" class=\"wp-image-63210\" \/><figcaption><em>Progetto 2020-2025- CENTRO DI INTEGRAZIONE MARILLAC<\/em><\/figcaption><\/figure><\/div>\n","protected":false},"excerpt":{"rendered":"<p>Siamo cinque Suore nella nostra Comunit\u00e0 di Bahia Blanca, di et\u00e0 compresa tra i 78 e gli 88 anni; come Comunit\u00e0 locale abbiamo tre obiettivi: felicit\u00e0, fraternit\u00e0 e misericordia. Il nostro ministero si svolge in una scuola nel villaggio di &#8220;Villa Miter&#8221; e nel servizio socio-pastorale chiamato &#8220;9 de Noviembre&#8221; dove lavoro dal mio arrivo [&hellip;]<\/p>\n","protected":false},"author":1,"featured_media":16073,"comment_status":"closed","ping_status":"closed","sticky":false,"template":"","format":"standard","meta":{"_acf_changed":false,"_et_pb_use_builder":"","_et_pb_old_content":"","_et_gb_content_width":"","footnotes":"","_links_to":"","_links_to_target":""},"categories":[770],"tags":[],"class_list":["post-23372","post","type-post","status-publish","format-standard","has-post-thumbnail","hentry","category-america-del-sur-it"],"acf":[],"yoast_head":"<!-- This site is optimized with the Yoast SEO plugin v27.5 - https:\/\/yoast.com\/product\/yoast-seo-wordpress\/ -->\n<title>Notizie da una sorella missionaria a Bah\u00eda Blanca (Argentina) - Filles de la Charit\u00e9<\/title>\n<meta name=\"robots\" content=\"index, follow, max-snippet:-1, max-image-preview:large, max-video-preview:-1\" \/>\n<link rel=\"canonical\" href=\"https:\/\/filles-de-la-charite.org\/it\/notizie-da-una-sorella-missionaria-a-bahia-blanca-argentina\/\" \/>\n<meta property=\"og:locale\" content=\"it_IT\" \/>\n<meta property=\"og:type\" content=\"article\" \/>\n<meta property=\"og:title\" content=\"Notizie da una sorella missionaria a Bah\u00eda Blanca (Argentina) - Filles de la Charit\u00e9\" \/>\n<meta property=\"og:description\" content=\"Siamo cinque Suore nella nostra Comunit\u00e0 di Bahia Blanca, di et\u00e0 compresa tra i 78 e gli 88 anni; come Comunit\u00e0 locale abbiamo tre obiettivi: felicit\u00e0, fraternit\u00e0 e misericordia. Il nostro ministero si svolge in una scuola nel villaggio di &#8220;Villa Miter&#8221; e nel servizio socio-pastorale chiamato &#8220;9 de Noviembre&#8221; dove lavoro dal mio arrivo [&hellip;]\" \/>\n<meta property=\"og:url\" content=\"https:\/\/filles-de-la-charite.org\/it\/notizie-da-una-sorella-missionaria-a-bahia-blanca-argentina\/\" \/>\n<meta property=\"og:site_name\" content=\"Filles de la Charit\u00e9\" \/>\n<meta property=\"article:published_time\" content=\"2021-07-31T20:00:28+00:00\" \/>\n<meta property=\"article:modified_time\" content=\"2024-03-17T16:20:06+00:00\" \/>\n<meta property=\"og:image\" content=\"https:\/\/filles-de-la-charite.org\/wp-content\/uploads\/2023\/06\/1Imagen1.jpg\" \/>\n\t<meta property=\"og:image:width\" content=\"1497\" \/>\n\t<meta property=\"og:image:height\" content=\"855\" \/>\n\t<meta property=\"og:image:type\" content=\"image\/jpeg\" \/>\n<meta name=\"author\" content=\"admin\" \/>\n<meta name=\"twitter:card\" content=\"summary_large_image\" \/>\n<meta name=\"twitter:label1\" content=\"Scritto da\" \/>\n\t<meta name=\"twitter:data1\" content=\"admin\" \/>\n\t<meta name=\"twitter:label2\" content=\"Tempo di lettura stimato\" \/>\n\t<meta name=\"twitter:data2\" content=\"3 minuti\" \/>\n<script type=\"application\/ld+json\" class=\"yoast-schema-graph\">{\"@context\":\"https:\\\/\\\/schema.org\",\"@graph\":[{\"@type\":\"Article\",\"@id\":\"https:\\\/\\\/filles-de-la-charite.org\\\/it\\\/notizie-da-una-sorella-missionaria-a-bahia-blanca-argentina\\\/#article\",\"isPartOf\":{\"@id\":\"https:\\\/\\\/filles-de-la-charite.org\\\/it\\\/notizie-da-una-sorella-missionaria-a-bahia-blanca-argentina\\\/\"},\"author\":{\"name\":\"admin\",\"@id\":\"https:\\\/\\\/filles-de-la-charite.org\\\/it\\\/#\\\/schema\\\/person\\\/427567b2eccfc2dd7d206da186a1f438\"},\"headline\":\"Notizie da una sorella missionaria a Bah\u00eda Blanca (Argentina)\",\"datePublished\":\"2021-07-31T20:00:28+00:00\",\"dateModified\":\"2024-03-17T16:20:06+00:00\",\"mainEntityOfPage\":{\"@id\":\"https:\\\/\\\/filles-de-la-charite.org\\\/it\\\/notizie-da-una-sorella-missionaria-a-bahia-blanca-argentina\\\/\"},\"wordCount\":426,\"publisher\":{\"@id\":\"https:\\\/\\\/filles-de-la-charite.org\\\/it\\\/#organization\"},\"image\":{\"@id\":\"https:\\\/\\\/filles-de-la-charite.org\\\/it\\\/notizie-da-una-sorella-missionaria-a-bahia-blanca-argentina\\\/#primaryimage\"},\"thumbnailUrl\":\"https:\\\/\\\/filles-de-la-charite.org\\\/wp-content\\\/uploads\\\/2023\\\/06\\\/1Imagen1.jpg\",\"articleSection\":[\"Sud America\"],\"inLanguage\":\"it-IT\"},{\"@type\":\"WebPage\",\"@id\":\"https:\\\/\\\/filles-de-la-charite.org\\\/it\\\/notizie-da-una-sorella-missionaria-a-bahia-blanca-argentina\\\/\",\"url\":\"https:\\\/\\\/filles-de-la-charite.org\\\/it\\\/notizie-da-una-sorella-missionaria-a-bahia-blanca-argentina\\\/\",\"name\":\"Notizie da una sorella missionaria a Bah\u00eda Blanca (Argentina) - Filles de la Charit\u00e9\",\"isPartOf\":{\"@id\":\"https:\\\/\\\/filles-de-la-charite.org\\\/it\\\/#website\"},\"primaryImageOfPage\":{\"@id\":\"https:\\\/\\\/filles-de-la-charite.org\\\/it\\\/notizie-da-una-sorella-missionaria-a-bahia-blanca-argentina\\\/#primaryimage\"},\"image\":{\"@id\":\"https:\\\/\\\/filles-de-la-charite.org\\\/it\\\/notizie-da-una-sorella-missionaria-a-bahia-blanca-argentina\\\/#primaryimage\"},\"thumbnailUrl\":\"https:\\\/\\\/filles-de-la-charite.org\\\/wp-content\\\/uploads\\\/2023\\\/06\\\/1Imagen1.jpg\",\"datePublished\":\"2021-07-31T20:00:28+00:00\",\"dateModified\":\"2024-03-17T16:20:06+00:00\",\"breadcrumb\":{\"@id\":\"https:\\\/\\\/filles-de-la-charite.org\\\/it\\\/notizie-da-una-sorella-missionaria-a-bahia-blanca-argentina\\\/#breadcrumb\"},\"inLanguage\":\"it-IT\",\"potentialAction\":[{\"@type\":\"ReadAction\",\"target\":[\"https:\\\/\\\/filles-de-la-charite.org\\\/it\\\/notizie-da-una-sorella-missionaria-a-bahia-blanca-argentina\\\/\"]}]},{\"@type\":\"ImageObject\",\"inLanguage\":\"it-IT\",\"@id\":\"https:\\\/\\\/filles-de-la-charite.org\\\/it\\\/notizie-da-una-sorella-missionaria-a-bahia-blanca-argentina\\\/#primaryimage\",\"url\":\"https:\\\/\\\/filles-de-la-charite.org\\\/wp-content\\\/uploads\\\/2023\\\/06\\\/1Imagen1.jpg\",\"contentUrl\":\"https:\\\/\\\/filles-de-la-charite.org\\\/wp-content\\\/uploads\\\/2023\\\/06\\\/1Imagen1.jpg\",\"width\":1497,\"height\":855},{\"@type\":\"BreadcrumbList\",\"@id\":\"https:\\\/\\\/filles-de-la-charite.org\\\/it\\\/notizie-da-una-sorella-missionaria-a-bahia-blanca-argentina\\\/#breadcrumb\",\"itemListElement\":[{\"@type\":\"ListItem\",\"position\":1,\"name\":\"Provincia di San Paolo, Brasile\",\"item\":\"https:\\\/\\\/filles-de-la-charite.org\\\/it\\\/category\\\/provincia-di-san-paolo-brasile-it\\\/\"},{\"@type\":\"ListItem\",\"position\":2,\"name\":\"Notizie da una sorella missionaria a Bah\u00eda Blanca (Argentina)\"}]},{\"@type\":\"WebSite\",\"@id\":\"https:\\\/\\\/filles-de-la-charite.org\\\/it\\\/#website\",\"url\":\"https:\\\/\\\/filles-de-la-charite.org\\\/it\\\/\",\"name\":\"Hijas de la Caridad\",\"description\":\"L\u2019amour de J\u00e9sus nous presse \u00e0 prendre soin des personnes les plus d\u00e9munies\",\"publisher\":{\"@id\":\"https:\\\/\\\/filles-de-la-charite.org\\\/it\\\/#organization\"},\"potentialAction\":[{\"@type\":\"SearchAction\",\"target\":{\"@type\":\"EntryPoint\",\"urlTemplate\":\"https:\\\/\\\/filles-de-la-charite.org\\\/it\\\/?s={search_term_string}\"},\"query-input\":{\"@type\":\"PropertyValueSpecification\",\"valueRequired\":true,\"valueName\":\"search_term_string\"}}],\"inLanguage\":\"it-IT\"},{\"@type\":\"Organization\",\"@id\":\"https:\\\/\\\/filles-de-la-charite.org\\\/it\\\/#organization\",\"name\":\"Hijas de la Caridad\",\"url\":\"https:\\\/\\\/filles-de-la-charite.org\\\/it\\\/\",\"logo\":{\"@type\":\"ImageObject\",\"inLanguage\":\"it-IT\",\"@id\":\"https:\\\/\\\/filles-de-la-charite.org\\\/it\\\/#\\\/schema\\\/logo\\\/image\\\/\",\"url\":\"https:\\\/\\\/filles-de-la-charite.org\\\/wp-content\\\/uploads\\\/2023\\\/03\\\/isotipo-Hijas-de-la-Caridad.png\",\"contentUrl\":\"https:\\\/\\\/filles-de-la-charite.org\\\/wp-content\\\/uploads\\\/2023\\\/03\\\/isotipo-Hijas-de-la-Caridad.png\",\"width\":1417,\"height\":1417,\"caption\":\"Hijas de la Caridad\"},\"image\":{\"@id\":\"https:\\\/\\\/filles-de-la-charite.org\\\/it\\\/#\\\/schema\\\/logo\\\/image\\\/\"}},{\"@type\":\"Person\",\"@id\":\"https:\\\/\\\/filles-de-la-charite.org\\\/it\\\/#\\\/schema\\\/person\\\/427567b2eccfc2dd7d206da186a1f438\",\"name\":\"admin\",\"image\":{\"@type\":\"ImageObject\",\"inLanguage\":\"it-IT\",\"@id\":\"https:\\\/\\\/secure.gravatar.com\\\/avatar\\\/948b492cce32b586ac2db0eaa926ee87024f7afe218d73b397ea5ddfc5f43ea1?s=96&d=mm&r=g\",\"url\":\"https:\\\/\\\/secure.gravatar.com\\\/avatar\\\/948b492cce32b586ac2db0eaa926ee87024f7afe218d73b397ea5ddfc5f43ea1?s=96&d=mm&r=g\",\"contentUrl\":\"https:\\\/\\\/secure.gravatar.com\\\/avatar\\\/948b492cce32b586ac2db0eaa926ee87024f7afe218d73b397ea5ddfc5f43ea1?s=96&d=mm&r=g\",\"caption\":\"admin\"},\"sameAs\":[\"https:\\\/\\\/filles-de-la-charite.org\"],\"url\":\"https:\\\/\\\/filles-de-la-charite.org\\\/it\\\/author\\\/caridad\\\/\"}]}<\/script>\n<!-- \/ Yoast SEO plugin. -->","yoast_head_json":{"title":"Notizie da una sorella missionaria a Bah\u00eda Blanca (Argentina) - Filles de la Charit\u00e9","robots":{"index":"index","follow":"follow","max-snippet":"max-snippet:-1","max-image-preview":"max-image-preview:large","max-video-preview":"max-video-preview:-1"},"canonical":"https:\/\/filles-de-la-charite.org\/it\/notizie-da-una-sorella-missionaria-a-bahia-blanca-argentina\/","og_locale":"it_IT","og_type":"article","og_title":"Notizie da una sorella missionaria a Bah\u00eda Blanca (Argentina) - Filles de la Charit\u00e9","og_description":"Siamo cinque Suore nella nostra Comunit\u00e0 di Bahia Blanca, di et\u00e0 compresa tra i 78 e gli 88 anni; come Comunit\u00e0 locale abbiamo tre obiettivi: felicit\u00e0, fraternit\u00e0 e misericordia. Il nostro ministero si svolge in una scuola nel villaggio di &#8220;Villa Miter&#8221; e nel servizio socio-pastorale chiamato &#8220;9 de Noviembre&#8221; dove lavoro dal mio arrivo [&hellip;]","og_url":"https:\/\/filles-de-la-charite.org\/it\/notizie-da-una-sorella-missionaria-a-bahia-blanca-argentina\/","og_site_name":"Filles de la Charit\u00e9","article_published_time":"2021-07-31T20:00:28+00:00","article_modified_time":"2024-03-17T16:20:06+00:00","og_image":[{"width":1497,"height":855,"url":"https:\/\/filles-de-la-charite.org\/wp-content\/uploads\/2023\/06\/1Imagen1.jpg","type":"image\/jpeg"}],"author":"admin","twitter_card":"summary_large_image","twitter_misc":{"Scritto da":"admin","Tempo di lettura stimato":"3 minuti"},"schema":{"@context":"https:\/\/schema.org","@graph":[{"@type":"Article","@id":"https:\/\/filles-de-la-charite.org\/it\/notizie-da-una-sorella-missionaria-a-bahia-blanca-argentina\/#article","isPartOf":{"@id":"https:\/\/filles-de-la-charite.org\/it\/notizie-da-una-sorella-missionaria-a-bahia-blanca-argentina\/"},"author":{"name":"admin","@id":"https:\/\/filles-de-la-charite.org\/it\/#\/schema\/person\/427567b2eccfc2dd7d206da186a1f438"},"headline":"Notizie da una sorella missionaria a Bah\u00eda Blanca (Argentina)","datePublished":"2021-07-31T20:00:28+00:00","dateModified":"2024-03-17T16:20:06+00:00","mainEntityOfPage":{"@id":"https:\/\/filles-de-la-charite.org\/it\/notizie-da-una-sorella-missionaria-a-bahia-blanca-argentina\/"},"wordCount":426,"publisher":{"@id":"https:\/\/filles-de-la-charite.org\/it\/#organization"},"image":{"@id":"https:\/\/filles-de-la-charite.org\/it\/notizie-da-una-sorella-missionaria-a-bahia-blanca-argentina\/#primaryimage"},"thumbnailUrl":"https:\/\/filles-de-la-charite.org\/wp-content\/uploads\/2023\/06\/1Imagen1.jpg","articleSection":["Sud America"],"inLanguage":"it-IT"},{"@type":"WebPage","@id":"https:\/\/filles-de-la-charite.org\/it\/notizie-da-una-sorella-missionaria-a-bahia-blanca-argentina\/","url":"https:\/\/filles-de-la-charite.org\/it\/notizie-da-una-sorella-missionaria-a-bahia-blanca-argentina\/","name":"Notizie da una sorella missionaria a Bah\u00eda Blanca (Argentina) - Filles de la Charit\u00e9","isPartOf":{"@id":"https:\/\/filles-de-la-charite.org\/it\/#website"},"primaryImageOfPage":{"@id":"https:\/\/filles-de-la-charite.org\/it\/notizie-da-una-sorella-missionaria-a-bahia-blanca-argentina\/#primaryimage"},"image":{"@id":"https:\/\/filles-de-la-charite.org\/it\/notizie-da-una-sorella-missionaria-a-bahia-blanca-argentina\/#primaryimage"},"thumbnailUrl":"https:\/\/filles-de-la-charite.org\/wp-content\/uploads\/2023\/06\/1Imagen1.jpg","datePublished":"2021-07-31T20:00:28+00:00","dateModified":"2024-03-17T16:20:06+00:00","breadcrumb":{"@id":"https:\/\/filles-de-la-charite.org\/it\/notizie-da-una-sorella-missionaria-a-bahia-blanca-argentina\/#breadcrumb"},"inLanguage":"it-IT","potentialAction":[{"@type":"ReadAction","target":["https:\/\/filles-de-la-charite.org\/it\/notizie-da-una-sorella-missionaria-a-bahia-blanca-argentina\/"]}]},{"@type":"ImageObject","inLanguage":"it-IT","@id":"https:\/\/filles-de-la-charite.org\/it\/notizie-da-una-sorella-missionaria-a-bahia-blanca-argentina\/#primaryimage","url":"https:\/\/filles-de-la-charite.org\/wp-content\/uploads\/2023\/06\/1Imagen1.jpg","contentUrl":"https:\/\/filles-de-la-charite.org\/wp-content\/uploads\/2023\/06\/1Imagen1.jpg","width":1497,"height":855},{"@type":"BreadcrumbList","@id":"https:\/\/filles-de-la-charite.org\/it\/notizie-da-una-sorella-missionaria-a-bahia-blanca-argentina\/#breadcrumb","itemListElement":[{"@type":"ListItem","position":1,"name":"Provincia di San Paolo, Brasile","item":"https:\/\/filles-de-la-charite.org\/it\/category\/provincia-di-san-paolo-brasile-it\/"},{"@type":"ListItem","position":2,"name":"Notizie da una sorella missionaria a Bah\u00eda Blanca (Argentina)"}]},{"@type":"WebSite","@id":"https:\/\/filles-de-la-charite.org\/it\/#website","url":"https:\/\/filles-de-la-charite.org\/it\/","name":"Hijas de la Caridad","description":"L\u2019amour de J\u00e9sus nous presse \u00e0 prendre soin des personnes les plus d\u00e9munies","publisher":{"@id":"https:\/\/filles-de-la-charite.org\/it\/#organization"},"potentialAction":[{"@type":"SearchAction","target":{"@type":"EntryPoint","urlTemplate":"https:\/\/filles-de-la-charite.org\/it\/?s={search_term_string}"},"query-input":{"@type":"PropertyValueSpecification","valueRequired":true,"valueName":"search_term_string"}}],"inLanguage":"it-IT"},{"@type":"Organization","@id":"https:\/\/filles-de-la-charite.org\/it\/#organization","name":"Hijas de la Caridad","url":"https:\/\/filles-de-la-charite.org\/it\/","logo":{"@type":"ImageObject","inLanguage":"it-IT","@id":"https:\/\/filles-de-la-charite.org\/it\/#\/schema\/logo\/image\/","url":"https:\/\/filles-de-la-charite.org\/wp-content\/uploads\/2023\/03\/isotipo-Hijas-de-la-Caridad.png","contentUrl":"https:\/\/filles-de-la-charite.org\/wp-content\/uploads\/2023\/03\/isotipo-Hijas-de-la-Caridad.png","width":1417,"height":1417,"caption":"Hijas de la Caridad"},"image":{"@id":"https:\/\/filles-de-la-charite.org\/it\/#\/schema\/logo\/image\/"}},{"@type":"Person","@id":"https:\/\/filles-de-la-charite.org\/it\/#\/schema\/person\/427567b2eccfc2dd7d206da186a1f438","name":"admin","image":{"@type":"ImageObject","inLanguage":"it-IT","@id":"https:\/\/secure.gravatar.com\/avatar\/948b492cce32b586ac2db0eaa926ee87024f7afe218d73b397ea5ddfc5f43ea1?s=96&d=mm&r=g","url":"https:\/\/secure.gravatar.com\/avatar\/948b492cce32b586ac2db0eaa926ee87024f7afe218d73b397ea5ddfc5f43ea1?s=96&d=mm&r=g","contentUrl":"https:\/\/secure.gravatar.com\/avatar\/948b492cce32b586ac2db0eaa926ee87024f7afe218d73b397ea5ddfc5f43ea1?s=96&d=mm&r=g","caption":"admin"},"sameAs":["https:\/\/filles-de-la-charite.org"],"url":"https:\/\/filles-de-la-charite.org\/it\/author\/caridad\/"}]}},"_links":{"self":[{"href":"https:\/\/filles-de-la-charite.org\/it\/wp-json\/wp\/v2\/posts\/23372","targetHints":{"allow":["GET"]}}],"collection":[{"href":"https:\/\/filles-de-la-charite.org\/it\/wp-json\/wp\/v2\/posts"}],"about":[{"href":"https:\/\/filles-de-la-charite.org\/it\/wp-json\/wp\/v2\/types\/post"}],"author":[{"embeddable":true,"href":"https:\/\/filles-de-la-charite.org\/it\/wp-json\/wp\/v2\/users\/1"}],"replies":[{"embeddable":true,"href":"https:\/\/filles-de-la-charite.org\/it\/wp-json\/wp\/v2\/comments?post=23372"}],"version-history":[{"count":1,"href":"https:\/\/filles-de-la-charite.org\/it\/wp-json\/wp\/v2\/posts\/23372\/revisions"}],"predecessor-version":[{"id":23373,"href":"https:\/\/filles-de-la-charite.org\/it\/wp-json\/wp\/v2\/posts\/23372\/revisions\/23373"}],"wp:featuredmedia":[{"embeddable":true,"href":"https:\/\/filles-de-la-charite.org\/it\/wp-json\/wp\/v2\/media\/16073"}],"wp:attachment":[{"href":"https:\/\/filles-de-la-charite.org\/it\/wp-json\/wp\/v2\/media?parent=23372"}],"wp:term":[{"taxonomy":"category","embeddable":true,"href":"https:\/\/filles-de-la-charite.org\/it\/wp-json\/wp\/v2\/categories?post=23372"},{"taxonomy":"post_tag","embeddable":true,"href":"https:\/\/filles-de-la-charite.org\/it\/wp-json\/wp\/v2\/tags?post=23372"}],"curies":[{"name":"wp","href":"https:\/\/api.w.org\/{rel}","templated":true}]}}