{"id":23378,"date":"2021-08-31T22:00:00","date_gmt":"2021-08-31T20:00:00","guid":{"rendered":"https:\/\/hijascaridad.sjdigitaldemo.ovh\/63880\/"},"modified":"2023-06-23T10:00:50","modified_gmt":"2023-06-23T08:00:50","slug":"63880","status":"publish","type":"post","link":"https:\/\/filles-de-la-charite.org\/it\/63880\/","title":{"rendered":"La tenerezza di Dio"},"content":{"rendered":"\n<p>I sei paesi della Provincia del Medio Oriente sono radicati nella Bibbia: \u00abCiro, re di Persia [attuale IRAN], \u00e8 incaricato di costruire una casa per il Signore a Gerusalemme\u00bb. \u00abAncora un po' di tempo e [il LIBANO] diventer\u00e0 un giardino... liberato dall'oscurit\u00e0 e dalle tenebre, gli occhi dei ciechi vedranno... \u00bb. \u00c8 nato a Betlemme [PALESTINA]. \u00c8 cresciuto a Nazareth [Israele]. Fugge con i suoi genitori in [EGITTO] e converte Paolo sulla via di Damasco [SIRIA].<\/p>\n\n\n\n<p>Le missioni delle nostre 28 comunit\u00e0 sono diverse: Educative (in Egitto, Siria e Libano); Sanitarie: Ospedali e Centri medico-sociali (Egitto, Libano, Israele, Palestina e Siria); Case di cura per anziani (Iran, Libano, Israele); Case per bambini con bisogni speciali (Israele, Libano). A questo bisogna aggiungere in quasi tutti i 6 paesi: i Movimenti Giovanili (specialmente la JMV) e soprattutto le visite a domicilio, l'aiuto alle persone prive di beni di prima necessit\u00e0 e la promozione della donna.<\/p>\n\n\n\n<h5 class=\"wp-block-heading\"><strong><strong>Centro medico-sociale di KOBAYAT<\/strong><\/strong><\/h5>\n\n\n\n<div class=\"wp-block-image\"><figure class=\"alignleft size-large\"><img decoding=\"async\" src=\"https:\/\/filles-de-la-charite.org\/wp-content\/uploads\/2023\/06\/KOBAYAT-1-Liban-576x1024-1.jpg\" alt=\"\" class=\"wp-image-63855\"\/><\/figure><\/div>\n\n\n\n<p>Nel centro medico-sociale dell'Ordine di Malta a Kobayat, nel nord del Libano, una regione trascurata dalle autorit\u00e0 civili... un programma ci permette di offrire farmaci che attualmente non sono disponibili nelle farmacie, soprattutto per malattie incurabili. Mi colpisce la pazienza e la solida fede delle persone che vengono al nostro centro e non smettono mai di ringraziare Dio nonostante la povert\u00e0 e anche la miseria per alcuni. Vedere un uomo che piange con dignit\u00e0 perch\u00e9 non pu\u00f2 pi\u00f9 soddisfare i bisogni pi\u00f9 elementari della sua famiglia, quando aveva un buon stipendio e stava bene finanziariamente, mi spezza il cuore! Quando sento le persone che servo dirmi: \"Tu rifletti, sorella mia, il volto di Dio\", onestamente non mi riconosco in quello che dicono ev sento una chiamata del Signore ad amarLo di pi\u00f9, a vivere sempre di pi\u00f9 il carisma dei nostri fondatori e a portare tutte queste persone nella mia preghiera. Che il Signore abbia piet\u00e0 del nostro paese, il Libano, e ci aiuti a vivere le virt\u00f9 cristiane della solidariet\u00e0, del perdono e della misericordia!<\/p>\n\n\n\n<p><\/p>\n\n\n\n<h5 class=\"wp-block-heading\"><strong><strong>Ospedale del Sacro Cuore - BEIRUT<\/strong><br><\/strong><\/h5>\n\n\n\n<p>Oggi, 15 agosto 2021, festa dell'Assunzione di Maria: il pensiero di essere con Maria alla fine dei tempi ci d\u00e0 coraggio in questo momento, quando a volte sembriamo un po' smarriti di fronte alle \"catastrofi\" che si susseguono in Libano! La sera dell'esplosione al porto di Beirut, il 4 agosto 2020, abbiamo ricevuto circa 200 persone al Pronto Soccorso quasi nello stesso momento: ferite da suturare, fratture da operare, traumi cranici a cui fare attenzione. Una \"folla\" di persone sedute o distese, a volte sul pavimento, che aspettavano pazientemente il loro turno, senza chiedere nulla, senza lamentarsi, forse non sapendo che non avevano pi\u00f9 una casa, o,in qualche caso, avendo perso un membro della loro famiglia. Le sorelle della nostra comunit\u00e0, nei nostri vari incontri, hanno condiviso ci\u00f2 che ci ha sfidato ieri sera al pronto soccorso, o in ospedale: abbiamo visto il volto di Cristo:<\/p>\n\n\n\n<div class=\"wp-block-image\"><figure class=\"alignright size-large\"><img decoding=\"async\" src=\"https:\/\/filles-de-la-charite.org\/wp-content\/uploads\/2023\/06\/Visite-d_une-malade-SI-deux-soeurs-1-Liban-498x1024-1.jpg\" alt=\"\" class=\"wp-image-63854\"\/><\/figure><\/div>\n\n\n\n<p>* In quello di Suor Sophie, la nostra compagna, il viso sfigurato ma ancora cosciente. Molto colpita ma cosciente, soccombe alle sue ferite pi\u00f9 tardi nella notte;<\/p>\n\n\n\n<p>* in quello di una giovane donna, che ha perso il marito nell'esplosione. Continuava a dire: \"\u00c8 colpa mia, \u00e8 colpa mia...\u201d Perch\u00e9 gli aveva chiesto di accompagnarla ad un appuntamento in un ospedale vicino al porto; suo marito \u00e8 stato ucciso accanto a lei. Arrivando al nostro ospedale con diverse ferite profonde, continuava a piangere per suo marito e non si preoccupava di se stessa quando il chirurgo le suturava le ferite;<\/p>\n\n\n\n<p>* nei volti di alcuni pazienti che, uscendo dopo aver ricevuto le cure necessarie, hanno espresso la loro gratitudine al personale infermieristico, nonostante lo stato di shock e la loro sofferenza... Un'esperienza che non dimenticheremo mai. Allo stesso modo, questi gesti di solidariet\u00e0 manifestati intorno a noi sono indimenticabili. Siamo stati interpellati da questa dedizione e collaborazione spontanea, in cui ognuno si \u00e8 impegnato al massimo:<\/p>\n\n\n\n<p>* sono arrivati tre medici, anche loro feriti. Si sono lavati e cambiati, uno \u00e8 stato suturato e poi si sono presi cura degli altri feriti;<\/p>\n\n\n\n<p>* tre nuovi tirocinanti che erano entrati nell'ospedale solo il giorno prima hanno suturato decine di pazienti. Sono stati aiutati dal personale di servizio diurno che \u00e8 rimasto fino al giorno dopo ad aiutare il personale di servizio notturno.<\/p>\n\n\n\n<p>* le nostre sorelle infermiere, circolavano per offrire acqua a coloro che la chiedevano; tutto il personale della lavanderia, della manutenzione, dei ricoveri, del laboratorio e della diagnostica era presente per soddisfare le esigenze dei pazienti e del personale.. Alcuni soldati dell'esercito libanese ci aiutavano a mantenere l'ordine intorno alle emergenze. Poi, la sera e nei giorni seguenti, sono arrivati messaggi di solidariet\u00e0 da tutto il mondo, assicurandoci le loro preghiere. Abbiamo avuto un'esperienza dolorosa e dura, ma non eravamo sole.<\/p>\n","protected":false},"excerpt":{"rendered":"<p>I sei paesi della Provincia del Medio Oriente sono radicati nella Bibbia: \u00abCiro, re di Persia [attuale IRAN], \u00e8 incaricato di costruire una casa per il Signore a Gerusalemme\u00bb. \u00abAncora un po&#8217; di tempo e [il LIBANO] diventer\u00e0 un giardino&#8230; liberato dall&#8217;oscurit\u00e0 e dalle tenebre, gli occhi dei ciechi vedranno&#8230; \u00bb. \u00c8 nato a Betlemme [&hellip;]<\/p>\n","protected":false},"author":1,"featured_media":16175,"comment_status":"closed","ping_status":"closed","sticky":false,"template":"","format":"standard","meta":{"_acf_changed":false,"footnotes":"","_links_to":"","_links_to_target":""},"categories":[489],"tags":[],"class_list":["post-23378","post","type-post","status-publish","format-standard","has-post-thumbnail","hentry","category-medio-oriente-it"],"acf":[],"yoast_head":"<!-- This site is optimized with the Yoast SEO plugin v27.5 - https:\/\/yoast.com\/product\/yoast-seo-wordpress\/ -->\n<title>La tenerezza di Dio - Filles de la Charit\u00e9<\/title>\n<meta name=\"robots\" content=\"index, follow, max-snippet:-1, max-image-preview:large, max-video-preview:-1\" \/>\n<link rel=\"canonical\" href=\"https:\/\/filles-de-la-charite.org\/it\/63880\/\" \/>\n<meta property=\"og:locale\" content=\"it_IT\" \/>\n<meta property=\"og:type\" content=\"article\" \/>\n<meta property=\"og:title\" content=\"La tenerezza di Dio - Filles de la Charit\u00e9\" \/>\n<meta property=\"og:description\" content=\"I sei paesi della Provincia del Medio Oriente sono radicati nella Bibbia: \u00abCiro, re di Persia [attuale IRAN], \u00e8 incaricato di costruire una casa per il Signore a Gerusalemme\u00bb. \u00abAncora un po&#8217; di tempo e [il LIBANO] diventer\u00e0 un giardino&#8230; liberato dall&#8217;oscurit\u00e0 e dalle tenebre, gli occhi dei ciechi vedranno&#8230; \u00bb. \u00c8 nato a Betlemme [&hellip;]\" \/>\n<meta property=\"og:url\" content=\"https:\/\/filles-de-la-charite.org\/it\/63880\/\" \/>\n<meta property=\"og:site_name\" content=\"Filles de la Charit\u00e9\" \/>\n<meta property=\"article:published_time\" content=\"2021-08-31T20:00:00+00:00\" \/>\n<meta property=\"article:modified_time\" content=\"2023-06-23T08:00:50+00:00\" \/>\n<meta property=\"og:image\" content=\"https:\/\/filles-de-la-charite.org\/wp-content\/uploads\/2023\/06\/KOBAYAT-3-Liban.jpg\" \/>\n\t<meta property=\"og:image:width\" content=\"1040\" \/>\n\t<meta property=\"og:image:height\" content=\"780\" \/>\n\t<meta property=\"og:image:type\" content=\"image\/jpeg\" \/>\n<meta name=\"author\" content=\"admin\" \/>\n<meta name=\"twitter:card\" content=\"summary_large_image\" \/>\n<meta name=\"twitter:label1\" content=\"Scritto da\" \/>\n\t<meta name=\"twitter:data1\" content=\"admin\" \/>\n\t<meta name=\"twitter:label2\" content=\"Tempo di lettura stimato\" \/>\n\t<meta name=\"twitter:data2\" content=\"4 minuti\" \/>\n<script type=\"application\/ld+json\" class=\"yoast-schema-graph\">{\"@context\":\"https:\\\/\\\/schema.org\",\"@graph\":[{\"@type\":\"Article\",\"@id\":\"https:\\\/\\\/filles-de-la-charite.org\\\/it\\\/63880\\\/#article\",\"isPartOf\":{\"@id\":\"https:\\\/\\\/filles-de-la-charite.org\\\/it\\\/63880\\\/\"},\"author\":{\"name\":\"admin\",\"@id\":\"https:\\\/\\\/filles-de-la-charite.org\\\/it\\\/#\\\/schema\\\/person\\\/427567b2eccfc2dd7d206da186a1f438\"},\"headline\":\"La tenerezza di Dio\",\"datePublished\":\"2021-08-31T20:00:00+00:00\",\"dateModified\":\"2023-06-23T08:00:50+00:00\",\"mainEntityOfPage\":{\"@id\":\"https:\\\/\\\/filles-de-la-charite.org\\\/it\\\/63880\\\/\"},\"wordCount\":790,\"publisher\":{\"@id\":\"https:\\\/\\\/filles-de-la-charite.org\\\/it\\\/#organization\"},\"image\":{\"@id\":\"https:\\\/\\\/filles-de-la-charite.org\\\/it\\\/63880\\\/#primaryimage\"},\"thumbnailUrl\":\"https:\\\/\\\/filles-de-la-charite.org\\\/wp-content\\\/uploads\\\/2023\\\/06\\\/KOBAYAT-3-Liban.jpg\",\"articleSection\":[\"Medio Oriente\"],\"inLanguage\":\"it-IT\"},{\"@type\":\"WebPage\",\"@id\":\"https:\\\/\\\/filles-de-la-charite.org\\\/it\\\/63880\\\/\",\"url\":\"https:\\\/\\\/filles-de-la-charite.org\\\/it\\\/63880\\\/\",\"name\":\"La tenerezza di Dio - Filles de la Charit\u00e9\",\"isPartOf\":{\"@id\":\"https:\\\/\\\/filles-de-la-charite.org\\\/it\\\/#website\"},\"primaryImageOfPage\":{\"@id\":\"https:\\\/\\\/filles-de-la-charite.org\\\/it\\\/63880\\\/#primaryimage\"},\"image\":{\"@id\":\"https:\\\/\\\/filles-de-la-charite.org\\\/it\\\/63880\\\/#primaryimage\"},\"thumbnailUrl\":\"https:\\\/\\\/filles-de-la-charite.org\\\/wp-content\\\/uploads\\\/2023\\\/06\\\/KOBAYAT-3-Liban.jpg\",\"datePublished\":\"2021-08-31T20:00:00+00:00\",\"dateModified\":\"2023-06-23T08:00:50+00:00\",\"breadcrumb\":{\"@id\":\"https:\\\/\\\/filles-de-la-charite.org\\\/it\\\/63880\\\/#breadcrumb\"},\"inLanguage\":\"it-IT\",\"potentialAction\":[{\"@type\":\"ReadAction\",\"target\":[\"https:\\\/\\\/filles-de-la-charite.org\\\/it\\\/63880\\\/\"]}]},{\"@type\":\"ImageObject\",\"inLanguage\":\"it-IT\",\"@id\":\"https:\\\/\\\/filles-de-la-charite.org\\\/it\\\/63880\\\/#primaryimage\",\"url\":\"https:\\\/\\\/filles-de-la-charite.org\\\/wp-content\\\/uploads\\\/2023\\\/06\\\/KOBAYAT-3-Liban.jpg\",\"contentUrl\":\"https:\\\/\\\/filles-de-la-charite.org\\\/wp-content\\\/uploads\\\/2023\\\/06\\\/KOBAYAT-3-Liban.jpg\",\"width\":1040,\"height\":780},{\"@type\":\"BreadcrumbList\",\"@id\":\"https:\\\/\\\/filles-de-la-charite.org\\\/it\\\/63880\\\/#breadcrumb\",\"itemListElement\":[{\"@type\":\"ListItem\",\"position\":1,\"name\":\"Hijas de la Caridad\",\"item\":\"https:\\\/\\\/filles-de-la-charite.org\\\/layout_category\\\/hijas-de-la-caridad\\\/\"},{\"@type\":\"ListItem\",\"position\":2,\"name\":\"La tenerezza di Dio\"}]},{\"@type\":\"WebSite\",\"@id\":\"https:\\\/\\\/filles-de-la-charite.org\\\/it\\\/#website\",\"url\":\"https:\\\/\\\/filles-de-la-charite.org\\\/it\\\/\",\"name\":\"Hijas de la Caridad\",\"description\":\"L\u2019amour de J\u00e9sus nous presse \u00e0 prendre soin des personnes les plus d\u00e9munies\",\"publisher\":{\"@id\":\"https:\\\/\\\/filles-de-la-charite.org\\\/it\\\/#organization\"},\"potentialAction\":[{\"@type\":\"SearchAction\",\"target\":{\"@type\":\"EntryPoint\",\"urlTemplate\":\"https:\\\/\\\/filles-de-la-charite.org\\\/it\\\/?s={search_term_string}\"},\"query-input\":{\"@type\":\"PropertyValueSpecification\",\"valueRequired\":true,\"valueName\":\"search_term_string\"}}],\"inLanguage\":\"it-IT\"},{\"@type\":\"Organization\",\"@id\":\"https:\\\/\\\/filles-de-la-charite.org\\\/it\\\/#organization\",\"name\":\"Hijas de la Caridad\",\"url\":\"https:\\\/\\\/filles-de-la-charite.org\\\/it\\\/\",\"logo\":{\"@type\":\"ImageObject\",\"inLanguage\":\"it-IT\",\"@id\":\"https:\\\/\\\/filles-de-la-charite.org\\\/it\\\/#\\\/schema\\\/logo\\\/image\\\/\",\"url\":\"https:\\\/\\\/filles-de-la-charite.org\\\/wp-content\\\/uploads\\\/2023\\\/03\\\/isotipo-Hijas-de-la-Caridad.png\",\"contentUrl\":\"https:\\\/\\\/filles-de-la-charite.org\\\/wp-content\\\/uploads\\\/2023\\\/03\\\/isotipo-Hijas-de-la-Caridad.png\",\"width\":1417,\"height\":1417,\"caption\":\"Hijas de la Caridad\"},\"image\":{\"@id\":\"https:\\\/\\\/filles-de-la-charite.org\\\/it\\\/#\\\/schema\\\/logo\\\/image\\\/\"}},{\"@type\":\"Person\",\"@id\":\"https:\\\/\\\/filles-de-la-charite.org\\\/it\\\/#\\\/schema\\\/person\\\/427567b2eccfc2dd7d206da186a1f438\",\"name\":\"admin\",\"image\":{\"@type\":\"ImageObject\",\"inLanguage\":\"it-IT\",\"@id\":\"https:\\\/\\\/secure.gravatar.com\\\/avatar\\\/948b492cce32b586ac2db0eaa926ee87024f7afe218d73b397ea5ddfc5f43ea1?s=96&d=mm&r=g\",\"url\":\"https:\\\/\\\/secure.gravatar.com\\\/avatar\\\/948b492cce32b586ac2db0eaa926ee87024f7afe218d73b397ea5ddfc5f43ea1?s=96&d=mm&r=g\",\"contentUrl\":\"https:\\\/\\\/secure.gravatar.com\\\/avatar\\\/948b492cce32b586ac2db0eaa926ee87024f7afe218d73b397ea5ddfc5f43ea1?s=96&d=mm&r=g\",\"caption\":\"admin\"},\"sameAs\":[\"https:\\\/\\\/filles-de-la-charite.org\"],\"url\":\"https:\\\/\\\/filles-de-la-charite.org\\\/it\\\/author\\\/caridad\\\/\"}]}<\/script>\n<!-- \/ Yoast SEO plugin. -->","yoast_head_json":{"title":"La tenerezza di Dio - Filles de la Charit\u00e9","robots":{"index":"index","follow":"follow","max-snippet":"max-snippet:-1","max-image-preview":"max-image-preview:large","max-video-preview":"max-video-preview:-1"},"canonical":"https:\/\/filles-de-la-charite.org\/it\/63880\/","og_locale":"it_IT","og_type":"article","og_title":"La tenerezza di Dio - Filles de la Charit\u00e9","og_description":"I sei paesi della Provincia del Medio Oriente sono radicati nella Bibbia: \u00abCiro, re di Persia [attuale IRAN], \u00e8 incaricato di costruire una casa per il Signore a Gerusalemme\u00bb. \u00abAncora un po&#8217; di tempo e [il LIBANO] diventer\u00e0 un giardino&#8230; liberato dall&#8217;oscurit\u00e0 e dalle tenebre, gli occhi dei ciechi vedranno&#8230; \u00bb. \u00c8 nato a Betlemme [&hellip;]","og_url":"https:\/\/filles-de-la-charite.org\/it\/63880\/","og_site_name":"Filles de la Charit\u00e9","article_published_time":"2021-08-31T20:00:00+00:00","article_modified_time":"2023-06-23T08:00:50+00:00","og_image":[{"width":1040,"height":780,"url":"https:\/\/filles-de-la-charite.org\/wp-content\/uploads\/2023\/06\/KOBAYAT-3-Liban.jpg","type":"image\/jpeg"}],"author":"admin","twitter_card":"summary_large_image","twitter_misc":{"Scritto da":"admin","Tempo di lettura stimato":"4 minuti"},"schema":{"@context":"https:\/\/schema.org","@graph":[{"@type":"Article","@id":"https:\/\/filles-de-la-charite.org\/it\/63880\/#article","isPartOf":{"@id":"https:\/\/filles-de-la-charite.org\/it\/63880\/"},"author":{"name":"admin","@id":"https:\/\/filles-de-la-charite.org\/it\/#\/schema\/person\/427567b2eccfc2dd7d206da186a1f438"},"headline":"La tenerezza di Dio","datePublished":"2021-08-31T20:00:00+00:00","dateModified":"2023-06-23T08:00:50+00:00","mainEntityOfPage":{"@id":"https:\/\/filles-de-la-charite.org\/it\/63880\/"},"wordCount":790,"publisher":{"@id":"https:\/\/filles-de-la-charite.org\/it\/#organization"},"image":{"@id":"https:\/\/filles-de-la-charite.org\/it\/63880\/#primaryimage"},"thumbnailUrl":"https:\/\/filles-de-la-charite.org\/wp-content\/uploads\/2023\/06\/KOBAYAT-3-Liban.jpg","articleSection":["Medio Oriente"],"inLanguage":"it-IT"},{"@type":"WebPage","@id":"https:\/\/filles-de-la-charite.org\/it\/63880\/","url":"https:\/\/filles-de-la-charite.org\/it\/63880\/","name":"La tenerezza di Dio - Filles de la Charit\u00e9","isPartOf":{"@id":"https:\/\/filles-de-la-charite.org\/it\/#website"},"primaryImageOfPage":{"@id":"https:\/\/filles-de-la-charite.org\/it\/63880\/#primaryimage"},"image":{"@id":"https:\/\/filles-de-la-charite.org\/it\/63880\/#primaryimage"},"thumbnailUrl":"https:\/\/filles-de-la-charite.org\/wp-content\/uploads\/2023\/06\/KOBAYAT-3-Liban.jpg","datePublished":"2021-08-31T20:00:00+00:00","dateModified":"2023-06-23T08:00:50+00:00","breadcrumb":{"@id":"https:\/\/filles-de-la-charite.org\/it\/63880\/#breadcrumb"},"inLanguage":"it-IT","potentialAction":[{"@type":"ReadAction","target":["https:\/\/filles-de-la-charite.org\/it\/63880\/"]}]},{"@type":"ImageObject","inLanguage":"it-IT","@id":"https:\/\/filles-de-la-charite.org\/it\/63880\/#primaryimage","url":"https:\/\/filles-de-la-charite.org\/wp-content\/uploads\/2023\/06\/KOBAYAT-3-Liban.jpg","contentUrl":"https:\/\/filles-de-la-charite.org\/wp-content\/uploads\/2023\/06\/KOBAYAT-3-Liban.jpg","width":1040,"height":780},{"@type":"BreadcrumbList","@id":"https:\/\/filles-de-la-charite.org\/it\/63880\/#breadcrumb","itemListElement":[{"@type":"ListItem","position":1,"name":"Hijas de la Caridad","item":"https:\/\/filles-de-la-charite.org\/layout_category\/hijas-de-la-caridad\/"},{"@type":"ListItem","position":2,"name":"La tenerezza di Dio"}]},{"@type":"WebSite","@id":"https:\/\/filles-de-la-charite.org\/it\/#website","url":"https:\/\/filles-de-la-charite.org\/it\/","name":"Hijas de la Caridad","description":"L\u2019amour de J\u00e9sus nous presse \u00e0 prendre soin des personnes les plus d\u00e9munies","publisher":{"@id":"https:\/\/filles-de-la-charite.org\/it\/#organization"},"potentialAction":[{"@type":"SearchAction","target":{"@type":"EntryPoint","urlTemplate":"https:\/\/filles-de-la-charite.org\/it\/?s={search_term_string}"},"query-input":{"@type":"PropertyValueSpecification","valueRequired":true,"valueName":"search_term_string"}}],"inLanguage":"it-IT"},{"@type":"Organization","@id":"https:\/\/filles-de-la-charite.org\/it\/#organization","name":"Hijas de la Caridad","url":"https:\/\/filles-de-la-charite.org\/it\/","logo":{"@type":"ImageObject","inLanguage":"it-IT","@id":"https:\/\/filles-de-la-charite.org\/it\/#\/schema\/logo\/image\/","url":"https:\/\/filles-de-la-charite.org\/wp-content\/uploads\/2023\/03\/isotipo-Hijas-de-la-Caridad.png","contentUrl":"https:\/\/filles-de-la-charite.org\/wp-content\/uploads\/2023\/03\/isotipo-Hijas-de-la-Caridad.png","width":1417,"height":1417,"caption":"Hijas de la Caridad"},"image":{"@id":"https:\/\/filles-de-la-charite.org\/it\/#\/schema\/logo\/image\/"}},{"@type":"Person","@id":"https:\/\/filles-de-la-charite.org\/it\/#\/schema\/person\/427567b2eccfc2dd7d206da186a1f438","name":"admin","image":{"@type":"ImageObject","inLanguage":"it-IT","@id":"https:\/\/secure.gravatar.com\/avatar\/948b492cce32b586ac2db0eaa926ee87024f7afe218d73b397ea5ddfc5f43ea1?s=96&d=mm&r=g","url":"https:\/\/secure.gravatar.com\/avatar\/948b492cce32b586ac2db0eaa926ee87024f7afe218d73b397ea5ddfc5f43ea1?s=96&d=mm&r=g","contentUrl":"https:\/\/secure.gravatar.com\/avatar\/948b492cce32b586ac2db0eaa926ee87024f7afe218d73b397ea5ddfc5f43ea1?s=96&d=mm&r=g","caption":"admin"},"sameAs":["https:\/\/filles-de-la-charite.org"],"url":"https:\/\/filles-de-la-charite.org\/it\/author\/caridad\/"}]}},"_links":{"self":[{"href":"https:\/\/filles-de-la-charite.org\/it\/wp-json\/wp\/v2\/posts\/23378","targetHints":{"allow":["GET"]}}],"collection":[{"href":"https:\/\/filles-de-la-charite.org\/it\/wp-json\/wp\/v2\/posts"}],"about":[{"href":"https:\/\/filles-de-la-charite.org\/it\/wp-json\/wp\/v2\/types\/post"}],"author":[{"embeddable":true,"href":"https:\/\/filles-de-la-charite.org\/it\/wp-json\/wp\/v2\/users\/1"}],"replies":[{"embeddable":true,"href":"https:\/\/filles-de-la-charite.org\/it\/wp-json\/wp\/v2\/comments?post=23378"}],"version-history":[{"count":1,"href":"https:\/\/filles-de-la-charite.org\/it\/wp-json\/wp\/v2\/posts\/23378\/revisions"}],"predecessor-version":[{"id":23379,"href":"https:\/\/filles-de-la-charite.org\/it\/wp-json\/wp\/v2\/posts\/23378\/revisions\/23379"}],"wp:featuredmedia":[{"embeddable":true,"href":"https:\/\/filles-de-la-charite.org\/it\/wp-json\/wp\/v2\/media\/16175"}],"wp:attachment":[{"href":"https:\/\/filles-de-la-charite.org\/it\/wp-json\/wp\/v2\/media?parent=23378"}],"wp:term":[{"taxonomy":"category","embeddable":true,"href":"https:\/\/filles-de-la-charite.org\/it\/wp-json\/wp\/v2\/categories?post=23378"},{"taxonomy":"post_tag","embeddable":true,"href":"https:\/\/filles-de-la-charite.org\/it\/wp-json\/wp\/v2\/tags?post=23378"}],"curies":[{"name":"wp","href":"https:\/\/api.w.org\/{rel}","templated":true}]}}