{"id":23387,"date":"2022-01-31T23:00:00","date_gmt":"2022-01-31T22:00:00","guid":{"rendered":"https:\/\/hijascaridad.sjdigitaldemo.ovh\/casa-san-giuseppe-damasco-siria\/"},"modified":"2023-06-23T10:01:29","modified_gmt":"2023-06-23T08:01:29","slug":"casa-san-giuseppe-damasco-siria","status":"publish","type":"post","link":"https:\/\/filles-de-la-charite.org\/it\/casa-san-giuseppe-damasco-siria\/","title":{"rendered":"Casa San Giuseppe, Damasco, SIRIA"},"content":{"rendered":"\n<p>Come possiamo continuare la nostra missione dopo tanti anni di guerra, che non \u00e8 ancora finita? Sofferenza, crisi economica, costo della vita elevato, pandemia... Siamo 3 Suore al servizio della popolazione che il Signore ci invia.<\/p>\n\n\n\n<div class=\"wp-block-image\"><figure class=\"aligncenter size-full\"><img decoding=\"async\" src=\"https:\/\/filles-de-la-charite.org\/wp-content\/uploads\/2023\/06\/1-10.jpg\" alt=\"\" class=\"wp-image-69603\"\/><\/figure><\/div>\n\n\n\n<p>La nostra Casa di Damasco non ha chiuso le porte neppure nei momenti pi\u00f9 difficili: un ostello accoglie 40 giovani universitarie, cristiane e musulmane provenienti da regioni lontane e che vivono insieme <em>fraternamente<\/em>... Incontri di promozione della donna sono offerti regolarmente alle donne rifugiate che abbiamo accolto con i loro bambini. In collaborazione con la Famiglia vincenziana, accompagniamo numerosi movimenti di giovani (JMV e altri) e di adulti. La nostra scuola, frequentata da 650 alunni, il 10% dei quali sono musulmani, non ha ancora dimenticato la protezione divina accordataci dopo essere stata colpita da diverse granate mentre i bambini erano in classe. Cerchiamo di aiutare il pi\u00f9 possibile le famiglie degli alunni, rispettando la dignit\u00e0 di coloro che sono stati feriti dalla vita e dalla guerra.<\/p>\n\n\n\n<p>Siamo molto riconoscenti per la condivisione e l'incoraggiamento della Compagnia, della Provincia e per l'aiuto da parte di Associazioni e di benefattori. In tutte le nostre opere, la prima preoccupazione \u00e8 la promozione delle persone a livello umano, educativo, morale e spirituale.&nbsp; Il Signore ci aiuti a vivere la nostra missione nella fede e a essere segni di Pace e di Speranza!<\/p>\n\n\n\n<div class=\"wp-block-image\"><figure class=\"aligncenter size-full\"><img decoding=\"async\" src=\"https:\/\/filles-de-la-charite.org\/wp-content\/uploads\/2023\/06\/3-7.jpg\" alt=\"\" class=\"wp-image-69602\"\/><\/figure><\/div>\n","protected":false},"excerpt":{"rendered":"<p>Come possiamo continuare la nostra missione dopo tanti anni di guerra, che non \u00e8 ancora finita? Sofferenza, crisi economica, costo della vita elevato, pandemia&#8230; Siamo 3 Suore al servizio della popolazione che il Signore ci invia. La nostra Casa di Damasco non ha chiuso le porte neppure nei momenti pi\u00f9 difficili: un ostello accoglie 40 [&hellip;]<\/p>\n","protected":false},"author":1,"featured_media":16280,"comment_status":"closed","ping_status":"closed","sticky":false,"template":"","format":"standard","meta":{"_acf_changed":false,"footnotes":"","_links_to":"","_links_to_target":""},"categories":[489],"tags":[],"class_list":["post-23387","post","type-post","status-publish","format-standard","has-post-thumbnail","hentry","category-medio-oriente-it"],"acf":[],"yoast_head":"<!-- This site is optimized with the Yoast SEO plugin v27.5 - https:\/\/yoast.com\/product\/yoast-seo-wordpress\/ -->\n<title>Casa San Giuseppe, Damasco, SIRIA - Filles de la Charit\u00e9<\/title>\n<meta name=\"robots\" content=\"index, follow, max-snippet:-1, max-image-preview:large, max-video-preview:-1\" \/>\n<link rel=\"canonical\" href=\"https:\/\/filles-de-la-charite.org\/it\/casa-san-giuseppe-damasco-siria\/\" \/>\n<meta property=\"og:locale\" content=\"it_IT\" \/>\n<meta property=\"og:type\" content=\"article\" \/>\n<meta property=\"og:title\" content=\"Casa San Giuseppe, Damasco, SIRIA - Filles de la Charit\u00e9\" \/>\n<meta property=\"og:description\" content=\"Come possiamo continuare la nostra missione dopo tanti anni di guerra, che non \u00e8 ancora finita? Sofferenza, crisi economica, costo della vita elevato, pandemia&#8230; Siamo 3 Suore al servizio della popolazione che il Signore ci invia. La nostra Casa di Damasco non ha chiuso le porte neppure nei momenti pi\u00f9 difficili: un ostello accoglie 40 [&hellip;]\" \/>\n<meta property=\"og:url\" content=\"https:\/\/filles-de-la-charite.org\/it\/casa-san-giuseppe-damasco-siria\/\" \/>\n<meta property=\"og:site_name\" content=\"Filles de la Charit\u00e9\" \/>\n<meta property=\"article:published_time\" content=\"2022-01-31T22:00:00+00:00\" \/>\n<meta property=\"article:modified_time\" content=\"2023-06-23T08:01:29+00:00\" \/>\n<meta property=\"og:image\" content=\"https:\/\/filles-de-la-charite.org\/wp-content\/uploads\/2023\/06\/2-7.jpg\" \/>\n\t<meta property=\"og:image:width\" content=\"1032\" \/>\n\t<meta property=\"og:image:height\" content=\"774\" \/>\n\t<meta property=\"og:image:type\" content=\"image\/jpeg\" \/>\n<meta name=\"author\" content=\"admin\" \/>\n<meta name=\"twitter:card\" content=\"summary_large_image\" \/>\n<meta name=\"twitter:label1\" content=\"Scritto da\" \/>\n\t<meta name=\"twitter:data1\" content=\"admin\" \/>\n\t<meta name=\"twitter:label2\" content=\"Tempo di lettura stimato\" \/>\n\t<meta name=\"twitter:data2\" content=\"2 minuti\" \/>\n<script type=\"application\/ld+json\" class=\"yoast-schema-graph\">{\"@context\":\"https:\\\/\\\/schema.org\",\"@graph\":[{\"@type\":\"Article\",\"@id\":\"https:\\\/\\\/filles-de-la-charite.org\\\/it\\\/casa-san-giuseppe-damasco-siria\\\/#article\",\"isPartOf\":{\"@id\":\"https:\\\/\\\/filles-de-la-charite.org\\\/it\\\/casa-san-giuseppe-damasco-siria\\\/\"},\"author\":{\"name\":\"admin\",\"@id\":\"https:\\\/\\\/filles-de-la-charite.org\\\/it\\\/#\\\/schema\\\/person\\\/427567b2eccfc2dd7d206da186a1f438\"},\"headline\":\"Casa San Giuseppe, Damasco, SIRIA\",\"datePublished\":\"2022-01-31T22:00:00+00:00\",\"dateModified\":\"2023-06-23T08:01:29+00:00\",\"mainEntityOfPage\":{\"@id\":\"https:\\\/\\\/filles-de-la-charite.org\\\/it\\\/casa-san-giuseppe-damasco-siria\\\/\"},\"wordCount\":226,\"publisher\":{\"@id\":\"https:\\\/\\\/filles-de-la-charite.org\\\/it\\\/#organization\"},\"image\":{\"@id\":\"https:\\\/\\\/filles-de-la-charite.org\\\/it\\\/casa-san-giuseppe-damasco-siria\\\/#primaryimage\"},\"thumbnailUrl\":\"https:\\\/\\\/filles-de-la-charite.org\\\/wp-content\\\/uploads\\\/2023\\\/06\\\/2-7.jpg\",\"articleSection\":[\"Medio Oriente\"],\"inLanguage\":\"it-IT\"},{\"@type\":\"WebPage\",\"@id\":\"https:\\\/\\\/filles-de-la-charite.org\\\/it\\\/casa-san-giuseppe-damasco-siria\\\/\",\"url\":\"https:\\\/\\\/filles-de-la-charite.org\\\/it\\\/casa-san-giuseppe-damasco-siria\\\/\",\"name\":\"Casa San Giuseppe, Damasco, SIRIA - Filles de la Charit\u00e9\",\"isPartOf\":{\"@id\":\"https:\\\/\\\/filles-de-la-charite.org\\\/it\\\/#website\"},\"primaryImageOfPage\":{\"@id\":\"https:\\\/\\\/filles-de-la-charite.org\\\/it\\\/casa-san-giuseppe-damasco-siria\\\/#primaryimage\"},\"image\":{\"@id\":\"https:\\\/\\\/filles-de-la-charite.org\\\/it\\\/casa-san-giuseppe-damasco-siria\\\/#primaryimage\"},\"thumbnailUrl\":\"https:\\\/\\\/filles-de-la-charite.org\\\/wp-content\\\/uploads\\\/2023\\\/06\\\/2-7.jpg\",\"datePublished\":\"2022-01-31T22:00:00+00:00\",\"dateModified\":\"2023-06-23T08:01:29+00:00\",\"breadcrumb\":{\"@id\":\"https:\\\/\\\/filles-de-la-charite.org\\\/it\\\/casa-san-giuseppe-damasco-siria\\\/#breadcrumb\"},\"inLanguage\":\"it-IT\",\"potentialAction\":[{\"@type\":\"ReadAction\",\"target\":[\"https:\\\/\\\/filles-de-la-charite.org\\\/it\\\/casa-san-giuseppe-damasco-siria\\\/\"]}]},{\"@type\":\"ImageObject\",\"inLanguage\":\"it-IT\",\"@id\":\"https:\\\/\\\/filles-de-la-charite.org\\\/it\\\/casa-san-giuseppe-damasco-siria\\\/#primaryimage\",\"url\":\"https:\\\/\\\/filles-de-la-charite.org\\\/wp-content\\\/uploads\\\/2023\\\/06\\\/2-7.jpg\",\"contentUrl\":\"https:\\\/\\\/filles-de-la-charite.org\\\/wp-content\\\/uploads\\\/2023\\\/06\\\/2-7.jpg\",\"width\":1032,\"height\":774},{\"@type\":\"BreadcrumbList\",\"@id\":\"https:\\\/\\\/filles-de-la-charite.org\\\/it\\\/casa-san-giuseppe-damasco-siria\\\/#breadcrumb\",\"itemListElement\":[{\"@type\":\"ListItem\",\"position\":1,\"name\":\"Medio Oriente\",\"item\":\"https:\\\/\\\/filles-de-la-charite.org\\\/it\\\/category\\\/medio-oriente-it\\\/\"},{\"@type\":\"ListItem\",\"position\":2,\"name\":\"Casa San Giuseppe, Damasco, SIRIA\"}]},{\"@type\":\"WebSite\",\"@id\":\"https:\\\/\\\/filles-de-la-charite.org\\\/it\\\/#website\",\"url\":\"https:\\\/\\\/filles-de-la-charite.org\\\/it\\\/\",\"name\":\"Hijas de la Caridad\",\"description\":\"L\u2019amour de J\u00e9sus nous presse \u00e0 prendre soin des personnes les plus d\u00e9munies\",\"publisher\":{\"@id\":\"https:\\\/\\\/filles-de-la-charite.org\\\/it\\\/#organization\"},\"potentialAction\":[{\"@type\":\"SearchAction\",\"target\":{\"@type\":\"EntryPoint\",\"urlTemplate\":\"https:\\\/\\\/filles-de-la-charite.org\\\/it\\\/?s={search_term_string}\"},\"query-input\":{\"@type\":\"PropertyValueSpecification\",\"valueRequired\":true,\"valueName\":\"search_term_string\"}}],\"inLanguage\":\"it-IT\"},{\"@type\":\"Organization\",\"@id\":\"https:\\\/\\\/filles-de-la-charite.org\\\/it\\\/#organization\",\"name\":\"Hijas de la Caridad\",\"url\":\"https:\\\/\\\/filles-de-la-charite.org\\\/it\\\/\",\"logo\":{\"@type\":\"ImageObject\",\"inLanguage\":\"it-IT\",\"@id\":\"https:\\\/\\\/filles-de-la-charite.org\\\/it\\\/#\\\/schema\\\/logo\\\/image\\\/\",\"url\":\"https:\\\/\\\/filles-de-la-charite.org\\\/wp-content\\\/uploads\\\/2023\\\/03\\\/isotipo-Hijas-de-la-Caridad.png\",\"contentUrl\":\"https:\\\/\\\/filles-de-la-charite.org\\\/wp-content\\\/uploads\\\/2023\\\/03\\\/isotipo-Hijas-de-la-Caridad.png\",\"width\":1417,\"height\":1417,\"caption\":\"Hijas de la Caridad\"},\"image\":{\"@id\":\"https:\\\/\\\/filles-de-la-charite.org\\\/it\\\/#\\\/schema\\\/logo\\\/image\\\/\"}},{\"@type\":\"Person\",\"@id\":\"https:\\\/\\\/filles-de-la-charite.org\\\/it\\\/#\\\/schema\\\/person\\\/427567b2eccfc2dd7d206da186a1f438\",\"name\":\"admin\",\"image\":{\"@type\":\"ImageObject\",\"inLanguage\":\"it-IT\",\"@id\":\"https:\\\/\\\/secure.gravatar.com\\\/avatar\\\/948b492cce32b586ac2db0eaa926ee87024f7afe218d73b397ea5ddfc5f43ea1?s=96&d=mm&r=g\",\"url\":\"https:\\\/\\\/secure.gravatar.com\\\/avatar\\\/948b492cce32b586ac2db0eaa926ee87024f7afe218d73b397ea5ddfc5f43ea1?s=96&d=mm&r=g\",\"contentUrl\":\"https:\\\/\\\/secure.gravatar.com\\\/avatar\\\/948b492cce32b586ac2db0eaa926ee87024f7afe218d73b397ea5ddfc5f43ea1?s=96&d=mm&r=g\",\"caption\":\"admin\"},\"sameAs\":[\"https:\\\/\\\/filles-de-la-charite.org\"],\"url\":\"https:\\\/\\\/filles-de-la-charite.org\\\/it\\\/author\\\/caridad\\\/\"}]}<\/script>\n<!-- \/ Yoast SEO plugin. -->","yoast_head_json":{"title":"Casa San Giuseppe, Damasco, SIRIA - Filles de la Charit\u00e9","robots":{"index":"index","follow":"follow","max-snippet":"max-snippet:-1","max-image-preview":"max-image-preview:large","max-video-preview":"max-video-preview:-1"},"canonical":"https:\/\/filles-de-la-charite.org\/it\/casa-san-giuseppe-damasco-siria\/","og_locale":"it_IT","og_type":"article","og_title":"Casa San Giuseppe, Damasco, SIRIA - Filles de la Charit\u00e9","og_description":"Come possiamo continuare la nostra missione dopo tanti anni di guerra, che non \u00e8 ancora finita? Sofferenza, crisi economica, costo della vita elevato, pandemia&#8230; Siamo 3 Suore al servizio della popolazione che il Signore ci invia. La nostra Casa di Damasco non ha chiuso le porte neppure nei momenti pi\u00f9 difficili: un ostello accoglie 40 [&hellip;]","og_url":"https:\/\/filles-de-la-charite.org\/it\/casa-san-giuseppe-damasco-siria\/","og_site_name":"Filles de la Charit\u00e9","article_published_time":"2022-01-31T22:00:00+00:00","article_modified_time":"2023-06-23T08:01:29+00:00","og_image":[{"width":1032,"height":774,"url":"https:\/\/filles-de-la-charite.org\/wp-content\/uploads\/2023\/06\/2-7.jpg","type":"image\/jpeg"}],"author":"admin","twitter_card":"summary_large_image","twitter_misc":{"Scritto da":"admin","Tempo di lettura stimato":"2 minuti"},"schema":{"@context":"https:\/\/schema.org","@graph":[{"@type":"Article","@id":"https:\/\/filles-de-la-charite.org\/it\/casa-san-giuseppe-damasco-siria\/#article","isPartOf":{"@id":"https:\/\/filles-de-la-charite.org\/it\/casa-san-giuseppe-damasco-siria\/"},"author":{"name":"admin","@id":"https:\/\/filles-de-la-charite.org\/it\/#\/schema\/person\/427567b2eccfc2dd7d206da186a1f438"},"headline":"Casa San Giuseppe, Damasco, SIRIA","datePublished":"2022-01-31T22:00:00+00:00","dateModified":"2023-06-23T08:01:29+00:00","mainEntityOfPage":{"@id":"https:\/\/filles-de-la-charite.org\/it\/casa-san-giuseppe-damasco-siria\/"},"wordCount":226,"publisher":{"@id":"https:\/\/filles-de-la-charite.org\/it\/#organization"},"image":{"@id":"https:\/\/filles-de-la-charite.org\/it\/casa-san-giuseppe-damasco-siria\/#primaryimage"},"thumbnailUrl":"https:\/\/filles-de-la-charite.org\/wp-content\/uploads\/2023\/06\/2-7.jpg","articleSection":["Medio Oriente"],"inLanguage":"it-IT"},{"@type":"WebPage","@id":"https:\/\/filles-de-la-charite.org\/it\/casa-san-giuseppe-damasco-siria\/","url":"https:\/\/filles-de-la-charite.org\/it\/casa-san-giuseppe-damasco-siria\/","name":"Casa San Giuseppe, Damasco, SIRIA - Filles de la Charit\u00e9","isPartOf":{"@id":"https:\/\/filles-de-la-charite.org\/it\/#website"},"primaryImageOfPage":{"@id":"https:\/\/filles-de-la-charite.org\/it\/casa-san-giuseppe-damasco-siria\/#primaryimage"},"image":{"@id":"https:\/\/filles-de-la-charite.org\/it\/casa-san-giuseppe-damasco-siria\/#primaryimage"},"thumbnailUrl":"https:\/\/filles-de-la-charite.org\/wp-content\/uploads\/2023\/06\/2-7.jpg","datePublished":"2022-01-31T22:00:00+00:00","dateModified":"2023-06-23T08:01:29+00:00","breadcrumb":{"@id":"https:\/\/filles-de-la-charite.org\/it\/casa-san-giuseppe-damasco-siria\/#breadcrumb"},"inLanguage":"it-IT","potentialAction":[{"@type":"ReadAction","target":["https:\/\/filles-de-la-charite.org\/it\/casa-san-giuseppe-damasco-siria\/"]}]},{"@type":"ImageObject","inLanguage":"it-IT","@id":"https:\/\/filles-de-la-charite.org\/it\/casa-san-giuseppe-damasco-siria\/#primaryimage","url":"https:\/\/filles-de-la-charite.org\/wp-content\/uploads\/2023\/06\/2-7.jpg","contentUrl":"https:\/\/filles-de-la-charite.org\/wp-content\/uploads\/2023\/06\/2-7.jpg","width":1032,"height":774},{"@type":"BreadcrumbList","@id":"https:\/\/filles-de-la-charite.org\/it\/casa-san-giuseppe-damasco-siria\/#breadcrumb","itemListElement":[{"@type":"ListItem","position":1,"name":"Medio Oriente","item":"https:\/\/filles-de-la-charite.org\/it\/category\/medio-oriente-it\/"},{"@type":"ListItem","position":2,"name":"Casa San Giuseppe, Damasco, SIRIA"}]},{"@type":"WebSite","@id":"https:\/\/filles-de-la-charite.org\/it\/#website","url":"https:\/\/filles-de-la-charite.org\/it\/","name":"Hijas de la Caridad","description":"L\u2019amour de J\u00e9sus nous presse \u00e0 prendre soin des personnes les plus d\u00e9munies","publisher":{"@id":"https:\/\/filles-de-la-charite.org\/it\/#organization"},"potentialAction":[{"@type":"SearchAction","target":{"@type":"EntryPoint","urlTemplate":"https:\/\/filles-de-la-charite.org\/it\/?s={search_term_string}"},"query-input":{"@type":"PropertyValueSpecification","valueRequired":true,"valueName":"search_term_string"}}],"inLanguage":"it-IT"},{"@type":"Organization","@id":"https:\/\/filles-de-la-charite.org\/it\/#organization","name":"Hijas de la Caridad","url":"https:\/\/filles-de-la-charite.org\/it\/","logo":{"@type":"ImageObject","inLanguage":"it-IT","@id":"https:\/\/filles-de-la-charite.org\/it\/#\/schema\/logo\/image\/","url":"https:\/\/filles-de-la-charite.org\/wp-content\/uploads\/2023\/03\/isotipo-Hijas-de-la-Caridad.png","contentUrl":"https:\/\/filles-de-la-charite.org\/wp-content\/uploads\/2023\/03\/isotipo-Hijas-de-la-Caridad.png","width":1417,"height":1417,"caption":"Hijas de la Caridad"},"image":{"@id":"https:\/\/filles-de-la-charite.org\/it\/#\/schema\/logo\/image\/"}},{"@type":"Person","@id":"https:\/\/filles-de-la-charite.org\/it\/#\/schema\/person\/427567b2eccfc2dd7d206da186a1f438","name":"admin","image":{"@type":"ImageObject","inLanguage":"it-IT","@id":"https:\/\/secure.gravatar.com\/avatar\/948b492cce32b586ac2db0eaa926ee87024f7afe218d73b397ea5ddfc5f43ea1?s=96&d=mm&r=g","url":"https:\/\/secure.gravatar.com\/avatar\/948b492cce32b586ac2db0eaa926ee87024f7afe218d73b397ea5ddfc5f43ea1?s=96&d=mm&r=g","contentUrl":"https:\/\/secure.gravatar.com\/avatar\/948b492cce32b586ac2db0eaa926ee87024f7afe218d73b397ea5ddfc5f43ea1?s=96&d=mm&r=g","caption":"admin"},"sameAs":["https:\/\/filles-de-la-charite.org"],"url":"https:\/\/filles-de-la-charite.org\/it\/author\/caridad\/"}]}},"_links":{"self":[{"href":"https:\/\/filles-de-la-charite.org\/it\/wp-json\/wp\/v2\/posts\/23387","targetHints":{"allow":["GET"]}}],"collection":[{"href":"https:\/\/filles-de-la-charite.org\/it\/wp-json\/wp\/v2\/posts"}],"about":[{"href":"https:\/\/filles-de-la-charite.org\/it\/wp-json\/wp\/v2\/types\/post"}],"author":[{"embeddable":true,"href":"https:\/\/filles-de-la-charite.org\/it\/wp-json\/wp\/v2\/users\/1"}],"replies":[{"embeddable":true,"href":"https:\/\/filles-de-la-charite.org\/it\/wp-json\/wp\/v2\/comments?post=23387"}],"version-history":[{"count":1,"href":"https:\/\/filles-de-la-charite.org\/it\/wp-json\/wp\/v2\/posts\/23387\/revisions"}],"predecessor-version":[{"id":23388,"href":"https:\/\/filles-de-la-charite.org\/it\/wp-json\/wp\/v2\/posts\/23387\/revisions\/23388"}],"wp:featuredmedia":[{"embeddable":true,"href":"https:\/\/filles-de-la-charite.org\/it\/wp-json\/wp\/v2\/media\/16280"}],"wp:attachment":[{"href":"https:\/\/filles-de-la-charite.org\/it\/wp-json\/wp\/v2\/media?parent=23387"}],"wp:term":[{"taxonomy":"category","embeddable":true,"href":"https:\/\/filles-de-la-charite.org\/it\/wp-json\/wp\/v2\/categories?post=23387"},{"taxonomy":"post_tag","embeddable":true,"href":"https:\/\/filles-de-la-charite.org\/it\/wp-json\/wp\/v2\/tags?post=23387"}],"curies":[{"name":"wp","href":"https:\/\/api.w.org\/{rel}","templated":true}]}}