{"id":23394,"date":"2022-03-18T10:37:00","date_gmt":"2022-03-18T09:37:00","guid":{"rendered":"https:\/\/hijascaridad.sjdigitaldemo.ovh\/notizie-dalla-romania\/"},"modified":"2024-03-17T17:16:03","modified_gmt":"2024-03-17T16:16:03","slug":"notizie-dalla-romania","status":"publish","type":"post","link":"https:\/\/filles-de-la-charite.org\/it\/notizie-dalla-romania\/","title":{"rendered":"Notizie dalla Romania"},"content":{"rendered":"\n<p>In queste ultime settimane, la vita \u00e8 cambiata completamente da quando i paesi vicini sono entrati in guerra. Nei primi giorni, tutti speravano che fosse una minaccia di breve durata, ma il numero crescente di attacchi e i continui bombardamenti hanno costretto la gente a fuggire.<\/p>\n\n\n\n<p>I rifugiati arrivano a ritmo continuo in Romania. I pi\u00f9 abbienti viaggiano da una citt\u00e0 all'altra in automobili ben equipaggiate che non richiedono particolari cure, fermandosi solo per una notte di riposo.<\/p>\n\n\n\n<p>La maggior parte dei rifugiati arrivano in treno, senza niente. Sono molto stanchi. Quando i treni si fermano, la parola \u00abacqua\u00bb si sente da tutte le parti. I bambini piangono, non capiscono perch\u00e9 non possono tornare a casa. C'erano bambini le cui madri li avevano avvolti nelle loro magliette anzich\u00e9 nei pannolini. Avevano freddo, erano sfiniti e disperati.<\/p>\n\n\n\n<p>A Oradea, numerose organizzazioni umanitarie hanno unito le loro forze per aiutare i rifugiati. In questo modo, ogni organizzazione pu\u00f2 aiutare dove \u00e8 necessario, secondo le sue capacit\u00e0 e possibilit\u00e0.<\/p>\n\n\n\n<p>Noi Suore, aiutiamo soprattutto a raccogliere e smistare gli aiuti. A questo scopo, abbiamo trasformato una delle nostre case in un centro di raccolta dove, insieme ad altre tre organizzazioni: SSVP, Child Protection e la Fondazione Catunul Verde, riceviamo e distribuiamo donazioni ai rifugiati. Nelle ultime settimane abbiamo raccolto tonnellate di cibo, prodotti per la pulizia, detergenti e vestiti. Alcuni dei prodotti sono gi\u00e0 stati distribuiti alle fondazioni che ricevono e curano i rifugiati. La maggior parte \u00e8 stata impacchettata e inviata in Ucraina grazie ai Padri Lazzaristi. \u00c8 bello vivere la solidariet\u00e0 della Famiglia vincenziana, ma \u00e8 importante far sentire ai nostri fratelli e sorelle in difficolt\u00e0 che non sono soli nella loro sofferenza.<\/p>\n\n\n\n<figure class=\"wp-block-gallery columns-3 is-cropped wp-block-gallery-1 is-layout-flex wp-block-gallery-is-layout-flex\"><ul class=\"blocks-gallery-grid\"><li class=\"blocks-gallery-item\"><figure><a href=\"https:\/\/filles-de-la-charite.org\/wp-content\/uploads\/2023\/06\/Imagen1.jpg\" data-rel=\"lightbox-image-0\" data-rl_title=\"\" data-rl_caption=\"\" title=\"\"><img decoding=\"async\" src=\"https:\/\/filles-de-la-charite.org\/wp-content\/uploads\/2023\/06\/Imagen1.jpg\" alt=\"\" data-id=\"69800\" data-full-url=\"https:\/\/filles-de-la-charite.org\/wp-content\/uploads\/2023\/06\/Imagen1.jpg\" data-link=\"https:\/\/www.filles-de-la-charite.org\/imagen1-5\/\" class=\"wp-image-69800\"\/><\/a><\/figure><\/li><li class=\"blocks-gallery-item\"><figure><a href=\"https:\/\/filles-de-la-charite.org\/wp-content\/uploads\/2023\/06\/Imagen7.jpg\" data-rel=\"lightbox-image-1\" data-rl_title=\"\" data-rl_caption=\"\" title=\"\"><img decoding=\"async\" src=\"https:\/\/filles-de-la-charite.org\/wp-content\/uploads\/2023\/06\/Imagen7.jpg\" alt=\"\" data-id=\"69806\" data-full-url=\"https:\/\/filles-de-la-charite.org\/wp-content\/uploads\/2023\/06\/Imagen7.jpg\" data-link=\"https:\/\/www.filles-de-la-charite.org\/imagen7-2\/\" class=\"wp-image-69806\"\/><\/a><\/figure><\/li><li class=\"blocks-gallery-item\"><figure><a href=\"https:\/\/filles-de-la-charite.org\/wp-content\/uploads\/2023\/06\/Imagen4.jpg\" data-rel=\"lightbox-image-2\" data-rl_title=\"\" data-rl_caption=\"\" title=\"\"><img decoding=\"async\" src=\"https:\/\/filles-de-la-charite.org\/wp-content\/uploads\/2023\/06\/Imagen4.jpg\" alt=\"\" data-id=\"69803\" data-full-url=\"https:\/\/filles-de-la-charite.org\/wp-content\/uploads\/2023\/06\/Imagen4.jpg\" data-link=\"https:\/\/www.filles-de-la-charite.org\/imagen4-3\/\" class=\"wp-image-69803\"\/><\/a><\/figure><\/li><li class=\"blocks-gallery-item\"><figure><a href=\"https:\/\/filles-de-la-charite.org\/wp-content\/uploads\/2023\/06\/Rumanien-Ukraine-5.jpg\" data-rel=\"lightbox-image-3\" data-rl_title=\"\" data-rl_caption=\"\" title=\"\"><img decoding=\"async\" src=\"https:\/\/filles-de-la-charite.org\/wp-content\/uploads\/2023\/06\/Rumanien-Ukraine-5.jpg\" alt=\"\" data-id=\"69808\" data-full-url=\"https:\/\/filles-de-la-charite.org\/wp-content\/uploads\/2023\/06\/Rumanien-Ukraine-5.jpg\" data-link=\"https:\/\/www.filles-de-la-charite.org\/rumanien-ukraine-5\/\" class=\"wp-image-69808\"\/><\/a><\/figure><\/li><li class=\"blocks-gallery-item\"><figure><a href=\"https:\/\/filles-de-la-charite.org\/wp-content\/uploads\/2023\/06\/Rumanien-Ukraine-3.jpg\" data-rel=\"lightbox-image-4\" data-rl_title=\"\" data-rl_caption=\"\" title=\"\"><img decoding=\"async\" src=\"https:\/\/filles-de-la-charite.org\/wp-content\/uploads\/2023\/06\/Rumanien-Ukraine-3.jpg\" alt=\"\" data-id=\"69810\" data-full-url=\"https:\/\/filles-de-la-charite.org\/wp-content\/uploads\/2023\/06\/Rumanien-Ukraine-3.jpg\" data-link=\"https:\/\/www.filles-de-la-charite.org\/rumanien-ukraine-3\/\" class=\"wp-image-69810\"\/><\/a><\/figure><\/li><li class=\"blocks-gallery-item\"><figure><a href=\"https:\/\/filles-de-la-charite.org\/wp-content\/uploads\/2023\/06\/Rumanien-Ukraine-2.jpg\" data-rel=\"lightbox-image-5\" data-rl_title=\"\" data-rl_caption=\"\" title=\"\"><img decoding=\"async\" src=\"https:\/\/filles-de-la-charite.org\/wp-content\/uploads\/2023\/06\/Rumanien-Ukraine-2.jpg\" alt=\"\" data-id=\"69809\" data-full-url=\"https:\/\/filles-de-la-charite.org\/wp-content\/uploads\/2023\/06\/Rumanien-Ukraine-2.jpg\" data-link=\"https:\/\/www.filles-de-la-charite.org\/rumanien-ukraine-2\/\" class=\"wp-image-69809\"\/><\/a><\/figure><\/li><\/ul><\/figure>\n\n\n\n<p>Aiutiamo in ogni modo possibile. Ci \u00e8 capitato di preparare dei panini per i rifugiati che arrivavano di notte alla dogana (vorrei menzionare qui che alla dogana sono stati distribuiti 2.500 panini in una notte). A volte aiutiamo nella distribuzione o offriamo t\u00e8 caldo ai volontari. Qualunque lavoro \u00e8 ugualmente importante ed \u00e8 essenziale sostenere i nostri volontari stremati.<\/p>\n\n\n\n<figure class=\"wp-block-image size-large\"><img decoding=\"async\" src=\"https:\/\/filles-de-la-charite.org\/wp-content\/uploads\/2023\/06\/Rumanien-Ukraine-1-1024x768-1.jpg\" alt=\"\" class=\"wp-image-69807\"\/><\/figure>\n\n\n\n<p>&nbsp;Grazie a un lavoro coordinato e organizzato, le varie organizzazioni di aiuto possono collaborare efficacemente e completarsi a vicenda.<\/p>\n\n\n\n<p><em>Sr. Serafina Fdlc<\/em><\/p>\n","protected":false},"excerpt":{"rendered":"<p>In queste ultime settimane, la vita \u00e8 cambiata completamente da quando i paesi vicini sono entrati in guerra. Nei primi giorni, tutti speravano che fosse una minaccia di breve durata, ma il numero crescente di attacchi e i continui bombardamenti hanno costretto la gente a fuggire. I rifugiati arrivano a ritmo continuo in Romania. I [&hellip;]<\/p>\n","protected":false},"author":1,"featured_media":16407,"comment_status":"closed","ping_status":"closed","sticky":false,"template":"","format":"standard","meta":{"_acf_changed":false,"footnotes":"","_links_to":"","_links_to_target":""},"categories":[598],"tags":[],"class_list":["post-23394","post","type-post","status-publish","format-standard","has-post-thumbnail","hentry","category-graz-europa-centrale-it"],"acf":[],"yoast_head":"<!-- This site is optimized with the Yoast SEO plugin v27.5 - https:\/\/yoast.com\/product\/yoast-seo-wordpress\/ -->\n<title>Notizie dalla Romania - Filles de la Charit\u00e9<\/title>\n<meta name=\"robots\" content=\"index, follow, max-snippet:-1, max-image-preview:large, max-video-preview:-1\" \/>\n<link rel=\"canonical\" href=\"https:\/\/filles-de-la-charite.org\/it\/notizie-dalla-romania\/\" \/>\n<meta property=\"og:locale\" content=\"it_IT\" \/>\n<meta property=\"og:type\" content=\"article\" \/>\n<meta property=\"og:title\" content=\"Notizie dalla Romania - Filles de la Charit\u00e9\" \/>\n<meta property=\"og:description\" content=\"In queste ultime settimane, la vita \u00e8 cambiata completamente da quando i paesi vicini sono entrati in guerra. Nei primi giorni, tutti speravano che fosse una minaccia di breve durata, ma il numero crescente di attacchi e i continui bombardamenti hanno costretto la gente a fuggire. I rifugiati arrivano a ritmo continuo in Romania. I [&hellip;]\" \/>\n<meta property=\"og:url\" content=\"https:\/\/filles-de-la-charite.org\/it\/notizie-dalla-romania\/\" \/>\n<meta property=\"og:site_name\" content=\"Filles de la Charit\u00e9\" \/>\n<meta property=\"article:published_time\" content=\"2022-03-18T09:37:00+00:00\" \/>\n<meta property=\"article:modified_time\" content=\"2024-03-17T16:16:03+00:00\" \/>\n<meta property=\"og:image\" content=\"https:\/\/filles-de-la-charite.org\/wp-content\/uploads\/2023\/06\/N-3-scaled-1.jpg\" \/>\n\t<meta property=\"og:image:width\" content=\"2560\" \/>\n\t<meta property=\"og:image:height\" content=\"1707\" \/>\n\t<meta property=\"og:image:type\" content=\"image\/jpeg\" \/>\n<meta name=\"author\" content=\"admin\" \/>\n<meta name=\"twitter:card\" content=\"summary_large_image\" \/>\n<meta name=\"twitter:label1\" content=\"Scritto da\" \/>\n\t<meta name=\"twitter:data1\" content=\"admin\" \/>\n\t<meta name=\"twitter:label2\" content=\"Tempo di lettura stimato\" \/>\n\t<meta name=\"twitter:data2\" content=\"3 minuti\" \/>\n<script type=\"application\/ld+json\" class=\"yoast-schema-graph\">{\"@context\":\"https:\\\/\\\/schema.org\",\"@graph\":[{\"@type\":\"Article\",\"@id\":\"https:\\\/\\\/filles-de-la-charite.org\\\/it\\\/notizie-dalla-romania\\\/#article\",\"isPartOf\":{\"@id\":\"https:\\\/\\\/filles-de-la-charite.org\\\/it\\\/notizie-dalla-romania\\\/\"},\"author\":{\"name\":\"admin\",\"@id\":\"https:\\\/\\\/filles-de-la-charite.org\\\/it\\\/#\\\/schema\\\/person\\\/427567b2eccfc2dd7d206da186a1f438\"},\"headline\":\"Notizie dalla Romania\",\"datePublished\":\"2022-03-18T09:37:00+00:00\",\"dateModified\":\"2024-03-17T16:16:03+00:00\",\"mainEntityOfPage\":{\"@id\":\"https:\\\/\\\/filles-de-la-charite.org\\\/it\\\/notizie-dalla-romania\\\/\"},\"wordCount\":359,\"publisher\":{\"@id\":\"https:\\\/\\\/filles-de-la-charite.org\\\/it\\\/#organization\"},\"image\":{\"@id\":\"https:\\\/\\\/filles-de-la-charite.org\\\/it\\\/notizie-dalla-romania\\\/#primaryimage\"},\"thumbnailUrl\":\"https:\\\/\\\/filles-de-la-charite.org\\\/wp-content\\\/uploads\\\/2023\\\/06\\\/N-3-scaled-1.jpg\",\"articleSection\":[\"Graz - Europa centrale\"],\"inLanguage\":\"it-IT\"},{\"@type\":\"WebPage\",\"@id\":\"https:\\\/\\\/filles-de-la-charite.org\\\/it\\\/notizie-dalla-romania\\\/\",\"url\":\"https:\\\/\\\/filles-de-la-charite.org\\\/it\\\/notizie-dalla-romania\\\/\",\"name\":\"Notizie dalla Romania - Filles de la Charit\u00e9\",\"isPartOf\":{\"@id\":\"https:\\\/\\\/filles-de-la-charite.org\\\/it\\\/#website\"},\"primaryImageOfPage\":{\"@id\":\"https:\\\/\\\/filles-de-la-charite.org\\\/it\\\/notizie-dalla-romania\\\/#primaryimage\"},\"image\":{\"@id\":\"https:\\\/\\\/filles-de-la-charite.org\\\/it\\\/notizie-dalla-romania\\\/#primaryimage\"},\"thumbnailUrl\":\"https:\\\/\\\/filles-de-la-charite.org\\\/wp-content\\\/uploads\\\/2023\\\/06\\\/N-3-scaled-1.jpg\",\"datePublished\":\"2022-03-18T09:37:00+00:00\",\"dateModified\":\"2024-03-17T16:16:03+00:00\",\"breadcrumb\":{\"@id\":\"https:\\\/\\\/filles-de-la-charite.org\\\/it\\\/notizie-dalla-romania\\\/#breadcrumb\"},\"inLanguage\":\"it-IT\",\"potentialAction\":[{\"@type\":\"ReadAction\",\"target\":[\"https:\\\/\\\/filles-de-la-charite.org\\\/it\\\/notizie-dalla-romania\\\/\"]}]},{\"@type\":\"ImageObject\",\"inLanguage\":\"it-IT\",\"@id\":\"https:\\\/\\\/filles-de-la-charite.org\\\/it\\\/notizie-dalla-romania\\\/#primaryimage\",\"url\":\"https:\\\/\\\/filles-de-la-charite.org\\\/wp-content\\\/uploads\\\/2023\\\/06\\\/N-3-scaled-1.jpg\",\"contentUrl\":\"https:\\\/\\\/filles-de-la-charite.org\\\/wp-content\\\/uploads\\\/2023\\\/06\\\/N-3-scaled-1.jpg\",\"width\":2560,\"height\":1707},{\"@type\":\"BreadcrumbList\",\"@id\":\"https:\\\/\\\/filles-de-la-charite.org\\\/it\\\/notizie-dalla-romania\\\/#breadcrumb\",\"itemListElement\":[{\"@type\":\"ListItem\",\"position\":1,\"name\":\"Nigeria\",\"item\":\"https:\\\/\\\/filles-de-la-charite.org\\\/it\\\/category\\\/nigeria-it\\\/\"},{\"@type\":\"ListItem\",\"position\":2,\"name\":\"Notizie dalla Romania\"}]},{\"@type\":\"WebSite\",\"@id\":\"https:\\\/\\\/filles-de-la-charite.org\\\/it\\\/#website\",\"url\":\"https:\\\/\\\/filles-de-la-charite.org\\\/it\\\/\",\"name\":\"Hijas de la Caridad\",\"description\":\"L\u2019amour de J\u00e9sus nous presse \u00e0 prendre soin des personnes les plus d\u00e9munies\",\"publisher\":{\"@id\":\"https:\\\/\\\/filles-de-la-charite.org\\\/it\\\/#organization\"},\"potentialAction\":[{\"@type\":\"SearchAction\",\"target\":{\"@type\":\"EntryPoint\",\"urlTemplate\":\"https:\\\/\\\/filles-de-la-charite.org\\\/it\\\/?s={search_term_string}\"},\"query-input\":{\"@type\":\"PropertyValueSpecification\",\"valueRequired\":true,\"valueName\":\"search_term_string\"}}],\"inLanguage\":\"it-IT\"},{\"@type\":\"Organization\",\"@id\":\"https:\\\/\\\/filles-de-la-charite.org\\\/it\\\/#organization\",\"name\":\"Hijas de la Caridad\",\"url\":\"https:\\\/\\\/filles-de-la-charite.org\\\/it\\\/\",\"logo\":{\"@type\":\"ImageObject\",\"inLanguage\":\"it-IT\",\"@id\":\"https:\\\/\\\/filles-de-la-charite.org\\\/it\\\/#\\\/schema\\\/logo\\\/image\\\/\",\"url\":\"https:\\\/\\\/filles-de-la-charite.org\\\/wp-content\\\/uploads\\\/2023\\\/03\\\/isotipo-Hijas-de-la-Caridad.png\",\"contentUrl\":\"https:\\\/\\\/filles-de-la-charite.org\\\/wp-content\\\/uploads\\\/2023\\\/03\\\/isotipo-Hijas-de-la-Caridad.png\",\"width\":1417,\"height\":1417,\"caption\":\"Hijas de la Caridad\"},\"image\":{\"@id\":\"https:\\\/\\\/filles-de-la-charite.org\\\/it\\\/#\\\/schema\\\/logo\\\/image\\\/\"}},{\"@type\":\"Person\",\"@id\":\"https:\\\/\\\/filles-de-la-charite.org\\\/it\\\/#\\\/schema\\\/person\\\/427567b2eccfc2dd7d206da186a1f438\",\"name\":\"admin\",\"image\":{\"@type\":\"ImageObject\",\"inLanguage\":\"it-IT\",\"@id\":\"https:\\\/\\\/secure.gravatar.com\\\/avatar\\\/948b492cce32b586ac2db0eaa926ee87024f7afe218d73b397ea5ddfc5f43ea1?s=96&d=mm&r=g\",\"url\":\"https:\\\/\\\/secure.gravatar.com\\\/avatar\\\/948b492cce32b586ac2db0eaa926ee87024f7afe218d73b397ea5ddfc5f43ea1?s=96&d=mm&r=g\",\"contentUrl\":\"https:\\\/\\\/secure.gravatar.com\\\/avatar\\\/948b492cce32b586ac2db0eaa926ee87024f7afe218d73b397ea5ddfc5f43ea1?s=96&d=mm&r=g\",\"caption\":\"admin\"},\"sameAs\":[\"https:\\\/\\\/filles-de-la-charite.org\"],\"url\":\"https:\\\/\\\/filles-de-la-charite.org\\\/it\\\/author\\\/caridad\\\/\"}]}<\/script>\n<!-- \/ Yoast SEO plugin. -->","yoast_head_json":{"title":"Notizie dalla Romania - Filles de la Charit\u00e9","robots":{"index":"index","follow":"follow","max-snippet":"max-snippet:-1","max-image-preview":"max-image-preview:large","max-video-preview":"max-video-preview:-1"},"canonical":"https:\/\/filles-de-la-charite.org\/it\/notizie-dalla-romania\/","og_locale":"it_IT","og_type":"article","og_title":"Notizie dalla Romania - Filles de la Charit\u00e9","og_description":"In queste ultime settimane, la vita \u00e8 cambiata completamente da quando i paesi vicini sono entrati in guerra. Nei primi giorni, tutti speravano che fosse una minaccia di breve durata, ma il numero crescente di attacchi e i continui bombardamenti hanno costretto la gente a fuggire. I rifugiati arrivano a ritmo continuo in Romania. I [&hellip;]","og_url":"https:\/\/filles-de-la-charite.org\/it\/notizie-dalla-romania\/","og_site_name":"Filles de la Charit\u00e9","article_published_time":"2022-03-18T09:37:00+00:00","article_modified_time":"2024-03-17T16:16:03+00:00","og_image":[{"width":2560,"height":1707,"url":"https:\/\/filles-de-la-charite.org\/wp-content\/uploads\/2023\/06\/N-3-scaled-1.jpg","type":"image\/jpeg"}],"author":"admin","twitter_card":"summary_large_image","twitter_misc":{"Scritto da":"admin","Tempo di lettura stimato":"3 minuti"},"schema":{"@context":"https:\/\/schema.org","@graph":[{"@type":"Article","@id":"https:\/\/filles-de-la-charite.org\/it\/notizie-dalla-romania\/#article","isPartOf":{"@id":"https:\/\/filles-de-la-charite.org\/it\/notizie-dalla-romania\/"},"author":{"name":"admin","@id":"https:\/\/filles-de-la-charite.org\/it\/#\/schema\/person\/427567b2eccfc2dd7d206da186a1f438"},"headline":"Notizie dalla Romania","datePublished":"2022-03-18T09:37:00+00:00","dateModified":"2024-03-17T16:16:03+00:00","mainEntityOfPage":{"@id":"https:\/\/filles-de-la-charite.org\/it\/notizie-dalla-romania\/"},"wordCount":359,"publisher":{"@id":"https:\/\/filles-de-la-charite.org\/it\/#organization"},"image":{"@id":"https:\/\/filles-de-la-charite.org\/it\/notizie-dalla-romania\/#primaryimage"},"thumbnailUrl":"https:\/\/filles-de-la-charite.org\/wp-content\/uploads\/2023\/06\/N-3-scaled-1.jpg","articleSection":["Graz - Europa centrale"],"inLanguage":"it-IT"},{"@type":"WebPage","@id":"https:\/\/filles-de-la-charite.org\/it\/notizie-dalla-romania\/","url":"https:\/\/filles-de-la-charite.org\/it\/notizie-dalla-romania\/","name":"Notizie dalla Romania - Filles de la Charit\u00e9","isPartOf":{"@id":"https:\/\/filles-de-la-charite.org\/it\/#website"},"primaryImageOfPage":{"@id":"https:\/\/filles-de-la-charite.org\/it\/notizie-dalla-romania\/#primaryimage"},"image":{"@id":"https:\/\/filles-de-la-charite.org\/it\/notizie-dalla-romania\/#primaryimage"},"thumbnailUrl":"https:\/\/filles-de-la-charite.org\/wp-content\/uploads\/2023\/06\/N-3-scaled-1.jpg","datePublished":"2022-03-18T09:37:00+00:00","dateModified":"2024-03-17T16:16:03+00:00","breadcrumb":{"@id":"https:\/\/filles-de-la-charite.org\/it\/notizie-dalla-romania\/#breadcrumb"},"inLanguage":"it-IT","potentialAction":[{"@type":"ReadAction","target":["https:\/\/filles-de-la-charite.org\/it\/notizie-dalla-romania\/"]}]},{"@type":"ImageObject","inLanguage":"it-IT","@id":"https:\/\/filles-de-la-charite.org\/it\/notizie-dalla-romania\/#primaryimage","url":"https:\/\/filles-de-la-charite.org\/wp-content\/uploads\/2023\/06\/N-3-scaled-1.jpg","contentUrl":"https:\/\/filles-de-la-charite.org\/wp-content\/uploads\/2023\/06\/N-3-scaled-1.jpg","width":2560,"height":1707},{"@type":"BreadcrumbList","@id":"https:\/\/filles-de-la-charite.org\/it\/notizie-dalla-romania\/#breadcrumb","itemListElement":[{"@type":"ListItem","position":1,"name":"Nigeria","item":"https:\/\/filles-de-la-charite.org\/it\/category\/nigeria-it\/"},{"@type":"ListItem","position":2,"name":"Notizie dalla Romania"}]},{"@type":"WebSite","@id":"https:\/\/filles-de-la-charite.org\/it\/#website","url":"https:\/\/filles-de-la-charite.org\/it\/","name":"Hijas de la Caridad","description":"L\u2019amour de J\u00e9sus nous presse \u00e0 prendre soin des personnes les plus d\u00e9munies","publisher":{"@id":"https:\/\/filles-de-la-charite.org\/it\/#organization"},"potentialAction":[{"@type":"SearchAction","target":{"@type":"EntryPoint","urlTemplate":"https:\/\/filles-de-la-charite.org\/it\/?s={search_term_string}"},"query-input":{"@type":"PropertyValueSpecification","valueRequired":true,"valueName":"search_term_string"}}],"inLanguage":"it-IT"},{"@type":"Organization","@id":"https:\/\/filles-de-la-charite.org\/it\/#organization","name":"Hijas de la Caridad","url":"https:\/\/filles-de-la-charite.org\/it\/","logo":{"@type":"ImageObject","inLanguage":"it-IT","@id":"https:\/\/filles-de-la-charite.org\/it\/#\/schema\/logo\/image\/","url":"https:\/\/filles-de-la-charite.org\/wp-content\/uploads\/2023\/03\/isotipo-Hijas-de-la-Caridad.png","contentUrl":"https:\/\/filles-de-la-charite.org\/wp-content\/uploads\/2023\/03\/isotipo-Hijas-de-la-Caridad.png","width":1417,"height":1417,"caption":"Hijas de la Caridad"},"image":{"@id":"https:\/\/filles-de-la-charite.org\/it\/#\/schema\/logo\/image\/"}},{"@type":"Person","@id":"https:\/\/filles-de-la-charite.org\/it\/#\/schema\/person\/427567b2eccfc2dd7d206da186a1f438","name":"admin","image":{"@type":"ImageObject","inLanguage":"it-IT","@id":"https:\/\/secure.gravatar.com\/avatar\/948b492cce32b586ac2db0eaa926ee87024f7afe218d73b397ea5ddfc5f43ea1?s=96&d=mm&r=g","url":"https:\/\/secure.gravatar.com\/avatar\/948b492cce32b586ac2db0eaa926ee87024f7afe218d73b397ea5ddfc5f43ea1?s=96&d=mm&r=g","contentUrl":"https:\/\/secure.gravatar.com\/avatar\/948b492cce32b586ac2db0eaa926ee87024f7afe218d73b397ea5ddfc5f43ea1?s=96&d=mm&r=g","caption":"admin"},"sameAs":["https:\/\/filles-de-la-charite.org"],"url":"https:\/\/filles-de-la-charite.org\/it\/author\/caridad\/"}]}},"_links":{"self":[{"href":"https:\/\/filles-de-la-charite.org\/it\/wp-json\/wp\/v2\/posts\/23394","targetHints":{"allow":["GET"]}}],"collection":[{"href":"https:\/\/filles-de-la-charite.org\/it\/wp-json\/wp\/v2\/posts"}],"about":[{"href":"https:\/\/filles-de-la-charite.org\/it\/wp-json\/wp\/v2\/types\/post"}],"author":[{"embeddable":true,"href":"https:\/\/filles-de-la-charite.org\/it\/wp-json\/wp\/v2\/users\/1"}],"replies":[{"embeddable":true,"href":"https:\/\/filles-de-la-charite.org\/it\/wp-json\/wp\/v2\/comments?post=23394"}],"version-history":[{"count":1,"href":"https:\/\/filles-de-la-charite.org\/it\/wp-json\/wp\/v2\/posts\/23394\/revisions"}],"predecessor-version":[{"id":23395,"href":"https:\/\/filles-de-la-charite.org\/it\/wp-json\/wp\/v2\/posts\/23394\/revisions\/23395"}],"wp:featuredmedia":[{"embeddable":true,"href":"https:\/\/filles-de-la-charite.org\/it\/wp-json\/wp\/v2\/media\/16407"}],"wp:attachment":[{"href":"https:\/\/filles-de-la-charite.org\/it\/wp-json\/wp\/v2\/media?parent=23394"}],"wp:term":[{"taxonomy":"category","embeddable":true,"href":"https:\/\/filles-de-la-charite.org\/it\/wp-json\/wp\/v2\/categories?post=23394"},{"taxonomy":"post_tag","embeddable":true,"href":"https:\/\/filles-de-la-charite.org\/it\/wp-json\/wp\/v2\/tags?post=23394"}],"curies":[{"name":"wp","href":"https:\/\/api.w.org\/{rel}","templated":true}]}}