{"id":23424,"date":"2022-04-30T22:00:00","date_gmt":"2022-04-30T20:00:00","guid":{"rendered":"https:\/\/hijascaridad.sjdigitaldemo.ovh\/inaugurazione-della-fattoria-della-speranza-di-suor-lindalva-justo-de-oliveira\/"},"modified":"2024-03-17T17:10:07","modified_gmt":"2024-03-17T16:10:07","slug":"inaugurazione-della-fattoria-della-speranza-di-suor-lindalva-justo-de-oliveira","status":"publish","type":"post","link":"https:\/\/filles-de-la-charite.org\/it\/inaugurazione-della-fattoria-della-speranza-di-suor-lindalva-justo-de-oliveira\/","title":{"rendered":"Inaugurazione della Fattoria della Speranza di Suor Lindalva Justo de Oliveira"},"content":{"rendered":"\n<div class=\"wp-block-image\"><figure class=\"aligncenter size-full\"><img decoding=\"async\" src=\"https:\/\/filles-de-la-charite.org\/wp-content\/uploads\/2023\/06\/fotos-da-Inauguracao-da-fazenda-1.jpeg\" alt=\"\" class=\"wp-image-70280\" \/><\/figure><\/div>\n\n\n\n<p>Un anno e mezzo dopo la posa della prima pietra, dopo tanto lavoro e perseveranza, l'Arcidiocesi di Olinda e Recife ha inaugurato il 31 marzo 2022 a Primavera, Pernambuco, Brasile, una nuova unit\u00e0 femminile della Fattoria della Speranza (Fazenda da Esperan\u00e7a). Questa unit\u00e0 chiamata \"Suor Lindalva Justo de Oliveira Farm of Hope\", ha lo scopo di accogliere le donne che vengono a ricevere aiuto mentre passano attraverso la riabilitazione, indebolite a causa dell'uso di droghe. Il nome della Fattoria \u00e8 stato dato dall'Arcivescovo di Recife, Antonio Fernando Saburido, per rendere omaggio alle Figlie della Carit\u00e0 che hanno servito o servono nelle Fattorie in particolare Suor S\u00f4nia Maria de Lima, e per onorare il martirio della Beata Lindalva, che rappresenta le donne di oggi che soffrono a causa della violenza e del femminicidio.<\/p>\n\n\n\n<p>L'inaugurazione della nuova Fattoria ha avuto luogo durante una Messa celebrata all'aperto dall'Arcivescovo Ant\u00f4nio Fernando Saburido, concelebrata da altri sacerdoti tra cui padre Hans Stapel (fondatore della fattoria) e padre Clistenes Natal, nostro Direttore provinciale, della Congregazione della Missione. Oltre al Sindaco e ad altre autorit\u00e0 civili, a rappresentare la Compagnia delle Figlie della Carit\u00e0 erano presenti la nostra Visitatrice, Suor Patr\u00edcia Cala\u00e7a, i membri del Consiglio provinciale, Suor S\u00f4nia Maria de Lima e molte altre Figlie della Carit\u00e0. Anche Nelson Giovanelli, uno dei fondatori della Fattoria della Speranza (Fazenda da Esperan\u00e7a), ha onorato questo evento, cos\u00ec come&nbsp; tanti uomini e donne che sono in riabilitazione nelle Fattorie esistenti nello Stato di Pernambuco. Durante la processione d'ingresso \u00e8 stata intronizzata un'immagine e una reliquia della Beata Lindalva, donata dalla Provincia di Recife a questa nuova Fattoria.<\/p>\n\n\n\n<div class=\"wp-block-image\"><figure class=\"aligncenter size-full\"><img decoding=\"async\" src=\"https:\/\/filles-de-la-charite.org\/wp-content\/uploads\/2023\/06\/fotos-da-Inauguracao-da-fazenda-2.jpeg\" alt=\"\" class=\"wp-image-70281\" \/><\/figure><\/div>\n\n\n\n<p><em>La Fazenda da Esperan\u00e7a<\/em> \u00e8 una comunit\u00e0 terapeutica che opera dal 1983 per le persone che intraprendono un processo di recupero e cercano di liberarsi dalle dipendenze, principalmente alcool e droghe. Il suo metodo comprende tre aspetti determinanti: <strong>il lavoro<\/strong> come processo pedagogico,<strong> il vivere insieme come famiglia<\/strong> e <strong>la spiritualit\u00e0<\/strong> per dare un senso alla vita.<\/p>\n\n\n\n<p>Le persone che si identificano con il carisma della Fattoria possono trovare la loro vocazione nella Chiesa entrando a far parte della Famiglia della Speranza, un'associazione privata di fedeli, a carattere internazionale e riconosciuta dal Pontificio Consiglio per i Laici, la cui missione \u00e8 portare la Speranza, che \u00e8 Ges\u00f9 Cristo, al maggior numero possibile di giovani in tutto il mondo, secondo le parole di Papa Benedetto XVI.<\/p>\n\n\n\n<div class=\"wp-block-image\"><figure class=\"aligncenter size-full\"><img decoding=\"async\" src=\"https:\/\/filles-de-la-charite.org\/wp-content\/uploads\/2023\/06\/fotos-da-Inauguracao-da-fazenda-3.jpeg\" alt=\"\" class=\"wp-image-70275\" \/><\/figure><\/div>\n\n\n\n<p><em>La Fazenda<\/em> ha le sue porte aperte in tutti gli Stati brasiliani per accogliere uomini e donne resi fragili dalla tossicodipendenza, trasformando il dolore in gioia. Il numero delle comunit\u00e0 nel mondo ha gi\u00e0 superato le cento unit\u00e0 strutturate nei paesi dell'Asia, dell'Africa, dell'America e dell'Europa, crescendo continuamente a causa della globalizzazione dei gravi problemi sociali che affliggono l'umanit\u00e0.<\/p>\n\n\n\n<p>La Casa di Primavera \u00e8 la quarta Fattoria della Speranza nello stato di Pernambuco, con unit\u00e0 nelle citt\u00e0 di Jaboat\u00e3o dos Guararapes, Garanhuns e S\u00e3o Joaquim do Monte. Pu\u00f2 ospitare venticinque donne e fino a dodici bambini, perch\u00e9 non \u00e8 raro che le donne che cercano aiuto arrivino incinte o con bambini.<\/p>\n\n\n\n<p><em>\u00abOggi abbiamo realizzato un sogno a lungo accarezzato di avere nella nostra Arcidiocesi una Fattoria della Speranza per le donne, un\u2019opera di Dio che andr\u00e0 a beneficio delle persone indebolite dall'uso di droghe e delle persone bisognose. \u00c8 necessario quindi che ci sia sensibilit\u00e0 da parte di tutti per sostenere questo progetto, per incoraggiare coloro che stanno per dare la vita qui, per questo lavoro\u00bb<\/em>, ha detto l'Arcivescovo Fernando Saburido in un'intervista al canale \"Rede Vida de Televis\u00e3o\".<\/p>\n\n\n\n<div class=\"wp-block-image\"><figure class=\"aligncenter size-full\"><img decoding=\"async\" src=\"https:\/\/filles-de-la-charite.org\/wp-content\/uploads\/2023\/06\/fotos-da-Inauguracao-da-fazenda-4.jpeg\" alt=\"\" class=\"wp-image-70276\" \/><\/figure><\/div>\n\n\n\n<p>Questa inaugurazione, che fa parte delle celebrazioni del 30\u00ba anniversario del martirio della Beata Lindalva, \u00e8 stata preceduta da una missione durata un mese, coordinata da Ana L\u00facia Duarte, consacrata missionaria dell'Azienda agricola della Speranza e guida regionale delle Aziende agricole femminili, accompagnata da oltre quindici donne ex tossicodipendenti o in via di guarigione che hanno visitato le comunit\u00e0 che circondano la nuova azienda agricola, evangelizzando e dando testimonianza delle meraviglie che il Signore ha operato e opera nella loro vita.<\/p>\n\n\n\n<p>Questa nuova Fattoria della Speranza \u00e8 un segno dell'Amore e della Provvidenza di Dio nella vita dei pi\u00f9 bisognosi; rendiamo grazie a Dio per i molti collaboratori che hanno ascoltato la chiamata del Signore e si sono lasciati condurre da Lui, specialmente il Dr. Ilvo Meireilles, un uomo d'affari di Pernambuco che non solo ha creduto nel progetto ma ha anche donato il terreno e ha dato il suo appoggio al lavoro di costruzione.<\/p>\n\n\n\n<p>Suor Lindalva interceda per quanti prendono parte a questa nuova opera e ne faccia uno strumento per salvare vite per Dio e suscitare molte vocazioni al servizio del Regno di Dio e della Chiesa!<\/p>\n\n\n\n<div class=\"wp-block-image\"><figure class=\"aligncenter size-large\"><img decoding=\"async\" src=\"https:\/\/filles-de-la-charite.org\/wp-content\/uploads\/2023\/06\/fotos-da-Inauguracao-da-fazenda-6-768x1024-1.jpeg\" alt=\"\" class=\"wp-image-70279\" \/><\/figure><\/div>\n","protected":false},"excerpt":{"rendered":"<p>Un anno e mezzo dopo la posa della prima pietra, dopo tanto lavoro e perseveranza, l&#8217;Arcidiocesi di Olinda e Recife ha inaugurato il 31 marzo 2022 a Primavera, Pernambuco, Brasile, una nuova unit\u00e0 femminile della Fattoria della Speranza (Fazenda da Esperan\u00e7a). Questa unit\u00e0 chiamata &#8220;Suor Lindalva Justo de Oliveira Farm of Hope&#8221;, ha lo scopo [&hellip;]<\/p>\n","protected":false},"author":1,"featured_media":16725,"comment_status":"closed","ping_status":"closed","sticky":false,"template":"","format":"standard","meta":{"_acf_changed":false,"footnotes":"","_links_to":"","_links_to_target":""},"categories":[719],"tags":[],"class_list":["post-23424","post","type-post","status-publish","format-standard","has-post-thumbnail","hentry","category-recife-it"],"acf":[],"yoast_head":"<!-- This site is optimized with the Yoast SEO plugin v27.5 - https:\/\/yoast.com\/product\/yoast-seo-wordpress\/ -->\n<title>Inaugurazione della Fattoria della Speranza di Suor Lindalva Justo de Oliveira - Filles de la Charit\u00e9<\/title>\n<meta name=\"robots\" content=\"index, follow, max-snippet:-1, max-image-preview:large, max-video-preview:-1\" \/>\n<link rel=\"canonical\" href=\"https:\/\/filles-de-la-charite.org\/it\/inaugurazione-della-fattoria-della-speranza-di-suor-lindalva-justo-de-oliveira\/\" \/>\n<meta property=\"og:locale\" content=\"it_IT\" \/>\n<meta property=\"og:type\" content=\"article\" \/>\n<meta property=\"og:title\" content=\"Inaugurazione della Fattoria della Speranza di Suor Lindalva Justo de Oliveira - Filles de la Charit\u00e9\" \/>\n<meta property=\"og:description\" content=\"Un anno e mezzo dopo la posa della prima pietra, dopo tanto lavoro e perseveranza, l&#8217;Arcidiocesi di Olinda e Recife ha inaugurato il 31 marzo 2022 a Primavera, Pernambuco, Brasile, una nuova unit\u00e0 femminile della Fattoria della Speranza (Fazenda da Esperan\u00e7a). Questa unit\u00e0 chiamata &#8220;Suor Lindalva Justo de Oliveira Farm of Hope&#8221;, ha lo scopo [&hellip;]\" \/>\n<meta property=\"og:url\" content=\"https:\/\/filles-de-la-charite.org\/it\/inaugurazione-della-fattoria-della-speranza-di-suor-lindalva-justo-de-oliveira\/\" \/>\n<meta property=\"og:site_name\" content=\"Filles de la Charit\u00e9\" \/>\n<meta property=\"article:published_time\" content=\"2022-04-30T20:00:00+00:00\" \/>\n<meta property=\"article:modified_time\" content=\"2024-03-17T16:10:07+00:00\" \/>\n<meta property=\"og:image\" content=\"https:\/\/filles-de-la-charite.org\/wp-content\/uploads\/2023\/06\/fotos-da-Inauguracao-da-fazenda-5-scaled-1.jpeg\" \/>\n\t<meta property=\"og:image:width\" content=\"2560\" \/>\n\t<meta property=\"og:image:height\" content=\"1440\" \/>\n\t<meta property=\"og:image:type\" content=\"image\/jpeg\" \/>\n<meta name=\"author\" content=\"admin\" \/>\n<meta name=\"twitter:card\" content=\"summary_large_image\" \/>\n<meta name=\"twitter:label1\" content=\"Scritto da\" \/>\n\t<meta name=\"twitter:data1\" content=\"admin\" \/>\n\t<meta name=\"twitter:label2\" content=\"Tempo di lettura stimato\" \/>\n\t<meta name=\"twitter:data2\" content=\"5 minuti\" \/>\n<script type=\"application\/ld+json\" class=\"yoast-schema-graph\">{\"@context\":\"https:\\\/\\\/schema.org\",\"@graph\":[{\"@type\":\"Article\",\"@id\":\"https:\\\/\\\/filles-de-la-charite.org\\\/it\\\/inaugurazione-della-fattoria-della-speranza-di-suor-lindalva-justo-de-oliveira\\\/#article\",\"isPartOf\":{\"@id\":\"https:\\\/\\\/filles-de-la-charite.org\\\/it\\\/inaugurazione-della-fattoria-della-speranza-di-suor-lindalva-justo-de-oliveira\\\/\"},\"author\":{\"name\":\"admin\",\"@id\":\"https:\\\/\\\/filles-de-la-charite.org\\\/it\\\/#\\\/schema\\\/person\\\/427567b2eccfc2dd7d206da186a1f438\"},\"headline\":\"Inaugurazione della Fattoria della Speranza di Suor Lindalva Justo de Oliveira\",\"datePublished\":\"2022-04-30T20:00:00+00:00\",\"dateModified\":\"2024-03-17T16:10:07+00:00\",\"mainEntityOfPage\":{\"@id\":\"https:\\\/\\\/filles-de-la-charite.org\\\/it\\\/inaugurazione-della-fattoria-della-speranza-di-suor-lindalva-justo-de-oliveira\\\/\"},\"wordCount\":802,\"publisher\":{\"@id\":\"https:\\\/\\\/filles-de-la-charite.org\\\/it\\\/#organization\"},\"image\":{\"@id\":\"https:\\\/\\\/filles-de-la-charite.org\\\/it\\\/inaugurazione-della-fattoria-della-speranza-di-suor-lindalva-justo-de-oliveira\\\/#primaryimage\"},\"thumbnailUrl\":\"https:\\\/\\\/filles-de-la-charite.org\\\/wp-content\\\/uploads\\\/2023\\\/06\\\/fotos-da-Inauguracao-da-fazenda-5-scaled-1.jpeg\",\"articleSection\":[\"Recife\"],\"inLanguage\":\"it-IT\"},{\"@type\":\"WebPage\",\"@id\":\"https:\\\/\\\/filles-de-la-charite.org\\\/it\\\/inaugurazione-della-fattoria-della-speranza-di-suor-lindalva-justo-de-oliveira\\\/\",\"url\":\"https:\\\/\\\/filles-de-la-charite.org\\\/it\\\/inaugurazione-della-fattoria-della-speranza-di-suor-lindalva-justo-de-oliveira\\\/\",\"name\":\"Inaugurazione della Fattoria della Speranza di Suor Lindalva Justo de Oliveira - Filles de la Charit\u00e9\",\"isPartOf\":{\"@id\":\"https:\\\/\\\/filles-de-la-charite.org\\\/it\\\/#website\"},\"primaryImageOfPage\":{\"@id\":\"https:\\\/\\\/filles-de-la-charite.org\\\/it\\\/inaugurazione-della-fattoria-della-speranza-di-suor-lindalva-justo-de-oliveira\\\/#primaryimage\"},\"image\":{\"@id\":\"https:\\\/\\\/filles-de-la-charite.org\\\/it\\\/inaugurazione-della-fattoria-della-speranza-di-suor-lindalva-justo-de-oliveira\\\/#primaryimage\"},\"thumbnailUrl\":\"https:\\\/\\\/filles-de-la-charite.org\\\/wp-content\\\/uploads\\\/2023\\\/06\\\/fotos-da-Inauguracao-da-fazenda-5-scaled-1.jpeg\",\"datePublished\":\"2022-04-30T20:00:00+00:00\",\"dateModified\":\"2024-03-17T16:10:07+00:00\",\"breadcrumb\":{\"@id\":\"https:\\\/\\\/filles-de-la-charite.org\\\/it\\\/inaugurazione-della-fattoria-della-speranza-di-suor-lindalva-justo-de-oliveira\\\/#breadcrumb\"},\"inLanguage\":\"it-IT\",\"potentialAction\":[{\"@type\":\"ReadAction\",\"target\":[\"https:\\\/\\\/filles-de-la-charite.org\\\/it\\\/inaugurazione-della-fattoria-della-speranza-di-suor-lindalva-justo-de-oliveira\\\/\"]}]},{\"@type\":\"ImageObject\",\"inLanguage\":\"it-IT\",\"@id\":\"https:\\\/\\\/filles-de-la-charite.org\\\/it\\\/inaugurazione-della-fattoria-della-speranza-di-suor-lindalva-justo-de-oliveira\\\/#primaryimage\",\"url\":\"https:\\\/\\\/filles-de-la-charite.org\\\/wp-content\\\/uploads\\\/2023\\\/06\\\/fotos-da-Inauguracao-da-fazenda-5-scaled-1.jpeg\",\"contentUrl\":\"https:\\\/\\\/filles-de-la-charite.org\\\/wp-content\\\/uploads\\\/2023\\\/06\\\/fotos-da-Inauguracao-da-fazenda-5-scaled-1.jpeg\",\"width\":2560,\"height\":1440},{\"@type\":\"BreadcrumbList\",\"@id\":\"https:\\\/\\\/filles-de-la-charite.org\\\/it\\\/inaugurazione-della-fattoria-della-speranza-di-suor-lindalva-justo-de-oliveira\\\/#breadcrumb\",\"itemListElement\":[{\"@type\":\"ListItem\",\"position\":1,\"name\":\"Recife\",\"item\":\"https:\\\/\\\/filles-de-la-charite.org\\\/it\\\/category\\\/recife-it\\\/\"},{\"@type\":\"ListItem\",\"position\":2,\"name\":\"Inaugurazione della Fattoria della Speranza di Suor Lindalva Justo de Oliveira\"}]},{\"@type\":\"WebSite\",\"@id\":\"https:\\\/\\\/filles-de-la-charite.org\\\/it\\\/#website\",\"url\":\"https:\\\/\\\/filles-de-la-charite.org\\\/it\\\/\",\"name\":\"Hijas de la Caridad\",\"description\":\"L\u2019amour de J\u00e9sus nous presse \u00e0 prendre soin des personnes les plus d\u00e9munies\",\"publisher\":{\"@id\":\"https:\\\/\\\/filles-de-la-charite.org\\\/it\\\/#organization\"},\"potentialAction\":[{\"@type\":\"SearchAction\",\"target\":{\"@type\":\"EntryPoint\",\"urlTemplate\":\"https:\\\/\\\/filles-de-la-charite.org\\\/it\\\/?s={search_term_string}\"},\"query-input\":{\"@type\":\"PropertyValueSpecification\",\"valueRequired\":true,\"valueName\":\"search_term_string\"}}],\"inLanguage\":\"it-IT\"},{\"@type\":\"Organization\",\"@id\":\"https:\\\/\\\/filles-de-la-charite.org\\\/it\\\/#organization\",\"name\":\"Hijas de la Caridad\",\"url\":\"https:\\\/\\\/filles-de-la-charite.org\\\/it\\\/\",\"logo\":{\"@type\":\"ImageObject\",\"inLanguage\":\"it-IT\",\"@id\":\"https:\\\/\\\/filles-de-la-charite.org\\\/it\\\/#\\\/schema\\\/logo\\\/image\\\/\",\"url\":\"https:\\\/\\\/filles-de-la-charite.org\\\/wp-content\\\/uploads\\\/2023\\\/03\\\/isotipo-Hijas-de-la-Caridad.png\",\"contentUrl\":\"https:\\\/\\\/filles-de-la-charite.org\\\/wp-content\\\/uploads\\\/2023\\\/03\\\/isotipo-Hijas-de-la-Caridad.png\",\"width\":1417,\"height\":1417,\"caption\":\"Hijas de la Caridad\"},\"image\":{\"@id\":\"https:\\\/\\\/filles-de-la-charite.org\\\/it\\\/#\\\/schema\\\/logo\\\/image\\\/\"}},{\"@type\":\"Person\",\"@id\":\"https:\\\/\\\/filles-de-la-charite.org\\\/it\\\/#\\\/schema\\\/person\\\/427567b2eccfc2dd7d206da186a1f438\",\"name\":\"admin\",\"image\":{\"@type\":\"ImageObject\",\"inLanguage\":\"it-IT\",\"@id\":\"https:\\\/\\\/secure.gravatar.com\\\/avatar\\\/948b492cce32b586ac2db0eaa926ee87024f7afe218d73b397ea5ddfc5f43ea1?s=96&d=mm&r=g\",\"url\":\"https:\\\/\\\/secure.gravatar.com\\\/avatar\\\/948b492cce32b586ac2db0eaa926ee87024f7afe218d73b397ea5ddfc5f43ea1?s=96&d=mm&r=g\",\"contentUrl\":\"https:\\\/\\\/secure.gravatar.com\\\/avatar\\\/948b492cce32b586ac2db0eaa926ee87024f7afe218d73b397ea5ddfc5f43ea1?s=96&d=mm&r=g\",\"caption\":\"admin\"},\"sameAs\":[\"https:\\\/\\\/filles-de-la-charite.org\"],\"url\":\"https:\\\/\\\/filles-de-la-charite.org\\\/it\\\/author\\\/caridad\\\/\"}]}<\/script>\n<!-- \/ Yoast SEO plugin. -->","yoast_head_json":{"title":"Inaugurazione della Fattoria della Speranza di Suor Lindalva Justo de Oliveira - Filles de la Charit\u00e9","robots":{"index":"index","follow":"follow","max-snippet":"max-snippet:-1","max-image-preview":"max-image-preview:large","max-video-preview":"max-video-preview:-1"},"canonical":"https:\/\/filles-de-la-charite.org\/it\/inaugurazione-della-fattoria-della-speranza-di-suor-lindalva-justo-de-oliveira\/","og_locale":"it_IT","og_type":"article","og_title":"Inaugurazione della Fattoria della Speranza di Suor Lindalva Justo de Oliveira - Filles de la Charit\u00e9","og_description":"Un anno e mezzo dopo la posa della prima pietra, dopo tanto lavoro e perseveranza, l&#8217;Arcidiocesi di Olinda e Recife ha inaugurato il 31 marzo 2022 a Primavera, Pernambuco, Brasile, una nuova unit\u00e0 femminile della Fattoria della Speranza (Fazenda da Esperan\u00e7a). Questa unit\u00e0 chiamata &#8220;Suor Lindalva Justo de Oliveira Farm of Hope&#8221;, ha lo scopo [&hellip;]","og_url":"https:\/\/filles-de-la-charite.org\/it\/inaugurazione-della-fattoria-della-speranza-di-suor-lindalva-justo-de-oliveira\/","og_site_name":"Filles de la Charit\u00e9","article_published_time":"2022-04-30T20:00:00+00:00","article_modified_time":"2024-03-17T16:10:07+00:00","og_image":[{"width":2560,"height":1440,"url":"https:\/\/filles-de-la-charite.org\/wp-content\/uploads\/2023\/06\/fotos-da-Inauguracao-da-fazenda-5-scaled-1.jpeg","type":"image\/jpeg"}],"author":"admin","twitter_card":"summary_large_image","twitter_misc":{"Scritto da":"admin","Tempo di lettura stimato":"5 minuti"},"schema":{"@context":"https:\/\/schema.org","@graph":[{"@type":"Article","@id":"https:\/\/filles-de-la-charite.org\/it\/inaugurazione-della-fattoria-della-speranza-di-suor-lindalva-justo-de-oliveira\/#article","isPartOf":{"@id":"https:\/\/filles-de-la-charite.org\/it\/inaugurazione-della-fattoria-della-speranza-di-suor-lindalva-justo-de-oliveira\/"},"author":{"name":"admin","@id":"https:\/\/filles-de-la-charite.org\/it\/#\/schema\/person\/427567b2eccfc2dd7d206da186a1f438"},"headline":"Inaugurazione della Fattoria della Speranza di Suor Lindalva Justo de Oliveira","datePublished":"2022-04-30T20:00:00+00:00","dateModified":"2024-03-17T16:10:07+00:00","mainEntityOfPage":{"@id":"https:\/\/filles-de-la-charite.org\/it\/inaugurazione-della-fattoria-della-speranza-di-suor-lindalva-justo-de-oliveira\/"},"wordCount":802,"publisher":{"@id":"https:\/\/filles-de-la-charite.org\/it\/#organization"},"image":{"@id":"https:\/\/filles-de-la-charite.org\/it\/inaugurazione-della-fattoria-della-speranza-di-suor-lindalva-justo-de-oliveira\/#primaryimage"},"thumbnailUrl":"https:\/\/filles-de-la-charite.org\/wp-content\/uploads\/2023\/06\/fotos-da-Inauguracao-da-fazenda-5-scaled-1.jpeg","articleSection":["Recife"],"inLanguage":"it-IT"},{"@type":"WebPage","@id":"https:\/\/filles-de-la-charite.org\/it\/inaugurazione-della-fattoria-della-speranza-di-suor-lindalva-justo-de-oliveira\/","url":"https:\/\/filles-de-la-charite.org\/it\/inaugurazione-della-fattoria-della-speranza-di-suor-lindalva-justo-de-oliveira\/","name":"Inaugurazione della Fattoria della Speranza di Suor Lindalva Justo de Oliveira - Filles de la Charit\u00e9","isPartOf":{"@id":"https:\/\/filles-de-la-charite.org\/it\/#website"},"primaryImageOfPage":{"@id":"https:\/\/filles-de-la-charite.org\/it\/inaugurazione-della-fattoria-della-speranza-di-suor-lindalva-justo-de-oliveira\/#primaryimage"},"image":{"@id":"https:\/\/filles-de-la-charite.org\/it\/inaugurazione-della-fattoria-della-speranza-di-suor-lindalva-justo-de-oliveira\/#primaryimage"},"thumbnailUrl":"https:\/\/filles-de-la-charite.org\/wp-content\/uploads\/2023\/06\/fotos-da-Inauguracao-da-fazenda-5-scaled-1.jpeg","datePublished":"2022-04-30T20:00:00+00:00","dateModified":"2024-03-17T16:10:07+00:00","breadcrumb":{"@id":"https:\/\/filles-de-la-charite.org\/it\/inaugurazione-della-fattoria-della-speranza-di-suor-lindalva-justo-de-oliveira\/#breadcrumb"},"inLanguage":"it-IT","potentialAction":[{"@type":"ReadAction","target":["https:\/\/filles-de-la-charite.org\/it\/inaugurazione-della-fattoria-della-speranza-di-suor-lindalva-justo-de-oliveira\/"]}]},{"@type":"ImageObject","inLanguage":"it-IT","@id":"https:\/\/filles-de-la-charite.org\/it\/inaugurazione-della-fattoria-della-speranza-di-suor-lindalva-justo-de-oliveira\/#primaryimage","url":"https:\/\/filles-de-la-charite.org\/wp-content\/uploads\/2023\/06\/fotos-da-Inauguracao-da-fazenda-5-scaled-1.jpeg","contentUrl":"https:\/\/filles-de-la-charite.org\/wp-content\/uploads\/2023\/06\/fotos-da-Inauguracao-da-fazenda-5-scaled-1.jpeg","width":2560,"height":1440},{"@type":"BreadcrumbList","@id":"https:\/\/filles-de-la-charite.org\/it\/inaugurazione-della-fattoria-della-speranza-di-suor-lindalva-justo-de-oliveira\/#breadcrumb","itemListElement":[{"@type":"ListItem","position":1,"name":"Recife","item":"https:\/\/filles-de-la-charite.org\/it\/category\/recife-it\/"},{"@type":"ListItem","position":2,"name":"Inaugurazione della Fattoria della Speranza di Suor Lindalva Justo de Oliveira"}]},{"@type":"WebSite","@id":"https:\/\/filles-de-la-charite.org\/it\/#website","url":"https:\/\/filles-de-la-charite.org\/it\/","name":"Hijas de la Caridad","description":"L\u2019amour de J\u00e9sus nous presse \u00e0 prendre soin des personnes les plus d\u00e9munies","publisher":{"@id":"https:\/\/filles-de-la-charite.org\/it\/#organization"},"potentialAction":[{"@type":"SearchAction","target":{"@type":"EntryPoint","urlTemplate":"https:\/\/filles-de-la-charite.org\/it\/?s={search_term_string}"},"query-input":{"@type":"PropertyValueSpecification","valueRequired":true,"valueName":"search_term_string"}}],"inLanguage":"it-IT"},{"@type":"Organization","@id":"https:\/\/filles-de-la-charite.org\/it\/#organization","name":"Hijas de la Caridad","url":"https:\/\/filles-de-la-charite.org\/it\/","logo":{"@type":"ImageObject","inLanguage":"it-IT","@id":"https:\/\/filles-de-la-charite.org\/it\/#\/schema\/logo\/image\/","url":"https:\/\/filles-de-la-charite.org\/wp-content\/uploads\/2023\/03\/isotipo-Hijas-de-la-Caridad.png","contentUrl":"https:\/\/filles-de-la-charite.org\/wp-content\/uploads\/2023\/03\/isotipo-Hijas-de-la-Caridad.png","width":1417,"height":1417,"caption":"Hijas de la Caridad"},"image":{"@id":"https:\/\/filles-de-la-charite.org\/it\/#\/schema\/logo\/image\/"}},{"@type":"Person","@id":"https:\/\/filles-de-la-charite.org\/it\/#\/schema\/person\/427567b2eccfc2dd7d206da186a1f438","name":"admin","image":{"@type":"ImageObject","inLanguage":"it-IT","@id":"https:\/\/secure.gravatar.com\/avatar\/948b492cce32b586ac2db0eaa926ee87024f7afe218d73b397ea5ddfc5f43ea1?s=96&d=mm&r=g","url":"https:\/\/secure.gravatar.com\/avatar\/948b492cce32b586ac2db0eaa926ee87024f7afe218d73b397ea5ddfc5f43ea1?s=96&d=mm&r=g","contentUrl":"https:\/\/secure.gravatar.com\/avatar\/948b492cce32b586ac2db0eaa926ee87024f7afe218d73b397ea5ddfc5f43ea1?s=96&d=mm&r=g","caption":"admin"},"sameAs":["https:\/\/filles-de-la-charite.org"],"url":"https:\/\/filles-de-la-charite.org\/it\/author\/caridad\/"}]}},"_links":{"self":[{"href":"https:\/\/filles-de-la-charite.org\/it\/wp-json\/wp\/v2\/posts\/23424","targetHints":{"allow":["GET"]}}],"collection":[{"href":"https:\/\/filles-de-la-charite.org\/it\/wp-json\/wp\/v2\/posts"}],"about":[{"href":"https:\/\/filles-de-la-charite.org\/it\/wp-json\/wp\/v2\/types\/post"}],"author":[{"embeddable":true,"href":"https:\/\/filles-de-la-charite.org\/it\/wp-json\/wp\/v2\/users\/1"}],"replies":[{"embeddable":true,"href":"https:\/\/filles-de-la-charite.org\/it\/wp-json\/wp\/v2\/comments?post=23424"}],"version-history":[{"count":1,"href":"https:\/\/filles-de-la-charite.org\/it\/wp-json\/wp\/v2\/posts\/23424\/revisions"}],"predecessor-version":[{"id":23425,"href":"https:\/\/filles-de-la-charite.org\/it\/wp-json\/wp\/v2\/posts\/23424\/revisions\/23425"}],"wp:featuredmedia":[{"embeddable":true,"href":"https:\/\/filles-de-la-charite.org\/it\/wp-json\/wp\/v2\/media\/16725"}],"wp:attachment":[{"href":"https:\/\/filles-de-la-charite.org\/it\/wp-json\/wp\/v2\/media?parent=23424"}],"wp:term":[{"taxonomy":"category","embeddable":true,"href":"https:\/\/filles-de-la-charite.org\/it\/wp-json\/wp\/v2\/categories?post=23424"},{"taxonomy":"post_tag","embeddable":true,"href":"https:\/\/filles-de-la-charite.org\/it\/wp-json\/wp\/v2\/tags?post=23424"}],"curies":[{"name":"wp","href":"https:\/\/api.w.org\/{rel}","templated":true}]}}